{"id":28789,"date":"2025-09-26T18:50:41","date_gmt":"2025-09-26T21:50:41","guid":{"rendered":"https:\/\/agenciainfra.com\/blog\/?p=28789"},"modified":"2025-09-30T09:12:47","modified_gmt":"2025-09-30T12:12:47","slug":"anp-interdita-refinaria-de-manguinhos-da-refit-anuncia-diretor-geral","status":"publish","type":"post","link":"https:\/\/agenciainfra.com\/blog\/anp-interdita-refinaria-de-manguinhos-da-refit-anuncia-diretor-geral\/","title":{"rendered":"ANP interdita Refinaria de Manguinhos, da Refit, anuncia diretor-geral"},"content":{"rendered":"\n<p class=\"has-text-align-right\"><strong>da Ag\u00eancia iNFRA<\/strong><\/p>\n\n\n\n<p>A ANP (Ag\u00eancia Nacional do Petr\u00f3leo, G\u00e1s Natural e Biocombust\u00edveis) interditou nesta sexta-feira (26), com validade imediata e por tempo indeterminado, a Refinaria de Manguinhos, da Refit, por uma longa lista de ilegalidades verificadas in loco por fiscais da ag\u00eancia, informou h\u00e1 pouco o diretor-geral Artur Watt. Ele falou a jornalistas na sede da Receita Federal, em entrevista sobre a segunda fase da opera\u00e7\u00e3o Cadeia de Carbono, que apreendeu R$ 290 milh\u00f5es em diesel em dois navios, no litoral do Rio e de Santos (SP).<\/p>\n\n\n\n<p>Entre as irregularidades, detalhou Watt, constam: importa\u00e7\u00e3o de gasolina pronta comunicada como nafta \u00e0 ANP e Receita Federal, para vantagem tribut\u00e1ria e operacional; descumprimento de medida regulat\u00f3ria cautelar sobre a cess\u00e3o de espa\u00e7o na refinaria para distribuidoras; suspeita de aus\u00eancia da atividade de refino, com importa\u00e7\u00e3o de derivados prontos, como gasolina e diesel S10; armazenamento de produtos com classe de risco superior ao permitido; falhas de controle e medi\u00e7\u00e3o; e inconsist\u00eancias nas temperaturas necess\u00e1rias \u00e0s torres de destila\u00e7\u00e3o.<\/p>\n\n\n\n<p>Essas pr\u00e1ticas, disse o diretor da ANP Pietro Mendes, indicam simula\u00e7\u00e3o da atividade de refino e a pr\u00e1tica apenas de processo de formula\u00e7\u00e3o (mistura mec\u00e2nica) de produtos, trazendo vantagens tribut\u00e1rias. Receita e ANP t\u00eam ind\u00edcios de que Refinaria de Manguinhos seja o destino final das cargas apreendidas nas \u00faltimas semanas.<\/p>\n\n\n\n<p><strong>Posi\u00e7\u00e3o da Refit<br><\/strong>Em nota, a Refit disse que recebeu a not\u00edcia da interdi\u00e7\u00e3o pela ANP com \u201csurpresa e indigna\u00e7\u00e3o\u201d, e afirmou que jamais atuou como empresa de fachada para atividades ilegais, possuindo \u201chist\u00f3rico comprovado de atividades leg\u00edtimas no mercado\u201d. A empresa tamb\u00e9m diz que seu crescimento tem \u201cincomodado\u201d concorrentes<\/p>\n\n\n\n<p>\u201cApesar de todos os esclarecimentos prestados \u00e0 ANP durante o processo de inspe\u00e7\u00e3o feita pelos fiscais, a administra\u00e7\u00e3o da companhia n\u00e3o teve acesso \u00e0s condicionantes estabelecidas pela ANP para a retomada regular das opera\u00e7\u00f5es\u201d, diz na nota.<\/p>\n\n\n\n<p>Segundo a empresa, t\u00e3o logo tenha acesso \u00e0 notifica\u00e7\u00e3o oficial de interdi\u00e7\u00e3o, ela pretende demonstrar, nos autos do processo administrativo da ANP, que \u201cn\u00e3o h\u00e1 justificativa razo\u00e1vel\u201d para a paralisa\u00e7\u00e3o total das atividades. \u201cA Refit tamb\u00e9m n\u00e3o medir\u00e1 esfor\u00e7os para reverter a decis\u00e3o arbitr\u00e1ria e seguir sua trajet\u00f3ria de crescimento acelerado no mercado, que tanto tem incomodado a concorr\u00eancia\u201d, continua a Refit.<\/p>\n","protected":false},"excerpt":{"rendered":"<p>da Ag\u00eancia iNFRA A ANP (Ag\u00eancia Nacional do Petr\u00f3leo, G\u00e1s Natural e Biocombust\u00edveis) interditou nesta sexta-feira (26), com validade imediata e por tempo indeterminado, a Refinaria de Manguinhos, da Refit, por uma longa lista de ilegalidades verificadas in loco por fiscais da ag\u00eancia, informou h\u00e1 pouco o diretor-geral Artur Watt. Ele falou a jornalistas na [&hellip;]<\/p>\n","protected":false},"author":1,"featured_media":28790,"comment_status":"closed","ping_status":"closed","sticky":false,"template":"","format":"standard","meta":{"_monsterinsights_skip_tracking":false,"_monsterinsights_sitenote_active":false,"_monsterinsights_sitenote_note":"","_monsterinsights_sitenote_category":0,"footnotes":""},"categories":[7250,1,13271],"tags":[1101,9541,5672,378,15671,14707,1654],"class_list":["post-28789","post","type-post","status-publish","format-standard","has-post-thumbnail","hentry","category-destaque-lista","category-geral","category-oleo-gas","tag-anp","tag-artur-watt","tag-diretor-geral","tag-receita-federal","tag-refinaria-de-maguinhos","tag-refit","tag-rio-de-janeiro"],"yoast_head":"<!-- This site is optimized with the Yoast SEO Premium plugin v25.4 (Yoast SEO v26.0) - https:\/\/yoast.com\/wordpress\/plugins\/seo\/ -->\n<title>ANP interdita Refinaria de Manguinhos, da Refit, anuncia diretor-geral - Ag\u00eancia iNFRA<\/title>\n<meta name=\"robots\" content=\"index, follow, max-snippet:-1, max-image-preview:large, max-video-preview:-1\" \/>\n<link rel=\"canonical\" href=\"https:\/\/agenciainfra.com\/blog\/anp-interdita-refinaria-de-manguinhos-da-refit-anuncia-diretor-geral\/\" \/>\n<meta property=\"og:locale\" content=\"pt_BR\" \/>\n<meta property=\"og:type\" content=\"article\" \/>\n<meta property=\"og:title\" content=\"ANP interdita Refinaria de Manguinhos, da Refit, anuncia diretor-geral\" \/>\n<meta property=\"og:description\" content=\"da Ag\u00eancia iNFRA A ANP (Ag\u00eancia Nacional do Petr\u00f3leo, G\u00e1s Natural e Biocombust\u00edveis) interditou nesta sexta-feira (26), com validade imediata e por tempo indeterminado, a Refinaria de Manguinhos, da Refit, por uma longa lista de ilegalidades verificadas in loco por fiscais da ag\u00eancia, informou h\u00e1 pouco o diretor-geral Artur Watt. Ele falou a jornalistas na [&hellip;]\" \/>\n<meta property=\"og:url\" content=\"https:\/\/agenciainfra.com\/blog\/anp-interdita-refinaria-de-manguinhos-da-refit-anuncia-diretor-geral\/\" \/>\n<meta property=\"og:site_name\" content=\"Ag\u00eancia iNFRA\" \/>\n<meta property=\"article:publisher\" content=\"https:\/\/www.facebook.com\/ageninfra\" \/>\n<meta property=\"article:published_time\" content=\"2025-09-26T21:50:41+00:00\" \/>\n<meta property=\"article:modified_time\" content=\"2025-09-30T12:12:47+00:00\" \/>\n<meta property=\"og:image\" content=\"https:\/\/agenciainfra.com\/blog\/wp-content\/uploads\/2025\/09\/refinaria-manguinhos-refit-foto-diego-baravelli-scaled.jpg\" \/>\n\t<meta property=\"og:image:width\" content=\"2560\" \/>\n\t<meta property=\"og:image:height\" content=\"1707\" \/>\n\t<meta property=\"og:image:type\" content=\"image\/jpeg\" \/>\n<meta name=\"author\" content=\"Ag\u00eancia iNFRA\" \/>\n<meta name=\"twitter:card\" content=\"summary_large_image\" \/>\n<meta name=\"twitter:creator\" content=\"@agencia_infra\" \/>\n<meta name=\"twitter:site\" content=\"@agencia_infra\" \/>\n<meta name=\"twitter:label1\" content=\"Escrito por\" \/>\n\t<meta name=\"twitter:data1\" content=\"Ag\u00eancia iNFRA\" \/>\n\t<meta name=\"twitter:label2\" content=\"Est. tempo de leitura\" \/>\n\t<meta name=\"twitter:data2\" content=\"2 minutos\" \/>\n<script type=\"application\/ld+json\" class=\"yoast-schema-graph\">{\"@context\":\"https:\/\/schema.org\",\"@graph\":[{\"@type\":\"Article\",\"@id\":\"https:\/\/agenciainfra.com\/blog\/anp-interdita-refinaria-de-manguinhos-da-refit-anuncia-diretor-geral\/#article\",\"isPartOf\":{\"@id\":\"https:\/\/agenciainfra.com\/blog\/anp-interdita-refinaria-de-manguinhos-da-refit-anuncia-diretor-geral\/\"},\"author\":{\"name\":\"Ag\u00eancia iNFRA\",\"@id\":\"https:\/\/agenciainfra.com\/blog\/#\/schema\/person\/34af08dff6adea4cb22b06612ba7acfa\"},\"headline\":\"ANP interdita Refinaria de Manguinhos, da Refit, anuncia diretor-geral\",\"datePublished\":\"2025-09-26T21:50:41+00:00\",\"dateModified\":\"2025-09-30T12:12:47+00:00\",\"mainEntityOfPage\":{\"@id\":\"https:\/\/agenciainfra.com\/blog\/anp-interdita-refinaria-de-manguinhos-da-refit-anuncia-diretor-geral\/\"},\"wordCount\":420,\"publisher\":{\"@id\":\"https:\/\/agenciainfra.com\/blog\/#organization\"},\"image\":{\"@id\":\"https:\/\/agenciainfra.com\/blog\/anp-interdita-refinaria-de-manguinhos-da-refit-anuncia-diretor-geral\/#primaryimage\"},\"thumbnailUrl\":\"https:\/\/agenciainfra.com\/blog\/wp-content\/uploads\/2025\/09\/refinaria-manguinhos-refit-foto-diego-baravelli-scaled.jpg\",\"keywords\":[\"ANP\",\"Artur Watt\",\"diretor-geral\",\"receita federal\",\"Refinaria de Maguinhos\",\"Refit\",\"Rio de Janeiro\"],\"articleSection\":[\"Destaque lista\",\"Geral\",\"\u00d3leo &amp; G\u00e1s\"],\"inLanguage\":\"pt-BR\",\"copyrightYear\":\"2025\",\"copyrightHolder\":{\"@id\":\"https:\/\/agenciainfra.com\/blog\/#organization\"}},{\"@type\":\"WebPage\",\"@id\":\"https:\/\/agenciainfra.com\/blog\/anp-interdita-refinaria-de-manguinhos-da-refit-anuncia-diretor-geral\/\",\"url\":\"https:\/\/agenciainfra.com\/blog\/anp-interdita-refinaria-de-manguinhos-da-refit-anuncia-diretor-geral\/\",\"name\":\"ANP interdita Refinaria de Manguinhos, da Refit, anuncia diretor-geral - Ag\u00eancia iNFRA\",\"isPartOf\":{\"@id\":\"https:\/\/agenciainfra.com\/blog\/#website\"},\"primaryImageOfPage\":{\"@id\":\"https:\/\/agenciainfra.com\/blog\/anp-interdita-refinaria-de-manguinhos-da-refit-anuncia-diretor-geral\/#primaryimage\"},\"image\":{\"@id\":\"https:\/\/agenciainfra.com\/blog\/anp-interdita-refinaria-de-manguinhos-da-refit-anuncia-diretor-geral\/#primaryimage\"},\"thumbnailUrl\":\"https:\/\/agenciainfra.com\/blog\/wp-content\/uploads\/2025\/09\/refinaria-manguinhos-refit-foto-diego-baravelli-scaled.jpg\",\"datePublished\":\"2025-09-26T21:50:41+00:00\",\"dateModified\":\"2025-09-30T12:12:47+00:00\",\"breadcrumb\":{\"@id\":\"https:\/\/agenciainfra.com\/blog\/anp-interdita-refinaria-de-manguinhos-da-refit-anuncia-diretor-geral\/#breadcrumb\"},\"inLanguage\":\"pt-BR\",\"potentialAction\":[{\"@type\":\"ReadAction\",\"target\":[\"https:\/\/agenciainfra.com\/blog\/anp-interdita-refinaria-de-manguinhos-da-refit-anuncia-diretor-geral\/\"]}]},{\"@type\":\"ImageObject\",\"inLanguage\":\"pt-BR\",\"@id\":\"https:\/\/agenciainfra.com\/blog\/anp-interdita-refinaria-de-manguinhos-da-refit-anuncia-diretor-geral\/#primaryimage\",\"url\":\"https:\/\/agenciainfra.com\/blog\/wp-content\/uploads\/2025\/09\/refinaria-manguinhos-refit-foto-diego-baravelli-scaled.jpg\",\"contentUrl\":\"https:\/\/agenciainfra.com\/blog\/wp-content\/uploads\/2025\/09\/refinaria-manguinhos-refit-foto-diego-baravelli-scaled.jpg\",\"width\":2560,\"height\":1707,\"caption\":\"Foto: Diego Baravelli\/Wikimedia Commons\"},{\"@type\":\"BreadcrumbList\",\"@id\":\"https:\/\/agenciainfra.com\/blog\/anp-interdita-refinaria-de-manguinhos-da-refit-anuncia-diretor-geral\/#breadcrumb\",\"itemListElement\":[{\"@type\":\"ListItem\",\"position\":1,\"name\":\"In\u00edcio\",\"item\":\"https:\/\/agenciainfra.com\/blog\/\"},{\"@type\":\"ListItem\",\"position\":2,\"name\":\"ANP interdita Refinaria de Manguinhos, da Refit, anuncia diretor-geral\"}]},{\"@type\":\"WebSite\",\"@id\":\"https:\/\/agenciainfra.com\/blog\/#website\",\"url\":\"https:\/\/agenciainfra.com\/blog\/\",\"name\":\"Ag\u00eancia iNFRA\",\"description\":\"Multiplataforma de informa\u00e7\u00e3o jornal\u00edstica refer\u00eancia na \u00e1rea de infraestrutura no Brasil!\",\"publisher\":{\"@id\":\"https:\/\/agenciainfra.com\/blog\/#organization\"},\"potentialAction\":[{\"@type\":\"SearchAction\",\"target\":{\"@type\":\"EntryPoint\",\"urlTemplate\":\"https:\/\/agenciainfra.com\/blog\/?s={search_term_string}\"},\"query-input\":{\"@type\":\"PropertyValueSpecification\",\"valueRequired\":true,\"valueName\":\"search_term_string\"}}],\"inLanguage\":\"pt-BR\"},{\"@type\":\"Organization\",\"@id\":\"https:\/\/agenciainfra.com\/blog\/#organization\",\"name\":\"Ag\u00eancia iNFRA\",\"url\":\"https:\/\/agenciainfra.com\/blog\/\",\"logo\":{\"@type\":\"ImageObject\",\"inLanguage\":\"pt-BR\",\"@id\":\"https:\/\/agenciainfra.com\/blog\/#\/schema\/logo\/image\/\",\"url\":\"https:\/\/agenciainfra.com\/blog\/wp-content\/uploads\/2023\/09\/iNFRA_5-e1761735885940.png\",\"contentUrl\":\"https:\/\/agenciainfra.com\/blog\/wp-content\/uploads\/2023\/09\/iNFRA_5-e1761735885940.png\",\"width\":1672,\"height\":454,\"caption\":\"Ag\u00eancia iNFRA\"},\"image\":{\"@id\":\"https:\/\/agenciainfra.com\/blog\/#\/schema\/logo\/image\/\"},\"sameAs\":[\"https:\/\/www.facebook.com\/ageninfra\",\"https:\/\/x.com\/agencia_infra\",\"https:\/\/www.linkedin.com\/company\/ag\u00eanciainfra\/\",\"https:\/\/www.instagram.com\/agenciainfra\/\"]},{\"@type\":\"Person\",\"@id\":\"https:\/\/agenciainfra.com\/blog\/#\/schema\/person\/34af08dff6adea4cb22b06612ba7acfa\",\"name\":\"Ag\u00eancia iNFRA\",\"image\":{\"@type\":\"ImageObject\",\"inLanguage\":\"pt-BR\",\"@id\":\"https:\/\/agenciainfra.com\/blog\/#\/schema\/person\/image\/\",\"url\":\"https:\/\/secure.gravatar.com\/avatar\/d189e01678f06d8eb84d4e01f08eb848b3fffe3f8443818d3c356c66892f5be8?s=96&d=mm&r=g\",\"contentUrl\":\"https:\/\/secure.gravatar.com\/avatar\/d189e01678f06d8eb84d4e01f08eb848b3fffe3f8443818d3c356c66892f5be8?s=96&d=mm&r=g\",\"caption\":\"Ag\u00eancia iNFRA\"},\"url\":\"https:\/\/agenciainfra.com\/blog\/author\/admin\/\"}]}<\/script>\n<!-- \/ Yoast SEO Premium plugin. -->","yoast_head_json":{"title":"ANP interdita Refinaria de Manguinhos, da Refit, anuncia diretor-geral - Ag\u00eancia iNFRA","robots":{"index":"index","follow":"follow","max-snippet":"max-snippet:-1","max-image-preview":"max-image-preview:large","max-video-preview":"max-video-preview:-1"},"canonical":"https:\/\/agenciainfra.com\/blog\/anp-interdita-refinaria-de-manguinhos-da-refit-anuncia-diretor-geral\/","og_locale":"pt_BR","og_type":"article","og_title":"ANP interdita Refinaria de Manguinhos, da Refit, anuncia diretor-geral","og_description":"da Ag\u00eancia iNFRA A ANP (Ag\u00eancia Nacional do Petr\u00f3leo, G\u00e1s Natural e Biocombust\u00edveis) interditou nesta sexta-feira (26), com validade imediata e por tempo indeterminado, a Refinaria de Manguinhos, da Refit, por uma longa lista de ilegalidades verificadas in loco por fiscais da ag\u00eancia, informou h\u00e1 pouco o diretor-geral Artur Watt. Ele falou a jornalistas na [&hellip;]","og_url":"https:\/\/agenciainfra.com\/blog\/anp-interdita-refinaria-de-manguinhos-da-refit-anuncia-diretor-geral\/","og_site_name":"Ag\u00eancia iNFRA","article_publisher":"https:\/\/www.facebook.com\/ageninfra","article_published_time":"2025-09-26T21:50:41+00:00","article_modified_time":"2025-09-30T12:12:47+00:00","og_image":[{"width":2560,"height":1707,"url":"https:\/\/agenciainfra.com\/blog\/wp-content\/uploads\/2025\/09\/refinaria-manguinhos-refit-foto-diego-baravelli-scaled.jpg","type":"image\/jpeg"}],"author":"Ag\u00eancia iNFRA","twitter_card":"summary_large_image","twitter_creator":"@agencia_infra","twitter_site":"@agencia_infra","twitter_misc":{"Escrito por":"Ag\u00eancia iNFRA","Est. tempo de leitura":"2 minutos"},"schema":{"@context":"https:\/\/schema.org","@graph":[{"@type":"Article","@id":"https:\/\/agenciainfra.com\/blog\/anp-interdita-refinaria-de-manguinhos-da-refit-anuncia-diretor-geral\/#article","isPartOf":{"@id":"https:\/\/agenciainfra.com\/blog\/anp-interdita-refinaria-de-manguinhos-da-refit-anuncia-diretor-geral\/"},"author":{"name":"Ag\u00eancia iNFRA","@id":"https:\/\/agenciainfra.com\/blog\/#\/schema\/person\/34af08dff6adea4cb22b06612ba7acfa"},"headline":"ANP interdita Refinaria de Manguinhos, da Refit, anuncia diretor-geral","datePublished":"2025-09-26T21:50:41+00:00","dateModified":"2025-09-30T12:12:47+00:00","mainEntityOfPage":{"@id":"https:\/\/agenciainfra.com\/blog\/anp-interdita-refinaria-de-manguinhos-da-refit-anuncia-diretor-geral\/"},"wordCount":420,"publisher":{"@id":"https:\/\/agenciainfra.com\/blog\/#organization"},"image":{"@id":"https:\/\/agenciainfra.com\/blog\/anp-interdita-refinaria-de-manguinhos-da-refit-anuncia-diretor-geral\/#primaryimage"},"thumbnailUrl":"https:\/\/agenciainfra.com\/blog\/wp-content\/uploads\/2025\/09\/refinaria-manguinhos-refit-foto-diego-baravelli-scaled.jpg","keywords":["ANP","Artur Watt","diretor-geral","receita federal","Refinaria de Maguinhos","Refit","Rio de Janeiro"],"articleSection":["Destaque lista","Geral","\u00d3leo &amp; G\u00e1s"],"inLanguage":"pt-BR","copyrightYear":"2025","copyrightHolder":{"@id":"https:\/\/agenciainfra.com\/blog\/#organization"}},{"@type":"WebPage","@id":"https:\/\/agenciainfra.com\/blog\/anp-interdita-refinaria-de-manguinhos-da-refit-anuncia-diretor-geral\/","url":"https:\/\/agenciainfra.com\/blog\/anp-interdita-refinaria-de-manguinhos-da-refit-anuncia-diretor-geral\/","name":"ANP interdita Refinaria de Manguinhos, da Refit, anuncia diretor-geral - Ag\u00eancia iNFRA","isPartOf":{"@id":"https:\/\/agenciainfra.com\/blog\/#website"},"primaryImageOfPage":{"@id":"https:\/\/agenciainfra.com\/blog\/anp-interdita-refinaria-de-manguinhos-da-refit-anuncia-diretor-geral\/#primaryimage"},"image":{"@id":"https:\/\/agenciainfra.com\/blog\/anp-interdita-refinaria-de-manguinhos-da-refit-anuncia-diretor-geral\/#primaryimage"},"thumbnailUrl":"https:\/\/agenciainfra.com\/blog\/wp-content\/uploads\/2025\/09\/refinaria-manguinhos-refit-foto-diego-baravelli-scaled.jpg","datePublished":"2025-09-26T21:50:41+00:00","dateModified":"2025-09-30T12:12:47+00:00","breadcrumb":{"@id":"https:\/\/agenciainfra.com\/blog\/anp-interdita-refinaria-de-manguinhos-da-refit-anuncia-diretor-geral\/#breadcrumb"},"inLanguage":"pt-BR","potentialAction":[{"@type":"ReadAction","target":["https:\/\/agenciainfra.com\/blog\/anp-interdita-refinaria-de-manguinhos-da-refit-anuncia-diretor-geral\/"]}]},{"@type":"ImageObject","inLanguage":"pt-BR","@id":"https:\/\/agenciainfra.com\/blog\/anp-interdita-refinaria-de-manguinhos-da-refit-anuncia-diretor-geral\/#primaryimage","url":"https:\/\/agenciainfra.com\/blog\/wp-content\/uploads\/2025\/09\/refinaria-manguinhos-refit-foto-diego-baravelli-scaled.jpg","contentUrl":"https:\/\/agenciainfra.com\/blog\/wp-content\/uploads\/2025\/09\/refinaria-manguinhos-refit-foto-diego-baravelli-scaled.jpg","width":2560,"height":1707,"caption":"Foto: Diego Baravelli\/Wikimedia Commons"},{"@type":"BreadcrumbList","@id":"https:\/\/agenciainfra.com\/blog\/anp-interdita-refinaria-de-manguinhos-da-refit-anuncia-diretor-geral\/#breadcrumb","itemListElement":[{"@type":"ListItem","position":1,"name":"In\u00edcio","item":"https:\/\/agenciainfra.com\/blog\/"},{"@type":"ListItem","position":2,"name":"ANP interdita Refinaria de Manguinhos, da Refit, anuncia diretor-geral"}]},{"@type":"WebSite","@id":"https:\/\/agenciainfra.com\/blog\/#website","url":"https:\/\/agenciainfra.com\/blog\/","name":"Ag\u00eancia iNFRA","description":"Multiplataforma de informa\u00e7\u00e3o jornal\u00edstica refer\u00eancia na \u00e1rea de infraestrutura no Brasil!","publisher":{"@id":"https:\/\/agenciainfra.com\/blog\/#organization"},"potentialAction":[{"@type":"SearchAction","target":{"@type":"EntryPoint","urlTemplate":"https:\/\/agenciainfra.com\/blog\/?s={search_term_string}"},"query-input":{"@type":"PropertyValueSpecification","valueRequired":true,"valueName":"search_term_string"}}],"inLanguage":"pt-BR"},{"@type":"Organization","@id":"https:\/\/agenciainfra.com\/blog\/#organization","name":"Ag\u00eancia iNFRA","url":"https:\/\/agenciainfra.com\/blog\/","logo":{"@type":"ImageObject","inLanguage":"pt-BR","@id":"https:\/\/agenciainfra.com\/blog\/#\/schema\/logo\/image\/","url":"https:\/\/agenciainfra.com\/blog\/wp-content\/uploads\/2023\/09\/iNFRA_5-e1761735885940.png","contentUrl":"https:\/\/agenciainfra.com\/blog\/wp-content\/uploads\/2023\/09\/iNFRA_5-e1761735885940.png","width":1672,"height":454,"caption":"Ag\u00eancia iNFRA"},"image":{"@id":"https:\/\/agenciainfra.com\/blog\/#\/schema\/logo\/image\/"},"sameAs":["https:\/\/www.facebook.com\/ageninfra","https:\/\/x.com\/agencia_infra","https:\/\/www.linkedin.com\/company\/ag\u00eanciainfra\/","https:\/\/www.instagram.com\/agenciainfra\/"]},{"@type":"Person","@id":"https:\/\/agenciainfra.com\/blog\/#\/schema\/person\/34af08dff6adea4cb22b06612ba7acfa","name":"Ag\u00eancia iNFRA","image":{"@type":"ImageObject","inLanguage":"pt-BR","@id":"https:\/\/agenciainfra.com\/blog\/#\/schema\/person\/image\/","url":"https:\/\/secure.gravatar.com\/avatar\/d189e01678f06d8eb84d4e01f08eb848b3fffe3f8443818d3c356c66892f5be8?s=96&d=mm&r=g","contentUrl":"https:\/\/secure.gravatar.com\/avatar\/d189e01678f06d8eb84d4e01f08eb848b3fffe3f8443818d3c356c66892f5be8?s=96&d=mm&r=g","caption":"Ag\u00eancia iNFRA"},"url":"https:\/\/agenciainfra.com\/blog\/author\/admin\/"}]}},"_links":{"self":[{"href":"https:\/\/agenciainfra.com\/blog\/wp-json\/wp\/v2\/posts\/28789","targetHints":{"allow":["GET"]}}],"collection":[{"href":"https:\/\/agenciainfra.com\/blog\/wp-json\/wp\/v2\/posts"}],"about":[{"href":"https:\/\/agenciainfra.com\/blog\/wp-json\/wp\/v2\/types\/post"}],"author":[{"embeddable":true,"href":"https:\/\/agenciainfra.com\/blog\/wp-json\/wp\/v2\/users\/1"}],"replies":[{"embeddable":true,"href":"https:\/\/agenciainfra.com\/blog\/wp-json\/wp\/v2\/comments?post=28789"}],"version-history":[{"count":3,"href":"https:\/\/agenciainfra.com\/blog\/wp-json\/wp\/v2\/posts\/28789\/revisions"}],"predecessor-version":[{"id":28804,"href":"https:\/\/agenciainfra.com\/blog\/wp-json\/wp\/v2\/posts\/28789\/revisions\/28804"}],"wp:featuredmedia":[{"embeddable":true,"href":"https:\/\/agenciainfra.com\/blog\/wp-json\/wp\/v2\/media\/28790"}],"wp:attachment":[{"href":"https:\/\/agenciainfra.com\/blog\/wp-json\/wp\/v2\/media?parent=28789"}],"wp:term":[{"taxonomy":"category","embeddable":true,"href":"https:\/\/agenciainfra.com\/blog\/wp-json\/wp\/v2\/categories?post=28789"},{"taxonomy":"post_tag","embeddable":true,"href":"https:\/\/agenciainfra.com\/blog\/wp-json\/wp\/v2\/tags?post=28789"}],"curies":[{"name":"wp","href":"https:\/\/api.w.org\/{rel}","templated":true}]}}