{"id":28812,"date":"2025-09-28T10:00:00","date_gmt":"2025-09-28T13:00:00","guid":{"rendered":"https:\/\/agenciainfra.com\/blog\/?p=28812"},"modified":"2025-09-28T10:00:02","modified_gmt":"2025-09-28T13:00:02","slug":"pesquisa-9-em-cada-10-brasileiros-veem-marca-no-botijao-como-garantia","status":"publish","type":"post","link":"https:\/\/agenciainfra.com\/blog\/pesquisa-9-em-cada-10-brasileiros-veem-marca-no-botijao-como-garantia\/","title":{"rendered":"Pesquisa: 9 em cada 10 brasileiros veem marca no botij\u00e3o como garantia"},"content":{"rendered":"\n<p class=\"has-text-align-right\"><strong>apresentado por Sindig\u00e1s<\/strong><\/p>\n\n\n\n<p>Uma pesquisa do Instituto Locomotiva feita com 1.500 brasileiros em todas as regi\u00f5es do pa\u00eds no per\u00edodo de 5 a 9 de junho de 2025 confirma que a popula\u00e7\u00e3o rejeita as mudan\u00e7as propostas e teme pela seguran\u00e7a. Os resultados s\u00e3o claros:<\/p>\n\n\n\n<ul class=\"wp-block-list\">\n<li>93% da popula\u00e7\u00e3o (cerca de 158 milh\u00f5es de brasileiros maiores de 18 anos) temem comprar g\u00e1s sem a garantia da marca conhecida;<\/li>\n\n\n\n<li>97% acreditam que a marca no botij\u00e3o \u00e9 fundamental para garantir a qualidade do g\u00e1s;<\/li>\n\n\n\n<li>94% consideram importante ter o nome da empresa que encheu o botij\u00e3o gravado em alto-relevo, assegurando rastreabilidade;<\/li>\n\n\n\n<li>83% defendem a regra atual de que s\u00f3 a empresa com marca gravada pode encher o botij\u00e3o, para que sejam fiscalizadas e responsabilizadas em caso de acidentes.\u00a0<\/li>\n<\/ul>\n\n\n\n<p>\u201cA popula\u00e7\u00e3o sabe que um botij\u00e3o mal conservado pode colocar vidas em risco. Al\u00e9m disso, h\u00e1 uma percep\u00e7\u00e3o de que, sem a marca da empresa gravada no botij\u00e3o, fica dif\u00edcil saber a proced\u00eancia e quem se responsabiliza por ele. Isso sem contar que a chance de adultera\u00e7\u00e3o ou de receber menos g\u00e1s do que comprou \u00e9 muito grande. A pesquisa mostrou que o brasileiro valoriza pol\u00edticas p\u00fablicas que ampliem o acesso ao g\u00e1s, sim, mas sem abrir m\u00e3o da seguran\u00e7a\u201d, explica Renato Meirelles, presidente do Instituto Locomotiva.<\/p>\n\n\n\n<p>O setor de GLP exige altos investimentos, rigor em seguran\u00e7a e log\u00edstica pesada, sendo dever regulat\u00f3rio assegurar agentes com qualifica\u00e7\u00e3o t\u00e9cnica e capacidade sustent\u00e1vel para responder aos elevados par\u00e2metros de seguran\u00e7a e qualidade. O sistema atual protege o consumidor e d\u00e1 confian\u00e7a ao mercado. Afinal, estamos falando de um produto inflam\u00e1vel e vol\u00e1til. Hoje o enchimento dos botij\u00f5es \u00e9 feito em grandes bases industriais, com estrutura e equipes de emerg\u00eancia. Improvisar seria inseguro e, no fim, at\u00e9 mais caro. Agentes do mercado costumam dizer que \u201ccom GLP n\u00e3o se brinca\u201d.<\/p>\n\n\n\n<p>Outro ponto que gera d\u00favidas entre os especialistas: como garantir que o consumidor receba exatamente o que pagou? Sem a pr\u00e9-medida de at\u00e9 13 quilos, o consumidor n\u00e3o tem garantia exata do que recebeu. O risco \u00e9 trazer para o mercado de GLP problemas que hoje existem em outros mercados, como adultera\u00e7\u00e3o e precariza\u00e7\u00e3o, dificultando a fiscaliza\u00e7\u00e3o que, para o tamanho do pa\u00eds, \u00e9 uma tarefa complexa e custosa.<\/p>\n\n\n\n<p>\u201cQuando voc\u00ea afrouxa regras, abre espa\u00e7o para o crime ou, no m\u00ednimo, para a neglig\u00eancia com a seguran\u00e7a. Esse alerta vem da pr\u00f3pria popula\u00e7\u00e3o, que teme que o g\u00e1s vire moeda de troca em regi\u00f5es onde o Estado \u00e9 ausente. No Paraguai, por exemplo estima-se que 80% do parque de botij\u00f5es est\u00e1 com prazo de requalifica\u00e7\u00e3o vencido. No M\u00e9xico h\u00e1 roubos de produto, botij\u00f5es enchidos com desvio de quantidade. A prolifera\u00e7\u00e3o destes agentes \u00e9 tanta que os \u00f3rg\u00e3os reguladores n\u00e3o t\u00eam capacidade de fiscalizar\u201d, explica Bandeira de Mello.<\/p>\n\n\n\n<p>Para o Sindig\u00e1s, o debate sobre a regula\u00e7\u00e3o \u00e9 sempre v\u00e1lido e h\u00e1 um entendimento por parte da ANP de que falta competitividade no mercado de GLP. Mas em todo o mundo, trata-se de um mercado onde as empresas precisam realizar altos investimentos para entregar um combust\u00edvel seguro em 100% dos munic\u00edpios. O mesmo acontece em pa\u00edses vizinhos como Chile, Col\u00f4mbia e Uruguai.<\/p>\n\n\n\n<p>\u201cCorremos o risco de mudar uma regra que funciona e d\u00e1 seguran\u00e7a a todo o abastecimento de GLP no pa\u00eds e n\u00e3o conseguir benef\u00edcios reais em troca para o consumidor\u201d, diz Bandeira de Mello, que se preocupa que, no futuro, parte das empresas s\u00e9rias acabe saindo do mercado e o mercado se desorganize.<\/p>\n","protected":false},"excerpt":{"rendered":"<p>apresentado por Sindig\u00e1s Uma pesquisa do Instituto Locomotiva feita com 1.500 brasileiros em todas as regi\u00f5es do pa\u00eds no per\u00edodo de 5 a 9 de junho de 2025 confirma que a popula\u00e7\u00e3o rejeita as mudan\u00e7as propostas e teme pela seguran\u00e7a. Os resultados s\u00e3o claros: \u201cA popula\u00e7\u00e3o sabe que um botij\u00e3o mal conservado pode colocar vidas [&hellip;]<\/p>\n","protected":false},"author":1,"featured_media":28813,"comment_status":"closed","ping_status":"closed","sticky":false,"template":"","format":"standard","meta":{"_monsterinsights_skip_tracking":false,"_monsterinsights_sitenote_active":false,"_monsterinsights_sitenote_note":"","_monsterinsights_sitenote_category":0,"footnotes":""},"categories":[1,13271],"tags":[14033,4163,2032,15687,4122,15686],"class_list":["post-28812","post","type-post","status-publish","format-standard","has-post-thumbnail","hentry","category-geral","category-oleo-gas","tag-anp-agencia-nacional-do-petroleo-gas-natural-e-biocombustiveis","tag-gas-de-cozinha","tag-glp","tag-instituto-locomotiva","tag-seguranca","tag-sindigas"],"yoast_head":"<!-- This site is optimized with the Yoast SEO Premium plugin v25.4 (Yoast SEO v26.0) - https:\/\/yoast.com\/wordpress\/plugins\/seo\/ -->\n<title>Pesquisa: 9 em cada 10 brasileiros veem marca no botij\u00e3o como garantia - Ag\u00eancia iNFRA<\/title>\n<meta name=\"robots\" content=\"index, follow, max-snippet:-1, max-image-preview:large, max-video-preview:-1\" \/>\n<link rel=\"canonical\" href=\"https:\/\/agenciainfra.com\/blog\/pesquisa-9-em-cada-10-brasileiros-veem-marca-no-botijao-como-garantia\/\" \/>\n<meta property=\"og:locale\" content=\"pt_BR\" \/>\n<meta property=\"og:type\" content=\"article\" \/>\n<meta property=\"og:title\" content=\"Pesquisa: 9 em cada 10 brasileiros veem marca no botij\u00e3o como garantia\" \/>\n<meta property=\"og:description\" content=\"apresentado por Sindig\u00e1s Uma pesquisa do Instituto Locomotiva feita com 1.500 brasileiros em todas as regi\u00f5es do pa\u00eds no per\u00edodo de 5 a 9 de junho de 2025 confirma que a popula\u00e7\u00e3o rejeita as mudan\u00e7as propostas e teme pela seguran\u00e7a. Os resultados s\u00e3o claros: \u201cA popula\u00e7\u00e3o sabe que um botij\u00e3o mal conservado pode colocar vidas [&hellip;]\" \/>\n<meta property=\"og:url\" content=\"https:\/\/agenciainfra.com\/blog\/pesquisa-9-em-cada-10-brasileiros-veem-marca-no-botijao-como-garantia\/\" \/>\n<meta property=\"og:site_name\" content=\"Ag\u00eancia iNFRA\" \/>\n<meta property=\"article:publisher\" content=\"https:\/\/www.facebook.com\/ageninfra\" \/>\n<meta property=\"article:published_time\" content=\"2025-09-28T13:00:00+00:00\" \/>\n<meta property=\"article:modified_time\" content=\"2025-09-28T13:00:02+00:00\" \/>\n<meta property=\"og:image\" content=\"https:\/\/agenciainfra.com\/blog\/wp-content\/uploads\/2025\/09\/sindigas2.png\" \/>\n\t<meta property=\"og:image:width\" content=\"1280\" \/>\n\t<meta property=\"og:image:height\" content=\"720\" \/>\n\t<meta property=\"og:image:type\" content=\"image\/png\" \/>\n<meta name=\"author\" content=\"Ag\u00eancia iNFRA\" \/>\n<meta name=\"twitter:card\" content=\"summary_large_image\" \/>\n<meta name=\"twitter:creator\" content=\"@agencia_infra\" \/>\n<meta name=\"twitter:site\" content=\"@agencia_infra\" \/>\n<meta name=\"twitter:label1\" content=\"Escrito por\" \/>\n\t<meta name=\"twitter:data1\" content=\"Ag\u00eancia iNFRA\" \/>\n\t<meta name=\"twitter:label2\" content=\"Est. tempo de leitura\" \/>\n\t<meta name=\"twitter:data2\" content=\"3 minutos\" \/>\n<script type=\"application\/ld+json\" class=\"yoast-schema-graph\">{\"@context\":\"https:\/\/schema.org\",\"@graph\":[{\"@type\":\"Article\",\"@id\":\"https:\/\/agenciainfra.com\/blog\/pesquisa-9-em-cada-10-brasileiros-veem-marca-no-botijao-como-garantia\/#article\",\"isPartOf\":{\"@id\":\"https:\/\/agenciainfra.com\/blog\/pesquisa-9-em-cada-10-brasileiros-veem-marca-no-botijao-como-garantia\/\"},\"author\":{\"name\":\"Ag\u00eancia iNFRA\",\"@id\":\"https:\/\/agenciainfra.com\/blog\/#\/schema\/person\/34af08dff6adea4cb22b06612ba7acfa\"},\"headline\":\"Pesquisa: 9 em cada 10 brasileiros veem marca no botij\u00e3o como garantia\",\"datePublished\":\"2025-09-28T13:00:00+00:00\",\"dateModified\":\"2025-09-28T13:00:02+00:00\",\"mainEntityOfPage\":{\"@id\":\"https:\/\/agenciainfra.com\/blog\/pesquisa-9-em-cada-10-brasileiros-veem-marca-no-botijao-como-garantia\/\"},\"wordCount\":643,\"publisher\":{\"@id\":\"https:\/\/agenciainfra.com\/blog\/#organization\"},\"image\":{\"@id\":\"https:\/\/agenciainfra.com\/blog\/pesquisa-9-em-cada-10-brasileiros-veem-marca-no-botijao-como-garantia\/#primaryimage\"},\"thumbnailUrl\":\"https:\/\/agenciainfra.com\/blog\/wp-content\/uploads\/2025\/09\/sindigas2.png\",\"keywords\":[\"ANP (Ag\u00eancia Nacional do Petr\u00f3leo G\u00e1s Natural e Biocombust\u00edveis)\",\"g\u00e1s de cozinha\",\"GLP\",\"Instituto Locomotiva\",\"seguran\u00e7a\",\"Sindig\u00e1s\"],\"articleSection\":[\"Geral\",\"\u00d3leo &amp; G\u00e1s\"],\"inLanguage\":\"pt-BR\",\"copyrightYear\":\"2025\",\"copyrightHolder\":{\"@id\":\"https:\/\/agenciainfra.com\/blog\/#organization\"}},{\"@type\":\"WebPage\",\"@id\":\"https:\/\/agenciainfra.com\/blog\/pesquisa-9-em-cada-10-brasileiros-veem-marca-no-botijao-como-garantia\/\",\"url\":\"https:\/\/agenciainfra.com\/blog\/pesquisa-9-em-cada-10-brasileiros-veem-marca-no-botijao-como-garantia\/\",\"name\":\"Pesquisa: 9 em cada 10 brasileiros veem marca no botij\u00e3o como garantia - Ag\u00eancia iNFRA\",\"isPartOf\":{\"@id\":\"https:\/\/agenciainfra.com\/blog\/#website\"},\"primaryImageOfPage\":{\"@id\":\"https:\/\/agenciainfra.com\/blog\/pesquisa-9-em-cada-10-brasileiros-veem-marca-no-botijao-como-garantia\/#primaryimage\"},\"image\":{\"@id\":\"https:\/\/agenciainfra.com\/blog\/pesquisa-9-em-cada-10-brasileiros-veem-marca-no-botijao-como-garantia\/#primaryimage\"},\"thumbnailUrl\":\"https:\/\/agenciainfra.com\/blog\/wp-content\/uploads\/2025\/09\/sindigas2.png\",\"datePublished\":\"2025-09-28T13:00:00+00:00\",\"dateModified\":\"2025-09-28T13:00:02+00:00\",\"breadcrumb\":{\"@id\":\"https:\/\/agenciainfra.com\/blog\/pesquisa-9-em-cada-10-brasileiros-veem-marca-no-botijao-como-garantia\/#breadcrumb\"},\"inLanguage\":\"pt-BR\",\"potentialAction\":[{\"@type\":\"ReadAction\",\"target\":[\"https:\/\/agenciainfra.com\/blog\/pesquisa-9-em-cada-10-brasileiros-veem-marca-no-botijao-como-garantia\/\"]}]},{\"@type\":\"ImageObject\",\"inLanguage\":\"pt-BR\",\"@id\":\"https:\/\/agenciainfra.com\/blog\/pesquisa-9-em-cada-10-brasileiros-veem-marca-no-botijao-como-garantia\/#primaryimage\",\"url\":\"https:\/\/agenciainfra.com\/blog\/wp-content\/uploads\/2025\/09\/sindigas2.png\",\"contentUrl\":\"https:\/\/agenciainfra.com\/blog\/wp-content\/uploads\/2025\/09\/sindigas2.png\",\"width\":1280,\"height\":720,\"caption\":\"Foto: Sindig\u00e1s\/Divulga\u00e7\u00e3o\"},{\"@type\":\"BreadcrumbList\",\"@id\":\"https:\/\/agenciainfra.com\/blog\/pesquisa-9-em-cada-10-brasileiros-veem-marca-no-botijao-como-garantia\/#breadcrumb\",\"itemListElement\":[{\"@type\":\"ListItem\",\"position\":1,\"name\":\"In\u00edcio\",\"item\":\"https:\/\/agenciainfra.com\/blog\/\"},{\"@type\":\"ListItem\",\"position\":2,\"name\":\"Pesquisa: 9 em cada 10 brasileiros veem marca no botij\u00e3o como garantia\"}]},{\"@type\":\"WebSite\",\"@id\":\"https:\/\/agenciainfra.com\/blog\/#website\",\"url\":\"https:\/\/agenciainfra.com\/blog\/\",\"name\":\"Ag\u00eancia iNFRA\",\"description\":\"Multiplataforma de informa\u00e7\u00e3o jornal\u00edstica refer\u00eancia na \u00e1rea de infraestrutura no Brasil!\",\"publisher\":{\"@id\":\"https:\/\/agenciainfra.com\/blog\/#organization\"},\"potentialAction\":[{\"@type\":\"SearchAction\",\"target\":{\"@type\":\"EntryPoint\",\"urlTemplate\":\"https:\/\/agenciainfra.com\/blog\/?s={search_term_string}\"},\"query-input\":{\"@type\":\"PropertyValueSpecification\",\"valueRequired\":true,\"valueName\":\"search_term_string\"}}],\"inLanguage\":\"pt-BR\"},{\"@type\":\"Organization\",\"@id\":\"https:\/\/agenciainfra.com\/blog\/#organization\",\"name\":\"Ag\u00eancia iNFRA\",\"url\":\"https:\/\/agenciainfra.com\/blog\/\",\"logo\":{\"@type\":\"ImageObject\",\"inLanguage\":\"pt-BR\",\"@id\":\"https:\/\/agenciainfra.com\/blog\/#\/schema\/logo\/image\/\",\"url\":\"https:\/\/agenciainfra.com\/blog\/wp-content\/uploads\/2023\/09\/iNFRA_5-e1761735885940.png\",\"contentUrl\":\"https:\/\/agenciainfra.com\/blog\/wp-content\/uploads\/2023\/09\/iNFRA_5-e1761735885940.png\",\"width\":1672,\"height\":454,\"caption\":\"Ag\u00eancia iNFRA\"},\"image\":{\"@id\":\"https:\/\/agenciainfra.com\/blog\/#\/schema\/logo\/image\/\"},\"sameAs\":[\"https:\/\/www.facebook.com\/ageninfra\",\"https:\/\/x.com\/agencia_infra\",\"https:\/\/www.linkedin.com\/company\/ag\u00eanciainfra\/\",\"https:\/\/www.instagram.com\/agenciainfra\/\"]},{\"@type\":\"Person\",\"@id\":\"https:\/\/agenciainfra.com\/blog\/#\/schema\/person\/34af08dff6adea4cb22b06612ba7acfa\",\"name\":\"Ag\u00eancia iNFRA\",\"image\":{\"@type\":\"ImageObject\",\"inLanguage\":\"pt-BR\",\"@id\":\"https:\/\/agenciainfra.com\/blog\/#\/schema\/person\/image\/\",\"url\":\"https:\/\/secure.gravatar.com\/avatar\/d189e01678f06d8eb84d4e01f08eb848b3fffe3f8443818d3c356c66892f5be8?s=96&d=mm&r=g\",\"contentUrl\":\"https:\/\/secure.gravatar.com\/avatar\/d189e01678f06d8eb84d4e01f08eb848b3fffe3f8443818d3c356c66892f5be8?s=96&d=mm&r=g\",\"caption\":\"Ag\u00eancia iNFRA\"},\"url\":\"https:\/\/agenciainfra.com\/blog\/author\/admin\/\"}]}<\/script>\n<!-- \/ Yoast SEO Premium plugin. -->","yoast_head_json":{"title":"Pesquisa: 9 em cada 10 brasileiros veem marca no botij\u00e3o como garantia - Ag\u00eancia iNFRA","robots":{"index":"index","follow":"follow","max-snippet":"max-snippet:-1","max-image-preview":"max-image-preview:large","max-video-preview":"max-video-preview:-1"},"canonical":"https:\/\/agenciainfra.com\/blog\/pesquisa-9-em-cada-10-brasileiros-veem-marca-no-botijao-como-garantia\/","og_locale":"pt_BR","og_type":"article","og_title":"Pesquisa: 9 em cada 10 brasileiros veem marca no botij\u00e3o como garantia","og_description":"apresentado por Sindig\u00e1s Uma pesquisa do Instituto Locomotiva feita com 1.500 brasileiros em todas as regi\u00f5es do pa\u00eds no per\u00edodo de 5 a 9 de junho de 2025 confirma que a popula\u00e7\u00e3o rejeita as mudan\u00e7as propostas e teme pela seguran\u00e7a. Os resultados s\u00e3o claros: \u201cA popula\u00e7\u00e3o sabe que um botij\u00e3o mal conservado pode colocar vidas [&hellip;]","og_url":"https:\/\/agenciainfra.com\/blog\/pesquisa-9-em-cada-10-brasileiros-veem-marca-no-botijao-como-garantia\/","og_site_name":"Ag\u00eancia iNFRA","article_publisher":"https:\/\/www.facebook.com\/ageninfra","article_published_time":"2025-09-28T13:00:00+00:00","article_modified_time":"2025-09-28T13:00:02+00:00","og_image":[{"width":1280,"height":720,"url":"https:\/\/agenciainfra.com\/blog\/wp-content\/uploads\/2025\/09\/sindigas2.png","type":"image\/png"}],"author":"Ag\u00eancia iNFRA","twitter_card":"summary_large_image","twitter_creator":"@agencia_infra","twitter_site":"@agencia_infra","twitter_misc":{"Escrito por":"Ag\u00eancia iNFRA","Est. tempo de leitura":"3 minutos"},"schema":{"@context":"https:\/\/schema.org","@graph":[{"@type":"Article","@id":"https:\/\/agenciainfra.com\/blog\/pesquisa-9-em-cada-10-brasileiros-veem-marca-no-botijao-como-garantia\/#article","isPartOf":{"@id":"https:\/\/agenciainfra.com\/blog\/pesquisa-9-em-cada-10-brasileiros-veem-marca-no-botijao-como-garantia\/"},"author":{"name":"Ag\u00eancia iNFRA","@id":"https:\/\/agenciainfra.com\/blog\/#\/schema\/person\/34af08dff6adea4cb22b06612ba7acfa"},"headline":"Pesquisa: 9 em cada 10 brasileiros veem marca no botij\u00e3o como garantia","datePublished":"2025-09-28T13:00:00+00:00","dateModified":"2025-09-28T13:00:02+00:00","mainEntityOfPage":{"@id":"https:\/\/agenciainfra.com\/blog\/pesquisa-9-em-cada-10-brasileiros-veem-marca-no-botijao-como-garantia\/"},"wordCount":643,"publisher":{"@id":"https:\/\/agenciainfra.com\/blog\/#organization"},"image":{"@id":"https:\/\/agenciainfra.com\/blog\/pesquisa-9-em-cada-10-brasileiros-veem-marca-no-botijao-como-garantia\/#primaryimage"},"thumbnailUrl":"https:\/\/agenciainfra.com\/blog\/wp-content\/uploads\/2025\/09\/sindigas2.png","keywords":["ANP (Ag\u00eancia Nacional do Petr\u00f3leo G\u00e1s Natural e Biocombust\u00edveis)","g\u00e1s de cozinha","GLP","Instituto Locomotiva","seguran\u00e7a","Sindig\u00e1s"],"articleSection":["Geral","\u00d3leo &amp; G\u00e1s"],"inLanguage":"pt-BR","copyrightYear":"2025","copyrightHolder":{"@id":"https:\/\/agenciainfra.com\/blog\/#organization"}},{"@type":"WebPage","@id":"https:\/\/agenciainfra.com\/blog\/pesquisa-9-em-cada-10-brasileiros-veem-marca-no-botijao-como-garantia\/","url":"https:\/\/agenciainfra.com\/blog\/pesquisa-9-em-cada-10-brasileiros-veem-marca-no-botijao-como-garantia\/","name":"Pesquisa: 9 em cada 10 brasileiros veem marca no botij\u00e3o como garantia - Ag\u00eancia iNFRA","isPartOf":{"@id":"https:\/\/agenciainfra.com\/blog\/#website"},"primaryImageOfPage":{"@id":"https:\/\/agenciainfra.com\/blog\/pesquisa-9-em-cada-10-brasileiros-veem-marca-no-botijao-como-garantia\/#primaryimage"},"image":{"@id":"https:\/\/agenciainfra.com\/blog\/pesquisa-9-em-cada-10-brasileiros-veem-marca-no-botijao-como-garantia\/#primaryimage"},"thumbnailUrl":"https:\/\/agenciainfra.com\/blog\/wp-content\/uploads\/2025\/09\/sindigas2.png","datePublished":"2025-09-28T13:00:00+00:00","dateModified":"2025-09-28T13:00:02+00:00","breadcrumb":{"@id":"https:\/\/agenciainfra.com\/blog\/pesquisa-9-em-cada-10-brasileiros-veem-marca-no-botijao-como-garantia\/#breadcrumb"},"inLanguage":"pt-BR","potentialAction":[{"@type":"ReadAction","target":["https:\/\/agenciainfra.com\/blog\/pesquisa-9-em-cada-10-brasileiros-veem-marca-no-botijao-como-garantia\/"]}]},{"@type":"ImageObject","inLanguage":"pt-BR","@id":"https:\/\/agenciainfra.com\/blog\/pesquisa-9-em-cada-10-brasileiros-veem-marca-no-botijao-como-garantia\/#primaryimage","url":"https:\/\/agenciainfra.com\/blog\/wp-content\/uploads\/2025\/09\/sindigas2.png","contentUrl":"https:\/\/agenciainfra.com\/blog\/wp-content\/uploads\/2025\/09\/sindigas2.png","width":1280,"height":720,"caption":"Foto: Sindig\u00e1s\/Divulga\u00e7\u00e3o"},{"@type":"BreadcrumbList","@id":"https:\/\/agenciainfra.com\/blog\/pesquisa-9-em-cada-10-brasileiros-veem-marca-no-botijao-como-garantia\/#breadcrumb","itemListElement":[{"@type":"ListItem","position":1,"name":"In\u00edcio","item":"https:\/\/agenciainfra.com\/blog\/"},{"@type":"ListItem","position":2,"name":"Pesquisa: 9 em cada 10 brasileiros veem marca no botij\u00e3o como garantia"}]},{"@type":"WebSite","@id":"https:\/\/agenciainfra.com\/blog\/#website","url":"https:\/\/agenciainfra.com\/blog\/","name":"Ag\u00eancia iNFRA","description":"Multiplataforma de informa\u00e7\u00e3o jornal\u00edstica refer\u00eancia na \u00e1rea de infraestrutura no Brasil!","publisher":{"@id":"https:\/\/agenciainfra.com\/blog\/#organization"},"potentialAction":[{"@type":"SearchAction","target":{"@type":"EntryPoint","urlTemplate":"https:\/\/agenciainfra.com\/blog\/?s={search_term_string}"},"query-input":{"@type":"PropertyValueSpecification","valueRequired":true,"valueName":"search_term_string"}}],"inLanguage":"pt-BR"},{"@type":"Organization","@id":"https:\/\/agenciainfra.com\/blog\/#organization","name":"Ag\u00eancia iNFRA","url":"https:\/\/agenciainfra.com\/blog\/","logo":{"@type":"ImageObject","inLanguage":"pt-BR","@id":"https:\/\/agenciainfra.com\/blog\/#\/schema\/logo\/image\/","url":"https:\/\/agenciainfra.com\/blog\/wp-content\/uploads\/2023\/09\/iNFRA_5-e1761735885940.png","contentUrl":"https:\/\/agenciainfra.com\/blog\/wp-content\/uploads\/2023\/09\/iNFRA_5-e1761735885940.png","width":1672,"height":454,"caption":"Ag\u00eancia iNFRA"},"image":{"@id":"https:\/\/agenciainfra.com\/blog\/#\/schema\/logo\/image\/"},"sameAs":["https:\/\/www.facebook.com\/ageninfra","https:\/\/x.com\/agencia_infra","https:\/\/www.linkedin.com\/company\/ag\u00eanciainfra\/","https:\/\/www.instagram.com\/agenciainfra\/"]},{"@type":"Person","@id":"https:\/\/agenciainfra.com\/blog\/#\/schema\/person\/34af08dff6adea4cb22b06612ba7acfa","name":"Ag\u00eancia iNFRA","image":{"@type":"ImageObject","inLanguage":"pt-BR","@id":"https:\/\/agenciainfra.com\/blog\/#\/schema\/person\/image\/","url":"https:\/\/secure.gravatar.com\/avatar\/d189e01678f06d8eb84d4e01f08eb848b3fffe3f8443818d3c356c66892f5be8?s=96&d=mm&r=g","contentUrl":"https:\/\/secure.gravatar.com\/avatar\/d189e01678f06d8eb84d4e01f08eb848b3fffe3f8443818d3c356c66892f5be8?s=96&d=mm&r=g","caption":"Ag\u00eancia iNFRA"},"url":"https:\/\/agenciainfra.com\/blog\/author\/admin\/"}]}},"_links":{"self":[{"href":"https:\/\/agenciainfra.com\/blog\/wp-json\/wp\/v2\/posts\/28812","targetHints":{"allow":["GET"]}}],"collection":[{"href":"https:\/\/agenciainfra.com\/blog\/wp-json\/wp\/v2\/posts"}],"about":[{"href":"https:\/\/agenciainfra.com\/blog\/wp-json\/wp\/v2\/types\/post"}],"author":[{"embeddable":true,"href":"https:\/\/agenciainfra.com\/blog\/wp-json\/wp\/v2\/users\/1"}],"replies":[{"embeddable":true,"href":"https:\/\/agenciainfra.com\/blog\/wp-json\/wp\/v2\/comments?post=28812"}],"version-history":[{"count":1,"href":"https:\/\/agenciainfra.com\/blog\/wp-json\/wp\/v2\/posts\/28812\/revisions"}],"predecessor-version":[{"id":28814,"href":"https:\/\/agenciainfra.com\/blog\/wp-json\/wp\/v2\/posts\/28812\/revisions\/28814"}],"wp:featuredmedia":[{"embeddable":true,"href":"https:\/\/agenciainfra.com\/blog\/wp-json\/wp\/v2\/media\/28813"}],"wp:attachment":[{"href":"https:\/\/agenciainfra.com\/blog\/wp-json\/wp\/v2\/media?parent=28812"}],"wp:term":[{"taxonomy":"category","embeddable":true,"href":"https:\/\/agenciainfra.com\/blog\/wp-json\/wp\/v2\/categories?post=28812"},{"taxonomy":"post_tag","embeddable":true,"href":"https:\/\/agenciainfra.com\/blog\/wp-json\/wp\/v2\/tags?post=28812"}],"curies":[{"name":"wp","href":"https:\/\/api.w.org\/{rel}","templated":true}]}}