{"id":28827,"date":"2025-09-30T08:00:00","date_gmt":"2025-09-30T11:00:00","guid":{"rendered":"https:\/\/agenciainfra.com\/blog\/?p=28827"},"modified":"2025-10-01T10:14:19","modified_gmt":"2025-10-01T13:14:19","slug":"antt-desenha-novo-arcabouco-para-direito-de-usuarios-de-ferrovias","status":"publish","type":"post","link":"https:\/\/agenciainfra.com\/blog\/antt-desenha-novo-arcabouco-para-direito-de-usuarios-de-ferrovias\/","title":{"rendered":"ANTT desenha novo arcabou\u00e7o para direito de usu\u00e1rios de ferrovias"},"content":{"rendered":"\n<p class=\"has-text-align-right\"><strong>Amanda Pupo e Dimmi Amora, da Ag\u00eancia iNFRA<\/strong><\/p>\n\n\n\n<p>A ANTT (Ag\u00eancia Nacional de Transportes Terrestres) discute a cria\u00e7\u00e3o de um sistema de defesa de clientes de ferrovias, com par\u00e2metros de servi\u00e7o adequado, aliados a uma defini\u00e7\u00e3o mais clara sobre o papel de diferentes tipos de usu\u00e1rios, como a classe de investidores. Os assuntos ser\u00e3o tratados em uma das normas que o \u00f3rg\u00e3o regulador desenha dentro do projeto do CGTF (Condi\u00e7\u00f5es Gerais de Transportes Ferrovi\u00e1rios), que revisa todo o marco regulat\u00f3rio das ferrovias e tem previs\u00e3o de ser conclu\u00eddo em 2028.\u00a0<br><br>A mais recente proposta partiu do que a Sufer (Superintend\u00eancia de Transporte Ferrovi\u00e1rio) identificou como quatro problemas regulat\u00f3rios, entre eles um desalinhamento do marco atual em rela\u00e7\u00e3o \u00e0 lei de ferrovias de 2021 e uma \u201ccar\u00eancia\u201d de mecanismos de representa\u00e7\u00e3o e defesa dos usu\u00e1rios.\u00a0<br><br>A <a href=\"https:\/\/agenciainfra.com\/blog\/wp-content\/uploads\/2025\/09\/Minuta-ANTT.pdf\" target=\"_blank\" rel=\"noreferrer noopener\">minuta<\/a>, que est\u00e1 em fase de\u00a0<a href=\"https:\/\/participantt.antt.gov.br\/public\" target=\"_blank\" rel=\"noreferrer noopener\">reuni\u00e3o participativa<\/a>\u00a0at\u00e9 17 de outubro, aborda pontos sens\u00edveis para o mercado. De um lado, operadores ferrovi\u00e1rios apontam riscos de novas exig\u00eancias sobrecarregarem mais o fardo regulat\u00f3rio do setor e desestimularem investimentos num segmento j\u00e1 considerado caro. Do outro, usu\u00e1rios reclamam que o sistema hoje est\u00e1 aqu\u00e9m em termos de atendimento a quem precisa transportar carga na malha ferrovi\u00e1ria.\u00a0<br><br>O cen\u00e1rio desafia a ANTT a atuar na concilia\u00e7\u00e3o de interesses diversos dentro de um ambiente que cultiva alguns\u00a0conflitos h\u00e1 d\u00e9cadas. Os primeiros contratos de concess\u00e3o ferrovi\u00e1ria foram fechados ainda na d\u00e9cada de 90.<br><br>A norma de \u2018Direitos e Garantias dos Usu\u00e1rios e Servi\u00e7o Adequado\u2019 \u00e9 um de tr\u00eas regulamentos \u2013 com possibilidade de serem quatro \u2013 que focar\u00e3o na qualidade dos servi\u00e7os prestados pelos operadores ferrovi\u00e1rios (veja <a href=\"https:\/\/agenciainfra.com\/blog\/antt-divide-marco-regulatorio-de-ferrovias-em-duas-linhas-de-frente\/\">nesta reportagem<\/a> como o CGTF est\u00e1 dividido).\u00a0<br><br><strong>Opera\u00e7\u00f5es acess\u00f3rias<\/strong><br>A proposta tamb\u00e9m traz um cap\u00edtulo espec\u00edfico para as opera\u00e7\u00f5es acess\u00f3rias, prevendo que os pre\u00e7os devem ser livremente negociados, mas com limites para evitar abusos. Essas opera\u00e7\u00f5es abrangem servi\u00e7os como de carregamento e descarregamento em terminais, abastecimento de combust\u00edvel, pesagem, armazenagem tempor\u00e1ria, aluguel de cont\u00eaineres, transbordo intermodal e outros.\u00a0<br><br>A \u00e1rea t\u00e9cnica da ag\u00eancia,\u00a0por sua vez, avalia a possibilidade de o tema ser melhor explorado numa norma em separado. \u201c\u00c9 algo que precisamos realmente olhar com cuidado\u201d, apontou o gerente de Regula\u00e7\u00e3o Ferrovi\u00e1ria da ANTT, Fernando Feitosa, \u00e0<strong>\u00a0Ag\u00eancia iNFRA<\/strong>.<br><br>Para ele, a ag\u00eancia dever\u00e1 fazer uma discuss\u00e3o mais organizada sobre essas cobran\u00e7as, diferenciando o que \u00e9 realmente uma fatura acess\u00f3ria, o que deveria ser de transporte, e tarifas de p\u00e1tio que podem ser opcionais. \u201cTalvez n\u00f3s levemos essa discuss\u00e3o para o regulamento de outorgas ferrovi\u00e1rias que trata de equil\u00edbrio econ\u00f4mico-financeiro\u201d, antecipou Feitosa.\u00a0<br><br>Na avalia\u00e7\u00e3o dele, tarifas de carga est\u00e1tica precisam ter um teto, mas \u00e9 poss\u00edvel discutir o limite tarif\u00e1rio de outras cargas, como as de cont\u00eainer. \u201cIsso est\u00e1 na mesa mais para frente. O teto tarif\u00e1rio tem fun\u00e7\u00e3o muito clara para o usu\u00e1rio dependente (\u2026) mas ser\u00e1 que precisa de teto tarif\u00e1rio para carga de alto valor conteinerizada? Ser\u00e1 que n\u00e3o tem alguma carga geral [cujo] teto tarif\u00e1rio n\u00e3o faz sentido? N\u00e3o \u00e9 algo para esta norma \u2013 que discute o teto tarif\u00e1rio\u00a0atrelado ao usu\u00e1rio dependente, como garantia dele. Mas para o futuro, a ideia \u00e9 questionar esse modelo e entender se podemos flexibilizar teto tarif\u00e1rio sem prejudicar o usu\u00e1rio\u201d, comentou o gerente da Sufer.<br><br><strong>Representa\u00e7\u00e3o dos usu\u00e1rios<\/strong><br>A norma de Direitos e Garantias dos usu\u00e1rios est\u00e1 no est\u00e1gio inicial de formata\u00e7\u00e3o dentro da ANTT. A reuni\u00e3o participativa, por onde a proposta\u00a0\u00e9 discutida\u00a0agora, marca o in\u00edcio da elabora\u00e7\u00e3o de um texto, que depois ainda passa pelas fases de consulta e audi\u00eancia p\u00fablica. Por isso, a minuta ainda deve passar por altera\u00e7\u00f5es.<br><br>Um dos problemas regulat\u00f3rios que a ANTT quer resolver na norma \u00e9 o que a Sufer identificou como car\u00eancia de mecanismos de representa\u00e7\u00e3o e defesa dos usu\u00e1rios. Para a ag\u00eancia, o fluxo atual n\u00e3o favorece que o usu\u00e1rio primeiro acione o concession\u00e1rio pelas inst\u00e2ncias disponibilizadas e depois leve ao regulador a demonstra\u00e7\u00e3o de que houve in\u00e9rcia. A subvers\u00e3o desse tipo de l\u00f3gica tem colocado a ANTT na posi\u00e7\u00e3o de &#8220;representante&#8221; dos usu\u00e1rios em vez de autoridade isenta para apurar, avaliar e gerar provas, entendeu a ag\u00eancia.<br><br>Dentro do cap\u00edtulo de Defesa do Usu\u00e1rio, a proposta estabelece as regras para a ouvidoria que deve ser implementada pelas operadoras. A essa inst\u00e2ncia, soma-se no sistema de defesa um conselho de usu\u00e1rios e as comiss\u00f5es tripartite \u2013 que j\u00e1 existem, mas s\u00e3o alvo de reclama\u00e7\u00f5es dos usu\u00e1rios pela avalia\u00e7\u00e3o de que n\u00e3o h\u00e1 resolu\u00e7\u00e3o de problemas levados a este colegiado.<br><br>\u201cHavia uma perspectiva de que as comiss\u00f5es tripartite iriam se envolver com as regras do contrato de concess\u00e3o. S\u00f3 que essa n\u00e3o \u00e9 a vis\u00e3o da ag\u00eancia. Nossa vis\u00e3o \u00e9 que eles t\u00eam que trazer os problemas do que est\u00e1 acontecendo nos contratos de presta\u00e7\u00e3o de servi\u00e7os. Estamos mudando o foco\u201d, explicou Feitosa.\u00a0<br><br>Segundo ele, a ideia \u00e9 que a participa\u00e7\u00e3o seja mais din\u00e2mica, possibilitando tamb\u00e9m a entrada de usu\u00e1rios mais sazonais, com foco nas discuss\u00f5es\u00a0de quest\u00f5es contratuais entre as partes privadas.\u00a0A ideia tamb\u00e9m \u00e9 de que, quando o problema n\u00e3o for resolvido nessas inst\u00e2ncias, a resolu\u00e7\u00e3o pela ANTT se d\u00ea num ambiente mais institucionalizado. \u201cAssim, a gente consegue dar respostas no tempo que o usu\u00e1rio precisa\u201d, disse o t\u00e9cnico, citando, por exemplo, o mecanismo de arbitramento.<br><br><strong>Servi\u00e7o adequado e classifica\u00e7\u00e3o de usu\u00e1rios<\/strong><br>A proposta conta tamb\u00e9m com um cap\u00edtulo dedicado a indicadores do servi\u00e7o e classifica\u00e7\u00e3o das concession\u00e1rias. A Sufer chegou a onze indicadores a partir de uma leitura dos oito requisitos de presta\u00e7\u00e3o de servi\u00e7o adequado da Lei 8.987\/1995. Esse n\u00famero hoje n\u00e3o est\u00e1 previsto nos contratos \u2013 as \u00faltimas concess\u00f5es contam com cinco \u00edndices, entre eles o de satura\u00e7\u00e3o. Um novo sugerido, por exemplo, \u00e9 o de pontualidade das viagens.\u00a0<br><br>\u201cVimos a solu\u00e7\u00e3o de us\u00e1-los\u00a0como indicadores de apoio, para termos ideia de como est\u00e1 o servi\u00e7o prestado, com o complemento da pesquisa de satisfa\u00e7\u00e3o de usu\u00e1rios\u201d, explicou a coordenadora de Atos Normativos da Sufer, Marcela Pereira, pontuando que o plano\u00a0\u00e9 que os indicadores sejam adotados em per\u00edodo experimental de tr\u00eas anos.<br><br>A avalia\u00e7\u00e3o da ANTT \u00e9 de que atualmente coexistem contratos com diferentes regimes jur\u00eddicos, prazos, estruturas de obriga\u00e7\u00f5es e n\u00edveis de maturidade regulat\u00f3ria, sem os quais se pode emitir um ju\u00edzo sobre a adequa\u00e7\u00e3o do conjunto de servi\u00e7os prestados. Na an\u00e1lise de impacto regulat\u00f3rio da proposta, a ag\u00eancia aponta que a evid\u00eancia mais clara dessa lacuna \u00e9 materializada pelo <a href=\"https:\/\/www25.senado.leg.br\/web\/atividade\/materias\/-\/materia\/165982\">PL (Projeto de Lei) 4.158\/2024<\/a>,\u00a0de autoria do senador Weverton (PDT-MA) \u2013 proposta que avan\u00e7a sobre a fiscaliza\u00e7\u00e3o das concess\u00f5es ferrovi\u00e1rias e causa preocupa\u00e7\u00e3o entre as operadoras.<br><br>Outro destaque da proposta \u00e9 a organiza\u00e7\u00e3o dos tipos de usu\u00e1rios. A avalia\u00e7\u00e3o \u00e9 de que a Resolu\u00e7\u00e3o 5.944\/2021, que trata do usu\u00e1rio dependente e do usu\u00e1rio investidor,\u00a0n\u00e3o aborda com profundidade o significado dessas figuras. Feitosa lembra que a Lei das Ferrovias prev\u00ea que usu\u00e1rio investidor pode inclusive financiar compra de material rodante.\u00a0<br><br>\u201cA ideia \u00e9 especificar melhor isso, trazer os direitos do usu\u00e1rio investidor e como ele pode funcionar nesse desenvolvimento dos servi\u00e7os. O usu\u00e1rio investidor de material rodante tem um papel, e o usu\u00e1rio investidor de infraestrutura tem outro papel\u201d, afirmou Feitosa, lembrando ainda da figura do investidor associado.<br><br><strong>Tempo<\/strong><br>As operadoras de ferrovias ainda est\u00e3o analisando a proposta feita pela ANTT para oficializar suas contribui\u00e7\u00f5es, mas dois pontos j\u00e1 s\u00e3o destacados entre executivos do setor. O primeiro deles \u00e9 que as minutas apresentadas at\u00e9 o momento s\u00e3o bastante extensivas e demandam mais tempo de an\u00e1lise do mercado. Com prazo at\u00e9 17 de outubro, a proposta da norma de direito dos usu\u00e1rios entrou em\u00a0per\u00edodo de reuni\u00e3o participativa em 15 de setembro.\u00a0<br><br>Outra observa\u00e7\u00e3o feita entre as concession\u00e1rias \u00e9 que a ANTT deve evitar tratar o usu\u00e1rio de carga das ferrovias como um agente hipossuficiente na rela\u00e7\u00e3o com o operador. Isso porque os usu\u00e1rios tamb\u00e9m s\u00e3o grandes companhias, com faturamentos bilion\u00e1rios e com capacidade para negocia\u00e7\u00f5es comerciais.<\/p>\n","protected":false},"excerpt":{"rendered":"<p>Amanda Pupo e Dimmi Amora, da Ag\u00eancia iNFRA A ANTT (Ag\u00eancia Nacional de Transportes Terrestres) discute a cria\u00e7\u00e3o de um sistema de defesa de clientes de ferrovias, com par\u00e2metros de servi\u00e7o adequado, aliados a uma defini\u00e7\u00e3o mais clara sobre o papel de diferentes tipos de usu\u00e1rios, como a classe de investidores. Os assuntos ser\u00e3o tratados [&hellip;]<\/p>\n","protected":false},"author":1,"featured_media":4009,"comment_status":"closed","ping_status":"closed","sticky":false,"template":"","format":"standard","meta":{"_monsterinsights_skip_tracking":false,"_monsterinsights_sitenote_active":false,"_monsterinsights_sitenote_note":"","_monsterinsights_sitenote_category":0,"footnotes":""},"categories":[7250,1,7],"tags":[13354,2689,1299,120,15690,1033,70,15689],"class_list":["post-28827","post","type-post","status-publish","format-standard","has-post-thumbnail","hentry","category-destaque-lista","category-geral","category-infratransporte","tag-amanda-pupo","tag-concessao-ferroviaria","tag-dimmi-amora","tag-ferrovias","tag-marco-regulatorio-das-ferrovias","tag-transporte-ferroviario","tag-transportes","tag-usuario-de-ferrovias"],"yoast_head":"<!-- This site is optimized with the Yoast SEO Premium plugin v25.4 (Yoast SEO v26.0) - https:\/\/yoast.com\/wordpress\/plugins\/seo\/ -->\n<title>ANTT desenha novo arcabou\u00e7o para direito de usu\u00e1rios de ferrovias - Ag\u00eancia iNFRA<\/title>\n<meta name=\"robots\" content=\"index, follow, max-snippet:-1, max-image-preview:large, max-video-preview:-1\" \/>\n<link rel=\"canonical\" href=\"https:\/\/agenciainfra.com\/blog\/antt-desenha-novo-arcabouco-para-direito-de-usuarios-de-ferrovias\/\" \/>\n<meta property=\"og:locale\" content=\"pt_BR\" \/>\n<meta property=\"og:type\" content=\"article\" \/>\n<meta property=\"og:title\" content=\"ANTT desenha novo arcabou\u00e7o para direito de usu\u00e1rios de ferrovias\" \/>\n<meta property=\"og:description\" content=\"Amanda Pupo e Dimmi Amora, da Ag\u00eancia iNFRA A ANTT (Ag\u00eancia Nacional de Transportes Terrestres) discute a cria\u00e7\u00e3o de um sistema de defesa de clientes de ferrovias, com par\u00e2metros de servi\u00e7o adequado, aliados a uma defini\u00e7\u00e3o mais clara sobre o papel de diferentes tipos de usu\u00e1rios, como a classe de investidores. Os assuntos ser\u00e3o tratados [&hellip;]\" \/>\n<meta property=\"og:url\" content=\"https:\/\/agenciainfra.com\/blog\/antt-desenha-novo-arcabouco-para-direito-de-usuarios-de-ferrovias\/\" \/>\n<meta property=\"og:site_name\" content=\"Ag\u00eancia iNFRA\" \/>\n<meta property=\"article:publisher\" content=\"https:\/\/www.facebook.com\/ageninfra\" \/>\n<meta property=\"article:published_time\" content=\"2025-09-30T11:00:00+00:00\" \/>\n<meta property=\"article:modified_time\" content=\"2025-10-01T13:14:19+00:00\" \/>\n<meta property=\"og:image\" content=\"https:\/\/agenciainfra.com\/blog\/wp-content\/uploads\/2019\/11\/ferrovia-trilho-dominio-publico.jpg\" \/>\n\t<meta property=\"og:image:width\" content=\"1200\" \/>\n\t<meta property=\"og:image:height\" content=\"900\" \/>\n\t<meta property=\"og:image:type\" content=\"image\/jpeg\" \/>\n<meta name=\"author\" content=\"Ag\u00eancia iNFRA\" \/>\n<meta name=\"twitter:card\" content=\"summary_large_image\" \/>\n<meta name=\"twitter:creator\" content=\"@agencia_infra\" \/>\n<meta name=\"twitter:site\" content=\"@agencia_infra\" \/>\n<meta name=\"twitter:label1\" content=\"Escrito por\" \/>\n\t<meta name=\"twitter:data1\" content=\"Ag\u00eancia iNFRA\" \/>\n\t<meta name=\"twitter:label2\" content=\"Est. tempo de leitura\" \/>\n\t<meta name=\"twitter:data2\" content=\"7 minutos\" \/>\n<script type=\"application\/ld+json\" class=\"yoast-schema-graph\">{\"@context\":\"https:\/\/schema.org\",\"@graph\":[{\"@type\":\"Article\",\"@id\":\"https:\/\/agenciainfra.com\/blog\/antt-desenha-novo-arcabouco-para-direito-de-usuarios-de-ferrovias\/#article\",\"isPartOf\":{\"@id\":\"https:\/\/agenciainfra.com\/blog\/antt-desenha-novo-arcabouco-para-direito-de-usuarios-de-ferrovias\/\"},\"author\":{\"name\":\"Ag\u00eancia iNFRA\",\"@id\":\"https:\/\/agenciainfra.com\/blog\/#\/schema\/person\/34af08dff6adea4cb22b06612ba7acfa\"},\"headline\":\"ANTT desenha novo arcabou\u00e7o para direito de usu\u00e1rios de ferrovias\",\"datePublished\":\"2025-09-30T11:00:00+00:00\",\"dateModified\":\"2025-10-01T13:14:19+00:00\",\"mainEntityOfPage\":{\"@id\":\"https:\/\/agenciainfra.com\/blog\/antt-desenha-novo-arcabouco-para-direito-de-usuarios-de-ferrovias\/\"},\"wordCount\":1491,\"publisher\":{\"@id\":\"https:\/\/agenciainfra.com\/blog\/#organization\"},\"image\":{\"@id\":\"https:\/\/agenciainfra.com\/blog\/antt-desenha-novo-arcabouco-para-direito-de-usuarios-de-ferrovias\/#primaryimage\"},\"thumbnailUrl\":\"https:\/\/agenciainfra.com\/blog\/wp-content\/uploads\/2019\/11\/ferrovia-trilho-dominio-publico.jpg\",\"keywords\":[\"Amanda Pupo\",\"concess\u00e3o ferrovi\u00e1ria\",\"Dimmi Amora\",\"Ferrovias\",\"marco regulat\u00f3rio das ferrovias\",\"transporte ferrovi\u00e1rio\",\"transportes\",\"usu\u00e1rio de ferrovias\"],\"articleSection\":[\"Destaque lista\",\"Geral\",\"iNFRATransporte\"],\"inLanguage\":\"pt-BR\",\"copyrightYear\":\"2025\",\"copyrightHolder\":{\"@id\":\"https:\/\/agenciainfra.com\/blog\/#organization\"}},{\"@type\":\"WebPage\",\"@id\":\"https:\/\/agenciainfra.com\/blog\/antt-desenha-novo-arcabouco-para-direito-de-usuarios-de-ferrovias\/\",\"url\":\"https:\/\/agenciainfra.com\/blog\/antt-desenha-novo-arcabouco-para-direito-de-usuarios-de-ferrovias\/\",\"name\":\"ANTT desenha novo arcabou\u00e7o para direito de usu\u00e1rios de ferrovias - Ag\u00eancia iNFRA\",\"isPartOf\":{\"@id\":\"https:\/\/agenciainfra.com\/blog\/#website\"},\"primaryImageOfPage\":{\"@id\":\"https:\/\/agenciainfra.com\/blog\/antt-desenha-novo-arcabouco-para-direito-de-usuarios-de-ferrovias\/#primaryimage\"},\"image\":{\"@id\":\"https:\/\/agenciainfra.com\/blog\/antt-desenha-novo-arcabouco-para-direito-de-usuarios-de-ferrovias\/#primaryimage\"},\"thumbnailUrl\":\"https:\/\/agenciainfra.com\/blog\/wp-content\/uploads\/2019\/11\/ferrovia-trilho-dominio-publico.jpg\",\"datePublished\":\"2025-09-30T11:00:00+00:00\",\"dateModified\":\"2025-10-01T13:14:19+00:00\",\"breadcrumb\":{\"@id\":\"https:\/\/agenciainfra.com\/blog\/antt-desenha-novo-arcabouco-para-direito-de-usuarios-de-ferrovias\/#breadcrumb\"},\"inLanguage\":\"pt-BR\",\"potentialAction\":[{\"@type\":\"ReadAction\",\"target\":[\"https:\/\/agenciainfra.com\/blog\/antt-desenha-novo-arcabouco-para-direito-de-usuarios-de-ferrovias\/\"]}]},{\"@type\":\"ImageObject\",\"inLanguage\":\"pt-BR\",\"@id\":\"https:\/\/agenciainfra.com\/blog\/antt-desenha-novo-arcabouco-para-direito-de-usuarios-de-ferrovias\/#primaryimage\",\"url\":\"https:\/\/agenciainfra.com\/blog\/wp-content\/uploads\/2019\/11\/ferrovia-trilho-dominio-publico.jpg\",\"contentUrl\":\"https:\/\/agenciainfra.com\/blog\/wp-content\/uploads\/2019\/11\/ferrovia-trilho-dominio-publico.jpg\",\"width\":1200,\"height\":900,\"caption\":\"Foto: Dom\u00ednio P\u00fablico\"},{\"@type\":\"BreadcrumbList\",\"@id\":\"https:\/\/agenciainfra.com\/blog\/antt-desenha-novo-arcabouco-para-direito-de-usuarios-de-ferrovias\/#breadcrumb\",\"itemListElement\":[{\"@type\":\"ListItem\",\"position\":1,\"name\":\"In\u00edcio\",\"item\":\"https:\/\/agenciainfra.com\/blog\/\"},{\"@type\":\"ListItem\",\"position\":2,\"name\":\"ANTT desenha novo arcabou\u00e7o para direito de usu\u00e1rios de ferrovias\"}]},{\"@type\":\"WebSite\",\"@id\":\"https:\/\/agenciainfra.com\/blog\/#website\",\"url\":\"https:\/\/agenciainfra.com\/blog\/\",\"name\":\"Ag\u00eancia iNFRA\",\"description\":\"Multiplataforma de informa\u00e7\u00e3o jornal\u00edstica refer\u00eancia na \u00e1rea de infraestrutura no Brasil!\",\"publisher\":{\"@id\":\"https:\/\/agenciainfra.com\/blog\/#organization\"},\"potentialAction\":[{\"@type\":\"SearchAction\",\"target\":{\"@type\":\"EntryPoint\",\"urlTemplate\":\"https:\/\/agenciainfra.com\/blog\/?s={search_term_string}\"},\"query-input\":{\"@type\":\"PropertyValueSpecification\",\"valueRequired\":true,\"valueName\":\"search_term_string\"}}],\"inLanguage\":\"pt-BR\"},{\"@type\":\"Organization\",\"@id\":\"https:\/\/agenciainfra.com\/blog\/#organization\",\"name\":\"Ag\u00eancia iNFRA\",\"url\":\"https:\/\/agenciainfra.com\/blog\/\",\"logo\":{\"@type\":\"ImageObject\",\"inLanguage\":\"pt-BR\",\"@id\":\"https:\/\/agenciainfra.com\/blog\/#\/schema\/logo\/image\/\",\"url\":\"https:\/\/agenciainfra.com\/blog\/wp-content\/uploads\/2023\/09\/iNFRA_5-e1761735885940.png\",\"contentUrl\":\"https:\/\/agenciainfra.com\/blog\/wp-content\/uploads\/2023\/09\/iNFRA_5-e1761735885940.png\",\"width\":1672,\"height\":454,\"caption\":\"Ag\u00eancia iNFRA\"},\"image\":{\"@id\":\"https:\/\/agenciainfra.com\/blog\/#\/schema\/logo\/image\/\"},\"sameAs\":[\"https:\/\/www.facebook.com\/ageninfra\",\"https:\/\/x.com\/agencia_infra\",\"https:\/\/www.linkedin.com\/company\/ag\u00eanciainfra\/\",\"https:\/\/www.instagram.com\/agenciainfra\/\"]},{\"@type\":\"Person\",\"@id\":\"https:\/\/agenciainfra.com\/blog\/#\/schema\/person\/34af08dff6adea4cb22b06612ba7acfa\",\"name\":\"Ag\u00eancia iNFRA\",\"image\":{\"@type\":\"ImageObject\",\"inLanguage\":\"pt-BR\",\"@id\":\"https:\/\/agenciainfra.com\/blog\/#\/schema\/person\/image\/\",\"url\":\"https:\/\/secure.gravatar.com\/avatar\/d189e01678f06d8eb84d4e01f08eb848b3fffe3f8443818d3c356c66892f5be8?s=96&d=mm&r=g\",\"contentUrl\":\"https:\/\/secure.gravatar.com\/avatar\/d189e01678f06d8eb84d4e01f08eb848b3fffe3f8443818d3c356c66892f5be8?s=96&d=mm&r=g\",\"caption\":\"Ag\u00eancia iNFRA\"},\"url\":\"https:\/\/agenciainfra.com\/blog\/author\/admin\/\"}]}<\/script>\n<!-- \/ Yoast SEO Premium plugin. -->","yoast_head_json":{"title":"ANTT desenha novo arcabou\u00e7o para direito de usu\u00e1rios de ferrovias - Ag\u00eancia iNFRA","robots":{"index":"index","follow":"follow","max-snippet":"max-snippet:-1","max-image-preview":"max-image-preview:large","max-video-preview":"max-video-preview:-1"},"canonical":"https:\/\/agenciainfra.com\/blog\/antt-desenha-novo-arcabouco-para-direito-de-usuarios-de-ferrovias\/","og_locale":"pt_BR","og_type":"article","og_title":"ANTT desenha novo arcabou\u00e7o para direito de usu\u00e1rios de ferrovias","og_description":"Amanda Pupo e Dimmi Amora, da Ag\u00eancia iNFRA A ANTT (Ag\u00eancia Nacional de Transportes Terrestres) discute a cria\u00e7\u00e3o de um sistema de defesa de clientes de ferrovias, com par\u00e2metros de servi\u00e7o adequado, aliados a uma defini\u00e7\u00e3o mais clara sobre o papel de diferentes tipos de usu\u00e1rios, como a classe de investidores. Os assuntos ser\u00e3o tratados [&hellip;]","og_url":"https:\/\/agenciainfra.com\/blog\/antt-desenha-novo-arcabouco-para-direito-de-usuarios-de-ferrovias\/","og_site_name":"Ag\u00eancia iNFRA","article_publisher":"https:\/\/www.facebook.com\/ageninfra","article_published_time":"2025-09-30T11:00:00+00:00","article_modified_time":"2025-10-01T13:14:19+00:00","og_image":[{"width":1200,"height":900,"url":"https:\/\/agenciainfra.com\/blog\/wp-content\/uploads\/2019\/11\/ferrovia-trilho-dominio-publico.jpg","type":"image\/jpeg"}],"author":"Ag\u00eancia iNFRA","twitter_card":"summary_large_image","twitter_creator":"@agencia_infra","twitter_site":"@agencia_infra","twitter_misc":{"Escrito por":"Ag\u00eancia iNFRA","Est. tempo de leitura":"7 minutos"},"schema":{"@context":"https:\/\/schema.org","@graph":[{"@type":"Article","@id":"https:\/\/agenciainfra.com\/blog\/antt-desenha-novo-arcabouco-para-direito-de-usuarios-de-ferrovias\/#article","isPartOf":{"@id":"https:\/\/agenciainfra.com\/blog\/antt-desenha-novo-arcabouco-para-direito-de-usuarios-de-ferrovias\/"},"author":{"name":"Ag\u00eancia iNFRA","@id":"https:\/\/agenciainfra.com\/blog\/#\/schema\/person\/34af08dff6adea4cb22b06612ba7acfa"},"headline":"ANTT desenha novo arcabou\u00e7o para direito de usu\u00e1rios de ferrovias","datePublished":"2025-09-30T11:00:00+00:00","dateModified":"2025-10-01T13:14:19+00:00","mainEntityOfPage":{"@id":"https:\/\/agenciainfra.com\/blog\/antt-desenha-novo-arcabouco-para-direito-de-usuarios-de-ferrovias\/"},"wordCount":1491,"publisher":{"@id":"https:\/\/agenciainfra.com\/blog\/#organization"},"image":{"@id":"https:\/\/agenciainfra.com\/blog\/antt-desenha-novo-arcabouco-para-direito-de-usuarios-de-ferrovias\/#primaryimage"},"thumbnailUrl":"https:\/\/agenciainfra.com\/blog\/wp-content\/uploads\/2019\/11\/ferrovia-trilho-dominio-publico.jpg","keywords":["Amanda Pupo","concess\u00e3o ferrovi\u00e1ria","Dimmi Amora","Ferrovias","marco regulat\u00f3rio das ferrovias","transporte ferrovi\u00e1rio","transportes","usu\u00e1rio de ferrovias"],"articleSection":["Destaque lista","Geral","iNFRATransporte"],"inLanguage":"pt-BR","copyrightYear":"2025","copyrightHolder":{"@id":"https:\/\/agenciainfra.com\/blog\/#organization"}},{"@type":"WebPage","@id":"https:\/\/agenciainfra.com\/blog\/antt-desenha-novo-arcabouco-para-direito-de-usuarios-de-ferrovias\/","url":"https:\/\/agenciainfra.com\/blog\/antt-desenha-novo-arcabouco-para-direito-de-usuarios-de-ferrovias\/","name":"ANTT desenha novo arcabou\u00e7o para direito de usu\u00e1rios de ferrovias - Ag\u00eancia iNFRA","isPartOf":{"@id":"https:\/\/agenciainfra.com\/blog\/#website"},"primaryImageOfPage":{"@id":"https:\/\/agenciainfra.com\/blog\/antt-desenha-novo-arcabouco-para-direito-de-usuarios-de-ferrovias\/#primaryimage"},"image":{"@id":"https:\/\/agenciainfra.com\/blog\/antt-desenha-novo-arcabouco-para-direito-de-usuarios-de-ferrovias\/#primaryimage"},"thumbnailUrl":"https:\/\/agenciainfra.com\/blog\/wp-content\/uploads\/2019\/11\/ferrovia-trilho-dominio-publico.jpg","datePublished":"2025-09-30T11:00:00+00:00","dateModified":"2025-10-01T13:14:19+00:00","breadcrumb":{"@id":"https:\/\/agenciainfra.com\/blog\/antt-desenha-novo-arcabouco-para-direito-de-usuarios-de-ferrovias\/#breadcrumb"},"inLanguage":"pt-BR","potentialAction":[{"@type":"ReadAction","target":["https:\/\/agenciainfra.com\/blog\/antt-desenha-novo-arcabouco-para-direito-de-usuarios-de-ferrovias\/"]}]},{"@type":"ImageObject","inLanguage":"pt-BR","@id":"https:\/\/agenciainfra.com\/blog\/antt-desenha-novo-arcabouco-para-direito-de-usuarios-de-ferrovias\/#primaryimage","url":"https:\/\/agenciainfra.com\/blog\/wp-content\/uploads\/2019\/11\/ferrovia-trilho-dominio-publico.jpg","contentUrl":"https:\/\/agenciainfra.com\/blog\/wp-content\/uploads\/2019\/11\/ferrovia-trilho-dominio-publico.jpg","width":1200,"height":900,"caption":"Foto: Dom\u00ednio P\u00fablico"},{"@type":"BreadcrumbList","@id":"https:\/\/agenciainfra.com\/blog\/antt-desenha-novo-arcabouco-para-direito-de-usuarios-de-ferrovias\/#breadcrumb","itemListElement":[{"@type":"ListItem","position":1,"name":"In\u00edcio","item":"https:\/\/agenciainfra.com\/blog\/"},{"@type":"ListItem","position":2,"name":"ANTT desenha novo arcabou\u00e7o para direito de usu\u00e1rios de ferrovias"}]},{"@type":"WebSite","@id":"https:\/\/agenciainfra.com\/blog\/#website","url":"https:\/\/agenciainfra.com\/blog\/","name":"Ag\u00eancia iNFRA","description":"Multiplataforma de informa\u00e7\u00e3o jornal\u00edstica refer\u00eancia na \u00e1rea de infraestrutura no Brasil!","publisher":{"@id":"https:\/\/agenciainfra.com\/blog\/#organization"},"potentialAction":[{"@type":"SearchAction","target":{"@type":"EntryPoint","urlTemplate":"https:\/\/agenciainfra.com\/blog\/?s={search_term_string}"},"query-input":{"@type":"PropertyValueSpecification","valueRequired":true,"valueName":"search_term_string"}}],"inLanguage":"pt-BR"},{"@type":"Organization","@id":"https:\/\/agenciainfra.com\/blog\/#organization","name":"Ag\u00eancia iNFRA","url":"https:\/\/agenciainfra.com\/blog\/","logo":{"@type":"ImageObject","inLanguage":"pt-BR","@id":"https:\/\/agenciainfra.com\/blog\/#\/schema\/logo\/image\/","url":"https:\/\/agenciainfra.com\/blog\/wp-content\/uploads\/2023\/09\/iNFRA_5-e1761735885940.png","contentUrl":"https:\/\/agenciainfra.com\/blog\/wp-content\/uploads\/2023\/09\/iNFRA_5-e1761735885940.png","width":1672,"height":454,"caption":"Ag\u00eancia iNFRA"},"image":{"@id":"https:\/\/agenciainfra.com\/blog\/#\/schema\/logo\/image\/"},"sameAs":["https:\/\/www.facebook.com\/ageninfra","https:\/\/x.com\/agencia_infra","https:\/\/www.linkedin.com\/company\/ag\u00eanciainfra\/","https:\/\/www.instagram.com\/agenciainfra\/"]},{"@type":"Person","@id":"https:\/\/agenciainfra.com\/blog\/#\/schema\/person\/34af08dff6adea4cb22b06612ba7acfa","name":"Ag\u00eancia iNFRA","image":{"@type":"ImageObject","inLanguage":"pt-BR","@id":"https:\/\/agenciainfra.com\/blog\/#\/schema\/person\/image\/","url":"https:\/\/secure.gravatar.com\/avatar\/d189e01678f06d8eb84d4e01f08eb848b3fffe3f8443818d3c356c66892f5be8?s=96&d=mm&r=g","contentUrl":"https:\/\/secure.gravatar.com\/avatar\/d189e01678f06d8eb84d4e01f08eb848b3fffe3f8443818d3c356c66892f5be8?s=96&d=mm&r=g","caption":"Ag\u00eancia iNFRA"},"url":"https:\/\/agenciainfra.com\/blog\/author\/admin\/"}]}},"_links":{"self":[{"href":"https:\/\/agenciainfra.com\/blog\/wp-json\/wp\/v2\/posts\/28827","targetHints":{"allow":["GET"]}}],"collection":[{"href":"https:\/\/agenciainfra.com\/blog\/wp-json\/wp\/v2\/posts"}],"about":[{"href":"https:\/\/agenciainfra.com\/blog\/wp-json\/wp\/v2\/types\/post"}],"author":[{"embeddable":true,"href":"https:\/\/agenciainfra.com\/blog\/wp-json\/wp\/v2\/users\/1"}],"replies":[{"embeddable":true,"href":"https:\/\/agenciainfra.com\/blog\/wp-json\/wp\/v2\/comments?post=28827"}],"version-history":[{"count":3,"href":"https:\/\/agenciainfra.com\/blog\/wp-json\/wp\/v2\/posts\/28827\/revisions"}],"predecessor-version":[{"id":28932,"href":"https:\/\/agenciainfra.com\/blog\/wp-json\/wp\/v2\/posts\/28827\/revisions\/28932"}],"wp:featuredmedia":[{"embeddable":true,"href":"https:\/\/agenciainfra.com\/blog\/wp-json\/wp\/v2\/media\/4009"}],"wp:attachment":[{"href":"https:\/\/agenciainfra.com\/blog\/wp-json\/wp\/v2\/media?parent=28827"}],"wp:term":[{"taxonomy":"category","embeddable":true,"href":"https:\/\/agenciainfra.com\/blog\/wp-json\/wp\/v2\/categories?post=28827"},{"taxonomy":"post_tag","embeddable":true,"href":"https:\/\/agenciainfra.com\/blog\/wp-json\/wp\/v2\/tags?post=28827"}],"curies":[{"name":"wp","href":"https:\/\/api.w.org\/{rel}","templated":true}]}}