{"id":28842,"date":"2025-09-29T13:31:51","date_gmt":"2025-09-29T16:31:51","guid":{"rendered":"https:\/\/agenciainfra.com\/blog\/?p=28842"},"modified":"2025-09-29T13:31:54","modified_gmt":"2025-09-29T16:31:54","slug":"manter-hidrica-como-renovavel-chefe-depende-de-reformulacao-do-setor","status":"publish","type":"post","link":"https:\/\/agenciainfra.com\/blog\/manter-hidrica-como-renovavel-chefe-depende-de-reformulacao-do-setor\/","title":{"rendered":"Manter h\u00eddrica como &#8216;renov\u00e1vel-chefe&#8217; depende de reformula\u00e7\u00e3o do setor"},"content":{"rendered":"\n<p class=\"has-text-align-right\"><strong>da Ag\u00eancia iNFRA<\/strong><\/p>\n\n\n\n<p>As hidrel\u00e9tricas passaram a ter um novo papel na matriz el\u00e9trica brasileira nos \u00faltimos anos em fun\u00e7\u00e3o da transi\u00e7\u00e3o energ\u00e9tica. Segundo especialistas do setor, as usinas h\u00eddricas ficaram com uma responsabilidade ainda mais estrat\u00e9gica para o atendimento e seguran\u00e7a do sistema por causa das suas caracter\u00edsticas. No entanto, ainda h\u00e1 desafios a serem superados para fortalecer essa fonte, torn\u00e1-la mais competitiva e ampliar investimentos no segmento. Isso implica na&nbsp;reformula\u00e7\u00e3o do setor e nos&nbsp;pre\u00e7os de energia, com sinais econ\u00f4micos mais claros aos geradores e que valorizem os atributos de cada fonte.<\/p>\n\n\n\n<p>O novo papel das usinas h\u00eddricas foi\u00a0debatido\u00a0por autoridades e especialistas no painel \u201cA vis\u00e3o do setor p\u00fablico\u201d, promovido no evento \u201cO Papel das Hidrel\u00e9tricas na Transi\u00e7\u00e3o Energ\u00e9tica\u201d, realizado pela\u00a0<strong>Ag\u00eancia iNFRA<\/strong>\u00a0na \u00faltima quinta-feira (25) na Casa ParlaMento, em Bras\u00edlia. Assista \u00e0 \u00edntegra no\u00a0<a href=\"https:\/\/agenciainfra.us14.list-manage.com\/track\/click?u=d460dd1bcf9ba0ae040e1fc0f&amp;id=edcf0dc277&amp;e=c099169394\" target=\"_blank\" rel=\"noreferrer noopener\">YouTube<\/a>.<\/p>\n\n\n\n<p>Segundo o secret\u00e1rio de\u00a0Transi\u00e7\u00e3o Energ\u00e9tica e Planejamento do MME (Minist\u00e9rio de Minas e Energia), Gustavo Ata\u00edde, embora a participa\u00e7\u00e3o da fonte no sistema tenha reduzido de 85% da matriz no in\u00edcio do s\u00e9culo para cerca de 55% atualmente, a import\u00e2ncia das usinas h\u00eddricas foi potencializada em fun\u00e7\u00e3o dos seus atributos e dos requisitos que o sistema tem demandado cada vez mais atualmente, como servi\u00e7os ancilares e atendimento de ponta.<\/p>\n\n\n\n<p>\u201cAs hidrel\u00e9tricas s\u00e3o fundamentais pelos reservat\u00f3rios, por regularizarem a capacidade h\u00eddrica e fazer o amortecimento de cheias, fundamental em cen\u00e1rio de extremos clim\u00e1ticos\u201d, afirmou o secret\u00e1rio, que citou ainda que o MME tem desenvolvido pol\u00edticas para promover o segmento, como o recente leil\u00e3o de PCHs (Pequenas Centrais Hidrel\u00e9tricas) e a cria\u00e7\u00e3o de um produto h\u00eddrico no LRCAP (Leil\u00e3o de Reserva de Capacidade na forma de Pot\u00eancia), a ser realizado em 2026.<\/p>\n\n\n\n<p>O CEO da PSR, Luiz Barroso, argumentou que o Brasil vive a era 3.0 das hidrel\u00e9tricas. A primeira, segundo ele, foi&nbsp;quando as usinas h\u00eddricas forneciam todos os servi\u00e7os que o sistema precisava, que era basicamente o atendimento de base. E a segunda, em que elas passaram a ser vistas como baterias de \u00e1gua, ap\u00f3s a chegada de novas renov\u00e1veis como e\u00f3lica, solar centralizada e biomassa. Agora, Barroso diz que esse papel vai al\u00e9m.<\/p>\n\n\n\n<p>\u201cA dinastia 3.0 das hidrel\u00e9tricas soma ao servi\u00e7o de base e ao servi\u00e7o de bateria uma mir\u00edade de outros servi\u00e7os, como regula\u00e7\u00e3o de frequ\u00eancia, in\u00e9rcia, flexibilidade e outros, que s\u00e3o necess\u00e1rios para viabilizar toda essa inser\u00e7\u00e3o de renov\u00e1veis capitaneada pela gera\u00e7\u00e3o distribu\u00edda, que hoje tem com seus 42 GW a maior pot\u00eancia instalada no Brasil ap\u00f3s as hidrel\u00e9tricas\u201d, afirmou. \u201c\u00c9 a renov\u00e1vel-chefe do Brasil\u201d, concluiu o CEO da PSR.<\/p>\n\n\n\n<p><strong>Flexibilidade<\/strong><br>Um dos diferenciais das usinas h\u00eddricas destacados pelo secret\u00e1rio Gustavo Ata\u00edde \u00e9 o atributo da flexibilidade, o que, segundo ele, precisa ser olhado para novas contrata\u00e7\u00f5es no setor nos pr\u00f3ximos anos visando o atendimento \u00e0s rampas de carga na opera\u00e7\u00e3o do ONS (Operador Nacional do Sistema El\u00e9trico). O tema chegou a ser inserido na MP (Medida Provis\u00f3ria) 1.300, mas foi retirado do texto final.<\/p>\n\n\n\n<p>\u201cHoje temos essa capacidade para o atendimento de ponta, mas a flexibilidade para atender essas longas rampas \u00e9 fundamental. Rampas que o ONS tem avistado at\u00e9 2029 de 50 GW. A contrata\u00e7\u00e3o olhando flexibilidade permite expandir um pouco o horizonte para mais horas. E as usinas revers\u00edveis podem ser fundamentais para ajudar nisso, por poderem atender por mais horas que as baterias qu\u00edmicas\u201d, destacou.<\/p>\n\n\n\n<p>O superintendente da EPE (Empresa de Pesquisa Energ\u00e9tica), Gustavo Ponte, afirmou que a estatal est\u00e1 finalizando a revis\u00e3o do PDE (Plano Decenal de Energia) de 2035, que trar\u00e1 an\u00e1lises sobre flexibilidade e quanto ao card\u00e1pio de op\u00e7\u00f5es para o atendimento desse requisito, o que passa por hidrel\u00e9tricas. Ele citou a perspectiva de expans\u00e3o do segmento nos pr\u00f3ximos dez anos puxada por PCHs e CGHs, mas tamb\u00e9m por moderniza\u00e7\u00e3o de grandes usinas.<\/p>\n\n\n\n<p>\u201cAo falarmos de flexibilidade, estamos falando de armazenamento, seja por meio de usinas hidrel\u00e9tricas convencionais, seja por meio de baterias ou de hidrel\u00e9tricas revers\u00edveis. E ainda uma outra op\u00e7\u00e3o, n\u00e3o tanto de expans\u00e3o, mas \u00e9 a otimiza\u00e7\u00e3o do uso das hidrel\u00e9tricas existentes para a gente extrair delas o que o ONS j\u00e1 est\u00e1 fazendo, que \u00e9 abrir e fechar a v\u00e1lvula para ela dar conta desse servi\u00e7o\u201d, afirmou Ponte.<\/p>\n\n\n\n<p>Na vis\u00e3o do superintendente da EPE, se o Brasil ainda n\u00e3o precisou investir massivamente em tecnologias de armazenamento at\u00e9 hoje \u00e9 porque as hidrel\u00e9tricas at\u00e9 agora deram conta do recado. \u201cMas, como as rampas v\u00e3o ficar mais acentuadas, agora ser\u00e1 preciso investir bastante em novas tecnologias nos pr\u00f3ximos anos.\u201d<\/p>\n\n\n\n<p><strong>Pre\u00e7os<\/strong><br>A contrata\u00e7\u00e3o de gera\u00e7\u00e3o alinhada aos crit\u00e9rios de flexibilidade est\u00e1 diretamente ligada a outro desafio apontado pelos painelistas como fundamental: a moderniza\u00e7\u00e3o da formula\u00e7\u00e3o de pre\u00e7os de energia, com sinais econ\u00f4micos mais claros aos geradores e que valorizem os atributos de cada fonte. O tema tamb\u00e9m chegou a entrar na MP 1.300, mas retirado do texto final.<\/p>\n\n\n\n<p>Um estudo sobre o assunto&nbsp;j\u00e1 vem sendo conduzido no \u00e2mbito da CCEE (C\u00e2mara de Comercializa\u00e7\u00e3o de Energia). Segundo o conselheiro de Administra\u00e7\u00e3o da entidade, Ricardo Simabuku, um passo grande seria alterar o modelo de forma\u00e7\u00e3o de pre\u00e7o para um&nbsp;modelo por oferta, mas existem passos \u201cintermedi\u00e1rios\u201d, como o que ele chamou de modelo h\u00edbrido.<\/p>\n\n\n\n<p>\u201cIsso passa por um dispositivo que estava na MP 1.300, que esperamos que volte na MP 1.304, que \u00e9 a quest\u00e3o de possibilitar o que a gente chama de PLD [Pre\u00e7o de Liquida\u00e7\u00e3o das Diferen\u00e7as] ex-post. Hoje o PLD \u00e9 calculado sempre antes da opera\u00e7\u00e3o pelo ONS. E a MP 1300 trouxe tamb\u00e9m a possibilidade de fazer o c\u00e1lculo do PLD depois da opera\u00e7\u00e3o, e isso traz como benef\u00edcio uma redu\u00e7\u00e3o de custo ao consumidor e uma maior participa\u00e7\u00e3o dos agentes\u201d, explicou.<\/p>\n\n\n\n<p>Simabuku ainda defendeu resgatar ideias j\u00e1 estudadas no passado que podem melhorar a remunera\u00e7\u00e3o dos geradores, como a bonifica\u00e7\u00e3o pela performance acima das taxas de refer\u00eancia das usinas do MRE (Mecanismo de Realoca\u00e7\u00e3o de Energia), a valora\u00e7\u00e3o da tarifa de energia de otimiza\u00e7\u00e3o, e a cria\u00e7\u00e3o de um novo mecanismo competitivo ligado ao GSF (sigla para risco hidrol\u00f3gico).<\/p>\n\n\n\n<p>\u201cSeria um mecanismo que pode trazer al\u00edvio no impacto do GSF daqui para frente, fazendo um leil\u00e3o todo ano para que as hidrel\u00e9tricas possam adquirir excedente de gera\u00e7\u00e3o de energia de reserva. Seria um certame por quantidade de oferta de energia de reserva. Para o consumidor, teria a vantagem de ter estabilidade no pagamento do encargo por energia de reserva, al\u00e9m de uma previsibilidade na forma\u00e7\u00e3o de pre\u00e7os\u201d, disse o conselheiro da CCEE.<\/p>\n\n\n\n<p>O diretor Gentil Nogueira, da ANEEL (Ag\u00eancia Nacional de Energia El\u00e9trica), defendeu ainda a cria\u00e7\u00e3o de tarifas hor\u00e1rias de energia aos consumidores, outro ponto que estava previsto inicialmente na MP 1.300 e tamb\u00e9m tem rela\u00e7\u00e3o com o sinal econ\u00f4mico.<\/p>\n\n\n\n<p>\u201cQuando colocamos a tarifa hor\u00e1ria na MP, que \u00e9 ter um pre\u00e7o por hora que mostra a situa\u00e7\u00e3o do sistema em cada hora, foi porque isso \u00e9 extremamente importante. O pre\u00e7o d\u00e1 informa\u00e7\u00e3o, dando o sinal para o consumidor da hora que \u00e9 melhor consumir porque est\u00e1 sobrando, e para o gerador hidrel\u00e9trico que aquela \u00e9 melhor ele gerar porque est\u00e1 mais cara a energia, e tem hora que ele tem que recolher porque a energia est\u00e1 mais barata\u201d, afirmou Gentil.<\/p>\n\n\n\n<p>Na avalia\u00e7\u00e3o do diretor, a ANEEL tem compet\u00eancia para tocar a implementa\u00e7\u00e3o do modelo \u201ca despeito da lei\u201d, considerando que a pol\u00edtica tarif\u00e1ria \u00e9 sua atribui\u00e7\u00e3o legal. No entanto, ele considera importante que esse debate ocorra no Congresso. \u201cA tramita\u00e7\u00e3o da MP 1.300 era uma grande oportunidade para a gente trabalhar com uma sinaliza\u00e7\u00e3o de pre\u00e7o aderente com o que acontece&nbsp;na opera\u00e7\u00e3o. Seria importante discutir isso, a forma de fazer.\u201d<\/p>\n\n\n\n<p><strong>Vertimento turbin\u00e1vel<\/strong><br>Um dos desafios que precisam ser superados para o robustecimento do segmento h\u00eddrico, segundo os especialistas, \u00e9 o do vertimento turbin\u00e1vel, nome t\u00e9cnico dado ao curtailment das hidrel\u00e9tricas. Ao contr\u00e1rio das fontes e\u00f3lica e solar, que ainda possuem um pequeno grau de compensa\u00e7\u00e3o pelos cortes, n\u00e3o h\u00e1 um tratamento sobre isso para a fonte h\u00eddrica.<\/p>\n\n\n\n<p>Para Gentil Nogueira, h\u00e1 espa\u00e7o para uma solu\u00e7\u00e3o sobre o tema tanto no \u00e2mbito do Congresso como da pr\u00f3pria ANEEL, com a revis\u00e3o da resolu\u00e7\u00e3o que disciplinou os crit\u00e9rios de compensa\u00e7\u00e3o.<\/p>\n\n\n\n<p>\u201cExiste uma discuss\u00e3o muito prof\u00edcua no Congresso em rela\u00e7\u00e3o a esse assunto, com uma camada e uma amplitude de oportunidades muito maior para trabalhar o curtailment. Mas acho que dentro da pr\u00f3pria ANEEL \u00e9 algo a ser explorado de forma infralegal, no \u00e2mbito regulat\u00f3rio, tanto para curtailment de gera\u00e7\u00e3o hidrel\u00e9trica quanto para curtailment de e\u00f3lica e solar, revisitando a resolu\u00e7\u00e3o, mas respeitando o limite legal que hoje nos \u00e9 imposto\u201d, defendeu o diretor.<\/p>\n\n\n\n<p>O diretor de Opera\u00e7\u00e3o do ONS, Christiano Vieira, ponderou\u00a0sobre os cortes. Disse\u00a0que o operador est\u00e1 fazendo aquilo que \u00e9 necess\u00e1rio no momento para garantir uma opera\u00e7\u00e3o segura do sistema el\u00e9trico, que ficou mais complexa com a mudan\u00e7a da matriz.<\/p>\n\n\n\n<p>Christiano defendeu, como modelo de refer\u00eancia, a cria\u00e7\u00e3o de um mecanismo similar ao MRE das hidrel\u00e9tricas para as fontes e\u00f3lica e solar, para que possa tornar esses agentes \u201cindiferentes \u00e0 decis\u00e3o operativa do ONS\u201d, tendo alguma compensa\u00e7\u00e3o pela n\u00e3o-gera\u00e7\u00e3o.<\/p>\n\n\n\n<p>\u201cN\u00f3s t\u00ednhamos um sistema muito mais simples no final dos anos 90 e in\u00edcio dos anos 2000, que era um sistema hidrot\u00e9rmico. Ningu\u00e9m ficava questionando porque despachou mais uma usina e n\u00e3o outra. Essas quest\u00f5es n\u00e3o eram levadas ao operador por uma raz\u00e3o muito simples, um mecanismo que foi pensado, o MRE, que compartilhava esse risco hidrol\u00f3gico entre todas as usinas e tornava o agente indiferente \u00e0 decis\u00e3o de despacho do operador. Agora, por que n\u00e3o termos um MRE de vento e de sol?\u201d, sugeriu.<\/p>\n","protected":false},"excerpt":{"rendered":"<p>da Ag\u00eancia iNFRA As hidrel\u00e9tricas passaram a ter um novo papel na matriz el\u00e9trica brasileira nos \u00faltimos anos em fun\u00e7\u00e3o da transi\u00e7\u00e3o energ\u00e9tica. Segundo especialistas do setor, as usinas h\u00eddricas ficaram com uma responsabilidade ainda mais estrat\u00e9gica para o atendimento e seguran\u00e7a do sistema por causa das suas caracter\u00edsticas. No entanto, ainda h\u00e1 desafios a [&hellip;]<\/p>\n","protected":false},"author":1,"featured_media":28849,"comment_status":"closed","ping_status":"closed","sticky":false,"template":"","format":"standard","meta":{"_monsterinsights_skip_tracking":false,"_monsterinsights_sitenote_active":false,"_monsterinsights_sitenote_note":"","_monsterinsights_sitenote_category":0,"footnotes":""},"categories":[1,2053],"tags":[53,13235,14,4194,12,6781,14087,15691,635,1836,96,216,121,13849,2006],"class_list":["post-28842","post","type-post","status-publish","format-standard","has-post-thumbnail","hentry","category-geral","category-infraliveventos","tag-aneel","tag-casa-parlamento","tag-ccee","tag-christiano-vieira","tag-epe","tag-gentil-nogueira","tag-gustavo-ataide","tag-gustavo-ponte","tag-hidreletricas","tag-luiz-barroso","tag-ministerio-de-minas-e-energia","tag-ons","tag-psr","tag-ricardo-simabuku","tag-transicao-energetica"],"yoast_head":"<!-- This site is optimized with the Yoast SEO Premium plugin v25.4 (Yoast SEO v26.0) - https:\/\/yoast.com\/wordpress\/plugins\/seo\/ -->\n<title>Manter h\u00eddrica como &#039;renov\u00e1vel-chefe&#039; depende de reformula\u00e7\u00e3o do setor - Ag\u00eancia iNFRA<\/title>\n<meta name=\"robots\" content=\"index, follow, max-snippet:-1, max-image-preview:large, max-video-preview:-1\" \/>\n<link rel=\"canonical\" href=\"https:\/\/agenciainfra.com\/blog\/manter-hidrica-como-renovavel-chefe-depende-de-reformulacao-do-setor\/\" \/>\n<meta property=\"og:locale\" content=\"pt_BR\" \/>\n<meta property=\"og:type\" content=\"article\" \/>\n<meta property=\"og:title\" content=\"Manter h\u00eddrica como &#039;renov\u00e1vel-chefe&#039; depende de reformula\u00e7\u00e3o do setor\" \/>\n<meta property=\"og:description\" content=\"da Ag\u00eancia iNFRA As hidrel\u00e9tricas passaram a ter um novo papel na matriz el\u00e9trica brasileira nos \u00faltimos anos em fun\u00e7\u00e3o da transi\u00e7\u00e3o energ\u00e9tica. Segundo especialistas do setor, as usinas h\u00eddricas ficaram com uma responsabilidade ainda mais estrat\u00e9gica para o atendimento e seguran\u00e7a do sistema por causa das suas caracter\u00edsticas. No entanto, ainda h\u00e1 desafios a [&hellip;]\" \/>\n<meta property=\"og:url\" content=\"https:\/\/agenciainfra.com\/blog\/manter-hidrica-como-renovavel-chefe-depende-de-reformulacao-do-setor\/\" \/>\n<meta property=\"og:site_name\" content=\"Ag\u00eancia iNFRA\" \/>\n<meta property=\"article:publisher\" content=\"https:\/\/www.facebook.com\/ageninfra\" \/>\n<meta property=\"article:published_time\" content=\"2025-09-29T16:31:51+00:00\" \/>\n<meta property=\"article:modified_time\" content=\"2025-09-29T16:31:54+00:00\" \/>\n<meta property=\"og:image\" content=\"https:\/\/agenciainfra.com\/blog\/wp-content\/uploads\/2025\/09\/painel-visao-do-setor-publico-foto-percio-campos-agencia-infra.jpg\" \/>\n\t<meta property=\"og:image:width\" content=\"1280\" \/>\n\t<meta property=\"og:image:height\" content=\"853\" \/>\n\t<meta property=\"og:image:type\" content=\"image\/jpeg\" \/>\n<meta name=\"author\" content=\"Ag\u00eancia iNFRA\" \/>\n<meta name=\"twitter:card\" content=\"summary_large_image\" \/>\n<meta name=\"twitter:creator\" content=\"@agencia_infra\" \/>\n<meta name=\"twitter:site\" content=\"@agencia_infra\" \/>\n<meta name=\"twitter:label1\" content=\"Escrito por\" \/>\n\t<meta name=\"twitter:data1\" content=\"Ag\u00eancia iNFRA\" \/>\n\t<meta name=\"twitter:label2\" content=\"Est. tempo de leitura\" \/>\n\t<meta name=\"twitter:data2\" content=\"9 minutos\" \/>\n<script type=\"application\/ld+json\" class=\"yoast-schema-graph\">{\"@context\":\"https:\/\/schema.org\",\"@graph\":[{\"@type\":\"Article\",\"@id\":\"https:\/\/agenciainfra.com\/blog\/manter-hidrica-como-renovavel-chefe-depende-de-reformulacao-do-setor\/#article\",\"isPartOf\":{\"@id\":\"https:\/\/agenciainfra.com\/blog\/manter-hidrica-como-renovavel-chefe-depende-de-reformulacao-do-setor\/\"},\"author\":{\"name\":\"Ag\u00eancia iNFRA\",\"@id\":\"https:\/\/agenciainfra.com\/blog\/#\/schema\/person\/34af08dff6adea4cb22b06612ba7acfa\"},\"headline\":\"Manter h\u00eddrica como &#8216;renov\u00e1vel-chefe&#8217; depende de reformula\u00e7\u00e3o do setor\",\"datePublished\":\"2025-09-29T16:31:51+00:00\",\"dateModified\":\"2025-09-29T16:31:54+00:00\",\"mainEntityOfPage\":{\"@id\":\"https:\/\/agenciainfra.com\/blog\/manter-hidrica-como-renovavel-chefe-depende-de-reformulacao-do-setor\/\"},\"wordCount\":1791,\"publisher\":{\"@id\":\"https:\/\/agenciainfra.com\/blog\/#organization\"},\"image\":{\"@id\":\"https:\/\/agenciainfra.com\/blog\/manter-hidrica-como-renovavel-chefe-depende-de-reformulacao-do-setor\/#primaryimage\"},\"thumbnailUrl\":\"https:\/\/agenciainfra.com\/blog\/wp-content\/uploads\/2025\/09\/painel-visao-do-setor-publico-foto-percio-campos-agencia-infra.jpg\",\"keywords\":[\"ANEEL\",\"casa parlamento\",\"ccee\",\"Christiano Vieira\",\"epe\",\"Gentil Nogueira\",\"Gustavo Ata\u00edde\",\"Gustavo Ponte\",\"Hidrel\u00e9tricas\",\"Luiz Barroso\",\"Minist\u00e9rio de Minas e Energia\",\"ONS\",\"PSR\",\"Ricardo Simabuku\",\"transi\u00e7\u00e3o energ\u00e9tica\"],\"articleSection\":[\"Geral\",\"iNFRALive e Eventos\"],\"inLanguage\":\"pt-BR\",\"copyrightYear\":\"2025\",\"copyrightHolder\":{\"@id\":\"https:\/\/agenciainfra.com\/blog\/#organization\"}},{\"@type\":\"WebPage\",\"@id\":\"https:\/\/agenciainfra.com\/blog\/manter-hidrica-como-renovavel-chefe-depende-de-reformulacao-do-setor\/\",\"url\":\"https:\/\/agenciainfra.com\/blog\/manter-hidrica-como-renovavel-chefe-depende-de-reformulacao-do-setor\/\",\"name\":\"Manter h\u00eddrica como 'renov\u00e1vel-chefe' depende de reformula\u00e7\u00e3o do setor - Ag\u00eancia iNFRA\",\"isPartOf\":{\"@id\":\"https:\/\/agenciainfra.com\/blog\/#website\"},\"primaryImageOfPage\":{\"@id\":\"https:\/\/agenciainfra.com\/blog\/manter-hidrica-como-renovavel-chefe-depende-de-reformulacao-do-setor\/#primaryimage\"},\"image\":{\"@id\":\"https:\/\/agenciainfra.com\/blog\/manter-hidrica-como-renovavel-chefe-depende-de-reformulacao-do-setor\/#primaryimage\"},\"thumbnailUrl\":\"https:\/\/agenciainfra.com\/blog\/wp-content\/uploads\/2025\/09\/painel-visao-do-setor-publico-foto-percio-campos-agencia-infra.jpg\",\"datePublished\":\"2025-09-29T16:31:51+00:00\",\"dateModified\":\"2025-09-29T16:31:54+00:00\",\"breadcrumb\":{\"@id\":\"https:\/\/agenciainfra.com\/blog\/manter-hidrica-como-renovavel-chefe-depende-de-reformulacao-do-setor\/#breadcrumb\"},\"inLanguage\":\"pt-BR\",\"potentialAction\":[{\"@type\":\"ReadAction\",\"target\":[\"https:\/\/agenciainfra.com\/blog\/manter-hidrica-como-renovavel-chefe-depende-de-reformulacao-do-setor\/\"]}]},{\"@type\":\"ImageObject\",\"inLanguage\":\"pt-BR\",\"@id\":\"https:\/\/agenciainfra.com\/blog\/manter-hidrica-como-renovavel-chefe-depende-de-reformulacao-do-setor\/#primaryimage\",\"url\":\"https:\/\/agenciainfra.com\/blog\/wp-content\/uploads\/2025\/09\/painel-visao-do-setor-publico-foto-percio-campos-agencia-infra.jpg\",\"contentUrl\":\"https:\/\/agenciainfra.com\/blog\/wp-content\/uploads\/2025\/09\/painel-visao-do-setor-publico-foto-percio-campos-agencia-infra.jpg\",\"width\":1280,\"height\":853,\"caption\":\"Foto: Percio Campos\/Ag\u00eancia iNFRA\"},{\"@type\":\"BreadcrumbList\",\"@id\":\"https:\/\/agenciainfra.com\/blog\/manter-hidrica-como-renovavel-chefe-depende-de-reformulacao-do-setor\/#breadcrumb\",\"itemListElement\":[{\"@type\":\"ListItem\",\"position\":1,\"name\":\"In\u00edcio\",\"item\":\"https:\/\/agenciainfra.com\/blog\/\"},{\"@type\":\"ListItem\",\"position\":2,\"name\":\"Manter h\u00eddrica como &#8216;renov\u00e1vel-chefe&#8217; depende de reformula\u00e7\u00e3o do setor\"}]},{\"@type\":\"WebSite\",\"@id\":\"https:\/\/agenciainfra.com\/blog\/#website\",\"url\":\"https:\/\/agenciainfra.com\/blog\/\",\"name\":\"Ag\u00eancia iNFRA\",\"description\":\"Multiplataforma de informa\u00e7\u00e3o jornal\u00edstica refer\u00eancia na \u00e1rea de infraestrutura no Brasil!\",\"publisher\":{\"@id\":\"https:\/\/agenciainfra.com\/blog\/#organization\"},\"potentialAction\":[{\"@type\":\"SearchAction\",\"target\":{\"@type\":\"EntryPoint\",\"urlTemplate\":\"https:\/\/agenciainfra.com\/blog\/?s={search_term_string}\"},\"query-input\":{\"@type\":\"PropertyValueSpecification\",\"valueRequired\":true,\"valueName\":\"search_term_string\"}}],\"inLanguage\":\"pt-BR\"},{\"@type\":\"Organization\",\"@id\":\"https:\/\/agenciainfra.com\/blog\/#organization\",\"name\":\"Ag\u00eancia iNFRA\",\"url\":\"https:\/\/agenciainfra.com\/blog\/\",\"logo\":{\"@type\":\"ImageObject\",\"inLanguage\":\"pt-BR\",\"@id\":\"https:\/\/agenciainfra.com\/blog\/#\/schema\/logo\/image\/\",\"url\":\"https:\/\/agenciainfra.com\/blog\/wp-content\/uploads\/2023\/09\/iNFRA_5-e1761735885940.png\",\"contentUrl\":\"https:\/\/agenciainfra.com\/blog\/wp-content\/uploads\/2023\/09\/iNFRA_5-e1761735885940.png\",\"width\":1672,\"height\":454,\"caption\":\"Ag\u00eancia iNFRA\"},\"image\":{\"@id\":\"https:\/\/agenciainfra.com\/blog\/#\/schema\/logo\/image\/\"},\"sameAs\":[\"https:\/\/www.facebook.com\/ageninfra\",\"https:\/\/x.com\/agencia_infra\",\"https:\/\/www.linkedin.com\/company\/ag\u00eanciainfra\/\",\"https:\/\/www.instagram.com\/agenciainfra\/\"]},{\"@type\":\"Person\",\"@id\":\"https:\/\/agenciainfra.com\/blog\/#\/schema\/person\/34af08dff6adea4cb22b06612ba7acfa\",\"name\":\"Ag\u00eancia iNFRA\",\"image\":{\"@type\":\"ImageObject\",\"inLanguage\":\"pt-BR\",\"@id\":\"https:\/\/agenciainfra.com\/blog\/#\/schema\/person\/image\/\",\"url\":\"https:\/\/secure.gravatar.com\/avatar\/d189e01678f06d8eb84d4e01f08eb848b3fffe3f8443818d3c356c66892f5be8?s=96&d=mm&r=g\",\"contentUrl\":\"https:\/\/secure.gravatar.com\/avatar\/d189e01678f06d8eb84d4e01f08eb848b3fffe3f8443818d3c356c66892f5be8?s=96&d=mm&r=g\",\"caption\":\"Ag\u00eancia iNFRA\"},\"url\":\"https:\/\/agenciainfra.com\/blog\/author\/admin\/\"}]}<\/script>\n<!-- \/ Yoast SEO Premium plugin. -->","yoast_head_json":{"title":"Manter h\u00eddrica como 'renov\u00e1vel-chefe' depende de reformula\u00e7\u00e3o do setor - Ag\u00eancia iNFRA","robots":{"index":"index","follow":"follow","max-snippet":"max-snippet:-1","max-image-preview":"max-image-preview:large","max-video-preview":"max-video-preview:-1"},"canonical":"https:\/\/agenciainfra.com\/blog\/manter-hidrica-como-renovavel-chefe-depende-de-reformulacao-do-setor\/","og_locale":"pt_BR","og_type":"article","og_title":"Manter h\u00eddrica como 'renov\u00e1vel-chefe' depende de reformula\u00e7\u00e3o do setor","og_description":"da Ag\u00eancia iNFRA As hidrel\u00e9tricas passaram a ter um novo papel na matriz el\u00e9trica brasileira nos \u00faltimos anos em fun\u00e7\u00e3o da transi\u00e7\u00e3o energ\u00e9tica. Segundo especialistas do setor, as usinas h\u00eddricas ficaram com uma responsabilidade ainda mais estrat\u00e9gica para o atendimento e seguran\u00e7a do sistema por causa das suas caracter\u00edsticas. No entanto, ainda h\u00e1 desafios a [&hellip;]","og_url":"https:\/\/agenciainfra.com\/blog\/manter-hidrica-como-renovavel-chefe-depende-de-reformulacao-do-setor\/","og_site_name":"Ag\u00eancia iNFRA","article_publisher":"https:\/\/www.facebook.com\/ageninfra","article_published_time":"2025-09-29T16:31:51+00:00","article_modified_time":"2025-09-29T16:31:54+00:00","og_image":[{"width":1280,"height":853,"url":"https:\/\/agenciainfra.com\/blog\/wp-content\/uploads\/2025\/09\/painel-visao-do-setor-publico-foto-percio-campos-agencia-infra.jpg","type":"image\/jpeg"}],"author":"Ag\u00eancia iNFRA","twitter_card":"summary_large_image","twitter_creator":"@agencia_infra","twitter_site":"@agencia_infra","twitter_misc":{"Escrito por":"Ag\u00eancia iNFRA","Est. tempo de leitura":"9 minutos"},"schema":{"@context":"https:\/\/schema.org","@graph":[{"@type":"Article","@id":"https:\/\/agenciainfra.com\/blog\/manter-hidrica-como-renovavel-chefe-depende-de-reformulacao-do-setor\/#article","isPartOf":{"@id":"https:\/\/agenciainfra.com\/blog\/manter-hidrica-como-renovavel-chefe-depende-de-reformulacao-do-setor\/"},"author":{"name":"Ag\u00eancia iNFRA","@id":"https:\/\/agenciainfra.com\/blog\/#\/schema\/person\/34af08dff6adea4cb22b06612ba7acfa"},"headline":"Manter h\u00eddrica como &#8216;renov\u00e1vel-chefe&#8217; depende de reformula\u00e7\u00e3o do setor","datePublished":"2025-09-29T16:31:51+00:00","dateModified":"2025-09-29T16:31:54+00:00","mainEntityOfPage":{"@id":"https:\/\/agenciainfra.com\/blog\/manter-hidrica-como-renovavel-chefe-depende-de-reformulacao-do-setor\/"},"wordCount":1791,"publisher":{"@id":"https:\/\/agenciainfra.com\/blog\/#organization"},"image":{"@id":"https:\/\/agenciainfra.com\/blog\/manter-hidrica-como-renovavel-chefe-depende-de-reformulacao-do-setor\/#primaryimage"},"thumbnailUrl":"https:\/\/agenciainfra.com\/blog\/wp-content\/uploads\/2025\/09\/painel-visao-do-setor-publico-foto-percio-campos-agencia-infra.jpg","keywords":["ANEEL","casa parlamento","ccee","Christiano Vieira","epe","Gentil Nogueira","Gustavo Ata\u00edde","Gustavo Ponte","Hidrel\u00e9tricas","Luiz Barroso","Minist\u00e9rio de Minas e Energia","ONS","PSR","Ricardo Simabuku","transi\u00e7\u00e3o energ\u00e9tica"],"articleSection":["Geral","iNFRALive e Eventos"],"inLanguage":"pt-BR","copyrightYear":"2025","copyrightHolder":{"@id":"https:\/\/agenciainfra.com\/blog\/#organization"}},{"@type":"WebPage","@id":"https:\/\/agenciainfra.com\/blog\/manter-hidrica-como-renovavel-chefe-depende-de-reformulacao-do-setor\/","url":"https:\/\/agenciainfra.com\/blog\/manter-hidrica-como-renovavel-chefe-depende-de-reformulacao-do-setor\/","name":"Manter h\u00eddrica como 'renov\u00e1vel-chefe' depende de reformula\u00e7\u00e3o do setor - Ag\u00eancia iNFRA","isPartOf":{"@id":"https:\/\/agenciainfra.com\/blog\/#website"},"primaryImageOfPage":{"@id":"https:\/\/agenciainfra.com\/blog\/manter-hidrica-como-renovavel-chefe-depende-de-reformulacao-do-setor\/#primaryimage"},"image":{"@id":"https:\/\/agenciainfra.com\/blog\/manter-hidrica-como-renovavel-chefe-depende-de-reformulacao-do-setor\/#primaryimage"},"thumbnailUrl":"https:\/\/agenciainfra.com\/blog\/wp-content\/uploads\/2025\/09\/painel-visao-do-setor-publico-foto-percio-campos-agencia-infra.jpg","datePublished":"2025-09-29T16:31:51+00:00","dateModified":"2025-09-29T16:31:54+00:00","breadcrumb":{"@id":"https:\/\/agenciainfra.com\/blog\/manter-hidrica-como-renovavel-chefe-depende-de-reformulacao-do-setor\/#breadcrumb"},"inLanguage":"pt-BR","potentialAction":[{"@type":"ReadAction","target":["https:\/\/agenciainfra.com\/blog\/manter-hidrica-como-renovavel-chefe-depende-de-reformulacao-do-setor\/"]}]},{"@type":"ImageObject","inLanguage":"pt-BR","@id":"https:\/\/agenciainfra.com\/blog\/manter-hidrica-como-renovavel-chefe-depende-de-reformulacao-do-setor\/#primaryimage","url":"https:\/\/agenciainfra.com\/blog\/wp-content\/uploads\/2025\/09\/painel-visao-do-setor-publico-foto-percio-campos-agencia-infra.jpg","contentUrl":"https:\/\/agenciainfra.com\/blog\/wp-content\/uploads\/2025\/09\/painel-visao-do-setor-publico-foto-percio-campos-agencia-infra.jpg","width":1280,"height":853,"caption":"Foto: Percio Campos\/Ag\u00eancia iNFRA"},{"@type":"BreadcrumbList","@id":"https:\/\/agenciainfra.com\/blog\/manter-hidrica-como-renovavel-chefe-depende-de-reformulacao-do-setor\/#breadcrumb","itemListElement":[{"@type":"ListItem","position":1,"name":"In\u00edcio","item":"https:\/\/agenciainfra.com\/blog\/"},{"@type":"ListItem","position":2,"name":"Manter h\u00eddrica como &#8216;renov\u00e1vel-chefe&#8217; depende de reformula\u00e7\u00e3o do setor"}]},{"@type":"WebSite","@id":"https:\/\/agenciainfra.com\/blog\/#website","url":"https:\/\/agenciainfra.com\/blog\/","name":"Ag\u00eancia iNFRA","description":"Multiplataforma de informa\u00e7\u00e3o jornal\u00edstica refer\u00eancia na \u00e1rea de infraestrutura no Brasil!","publisher":{"@id":"https:\/\/agenciainfra.com\/blog\/#organization"},"potentialAction":[{"@type":"SearchAction","target":{"@type":"EntryPoint","urlTemplate":"https:\/\/agenciainfra.com\/blog\/?s={search_term_string}"},"query-input":{"@type":"PropertyValueSpecification","valueRequired":true,"valueName":"search_term_string"}}],"inLanguage":"pt-BR"},{"@type":"Organization","@id":"https:\/\/agenciainfra.com\/blog\/#organization","name":"Ag\u00eancia iNFRA","url":"https:\/\/agenciainfra.com\/blog\/","logo":{"@type":"ImageObject","inLanguage":"pt-BR","@id":"https:\/\/agenciainfra.com\/blog\/#\/schema\/logo\/image\/","url":"https:\/\/agenciainfra.com\/blog\/wp-content\/uploads\/2023\/09\/iNFRA_5-e1761735885940.png","contentUrl":"https:\/\/agenciainfra.com\/blog\/wp-content\/uploads\/2023\/09\/iNFRA_5-e1761735885940.png","width":1672,"height":454,"caption":"Ag\u00eancia iNFRA"},"image":{"@id":"https:\/\/agenciainfra.com\/blog\/#\/schema\/logo\/image\/"},"sameAs":["https:\/\/www.facebook.com\/ageninfra","https:\/\/x.com\/agencia_infra","https:\/\/www.linkedin.com\/company\/ag\u00eanciainfra\/","https:\/\/www.instagram.com\/agenciainfra\/"]},{"@type":"Person","@id":"https:\/\/agenciainfra.com\/blog\/#\/schema\/person\/34af08dff6adea4cb22b06612ba7acfa","name":"Ag\u00eancia iNFRA","image":{"@type":"ImageObject","inLanguage":"pt-BR","@id":"https:\/\/agenciainfra.com\/blog\/#\/schema\/person\/image\/","url":"https:\/\/secure.gravatar.com\/avatar\/d189e01678f06d8eb84d4e01f08eb848b3fffe3f8443818d3c356c66892f5be8?s=96&d=mm&r=g","contentUrl":"https:\/\/secure.gravatar.com\/avatar\/d189e01678f06d8eb84d4e01f08eb848b3fffe3f8443818d3c356c66892f5be8?s=96&d=mm&r=g","caption":"Ag\u00eancia iNFRA"},"url":"https:\/\/agenciainfra.com\/blog\/author\/admin\/"}]}},"_links":{"self":[{"href":"https:\/\/agenciainfra.com\/blog\/wp-json\/wp\/v2\/posts\/28842","targetHints":{"allow":["GET"]}}],"collection":[{"href":"https:\/\/agenciainfra.com\/blog\/wp-json\/wp\/v2\/posts"}],"about":[{"href":"https:\/\/agenciainfra.com\/blog\/wp-json\/wp\/v2\/types\/post"}],"author":[{"embeddable":true,"href":"https:\/\/agenciainfra.com\/blog\/wp-json\/wp\/v2\/users\/1"}],"replies":[{"embeddable":true,"href":"https:\/\/agenciainfra.com\/blog\/wp-json\/wp\/v2\/comments?post=28842"}],"version-history":[{"count":2,"href":"https:\/\/agenciainfra.com\/blog\/wp-json\/wp\/v2\/posts\/28842\/revisions"}],"predecessor-version":[{"id":28852,"href":"https:\/\/agenciainfra.com\/blog\/wp-json\/wp\/v2\/posts\/28842\/revisions\/28852"}],"wp:featuredmedia":[{"embeddable":true,"href":"https:\/\/agenciainfra.com\/blog\/wp-json\/wp\/v2\/media\/28849"}],"wp:attachment":[{"href":"https:\/\/agenciainfra.com\/blog\/wp-json\/wp\/v2\/media?parent=28842"}],"wp:term":[{"taxonomy":"category","embeddable":true,"href":"https:\/\/agenciainfra.com\/blog\/wp-json\/wp\/v2\/categories?post=28842"},{"taxonomy":"post_tag","embeddable":true,"href":"https:\/\/agenciainfra.com\/blog\/wp-json\/wp\/v2\/tags?post=28842"}],"curies":[{"name":"wp","href":"https:\/\/api.w.org\/{rel}","templated":true}]}}