{"id":28886,"date":"2025-09-29T18:33:00","date_gmt":"2025-09-29T21:33:00","guid":{"rendered":"https:\/\/agenciainfra.com\/blog\/?p=28886"},"modified":"2025-09-29T18:59:05","modified_gmt":"2025-09-29T21:59:05","slug":"ana-autoriza-captacao-suplementar-temporaria-para-reforcar-o-sistema-cantareira","status":"publish","type":"post","link":"https:\/\/agenciainfra.com\/blog\/ana-autoriza-captacao-suplementar-temporaria-para-reforcar-o-sistema-cantareira\/","title":{"rendered":"ANA autoriza capta\u00e7\u00e3o tempor\u00e1ria para refor\u00e7ar o Sistema Cantareira"},"content":{"rendered":"\n<p class=\"has-text-align-right\"><strong>da Ag\u00eancia iNFRA<\/strong><\/p>\n\n\n\n<p>A ANA (Ag\u00eancia Nacional de \u00c1guas e Saneamento B\u00e1sico), em conjunto com \u00f3rg\u00e3os estaduais de S\u00e3o Paulo, Minas Gerais e Rio de Janeiro, autorizou nesta segunda-feira (29) a capta\u00e7\u00e3o suplementar de \u00e1gua do reservat\u00f3rio da Usina Hidrel\u00e9trica Jaguari para o reservat\u00f3rio Atibainha, integrante do Sistema Cantareira. A medida, solicitada pela Sabesp, tem car\u00e1ter excepcional e tempor\u00e1rio, diante da estiagem que afeta a Regi\u00e3o Metropolitana de S\u00e3o Paulo.<\/p>\n\n\n\n<p>Com a decis\u00e3o, o volume m\u00e1ximo anual que poder\u00e1 ser transposto em 2025 passa de 162 hm\u00b3 para at\u00e9 186,7 hm\u00b3 &#8211;acr\u00e9scimo de 24,7 hm\u00b3, o equivalente a 1% do volume \u00fatil do Sistema Para\u00edba do Sul e a 3,1% do reservat\u00f3rio Jaguari. A autoriza\u00e7\u00e3o vale at\u00e9 31 de dezembro de 2025, podendo ser suspensa caso o Cantareira supere 60% de seu volume \u00fatil.<\/p>\n\n\n\n<p>A ANA e os \u00f3rg\u00e3os estaduais mantiveram os limites m\u00ednimos de vaz\u00e3o a jusante do barramento de Santa Cec\u00edlia, garantindo a deflu\u00eancia m\u00ednima de 71 m\u00b3\/s e o bombeamento de 119 m\u00b3\/s para o rio Guandu, conforme a Resolu\u00e7\u00e3o Conjunta n\u00ba 1.382\/2015. A Sabesp ser\u00e1 respons\u00e1vel por adotar medidas de mitiga\u00e7\u00e3o de impactos decorrentes da redu\u00e7\u00e3o de n\u00edvel nos reservat\u00f3rios Jaguari e Paraibuna.<\/p>\n\n\n\n<p>A delibera\u00e7\u00e3o refor\u00e7a a prioridade do abastecimento p\u00fablico em situa\u00e7\u00f5es de escassez, conforme a Pol\u00edtica Nacional de Recursos H\u00eddricos (Lei n\u00ba 9.433\/1997), e busca preservar a seguran\u00e7a h\u00eddrica das regi\u00f5es metropolitanas de S\u00e3o Paulo, Rio de Janeiro e Campinas. O comunicado foi assinado pelas diretorias da ANA, SP \u00c1guas, IGAM e INEA\/RJ, ressaltando a import\u00e2ncia da coopera\u00e7\u00e3o federativa para a gest\u00e3o integrada do rio Para\u00edba do Sul.<\/p>\n\n\n\n<p><\/p>\n","protected":false},"excerpt":{"rendered":"<p>da Ag\u00eancia iNFRA A ANA (Ag\u00eancia Nacional de \u00c1guas e Saneamento B\u00e1sico), em conjunto com \u00f3rg\u00e3os estaduais de S\u00e3o Paulo, Minas Gerais e Rio de Janeiro, autorizou nesta segunda-feira (29) a capta\u00e7\u00e3o suplementar de \u00e1gua do reservat\u00f3rio da Usina Hidrel\u00e9trica Jaguari para o reservat\u00f3rio Atibainha, integrante do Sistema Cantareira. A medida, solicitada pela Sabesp, tem [&hellip;]<\/p>\n","protected":false},"author":1,"featured_media":28892,"comment_status":"closed","ping_status":"closed","sticky":false,"template":"","format":"standard","meta":{"_monsterinsights_skip_tracking":false,"_monsterinsights_sitenote_active":false,"_monsterinsights_sitenote_note":"","_monsterinsights_sitenote_category":0,"footnotes":""},"categories":[1,13576],"tags":[15712,77,15713,3487,2778,15719,15717,6776,15715,15721,2859,2216,679,15600,15622,15718],"class_list":["post-28886","post","type-post","status-publish","format-standard","has-post-thumbnail","hentry","category-geral","category-giro-infra","tag-abastecimento-publico","tag-ana","tag-atibainha","tag-crise-hidrica","tag-estiagem","tag-gestao-integrada","tag-igam-2","tag-inea","tag-jaguari","tag-paraiba-do-sul-2","tag-recursos-hidricos","tag-sabesp","tag-sao-paulo","tag-sistema-cantareira","tag-sp-aguas-2","tag-transposicao-de-agua"],"yoast_head":"<!-- This site is optimized with the Yoast SEO Premium plugin v25.4 (Yoast SEO v26.0) - https:\/\/yoast.com\/wordpress\/plugins\/seo\/ -->\n<title>ANA autoriza capta\u00e7\u00e3o tempor\u00e1ria para refor\u00e7ar o Sistema Cantareira - Ag\u00eancia iNFRA<\/title>\n<meta name=\"robots\" content=\"index, follow, max-snippet:-1, max-image-preview:large, max-video-preview:-1\" \/>\n<link rel=\"canonical\" href=\"https:\/\/agenciainfra.com\/blog\/ana-autoriza-captacao-suplementar-temporaria-para-reforcar-o-sistema-cantareira\/\" \/>\n<meta property=\"og:locale\" content=\"pt_BR\" \/>\n<meta property=\"og:type\" content=\"article\" \/>\n<meta property=\"og:title\" content=\"ANA autoriza capta\u00e7\u00e3o tempor\u00e1ria para refor\u00e7ar o Sistema Cantareira\" \/>\n<meta property=\"og:description\" content=\"da Ag\u00eancia iNFRA A ANA (Ag\u00eancia Nacional de \u00c1guas e Saneamento B\u00e1sico), em conjunto com \u00f3rg\u00e3os estaduais de S\u00e3o Paulo, Minas Gerais e Rio de Janeiro, autorizou nesta segunda-feira (29) a capta\u00e7\u00e3o suplementar de \u00e1gua do reservat\u00f3rio da Usina Hidrel\u00e9trica Jaguari para o reservat\u00f3rio Atibainha, integrante do Sistema Cantareira. A medida, solicitada pela Sabesp, tem [&hellip;]\" \/>\n<meta property=\"og:url\" content=\"https:\/\/agenciainfra.com\/blog\/ana-autoriza-captacao-suplementar-temporaria-para-reforcar-o-sistema-cantareira\/\" \/>\n<meta property=\"og:site_name\" content=\"Ag\u00eancia iNFRA\" \/>\n<meta property=\"article:publisher\" content=\"https:\/\/www.facebook.com\/ageninfra\" \/>\n<meta property=\"article:published_time\" content=\"2025-09-29T21:33:00+00:00\" \/>\n<meta property=\"article:modified_time\" content=\"2025-09-29T21:59:05+00:00\" \/>\n<meta property=\"og:image\" content=\"https:\/\/agenciainfra.com\/blog\/wp-content\/uploads\/2025\/09\/rio-paraiba-do-sul-rj-foto-divulgacao-ana.jpeg\" \/>\n\t<meta property=\"og:image:width\" content=\"567\" \/>\n\t<meta property=\"og:image:height\" content=\"378\" \/>\n\t<meta property=\"og:image:type\" content=\"image\/jpeg\" \/>\n<meta name=\"author\" content=\"Ag\u00eancia iNFRA\" \/>\n<meta name=\"twitter:card\" content=\"summary_large_image\" \/>\n<meta name=\"twitter:creator\" content=\"@agencia_infra\" \/>\n<meta name=\"twitter:site\" content=\"@agencia_infra\" \/>\n<meta name=\"twitter:label1\" content=\"Escrito por\" \/>\n\t<meta name=\"twitter:data1\" content=\"Ag\u00eancia iNFRA\" \/>\n\t<meta name=\"twitter:label2\" content=\"Est. tempo de leitura\" \/>\n\t<meta name=\"twitter:data2\" content=\"1 minuto\" \/>\n<script type=\"application\/ld+json\" class=\"yoast-schema-graph\">{\"@context\":\"https:\/\/schema.org\",\"@graph\":[{\"@type\":\"Article\",\"@id\":\"https:\/\/agenciainfra.com\/blog\/ana-autoriza-captacao-suplementar-temporaria-para-reforcar-o-sistema-cantareira\/#article\",\"isPartOf\":{\"@id\":\"https:\/\/agenciainfra.com\/blog\/ana-autoriza-captacao-suplementar-temporaria-para-reforcar-o-sistema-cantareira\/\"},\"author\":{\"name\":\"Ag\u00eancia iNFRA\",\"@id\":\"https:\/\/agenciainfra.com\/blog\/#\/schema\/person\/34af08dff6adea4cb22b06612ba7acfa\"},\"headline\":\"ANA autoriza capta\u00e7\u00e3o tempor\u00e1ria para refor\u00e7ar o Sistema Cantareira\",\"datePublished\":\"2025-09-29T21:33:00+00:00\",\"dateModified\":\"2025-09-29T21:59:05+00:00\",\"mainEntityOfPage\":{\"@id\":\"https:\/\/agenciainfra.com\/blog\/ana-autoriza-captacao-suplementar-temporaria-para-reforcar-o-sistema-cantareira\/\"},\"wordCount\":310,\"publisher\":{\"@id\":\"https:\/\/agenciainfra.com\/blog\/#organization\"},\"image\":{\"@id\":\"https:\/\/agenciainfra.com\/blog\/ana-autoriza-captacao-suplementar-temporaria-para-reforcar-o-sistema-cantareira\/#primaryimage\"},\"thumbnailUrl\":\"https:\/\/agenciainfra.com\/blog\/wp-content\/uploads\/2025\/09\/rio-paraiba-do-sul-rj-foto-divulgacao-ana.jpeg\",\"keywords\":[\"abastecimento p\u00fablico\",\"ANA\",\"Atibainha\",\"crise h\u00eddrica\",\"estiagem\",\"gest\u00e3o integrada\",\"IGAM\",\"Inea\",\"Jaguari\",\"Para\u00edba do Sul\",\"recursos h\u00eddricos\",\"Sabesp\",\"S\u00e3o Paulo\",\"Sistema Cantareira\",\"SP \u00c1guas\",\"transposi\u00e7\u00e3o de \u00e1gua\"],\"articleSection\":[\"Geral\",\"Giro iNFRA\"],\"inLanguage\":\"pt-BR\",\"copyrightYear\":\"2025\",\"copyrightHolder\":{\"@id\":\"https:\/\/agenciainfra.com\/blog\/#organization\"}},{\"@type\":\"WebPage\",\"@id\":\"https:\/\/agenciainfra.com\/blog\/ana-autoriza-captacao-suplementar-temporaria-para-reforcar-o-sistema-cantareira\/\",\"url\":\"https:\/\/agenciainfra.com\/blog\/ana-autoriza-captacao-suplementar-temporaria-para-reforcar-o-sistema-cantareira\/\",\"name\":\"ANA autoriza capta\u00e7\u00e3o tempor\u00e1ria para refor\u00e7ar o Sistema Cantareira - Ag\u00eancia iNFRA\",\"isPartOf\":{\"@id\":\"https:\/\/agenciainfra.com\/blog\/#website\"},\"primaryImageOfPage\":{\"@id\":\"https:\/\/agenciainfra.com\/blog\/ana-autoriza-captacao-suplementar-temporaria-para-reforcar-o-sistema-cantareira\/#primaryimage\"},\"image\":{\"@id\":\"https:\/\/agenciainfra.com\/blog\/ana-autoriza-captacao-suplementar-temporaria-para-reforcar-o-sistema-cantareira\/#primaryimage\"},\"thumbnailUrl\":\"https:\/\/agenciainfra.com\/blog\/wp-content\/uploads\/2025\/09\/rio-paraiba-do-sul-rj-foto-divulgacao-ana.jpeg\",\"datePublished\":\"2025-09-29T21:33:00+00:00\",\"dateModified\":\"2025-09-29T21:59:05+00:00\",\"breadcrumb\":{\"@id\":\"https:\/\/agenciainfra.com\/blog\/ana-autoriza-captacao-suplementar-temporaria-para-reforcar-o-sistema-cantareira\/#breadcrumb\"},\"inLanguage\":\"pt-BR\",\"potentialAction\":[{\"@type\":\"ReadAction\",\"target\":[\"https:\/\/agenciainfra.com\/blog\/ana-autoriza-captacao-suplementar-temporaria-para-reforcar-o-sistema-cantareira\/\"]}]},{\"@type\":\"ImageObject\",\"inLanguage\":\"pt-BR\",\"@id\":\"https:\/\/agenciainfra.com\/blog\/ana-autoriza-captacao-suplementar-temporaria-para-reforcar-o-sistema-cantareira\/#primaryimage\",\"url\":\"https:\/\/agenciainfra.com\/blog\/wp-content\/uploads\/2025\/09\/rio-paraiba-do-sul-rj-foto-divulgacao-ana.jpeg\",\"contentUrl\":\"https:\/\/agenciainfra.com\/blog\/wp-content\/uploads\/2025\/09\/rio-paraiba-do-sul-rj-foto-divulgacao-ana.jpeg\",\"width\":567,\"height\":378,\"caption\":\"Foto: Zig Koch\/ANA\"},{\"@type\":\"BreadcrumbList\",\"@id\":\"https:\/\/agenciainfra.com\/blog\/ana-autoriza-captacao-suplementar-temporaria-para-reforcar-o-sistema-cantareira\/#breadcrumb\",\"itemListElement\":[{\"@type\":\"ListItem\",\"position\":1,\"name\":\"In\u00edcio\",\"item\":\"https:\/\/agenciainfra.com\/blog\/\"},{\"@type\":\"ListItem\",\"position\":2,\"name\":\"ANA autoriza capta\u00e7\u00e3o tempor\u00e1ria para refor\u00e7ar o Sistema Cantareira\"}]},{\"@type\":\"WebSite\",\"@id\":\"https:\/\/agenciainfra.com\/blog\/#website\",\"url\":\"https:\/\/agenciainfra.com\/blog\/\",\"name\":\"Ag\u00eancia iNFRA\",\"description\":\"Multiplataforma de informa\u00e7\u00e3o jornal\u00edstica refer\u00eancia na \u00e1rea de infraestrutura no Brasil!\",\"publisher\":{\"@id\":\"https:\/\/agenciainfra.com\/blog\/#organization\"},\"potentialAction\":[{\"@type\":\"SearchAction\",\"target\":{\"@type\":\"EntryPoint\",\"urlTemplate\":\"https:\/\/agenciainfra.com\/blog\/?s={search_term_string}\"},\"query-input\":{\"@type\":\"PropertyValueSpecification\",\"valueRequired\":true,\"valueName\":\"search_term_string\"}}],\"inLanguage\":\"pt-BR\"},{\"@type\":\"Organization\",\"@id\":\"https:\/\/agenciainfra.com\/blog\/#organization\",\"name\":\"Ag\u00eancia iNFRA\",\"url\":\"https:\/\/agenciainfra.com\/blog\/\",\"logo\":{\"@type\":\"ImageObject\",\"inLanguage\":\"pt-BR\",\"@id\":\"https:\/\/agenciainfra.com\/blog\/#\/schema\/logo\/image\/\",\"url\":\"https:\/\/agenciainfra.com\/blog\/wp-content\/uploads\/2023\/09\/iNFRA_5-e1761735885940.png\",\"contentUrl\":\"https:\/\/agenciainfra.com\/blog\/wp-content\/uploads\/2023\/09\/iNFRA_5-e1761735885940.png\",\"width\":1672,\"height\":454,\"caption\":\"Ag\u00eancia iNFRA\"},\"image\":{\"@id\":\"https:\/\/agenciainfra.com\/blog\/#\/schema\/logo\/image\/\"},\"sameAs\":[\"https:\/\/www.facebook.com\/ageninfra\",\"https:\/\/x.com\/agencia_infra\",\"https:\/\/www.linkedin.com\/company\/ag\u00eanciainfra\/\",\"https:\/\/www.instagram.com\/agenciainfra\/\"]},{\"@type\":\"Person\",\"@id\":\"https:\/\/agenciainfra.com\/blog\/#\/schema\/person\/34af08dff6adea4cb22b06612ba7acfa\",\"name\":\"Ag\u00eancia iNFRA\",\"image\":{\"@type\":\"ImageObject\",\"inLanguage\":\"pt-BR\",\"@id\":\"https:\/\/agenciainfra.com\/blog\/#\/schema\/person\/image\/\",\"url\":\"https:\/\/secure.gravatar.com\/avatar\/d189e01678f06d8eb84d4e01f08eb848b3fffe3f8443818d3c356c66892f5be8?s=96&d=mm&r=g\",\"contentUrl\":\"https:\/\/secure.gravatar.com\/avatar\/d189e01678f06d8eb84d4e01f08eb848b3fffe3f8443818d3c356c66892f5be8?s=96&d=mm&r=g\",\"caption\":\"Ag\u00eancia iNFRA\"},\"url\":\"https:\/\/agenciainfra.com\/blog\/author\/admin\/\"}]}<\/script>\n<!-- \/ Yoast SEO Premium plugin. -->","yoast_head_json":{"title":"ANA autoriza capta\u00e7\u00e3o tempor\u00e1ria para refor\u00e7ar o Sistema Cantareira - Ag\u00eancia iNFRA","robots":{"index":"index","follow":"follow","max-snippet":"max-snippet:-1","max-image-preview":"max-image-preview:large","max-video-preview":"max-video-preview:-1"},"canonical":"https:\/\/agenciainfra.com\/blog\/ana-autoriza-captacao-suplementar-temporaria-para-reforcar-o-sistema-cantareira\/","og_locale":"pt_BR","og_type":"article","og_title":"ANA autoriza capta\u00e7\u00e3o tempor\u00e1ria para refor\u00e7ar o Sistema Cantareira","og_description":"da Ag\u00eancia iNFRA A ANA (Ag\u00eancia Nacional de \u00c1guas e Saneamento B\u00e1sico), em conjunto com \u00f3rg\u00e3os estaduais de S\u00e3o Paulo, Minas Gerais e Rio de Janeiro, autorizou nesta segunda-feira (29) a capta\u00e7\u00e3o suplementar de \u00e1gua do reservat\u00f3rio da Usina Hidrel\u00e9trica Jaguari para o reservat\u00f3rio Atibainha, integrante do Sistema Cantareira. A medida, solicitada pela Sabesp, tem [&hellip;]","og_url":"https:\/\/agenciainfra.com\/blog\/ana-autoriza-captacao-suplementar-temporaria-para-reforcar-o-sistema-cantareira\/","og_site_name":"Ag\u00eancia iNFRA","article_publisher":"https:\/\/www.facebook.com\/ageninfra","article_published_time":"2025-09-29T21:33:00+00:00","article_modified_time":"2025-09-29T21:59:05+00:00","og_image":[{"width":567,"height":378,"url":"https:\/\/agenciainfra.com\/blog\/wp-content\/uploads\/2025\/09\/rio-paraiba-do-sul-rj-foto-divulgacao-ana.jpeg","type":"image\/jpeg"}],"author":"Ag\u00eancia iNFRA","twitter_card":"summary_large_image","twitter_creator":"@agencia_infra","twitter_site":"@agencia_infra","twitter_misc":{"Escrito por":"Ag\u00eancia iNFRA","Est. tempo de leitura":"1 minuto"},"schema":{"@context":"https:\/\/schema.org","@graph":[{"@type":"Article","@id":"https:\/\/agenciainfra.com\/blog\/ana-autoriza-captacao-suplementar-temporaria-para-reforcar-o-sistema-cantareira\/#article","isPartOf":{"@id":"https:\/\/agenciainfra.com\/blog\/ana-autoriza-captacao-suplementar-temporaria-para-reforcar-o-sistema-cantareira\/"},"author":{"name":"Ag\u00eancia iNFRA","@id":"https:\/\/agenciainfra.com\/blog\/#\/schema\/person\/34af08dff6adea4cb22b06612ba7acfa"},"headline":"ANA autoriza capta\u00e7\u00e3o tempor\u00e1ria para refor\u00e7ar o Sistema Cantareira","datePublished":"2025-09-29T21:33:00+00:00","dateModified":"2025-09-29T21:59:05+00:00","mainEntityOfPage":{"@id":"https:\/\/agenciainfra.com\/blog\/ana-autoriza-captacao-suplementar-temporaria-para-reforcar-o-sistema-cantareira\/"},"wordCount":310,"publisher":{"@id":"https:\/\/agenciainfra.com\/blog\/#organization"},"image":{"@id":"https:\/\/agenciainfra.com\/blog\/ana-autoriza-captacao-suplementar-temporaria-para-reforcar-o-sistema-cantareira\/#primaryimage"},"thumbnailUrl":"https:\/\/agenciainfra.com\/blog\/wp-content\/uploads\/2025\/09\/rio-paraiba-do-sul-rj-foto-divulgacao-ana.jpeg","keywords":["abastecimento p\u00fablico","ANA","Atibainha","crise h\u00eddrica","estiagem","gest\u00e3o integrada","IGAM","Inea","Jaguari","Para\u00edba do Sul","recursos h\u00eddricos","Sabesp","S\u00e3o Paulo","Sistema Cantareira","SP \u00c1guas","transposi\u00e7\u00e3o de \u00e1gua"],"articleSection":["Geral","Giro iNFRA"],"inLanguage":"pt-BR","copyrightYear":"2025","copyrightHolder":{"@id":"https:\/\/agenciainfra.com\/blog\/#organization"}},{"@type":"WebPage","@id":"https:\/\/agenciainfra.com\/blog\/ana-autoriza-captacao-suplementar-temporaria-para-reforcar-o-sistema-cantareira\/","url":"https:\/\/agenciainfra.com\/blog\/ana-autoriza-captacao-suplementar-temporaria-para-reforcar-o-sistema-cantareira\/","name":"ANA autoriza capta\u00e7\u00e3o tempor\u00e1ria para refor\u00e7ar o Sistema Cantareira - Ag\u00eancia iNFRA","isPartOf":{"@id":"https:\/\/agenciainfra.com\/blog\/#website"},"primaryImageOfPage":{"@id":"https:\/\/agenciainfra.com\/blog\/ana-autoriza-captacao-suplementar-temporaria-para-reforcar-o-sistema-cantareira\/#primaryimage"},"image":{"@id":"https:\/\/agenciainfra.com\/blog\/ana-autoriza-captacao-suplementar-temporaria-para-reforcar-o-sistema-cantareira\/#primaryimage"},"thumbnailUrl":"https:\/\/agenciainfra.com\/blog\/wp-content\/uploads\/2025\/09\/rio-paraiba-do-sul-rj-foto-divulgacao-ana.jpeg","datePublished":"2025-09-29T21:33:00+00:00","dateModified":"2025-09-29T21:59:05+00:00","breadcrumb":{"@id":"https:\/\/agenciainfra.com\/blog\/ana-autoriza-captacao-suplementar-temporaria-para-reforcar-o-sistema-cantareira\/#breadcrumb"},"inLanguage":"pt-BR","potentialAction":[{"@type":"ReadAction","target":["https:\/\/agenciainfra.com\/blog\/ana-autoriza-captacao-suplementar-temporaria-para-reforcar-o-sistema-cantareira\/"]}]},{"@type":"ImageObject","inLanguage":"pt-BR","@id":"https:\/\/agenciainfra.com\/blog\/ana-autoriza-captacao-suplementar-temporaria-para-reforcar-o-sistema-cantareira\/#primaryimage","url":"https:\/\/agenciainfra.com\/blog\/wp-content\/uploads\/2025\/09\/rio-paraiba-do-sul-rj-foto-divulgacao-ana.jpeg","contentUrl":"https:\/\/agenciainfra.com\/blog\/wp-content\/uploads\/2025\/09\/rio-paraiba-do-sul-rj-foto-divulgacao-ana.jpeg","width":567,"height":378,"caption":"Foto: Zig Koch\/ANA"},{"@type":"BreadcrumbList","@id":"https:\/\/agenciainfra.com\/blog\/ana-autoriza-captacao-suplementar-temporaria-para-reforcar-o-sistema-cantareira\/#breadcrumb","itemListElement":[{"@type":"ListItem","position":1,"name":"In\u00edcio","item":"https:\/\/agenciainfra.com\/blog\/"},{"@type":"ListItem","position":2,"name":"ANA autoriza capta\u00e7\u00e3o tempor\u00e1ria para refor\u00e7ar o Sistema Cantareira"}]},{"@type":"WebSite","@id":"https:\/\/agenciainfra.com\/blog\/#website","url":"https:\/\/agenciainfra.com\/blog\/","name":"Ag\u00eancia iNFRA","description":"Multiplataforma de informa\u00e7\u00e3o jornal\u00edstica refer\u00eancia na \u00e1rea de infraestrutura no Brasil!","publisher":{"@id":"https:\/\/agenciainfra.com\/blog\/#organization"},"potentialAction":[{"@type":"SearchAction","target":{"@type":"EntryPoint","urlTemplate":"https:\/\/agenciainfra.com\/blog\/?s={search_term_string}"},"query-input":{"@type":"PropertyValueSpecification","valueRequired":true,"valueName":"search_term_string"}}],"inLanguage":"pt-BR"},{"@type":"Organization","@id":"https:\/\/agenciainfra.com\/blog\/#organization","name":"Ag\u00eancia iNFRA","url":"https:\/\/agenciainfra.com\/blog\/","logo":{"@type":"ImageObject","inLanguage":"pt-BR","@id":"https:\/\/agenciainfra.com\/blog\/#\/schema\/logo\/image\/","url":"https:\/\/agenciainfra.com\/blog\/wp-content\/uploads\/2023\/09\/iNFRA_5-e1761735885940.png","contentUrl":"https:\/\/agenciainfra.com\/blog\/wp-content\/uploads\/2023\/09\/iNFRA_5-e1761735885940.png","width":1672,"height":454,"caption":"Ag\u00eancia iNFRA"},"image":{"@id":"https:\/\/agenciainfra.com\/blog\/#\/schema\/logo\/image\/"},"sameAs":["https:\/\/www.facebook.com\/ageninfra","https:\/\/x.com\/agencia_infra","https:\/\/www.linkedin.com\/company\/ag\u00eanciainfra\/","https:\/\/www.instagram.com\/agenciainfra\/"]},{"@type":"Person","@id":"https:\/\/agenciainfra.com\/blog\/#\/schema\/person\/34af08dff6adea4cb22b06612ba7acfa","name":"Ag\u00eancia iNFRA","image":{"@type":"ImageObject","inLanguage":"pt-BR","@id":"https:\/\/agenciainfra.com\/blog\/#\/schema\/person\/image\/","url":"https:\/\/secure.gravatar.com\/avatar\/d189e01678f06d8eb84d4e01f08eb848b3fffe3f8443818d3c356c66892f5be8?s=96&d=mm&r=g","contentUrl":"https:\/\/secure.gravatar.com\/avatar\/d189e01678f06d8eb84d4e01f08eb848b3fffe3f8443818d3c356c66892f5be8?s=96&d=mm&r=g","caption":"Ag\u00eancia iNFRA"},"url":"https:\/\/agenciainfra.com\/blog\/author\/admin\/"}]}},"_links":{"self":[{"href":"https:\/\/agenciainfra.com\/blog\/wp-json\/wp\/v2\/posts\/28886","targetHints":{"allow":["GET"]}}],"collection":[{"href":"https:\/\/agenciainfra.com\/blog\/wp-json\/wp\/v2\/posts"}],"about":[{"href":"https:\/\/agenciainfra.com\/blog\/wp-json\/wp\/v2\/types\/post"}],"author":[{"embeddable":true,"href":"https:\/\/agenciainfra.com\/blog\/wp-json\/wp\/v2\/users\/1"}],"replies":[{"embeddable":true,"href":"https:\/\/agenciainfra.com\/blog\/wp-json\/wp\/v2\/comments?post=28886"}],"version-history":[{"count":2,"href":"https:\/\/agenciainfra.com\/blog\/wp-json\/wp\/v2\/posts\/28886\/revisions"}],"predecessor-version":[{"id":28890,"href":"https:\/\/agenciainfra.com\/blog\/wp-json\/wp\/v2\/posts\/28886\/revisions\/28890"}],"wp:featuredmedia":[{"embeddable":true,"href":"https:\/\/agenciainfra.com\/blog\/wp-json\/wp\/v2\/media\/28892"}],"wp:attachment":[{"href":"https:\/\/agenciainfra.com\/blog\/wp-json\/wp\/v2\/media?parent=28886"}],"wp:term":[{"taxonomy":"category","embeddable":true,"href":"https:\/\/agenciainfra.com\/blog\/wp-json\/wp\/v2\/categories?post=28886"},{"taxonomy":"post_tag","embeddable":true,"href":"https:\/\/agenciainfra.com\/blog\/wp-json\/wp\/v2\/tags?post=28886"}],"curies":[{"name":"wp","href":"https:\/\/api.w.org\/{rel}","templated":true}]}}