{"id":28896,"date":"2025-09-29T19:14:49","date_gmt":"2025-09-29T22:14:49","guid":{"rendered":"https:\/\/agenciainfra.com\/blog\/?p=28896"},"modified":"2025-09-30T20:28:06","modified_gmt":"2025-09-30T23:28:06","slug":"petrobras-considera-ja-ter-ajustado-documentos-por-licenca-na-margem-equatorial","status":"publish","type":"post","link":"https:\/\/agenciainfra.com\/blog\/petrobras-considera-ja-ter-ajustado-documentos-por-licenca-na-margem-equatorial\/","title":{"rendered":"Petrobras considera j\u00e1 ter ajustado documentos por licen\u00e7a na Margem Equatorial"},"content":{"rendered":"\n<p class=\"has-text-align-right\"><strong>Gabriel Vasconcelos, da Ag\u00eancia iNFRA<\/strong><\/p>\n\n\n\n<p>A Petrobras considera que j\u00e1 fez os ajustes solicitados pelo Ibama nos chamados PEI (Plano de Emerg\u00eancia Individual) e PPAF (Plano de Prote\u00e7\u00e3o \u00e0 Fauna) relativos \u00e0 perfura\u00e7\u00e3o de um po\u00e7o explorat\u00f3rio no bloco FZA-M-59, no mar do Amap\u00e1, dentro da Bacia da Foz do Amazonas, uma das cinco que formam a Margem Equatorial. Assim, a &#8220;bola&#8221; do processo de licenciamento ambiental estaria novamente com o Ibama.<\/p>\n\n\n\n<p>Mesmo com ressalvas, na semana passada a Petrobras foi aprovada na APO (Avalia\u00e7\u00e3o Pr\u00e9-Operacional), esp\u00e9cie de simulado de emerg\u00eancia realizado com sonda no local pretendido da perfura\u00e7\u00e3o. Mas a emiss\u00e3o da licen\u00e7a ambiental para in\u00edcio dos trabalhos no local ainda depende da aprova\u00e7\u00e3o dos documentos ajustados pelo Ibama, o que s\u00f3 deve acontecer em meados de outubro.<\/p>\n\n\n\n<p>Al\u00e9m disso, ainda que sem preju\u00edzo ao licenciamento, o Ibama determinou que a estatal ainda ter\u00e1 de fazer um novo simulado exclusivamente voltado ao resgate de animais durante a fase de reservat\u00f3rio do po\u00e7o. A leitura dentro da Petrobras \u00e9 que isso deve acontecer, portanto, depois da licen\u00e7a e em paralelo \u00e0 opera\u00e7\u00e3o.<\/p>\n\n\n\n<p><strong>Ajustes<\/strong><br>Em carta ao Ibama registrada no sistema de informa\u00e7\u00f5es eletr\u00f4nico da autarquia na \u00faltima sexta-feira (26), o gerente de Licenciamento de Explora\u00e7\u00e3o e Produ\u00e7\u00e3o da Perrobras, Gustavo Limp, informou que as corre\u00e7\u00f5es j\u00e1 haviam sido feitas nos documentos, reencaminhados com as altera\u00e7\u00f5es destacadas em cinza. A Ag\u00eancia iNFRA verificou o documento que contem ajustes pontuais de conte\u00fado, com substitui\u00e7\u00e3o e adi\u00e7\u00f5es de palavras para marcar a troca no n\u00famero de embarca\u00e7\u00f5es ou profissionais dedicados a cada a\u00e7\u00e3o, como no caso das lanchas corredeiras, que passam de duas, como inicialmente previsto, para as quatro efetivamente usadas.<\/p>\n\n\n\n<p>As corre\u00e7\u00f5es dizem respeito, principalmente, \u00e0s previs\u00f5es de equipamentos e procedimentos de resgate de fauna, alvo de cr\u00edticas contundentes dos avaliadores do Ibama. Em relat\u00f3rio, o \u00f3rg\u00e3o apontou descasamento entre o que estava previsto no plano da Petrobras e a pr\u00e1tica varificada, na qual a petroleira cumpriu as miss\u00f5es e tempos m\u00e1ximos de resgate (24 horas), mas lan\u00e7ando m\u00e3o de uma estrutura maior do que a prevista e j\u00e1 pr\u00e9-mobilizada, al\u00e9m de executar parte da tarefa em per\u00edodo noturno, o que n\u00e3o estava incialmente previsto.<\/p>\n\n\n\n<p>O Ibama tamb\u00e9m apontou inconsist\u00eancias na comunica\u00e7\u00e3o transfronteiri\u00e7a, ou seja, a comunica\u00e7\u00e3o de incidentes a pa\u00edses pr\u00f3ximos, como Guiana Francesa e Suriname, cujas \u00e1guas podem vir a ser contaminadas por um vazamento de \u00f3leo no litoral brasileiro. E ainda encontrou diverg\u00eancias entre a posi\u00e7\u00e3o inicial das embarca\u00e7\u00f5es indicada nos planos (dentro do limite da \u00e1rea do fundeio do porto de Bel\u00e9m) e as efetivamente praticadas, al\u00e9m de pedir &#8220;intensifica\u00e7\u00e3o de treinamento&#8221; para as equipes de sobrevoo do Oiapoque.<\/p>\n\n\n\n<p><strong>Relat\u00f3rio<\/strong><br>Nas conclus\u00f5es da parte do relat\u00f3rio sobre resgate de fauna, o Ibama fala em &#8220;descumprimento do PPAF&#8221; devido \u00e0 &#8220;descontinuidade da capacidade de resgate e estabiliza\u00e7\u00e3o de fauna offshore&#8221;; aponta estresse dos limites de seguran\u00e7a pa(a cumprimento de prazos m\u00e1ximos de resgate e tempo realizado no limite (23 horas e 24 minutos) somente em fun\u00e7\u00e3o das boas condi\u00e7\u00f5es de navegabilidade no dia do teste; e assinala o uso embarca\u00e7\u00f5es e estruturas &#8220;adicionais e de oportunidade&#8221;, que tinham previs\u00e3o de acionamento em at\u00e9 48 horas mas j\u00e1 estavam dispon\u00edveis desde as primeiras horas do teste. \u00c9 o caso das lanchas corredeiras adicionais, uma embarca\u00e7\u00e3o maior (MCE), e o que foi chamado de PAF (ponto de apoio fluvial).<\/p>\n\n\n\n<p>&#8220;Entende-se que durante a Avalia\u00e7\u00e3o Pr\u00e9 Operacional realizada, a empresa n\u00e3o foi capaz de executar satisfatoriamente o PPAF proposto e que os recursos e estrat\u00e9gias previstos no Plano n\u00e3o s\u00e3o suficientes para atender o Manual de Boas Pr\u00e1ticas&#8221;, escreveram os t\u00e9cnicos do Ibama.<\/p>\n\n\n\n<p>&#8220;Restou provado, na pr\u00e1tica, o que vinha sendo afirmado nas an\u00e1lises t\u00e9cnicas referentes ao PPAF, que o Plano proposto n\u00e3o \u00e9 capaz de garantir a\u00e7\u00f5es adequadas ao atendimento dos animais que vierem a ser contaminados em um eventual acidente com vazamento de \u00f3leo, o que poder\u00e1 resultar em perda maci\u00e7a de biodiversidade, levando estes animais \u00e0 morte&#8221;, continuaram os t\u00e9cnicos no documento.<\/p>\n\n\n\n<p>Na sequ\u00eancia, eles pediram &#8220;nova vers\u00e3o do PPAF que demonstre, inequivocamente, capacidade de atendimento aos animais eventualmente contaminados em caso de incidente com vazamento de \u00f3leo&#8221;. A Petrobras, no entanto, se limitou \u00e0 editar os documentos j\u00e1 entregues, reenviando-os dois dias depois do parecer t\u00e9cnico do Ibama.<\/p>\n\n\n\n<p><\/p>\n","protected":false},"excerpt":{"rendered":"<p>Gabriel Vasconcelos, da Ag\u00eancia iNFRA A Petrobras considera que j\u00e1 fez os ajustes solicitados pelo Ibama nos chamados PEI (Plano de Emerg\u00eancia Individual) e PPAF (Plano de Prote\u00e7\u00e3o \u00e0 Fauna) relativos \u00e0 perfura\u00e7\u00e3o de um po\u00e7o explorat\u00f3rio no bloco FZA-M-59, no mar do Amap\u00e1, dentro da Bacia da Foz do Amazonas, uma das cinco que [&hellip;]<\/p>\n","protected":false},"author":1,"featured_media":23079,"comment_status":"closed","ping_status":"closed","sticky":false,"template":"","format":"standard","meta":{"_monsterinsights_skip_tracking":false,"_monsterinsights_sitenote_active":false,"_monsterinsights_sitenote_note":"","_monsterinsights_sitenote_category":0,"footnotes":""},"categories":[7250,1,13271],"tags":[3003,14536,13251,749,13269,143],"class_list":["post-28896","post","type-post","status-publish","format-standard","has-post-thumbnail","hentry","category-destaque-lista","category-geral","category-oleo-gas","tag-amapa","tag-exploracao-e-producao-de-petroleo","tag-gabriel-vasconcelos","tag-ibama","tag-margem-equatorial","tag-petrobras"],"yoast_head":"<!-- This site is optimized with the Yoast SEO Premium plugin v25.4 (Yoast SEO v26.0) - https:\/\/yoast.com\/wordpress\/plugins\/seo\/ -->\n<title>Petrobras considera j\u00e1 ter ajustado documentos por licen\u00e7a na Margem Equatorial - Ag\u00eancia iNFRA<\/title>\n<meta name=\"robots\" content=\"index, follow, max-snippet:-1, max-image-preview:large, max-video-preview:-1\" \/>\n<link rel=\"canonical\" href=\"https:\/\/agenciainfra.com\/blog\/petrobras-considera-ja-ter-ajustado-documentos-por-licenca-na-margem-equatorial\/\" \/>\n<meta property=\"og:locale\" content=\"pt_BR\" \/>\n<meta property=\"og:type\" content=\"article\" \/>\n<meta property=\"og:title\" content=\"Petrobras considera j\u00e1 ter ajustado documentos por licen\u00e7a na Margem Equatorial\" \/>\n<meta property=\"og:description\" content=\"Gabriel Vasconcelos, da Ag\u00eancia iNFRA A Petrobras considera que j\u00e1 fez os ajustes solicitados pelo Ibama nos chamados PEI (Plano de Emerg\u00eancia Individual) e PPAF (Plano de Prote\u00e7\u00e3o \u00e0 Fauna) relativos \u00e0 perfura\u00e7\u00e3o de um po\u00e7o explorat\u00f3rio no bloco FZA-M-59, no mar do Amap\u00e1, dentro da Bacia da Foz do Amazonas, uma das cinco que [&hellip;]\" \/>\n<meta property=\"og:url\" content=\"https:\/\/agenciainfra.com\/blog\/petrobras-considera-ja-ter-ajustado-documentos-por-licenca-na-margem-equatorial\/\" \/>\n<meta property=\"og:site_name\" content=\"Ag\u00eancia iNFRA\" \/>\n<meta property=\"article:publisher\" content=\"https:\/\/www.facebook.com\/ageninfra\" \/>\n<meta property=\"article:published_time\" content=\"2025-09-29T22:14:49+00:00\" \/>\n<meta property=\"article:modified_time\" content=\"2025-09-30T23:28:06+00:00\" \/>\n<meta property=\"og:image\" content=\"https:\/\/agenciainfra.com\/blog\/wp-content\/uploads\/2025\/06\/margem-equatorial-foz-do-amazonas-arte-petrobras-divulgacao.webp\" \/>\n\t<meta property=\"og:image:width\" content=\"1170\" \/>\n\t<meta property=\"og:image:height\" content=\"700\" \/>\n\t<meta property=\"og:image:type\" content=\"image\/webp\" \/>\n<meta name=\"author\" content=\"Ag\u00eancia iNFRA\" \/>\n<meta name=\"twitter:card\" content=\"summary_large_image\" \/>\n<meta name=\"twitter:creator\" content=\"@agencia_infra\" \/>\n<meta name=\"twitter:site\" content=\"@agencia_infra\" \/>\n<meta name=\"twitter:label1\" content=\"Escrito por\" \/>\n\t<meta name=\"twitter:data1\" content=\"Ag\u00eancia iNFRA\" \/>\n\t<meta name=\"twitter:label2\" content=\"Est. tempo de leitura\" \/>\n\t<meta name=\"twitter:data2\" content=\"4 minutos\" \/>\n<script type=\"application\/ld+json\" class=\"yoast-schema-graph\">{\"@context\":\"https:\/\/schema.org\",\"@graph\":[{\"@type\":\"Article\",\"@id\":\"https:\/\/agenciainfra.com\/blog\/petrobras-considera-ja-ter-ajustado-documentos-por-licenca-na-margem-equatorial\/#article\",\"isPartOf\":{\"@id\":\"https:\/\/agenciainfra.com\/blog\/petrobras-considera-ja-ter-ajustado-documentos-por-licenca-na-margem-equatorial\/\"},\"author\":{\"name\":\"Ag\u00eancia iNFRA\",\"@id\":\"https:\/\/agenciainfra.com\/blog\/#\/schema\/person\/34af08dff6adea4cb22b06612ba7acfa\"},\"headline\":\"Petrobras considera j\u00e1 ter ajustado documentos por licen\u00e7a na Margem Equatorial\",\"datePublished\":\"2025-09-29T22:14:49+00:00\",\"dateModified\":\"2025-09-30T23:28:06+00:00\",\"mainEntityOfPage\":{\"@id\":\"https:\/\/agenciainfra.com\/blog\/petrobras-considera-ja-ter-ajustado-documentos-por-licenca-na-margem-equatorial\/\"},\"wordCount\":799,\"publisher\":{\"@id\":\"https:\/\/agenciainfra.com\/blog\/#organization\"},\"image\":{\"@id\":\"https:\/\/agenciainfra.com\/blog\/petrobras-considera-ja-ter-ajustado-documentos-por-licenca-na-margem-equatorial\/#primaryimage\"},\"thumbnailUrl\":\"https:\/\/agenciainfra.com\/blog\/wp-content\/uploads\/2025\/06\/margem-equatorial-foz-do-amazonas-arte-petrobras-divulgacao.webp\",\"keywords\":[\"Amap\u00e1\",\"explora\u00e7\u00e3o e produ\u00e7\u00e3o de petr\u00f3leo\",\"Gabriel Vasconcelos\",\"Ibama\",\"margem equatorial\",\"Petrobras\"],\"articleSection\":[\"Destaque lista\",\"Geral\",\"\u00d3leo &amp; G\u00e1s\"],\"inLanguage\":\"pt-BR\",\"copyrightYear\":\"2025\",\"copyrightHolder\":{\"@id\":\"https:\/\/agenciainfra.com\/blog\/#organization\"}},{\"@type\":\"WebPage\",\"@id\":\"https:\/\/agenciainfra.com\/blog\/petrobras-considera-ja-ter-ajustado-documentos-por-licenca-na-margem-equatorial\/\",\"url\":\"https:\/\/agenciainfra.com\/blog\/petrobras-considera-ja-ter-ajustado-documentos-por-licenca-na-margem-equatorial\/\",\"name\":\"Petrobras considera j\u00e1 ter ajustado documentos por licen\u00e7a na Margem Equatorial - Ag\u00eancia iNFRA\",\"isPartOf\":{\"@id\":\"https:\/\/agenciainfra.com\/blog\/#website\"},\"primaryImageOfPage\":{\"@id\":\"https:\/\/agenciainfra.com\/blog\/petrobras-considera-ja-ter-ajustado-documentos-por-licenca-na-margem-equatorial\/#primaryimage\"},\"image\":{\"@id\":\"https:\/\/agenciainfra.com\/blog\/petrobras-considera-ja-ter-ajustado-documentos-por-licenca-na-margem-equatorial\/#primaryimage\"},\"thumbnailUrl\":\"https:\/\/agenciainfra.com\/blog\/wp-content\/uploads\/2025\/06\/margem-equatorial-foz-do-amazonas-arte-petrobras-divulgacao.webp\",\"datePublished\":\"2025-09-29T22:14:49+00:00\",\"dateModified\":\"2025-09-30T23:28:06+00:00\",\"breadcrumb\":{\"@id\":\"https:\/\/agenciainfra.com\/blog\/petrobras-considera-ja-ter-ajustado-documentos-por-licenca-na-margem-equatorial\/#breadcrumb\"},\"inLanguage\":\"pt-BR\",\"potentialAction\":[{\"@type\":\"ReadAction\",\"target\":[\"https:\/\/agenciainfra.com\/blog\/petrobras-considera-ja-ter-ajustado-documentos-por-licenca-na-margem-equatorial\/\"]}]},{\"@type\":\"ImageObject\",\"inLanguage\":\"pt-BR\",\"@id\":\"https:\/\/agenciainfra.com\/blog\/petrobras-considera-ja-ter-ajustado-documentos-por-licenca-na-margem-equatorial\/#primaryimage\",\"url\":\"https:\/\/agenciainfra.com\/blog\/wp-content\/uploads\/2025\/06\/margem-equatorial-foz-do-amazonas-arte-petrobras-divulgacao.webp\",\"contentUrl\":\"https:\/\/agenciainfra.com\/blog\/wp-content\/uploads\/2025\/06\/margem-equatorial-foz-do-amazonas-arte-petrobras-divulgacao.webp\",\"width\":1170,\"height\":700,\"caption\":\"Arte: Petrobras\"},{\"@type\":\"BreadcrumbList\",\"@id\":\"https:\/\/agenciainfra.com\/blog\/petrobras-considera-ja-ter-ajustado-documentos-por-licenca-na-margem-equatorial\/#breadcrumb\",\"itemListElement\":[{\"@type\":\"ListItem\",\"position\":1,\"name\":\"In\u00edcio\",\"item\":\"https:\/\/agenciainfra.com\/blog\/\"},{\"@type\":\"ListItem\",\"position\":2,\"name\":\"Petrobras considera j\u00e1 ter ajustado documentos por licen\u00e7a na Margem Equatorial\"}]},{\"@type\":\"WebSite\",\"@id\":\"https:\/\/agenciainfra.com\/blog\/#website\",\"url\":\"https:\/\/agenciainfra.com\/blog\/\",\"name\":\"Ag\u00eancia iNFRA\",\"description\":\"Multiplataforma de informa\u00e7\u00e3o jornal\u00edstica refer\u00eancia na \u00e1rea de infraestrutura no Brasil!\",\"publisher\":{\"@id\":\"https:\/\/agenciainfra.com\/blog\/#organization\"},\"potentialAction\":[{\"@type\":\"SearchAction\",\"target\":{\"@type\":\"EntryPoint\",\"urlTemplate\":\"https:\/\/agenciainfra.com\/blog\/?s={search_term_string}\"},\"query-input\":{\"@type\":\"PropertyValueSpecification\",\"valueRequired\":true,\"valueName\":\"search_term_string\"}}],\"inLanguage\":\"pt-BR\"},{\"@type\":\"Organization\",\"@id\":\"https:\/\/agenciainfra.com\/blog\/#organization\",\"name\":\"Ag\u00eancia iNFRA\",\"url\":\"https:\/\/agenciainfra.com\/blog\/\",\"logo\":{\"@type\":\"ImageObject\",\"inLanguage\":\"pt-BR\",\"@id\":\"https:\/\/agenciainfra.com\/blog\/#\/schema\/logo\/image\/\",\"url\":\"https:\/\/agenciainfra.com\/blog\/wp-content\/uploads\/2023\/09\/iNFRA_5-e1761735885940.png\",\"contentUrl\":\"https:\/\/agenciainfra.com\/blog\/wp-content\/uploads\/2023\/09\/iNFRA_5-e1761735885940.png\",\"width\":1672,\"height\":454,\"caption\":\"Ag\u00eancia iNFRA\"},\"image\":{\"@id\":\"https:\/\/agenciainfra.com\/blog\/#\/schema\/logo\/image\/\"},\"sameAs\":[\"https:\/\/www.facebook.com\/ageninfra\",\"https:\/\/x.com\/agencia_infra\",\"https:\/\/www.linkedin.com\/company\/ag\u00eanciainfra\/\",\"https:\/\/www.instagram.com\/agenciainfra\/\"]},{\"@type\":\"Person\",\"@id\":\"https:\/\/agenciainfra.com\/blog\/#\/schema\/person\/34af08dff6adea4cb22b06612ba7acfa\",\"name\":\"Ag\u00eancia iNFRA\",\"image\":{\"@type\":\"ImageObject\",\"inLanguage\":\"pt-BR\",\"@id\":\"https:\/\/agenciainfra.com\/blog\/#\/schema\/person\/image\/\",\"url\":\"https:\/\/secure.gravatar.com\/avatar\/d189e01678f06d8eb84d4e01f08eb848b3fffe3f8443818d3c356c66892f5be8?s=96&d=mm&r=g\",\"contentUrl\":\"https:\/\/secure.gravatar.com\/avatar\/d189e01678f06d8eb84d4e01f08eb848b3fffe3f8443818d3c356c66892f5be8?s=96&d=mm&r=g\",\"caption\":\"Ag\u00eancia iNFRA\"},\"url\":\"https:\/\/agenciainfra.com\/blog\/author\/admin\/\"}]}<\/script>\n<!-- \/ Yoast SEO Premium plugin. -->","yoast_head_json":{"title":"Petrobras considera j\u00e1 ter ajustado documentos por licen\u00e7a na Margem Equatorial - Ag\u00eancia iNFRA","robots":{"index":"index","follow":"follow","max-snippet":"max-snippet:-1","max-image-preview":"max-image-preview:large","max-video-preview":"max-video-preview:-1"},"canonical":"https:\/\/agenciainfra.com\/blog\/petrobras-considera-ja-ter-ajustado-documentos-por-licenca-na-margem-equatorial\/","og_locale":"pt_BR","og_type":"article","og_title":"Petrobras considera j\u00e1 ter ajustado documentos por licen\u00e7a na Margem Equatorial","og_description":"Gabriel Vasconcelos, da Ag\u00eancia iNFRA A Petrobras considera que j\u00e1 fez os ajustes solicitados pelo Ibama nos chamados PEI (Plano de Emerg\u00eancia Individual) e PPAF (Plano de Prote\u00e7\u00e3o \u00e0 Fauna) relativos \u00e0 perfura\u00e7\u00e3o de um po\u00e7o explorat\u00f3rio no bloco FZA-M-59, no mar do Amap\u00e1, dentro da Bacia da Foz do Amazonas, uma das cinco que [&hellip;]","og_url":"https:\/\/agenciainfra.com\/blog\/petrobras-considera-ja-ter-ajustado-documentos-por-licenca-na-margem-equatorial\/","og_site_name":"Ag\u00eancia iNFRA","article_publisher":"https:\/\/www.facebook.com\/ageninfra","article_published_time":"2025-09-29T22:14:49+00:00","article_modified_time":"2025-09-30T23:28:06+00:00","og_image":[{"width":1170,"height":700,"url":"https:\/\/agenciainfra.com\/blog\/wp-content\/uploads\/2025\/06\/margem-equatorial-foz-do-amazonas-arte-petrobras-divulgacao.webp","type":"image\/webp"}],"author":"Ag\u00eancia iNFRA","twitter_card":"summary_large_image","twitter_creator":"@agencia_infra","twitter_site":"@agencia_infra","twitter_misc":{"Escrito por":"Ag\u00eancia iNFRA","Est. tempo de leitura":"4 minutos"},"schema":{"@context":"https:\/\/schema.org","@graph":[{"@type":"Article","@id":"https:\/\/agenciainfra.com\/blog\/petrobras-considera-ja-ter-ajustado-documentos-por-licenca-na-margem-equatorial\/#article","isPartOf":{"@id":"https:\/\/agenciainfra.com\/blog\/petrobras-considera-ja-ter-ajustado-documentos-por-licenca-na-margem-equatorial\/"},"author":{"name":"Ag\u00eancia iNFRA","@id":"https:\/\/agenciainfra.com\/blog\/#\/schema\/person\/34af08dff6adea4cb22b06612ba7acfa"},"headline":"Petrobras considera j\u00e1 ter ajustado documentos por licen\u00e7a na Margem Equatorial","datePublished":"2025-09-29T22:14:49+00:00","dateModified":"2025-09-30T23:28:06+00:00","mainEntityOfPage":{"@id":"https:\/\/agenciainfra.com\/blog\/petrobras-considera-ja-ter-ajustado-documentos-por-licenca-na-margem-equatorial\/"},"wordCount":799,"publisher":{"@id":"https:\/\/agenciainfra.com\/blog\/#organization"},"image":{"@id":"https:\/\/agenciainfra.com\/blog\/petrobras-considera-ja-ter-ajustado-documentos-por-licenca-na-margem-equatorial\/#primaryimage"},"thumbnailUrl":"https:\/\/agenciainfra.com\/blog\/wp-content\/uploads\/2025\/06\/margem-equatorial-foz-do-amazonas-arte-petrobras-divulgacao.webp","keywords":["Amap\u00e1","explora\u00e7\u00e3o e produ\u00e7\u00e3o de petr\u00f3leo","Gabriel Vasconcelos","Ibama","margem equatorial","Petrobras"],"articleSection":["Destaque lista","Geral","\u00d3leo &amp; G\u00e1s"],"inLanguage":"pt-BR","copyrightYear":"2025","copyrightHolder":{"@id":"https:\/\/agenciainfra.com\/blog\/#organization"}},{"@type":"WebPage","@id":"https:\/\/agenciainfra.com\/blog\/petrobras-considera-ja-ter-ajustado-documentos-por-licenca-na-margem-equatorial\/","url":"https:\/\/agenciainfra.com\/blog\/petrobras-considera-ja-ter-ajustado-documentos-por-licenca-na-margem-equatorial\/","name":"Petrobras considera j\u00e1 ter ajustado documentos por licen\u00e7a na Margem Equatorial - Ag\u00eancia iNFRA","isPartOf":{"@id":"https:\/\/agenciainfra.com\/blog\/#website"},"primaryImageOfPage":{"@id":"https:\/\/agenciainfra.com\/blog\/petrobras-considera-ja-ter-ajustado-documentos-por-licenca-na-margem-equatorial\/#primaryimage"},"image":{"@id":"https:\/\/agenciainfra.com\/blog\/petrobras-considera-ja-ter-ajustado-documentos-por-licenca-na-margem-equatorial\/#primaryimage"},"thumbnailUrl":"https:\/\/agenciainfra.com\/blog\/wp-content\/uploads\/2025\/06\/margem-equatorial-foz-do-amazonas-arte-petrobras-divulgacao.webp","datePublished":"2025-09-29T22:14:49+00:00","dateModified":"2025-09-30T23:28:06+00:00","breadcrumb":{"@id":"https:\/\/agenciainfra.com\/blog\/petrobras-considera-ja-ter-ajustado-documentos-por-licenca-na-margem-equatorial\/#breadcrumb"},"inLanguage":"pt-BR","potentialAction":[{"@type":"ReadAction","target":["https:\/\/agenciainfra.com\/blog\/petrobras-considera-ja-ter-ajustado-documentos-por-licenca-na-margem-equatorial\/"]}]},{"@type":"ImageObject","inLanguage":"pt-BR","@id":"https:\/\/agenciainfra.com\/blog\/petrobras-considera-ja-ter-ajustado-documentos-por-licenca-na-margem-equatorial\/#primaryimage","url":"https:\/\/agenciainfra.com\/blog\/wp-content\/uploads\/2025\/06\/margem-equatorial-foz-do-amazonas-arte-petrobras-divulgacao.webp","contentUrl":"https:\/\/agenciainfra.com\/blog\/wp-content\/uploads\/2025\/06\/margem-equatorial-foz-do-amazonas-arte-petrobras-divulgacao.webp","width":1170,"height":700,"caption":"Arte: Petrobras"},{"@type":"BreadcrumbList","@id":"https:\/\/agenciainfra.com\/blog\/petrobras-considera-ja-ter-ajustado-documentos-por-licenca-na-margem-equatorial\/#breadcrumb","itemListElement":[{"@type":"ListItem","position":1,"name":"In\u00edcio","item":"https:\/\/agenciainfra.com\/blog\/"},{"@type":"ListItem","position":2,"name":"Petrobras considera j\u00e1 ter ajustado documentos por licen\u00e7a na Margem Equatorial"}]},{"@type":"WebSite","@id":"https:\/\/agenciainfra.com\/blog\/#website","url":"https:\/\/agenciainfra.com\/blog\/","name":"Ag\u00eancia iNFRA","description":"Multiplataforma de informa\u00e7\u00e3o jornal\u00edstica refer\u00eancia na \u00e1rea de infraestrutura no Brasil!","publisher":{"@id":"https:\/\/agenciainfra.com\/blog\/#organization"},"potentialAction":[{"@type":"SearchAction","target":{"@type":"EntryPoint","urlTemplate":"https:\/\/agenciainfra.com\/blog\/?s={search_term_string}"},"query-input":{"@type":"PropertyValueSpecification","valueRequired":true,"valueName":"search_term_string"}}],"inLanguage":"pt-BR"},{"@type":"Organization","@id":"https:\/\/agenciainfra.com\/blog\/#organization","name":"Ag\u00eancia iNFRA","url":"https:\/\/agenciainfra.com\/blog\/","logo":{"@type":"ImageObject","inLanguage":"pt-BR","@id":"https:\/\/agenciainfra.com\/blog\/#\/schema\/logo\/image\/","url":"https:\/\/agenciainfra.com\/blog\/wp-content\/uploads\/2023\/09\/iNFRA_5-e1761735885940.png","contentUrl":"https:\/\/agenciainfra.com\/blog\/wp-content\/uploads\/2023\/09\/iNFRA_5-e1761735885940.png","width":1672,"height":454,"caption":"Ag\u00eancia iNFRA"},"image":{"@id":"https:\/\/agenciainfra.com\/blog\/#\/schema\/logo\/image\/"},"sameAs":["https:\/\/www.facebook.com\/ageninfra","https:\/\/x.com\/agencia_infra","https:\/\/www.linkedin.com\/company\/ag\u00eanciainfra\/","https:\/\/www.instagram.com\/agenciainfra\/"]},{"@type":"Person","@id":"https:\/\/agenciainfra.com\/blog\/#\/schema\/person\/34af08dff6adea4cb22b06612ba7acfa","name":"Ag\u00eancia iNFRA","image":{"@type":"ImageObject","inLanguage":"pt-BR","@id":"https:\/\/agenciainfra.com\/blog\/#\/schema\/person\/image\/","url":"https:\/\/secure.gravatar.com\/avatar\/d189e01678f06d8eb84d4e01f08eb848b3fffe3f8443818d3c356c66892f5be8?s=96&d=mm&r=g","contentUrl":"https:\/\/secure.gravatar.com\/avatar\/d189e01678f06d8eb84d4e01f08eb848b3fffe3f8443818d3c356c66892f5be8?s=96&d=mm&r=g","caption":"Ag\u00eancia iNFRA"},"url":"https:\/\/agenciainfra.com\/blog\/author\/admin\/"}]}},"_links":{"self":[{"href":"https:\/\/agenciainfra.com\/blog\/wp-json\/wp\/v2\/posts\/28896","targetHints":{"allow":["GET"]}}],"collection":[{"href":"https:\/\/agenciainfra.com\/blog\/wp-json\/wp\/v2\/posts"}],"about":[{"href":"https:\/\/agenciainfra.com\/blog\/wp-json\/wp\/v2\/types\/post"}],"author":[{"embeddable":true,"href":"https:\/\/agenciainfra.com\/blog\/wp-json\/wp\/v2\/users\/1"}],"replies":[{"embeddable":true,"href":"https:\/\/agenciainfra.com\/blog\/wp-json\/wp\/v2\/comments?post=28896"}],"version-history":[{"count":1,"href":"https:\/\/agenciainfra.com\/blog\/wp-json\/wp\/v2\/posts\/28896\/revisions"}],"predecessor-version":[{"id":28897,"href":"https:\/\/agenciainfra.com\/blog\/wp-json\/wp\/v2\/posts\/28896\/revisions\/28897"}],"wp:featuredmedia":[{"embeddable":true,"href":"https:\/\/agenciainfra.com\/blog\/wp-json\/wp\/v2\/media\/23079"}],"wp:attachment":[{"href":"https:\/\/agenciainfra.com\/blog\/wp-json\/wp\/v2\/media?parent=28896"}],"wp:term":[{"taxonomy":"category","embeddable":true,"href":"https:\/\/agenciainfra.com\/blog\/wp-json\/wp\/v2\/categories?post=28896"},{"taxonomy":"post_tag","embeddable":true,"href":"https:\/\/agenciainfra.com\/blog\/wp-json\/wp\/v2\/tags?post=28896"}],"curies":[{"name":"wp","href":"https:\/\/api.w.org\/{rel}","templated":true}]}}