{"id":28906,"date":"2025-09-30T08:01:00","date_gmt":"2025-09-30T11:01:00","guid":{"rendered":"https:\/\/agenciainfra.com\/blog\/?p=28906"},"modified":"2025-10-01T11:01:24","modified_gmt":"2025-10-01T14:01:24","slug":"mme-quer-economizar-consumo-de-17-milhoes-de-mwh-ate-2040","status":"publish","type":"post","link":"https:\/\/agenciainfra.com\/blog\/mme-quer-economizar-consumo-de-17-milhoes-de-mwh-ate-2040\/","title":{"rendered":"MME quer economizar consumo de 17 milh\u00f5es de MWh at\u00e9 2040"},"content":{"rendered":"\n<p class=\"has-text-align-right\"><strong>Marisa Wanzeller, da Ag\u00eancia iNFRA<\/strong><\/p>\n\n\n\n<p>O governo passar\u00e1 a exigir n\u00edveis m\u00ednimos de efici\u00eancia energ\u00e9tica para novas edifica\u00e7\u00f5es a partir de janeiro de 2027. Com as regras estabelecidas na\u00a0<a href=\"https:\/\/agenciainfra.us14.list-manage.com\/track\/click?u=d460dd1bcf9ba0ae040e1fc0f&amp;id=45dbd6984e&amp;e=1192c754bc\" target=\"_blank\" rel=\"noreferrer noopener\">Resolu\u00e7\u00e3o 4<\/a>\u00a0do Comit\u00ea Gestor de Indicadores e N\u00edveis de Efici\u00eancia Energ\u00e9tica, presidido pelo MME (Minist\u00e9rio de Minas e Energia), publicada nesta ter\u00e7a-feira (30), o governo pretende economizar o consumo de 17 milh\u00f5es de MWh (megawatts-hora) at\u00e9 2040 \u2013 equivalente a R$ 2 bilh\u00f5es \u2013 conforme estimam fontes do governo.<br><br>As\u00a0<a href=\"https:\/\/agenciainfra.us14.list-manage.com\/track\/click?u=d460dd1bcf9ba0ae040e1fc0f&amp;id=d5e435d1cb&amp;e=1192c754bc\" target=\"_blank\" rel=\"noreferrer noopener\">exig\u00eancias<\/a>\u00a0ter\u00e3o in\u00edcio pelo setor p\u00fablico federal e avan\u00e7ar\u00e3o de forma escalonada,\u00a0chegando ao setor privado em 2030, conforme o seguinte cronograma:<br><br>&#8211; 2027: pr\u00e9dios p\u00fablicos federais;<br>&#8211; 2028: pr\u00e9dios p\u00fablicos federais no Rio Grande do Sul;<br>&#8211; 2030: pr\u00e9dios privados em munic\u00edpios acima de 100 mil habitantes e habita\u00e7\u00f5es de interesse social, como Minha Casa, Minha Vida;<br>&#8211; 2032: pr\u00e9dios p\u00fablicos estaduais;<br>&#8211; 2035: pr\u00e9dios p\u00fablicos em munic\u00edpios acima de 100 mil habitantes;<br>&#8211; 2040: pr\u00e9dios p\u00fablicos e privados em munic\u00edpios acima de 50 mil habitantes.<br><br>A efici\u00eancia energ\u00e9tica em edifica\u00e7\u00f5es \u00e9 classificada em n\u00edveis que partem do \u201cE\u201d \u2013 menos eficiente \u2013 ao \u201cA\u201d \u2013 mais eficiente. Para os pr\u00e9dios p\u00fablicos, ser\u00e1 exigido o n\u00edvel \u201cA&#8221; de efici\u00eancia, podendo chegar ao NZEB (Nearly Zero Energy Building), enquanto os pr\u00e9dios privados dever\u00e3o atingir no m\u00ednimo o n\u00edvel \u201cC&#8221;.<br><br>Os entes privados poder\u00e3o certificar a exig\u00eancia m\u00ednima por meio de autodeclara\u00e7\u00e3o, informando dados dos projetos em portal a ser disponibilizado pelo governo at\u00e9 2030. A plataforma emitir\u00e1 uma etiqueta de comprova\u00e7\u00e3o, que ser\u00e1 necess\u00e1ria para obten\u00e7\u00e3o de alvar\u00e1 de constru\u00e7\u00e3o. As etiquetas seguem o padr\u00e3o da Ence (Etiqueta Nacional de Conserva\u00e7\u00e3o de Energia).<br><br>J\u00e1 na esfera p\u00fablica, os agentes que desejarem participar de licita\u00e7\u00f5es dever\u00e3o comprovar o n\u00edvel de efici\u00eancia contratando consultorias acreditadas do Inmetro (Instituto Nacional de Metrologia, Qualidade e Tecnologia), que certificar\u00e3o a efici\u00eancia n\u00edvel \u201cA\u201d dos projetos.\u00a0<br><br>O Inmetro ser\u00e1 respons\u00e1vel por fiscalizar as edifica\u00e7\u00f5es conforme as novas regras. A regulamenta\u00e7\u00e3o est\u00e1 prevista na Lei de Efici\u00eancia Energ\u00e9tica (Lei 10.295\/2001).<\/p>\n","protected":false},"excerpt":{"rendered":"<p>Marisa Wanzeller, da Ag\u00eancia iNFRA O governo passar\u00e1 a exigir n\u00edveis m\u00ednimos de efici\u00eancia energ\u00e9tica para novas edifica\u00e7\u00f5es a partir de janeiro de 2027. Com as regras estabelecidas na\u00a0Resolu\u00e7\u00e3o 4\u00a0do Comit\u00ea Gestor de Indicadores e N\u00edveis de Efici\u00eancia Energ\u00e9tica, presidido pelo MME (Minist\u00e9rio de Minas e Energia), publicada nesta ter\u00e7a-feira (30), o governo pretende economizar [&hellip;]<\/p>\n","protected":false},"author":1,"featured_media":16972,"comment_status":"closed","ping_status":"closed","sticky":false,"template":"","format":"standard","meta":{"_monsterinsights_skip_tracking":false,"_monsterinsights_sitenote_active":false,"_monsterinsights_sitenote_note":"","_monsterinsights_sitenote_category":0,"footnotes":""},"categories":[7250,1,10],"tags":[15732,15733,2601,7366,96,71],"class_list":["post-28906","post","type-post","status-publish","format-standard","has-post-thumbnail","hentry","category-destaque-lista","category-geral","category-infraenergia","tag-edificacoes","tag-eficiencia-em-edificacoes","tag-eficiencia-energetica","tag-marisa-wanzeller","tag-ministerio-de-minas-e-energia","tag-mme"],"yoast_head":"<!-- This site is optimized with the Yoast SEO Premium plugin v25.4 (Yoast SEO v26.0) - https:\/\/yoast.com\/wordpress\/plugins\/seo\/ -->\n<title>MME quer economizar consumo de 17 milh\u00f5es de MWh at\u00e9 2040 - Ag\u00eancia iNFRA<\/title>\n<meta name=\"robots\" content=\"index, follow, max-snippet:-1, max-image-preview:large, max-video-preview:-1\" \/>\n<link rel=\"canonical\" href=\"https:\/\/agenciainfra.com\/blog\/mme-quer-economizar-consumo-de-17-milhoes-de-mwh-ate-2040\/\" \/>\n<meta property=\"og:locale\" content=\"pt_BR\" \/>\n<meta property=\"og:type\" content=\"article\" \/>\n<meta property=\"og:title\" content=\"MME quer economizar consumo de 17 milh\u00f5es de MWh at\u00e9 2040\" \/>\n<meta property=\"og:description\" content=\"Marisa Wanzeller, da Ag\u00eancia iNFRA O governo passar\u00e1 a exigir n\u00edveis m\u00ednimos de efici\u00eancia energ\u00e9tica para novas edifica\u00e7\u00f5es a partir de janeiro de 2027. Com as regras estabelecidas na\u00a0Resolu\u00e7\u00e3o 4\u00a0do Comit\u00ea Gestor de Indicadores e N\u00edveis de Efici\u00eancia Energ\u00e9tica, presidido pelo MME (Minist\u00e9rio de Minas e Energia), publicada nesta ter\u00e7a-feira (30), o governo pretende economizar [&hellip;]\" \/>\n<meta property=\"og:url\" content=\"https:\/\/agenciainfra.com\/blog\/mme-quer-economizar-consumo-de-17-milhoes-de-mwh-ate-2040\/\" \/>\n<meta property=\"og:site_name\" content=\"Ag\u00eancia iNFRA\" \/>\n<meta property=\"article:publisher\" content=\"https:\/\/www.facebook.com\/ageninfra\" \/>\n<meta property=\"article:published_time\" content=\"2025-09-30T11:01:00+00:00\" \/>\n<meta property=\"article:modified_time\" content=\"2025-10-01T14:01:24+00:00\" \/>\n<meta property=\"og:image\" content=\"https:\/\/agenciainfra.com\/blog\/wp-content\/uploads\/2024\/06\/mme-minas-energia-predio-foto-governo-federal.jpeg\" \/>\n\t<meta property=\"og:image:width\" content=\"1202\" \/>\n\t<meta property=\"og:image:height\" content=\"773\" \/>\n\t<meta property=\"og:image:type\" content=\"image\/jpeg\" \/>\n<meta name=\"author\" content=\"Ag\u00eancia iNFRA\" \/>\n<meta name=\"twitter:card\" content=\"summary_large_image\" \/>\n<meta name=\"twitter:creator\" content=\"@agencia_infra\" \/>\n<meta name=\"twitter:site\" content=\"@agencia_infra\" \/>\n<meta name=\"twitter:label1\" content=\"Escrito por\" \/>\n\t<meta name=\"twitter:data1\" content=\"Ag\u00eancia iNFRA\" \/>\n\t<meta name=\"twitter:label2\" content=\"Est. tempo de leitura\" \/>\n\t<meta name=\"twitter:data2\" content=\"2 minutos\" \/>\n<script type=\"application\/ld+json\" class=\"yoast-schema-graph\">{\"@context\":\"https:\/\/schema.org\",\"@graph\":[{\"@type\":\"Article\",\"@id\":\"https:\/\/agenciainfra.com\/blog\/mme-quer-economizar-consumo-de-17-milhoes-de-mwh-ate-2040\/#article\",\"isPartOf\":{\"@id\":\"https:\/\/agenciainfra.com\/blog\/mme-quer-economizar-consumo-de-17-milhoes-de-mwh-ate-2040\/\"},\"author\":{\"name\":\"Ag\u00eancia iNFRA\",\"@id\":\"https:\/\/agenciainfra.com\/blog\/#\/schema\/person\/34af08dff6adea4cb22b06612ba7acfa\"},\"headline\":\"MME quer economizar consumo de 17 milh\u00f5es de MWh at\u00e9 2040\",\"datePublished\":\"2025-09-30T11:01:00+00:00\",\"dateModified\":\"2025-10-01T14:01:24+00:00\",\"mainEntityOfPage\":{\"@id\":\"https:\/\/agenciainfra.com\/blog\/mme-quer-economizar-consumo-de-17-milhoes-de-mwh-ate-2040\/\"},\"wordCount\":389,\"publisher\":{\"@id\":\"https:\/\/agenciainfra.com\/blog\/#organization\"},\"image\":{\"@id\":\"https:\/\/agenciainfra.com\/blog\/mme-quer-economizar-consumo-de-17-milhoes-de-mwh-ate-2040\/#primaryimage\"},\"thumbnailUrl\":\"https:\/\/agenciainfra.com\/blog\/wp-content\/uploads\/2024\/06\/mme-minas-energia-predio-foto-governo-federal.jpeg\",\"keywords\":[\"edifica\u00e7\u00f5es\",\"efici\u00eancia em edifica\u00e7\u00f5es\",\"Efici\u00eancia Energ\u00e9tica\",\"Marisa Wanzeller\",\"Minist\u00e9rio de Minas e Energia\",\"MME\"],\"articleSection\":[\"Destaque lista\",\"Geral\",\"iNFRAEnergia\"],\"inLanguage\":\"pt-BR\",\"copyrightYear\":\"2025\",\"copyrightHolder\":{\"@id\":\"https:\/\/agenciainfra.com\/blog\/#organization\"}},{\"@type\":\"WebPage\",\"@id\":\"https:\/\/agenciainfra.com\/blog\/mme-quer-economizar-consumo-de-17-milhoes-de-mwh-ate-2040\/\",\"url\":\"https:\/\/agenciainfra.com\/blog\/mme-quer-economizar-consumo-de-17-milhoes-de-mwh-ate-2040\/\",\"name\":\"MME quer economizar consumo de 17 milh\u00f5es de MWh at\u00e9 2040 - Ag\u00eancia iNFRA\",\"isPartOf\":{\"@id\":\"https:\/\/agenciainfra.com\/blog\/#website\"},\"primaryImageOfPage\":{\"@id\":\"https:\/\/agenciainfra.com\/blog\/mme-quer-economizar-consumo-de-17-milhoes-de-mwh-ate-2040\/#primaryimage\"},\"image\":{\"@id\":\"https:\/\/agenciainfra.com\/blog\/mme-quer-economizar-consumo-de-17-milhoes-de-mwh-ate-2040\/#primaryimage\"},\"thumbnailUrl\":\"https:\/\/agenciainfra.com\/blog\/wp-content\/uploads\/2024\/06\/mme-minas-energia-predio-foto-governo-federal.jpeg\",\"datePublished\":\"2025-09-30T11:01:00+00:00\",\"dateModified\":\"2025-10-01T14:01:24+00:00\",\"breadcrumb\":{\"@id\":\"https:\/\/agenciainfra.com\/blog\/mme-quer-economizar-consumo-de-17-milhoes-de-mwh-ate-2040\/#breadcrumb\"},\"inLanguage\":\"pt-BR\",\"potentialAction\":[{\"@type\":\"ReadAction\",\"target\":[\"https:\/\/agenciainfra.com\/blog\/mme-quer-economizar-consumo-de-17-milhoes-de-mwh-ate-2040\/\"]}]},{\"@type\":\"ImageObject\",\"inLanguage\":\"pt-BR\",\"@id\":\"https:\/\/agenciainfra.com\/blog\/mme-quer-economizar-consumo-de-17-milhoes-de-mwh-ate-2040\/#primaryimage\",\"url\":\"https:\/\/agenciainfra.com\/blog\/wp-content\/uploads\/2024\/06\/mme-minas-energia-predio-foto-governo-federal.jpeg\",\"contentUrl\":\"https:\/\/agenciainfra.com\/blog\/wp-content\/uploads\/2024\/06\/mme-minas-energia-predio-foto-governo-federal.jpeg\",\"width\":1202,\"height\":773,\"caption\":\"Foto: MME\"},{\"@type\":\"BreadcrumbList\",\"@id\":\"https:\/\/agenciainfra.com\/blog\/mme-quer-economizar-consumo-de-17-milhoes-de-mwh-ate-2040\/#breadcrumb\",\"itemListElement\":[{\"@type\":\"ListItem\",\"position\":1,\"name\":\"In\u00edcio\",\"item\":\"https:\/\/agenciainfra.com\/blog\/\"},{\"@type\":\"ListItem\",\"position\":2,\"name\":\"MME quer economizar consumo de 17 milh\u00f5es de MWh at\u00e9 2040\"}]},{\"@type\":\"WebSite\",\"@id\":\"https:\/\/agenciainfra.com\/blog\/#website\",\"url\":\"https:\/\/agenciainfra.com\/blog\/\",\"name\":\"Ag\u00eancia iNFRA\",\"description\":\"Multiplataforma de informa\u00e7\u00e3o jornal\u00edstica refer\u00eancia na \u00e1rea de infraestrutura no Brasil!\",\"publisher\":{\"@id\":\"https:\/\/agenciainfra.com\/blog\/#organization\"},\"potentialAction\":[{\"@type\":\"SearchAction\",\"target\":{\"@type\":\"EntryPoint\",\"urlTemplate\":\"https:\/\/agenciainfra.com\/blog\/?s={search_term_string}\"},\"query-input\":{\"@type\":\"PropertyValueSpecification\",\"valueRequired\":true,\"valueName\":\"search_term_string\"}}],\"inLanguage\":\"pt-BR\"},{\"@type\":\"Organization\",\"@id\":\"https:\/\/agenciainfra.com\/blog\/#organization\",\"name\":\"Ag\u00eancia iNFRA\",\"url\":\"https:\/\/agenciainfra.com\/blog\/\",\"logo\":{\"@type\":\"ImageObject\",\"inLanguage\":\"pt-BR\",\"@id\":\"https:\/\/agenciainfra.com\/blog\/#\/schema\/logo\/image\/\",\"url\":\"https:\/\/agenciainfra.com\/blog\/wp-content\/uploads\/2023\/09\/iNFRA_5-e1761735885940.png\",\"contentUrl\":\"https:\/\/agenciainfra.com\/blog\/wp-content\/uploads\/2023\/09\/iNFRA_5-e1761735885940.png\",\"width\":1672,\"height\":454,\"caption\":\"Ag\u00eancia iNFRA\"},\"image\":{\"@id\":\"https:\/\/agenciainfra.com\/blog\/#\/schema\/logo\/image\/\"},\"sameAs\":[\"https:\/\/www.facebook.com\/ageninfra\",\"https:\/\/x.com\/agencia_infra\",\"https:\/\/www.linkedin.com\/company\/ag\u00eanciainfra\/\",\"https:\/\/www.instagram.com\/agenciainfra\/\"]},{\"@type\":\"Person\",\"@id\":\"https:\/\/agenciainfra.com\/blog\/#\/schema\/person\/34af08dff6adea4cb22b06612ba7acfa\",\"name\":\"Ag\u00eancia iNFRA\",\"image\":{\"@type\":\"ImageObject\",\"inLanguage\":\"pt-BR\",\"@id\":\"https:\/\/agenciainfra.com\/blog\/#\/schema\/person\/image\/\",\"url\":\"https:\/\/secure.gravatar.com\/avatar\/d189e01678f06d8eb84d4e01f08eb848b3fffe3f8443818d3c356c66892f5be8?s=96&d=mm&r=g\",\"contentUrl\":\"https:\/\/secure.gravatar.com\/avatar\/d189e01678f06d8eb84d4e01f08eb848b3fffe3f8443818d3c356c66892f5be8?s=96&d=mm&r=g\",\"caption\":\"Ag\u00eancia iNFRA\"},\"url\":\"https:\/\/agenciainfra.com\/blog\/author\/admin\/\"}]}<\/script>\n<!-- \/ Yoast SEO Premium plugin. -->","yoast_head_json":{"title":"MME quer economizar consumo de 17 milh\u00f5es de MWh at\u00e9 2040 - Ag\u00eancia iNFRA","robots":{"index":"index","follow":"follow","max-snippet":"max-snippet:-1","max-image-preview":"max-image-preview:large","max-video-preview":"max-video-preview:-1"},"canonical":"https:\/\/agenciainfra.com\/blog\/mme-quer-economizar-consumo-de-17-milhoes-de-mwh-ate-2040\/","og_locale":"pt_BR","og_type":"article","og_title":"MME quer economizar consumo de 17 milh\u00f5es de MWh at\u00e9 2040","og_description":"Marisa Wanzeller, da Ag\u00eancia iNFRA O governo passar\u00e1 a exigir n\u00edveis m\u00ednimos de efici\u00eancia energ\u00e9tica para novas edifica\u00e7\u00f5es a partir de janeiro de 2027. Com as regras estabelecidas na\u00a0Resolu\u00e7\u00e3o 4\u00a0do Comit\u00ea Gestor de Indicadores e N\u00edveis de Efici\u00eancia Energ\u00e9tica, presidido pelo MME (Minist\u00e9rio de Minas e Energia), publicada nesta ter\u00e7a-feira (30), o governo pretende economizar [&hellip;]","og_url":"https:\/\/agenciainfra.com\/blog\/mme-quer-economizar-consumo-de-17-milhoes-de-mwh-ate-2040\/","og_site_name":"Ag\u00eancia iNFRA","article_publisher":"https:\/\/www.facebook.com\/ageninfra","article_published_time":"2025-09-30T11:01:00+00:00","article_modified_time":"2025-10-01T14:01:24+00:00","og_image":[{"width":1202,"height":773,"url":"https:\/\/agenciainfra.com\/blog\/wp-content\/uploads\/2024\/06\/mme-minas-energia-predio-foto-governo-federal.jpeg","type":"image\/jpeg"}],"author":"Ag\u00eancia iNFRA","twitter_card":"summary_large_image","twitter_creator":"@agencia_infra","twitter_site":"@agencia_infra","twitter_misc":{"Escrito por":"Ag\u00eancia iNFRA","Est. tempo de leitura":"2 minutos"},"schema":{"@context":"https:\/\/schema.org","@graph":[{"@type":"Article","@id":"https:\/\/agenciainfra.com\/blog\/mme-quer-economizar-consumo-de-17-milhoes-de-mwh-ate-2040\/#article","isPartOf":{"@id":"https:\/\/agenciainfra.com\/blog\/mme-quer-economizar-consumo-de-17-milhoes-de-mwh-ate-2040\/"},"author":{"name":"Ag\u00eancia iNFRA","@id":"https:\/\/agenciainfra.com\/blog\/#\/schema\/person\/34af08dff6adea4cb22b06612ba7acfa"},"headline":"MME quer economizar consumo de 17 milh\u00f5es de MWh at\u00e9 2040","datePublished":"2025-09-30T11:01:00+00:00","dateModified":"2025-10-01T14:01:24+00:00","mainEntityOfPage":{"@id":"https:\/\/agenciainfra.com\/blog\/mme-quer-economizar-consumo-de-17-milhoes-de-mwh-ate-2040\/"},"wordCount":389,"publisher":{"@id":"https:\/\/agenciainfra.com\/blog\/#organization"},"image":{"@id":"https:\/\/agenciainfra.com\/blog\/mme-quer-economizar-consumo-de-17-milhoes-de-mwh-ate-2040\/#primaryimage"},"thumbnailUrl":"https:\/\/agenciainfra.com\/blog\/wp-content\/uploads\/2024\/06\/mme-minas-energia-predio-foto-governo-federal.jpeg","keywords":["edifica\u00e7\u00f5es","efici\u00eancia em edifica\u00e7\u00f5es","Efici\u00eancia Energ\u00e9tica","Marisa Wanzeller","Minist\u00e9rio de Minas e Energia","MME"],"articleSection":["Destaque lista","Geral","iNFRAEnergia"],"inLanguage":"pt-BR","copyrightYear":"2025","copyrightHolder":{"@id":"https:\/\/agenciainfra.com\/blog\/#organization"}},{"@type":"WebPage","@id":"https:\/\/agenciainfra.com\/blog\/mme-quer-economizar-consumo-de-17-milhoes-de-mwh-ate-2040\/","url":"https:\/\/agenciainfra.com\/blog\/mme-quer-economizar-consumo-de-17-milhoes-de-mwh-ate-2040\/","name":"MME quer economizar consumo de 17 milh\u00f5es de MWh at\u00e9 2040 - Ag\u00eancia iNFRA","isPartOf":{"@id":"https:\/\/agenciainfra.com\/blog\/#website"},"primaryImageOfPage":{"@id":"https:\/\/agenciainfra.com\/blog\/mme-quer-economizar-consumo-de-17-milhoes-de-mwh-ate-2040\/#primaryimage"},"image":{"@id":"https:\/\/agenciainfra.com\/blog\/mme-quer-economizar-consumo-de-17-milhoes-de-mwh-ate-2040\/#primaryimage"},"thumbnailUrl":"https:\/\/agenciainfra.com\/blog\/wp-content\/uploads\/2024\/06\/mme-minas-energia-predio-foto-governo-federal.jpeg","datePublished":"2025-09-30T11:01:00+00:00","dateModified":"2025-10-01T14:01:24+00:00","breadcrumb":{"@id":"https:\/\/agenciainfra.com\/blog\/mme-quer-economizar-consumo-de-17-milhoes-de-mwh-ate-2040\/#breadcrumb"},"inLanguage":"pt-BR","potentialAction":[{"@type":"ReadAction","target":["https:\/\/agenciainfra.com\/blog\/mme-quer-economizar-consumo-de-17-milhoes-de-mwh-ate-2040\/"]}]},{"@type":"ImageObject","inLanguage":"pt-BR","@id":"https:\/\/agenciainfra.com\/blog\/mme-quer-economizar-consumo-de-17-milhoes-de-mwh-ate-2040\/#primaryimage","url":"https:\/\/agenciainfra.com\/blog\/wp-content\/uploads\/2024\/06\/mme-minas-energia-predio-foto-governo-federal.jpeg","contentUrl":"https:\/\/agenciainfra.com\/blog\/wp-content\/uploads\/2024\/06\/mme-minas-energia-predio-foto-governo-federal.jpeg","width":1202,"height":773,"caption":"Foto: MME"},{"@type":"BreadcrumbList","@id":"https:\/\/agenciainfra.com\/blog\/mme-quer-economizar-consumo-de-17-milhoes-de-mwh-ate-2040\/#breadcrumb","itemListElement":[{"@type":"ListItem","position":1,"name":"In\u00edcio","item":"https:\/\/agenciainfra.com\/blog\/"},{"@type":"ListItem","position":2,"name":"MME quer economizar consumo de 17 milh\u00f5es de MWh at\u00e9 2040"}]},{"@type":"WebSite","@id":"https:\/\/agenciainfra.com\/blog\/#website","url":"https:\/\/agenciainfra.com\/blog\/","name":"Ag\u00eancia iNFRA","description":"Multiplataforma de informa\u00e7\u00e3o jornal\u00edstica refer\u00eancia na \u00e1rea de infraestrutura no Brasil!","publisher":{"@id":"https:\/\/agenciainfra.com\/blog\/#organization"},"potentialAction":[{"@type":"SearchAction","target":{"@type":"EntryPoint","urlTemplate":"https:\/\/agenciainfra.com\/blog\/?s={search_term_string}"},"query-input":{"@type":"PropertyValueSpecification","valueRequired":true,"valueName":"search_term_string"}}],"inLanguage":"pt-BR"},{"@type":"Organization","@id":"https:\/\/agenciainfra.com\/blog\/#organization","name":"Ag\u00eancia iNFRA","url":"https:\/\/agenciainfra.com\/blog\/","logo":{"@type":"ImageObject","inLanguage":"pt-BR","@id":"https:\/\/agenciainfra.com\/blog\/#\/schema\/logo\/image\/","url":"https:\/\/agenciainfra.com\/blog\/wp-content\/uploads\/2023\/09\/iNFRA_5-e1761735885940.png","contentUrl":"https:\/\/agenciainfra.com\/blog\/wp-content\/uploads\/2023\/09\/iNFRA_5-e1761735885940.png","width":1672,"height":454,"caption":"Ag\u00eancia iNFRA"},"image":{"@id":"https:\/\/agenciainfra.com\/blog\/#\/schema\/logo\/image\/"},"sameAs":["https:\/\/www.facebook.com\/ageninfra","https:\/\/x.com\/agencia_infra","https:\/\/www.linkedin.com\/company\/ag\u00eanciainfra\/","https:\/\/www.instagram.com\/agenciainfra\/"]},{"@type":"Person","@id":"https:\/\/agenciainfra.com\/blog\/#\/schema\/person\/34af08dff6adea4cb22b06612ba7acfa","name":"Ag\u00eancia iNFRA","image":{"@type":"ImageObject","inLanguage":"pt-BR","@id":"https:\/\/agenciainfra.com\/blog\/#\/schema\/person\/image\/","url":"https:\/\/secure.gravatar.com\/avatar\/d189e01678f06d8eb84d4e01f08eb848b3fffe3f8443818d3c356c66892f5be8?s=96&d=mm&r=g","contentUrl":"https:\/\/secure.gravatar.com\/avatar\/d189e01678f06d8eb84d4e01f08eb848b3fffe3f8443818d3c356c66892f5be8?s=96&d=mm&r=g","caption":"Ag\u00eancia iNFRA"},"url":"https:\/\/agenciainfra.com\/blog\/author\/admin\/"}]}},"_links":{"self":[{"href":"https:\/\/agenciainfra.com\/blog\/wp-json\/wp\/v2\/posts\/28906","targetHints":{"allow":["GET"]}}],"collection":[{"href":"https:\/\/agenciainfra.com\/blog\/wp-json\/wp\/v2\/posts"}],"about":[{"href":"https:\/\/agenciainfra.com\/blog\/wp-json\/wp\/v2\/types\/post"}],"author":[{"embeddable":true,"href":"https:\/\/agenciainfra.com\/blog\/wp-json\/wp\/v2\/users\/1"}],"replies":[{"embeddable":true,"href":"https:\/\/agenciainfra.com\/blog\/wp-json\/wp\/v2\/comments?post=28906"}],"version-history":[{"count":6,"href":"https:\/\/agenciainfra.com\/blog\/wp-json\/wp\/v2\/posts\/28906\/revisions"}],"predecessor-version":[{"id":28934,"href":"https:\/\/agenciainfra.com\/blog\/wp-json\/wp\/v2\/posts\/28906\/revisions\/28934"}],"wp:featuredmedia":[{"embeddable":true,"href":"https:\/\/agenciainfra.com\/blog\/wp-json\/wp\/v2\/media\/16972"}],"wp:attachment":[{"href":"https:\/\/agenciainfra.com\/blog\/wp-json\/wp\/v2\/media?parent=28906"}],"wp:term":[{"taxonomy":"category","embeddable":true,"href":"https:\/\/agenciainfra.com\/blog\/wp-json\/wp\/v2\/categories?post=28906"},{"taxonomy":"post_tag","embeddable":true,"href":"https:\/\/agenciainfra.com\/blog\/wp-json\/wp\/v2\/tags?post=28906"}],"curies":[{"name":"wp","href":"https:\/\/api.w.org\/{rel}","templated":true}]}}