{"id":28919,"date":"2025-09-30T12:00:00","date_gmt":"2025-09-30T15:00:00","guid":{"rendered":"https:\/\/agenciainfra.com\/blog\/?p=28919"},"modified":"2025-10-01T17:25:32","modified_gmt":"2025-10-01T20:25:32","slug":"operadoras-querem-debater-concorrencia-intermodal-em-evento-da-antf","status":"publish","type":"post","link":"https:\/\/agenciainfra.com\/blog\/operadoras-querem-debater-concorrencia-intermodal-em-evento-da-antf\/","title":{"rendered":"Operadoras querem debater concorr\u00eancia intermodal em evento da ANTF"},"content":{"rendered":"\n<p class=\"has-text-align-right\"><strong>da Ag\u00eancia iNFRA<\/strong><\/p>\n\n\n\n<p>As concession\u00e1rias de ferrovias querem abrir uma discuss\u00e3o mais aprofundada sobre como o modal pode ter mais competitividade frente ao transporte rodovi\u00e1rio. A percep\u00e7\u00e3o do setor \u00e9 de que, para ter mais investimentos, o fardo maior que pesa sobre as opera\u00e7\u00f5es ferrovi\u00e1rias precisa ser resolvido. Esse \u00e9 um dos temas que as operadoras devem levantar no IX Brasil nos Trilhos, evento promovido pela ANTF (Associa\u00e7\u00e3o Nacional dos Transportadores Ferrovi\u00e1rios) que acontece na quarta\u00a0(1\u00ba) e na quinta-feira (2) em Bras\u00edlia, no CICB (Centro Internacional de Conven\u00e7\u00f5es do Brasil).\u00a0<br><br>Com repactua\u00e7\u00f5es de contratos em andamento e perspectivas de novos projetos pela frente, o setor ferrovi\u00e1rio tamb\u00e9m precisa discutir \u201calavancas\u201d que permitam aos trens \u201cpuxar\u201d carga que hoje \u00e9 transportada por caminh\u00f5es nas rodovias.<br><br>\u201cComo \u00e9 que a gente d\u00e1 as alavancas de sustentabilidade, as alavancas de regula\u00e7\u00e3o, de inova\u00e7\u00e3o para isso? Como \u00e9 que trazemos mais competitividade, como eu fa\u00e7o o embarcador sair do caminh\u00e3o e colocar a carga no trem?\u201d, levantou o presidente da ANTF, Davi Barreto, para quem as ferrovias enfrentam dificuldades por terem \u201cpouco incentivo\u201d em contraste com o setor rodovi\u00e1rio \u2013 onde, embora muitos trechos sejam concedidos \u00e0 iniciativa privada, o caminh\u00e3o trafega com benef\u00edcios, inclusive na tarifa de ped\u00e1gio.\u00a0<br><br>Barreto tamb\u00e9m chama para as diferen\u00e7as no tamanho do or\u00e7amento federal que \u00e9 destinado \u00e0s ferrovias, ante o que \u00e9 investido nas estradas.\u00a0<br><br>Hoje o setor ferrovi\u00e1rio passa por um momento de mudan\u00e7as. Al\u00e9m da discuss\u00e3o sobre a remodelagem de\u00a0contratos antigos, h\u00e1 em curso uma revis\u00e3o regulat\u00f3ria do segmento tocada dentro da ANTT (Ag\u00eancia Nacional de Transportes Terrestres), al\u00e9m do lan\u00e7amento de novas bases para a pol\u00edtica do setor pelo Minist\u00e9rio dos Transportes. Nesse ambiente, a ANTF afirma que o evento vai debater pontos como o\u00a0Plano Nacional de Ferrovias, a autorregula\u00e7\u00e3o, a seguran\u00e7a jur\u00eddica dos contratos de concess\u00e3o, a multimodalidade e tamb\u00e9m a COP30, que acontecer\u00e1 neste ano em Bel\u00e9m (PA).\u00a0<br><br>Segundo a entidade, o Minist\u00e9rio dos Transportes, a ANTT, a Infra S.A., o BNDES (Banco Nacional de Desenvolvimento Econ\u00f4mico e Social), o TCU (Tribunal de Contas da Uni\u00e3o) e a CGU (Controladoria-Geral da Uni\u00e3o) j\u00e1 confirmaram presen\u00e7a nos pain\u00e9is. As informa\u00e7\u00f5es sobre programa\u00e7\u00e3o e inscri\u00e7\u00e3o podem ser conferidas neste\u00a0<a href=\"https:\/\/agenciainfra.us14.list-manage.com\/track\/click?u=d460dd1bcf9ba0ae040e1fc0f&amp;id=5d23248995&amp;e=55b7a27fc9\" target=\"_blank\" rel=\"noreferrer noopener\">link<\/a>.<br><br>Na abertura, a expectativa \u00e9 de reunir os ministros dos Transportes, Renan Filho, e de Portos e Aeroportos, Silvio Costa Filho, o diretor-geral da ANTT, Guilherme Sampaio, o presidente da CNT (Confedera\u00e7\u00e3o Nacional do Transporte), Vander Costa, o CEO da Transnordestina Log\u00edstica, Tufi Daher Filho, o diretor-presidente da Infra S.A., Jorge Bastos, a diretora de Infraestrutura, Transi\u00e7\u00e3o Energ\u00e9tica e Mudan\u00e7a Clim\u00e1tica do BNDES, Luciana Costa, al\u00e9m de Barreto, da ANTF.\u00a0<\/p>\n","protected":false},"excerpt":{"rendered":"<p>da Ag\u00eancia iNFRA As concession\u00e1rias de ferrovias querem abrir uma discuss\u00e3o mais aprofundada sobre como o modal pode ter mais competitividade frente ao transporte rodovi\u00e1rio. A percep\u00e7\u00e3o do setor \u00e9 de que, para ter mais investimentos, o fardo maior que pesa sobre as opera\u00e7\u00f5es ferrovi\u00e1rias precisa ser resolvido. Esse \u00e9 um dos temas que as [&hellip;]<\/p>\n","protected":false},"author":1,"featured_media":6802,"comment_status":"closed","ping_status":"closed","sticky":false,"template":"","format":"standard","meta":{"_monsterinsights_skip_tracking":false,"_monsterinsights_sitenote_active":false,"_monsterinsights_sitenote_note":"","_monsterinsights_sitenote_category":0,"footnotes":""},"categories":[1,7],"tags":[59,15737,120,15738,9163,902],"class_list":["post-28919","post","type-post","status-publish","format-standard","has-post-thumbnail","hentry","category-geral","category-infratransporte","tag-antf","tag-evento-antf","tag-ferrovias","tag-ix-brasil-nos-trilhos","tag-transporte-intermodal","tag-transporte-rodoviario"],"yoast_head":"<!-- This site is optimized with the Yoast SEO Premium plugin v25.4 (Yoast SEO v26.0) - https:\/\/yoast.com\/wordpress\/plugins\/seo\/ -->\n<title>Operadoras querem debater concorr\u00eancia intermodal em evento da ANTF - Ag\u00eancia iNFRA<\/title>\n<meta name=\"robots\" content=\"index, follow, max-snippet:-1, max-image-preview:large, max-video-preview:-1\" \/>\n<link rel=\"canonical\" href=\"https:\/\/agenciainfra.com\/blog\/operadoras-querem-debater-concorrencia-intermodal-em-evento-da-antf\/\" \/>\n<meta property=\"og:locale\" content=\"pt_BR\" \/>\n<meta property=\"og:type\" content=\"article\" \/>\n<meta property=\"og:title\" content=\"Operadoras querem debater concorr\u00eancia intermodal em evento da ANTF\" \/>\n<meta property=\"og:description\" content=\"da Ag\u00eancia iNFRA As concession\u00e1rias de ferrovias querem abrir uma discuss\u00e3o mais aprofundada sobre como o modal pode ter mais competitividade frente ao transporte rodovi\u00e1rio. A percep\u00e7\u00e3o do setor \u00e9 de que, para ter mais investimentos, o fardo maior que pesa sobre as opera\u00e7\u00f5es ferrovi\u00e1rias precisa ser resolvido. Esse \u00e9 um dos temas que as [&hellip;]\" \/>\n<meta property=\"og:url\" content=\"https:\/\/agenciainfra.com\/blog\/operadoras-querem-debater-concorrencia-intermodal-em-evento-da-antf\/\" \/>\n<meta property=\"og:site_name\" content=\"Ag\u00eancia iNFRA\" \/>\n<meta property=\"article:publisher\" content=\"https:\/\/www.facebook.com\/ageninfra\" \/>\n<meta property=\"article:published_time\" content=\"2025-09-30T15:00:00+00:00\" \/>\n<meta property=\"article:modified_time\" content=\"2025-10-01T20:25:32+00:00\" \/>\n<meta property=\"og:image\" content=\"https:\/\/agenciainfra.com\/blog\/wp-content\/uploads\/2021\/02\/trem-MRS-2-foto-MRS.jpg\" \/>\n\t<meta property=\"og:image:width\" content=\"1280\" \/>\n\t<meta property=\"og:image:height\" content=\"853\" \/>\n\t<meta property=\"og:image:type\" content=\"image\/jpeg\" \/>\n<meta name=\"author\" content=\"Ag\u00eancia iNFRA\" \/>\n<meta name=\"twitter:card\" content=\"summary_large_image\" \/>\n<meta name=\"twitter:creator\" content=\"@agencia_infra\" \/>\n<meta name=\"twitter:site\" content=\"@agencia_infra\" \/>\n<meta name=\"twitter:label1\" content=\"Escrito por\" \/>\n\t<meta name=\"twitter:data1\" content=\"Ag\u00eancia iNFRA\" \/>\n\t<meta name=\"twitter:label2\" content=\"Est. tempo de leitura\" \/>\n\t<meta name=\"twitter:data2\" content=\"2 minutos\" \/>\n<script type=\"application\/ld+json\" class=\"yoast-schema-graph\">{\"@context\":\"https:\/\/schema.org\",\"@graph\":[{\"@type\":\"Article\",\"@id\":\"https:\/\/agenciainfra.com\/blog\/operadoras-querem-debater-concorrencia-intermodal-em-evento-da-antf\/#article\",\"isPartOf\":{\"@id\":\"https:\/\/agenciainfra.com\/blog\/operadoras-querem-debater-concorrencia-intermodal-em-evento-da-antf\/\"},\"author\":{\"name\":\"Ag\u00eancia iNFRA\",\"@id\":\"https:\/\/agenciainfra.com\/blog\/#\/schema\/person\/34af08dff6adea4cb22b06612ba7acfa\"},\"headline\":\"Operadoras querem debater concorr\u00eancia intermodal em evento da ANTF\",\"datePublished\":\"2025-09-30T15:00:00+00:00\",\"dateModified\":\"2025-10-01T20:25:32+00:00\",\"mainEntityOfPage\":{\"@id\":\"https:\/\/agenciainfra.com\/blog\/operadoras-querem-debater-concorrencia-intermodal-em-evento-da-antf\/\"},\"wordCount\":498,\"publisher\":{\"@id\":\"https:\/\/agenciainfra.com\/blog\/#organization\"},\"image\":{\"@id\":\"https:\/\/agenciainfra.com\/blog\/operadoras-querem-debater-concorrencia-intermodal-em-evento-da-antf\/#primaryimage\"},\"thumbnailUrl\":\"https:\/\/agenciainfra.com\/blog\/wp-content\/uploads\/2021\/02\/trem-MRS-2-foto-MRS.jpg\",\"keywords\":[\"ANTF\",\"Evento ANTF\",\"Ferrovias\",\"IX Brasil nos Trilhos\",\"transporte intermodal\",\"transporte rodovi\u00e1rio\"],\"articleSection\":[\"Geral\",\"iNFRATransporte\"],\"inLanguage\":\"pt-BR\",\"copyrightYear\":\"2025\",\"copyrightHolder\":{\"@id\":\"https:\/\/agenciainfra.com\/blog\/#organization\"}},{\"@type\":\"WebPage\",\"@id\":\"https:\/\/agenciainfra.com\/blog\/operadoras-querem-debater-concorrencia-intermodal-em-evento-da-antf\/\",\"url\":\"https:\/\/agenciainfra.com\/blog\/operadoras-querem-debater-concorrencia-intermodal-em-evento-da-antf\/\",\"name\":\"Operadoras querem debater concorr\u00eancia intermodal em evento da ANTF - Ag\u00eancia iNFRA\",\"isPartOf\":{\"@id\":\"https:\/\/agenciainfra.com\/blog\/#website\"},\"primaryImageOfPage\":{\"@id\":\"https:\/\/agenciainfra.com\/blog\/operadoras-querem-debater-concorrencia-intermodal-em-evento-da-antf\/#primaryimage\"},\"image\":{\"@id\":\"https:\/\/agenciainfra.com\/blog\/operadoras-querem-debater-concorrencia-intermodal-em-evento-da-antf\/#primaryimage\"},\"thumbnailUrl\":\"https:\/\/agenciainfra.com\/blog\/wp-content\/uploads\/2021\/02\/trem-MRS-2-foto-MRS.jpg\",\"datePublished\":\"2025-09-30T15:00:00+00:00\",\"dateModified\":\"2025-10-01T20:25:32+00:00\",\"breadcrumb\":{\"@id\":\"https:\/\/agenciainfra.com\/blog\/operadoras-querem-debater-concorrencia-intermodal-em-evento-da-antf\/#breadcrumb\"},\"inLanguage\":\"pt-BR\",\"potentialAction\":[{\"@type\":\"ReadAction\",\"target\":[\"https:\/\/agenciainfra.com\/blog\/operadoras-querem-debater-concorrencia-intermodal-em-evento-da-antf\/\"]}]},{\"@type\":\"ImageObject\",\"inLanguage\":\"pt-BR\",\"@id\":\"https:\/\/agenciainfra.com\/blog\/operadoras-querem-debater-concorrencia-intermodal-em-evento-da-antf\/#primaryimage\",\"url\":\"https:\/\/agenciainfra.com\/blog\/wp-content\/uploads\/2021\/02\/trem-MRS-2-foto-MRS.jpg\",\"contentUrl\":\"https:\/\/agenciainfra.com\/blog\/wp-content\/uploads\/2021\/02\/trem-MRS-2-foto-MRS.jpg\",\"width\":1280,\"height\":853,\"caption\":\"Foto: MRS\"},{\"@type\":\"BreadcrumbList\",\"@id\":\"https:\/\/agenciainfra.com\/blog\/operadoras-querem-debater-concorrencia-intermodal-em-evento-da-antf\/#breadcrumb\",\"itemListElement\":[{\"@type\":\"ListItem\",\"position\":1,\"name\":\"In\u00edcio\",\"item\":\"https:\/\/agenciainfra.com\/blog\/\"},{\"@type\":\"ListItem\",\"position\":2,\"name\":\"Operadoras querem debater concorr\u00eancia intermodal em evento da ANTF\"}]},{\"@type\":\"WebSite\",\"@id\":\"https:\/\/agenciainfra.com\/blog\/#website\",\"url\":\"https:\/\/agenciainfra.com\/blog\/\",\"name\":\"Ag\u00eancia iNFRA\",\"description\":\"Multiplataforma de informa\u00e7\u00e3o jornal\u00edstica refer\u00eancia na \u00e1rea de infraestrutura no Brasil!\",\"publisher\":{\"@id\":\"https:\/\/agenciainfra.com\/blog\/#organization\"},\"potentialAction\":[{\"@type\":\"SearchAction\",\"target\":{\"@type\":\"EntryPoint\",\"urlTemplate\":\"https:\/\/agenciainfra.com\/blog\/?s={search_term_string}\"},\"query-input\":{\"@type\":\"PropertyValueSpecification\",\"valueRequired\":true,\"valueName\":\"search_term_string\"}}],\"inLanguage\":\"pt-BR\"},{\"@type\":\"Organization\",\"@id\":\"https:\/\/agenciainfra.com\/blog\/#organization\",\"name\":\"Ag\u00eancia iNFRA\",\"url\":\"https:\/\/agenciainfra.com\/blog\/\",\"logo\":{\"@type\":\"ImageObject\",\"inLanguage\":\"pt-BR\",\"@id\":\"https:\/\/agenciainfra.com\/blog\/#\/schema\/logo\/image\/\",\"url\":\"https:\/\/agenciainfra.com\/blog\/wp-content\/uploads\/2023\/09\/iNFRA_5-e1761735885940.png\",\"contentUrl\":\"https:\/\/agenciainfra.com\/blog\/wp-content\/uploads\/2023\/09\/iNFRA_5-e1761735885940.png\",\"width\":1672,\"height\":454,\"caption\":\"Ag\u00eancia iNFRA\"},\"image\":{\"@id\":\"https:\/\/agenciainfra.com\/blog\/#\/schema\/logo\/image\/\"},\"sameAs\":[\"https:\/\/www.facebook.com\/ageninfra\",\"https:\/\/x.com\/agencia_infra\",\"https:\/\/www.linkedin.com\/company\/ag\u00eanciainfra\/\",\"https:\/\/www.instagram.com\/agenciainfra\/\"]},{\"@type\":\"Person\",\"@id\":\"https:\/\/agenciainfra.com\/blog\/#\/schema\/person\/34af08dff6adea4cb22b06612ba7acfa\",\"name\":\"Ag\u00eancia iNFRA\",\"image\":{\"@type\":\"ImageObject\",\"inLanguage\":\"pt-BR\",\"@id\":\"https:\/\/agenciainfra.com\/blog\/#\/schema\/person\/image\/\",\"url\":\"https:\/\/secure.gravatar.com\/avatar\/d189e01678f06d8eb84d4e01f08eb848b3fffe3f8443818d3c356c66892f5be8?s=96&d=mm&r=g\",\"contentUrl\":\"https:\/\/secure.gravatar.com\/avatar\/d189e01678f06d8eb84d4e01f08eb848b3fffe3f8443818d3c356c66892f5be8?s=96&d=mm&r=g\",\"caption\":\"Ag\u00eancia iNFRA\"},\"url\":\"https:\/\/agenciainfra.com\/blog\/author\/admin\/\"}]}<\/script>\n<!-- \/ Yoast SEO Premium plugin. -->","yoast_head_json":{"title":"Operadoras querem debater concorr\u00eancia intermodal em evento da ANTF - Ag\u00eancia iNFRA","robots":{"index":"index","follow":"follow","max-snippet":"max-snippet:-1","max-image-preview":"max-image-preview:large","max-video-preview":"max-video-preview:-1"},"canonical":"https:\/\/agenciainfra.com\/blog\/operadoras-querem-debater-concorrencia-intermodal-em-evento-da-antf\/","og_locale":"pt_BR","og_type":"article","og_title":"Operadoras querem debater concorr\u00eancia intermodal em evento da ANTF","og_description":"da Ag\u00eancia iNFRA As concession\u00e1rias de ferrovias querem abrir uma discuss\u00e3o mais aprofundada sobre como o modal pode ter mais competitividade frente ao transporte rodovi\u00e1rio. A percep\u00e7\u00e3o do setor \u00e9 de que, para ter mais investimentos, o fardo maior que pesa sobre as opera\u00e7\u00f5es ferrovi\u00e1rias precisa ser resolvido. Esse \u00e9 um dos temas que as [&hellip;]","og_url":"https:\/\/agenciainfra.com\/blog\/operadoras-querem-debater-concorrencia-intermodal-em-evento-da-antf\/","og_site_name":"Ag\u00eancia iNFRA","article_publisher":"https:\/\/www.facebook.com\/ageninfra","article_published_time":"2025-09-30T15:00:00+00:00","article_modified_time":"2025-10-01T20:25:32+00:00","og_image":[{"width":1280,"height":853,"url":"https:\/\/agenciainfra.com\/blog\/wp-content\/uploads\/2021\/02\/trem-MRS-2-foto-MRS.jpg","type":"image\/jpeg"}],"author":"Ag\u00eancia iNFRA","twitter_card":"summary_large_image","twitter_creator":"@agencia_infra","twitter_site":"@agencia_infra","twitter_misc":{"Escrito por":"Ag\u00eancia iNFRA","Est. tempo de leitura":"2 minutos"},"schema":{"@context":"https:\/\/schema.org","@graph":[{"@type":"Article","@id":"https:\/\/agenciainfra.com\/blog\/operadoras-querem-debater-concorrencia-intermodal-em-evento-da-antf\/#article","isPartOf":{"@id":"https:\/\/agenciainfra.com\/blog\/operadoras-querem-debater-concorrencia-intermodal-em-evento-da-antf\/"},"author":{"name":"Ag\u00eancia iNFRA","@id":"https:\/\/agenciainfra.com\/blog\/#\/schema\/person\/34af08dff6adea4cb22b06612ba7acfa"},"headline":"Operadoras querem debater concorr\u00eancia intermodal em evento da ANTF","datePublished":"2025-09-30T15:00:00+00:00","dateModified":"2025-10-01T20:25:32+00:00","mainEntityOfPage":{"@id":"https:\/\/agenciainfra.com\/blog\/operadoras-querem-debater-concorrencia-intermodal-em-evento-da-antf\/"},"wordCount":498,"publisher":{"@id":"https:\/\/agenciainfra.com\/blog\/#organization"},"image":{"@id":"https:\/\/agenciainfra.com\/blog\/operadoras-querem-debater-concorrencia-intermodal-em-evento-da-antf\/#primaryimage"},"thumbnailUrl":"https:\/\/agenciainfra.com\/blog\/wp-content\/uploads\/2021\/02\/trem-MRS-2-foto-MRS.jpg","keywords":["ANTF","Evento ANTF","Ferrovias","IX Brasil nos Trilhos","transporte intermodal","transporte rodovi\u00e1rio"],"articleSection":["Geral","iNFRATransporte"],"inLanguage":"pt-BR","copyrightYear":"2025","copyrightHolder":{"@id":"https:\/\/agenciainfra.com\/blog\/#organization"}},{"@type":"WebPage","@id":"https:\/\/agenciainfra.com\/blog\/operadoras-querem-debater-concorrencia-intermodal-em-evento-da-antf\/","url":"https:\/\/agenciainfra.com\/blog\/operadoras-querem-debater-concorrencia-intermodal-em-evento-da-antf\/","name":"Operadoras querem debater concorr\u00eancia intermodal em evento da ANTF - Ag\u00eancia iNFRA","isPartOf":{"@id":"https:\/\/agenciainfra.com\/blog\/#website"},"primaryImageOfPage":{"@id":"https:\/\/agenciainfra.com\/blog\/operadoras-querem-debater-concorrencia-intermodal-em-evento-da-antf\/#primaryimage"},"image":{"@id":"https:\/\/agenciainfra.com\/blog\/operadoras-querem-debater-concorrencia-intermodal-em-evento-da-antf\/#primaryimage"},"thumbnailUrl":"https:\/\/agenciainfra.com\/blog\/wp-content\/uploads\/2021\/02\/trem-MRS-2-foto-MRS.jpg","datePublished":"2025-09-30T15:00:00+00:00","dateModified":"2025-10-01T20:25:32+00:00","breadcrumb":{"@id":"https:\/\/agenciainfra.com\/blog\/operadoras-querem-debater-concorrencia-intermodal-em-evento-da-antf\/#breadcrumb"},"inLanguage":"pt-BR","potentialAction":[{"@type":"ReadAction","target":["https:\/\/agenciainfra.com\/blog\/operadoras-querem-debater-concorrencia-intermodal-em-evento-da-antf\/"]}]},{"@type":"ImageObject","inLanguage":"pt-BR","@id":"https:\/\/agenciainfra.com\/blog\/operadoras-querem-debater-concorrencia-intermodal-em-evento-da-antf\/#primaryimage","url":"https:\/\/agenciainfra.com\/blog\/wp-content\/uploads\/2021\/02\/trem-MRS-2-foto-MRS.jpg","contentUrl":"https:\/\/agenciainfra.com\/blog\/wp-content\/uploads\/2021\/02\/trem-MRS-2-foto-MRS.jpg","width":1280,"height":853,"caption":"Foto: MRS"},{"@type":"BreadcrumbList","@id":"https:\/\/agenciainfra.com\/blog\/operadoras-querem-debater-concorrencia-intermodal-em-evento-da-antf\/#breadcrumb","itemListElement":[{"@type":"ListItem","position":1,"name":"In\u00edcio","item":"https:\/\/agenciainfra.com\/blog\/"},{"@type":"ListItem","position":2,"name":"Operadoras querem debater concorr\u00eancia intermodal em evento da ANTF"}]},{"@type":"WebSite","@id":"https:\/\/agenciainfra.com\/blog\/#website","url":"https:\/\/agenciainfra.com\/blog\/","name":"Ag\u00eancia iNFRA","description":"Multiplataforma de informa\u00e7\u00e3o jornal\u00edstica refer\u00eancia na \u00e1rea de infraestrutura no Brasil!","publisher":{"@id":"https:\/\/agenciainfra.com\/blog\/#organization"},"potentialAction":[{"@type":"SearchAction","target":{"@type":"EntryPoint","urlTemplate":"https:\/\/agenciainfra.com\/blog\/?s={search_term_string}"},"query-input":{"@type":"PropertyValueSpecification","valueRequired":true,"valueName":"search_term_string"}}],"inLanguage":"pt-BR"},{"@type":"Organization","@id":"https:\/\/agenciainfra.com\/blog\/#organization","name":"Ag\u00eancia iNFRA","url":"https:\/\/agenciainfra.com\/blog\/","logo":{"@type":"ImageObject","inLanguage":"pt-BR","@id":"https:\/\/agenciainfra.com\/blog\/#\/schema\/logo\/image\/","url":"https:\/\/agenciainfra.com\/blog\/wp-content\/uploads\/2023\/09\/iNFRA_5-e1761735885940.png","contentUrl":"https:\/\/agenciainfra.com\/blog\/wp-content\/uploads\/2023\/09\/iNFRA_5-e1761735885940.png","width":1672,"height":454,"caption":"Ag\u00eancia iNFRA"},"image":{"@id":"https:\/\/agenciainfra.com\/blog\/#\/schema\/logo\/image\/"},"sameAs":["https:\/\/www.facebook.com\/ageninfra","https:\/\/x.com\/agencia_infra","https:\/\/www.linkedin.com\/company\/ag\u00eanciainfra\/","https:\/\/www.instagram.com\/agenciainfra\/"]},{"@type":"Person","@id":"https:\/\/agenciainfra.com\/blog\/#\/schema\/person\/34af08dff6adea4cb22b06612ba7acfa","name":"Ag\u00eancia iNFRA","image":{"@type":"ImageObject","inLanguage":"pt-BR","@id":"https:\/\/agenciainfra.com\/blog\/#\/schema\/person\/image\/","url":"https:\/\/secure.gravatar.com\/avatar\/d189e01678f06d8eb84d4e01f08eb848b3fffe3f8443818d3c356c66892f5be8?s=96&d=mm&r=g","contentUrl":"https:\/\/secure.gravatar.com\/avatar\/d189e01678f06d8eb84d4e01f08eb848b3fffe3f8443818d3c356c66892f5be8?s=96&d=mm&r=g","caption":"Ag\u00eancia iNFRA"},"url":"https:\/\/agenciainfra.com\/blog\/author\/admin\/"}]}},"_links":{"self":[{"href":"https:\/\/agenciainfra.com\/blog\/wp-json\/wp\/v2\/posts\/28919","targetHints":{"allow":["GET"]}}],"collection":[{"href":"https:\/\/agenciainfra.com\/blog\/wp-json\/wp\/v2\/posts"}],"about":[{"href":"https:\/\/agenciainfra.com\/blog\/wp-json\/wp\/v2\/types\/post"}],"author":[{"embeddable":true,"href":"https:\/\/agenciainfra.com\/blog\/wp-json\/wp\/v2\/users\/1"}],"replies":[{"embeddable":true,"href":"https:\/\/agenciainfra.com\/blog\/wp-json\/wp\/v2\/comments?post=28919"}],"version-history":[{"count":2,"href":"https:\/\/agenciainfra.com\/blog\/wp-json\/wp\/v2\/posts\/28919\/revisions"}],"predecessor-version":[{"id":28941,"href":"https:\/\/agenciainfra.com\/blog\/wp-json\/wp\/v2\/posts\/28919\/revisions\/28941"}],"wp:featuredmedia":[{"embeddable":true,"href":"https:\/\/agenciainfra.com\/blog\/wp-json\/wp\/v2\/media\/6802"}],"wp:attachment":[{"href":"https:\/\/agenciainfra.com\/blog\/wp-json\/wp\/v2\/media?parent=28919"}],"wp:term":[{"taxonomy":"category","embeddable":true,"href":"https:\/\/agenciainfra.com\/blog\/wp-json\/wp\/v2\/categories?post=28919"},{"taxonomy":"post_tag","embeddable":true,"href":"https:\/\/agenciainfra.com\/blog\/wp-json\/wp\/v2\/tags?post=28919"}],"curies":[{"name":"wp","href":"https:\/\/api.w.org\/{rel}","templated":true}]}}