{"id":28946,"date":"2025-09-30T14:13:54","date_gmt":"2025-09-30T17:13:54","guid":{"rendered":"https:\/\/agenciainfra.com\/blog\/?p=28946"},"modified":"2025-10-01T13:03:59","modified_gmt":"2025-10-01T16:03:59","slug":"curtailment-geradores-assumiram-risco-visando-subsidios-diz-senador","status":"publish","type":"post","link":"https:\/\/agenciainfra.com\/blog\/curtailment-geradores-assumiram-risco-visando-subsidios-diz-senador\/","title":{"rendered":"Curtailment: geradores assumiram risco visando subs\u00eddios, diz senador"},"content":{"rendered":"\n<p class=\"has-text-align-right\"><strong>Geraldo Campos Jr. e Marisa Wanzeller, da Ag\u00eancia iNFRA<\/strong><\/p>\n\n\n\n<p>O presidente da CI (Comiss\u00e3o de Infraestrutura) do Senado, Marcos Rog\u00e9rio (PL-RO), disse nesta ter\u00e7a-feira (30) ser ineg\u00e1vel que os geradores de energia e\u00f3lica e solar assumiram um risco ao \u201centrar no mercado pautando-se pelos subs\u00eddios oferecidos\u201d. Ele tamb\u00e9m se posicionou contra o repasse do preju\u00edzo aos consumidores. As declara\u00e7\u00f5es foram feitas em audi\u00eancia p\u00fablica sobre os cortes obrigat\u00f3rios de gera\u00e7\u00e3o, conhecidos como \u201ccurtailment\u201d, na comiss\u00e3o.<\/p>\n\n\n\n<p>Marcos Rog\u00e9rio ainda comparou o curtailment com o GSF (sigla para risco hidrol\u00f3gico), que movimentou um passivo de judicializa\u00e7\u00e3o no setor el\u00e9trico. \u201cO que me assombra \u00e9 que o mesmo cen\u00e1rio que se descontinuou para gerar o GSF \u00e9 o que se mostra nesse momento. E se n\u00f3s n\u00e3o tomarmos as medidas necess\u00e1rias, e com as cautelas necess\u00e1rias, daqui a pouco \u00e9 o consumidor que vai estar pagando essa conta de novo\u201d, declarou.<\/p>\n\n\n\n<p>O senador disse a jornalistas ao fim da audi\u00eancia que ainda ser\u00e1 necess\u00e1rio avaliar a necessidade de altera\u00e7\u00e3o legislativa para endere\u00e7ar os problemas do curtailment.<\/p>\n\n\n\n<p><\/p>\n","protected":false},"excerpt":{"rendered":"<p>Geraldo Campos Jr. e Marisa Wanzeller, da Ag\u00eancia iNFRA O presidente da CI (Comiss\u00e3o de Infraestrutura) do Senado, Marcos Rog\u00e9rio (PL-RO), disse nesta ter\u00e7a-feira (30) ser ineg\u00e1vel que os geradores de energia e\u00f3lica e solar assumiram um risco ao \u201centrar no mercado pautando-se pelos subs\u00eddios oferecidos\u201d. Ele tamb\u00e9m se posicionou contra o repasse do preju\u00edzo [&hellip;]<\/p>\n","protected":false},"author":1,"featured_media":24717,"comment_status":"closed","ping_status":"closed","sticky":false,"template":"","format":"standard","meta":{"_monsterinsights_skip_tracking":false,"_monsterinsights_sitenote_active":false,"_monsterinsights_sitenote_note":"","_monsterinsights_sitenote_category":0,"footnotes":""},"categories":[7250,1,10],"tags":[1498,12154,11474,1275,11594,348,1193,7366,193],"class_list":["post-28946","post","type-post","status-publish","format-standard","has-post-thumbnail","hentry","category-destaque-lista","category-geral","category-infraenergia","tag-comissao-de-infraestrutura","tag-cortes-de-geracao","tag-curtailment","tag-energia-eolica","tag-geraldo-campos-jr","tag-gsf","tag-marcos-rogerio","tag-marisa-wanzeller","tag-risco-hidrologico"],"yoast_head":"<!-- This site is optimized with the Yoast SEO Premium plugin v25.4 (Yoast SEO v26.0) - https:\/\/yoast.com\/wordpress\/plugins\/seo\/ -->\n<title>Curtailment: geradores assumiram risco visando subs\u00eddios, diz senador - Ag\u00eancia iNFRA<\/title>\n<meta name=\"robots\" content=\"index, follow, max-snippet:-1, max-image-preview:large, max-video-preview:-1\" \/>\n<link rel=\"canonical\" href=\"https:\/\/agenciainfra.com\/blog\/curtailment-geradores-assumiram-risco-visando-subsidios-diz-senador\/\" \/>\n<meta property=\"og:locale\" content=\"pt_BR\" \/>\n<meta property=\"og:type\" content=\"article\" \/>\n<meta property=\"og:title\" content=\"Curtailment: geradores assumiram risco visando subs\u00eddios, diz senador\" \/>\n<meta property=\"og:description\" content=\"Geraldo Campos Jr. e Marisa Wanzeller, da Ag\u00eancia iNFRA O presidente da CI (Comiss\u00e3o de Infraestrutura) do Senado, Marcos Rog\u00e9rio (PL-RO), disse nesta ter\u00e7a-feira (30) ser ineg\u00e1vel que os geradores de energia e\u00f3lica e solar assumiram um risco ao \u201centrar no mercado pautando-se pelos subs\u00eddios oferecidos\u201d. Ele tamb\u00e9m se posicionou contra o repasse do preju\u00edzo [&hellip;]\" \/>\n<meta property=\"og:url\" content=\"https:\/\/agenciainfra.com\/blog\/curtailment-geradores-assumiram-risco-visando-subsidios-diz-senador\/\" \/>\n<meta property=\"og:site_name\" content=\"Ag\u00eancia iNFRA\" \/>\n<meta property=\"article:publisher\" content=\"https:\/\/www.facebook.com\/ageninfra\" \/>\n<meta property=\"article:published_time\" content=\"2025-09-30T17:13:54+00:00\" \/>\n<meta property=\"article:modified_time\" content=\"2025-10-01T16:03:59+00:00\" \/>\n<meta property=\"og:image\" content=\"https:\/\/agenciainfra.com\/blog\/wp-content\/uploads\/2025\/07\/marcos-rogerio-foto-geraldo-magela-agencia-senado.jpg\" \/>\n\t<meta property=\"og:image:width\" content=\"1280\" \/>\n\t<meta property=\"og:image:height\" content=\"853\" \/>\n\t<meta property=\"og:image:type\" content=\"image\/jpeg\" \/>\n<meta name=\"author\" content=\"Ag\u00eancia iNFRA\" \/>\n<meta name=\"twitter:card\" content=\"summary_large_image\" \/>\n<meta name=\"twitter:creator\" content=\"@agencia_infra\" \/>\n<meta name=\"twitter:site\" content=\"@agencia_infra\" \/>\n<meta name=\"twitter:label1\" content=\"Escrito por\" \/>\n\t<meta name=\"twitter:data1\" content=\"Ag\u00eancia iNFRA\" \/>\n\t<meta name=\"twitter:label2\" content=\"Est. tempo de leitura\" \/>\n\t<meta name=\"twitter:data2\" content=\"1 minuto\" \/>\n<script type=\"application\/ld+json\" class=\"yoast-schema-graph\">{\"@context\":\"https:\/\/schema.org\",\"@graph\":[{\"@type\":\"Article\",\"@id\":\"https:\/\/agenciainfra.com\/blog\/curtailment-geradores-assumiram-risco-visando-subsidios-diz-senador\/#article\",\"isPartOf\":{\"@id\":\"https:\/\/agenciainfra.com\/blog\/curtailment-geradores-assumiram-risco-visando-subsidios-diz-senador\/\"},\"author\":{\"name\":\"Ag\u00eancia iNFRA\",\"@id\":\"https:\/\/agenciainfra.com\/blog\/#\/schema\/person\/34af08dff6adea4cb22b06612ba7acfa\"},\"headline\":\"Curtailment: geradores assumiram risco visando subs\u00eddios, diz senador\",\"datePublished\":\"2025-09-30T17:13:54+00:00\",\"dateModified\":\"2025-10-01T16:03:59+00:00\",\"mainEntityOfPage\":{\"@id\":\"https:\/\/agenciainfra.com\/blog\/curtailment-geradores-assumiram-risco-visando-subsidios-diz-senador\/\"},\"wordCount\":206,\"publisher\":{\"@id\":\"https:\/\/agenciainfra.com\/blog\/#organization\"},\"image\":{\"@id\":\"https:\/\/agenciainfra.com\/blog\/curtailment-geradores-assumiram-risco-visando-subsidios-diz-senador\/#primaryimage\"},\"thumbnailUrl\":\"https:\/\/agenciainfra.com\/blog\/wp-content\/uploads\/2025\/07\/marcos-rogerio-foto-geraldo-magela-agencia-senado.jpg\",\"keywords\":[\"Comiss\u00e3o de Infraestrutura\",\"cortes de gera\u00e7\u00e3o\",\"curtailment\",\"energia e\u00f3lica\",\"Geraldo Campos Jr.\",\"GSF\",\"Marcos Rog\u00e9rio\",\"Marisa Wanzeller\",\"risco hidrol\u00f3gico\"],\"articleSection\":[\"Destaque lista\",\"Geral\",\"iNFRAEnergia\"],\"inLanguage\":\"pt-BR\",\"copyrightYear\":\"2025\",\"copyrightHolder\":{\"@id\":\"https:\/\/agenciainfra.com\/blog\/#organization\"}},{\"@type\":\"WebPage\",\"@id\":\"https:\/\/agenciainfra.com\/blog\/curtailment-geradores-assumiram-risco-visando-subsidios-diz-senador\/\",\"url\":\"https:\/\/agenciainfra.com\/blog\/curtailment-geradores-assumiram-risco-visando-subsidios-diz-senador\/\",\"name\":\"Curtailment: geradores assumiram risco visando subs\u00eddios, diz senador - Ag\u00eancia iNFRA\",\"isPartOf\":{\"@id\":\"https:\/\/agenciainfra.com\/blog\/#website\"},\"primaryImageOfPage\":{\"@id\":\"https:\/\/agenciainfra.com\/blog\/curtailment-geradores-assumiram-risco-visando-subsidios-diz-senador\/#primaryimage\"},\"image\":{\"@id\":\"https:\/\/agenciainfra.com\/blog\/curtailment-geradores-assumiram-risco-visando-subsidios-diz-senador\/#primaryimage\"},\"thumbnailUrl\":\"https:\/\/agenciainfra.com\/blog\/wp-content\/uploads\/2025\/07\/marcos-rogerio-foto-geraldo-magela-agencia-senado.jpg\",\"datePublished\":\"2025-09-30T17:13:54+00:00\",\"dateModified\":\"2025-10-01T16:03:59+00:00\",\"breadcrumb\":{\"@id\":\"https:\/\/agenciainfra.com\/blog\/curtailment-geradores-assumiram-risco-visando-subsidios-diz-senador\/#breadcrumb\"},\"inLanguage\":\"pt-BR\",\"potentialAction\":[{\"@type\":\"ReadAction\",\"target\":[\"https:\/\/agenciainfra.com\/blog\/curtailment-geradores-assumiram-risco-visando-subsidios-diz-senador\/\"]}]},{\"@type\":\"ImageObject\",\"inLanguage\":\"pt-BR\",\"@id\":\"https:\/\/agenciainfra.com\/blog\/curtailment-geradores-assumiram-risco-visando-subsidios-diz-senador\/#primaryimage\",\"url\":\"https:\/\/agenciainfra.com\/blog\/wp-content\/uploads\/2025\/07\/marcos-rogerio-foto-geraldo-magela-agencia-senado.jpg\",\"contentUrl\":\"https:\/\/agenciainfra.com\/blog\/wp-content\/uploads\/2025\/07\/marcos-rogerio-foto-geraldo-magela-agencia-senado.jpg\",\"width\":1280,\"height\":853,\"caption\":\"Foto: Geraldo Magela\/Ag\u00eancia Senado\"},{\"@type\":\"BreadcrumbList\",\"@id\":\"https:\/\/agenciainfra.com\/blog\/curtailment-geradores-assumiram-risco-visando-subsidios-diz-senador\/#breadcrumb\",\"itemListElement\":[{\"@type\":\"ListItem\",\"position\":1,\"name\":\"In\u00edcio\",\"item\":\"https:\/\/agenciainfra.com\/blog\/\"},{\"@type\":\"ListItem\",\"position\":2,\"name\":\"Curtailment: geradores assumiram risco visando subs\u00eddios, diz senador\"}]},{\"@type\":\"WebSite\",\"@id\":\"https:\/\/agenciainfra.com\/blog\/#website\",\"url\":\"https:\/\/agenciainfra.com\/blog\/\",\"name\":\"Ag\u00eancia iNFRA\",\"description\":\"Multiplataforma de informa\u00e7\u00e3o jornal\u00edstica refer\u00eancia na \u00e1rea de infraestrutura no Brasil!\",\"publisher\":{\"@id\":\"https:\/\/agenciainfra.com\/blog\/#organization\"},\"potentialAction\":[{\"@type\":\"SearchAction\",\"target\":{\"@type\":\"EntryPoint\",\"urlTemplate\":\"https:\/\/agenciainfra.com\/blog\/?s={search_term_string}\"},\"query-input\":{\"@type\":\"PropertyValueSpecification\",\"valueRequired\":true,\"valueName\":\"search_term_string\"}}],\"inLanguage\":\"pt-BR\"},{\"@type\":\"Organization\",\"@id\":\"https:\/\/agenciainfra.com\/blog\/#organization\",\"name\":\"Ag\u00eancia iNFRA\",\"url\":\"https:\/\/agenciainfra.com\/blog\/\",\"logo\":{\"@type\":\"ImageObject\",\"inLanguage\":\"pt-BR\",\"@id\":\"https:\/\/agenciainfra.com\/blog\/#\/schema\/logo\/image\/\",\"url\":\"https:\/\/agenciainfra.com\/blog\/wp-content\/uploads\/2023\/09\/iNFRA_5-e1761735885940.png\",\"contentUrl\":\"https:\/\/agenciainfra.com\/blog\/wp-content\/uploads\/2023\/09\/iNFRA_5-e1761735885940.png\",\"width\":1672,\"height\":454,\"caption\":\"Ag\u00eancia iNFRA\"},\"image\":{\"@id\":\"https:\/\/agenciainfra.com\/blog\/#\/schema\/logo\/image\/\"},\"sameAs\":[\"https:\/\/www.facebook.com\/ageninfra\",\"https:\/\/x.com\/agencia_infra\",\"https:\/\/www.linkedin.com\/company\/ag\u00eanciainfra\/\",\"https:\/\/www.instagram.com\/agenciainfra\/\"]},{\"@type\":\"Person\",\"@id\":\"https:\/\/agenciainfra.com\/blog\/#\/schema\/person\/34af08dff6adea4cb22b06612ba7acfa\",\"name\":\"Ag\u00eancia iNFRA\",\"image\":{\"@type\":\"ImageObject\",\"inLanguage\":\"pt-BR\",\"@id\":\"https:\/\/agenciainfra.com\/blog\/#\/schema\/person\/image\/\",\"url\":\"https:\/\/secure.gravatar.com\/avatar\/d189e01678f06d8eb84d4e01f08eb848b3fffe3f8443818d3c356c66892f5be8?s=96&d=mm&r=g\",\"contentUrl\":\"https:\/\/secure.gravatar.com\/avatar\/d189e01678f06d8eb84d4e01f08eb848b3fffe3f8443818d3c356c66892f5be8?s=96&d=mm&r=g\",\"caption\":\"Ag\u00eancia iNFRA\"},\"url\":\"https:\/\/agenciainfra.com\/blog\/author\/admin\/\"}]}<\/script>\n<!-- \/ Yoast SEO Premium plugin. -->","yoast_head_json":{"title":"Curtailment: geradores assumiram risco visando subs\u00eddios, diz senador - Ag\u00eancia iNFRA","robots":{"index":"index","follow":"follow","max-snippet":"max-snippet:-1","max-image-preview":"max-image-preview:large","max-video-preview":"max-video-preview:-1"},"canonical":"https:\/\/agenciainfra.com\/blog\/curtailment-geradores-assumiram-risco-visando-subsidios-diz-senador\/","og_locale":"pt_BR","og_type":"article","og_title":"Curtailment: geradores assumiram risco visando subs\u00eddios, diz senador","og_description":"Geraldo Campos Jr. e Marisa Wanzeller, da Ag\u00eancia iNFRA O presidente da CI (Comiss\u00e3o de Infraestrutura) do Senado, Marcos Rog\u00e9rio (PL-RO), disse nesta ter\u00e7a-feira (30) ser ineg\u00e1vel que os geradores de energia e\u00f3lica e solar assumiram um risco ao \u201centrar no mercado pautando-se pelos subs\u00eddios oferecidos\u201d. Ele tamb\u00e9m se posicionou contra o repasse do preju\u00edzo [&hellip;]","og_url":"https:\/\/agenciainfra.com\/blog\/curtailment-geradores-assumiram-risco-visando-subsidios-diz-senador\/","og_site_name":"Ag\u00eancia iNFRA","article_publisher":"https:\/\/www.facebook.com\/ageninfra","article_published_time":"2025-09-30T17:13:54+00:00","article_modified_time":"2025-10-01T16:03:59+00:00","og_image":[{"width":1280,"height":853,"url":"https:\/\/agenciainfra.com\/blog\/wp-content\/uploads\/2025\/07\/marcos-rogerio-foto-geraldo-magela-agencia-senado.jpg","type":"image\/jpeg"}],"author":"Ag\u00eancia iNFRA","twitter_card":"summary_large_image","twitter_creator":"@agencia_infra","twitter_site":"@agencia_infra","twitter_misc":{"Escrito por":"Ag\u00eancia iNFRA","Est. tempo de leitura":"1 minuto"},"schema":{"@context":"https:\/\/schema.org","@graph":[{"@type":"Article","@id":"https:\/\/agenciainfra.com\/blog\/curtailment-geradores-assumiram-risco-visando-subsidios-diz-senador\/#article","isPartOf":{"@id":"https:\/\/agenciainfra.com\/blog\/curtailment-geradores-assumiram-risco-visando-subsidios-diz-senador\/"},"author":{"name":"Ag\u00eancia iNFRA","@id":"https:\/\/agenciainfra.com\/blog\/#\/schema\/person\/34af08dff6adea4cb22b06612ba7acfa"},"headline":"Curtailment: geradores assumiram risco visando subs\u00eddios, diz senador","datePublished":"2025-09-30T17:13:54+00:00","dateModified":"2025-10-01T16:03:59+00:00","mainEntityOfPage":{"@id":"https:\/\/agenciainfra.com\/blog\/curtailment-geradores-assumiram-risco-visando-subsidios-diz-senador\/"},"wordCount":206,"publisher":{"@id":"https:\/\/agenciainfra.com\/blog\/#organization"},"image":{"@id":"https:\/\/agenciainfra.com\/blog\/curtailment-geradores-assumiram-risco-visando-subsidios-diz-senador\/#primaryimage"},"thumbnailUrl":"https:\/\/agenciainfra.com\/blog\/wp-content\/uploads\/2025\/07\/marcos-rogerio-foto-geraldo-magela-agencia-senado.jpg","keywords":["Comiss\u00e3o de Infraestrutura","cortes de gera\u00e7\u00e3o","curtailment","energia e\u00f3lica","Geraldo Campos Jr.","GSF","Marcos Rog\u00e9rio","Marisa Wanzeller","risco hidrol\u00f3gico"],"articleSection":["Destaque lista","Geral","iNFRAEnergia"],"inLanguage":"pt-BR","copyrightYear":"2025","copyrightHolder":{"@id":"https:\/\/agenciainfra.com\/blog\/#organization"}},{"@type":"WebPage","@id":"https:\/\/agenciainfra.com\/blog\/curtailment-geradores-assumiram-risco-visando-subsidios-diz-senador\/","url":"https:\/\/agenciainfra.com\/blog\/curtailment-geradores-assumiram-risco-visando-subsidios-diz-senador\/","name":"Curtailment: geradores assumiram risco visando subs\u00eddios, diz senador - Ag\u00eancia iNFRA","isPartOf":{"@id":"https:\/\/agenciainfra.com\/blog\/#website"},"primaryImageOfPage":{"@id":"https:\/\/agenciainfra.com\/blog\/curtailment-geradores-assumiram-risco-visando-subsidios-diz-senador\/#primaryimage"},"image":{"@id":"https:\/\/agenciainfra.com\/blog\/curtailment-geradores-assumiram-risco-visando-subsidios-diz-senador\/#primaryimage"},"thumbnailUrl":"https:\/\/agenciainfra.com\/blog\/wp-content\/uploads\/2025\/07\/marcos-rogerio-foto-geraldo-magela-agencia-senado.jpg","datePublished":"2025-09-30T17:13:54+00:00","dateModified":"2025-10-01T16:03:59+00:00","breadcrumb":{"@id":"https:\/\/agenciainfra.com\/blog\/curtailment-geradores-assumiram-risco-visando-subsidios-diz-senador\/#breadcrumb"},"inLanguage":"pt-BR","potentialAction":[{"@type":"ReadAction","target":["https:\/\/agenciainfra.com\/blog\/curtailment-geradores-assumiram-risco-visando-subsidios-diz-senador\/"]}]},{"@type":"ImageObject","inLanguage":"pt-BR","@id":"https:\/\/agenciainfra.com\/blog\/curtailment-geradores-assumiram-risco-visando-subsidios-diz-senador\/#primaryimage","url":"https:\/\/agenciainfra.com\/blog\/wp-content\/uploads\/2025\/07\/marcos-rogerio-foto-geraldo-magela-agencia-senado.jpg","contentUrl":"https:\/\/agenciainfra.com\/blog\/wp-content\/uploads\/2025\/07\/marcos-rogerio-foto-geraldo-magela-agencia-senado.jpg","width":1280,"height":853,"caption":"Foto: Geraldo Magela\/Ag\u00eancia Senado"},{"@type":"BreadcrumbList","@id":"https:\/\/agenciainfra.com\/blog\/curtailment-geradores-assumiram-risco-visando-subsidios-diz-senador\/#breadcrumb","itemListElement":[{"@type":"ListItem","position":1,"name":"In\u00edcio","item":"https:\/\/agenciainfra.com\/blog\/"},{"@type":"ListItem","position":2,"name":"Curtailment: geradores assumiram risco visando subs\u00eddios, diz senador"}]},{"@type":"WebSite","@id":"https:\/\/agenciainfra.com\/blog\/#website","url":"https:\/\/agenciainfra.com\/blog\/","name":"Ag\u00eancia iNFRA","description":"Multiplataforma de informa\u00e7\u00e3o jornal\u00edstica refer\u00eancia na \u00e1rea de infraestrutura no Brasil!","publisher":{"@id":"https:\/\/agenciainfra.com\/blog\/#organization"},"potentialAction":[{"@type":"SearchAction","target":{"@type":"EntryPoint","urlTemplate":"https:\/\/agenciainfra.com\/blog\/?s={search_term_string}"},"query-input":{"@type":"PropertyValueSpecification","valueRequired":true,"valueName":"search_term_string"}}],"inLanguage":"pt-BR"},{"@type":"Organization","@id":"https:\/\/agenciainfra.com\/blog\/#organization","name":"Ag\u00eancia iNFRA","url":"https:\/\/agenciainfra.com\/blog\/","logo":{"@type":"ImageObject","inLanguage":"pt-BR","@id":"https:\/\/agenciainfra.com\/blog\/#\/schema\/logo\/image\/","url":"https:\/\/agenciainfra.com\/blog\/wp-content\/uploads\/2023\/09\/iNFRA_5-e1761735885940.png","contentUrl":"https:\/\/agenciainfra.com\/blog\/wp-content\/uploads\/2023\/09\/iNFRA_5-e1761735885940.png","width":1672,"height":454,"caption":"Ag\u00eancia iNFRA"},"image":{"@id":"https:\/\/agenciainfra.com\/blog\/#\/schema\/logo\/image\/"},"sameAs":["https:\/\/www.facebook.com\/ageninfra","https:\/\/x.com\/agencia_infra","https:\/\/www.linkedin.com\/company\/ag\u00eanciainfra\/","https:\/\/www.instagram.com\/agenciainfra\/"]},{"@type":"Person","@id":"https:\/\/agenciainfra.com\/blog\/#\/schema\/person\/34af08dff6adea4cb22b06612ba7acfa","name":"Ag\u00eancia iNFRA","image":{"@type":"ImageObject","inLanguage":"pt-BR","@id":"https:\/\/agenciainfra.com\/blog\/#\/schema\/person\/image\/","url":"https:\/\/secure.gravatar.com\/avatar\/d189e01678f06d8eb84d4e01f08eb848b3fffe3f8443818d3c356c66892f5be8?s=96&d=mm&r=g","contentUrl":"https:\/\/secure.gravatar.com\/avatar\/d189e01678f06d8eb84d4e01f08eb848b3fffe3f8443818d3c356c66892f5be8?s=96&d=mm&r=g","caption":"Ag\u00eancia iNFRA"},"url":"https:\/\/agenciainfra.com\/blog\/author\/admin\/"}]}},"_links":{"self":[{"href":"https:\/\/agenciainfra.com\/blog\/wp-json\/wp\/v2\/posts\/28946","targetHints":{"allow":["GET"]}}],"collection":[{"href":"https:\/\/agenciainfra.com\/blog\/wp-json\/wp\/v2\/posts"}],"about":[{"href":"https:\/\/agenciainfra.com\/blog\/wp-json\/wp\/v2\/types\/post"}],"author":[{"embeddable":true,"href":"https:\/\/agenciainfra.com\/blog\/wp-json\/wp\/v2\/users\/1"}],"replies":[{"embeddable":true,"href":"https:\/\/agenciainfra.com\/blog\/wp-json\/wp\/v2\/comments?post=28946"}],"version-history":[{"count":1,"href":"https:\/\/agenciainfra.com\/blog\/wp-json\/wp\/v2\/posts\/28946\/revisions"}],"predecessor-version":[{"id":28947,"href":"https:\/\/agenciainfra.com\/blog\/wp-json\/wp\/v2\/posts\/28946\/revisions\/28947"}],"wp:featuredmedia":[{"embeddable":true,"href":"https:\/\/agenciainfra.com\/blog\/wp-json\/wp\/v2\/media\/24717"}],"wp:attachment":[{"href":"https:\/\/agenciainfra.com\/blog\/wp-json\/wp\/v2\/media?parent=28946"}],"wp:term":[{"taxonomy":"category","embeddable":true,"href":"https:\/\/agenciainfra.com\/blog\/wp-json\/wp\/v2\/categories?post=28946"},{"taxonomy":"post_tag","embeddable":true,"href":"https:\/\/agenciainfra.com\/blog\/wp-json\/wp\/v2\/tags?post=28946"}],"curies":[{"name":"wp","href":"https:\/\/api.w.org\/{rel}","templated":true}]}}