{"id":28954,"date":"2025-09-30T16:04:27","date_gmt":"2025-09-30T19:04:27","guid":{"rendered":"https:\/\/agenciainfra.com\/blog\/?p=28954"},"modified":"2025-10-01T13:04:28","modified_gmt":"2025-10-01T16:04:28","slug":"cade-confirma-aval-a-entrada-de-tanure-na-braskem-questionada-pela-petrobras","status":"publish","type":"post","link":"https:\/\/agenciainfra.com\/blog\/cade-confirma-aval-a-entrada-de-tanure-na-braskem-questionada-pela-petrobras\/","title":{"rendered":"Questionado, Cade confirma aval \u00e0 entrada de Tanure na Braskem"},"content":{"rendered":"\n<p class=\"has-text-align-right\"><strong>Gabriel Vasconcelos, da Ag\u00eancia iNFRA<\/strong><\/p>\n\n\n\n<p>O Cade (Conselho Administrativo de Defesa Econ\u00f4mica) confirmou por unanimidade nesta ter\u00e7a-feira (30) o aval, sem restri\u00e7\u00f5es, para uma eventual venda da participa\u00e7\u00e3o da Novonor (ex-Odebrecht) na Braskem para o fundo de investimentos em participa\u00e7\u00f5es Petroqu\u00edmica Verde, do empres\u00e1rio Nelson Tanure. A Novonor busca vender sua fatia na petroqu\u00edmica, equivalente a 38,3% do capital total e 50,1% do capital votante.&nbsp;<\/p>\n\n\n\n<p>A manifesta\u00e7\u00e3o do \u00f3rg\u00e3o se d\u00e1 ap\u00f3s provoca\u00e7\u00e3o da Petrobras, que tamb\u00e9m \u00e9 acionista relevante da petroqu\u00edmica e atua como &#8220;terceira interessada&#8221; no processo. A estatal argumentava que o Cade n\u00e3o avaliou poss\u00edvel concentra\u00e7\u00e3o na movimenta\u00e7\u00e3o portu\u00e1ria de produtos petroqu\u00edmicos, visto que Tanure \u00e9 controlador da Docas Investimentos, com atua\u00e7\u00e3o no segmento. As alega\u00e7\u00f5es n\u00e3o foram acolhidas pelo tribunal.<\/p>\n\n\n\n<p>&#8220;A Petrobras n\u00e3o apresentou quest\u00f5es que indiquem \u00e0 autoridade [Cade] que a opera\u00e7\u00e3o analisada gera preocupa\u00e7\u00f5es concorrenciais, de modo que eu acompanho o entendimento da Superintend\u00eancia-Geral do Cade, de que a opera\u00e7\u00e3o n\u00e3o possui o cond\u00e3o de acarretar preju\u00edzos ao ambiente concorrencial&#8221;, disse a conselheira relatora do processo, Camila Cabral Pires. Ela foi acompanhada pelos demais cinco conselheiros presentes.\u00a0\u00a0<\/p>\n\n\n\n<p><strong>Segunda op\u00e7\u00e3o<\/strong><br>Apesar da decis\u00e3o, Tanure j\u00e1 n\u00e3o \u00e9 a primeira op\u00e7\u00e3o dos bancos credores da Novonor, que est\u00e3o em uma negocia\u00e7\u00e3o exclusiva com a gestora IG4, do empres\u00e1rio Paulo Mattos, at\u00e9 a segunda metade de novembro (90 dias a contar de 22 de agosto). Ainda assim, Tanure, que j\u00e1 esteve na dianteira das negocia\u00e7\u00f5es, segue como op\u00e7\u00e3o e busca preservar as condi\u00e7\u00f5es legais para a aquisi\u00e7\u00e3o.<\/p>\n\n\n\n<p>Antes da reviravolta na negocia\u00e7\u00e3o, o Cade j\u00e1 tinha aprovado o movimento sem restri\u00e7\u00f5es em 17 de julho, ap\u00f3s ser notificado pela Petroqu\u00edmica Verde sobre a possibilidade de aquisi\u00e7\u00e3o, que, no entanto, nunca assistiu a uma oferta vinculante.<\/p>\n\n\n\n<p><strong>Argumentos derrotados<br><\/strong>Na peti\u00e7\u00e3o ao Cade, a Petrobras chegou a sugerir que o conselho foi &#8220;induzido&#8221; a erro na aprova\u00e7\u00e3o do ato de concentra\u00e7\u00e3o, levando em conta somente impactos concorrenciais para a atividade de gera\u00e7\u00e3o e comercializa\u00e7\u00e3o de energia el\u00e9trica, que \u00e9 feita pela Braskem, mas n\u00e3o s\u00e3o o centro de sua atua\u00e7\u00e3o. Os advogados da Petrobras argumentavam que a Docas, tamb\u00e9m controlada por Tanure, atuaria nos setores de log\u00edstica portu\u00e1ria e petroqu\u00edmico, com implica\u00e7\u00f5es diretas para a movimenta\u00e7\u00e3o de importa\u00e7\u00f5es que concorrem com a produ\u00e7\u00e3o da Braskem.<\/p>\n\n\n\n<p>&#8220;A concorr\u00eancia com a Braskem no mercado brasileiro de petroqu\u00edmica atualmente se d\u00e1 pela importa\u00e7\u00e3o, a log\u00edstica portu\u00e1ria, que constitui objeto da Docas Investimentos S\/A, assume ineg\u00e1vel relev\u00e2ncia de an\u00e1lise concorrencial, uma vez que pode potencialmente influenciar na din\u00e2mica de importa\u00e7\u00e3o de produtos qu\u00edmicos\/petroqu\u00edmicos no mercado brasileiro&#8221;, diz a Petrobras na peti\u00e7\u00e3o enviada ao Cade.<\/p>\n\n\n\n<p>Em resposta, a empresa de Tanure alegou que a Petrobras s\u00f3 apresentou como ind\u00edcio trechos que descrevem a atua\u00e7\u00e3o da Docas em seu site, o que estaria desatualizado. No mais, negou operar cargas petroqu\u00edmicas atualmente, o que n\u00e3o mais foi contraposto pela Petrobras.&nbsp;<\/p>\n\n\n\n<p>Al\u00e9m disso, a conselheira-relatora informou que pesquisa p\u00fablica realizada por integrantes do seu gabinete n\u00e3o encontrou indica\u00e7\u00e3o de que a empresa em quest\u00e3o atua no setor portu\u00e1rio ou petroqu\u00edmico, tendo como atividade principal ser uma &#8220;sociedade de investimentos&#8221;, e que, por isso, n\u00e3o haveria ind\u00edcios suficientes para a redefini\u00e7\u00e3o do mercado relevante afetado pela opera\u00e7\u00e3o, como pedido pela Petrobras.\u00a0<\/p>\n\n\n\n<p>A estatal tamb\u00e9m alegava n\u00e3o ter sido devidamente informada sobre os passos de Tanure, o que viola seu direito de prefer\u00eancia ou tag along, o mecanismo de prote\u00e7\u00e3o a acionistas minorit\u00e1rios que permite a aliena\u00e7\u00e3o de participa\u00e7\u00e3o na mesma propor\u00e7\u00e3o vendida no caso de repasse do controle da companhia a um novo s\u00f3cio.\u00a0<\/p>\n\n\n\n<p>Sobre isso, Camila afirmou que a quest\u00e3o est\u00e1 fora do escopo da an\u00e1lise concorrencial e que, portanto, n\u00e3o cabe ao Cade julgar. Ainda assim, a Petroqu\u00edmica Verde teria informado ao \u00f3rg\u00e3o que a obriga\u00e7\u00e3o de enviar notifica\u00e7\u00f5es \u00e0 Petrobras sobre o processo depende da exist\u00eancia de oferta vinculante, o que n\u00e3o aconteceu.<\/p>\n","protected":false},"excerpt":{"rendered":"<p>Gabriel Vasconcelos, da Ag\u00eancia iNFRA O Cade (Conselho Administrativo de Defesa Econ\u00f4mica) confirmou por unanimidade nesta ter\u00e7a-feira (30) o aval, sem restri\u00e7\u00f5es, para uma eventual venda da participa\u00e7\u00e3o da Novonor (ex-Odebrecht) na Braskem para o fundo de investimentos em participa\u00e7\u00f5es Petroqu\u00edmica Verde, do empres\u00e1rio Nelson Tanure. A Novonor busca vender sua fatia na petroqu\u00edmica, equivalente [&hellip;]<\/p>\n","protected":false},"author":1,"featured_media":25660,"comment_status":"closed","ping_status":"closed","sticky":false,"template":"","format":"standard","meta":{"_monsterinsights_skip_tracking":false,"_monsterinsights_sitenote_active":false,"_monsterinsights_sitenote_note":"","_monsterinsights_sitenote_category":0,"footnotes":""},"categories":[7250,1,13271],"tags":[10107,371,13251,6767,6457,143,15739],"class_list":["post-28954","post","type-post","status-publish","format-standard","has-post-thumbnail","hentry","category-destaque-lista","category-geral","category-oleo-gas","tag-braskem","tag-cade","tag-gabriel-vasconcelos","tag-nelson-tanure","tag-novonor","tag-petrobras","tag-petroquimica-verde"],"yoast_head":"<!-- This site is optimized with the Yoast SEO Premium plugin v25.4 (Yoast SEO v26.0) - https:\/\/yoast.com\/wordpress\/plugins\/seo\/ -->\n<title>Questionado, Cade confirma aval \u00e0 entrada de Tanure na Braskem - Ag\u00eancia iNFRA<\/title>\n<meta name=\"robots\" content=\"index, follow, max-snippet:-1, max-image-preview:large, max-video-preview:-1\" \/>\n<link rel=\"canonical\" href=\"https:\/\/agenciainfra.com\/blog\/cade-confirma-aval-a-entrada-de-tanure-na-braskem-questionada-pela-petrobras\/\" \/>\n<meta property=\"og:locale\" content=\"pt_BR\" \/>\n<meta property=\"og:type\" content=\"article\" \/>\n<meta property=\"og:title\" content=\"Questionado, Cade confirma aval \u00e0 entrada de Tanure na Braskem\" \/>\n<meta property=\"og:description\" content=\"Gabriel Vasconcelos, da Ag\u00eancia iNFRA O Cade (Conselho Administrativo de Defesa Econ\u00f4mica) confirmou por unanimidade nesta ter\u00e7a-feira (30) o aval, sem restri\u00e7\u00f5es, para uma eventual venda da participa\u00e7\u00e3o da Novonor (ex-Odebrecht) na Braskem para o fundo de investimentos em participa\u00e7\u00f5es Petroqu\u00edmica Verde, do empres\u00e1rio Nelson Tanure. A Novonor busca vender sua fatia na petroqu\u00edmica, equivalente [&hellip;]\" \/>\n<meta property=\"og:url\" content=\"https:\/\/agenciainfra.com\/blog\/cade-confirma-aval-a-entrada-de-tanure-na-braskem-questionada-pela-petrobras\/\" \/>\n<meta property=\"og:site_name\" content=\"Ag\u00eancia iNFRA\" \/>\n<meta property=\"article:publisher\" content=\"https:\/\/www.facebook.com\/ageninfra\" \/>\n<meta property=\"article:published_time\" content=\"2025-09-30T19:04:27+00:00\" \/>\n<meta property=\"article:modified_time\" content=\"2025-10-01T16:04:28+00:00\" \/>\n<meta property=\"og:image\" content=\"https:\/\/agenciainfra.com\/blog\/wp-content\/uploads\/2025\/07\/Braskem-Joedson-Alves-Agencia-Brasil.jpg\" \/>\n\t<meta property=\"og:image:width\" content=\"1024\" \/>\n\t<meta property=\"og:image:height\" content=\"768\" \/>\n\t<meta property=\"og:image:type\" content=\"image\/jpeg\" \/>\n<meta name=\"author\" content=\"Ag\u00eancia iNFRA\" \/>\n<meta name=\"twitter:card\" content=\"summary_large_image\" \/>\n<meta name=\"twitter:creator\" content=\"@agencia_infra\" \/>\n<meta name=\"twitter:site\" content=\"@agencia_infra\" \/>\n<meta name=\"twitter:label1\" content=\"Escrito por\" \/>\n\t<meta name=\"twitter:data1\" content=\"Ag\u00eancia iNFRA\" \/>\n\t<meta name=\"twitter:label2\" content=\"Est. tempo de leitura\" \/>\n\t<meta name=\"twitter:data2\" content=\"4 minutos\" \/>\n<script type=\"application\/ld+json\" class=\"yoast-schema-graph\">{\"@context\":\"https:\/\/schema.org\",\"@graph\":[{\"@type\":\"Article\",\"@id\":\"https:\/\/agenciainfra.com\/blog\/cade-confirma-aval-a-entrada-de-tanure-na-braskem-questionada-pela-petrobras\/#article\",\"isPartOf\":{\"@id\":\"https:\/\/agenciainfra.com\/blog\/cade-confirma-aval-a-entrada-de-tanure-na-braskem-questionada-pela-petrobras\/\"},\"author\":{\"name\":\"Ag\u00eancia iNFRA\",\"@id\":\"https:\/\/agenciainfra.com\/blog\/#\/schema\/person\/34af08dff6adea4cb22b06612ba7acfa\"},\"headline\":\"Questionado, Cade confirma aval \u00e0 entrada de Tanure na Braskem\",\"datePublished\":\"2025-09-30T19:04:27+00:00\",\"dateModified\":\"2025-10-01T16:04:28+00:00\",\"mainEntityOfPage\":{\"@id\":\"https:\/\/agenciainfra.com\/blog\/cade-confirma-aval-a-entrada-de-tanure-na-braskem-questionada-pela-petrobras\/\"},\"wordCount\":751,\"publisher\":{\"@id\":\"https:\/\/agenciainfra.com\/blog\/#organization\"},\"image\":{\"@id\":\"https:\/\/agenciainfra.com\/blog\/cade-confirma-aval-a-entrada-de-tanure-na-braskem-questionada-pela-petrobras\/#primaryimage\"},\"thumbnailUrl\":\"https:\/\/agenciainfra.com\/blog\/wp-content\/uploads\/2025\/07\/Braskem-Joedson-Alves-Agencia-Brasil.jpg\",\"keywords\":[\"Braskem\",\"Cade\",\"Gabriel Vasconcelos\",\"Nelson Tanure\",\"Novonor\",\"Petrobras\",\"Petroqu\u00edmica Verde\"],\"articleSection\":[\"Destaque lista\",\"Geral\",\"\u00d3leo &amp; G\u00e1s\"],\"inLanguage\":\"pt-BR\",\"copyrightYear\":\"2025\",\"copyrightHolder\":{\"@id\":\"https:\/\/agenciainfra.com\/blog\/#organization\"}},{\"@type\":\"WebPage\",\"@id\":\"https:\/\/agenciainfra.com\/blog\/cade-confirma-aval-a-entrada-de-tanure-na-braskem-questionada-pela-petrobras\/\",\"url\":\"https:\/\/agenciainfra.com\/blog\/cade-confirma-aval-a-entrada-de-tanure-na-braskem-questionada-pela-petrobras\/\",\"name\":\"Questionado, Cade confirma aval \u00e0 entrada de Tanure na Braskem - Ag\u00eancia iNFRA\",\"isPartOf\":{\"@id\":\"https:\/\/agenciainfra.com\/blog\/#website\"},\"primaryImageOfPage\":{\"@id\":\"https:\/\/agenciainfra.com\/blog\/cade-confirma-aval-a-entrada-de-tanure-na-braskem-questionada-pela-petrobras\/#primaryimage\"},\"image\":{\"@id\":\"https:\/\/agenciainfra.com\/blog\/cade-confirma-aval-a-entrada-de-tanure-na-braskem-questionada-pela-petrobras\/#primaryimage\"},\"thumbnailUrl\":\"https:\/\/agenciainfra.com\/blog\/wp-content\/uploads\/2025\/07\/Braskem-Joedson-Alves-Agencia-Brasil.jpg\",\"datePublished\":\"2025-09-30T19:04:27+00:00\",\"dateModified\":\"2025-10-01T16:04:28+00:00\",\"breadcrumb\":{\"@id\":\"https:\/\/agenciainfra.com\/blog\/cade-confirma-aval-a-entrada-de-tanure-na-braskem-questionada-pela-petrobras\/#breadcrumb\"},\"inLanguage\":\"pt-BR\",\"potentialAction\":[{\"@type\":\"ReadAction\",\"target\":[\"https:\/\/agenciainfra.com\/blog\/cade-confirma-aval-a-entrada-de-tanure-na-braskem-questionada-pela-petrobras\/\"]}]},{\"@type\":\"ImageObject\",\"inLanguage\":\"pt-BR\",\"@id\":\"https:\/\/agenciainfra.com\/blog\/cade-confirma-aval-a-entrada-de-tanure-na-braskem-questionada-pela-petrobras\/#primaryimage\",\"url\":\"https:\/\/agenciainfra.com\/blog\/wp-content\/uploads\/2025\/07\/Braskem-Joedson-Alves-Agencia-Brasil.jpg\",\"contentUrl\":\"https:\/\/agenciainfra.com\/blog\/wp-content\/uploads\/2025\/07\/Braskem-Joedson-Alves-Agencia-Brasil.jpg\",\"width\":1024,\"height\":768,\"caption\":\"Foto: Joedson Alves\/Ag\u00eancia Brasil\"},{\"@type\":\"BreadcrumbList\",\"@id\":\"https:\/\/agenciainfra.com\/blog\/cade-confirma-aval-a-entrada-de-tanure-na-braskem-questionada-pela-petrobras\/#breadcrumb\",\"itemListElement\":[{\"@type\":\"ListItem\",\"position\":1,\"name\":\"In\u00edcio\",\"item\":\"https:\/\/agenciainfra.com\/blog\/\"},{\"@type\":\"ListItem\",\"position\":2,\"name\":\"Questionado, Cade confirma aval \u00e0 entrada de Tanure na Braskem\"}]},{\"@type\":\"WebSite\",\"@id\":\"https:\/\/agenciainfra.com\/blog\/#website\",\"url\":\"https:\/\/agenciainfra.com\/blog\/\",\"name\":\"Ag\u00eancia iNFRA\",\"description\":\"Multiplataforma de informa\u00e7\u00e3o jornal\u00edstica refer\u00eancia na \u00e1rea de infraestrutura no Brasil!\",\"publisher\":{\"@id\":\"https:\/\/agenciainfra.com\/blog\/#organization\"},\"potentialAction\":[{\"@type\":\"SearchAction\",\"target\":{\"@type\":\"EntryPoint\",\"urlTemplate\":\"https:\/\/agenciainfra.com\/blog\/?s={search_term_string}\"},\"query-input\":{\"@type\":\"PropertyValueSpecification\",\"valueRequired\":true,\"valueName\":\"search_term_string\"}}],\"inLanguage\":\"pt-BR\"},{\"@type\":\"Organization\",\"@id\":\"https:\/\/agenciainfra.com\/blog\/#organization\",\"name\":\"Ag\u00eancia iNFRA\",\"url\":\"https:\/\/agenciainfra.com\/blog\/\",\"logo\":{\"@type\":\"ImageObject\",\"inLanguage\":\"pt-BR\",\"@id\":\"https:\/\/agenciainfra.com\/blog\/#\/schema\/logo\/image\/\",\"url\":\"https:\/\/agenciainfra.com\/blog\/wp-content\/uploads\/2023\/09\/iNFRA_5-e1761735885940.png\",\"contentUrl\":\"https:\/\/agenciainfra.com\/blog\/wp-content\/uploads\/2023\/09\/iNFRA_5-e1761735885940.png\",\"width\":1672,\"height\":454,\"caption\":\"Ag\u00eancia iNFRA\"},\"image\":{\"@id\":\"https:\/\/agenciainfra.com\/blog\/#\/schema\/logo\/image\/\"},\"sameAs\":[\"https:\/\/www.facebook.com\/ageninfra\",\"https:\/\/x.com\/agencia_infra\",\"https:\/\/www.linkedin.com\/company\/ag\u00eanciainfra\/\",\"https:\/\/www.instagram.com\/agenciainfra\/\"]},{\"@type\":\"Person\",\"@id\":\"https:\/\/agenciainfra.com\/blog\/#\/schema\/person\/34af08dff6adea4cb22b06612ba7acfa\",\"name\":\"Ag\u00eancia iNFRA\",\"image\":{\"@type\":\"ImageObject\",\"inLanguage\":\"pt-BR\",\"@id\":\"https:\/\/agenciainfra.com\/blog\/#\/schema\/person\/image\/\",\"url\":\"https:\/\/secure.gravatar.com\/avatar\/d189e01678f06d8eb84d4e01f08eb848b3fffe3f8443818d3c356c66892f5be8?s=96&d=mm&r=g\",\"contentUrl\":\"https:\/\/secure.gravatar.com\/avatar\/d189e01678f06d8eb84d4e01f08eb848b3fffe3f8443818d3c356c66892f5be8?s=96&d=mm&r=g\",\"caption\":\"Ag\u00eancia iNFRA\"},\"url\":\"https:\/\/agenciainfra.com\/blog\/author\/admin\/\"}]}<\/script>\n<!-- \/ Yoast SEO Premium plugin. -->","yoast_head_json":{"title":"Questionado, Cade confirma aval \u00e0 entrada de Tanure na Braskem - Ag\u00eancia iNFRA","robots":{"index":"index","follow":"follow","max-snippet":"max-snippet:-1","max-image-preview":"max-image-preview:large","max-video-preview":"max-video-preview:-1"},"canonical":"https:\/\/agenciainfra.com\/blog\/cade-confirma-aval-a-entrada-de-tanure-na-braskem-questionada-pela-petrobras\/","og_locale":"pt_BR","og_type":"article","og_title":"Questionado, Cade confirma aval \u00e0 entrada de Tanure na Braskem","og_description":"Gabriel Vasconcelos, da Ag\u00eancia iNFRA O Cade (Conselho Administrativo de Defesa Econ\u00f4mica) confirmou por unanimidade nesta ter\u00e7a-feira (30) o aval, sem restri\u00e7\u00f5es, para uma eventual venda da participa\u00e7\u00e3o da Novonor (ex-Odebrecht) na Braskem para o fundo de investimentos em participa\u00e7\u00f5es Petroqu\u00edmica Verde, do empres\u00e1rio Nelson Tanure. A Novonor busca vender sua fatia na petroqu\u00edmica, equivalente [&hellip;]","og_url":"https:\/\/agenciainfra.com\/blog\/cade-confirma-aval-a-entrada-de-tanure-na-braskem-questionada-pela-petrobras\/","og_site_name":"Ag\u00eancia iNFRA","article_publisher":"https:\/\/www.facebook.com\/ageninfra","article_published_time":"2025-09-30T19:04:27+00:00","article_modified_time":"2025-10-01T16:04:28+00:00","og_image":[{"width":1024,"height":768,"url":"https:\/\/agenciainfra.com\/blog\/wp-content\/uploads\/2025\/07\/Braskem-Joedson-Alves-Agencia-Brasil.jpg","type":"image\/jpeg"}],"author":"Ag\u00eancia iNFRA","twitter_card":"summary_large_image","twitter_creator":"@agencia_infra","twitter_site":"@agencia_infra","twitter_misc":{"Escrito por":"Ag\u00eancia iNFRA","Est. tempo de leitura":"4 minutos"},"schema":{"@context":"https:\/\/schema.org","@graph":[{"@type":"Article","@id":"https:\/\/agenciainfra.com\/blog\/cade-confirma-aval-a-entrada-de-tanure-na-braskem-questionada-pela-petrobras\/#article","isPartOf":{"@id":"https:\/\/agenciainfra.com\/blog\/cade-confirma-aval-a-entrada-de-tanure-na-braskem-questionada-pela-petrobras\/"},"author":{"name":"Ag\u00eancia iNFRA","@id":"https:\/\/agenciainfra.com\/blog\/#\/schema\/person\/34af08dff6adea4cb22b06612ba7acfa"},"headline":"Questionado, Cade confirma aval \u00e0 entrada de Tanure na Braskem","datePublished":"2025-09-30T19:04:27+00:00","dateModified":"2025-10-01T16:04:28+00:00","mainEntityOfPage":{"@id":"https:\/\/agenciainfra.com\/blog\/cade-confirma-aval-a-entrada-de-tanure-na-braskem-questionada-pela-petrobras\/"},"wordCount":751,"publisher":{"@id":"https:\/\/agenciainfra.com\/blog\/#organization"},"image":{"@id":"https:\/\/agenciainfra.com\/blog\/cade-confirma-aval-a-entrada-de-tanure-na-braskem-questionada-pela-petrobras\/#primaryimage"},"thumbnailUrl":"https:\/\/agenciainfra.com\/blog\/wp-content\/uploads\/2025\/07\/Braskem-Joedson-Alves-Agencia-Brasil.jpg","keywords":["Braskem","Cade","Gabriel Vasconcelos","Nelson Tanure","Novonor","Petrobras","Petroqu\u00edmica Verde"],"articleSection":["Destaque lista","Geral","\u00d3leo &amp; G\u00e1s"],"inLanguage":"pt-BR","copyrightYear":"2025","copyrightHolder":{"@id":"https:\/\/agenciainfra.com\/blog\/#organization"}},{"@type":"WebPage","@id":"https:\/\/agenciainfra.com\/blog\/cade-confirma-aval-a-entrada-de-tanure-na-braskem-questionada-pela-petrobras\/","url":"https:\/\/agenciainfra.com\/blog\/cade-confirma-aval-a-entrada-de-tanure-na-braskem-questionada-pela-petrobras\/","name":"Questionado, Cade confirma aval \u00e0 entrada de Tanure na Braskem - Ag\u00eancia iNFRA","isPartOf":{"@id":"https:\/\/agenciainfra.com\/blog\/#website"},"primaryImageOfPage":{"@id":"https:\/\/agenciainfra.com\/blog\/cade-confirma-aval-a-entrada-de-tanure-na-braskem-questionada-pela-petrobras\/#primaryimage"},"image":{"@id":"https:\/\/agenciainfra.com\/blog\/cade-confirma-aval-a-entrada-de-tanure-na-braskem-questionada-pela-petrobras\/#primaryimage"},"thumbnailUrl":"https:\/\/agenciainfra.com\/blog\/wp-content\/uploads\/2025\/07\/Braskem-Joedson-Alves-Agencia-Brasil.jpg","datePublished":"2025-09-30T19:04:27+00:00","dateModified":"2025-10-01T16:04:28+00:00","breadcrumb":{"@id":"https:\/\/agenciainfra.com\/blog\/cade-confirma-aval-a-entrada-de-tanure-na-braskem-questionada-pela-petrobras\/#breadcrumb"},"inLanguage":"pt-BR","potentialAction":[{"@type":"ReadAction","target":["https:\/\/agenciainfra.com\/blog\/cade-confirma-aval-a-entrada-de-tanure-na-braskem-questionada-pela-petrobras\/"]}]},{"@type":"ImageObject","inLanguage":"pt-BR","@id":"https:\/\/agenciainfra.com\/blog\/cade-confirma-aval-a-entrada-de-tanure-na-braskem-questionada-pela-petrobras\/#primaryimage","url":"https:\/\/agenciainfra.com\/blog\/wp-content\/uploads\/2025\/07\/Braskem-Joedson-Alves-Agencia-Brasil.jpg","contentUrl":"https:\/\/agenciainfra.com\/blog\/wp-content\/uploads\/2025\/07\/Braskem-Joedson-Alves-Agencia-Brasil.jpg","width":1024,"height":768,"caption":"Foto: Joedson Alves\/Ag\u00eancia Brasil"},{"@type":"BreadcrumbList","@id":"https:\/\/agenciainfra.com\/blog\/cade-confirma-aval-a-entrada-de-tanure-na-braskem-questionada-pela-petrobras\/#breadcrumb","itemListElement":[{"@type":"ListItem","position":1,"name":"In\u00edcio","item":"https:\/\/agenciainfra.com\/blog\/"},{"@type":"ListItem","position":2,"name":"Questionado, Cade confirma aval \u00e0 entrada de Tanure na Braskem"}]},{"@type":"WebSite","@id":"https:\/\/agenciainfra.com\/blog\/#website","url":"https:\/\/agenciainfra.com\/blog\/","name":"Ag\u00eancia iNFRA","description":"Multiplataforma de informa\u00e7\u00e3o jornal\u00edstica refer\u00eancia na \u00e1rea de infraestrutura no Brasil!","publisher":{"@id":"https:\/\/agenciainfra.com\/blog\/#organization"},"potentialAction":[{"@type":"SearchAction","target":{"@type":"EntryPoint","urlTemplate":"https:\/\/agenciainfra.com\/blog\/?s={search_term_string}"},"query-input":{"@type":"PropertyValueSpecification","valueRequired":true,"valueName":"search_term_string"}}],"inLanguage":"pt-BR"},{"@type":"Organization","@id":"https:\/\/agenciainfra.com\/blog\/#organization","name":"Ag\u00eancia iNFRA","url":"https:\/\/agenciainfra.com\/blog\/","logo":{"@type":"ImageObject","inLanguage":"pt-BR","@id":"https:\/\/agenciainfra.com\/blog\/#\/schema\/logo\/image\/","url":"https:\/\/agenciainfra.com\/blog\/wp-content\/uploads\/2023\/09\/iNFRA_5-e1761735885940.png","contentUrl":"https:\/\/agenciainfra.com\/blog\/wp-content\/uploads\/2023\/09\/iNFRA_5-e1761735885940.png","width":1672,"height":454,"caption":"Ag\u00eancia iNFRA"},"image":{"@id":"https:\/\/agenciainfra.com\/blog\/#\/schema\/logo\/image\/"},"sameAs":["https:\/\/www.facebook.com\/ageninfra","https:\/\/x.com\/agencia_infra","https:\/\/www.linkedin.com\/company\/ag\u00eanciainfra\/","https:\/\/www.instagram.com\/agenciainfra\/"]},{"@type":"Person","@id":"https:\/\/agenciainfra.com\/blog\/#\/schema\/person\/34af08dff6adea4cb22b06612ba7acfa","name":"Ag\u00eancia iNFRA","image":{"@type":"ImageObject","inLanguage":"pt-BR","@id":"https:\/\/agenciainfra.com\/blog\/#\/schema\/person\/image\/","url":"https:\/\/secure.gravatar.com\/avatar\/d189e01678f06d8eb84d4e01f08eb848b3fffe3f8443818d3c356c66892f5be8?s=96&d=mm&r=g","contentUrl":"https:\/\/secure.gravatar.com\/avatar\/d189e01678f06d8eb84d4e01f08eb848b3fffe3f8443818d3c356c66892f5be8?s=96&d=mm&r=g","caption":"Ag\u00eancia iNFRA"},"url":"https:\/\/agenciainfra.com\/blog\/author\/admin\/"}]}},"_links":{"self":[{"href":"https:\/\/agenciainfra.com\/blog\/wp-json\/wp\/v2\/posts\/28954","targetHints":{"allow":["GET"]}}],"collection":[{"href":"https:\/\/agenciainfra.com\/blog\/wp-json\/wp\/v2\/posts"}],"about":[{"href":"https:\/\/agenciainfra.com\/blog\/wp-json\/wp\/v2\/types\/post"}],"author":[{"embeddable":true,"href":"https:\/\/agenciainfra.com\/blog\/wp-json\/wp\/v2\/users\/1"}],"replies":[{"embeddable":true,"href":"https:\/\/agenciainfra.com\/blog\/wp-json\/wp\/v2\/comments?post=28954"}],"version-history":[{"count":3,"href":"https:\/\/agenciainfra.com\/blog\/wp-json\/wp\/v2\/posts\/28954\/revisions"}],"predecessor-version":[{"id":28971,"href":"https:\/\/agenciainfra.com\/blog\/wp-json\/wp\/v2\/posts\/28954\/revisions\/28971"}],"wp:featuredmedia":[{"embeddable":true,"href":"https:\/\/agenciainfra.com\/blog\/wp-json\/wp\/v2\/media\/25660"}],"wp:attachment":[{"href":"https:\/\/agenciainfra.com\/blog\/wp-json\/wp\/v2\/media?parent=28954"}],"wp:term":[{"taxonomy":"category","embeddable":true,"href":"https:\/\/agenciainfra.com\/blog\/wp-json\/wp\/v2\/categories?post=28954"},{"taxonomy":"post_tag","embeddable":true,"href":"https:\/\/agenciainfra.com\/blog\/wp-json\/wp\/v2\/tags?post=28954"}],"curies":[{"name":"wp","href":"https:\/\/api.w.org\/{rel}","templated":true}]}}