{"id":28962,"date":"2025-09-30T17:02:49","date_gmt":"2025-09-30T20:02:49","guid":{"rendered":"https:\/\/agenciainfra.com\/blog\/?p=28962"},"modified":"2025-10-01T13:04:37","modified_gmt":"2025-10-01T16:04:37","slug":"p-78-chega-ao-campo-de-buzios-e-deve-operar-em-dois-meses-diz-petrobras","status":"publish","type":"post","link":"https:\/\/agenciainfra.com\/blog\/p-78-chega-ao-campo-de-buzios-e-deve-operar-em-dois-meses-diz-petrobras\/","title":{"rendered":"P-78 chega ao Campo de B\u00fazios e deve operar em 2 meses, diz Petrobras"},"content":{"rendered":"\n<p class=\"has-text-align-right\"><strong>da Ag\u00eancia iNFRA<\/strong><\/p>\n\n\n\n<p>A Petrobras informou que o navio-plataforma FPSO P-78 chegou nesta ter\u00e7a-feira (30) ao Campo de B\u00fazios, no pr\u00e9-sal da Bacia de Santos, onde ser\u00e1 interligado aos po\u00e7os para iniciar produ\u00e7\u00e3o. A unidade saiu do estaleiro Benoi, em Singapura, no dia 13 de julho.<\/p>\n\n\n\n<p>O FPSO P-78 \u00e9 a s\u00e9tima unidade prevista para instala\u00e7\u00e3o no campo e vai se somar \u00e0s outras seis plataformas em opera\u00e7\u00e3o (P-74, P-75, P-76, P-77, Almirante Barroso e Almirante Tamandar\u00e9). A nova unidade possui capacidade de produ\u00e7\u00e3o de 180 mil barris de \u00f3leo, al\u00e9m de comprimir 7,2 milh\u00f5es de m\u00b3 de g\u00e1s di\u00e1rios. O Campo de B\u00fazios est\u00e1 nas \u00e1guas ultraprofundas da Bacia de Santos, com profundidade de at\u00e9 2,1 mil metros. A opera\u00e7\u00e3o fica a 180 quil\u00f4metros do litoral do Rio de Janeiro e j\u00e1 superou a produ\u00e7\u00e3o de 900 mil bpd (barris de petr\u00f3leo por dia).<\/p>\n\n\n\n<p>O servi\u00e7o de ancoragem e de interliga\u00e7\u00e3o da plataforma com os po\u00e7os produtores de petr\u00f3leo ainda dever\u00e1 levar cerca de dois meses, informou a Petrobras. Em seguida, ter\u00e1 in\u00edcio a produ\u00e7\u00e3o.<\/p>\n\n\n\n<p>Hoje, o projeto B\u00fazios 6 conta com 13 po\u00e7os, sendo seis produtores (dos quais dois s\u00e3o convers\u00edveis a injetores), seis injetores WAG (\u00e1gua e g\u00e1s) e um \u00faltimo injetor de g\u00e1s. A P-78 ser\u00e1 interligada com dutos r\u00edgidos de produ\u00e7\u00e3o, inje\u00e7\u00e3o e exporta\u00e7\u00e3o de g\u00e1s e dutos flex\u00edveis para as linhas de servi\u00e7o e de g\u00e1s lift, que \u00e9 a inje\u00e7\u00e3o de g\u00e1s para redu\u00e7\u00e3o da densidade do flu\u00eddo e facilita\u00e7\u00e3o da extra\u00e7\u00e3o.<\/p>\n\n\n\n<p><strong>Antecipa\u00e7\u00e3o da produ\u00e7\u00e3o<br><\/strong>Segundo a Petrobras, a estrat\u00e9gia de navega\u00e7\u00e3o com a tripula\u00e7\u00e3o a bordo vai permitir antecipar o in\u00edcio da produ\u00e7\u00e3o em duas semanas na compara\u00e7\u00e3o com o modelo tradicional de parada em \u00e1guas abrigadas.<\/p>\n\n\n\n<p>O transporte do navio com tripula\u00e7\u00e3o permitiu que diversos sistemas complexos do FPSO fossem mantidos em condi\u00e7\u00e3o operacional, al\u00e9m da continuidade do processo de comissionamento e o treinamento das equipes nesses sistemas, diminuindo o tempo total entre a chegada do navio na loca\u00e7\u00e3o final e o in\u00edcio da produ\u00e7\u00e3o de petr\u00f3leo.<\/p>\n\n\n\n<p><strong>Fabricado na \u00c1sia<br><\/strong>A constru\u00e7\u00e3o do casco do P-78 foi realizada em estaleiros nas cidades Yantai e Hayang, na China, e em Ulsan, na Coreia do Sul, onde tamb\u00e9m foi realizada a integra\u00e7\u00e3o dos blocos. Em seguida o FPSO foi transportado para estaleiro em Singapura, no qual foi realizada a integra\u00e7\u00e3o e comissionamento dos m\u00f3dulos de topside (em cima do casco), constru\u00eddos na China, em Singapura e no estaleiro Seatrium Angra dos Reis, o antigo Brasfels, no Rio de Janeiro (BR).<\/p>\n","protected":false},"excerpt":{"rendered":"<p>da Ag\u00eancia iNFRA A Petrobras informou que o navio-plataforma FPSO P-78 chegou nesta ter\u00e7a-feira (30) ao Campo de B\u00fazios, no pr\u00e9-sal da Bacia de Santos, onde ser\u00e1 interligado aos po\u00e7os para iniciar produ\u00e7\u00e3o. A unidade saiu do estaleiro Benoi, em Singapura, no dia 13 de julho. O FPSO P-78 \u00e9 a s\u00e9tima unidade prevista para [&hellip;]<\/p>\n","protected":false},"author":1,"featured_media":28965,"comment_status":"closed","ping_status":"closed","sticky":false,"template":"","format":"standard","meta":{"_monsterinsights_skip_tracking":false,"_monsterinsights_sitenote_active":false,"_monsterinsights_sitenote_note":"","_monsterinsights_sitenote_category":0,"footnotes":""},"categories":[7250,1,13271],"tags":[3927,14333,15742,143,9814,15743],"class_list":["post-28962","post","type-post","status-publish","format-standard","has-post-thumbnail","hentry","category-destaque-lista","category-geral","category-oleo-gas","tag-bacia-de-santos","tag-campo-de-buzios","tag-fpso-p-78","tag-petrobras","tag-producao-de-gas","tag-producao-de-oleo"],"yoast_head":"<!-- This site is optimized with the Yoast SEO Premium plugin v25.4 (Yoast SEO v26.0) - https:\/\/yoast.com\/wordpress\/plugins\/seo\/ -->\n<title>P-78 chega ao Campo de B\u00fazios e deve operar em 2 meses, diz Petrobras - Ag\u00eancia iNFRA<\/title>\n<meta name=\"robots\" content=\"index, follow, max-snippet:-1, max-image-preview:large, max-video-preview:-1\" \/>\n<link rel=\"canonical\" href=\"https:\/\/agenciainfra.com\/blog\/p-78-chega-ao-campo-de-buzios-e-deve-operar-em-dois-meses-diz-petrobras\/\" \/>\n<meta property=\"og:locale\" content=\"pt_BR\" \/>\n<meta property=\"og:type\" content=\"article\" \/>\n<meta property=\"og:title\" content=\"P-78 chega ao Campo de B\u00fazios e deve operar em 2 meses, diz Petrobras\" \/>\n<meta property=\"og:description\" content=\"da Ag\u00eancia iNFRA A Petrobras informou que o navio-plataforma FPSO P-78 chegou nesta ter\u00e7a-feira (30) ao Campo de B\u00fazios, no pr\u00e9-sal da Bacia de Santos, onde ser\u00e1 interligado aos po\u00e7os para iniciar produ\u00e7\u00e3o. A unidade saiu do estaleiro Benoi, em Singapura, no dia 13 de julho. O FPSO P-78 \u00e9 a s\u00e9tima unidade prevista para [&hellip;]\" \/>\n<meta property=\"og:url\" content=\"https:\/\/agenciainfra.com\/blog\/p-78-chega-ao-campo-de-buzios-e-deve-operar-em-dois-meses-diz-petrobras\/\" \/>\n<meta property=\"og:site_name\" content=\"Ag\u00eancia iNFRA\" \/>\n<meta property=\"article:publisher\" content=\"https:\/\/www.facebook.com\/ageninfra\" \/>\n<meta property=\"article:published_time\" content=\"2025-09-30T20:02:49+00:00\" \/>\n<meta property=\"article:modified_time\" content=\"2025-10-01T16:04:37+00:00\" \/>\n<meta property=\"og:image\" content=\"https:\/\/agenciainfra.com\/blog\/wp-content\/uploads\/2025\/09\/FPSO_P-78_Chegada_Campo-de-Buzios_Foto1-1.jpg\" \/>\n\t<meta property=\"og:image:width\" content=\"1278\" \/>\n\t<meta property=\"og:image:height\" content=\"719\" \/>\n\t<meta property=\"og:image:type\" content=\"image\/jpeg\" \/>\n<meta name=\"author\" content=\"Ag\u00eancia iNFRA\" \/>\n<meta name=\"twitter:card\" content=\"summary_large_image\" \/>\n<meta name=\"twitter:creator\" content=\"@agencia_infra\" \/>\n<meta name=\"twitter:site\" content=\"@agencia_infra\" \/>\n<meta name=\"twitter:label1\" content=\"Escrito por\" \/>\n\t<meta name=\"twitter:data1\" content=\"Ag\u00eancia iNFRA\" \/>\n\t<meta name=\"twitter:label2\" content=\"Est. tempo de leitura\" \/>\n\t<meta name=\"twitter:data2\" content=\"2 minutos\" \/>\n<script type=\"application\/ld+json\" class=\"yoast-schema-graph\">{\"@context\":\"https:\/\/schema.org\",\"@graph\":[{\"@type\":\"Article\",\"@id\":\"https:\/\/agenciainfra.com\/blog\/p-78-chega-ao-campo-de-buzios-e-deve-operar-em-dois-meses-diz-petrobras\/#article\",\"isPartOf\":{\"@id\":\"https:\/\/agenciainfra.com\/blog\/p-78-chega-ao-campo-de-buzios-e-deve-operar-em-dois-meses-diz-petrobras\/\"},\"author\":{\"name\":\"Ag\u00eancia iNFRA\",\"@id\":\"https:\/\/agenciainfra.com\/blog\/#\/schema\/person\/34af08dff6adea4cb22b06612ba7acfa\"},\"headline\":\"P-78 chega ao Campo de B\u00fazios e deve operar em 2 meses, diz Petrobras\",\"datePublished\":\"2025-09-30T20:02:49+00:00\",\"dateModified\":\"2025-10-01T16:04:37+00:00\",\"mainEntityOfPage\":{\"@id\":\"https:\/\/agenciainfra.com\/blog\/p-78-chega-ao-campo-de-buzios-e-deve-operar-em-dois-meses-diz-petrobras\/\"},\"wordCount\":486,\"publisher\":{\"@id\":\"https:\/\/agenciainfra.com\/blog\/#organization\"},\"image\":{\"@id\":\"https:\/\/agenciainfra.com\/blog\/p-78-chega-ao-campo-de-buzios-e-deve-operar-em-dois-meses-diz-petrobras\/#primaryimage\"},\"thumbnailUrl\":\"https:\/\/agenciainfra.com\/blog\/wp-content\/uploads\/2025\/09\/FPSO_P-78_Chegada_Campo-de-Buzios_Foto1-1.jpg\",\"keywords\":[\"Bacia de Santos\",\"Campo de B\u00fazios\",\"FPSO P-78\",\"Petrobras\",\"Produ\u00e7\u00e3o de G\u00e1s\",\"produ\u00e7\u00e3o de \u00f3leo\"],\"articleSection\":[\"Destaque lista\",\"Geral\",\"\u00d3leo &amp; G\u00e1s\"],\"inLanguage\":\"pt-BR\",\"copyrightYear\":\"2025\",\"copyrightHolder\":{\"@id\":\"https:\/\/agenciainfra.com\/blog\/#organization\"}},{\"@type\":\"WebPage\",\"@id\":\"https:\/\/agenciainfra.com\/blog\/p-78-chega-ao-campo-de-buzios-e-deve-operar-em-dois-meses-diz-petrobras\/\",\"url\":\"https:\/\/agenciainfra.com\/blog\/p-78-chega-ao-campo-de-buzios-e-deve-operar-em-dois-meses-diz-petrobras\/\",\"name\":\"P-78 chega ao Campo de B\u00fazios e deve operar em 2 meses, diz Petrobras - Ag\u00eancia iNFRA\",\"isPartOf\":{\"@id\":\"https:\/\/agenciainfra.com\/blog\/#website\"},\"primaryImageOfPage\":{\"@id\":\"https:\/\/agenciainfra.com\/blog\/p-78-chega-ao-campo-de-buzios-e-deve-operar-em-dois-meses-diz-petrobras\/#primaryimage\"},\"image\":{\"@id\":\"https:\/\/agenciainfra.com\/blog\/p-78-chega-ao-campo-de-buzios-e-deve-operar-em-dois-meses-diz-petrobras\/#primaryimage\"},\"thumbnailUrl\":\"https:\/\/agenciainfra.com\/blog\/wp-content\/uploads\/2025\/09\/FPSO_P-78_Chegada_Campo-de-Buzios_Foto1-1.jpg\",\"datePublished\":\"2025-09-30T20:02:49+00:00\",\"dateModified\":\"2025-10-01T16:04:37+00:00\",\"breadcrumb\":{\"@id\":\"https:\/\/agenciainfra.com\/blog\/p-78-chega-ao-campo-de-buzios-e-deve-operar-em-dois-meses-diz-petrobras\/#breadcrumb\"},\"inLanguage\":\"pt-BR\",\"potentialAction\":[{\"@type\":\"ReadAction\",\"target\":[\"https:\/\/agenciainfra.com\/blog\/p-78-chega-ao-campo-de-buzios-e-deve-operar-em-dois-meses-diz-petrobras\/\"]}]},{\"@type\":\"ImageObject\",\"inLanguage\":\"pt-BR\",\"@id\":\"https:\/\/agenciainfra.com\/blog\/p-78-chega-ao-campo-de-buzios-e-deve-operar-em-dois-meses-diz-petrobras\/#primaryimage\",\"url\":\"https:\/\/agenciainfra.com\/blog\/wp-content\/uploads\/2025\/09\/FPSO_P-78_Chegada_Campo-de-Buzios_Foto1-1.jpg\",\"contentUrl\":\"https:\/\/agenciainfra.com\/blog\/wp-content\/uploads\/2025\/09\/FPSO_P-78_Chegada_Campo-de-Buzios_Foto1-1.jpg\",\"width\":1278,\"height\":719,\"caption\":\"Foto: Petrobras\"},{\"@type\":\"BreadcrumbList\",\"@id\":\"https:\/\/agenciainfra.com\/blog\/p-78-chega-ao-campo-de-buzios-e-deve-operar-em-dois-meses-diz-petrobras\/#breadcrumb\",\"itemListElement\":[{\"@type\":\"ListItem\",\"position\":1,\"name\":\"In\u00edcio\",\"item\":\"https:\/\/agenciainfra.com\/blog\/\"},{\"@type\":\"ListItem\",\"position\":2,\"name\":\"P-78 chega ao Campo de B\u00fazios e deve operar em 2 meses, diz Petrobras\"}]},{\"@type\":\"WebSite\",\"@id\":\"https:\/\/agenciainfra.com\/blog\/#website\",\"url\":\"https:\/\/agenciainfra.com\/blog\/\",\"name\":\"Ag\u00eancia iNFRA\",\"description\":\"Multiplataforma de informa\u00e7\u00e3o jornal\u00edstica refer\u00eancia na \u00e1rea de infraestrutura no Brasil!\",\"publisher\":{\"@id\":\"https:\/\/agenciainfra.com\/blog\/#organization\"},\"potentialAction\":[{\"@type\":\"SearchAction\",\"target\":{\"@type\":\"EntryPoint\",\"urlTemplate\":\"https:\/\/agenciainfra.com\/blog\/?s={search_term_string}\"},\"query-input\":{\"@type\":\"PropertyValueSpecification\",\"valueRequired\":true,\"valueName\":\"search_term_string\"}}],\"inLanguage\":\"pt-BR\"},{\"@type\":\"Organization\",\"@id\":\"https:\/\/agenciainfra.com\/blog\/#organization\",\"name\":\"Ag\u00eancia iNFRA\",\"url\":\"https:\/\/agenciainfra.com\/blog\/\",\"logo\":{\"@type\":\"ImageObject\",\"inLanguage\":\"pt-BR\",\"@id\":\"https:\/\/agenciainfra.com\/blog\/#\/schema\/logo\/image\/\",\"url\":\"https:\/\/agenciainfra.com\/blog\/wp-content\/uploads\/2023\/09\/iNFRA_5-e1761735885940.png\",\"contentUrl\":\"https:\/\/agenciainfra.com\/blog\/wp-content\/uploads\/2023\/09\/iNFRA_5-e1761735885940.png\",\"width\":1672,\"height\":454,\"caption\":\"Ag\u00eancia iNFRA\"},\"image\":{\"@id\":\"https:\/\/agenciainfra.com\/blog\/#\/schema\/logo\/image\/\"},\"sameAs\":[\"https:\/\/www.facebook.com\/ageninfra\",\"https:\/\/x.com\/agencia_infra\",\"https:\/\/www.linkedin.com\/company\/ag\u00eanciainfra\/\",\"https:\/\/www.instagram.com\/agenciainfra\/\"]},{\"@type\":\"Person\",\"@id\":\"https:\/\/agenciainfra.com\/blog\/#\/schema\/person\/34af08dff6adea4cb22b06612ba7acfa\",\"name\":\"Ag\u00eancia iNFRA\",\"image\":{\"@type\":\"ImageObject\",\"inLanguage\":\"pt-BR\",\"@id\":\"https:\/\/agenciainfra.com\/blog\/#\/schema\/person\/image\/\",\"url\":\"https:\/\/secure.gravatar.com\/avatar\/d189e01678f06d8eb84d4e01f08eb848b3fffe3f8443818d3c356c66892f5be8?s=96&d=mm&r=g\",\"contentUrl\":\"https:\/\/secure.gravatar.com\/avatar\/d189e01678f06d8eb84d4e01f08eb848b3fffe3f8443818d3c356c66892f5be8?s=96&d=mm&r=g\",\"caption\":\"Ag\u00eancia iNFRA\"},\"url\":\"https:\/\/agenciainfra.com\/blog\/author\/admin\/\"}]}<\/script>\n<!-- \/ Yoast SEO Premium plugin. -->","yoast_head_json":{"title":"P-78 chega ao Campo de B\u00fazios e deve operar em 2 meses, diz Petrobras - Ag\u00eancia iNFRA","robots":{"index":"index","follow":"follow","max-snippet":"max-snippet:-1","max-image-preview":"max-image-preview:large","max-video-preview":"max-video-preview:-1"},"canonical":"https:\/\/agenciainfra.com\/blog\/p-78-chega-ao-campo-de-buzios-e-deve-operar-em-dois-meses-diz-petrobras\/","og_locale":"pt_BR","og_type":"article","og_title":"P-78 chega ao Campo de B\u00fazios e deve operar em 2 meses, diz Petrobras","og_description":"da Ag\u00eancia iNFRA A Petrobras informou que o navio-plataforma FPSO P-78 chegou nesta ter\u00e7a-feira (30) ao Campo de B\u00fazios, no pr\u00e9-sal da Bacia de Santos, onde ser\u00e1 interligado aos po\u00e7os para iniciar produ\u00e7\u00e3o. A unidade saiu do estaleiro Benoi, em Singapura, no dia 13 de julho. O FPSO P-78 \u00e9 a s\u00e9tima unidade prevista para [&hellip;]","og_url":"https:\/\/agenciainfra.com\/blog\/p-78-chega-ao-campo-de-buzios-e-deve-operar-em-dois-meses-diz-petrobras\/","og_site_name":"Ag\u00eancia iNFRA","article_publisher":"https:\/\/www.facebook.com\/ageninfra","article_published_time":"2025-09-30T20:02:49+00:00","article_modified_time":"2025-10-01T16:04:37+00:00","og_image":[{"width":1278,"height":719,"url":"https:\/\/agenciainfra.com\/blog\/wp-content\/uploads\/2025\/09\/FPSO_P-78_Chegada_Campo-de-Buzios_Foto1-1.jpg","type":"image\/jpeg"}],"author":"Ag\u00eancia iNFRA","twitter_card":"summary_large_image","twitter_creator":"@agencia_infra","twitter_site":"@agencia_infra","twitter_misc":{"Escrito por":"Ag\u00eancia iNFRA","Est. tempo de leitura":"2 minutos"},"schema":{"@context":"https:\/\/schema.org","@graph":[{"@type":"Article","@id":"https:\/\/agenciainfra.com\/blog\/p-78-chega-ao-campo-de-buzios-e-deve-operar-em-dois-meses-diz-petrobras\/#article","isPartOf":{"@id":"https:\/\/agenciainfra.com\/blog\/p-78-chega-ao-campo-de-buzios-e-deve-operar-em-dois-meses-diz-petrobras\/"},"author":{"name":"Ag\u00eancia iNFRA","@id":"https:\/\/agenciainfra.com\/blog\/#\/schema\/person\/34af08dff6adea4cb22b06612ba7acfa"},"headline":"P-78 chega ao Campo de B\u00fazios e deve operar em 2 meses, diz Petrobras","datePublished":"2025-09-30T20:02:49+00:00","dateModified":"2025-10-01T16:04:37+00:00","mainEntityOfPage":{"@id":"https:\/\/agenciainfra.com\/blog\/p-78-chega-ao-campo-de-buzios-e-deve-operar-em-dois-meses-diz-petrobras\/"},"wordCount":486,"publisher":{"@id":"https:\/\/agenciainfra.com\/blog\/#organization"},"image":{"@id":"https:\/\/agenciainfra.com\/blog\/p-78-chega-ao-campo-de-buzios-e-deve-operar-em-dois-meses-diz-petrobras\/#primaryimage"},"thumbnailUrl":"https:\/\/agenciainfra.com\/blog\/wp-content\/uploads\/2025\/09\/FPSO_P-78_Chegada_Campo-de-Buzios_Foto1-1.jpg","keywords":["Bacia de Santos","Campo de B\u00fazios","FPSO P-78","Petrobras","Produ\u00e7\u00e3o de G\u00e1s","produ\u00e7\u00e3o de \u00f3leo"],"articleSection":["Destaque lista","Geral","\u00d3leo &amp; G\u00e1s"],"inLanguage":"pt-BR","copyrightYear":"2025","copyrightHolder":{"@id":"https:\/\/agenciainfra.com\/blog\/#organization"}},{"@type":"WebPage","@id":"https:\/\/agenciainfra.com\/blog\/p-78-chega-ao-campo-de-buzios-e-deve-operar-em-dois-meses-diz-petrobras\/","url":"https:\/\/agenciainfra.com\/blog\/p-78-chega-ao-campo-de-buzios-e-deve-operar-em-dois-meses-diz-petrobras\/","name":"P-78 chega ao Campo de B\u00fazios e deve operar em 2 meses, diz Petrobras - Ag\u00eancia iNFRA","isPartOf":{"@id":"https:\/\/agenciainfra.com\/blog\/#website"},"primaryImageOfPage":{"@id":"https:\/\/agenciainfra.com\/blog\/p-78-chega-ao-campo-de-buzios-e-deve-operar-em-dois-meses-diz-petrobras\/#primaryimage"},"image":{"@id":"https:\/\/agenciainfra.com\/blog\/p-78-chega-ao-campo-de-buzios-e-deve-operar-em-dois-meses-diz-petrobras\/#primaryimage"},"thumbnailUrl":"https:\/\/agenciainfra.com\/blog\/wp-content\/uploads\/2025\/09\/FPSO_P-78_Chegada_Campo-de-Buzios_Foto1-1.jpg","datePublished":"2025-09-30T20:02:49+00:00","dateModified":"2025-10-01T16:04:37+00:00","breadcrumb":{"@id":"https:\/\/agenciainfra.com\/blog\/p-78-chega-ao-campo-de-buzios-e-deve-operar-em-dois-meses-diz-petrobras\/#breadcrumb"},"inLanguage":"pt-BR","potentialAction":[{"@type":"ReadAction","target":["https:\/\/agenciainfra.com\/blog\/p-78-chega-ao-campo-de-buzios-e-deve-operar-em-dois-meses-diz-petrobras\/"]}]},{"@type":"ImageObject","inLanguage":"pt-BR","@id":"https:\/\/agenciainfra.com\/blog\/p-78-chega-ao-campo-de-buzios-e-deve-operar-em-dois-meses-diz-petrobras\/#primaryimage","url":"https:\/\/agenciainfra.com\/blog\/wp-content\/uploads\/2025\/09\/FPSO_P-78_Chegada_Campo-de-Buzios_Foto1-1.jpg","contentUrl":"https:\/\/agenciainfra.com\/blog\/wp-content\/uploads\/2025\/09\/FPSO_P-78_Chegada_Campo-de-Buzios_Foto1-1.jpg","width":1278,"height":719,"caption":"Foto: Petrobras"},{"@type":"BreadcrumbList","@id":"https:\/\/agenciainfra.com\/blog\/p-78-chega-ao-campo-de-buzios-e-deve-operar-em-dois-meses-diz-petrobras\/#breadcrumb","itemListElement":[{"@type":"ListItem","position":1,"name":"In\u00edcio","item":"https:\/\/agenciainfra.com\/blog\/"},{"@type":"ListItem","position":2,"name":"P-78 chega ao Campo de B\u00fazios e deve operar em 2 meses, diz Petrobras"}]},{"@type":"WebSite","@id":"https:\/\/agenciainfra.com\/blog\/#website","url":"https:\/\/agenciainfra.com\/blog\/","name":"Ag\u00eancia iNFRA","description":"Multiplataforma de informa\u00e7\u00e3o jornal\u00edstica refer\u00eancia na \u00e1rea de infraestrutura no Brasil!","publisher":{"@id":"https:\/\/agenciainfra.com\/blog\/#organization"},"potentialAction":[{"@type":"SearchAction","target":{"@type":"EntryPoint","urlTemplate":"https:\/\/agenciainfra.com\/blog\/?s={search_term_string}"},"query-input":{"@type":"PropertyValueSpecification","valueRequired":true,"valueName":"search_term_string"}}],"inLanguage":"pt-BR"},{"@type":"Organization","@id":"https:\/\/agenciainfra.com\/blog\/#organization","name":"Ag\u00eancia iNFRA","url":"https:\/\/agenciainfra.com\/blog\/","logo":{"@type":"ImageObject","inLanguage":"pt-BR","@id":"https:\/\/agenciainfra.com\/blog\/#\/schema\/logo\/image\/","url":"https:\/\/agenciainfra.com\/blog\/wp-content\/uploads\/2023\/09\/iNFRA_5-e1761735885940.png","contentUrl":"https:\/\/agenciainfra.com\/blog\/wp-content\/uploads\/2023\/09\/iNFRA_5-e1761735885940.png","width":1672,"height":454,"caption":"Ag\u00eancia iNFRA"},"image":{"@id":"https:\/\/agenciainfra.com\/blog\/#\/schema\/logo\/image\/"},"sameAs":["https:\/\/www.facebook.com\/ageninfra","https:\/\/x.com\/agencia_infra","https:\/\/www.linkedin.com\/company\/ag\u00eanciainfra\/","https:\/\/www.instagram.com\/agenciainfra\/"]},{"@type":"Person","@id":"https:\/\/agenciainfra.com\/blog\/#\/schema\/person\/34af08dff6adea4cb22b06612ba7acfa","name":"Ag\u00eancia iNFRA","image":{"@type":"ImageObject","inLanguage":"pt-BR","@id":"https:\/\/agenciainfra.com\/blog\/#\/schema\/person\/image\/","url":"https:\/\/secure.gravatar.com\/avatar\/d189e01678f06d8eb84d4e01f08eb848b3fffe3f8443818d3c356c66892f5be8?s=96&d=mm&r=g","contentUrl":"https:\/\/secure.gravatar.com\/avatar\/d189e01678f06d8eb84d4e01f08eb848b3fffe3f8443818d3c356c66892f5be8?s=96&d=mm&r=g","caption":"Ag\u00eancia iNFRA"},"url":"https:\/\/agenciainfra.com\/blog\/author\/admin\/"}]}},"_links":{"self":[{"href":"https:\/\/agenciainfra.com\/blog\/wp-json\/wp\/v2\/posts\/28962","targetHints":{"allow":["GET"]}}],"collection":[{"href":"https:\/\/agenciainfra.com\/blog\/wp-json\/wp\/v2\/posts"}],"about":[{"href":"https:\/\/agenciainfra.com\/blog\/wp-json\/wp\/v2\/types\/post"}],"author":[{"embeddable":true,"href":"https:\/\/agenciainfra.com\/blog\/wp-json\/wp\/v2\/users\/1"}],"replies":[{"embeddable":true,"href":"https:\/\/agenciainfra.com\/blog\/wp-json\/wp\/v2\/comments?post=28962"}],"version-history":[{"count":2,"href":"https:\/\/agenciainfra.com\/blog\/wp-json\/wp\/v2\/posts\/28962\/revisions"}],"predecessor-version":[{"id":28976,"href":"https:\/\/agenciainfra.com\/blog\/wp-json\/wp\/v2\/posts\/28962\/revisions\/28976"}],"wp:featuredmedia":[{"embeddable":true,"href":"https:\/\/agenciainfra.com\/blog\/wp-json\/wp\/v2\/media\/28965"}],"wp:attachment":[{"href":"https:\/\/agenciainfra.com\/blog\/wp-json\/wp\/v2\/media?parent=28962"}],"wp:term":[{"taxonomy":"category","embeddable":true,"href":"https:\/\/agenciainfra.com\/blog\/wp-json\/wp\/v2\/categories?post=28962"},{"taxonomy":"post_tag","embeddable":true,"href":"https:\/\/agenciainfra.com\/blog\/wp-json\/wp\/v2\/tags?post=28962"}],"curies":[{"name":"wp","href":"https:\/\/api.w.org\/{rel}","templated":true}]}}