{"id":2898,"date":"2019-02-20T04:00:17","date_gmt":"2019-02-20T07:00:17","guid":{"rendered":"http:\/\/www.agenciainfra.com\/blog\/?p=2898"},"modified":"2019-02-18T08:05:17","modified_gmt":"2019-02-18T11:05:17","slug":"infraero-mantera-investimentos-ate-concessao-de-todos-os-aeroportos","status":"publish","type":"post","link":"https:\/\/agenciainfra.com\/blog\/infraero-mantera-investimentos-ate-concessao-de-todos-os-aeroportos\/","title":{"rendered":"Infraero manter\u00e1 investimentos at\u00e9 concess\u00e3o de todos os aeroportos"},"content":{"rendered":"<div>\n<h5 style=\"text-align: right;\"><strong>Dimmi Amora,\u00a0da Ag\u00eancia iNFRA<\/strong><\/h5>\n<p>A presidente da Infraero, Martha Seillier, afirmou que a estatal pretende manter sua programa\u00e7\u00e3o de investimentos nos aeroportos que ser\u00e3o concedidos a partir de 2020. Isso inclui obras de melhorias nos terminais de passageiros de Foz do Igua\u00e7u (PR), Navegantes (SC) e Campo Grande (MS).<\/p>\n<p>Segundo ela, todas a interven\u00e7\u00f5es necess\u00e1rias para a seguran\u00e7a das 44 unidades que v\u00e3o ser gerenciadas pela Infraero ap\u00f3s a concess\u00e3o dos aeroportos prevista para este ano tamb\u00e9m ser\u00e3o feitas at\u00e9 a entrega das unidades.<\/p>\n<p>O que a estatal deixar\u00e1 de fazer ser\u00e3o investimentos classificados como estrat\u00e9gicos, ou seja, aqueles que seriam necess\u00e1rios para ampliar capacidade de aeroportos para o futuro. No caso dos tr\u00eas terminais de passageiros, a capacidade hoje j\u00e1 est\u00e1 considerada abaixo do n\u00edvel de conforto.<\/p>\n<p>&#8220;N\u00e3o vamos deixar de dar qualidade ao usu\u00e1rio porque a unidade vai ser concedida. Os investimentos do novo concession\u00e1rio podem demorar dois a tr\u00eas anos&#8221;, disse Seillier em entrevista \u00e0\u00a0<strong>Ag\u00eancia iNFRA<\/strong>.<\/p>\n<p>H\u00e1 duas semanas, houve reuni\u00f5es entre a presidente e representantes do governo para trabalhar o plano de investimentos da empresa para esse per\u00edodo. A ideia \u00e9 que, com a concess\u00e3o em blocos, divididas em duas etapas, a empresa mantenha sua sustentabilidade financeira.<\/p>\n<p>Segundo Seillier, os aeroportos mais rent\u00e1veis da empresa &#8211; Congonhas (SP) e Santos Dumont (RJ) &#8211; ser\u00e3o concedidos por \u00faltimo para que seja poss\u00edvel manter a empresa sustent\u00e1vel.<\/p>\n<p>&#8220;Na medida que concedemos aeroportos de menor rentabilidade e ficamos com os de maior, a empresa vai ter uma melhora&#8221;,\u00a0afirmou a presidente.<\/p>\n<p>Segundo ela, outras medidas administrativas est\u00e3o sendo realizadas para enxugar os quadros da empresa, como programas de demiss\u00e3o incentivada e a implementa\u00e7\u00e3o da Empresa de Navega\u00e7\u00e3o A\u00e9rea, a NAV Brasil, que vai levar 2 mil servidores.<\/p>\n<p>De acordo com a presidente, haver\u00e1 um cuidado com os 9 mil servidores da empresa, que ter\u00e3o op\u00e7\u00f5es para deixar a companhia seja por incentivo a sair ou para entrar em outros \u00f3rg\u00e3os p\u00fablicos, como o INSS que est\u00e1 tratando formas de levar servidores para o \u00f3rg\u00e3o.<\/p>\n<p>\u201cVamos fazer esse trabalho com toda a responsabilidade\u201d, prometeu a presidente.<\/p>\n<p><strong>Servi\u00e7os podem continuar<\/strong><br \/>\nAl\u00e9m disso, Martha Seillier afirmou que a ideia neste per\u00edodo de transi\u00e7\u00e3o, em que est\u00e1 decidido que a Infraero deixar\u00e1 de ser uma operadora de aeroportos do governo, \u00e9 de que sejam analisadas oportunidades de neg\u00f3cios para permanecer fazendo servi\u00e7os altamente especializados, at\u00e9 mesmo com a cria\u00e7\u00e3o de subsidi\u00e1rias.<\/p>\n<p>&#8220;O foco da companhia, agora, ser\u00e1 a presta\u00e7\u00e3o de servi\u00e7os&#8221;, disse a presidente, que \u00e9 a primeira mulher a presidir a companhia.<\/p>\n<\/div>\n","protected":false},"excerpt":{"rendered":"<p>Dimmi Amora,\u00a0da Ag\u00eancia iNFRA A presidente da Infraero, Martha Seillier, afirmou que a estatal pretende manter sua programa\u00e7\u00e3o de investimentos nos aeroportos que ser\u00e3o concedidos a partir de 2020. Isso inclui obras de melhorias nos terminais de passageiros de Foz do Igua\u00e7u (PR), Navegantes (SC) e Campo Grande (MS). Segundo ela, todas a interven\u00e7\u00f5es necess\u00e1rias [&hellip;]<\/p>\n","protected":false},"author":9,"featured_media":2903,"comment_status":"closed","ping_status":"open","sticky":false,"template":"","format":"standard","meta":{"_monsterinsights_skip_tracking":false,"_monsterinsights_sitenote_active":false,"_monsterinsights_sitenote_note":"","_monsterinsights_sitenote_category":0,"footnotes":""},"categories":[7],"tags":[107,61,813,781],"class_list":["post-2898","post","type-post","status-publish","format-standard","has-post-thumbnail","hentry","category-infratransporte","tag-aeroportos","tag-infraero","tag-martha-seillier","tag-nav-brasil"],"yoast_head":"<!-- This site is optimized with the Yoast SEO Premium plugin v25.4 (Yoast SEO v26.0) - https:\/\/yoast.com\/wordpress\/plugins\/seo\/ -->\n<title>Infraero manter\u00e1 investimentos at\u00e9 concess\u00e3o de todos os aeroportos - Ag\u00eancia iNFRA<\/title>\n<meta name=\"robots\" content=\"index, follow, max-snippet:-1, max-image-preview:large, max-video-preview:-1\" \/>\n<link rel=\"canonical\" href=\"https:\/\/agenciainfra.com\/blog\/infraero-mantera-investimentos-ate-concessao-de-todos-os-aeroportos\/\" \/>\n<meta property=\"og:locale\" content=\"pt_BR\" \/>\n<meta property=\"og:type\" content=\"article\" \/>\n<meta property=\"og:title\" content=\"Infraero manter\u00e1 investimentos at\u00e9 concess\u00e3o de todos os aeroportos\" \/>\n<meta property=\"og:description\" content=\"Dimmi Amora,\u00a0da Ag\u00eancia iNFRA A presidente da Infraero, Martha Seillier, afirmou que a estatal pretende manter sua programa\u00e7\u00e3o de investimentos nos aeroportos que ser\u00e3o concedidos a partir de 2020. Isso inclui obras de melhorias nos terminais de passageiros de Foz do Igua\u00e7u (PR), Navegantes (SC) e Campo Grande (MS). Segundo ela, todas a interven\u00e7\u00f5es necess\u00e1rias [&hellip;]\" \/>\n<meta property=\"og:url\" content=\"https:\/\/agenciainfra.com\/blog\/infraero-mantera-investimentos-ate-concessao-de-todos-os-aeroportos\/\" \/>\n<meta property=\"og:site_name\" content=\"Ag\u00eancia iNFRA\" \/>\n<meta property=\"article:publisher\" content=\"https:\/\/www.facebook.com\/ageninfra\" \/>\n<meta property=\"article:published_time\" content=\"2019-02-20T07:00:17+00:00\" \/>\n<meta property=\"og:image\" content=\"https:\/\/agenciainfra.com\/blog\/wp-content\/uploads\/2019\/02\/infraero-divulgacao.jpg\" \/>\n\t<meta property=\"og:image:width\" content=\"820\" \/>\n\t<meta property=\"og:image:height\" content=\"490\" \/>\n\t<meta property=\"og:image:type\" content=\"image\/jpeg\" \/>\n<meta name=\"author\" content=\"Rodrigo Zuquim\" \/>\n<meta name=\"twitter:card\" content=\"summary_large_image\" \/>\n<meta name=\"twitter:creator\" content=\"@agencia_infra\" \/>\n<meta name=\"twitter:site\" content=\"@agencia_infra\" \/>\n<meta name=\"twitter:label1\" content=\"Escrito por\" \/>\n\t<meta name=\"twitter:data1\" content=\"Rodrigo Zuquim\" \/>\n\t<meta name=\"twitter:label2\" content=\"Est. tempo de leitura\" \/>\n\t<meta name=\"twitter:data2\" content=\"2 minutos\" \/>\n<script type=\"application\/ld+json\" class=\"yoast-schema-graph\">{\"@context\":\"https:\/\/schema.org\",\"@graph\":[{\"@type\":\"Article\",\"@id\":\"https:\/\/agenciainfra.com\/blog\/infraero-mantera-investimentos-ate-concessao-de-todos-os-aeroportos\/#article\",\"isPartOf\":{\"@id\":\"https:\/\/agenciainfra.com\/blog\/infraero-mantera-investimentos-ate-concessao-de-todos-os-aeroportos\/\"},\"author\":{\"name\":\"Rodrigo Zuquim\",\"@id\":\"https:\/\/agenciainfra.com\/blog\/#\/schema\/person\/04dbb79bd6d8951f063da71f3e4c1eb1\"},\"headline\":\"Infraero manter\u00e1 investimentos at\u00e9 concess\u00e3o de todos os aeroportos\",\"datePublished\":\"2019-02-20T07:00:17+00:00\",\"mainEntityOfPage\":{\"@id\":\"https:\/\/agenciainfra.com\/blog\/infraero-mantera-investimentos-ate-concessao-de-todos-os-aeroportos\/\"},\"wordCount\":473,\"publisher\":{\"@id\":\"https:\/\/agenciainfra.com\/blog\/#organization\"},\"image\":{\"@id\":\"https:\/\/agenciainfra.com\/blog\/infraero-mantera-investimentos-ate-concessao-de-todos-os-aeroportos\/#primaryimage\"},\"thumbnailUrl\":\"https:\/\/agenciainfra.com\/blog\/wp-content\/uploads\/2019\/02\/infraero-divulgacao.jpg\",\"keywords\":[\"aeroportos\",\"Infraero\",\"Martha Seillier\",\"NAV Brasil\"],\"articleSection\":[\"iNFRATransporte\"],\"inLanguage\":\"pt-BR\",\"copyrightYear\":\"2019\",\"copyrightHolder\":{\"@id\":\"https:\/\/agenciainfra.com\/blog\/#organization\"}},{\"@type\":\"WebPage\",\"@id\":\"https:\/\/agenciainfra.com\/blog\/infraero-mantera-investimentos-ate-concessao-de-todos-os-aeroportos\/\",\"url\":\"https:\/\/agenciainfra.com\/blog\/infraero-mantera-investimentos-ate-concessao-de-todos-os-aeroportos\/\",\"name\":\"Infraero manter\u00e1 investimentos at\u00e9 concess\u00e3o de todos os aeroportos - Ag\u00eancia iNFRA\",\"isPartOf\":{\"@id\":\"https:\/\/agenciainfra.com\/blog\/#website\"},\"primaryImageOfPage\":{\"@id\":\"https:\/\/agenciainfra.com\/blog\/infraero-mantera-investimentos-ate-concessao-de-todos-os-aeroportos\/#primaryimage\"},\"image\":{\"@id\":\"https:\/\/agenciainfra.com\/blog\/infraero-mantera-investimentos-ate-concessao-de-todos-os-aeroportos\/#primaryimage\"},\"thumbnailUrl\":\"https:\/\/agenciainfra.com\/blog\/wp-content\/uploads\/2019\/02\/infraero-divulgacao.jpg\",\"datePublished\":\"2019-02-20T07:00:17+00:00\",\"breadcrumb\":{\"@id\":\"https:\/\/agenciainfra.com\/blog\/infraero-mantera-investimentos-ate-concessao-de-todos-os-aeroportos\/#breadcrumb\"},\"inLanguage\":\"pt-BR\",\"potentialAction\":[{\"@type\":\"ReadAction\",\"target\":[\"https:\/\/agenciainfra.com\/blog\/infraero-mantera-investimentos-ate-concessao-de-todos-os-aeroportos\/\"]}]},{\"@type\":\"ImageObject\",\"inLanguage\":\"pt-BR\",\"@id\":\"https:\/\/agenciainfra.com\/blog\/infraero-mantera-investimentos-ate-concessao-de-todos-os-aeroportos\/#primaryimage\",\"url\":\"https:\/\/agenciainfra.com\/blog\/wp-content\/uploads\/2019\/02\/infraero-divulgacao.jpg\",\"contentUrl\":\"https:\/\/agenciainfra.com\/blog\/wp-content\/uploads\/2019\/02\/infraero-divulgacao.jpg\",\"width\":820,\"height\":490},{\"@type\":\"BreadcrumbList\",\"@id\":\"https:\/\/agenciainfra.com\/blog\/infraero-mantera-investimentos-ate-concessao-de-todos-os-aeroportos\/#breadcrumb\",\"itemListElement\":[{\"@type\":\"ListItem\",\"position\":1,\"name\":\"In\u00edcio\",\"item\":\"https:\/\/agenciainfra.com\/blog\/\"},{\"@type\":\"ListItem\",\"position\":2,\"name\":\"Infraero manter\u00e1 investimentos at\u00e9 concess\u00e3o de todos os aeroportos\"}]},{\"@type\":\"WebSite\",\"@id\":\"https:\/\/agenciainfra.com\/blog\/#website\",\"url\":\"https:\/\/agenciainfra.com\/blog\/\",\"name\":\"Ag\u00eancia iNFRA\",\"description\":\"Multiplataforma de informa\u00e7\u00e3o jornal\u00edstica refer\u00eancia na \u00e1rea de infraestrutura no Brasil!\",\"publisher\":{\"@id\":\"https:\/\/agenciainfra.com\/blog\/#organization\"},\"potentialAction\":[{\"@type\":\"SearchAction\",\"target\":{\"@type\":\"EntryPoint\",\"urlTemplate\":\"https:\/\/agenciainfra.com\/blog\/?s={search_term_string}\"},\"query-input\":{\"@type\":\"PropertyValueSpecification\",\"valueRequired\":true,\"valueName\":\"search_term_string\"}}],\"inLanguage\":\"pt-BR\"},{\"@type\":\"Organization\",\"@id\":\"https:\/\/agenciainfra.com\/blog\/#organization\",\"name\":\"Ag\u00eancia iNFRA\",\"url\":\"https:\/\/agenciainfra.com\/blog\/\",\"logo\":{\"@type\":\"ImageObject\",\"inLanguage\":\"pt-BR\",\"@id\":\"https:\/\/agenciainfra.com\/blog\/#\/schema\/logo\/image\/\",\"url\":\"https:\/\/agenciainfra.com\/blog\/wp-content\/uploads\/2023\/09\/iNFRA_5-e1761735885940.png\",\"contentUrl\":\"https:\/\/agenciainfra.com\/blog\/wp-content\/uploads\/2023\/09\/iNFRA_5-e1761735885940.png\",\"width\":1672,\"height\":454,\"caption\":\"Ag\u00eancia iNFRA\"},\"image\":{\"@id\":\"https:\/\/agenciainfra.com\/blog\/#\/schema\/logo\/image\/\"},\"sameAs\":[\"https:\/\/www.facebook.com\/ageninfra\",\"https:\/\/x.com\/agencia_infra\",\"https:\/\/www.linkedin.com\/company\/ag\u00eanciainfra\/\",\"https:\/\/www.instagram.com\/agenciainfra\/\"]},{\"@type\":\"Person\",\"@id\":\"https:\/\/agenciainfra.com\/blog\/#\/schema\/person\/04dbb79bd6d8951f063da71f3e4c1eb1\",\"name\":\"Rodrigo Zuquim\",\"image\":{\"@type\":\"ImageObject\",\"inLanguage\":\"pt-BR\",\"@id\":\"https:\/\/agenciainfra.com\/blog\/#\/schema\/person\/image\/\",\"url\":\"https:\/\/secure.gravatar.com\/avatar\/594abfe82761d620726242ff34ca472a705a4b97f16c790053a6b4c4035274d0?s=96&d=mm&r=g\",\"contentUrl\":\"https:\/\/secure.gravatar.com\/avatar\/594abfe82761d620726242ff34ca472a705a4b97f16c790053a6b4c4035274d0?s=96&d=mm&r=g\",\"caption\":\"Rodrigo Zuquim\"},\"url\":\"https:\/\/agenciainfra.com\/blog\/author\/rodrigo-zuquim\/\"}]}<\/script>\n<!-- \/ Yoast SEO Premium plugin. -->","yoast_head_json":{"title":"Infraero manter\u00e1 investimentos at\u00e9 concess\u00e3o de todos os aeroportos - Ag\u00eancia iNFRA","robots":{"index":"index","follow":"follow","max-snippet":"max-snippet:-1","max-image-preview":"max-image-preview:large","max-video-preview":"max-video-preview:-1"},"canonical":"https:\/\/agenciainfra.com\/blog\/infraero-mantera-investimentos-ate-concessao-de-todos-os-aeroportos\/","og_locale":"pt_BR","og_type":"article","og_title":"Infraero manter\u00e1 investimentos at\u00e9 concess\u00e3o de todos os aeroportos","og_description":"Dimmi Amora,\u00a0da Ag\u00eancia iNFRA A presidente da Infraero, Martha Seillier, afirmou que a estatal pretende manter sua programa\u00e7\u00e3o de investimentos nos aeroportos que ser\u00e3o concedidos a partir de 2020. Isso inclui obras de melhorias nos terminais de passageiros de Foz do Igua\u00e7u (PR), Navegantes (SC) e Campo Grande (MS). Segundo ela, todas a interven\u00e7\u00f5es necess\u00e1rias [&hellip;]","og_url":"https:\/\/agenciainfra.com\/blog\/infraero-mantera-investimentos-ate-concessao-de-todos-os-aeroportos\/","og_site_name":"Ag\u00eancia iNFRA","article_publisher":"https:\/\/www.facebook.com\/ageninfra","article_published_time":"2019-02-20T07:00:17+00:00","og_image":[{"width":820,"height":490,"url":"https:\/\/agenciainfra.com\/blog\/wp-content\/uploads\/2019\/02\/infraero-divulgacao.jpg","type":"image\/jpeg"}],"author":"Rodrigo Zuquim","twitter_card":"summary_large_image","twitter_creator":"@agencia_infra","twitter_site":"@agencia_infra","twitter_misc":{"Escrito por":"Rodrigo Zuquim","Est. tempo de leitura":"2 minutos"},"schema":{"@context":"https:\/\/schema.org","@graph":[{"@type":"Article","@id":"https:\/\/agenciainfra.com\/blog\/infraero-mantera-investimentos-ate-concessao-de-todos-os-aeroportos\/#article","isPartOf":{"@id":"https:\/\/agenciainfra.com\/blog\/infraero-mantera-investimentos-ate-concessao-de-todos-os-aeroportos\/"},"author":{"name":"Rodrigo Zuquim","@id":"https:\/\/agenciainfra.com\/blog\/#\/schema\/person\/04dbb79bd6d8951f063da71f3e4c1eb1"},"headline":"Infraero manter\u00e1 investimentos at\u00e9 concess\u00e3o de todos os aeroportos","datePublished":"2019-02-20T07:00:17+00:00","mainEntityOfPage":{"@id":"https:\/\/agenciainfra.com\/blog\/infraero-mantera-investimentos-ate-concessao-de-todos-os-aeroportos\/"},"wordCount":473,"publisher":{"@id":"https:\/\/agenciainfra.com\/blog\/#organization"},"image":{"@id":"https:\/\/agenciainfra.com\/blog\/infraero-mantera-investimentos-ate-concessao-de-todos-os-aeroportos\/#primaryimage"},"thumbnailUrl":"https:\/\/agenciainfra.com\/blog\/wp-content\/uploads\/2019\/02\/infraero-divulgacao.jpg","keywords":["aeroportos","Infraero","Martha Seillier","NAV Brasil"],"articleSection":["iNFRATransporte"],"inLanguage":"pt-BR","copyrightYear":"2019","copyrightHolder":{"@id":"https:\/\/agenciainfra.com\/blog\/#organization"}},{"@type":"WebPage","@id":"https:\/\/agenciainfra.com\/blog\/infraero-mantera-investimentos-ate-concessao-de-todos-os-aeroportos\/","url":"https:\/\/agenciainfra.com\/blog\/infraero-mantera-investimentos-ate-concessao-de-todos-os-aeroportos\/","name":"Infraero manter\u00e1 investimentos at\u00e9 concess\u00e3o de todos os aeroportos - Ag\u00eancia iNFRA","isPartOf":{"@id":"https:\/\/agenciainfra.com\/blog\/#website"},"primaryImageOfPage":{"@id":"https:\/\/agenciainfra.com\/blog\/infraero-mantera-investimentos-ate-concessao-de-todos-os-aeroportos\/#primaryimage"},"image":{"@id":"https:\/\/agenciainfra.com\/blog\/infraero-mantera-investimentos-ate-concessao-de-todos-os-aeroportos\/#primaryimage"},"thumbnailUrl":"https:\/\/agenciainfra.com\/blog\/wp-content\/uploads\/2019\/02\/infraero-divulgacao.jpg","datePublished":"2019-02-20T07:00:17+00:00","breadcrumb":{"@id":"https:\/\/agenciainfra.com\/blog\/infraero-mantera-investimentos-ate-concessao-de-todos-os-aeroportos\/#breadcrumb"},"inLanguage":"pt-BR","potentialAction":[{"@type":"ReadAction","target":["https:\/\/agenciainfra.com\/blog\/infraero-mantera-investimentos-ate-concessao-de-todos-os-aeroportos\/"]}]},{"@type":"ImageObject","inLanguage":"pt-BR","@id":"https:\/\/agenciainfra.com\/blog\/infraero-mantera-investimentos-ate-concessao-de-todos-os-aeroportos\/#primaryimage","url":"https:\/\/agenciainfra.com\/blog\/wp-content\/uploads\/2019\/02\/infraero-divulgacao.jpg","contentUrl":"https:\/\/agenciainfra.com\/blog\/wp-content\/uploads\/2019\/02\/infraero-divulgacao.jpg","width":820,"height":490},{"@type":"BreadcrumbList","@id":"https:\/\/agenciainfra.com\/blog\/infraero-mantera-investimentos-ate-concessao-de-todos-os-aeroportos\/#breadcrumb","itemListElement":[{"@type":"ListItem","position":1,"name":"In\u00edcio","item":"https:\/\/agenciainfra.com\/blog\/"},{"@type":"ListItem","position":2,"name":"Infraero manter\u00e1 investimentos at\u00e9 concess\u00e3o de todos os aeroportos"}]},{"@type":"WebSite","@id":"https:\/\/agenciainfra.com\/blog\/#website","url":"https:\/\/agenciainfra.com\/blog\/","name":"Ag\u00eancia iNFRA","description":"Multiplataforma de informa\u00e7\u00e3o jornal\u00edstica refer\u00eancia na \u00e1rea de infraestrutura no Brasil!","publisher":{"@id":"https:\/\/agenciainfra.com\/blog\/#organization"},"potentialAction":[{"@type":"SearchAction","target":{"@type":"EntryPoint","urlTemplate":"https:\/\/agenciainfra.com\/blog\/?s={search_term_string}"},"query-input":{"@type":"PropertyValueSpecification","valueRequired":true,"valueName":"search_term_string"}}],"inLanguage":"pt-BR"},{"@type":"Organization","@id":"https:\/\/agenciainfra.com\/blog\/#organization","name":"Ag\u00eancia iNFRA","url":"https:\/\/agenciainfra.com\/blog\/","logo":{"@type":"ImageObject","inLanguage":"pt-BR","@id":"https:\/\/agenciainfra.com\/blog\/#\/schema\/logo\/image\/","url":"https:\/\/agenciainfra.com\/blog\/wp-content\/uploads\/2023\/09\/iNFRA_5-e1761735885940.png","contentUrl":"https:\/\/agenciainfra.com\/blog\/wp-content\/uploads\/2023\/09\/iNFRA_5-e1761735885940.png","width":1672,"height":454,"caption":"Ag\u00eancia iNFRA"},"image":{"@id":"https:\/\/agenciainfra.com\/blog\/#\/schema\/logo\/image\/"},"sameAs":["https:\/\/www.facebook.com\/ageninfra","https:\/\/x.com\/agencia_infra","https:\/\/www.linkedin.com\/company\/ag\u00eanciainfra\/","https:\/\/www.instagram.com\/agenciainfra\/"]},{"@type":"Person","@id":"https:\/\/agenciainfra.com\/blog\/#\/schema\/person\/04dbb79bd6d8951f063da71f3e4c1eb1","name":"Rodrigo Zuquim","image":{"@type":"ImageObject","inLanguage":"pt-BR","@id":"https:\/\/agenciainfra.com\/blog\/#\/schema\/person\/image\/","url":"https:\/\/secure.gravatar.com\/avatar\/594abfe82761d620726242ff34ca472a705a4b97f16c790053a6b4c4035274d0?s=96&d=mm&r=g","contentUrl":"https:\/\/secure.gravatar.com\/avatar\/594abfe82761d620726242ff34ca472a705a4b97f16c790053a6b4c4035274d0?s=96&d=mm&r=g","caption":"Rodrigo Zuquim"},"url":"https:\/\/agenciainfra.com\/blog\/author\/rodrigo-zuquim\/"}]}},"_links":{"self":[{"href":"https:\/\/agenciainfra.com\/blog\/wp-json\/wp\/v2\/posts\/2898","targetHints":{"allow":["GET"]}}],"collection":[{"href":"https:\/\/agenciainfra.com\/blog\/wp-json\/wp\/v2\/posts"}],"about":[{"href":"https:\/\/agenciainfra.com\/blog\/wp-json\/wp\/v2\/types\/post"}],"author":[{"embeddable":true,"href":"https:\/\/agenciainfra.com\/blog\/wp-json\/wp\/v2\/users\/9"}],"replies":[{"embeddable":true,"href":"https:\/\/agenciainfra.com\/blog\/wp-json\/wp\/v2\/comments?post=2898"}],"version-history":[{"count":0,"href":"https:\/\/agenciainfra.com\/blog\/wp-json\/wp\/v2\/posts\/2898\/revisions"}],"wp:featuredmedia":[{"embeddable":true,"href":"https:\/\/agenciainfra.com\/blog\/wp-json\/wp\/v2\/media\/2903"}],"wp:attachment":[{"href":"https:\/\/agenciainfra.com\/blog\/wp-json\/wp\/v2\/media?parent=2898"}],"wp:term":[{"taxonomy":"category","embeddable":true,"href":"https:\/\/agenciainfra.com\/blog\/wp-json\/wp\/v2\/categories?post=2898"},{"taxonomy":"post_tag","embeddable":true,"href":"https:\/\/agenciainfra.com\/blog\/wp-json\/wp\/v2\/tags?post=2898"}],"curies":[{"name":"wp","href":"https:\/\/api.w.org\/{rel}","templated":true}]}}