{"id":28990,"date":"2025-09-30T20:21:00","date_gmt":"2025-09-30T23:21:00","guid":{"rendered":"https:\/\/agenciainfra.com\/blog\/?p=28990"},"modified":"2025-10-01T10:37:24","modified_gmt":"2025-10-01T13:37:24","slug":"petroreconcavo-compra-participacao-em-ativos-de-gas-da-brava-energia","status":"publish","type":"post","link":"https:\/\/agenciainfra.com\/blog\/petroreconcavo-compra-participacao-em-ativos-de-gas-da-brava-energia\/","title":{"rendered":"PetroReconcavo compra participa\u00e7\u00e3o em ativos de g\u00e1s da Brava Energia\u00a0"},"content":{"rendered":"\n<p class=\"has-text-align-right\"><strong>da Ag\u00eancia iNFRA<\/strong><\/p>\n\n\n\n<p>A PetroReconcavo concluiu a aquisi\u00e7\u00e3o de 50% dos ativos de transporte e processamento de g\u00e1s natural da Brava Energia em Guamar\u00e9, no Rio Grande do Norte. O pacote conta com duas unidades de processamento de g\u00e1s natural com capacidade de 1,5 milh\u00e3o de m\u00b3\/dia cada \u2013 uma em opera\u00e7\u00e3o e outra hibernada \u2013 al\u00e9m de sistemas de apoio e o gasoduto que conecta a produ\u00e7\u00e3o pr\u00f3pria e de terceiros ao complexo.<\/p>\n\n\n\n<p>O pagamento feito \u00e0 Brava foi de R$ 168,8 milh\u00f5es, valor referente a metade da opera\u00e7\u00e3o j\u00e1 ajustada. O montante restante, equivalente a 15% do total, ser\u00e1 quitado em etapas conforme avan\u00e7ar o processo de transfer\u00eancia dos im\u00f3veis.<\/p>\n\n\n\n<p>A gest\u00e3o dos ativos ser\u00e1 conjunta. Pelo acordo, a Brava seguir\u00e1 como operadora, e um comit\u00ea formado pelas duas companhias ficar\u00e1 respons\u00e1vel por decis\u00f5es ligadas a or\u00e7amento, custos e efici\u00eancia operacional.<\/p>\n\n\n\n<p>De acordo com a PetroReconcavo, a transa\u00e7\u00e3o refor\u00e7a o plano de resili\u00eancia da companhia, aumentando a previsibilidade, a seguran\u00e7a e a redu\u00e7\u00e3o de custos no escoamento e processamento de g\u00e1s natural na Bacia Potiguar.<\/p>\n","protected":false},"excerpt":{"rendered":"<p>da Ag\u00eancia iNFRA A PetroReconcavo concluiu a aquisi\u00e7\u00e3o de 50% dos ativos de transporte e processamento de g\u00e1s natural da Brava Energia em Guamar\u00e9, no Rio Grande do Norte. O pacote conta com duas unidades de processamento de g\u00e1s natural com capacidade de 1,5 milh\u00e3o de m\u00b3\/dia cada \u2013 uma em opera\u00e7\u00e3o e outra hibernada [&hellip;]<\/p>\n","protected":false},"author":1,"featured_media":22550,"comment_status":"closed","ping_status":"closed","sticky":false,"template":"","format":"standard","meta":{"_monsterinsights_skip_tracking":false,"_monsterinsights_sitenote_active":false,"_monsterinsights_sitenote_note":"","_monsterinsights_sitenote_category":0,"footnotes":""},"categories":[1,13576],"tags":[15764,13335,882,2554,15763],"class_list":["post-28990","post","type-post","status-publish","format-standard","has-post-thumbnail","hentry","category-geral","category-giro-infra","tag-ativos-de-gas","tag-brava-energia","tag-gas-natural","tag-gasoduto","tag-petroreconcavo"],"yoast_head":"<!-- This site is optimized with the Yoast SEO Premium plugin v25.4 (Yoast SEO v26.0) - https:\/\/yoast.com\/wordpress\/plugins\/seo\/ -->\n<title>PetroReconcavo compra participa\u00e7\u00e3o em ativos de g\u00e1s da Brava Energia\u00a0 - Ag\u00eancia iNFRA<\/title>\n<meta name=\"robots\" content=\"index, follow, max-snippet:-1, max-image-preview:large, max-video-preview:-1\" \/>\n<link rel=\"canonical\" href=\"https:\/\/agenciainfra.com\/blog\/petroreconcavo-compra-participacao-em-ativos-de-gas-da-brava-energia\/\" \/>\n<meta property=\"og:locale\" content=\"pt_BR\" \/>\n<meta property=\"og:type\" content=\"article\" \/>\n<meta property=\"og:title\" content=\"PetroReconcavo compra participa\u00e7\u00e3o em ativos de g\u00e1s da Brava Energia\u00a0\" \/>\n<meta property=\"og:description\" content=\"da Ag\u00eancia iNFRA A PetroReconcavo concluiu a aquisi\u00e7\u00e3o de 50% dos ativos de transporte e processamento de g\u00e1s natural da Brava Energia em Guamar\u00e9, no Rio Grande do Norte. O pacote conta com duas unidades de processamento de g\u00e1s natural com capacidade de 1,5 milh\u00e3o de m\u00b3\/dia cada \u2013 uma em opera\u00e7\u00e3o e outra hibernada [&hellip;]\" \/>\n<meta property=\"og:url\" content=\"https:\/\/agenciainfra.com\/blog\/petroreconcavo-compra-participacao-em-ativos-de-gas-da-brava-energia\/\" \/>\n<meta property=\"og:site_name\" content=\"Ag\u00eancia iNFRA\" \/>\n<meta property=\"article:publisher\" content=\"https:\/\/www.facebook.com\/ageninfra\" \/>\n<meta property=\"article:published_time\" content=\"2025-09-30T23:21:00+00:00\" \/>\n<meta property=\"article:modified_time\" content=\"2025-10-01T13:37:24+00:00\" \/>\n<meta property=\"og:image\" content=\"https:\/\/agenciainfra.com\/blog\/wp-content\/uploads\/2025\/06\/gas-natural-foto-agencia-petrobras.jpeg\" \/>\n\t<meta property=\"og:image:width\" content=\"1170\" \/>\n\t<meta property=\"og:image:height\" content=\"700\" \/>\n\t<meta property=\"og:image:type\" content=\"image\/jpeg\" \/>\n<meta name=\"author\" content=\"Ag\u00eancia iNFRA\" \/>\n<meta name=\"twitter:card\" content=\"summary_large_image\" \/>\n<meta name=\"twitter:creator\" content=\"@agencia_infra\" \/>\n<meta name=\"twitter:site\" content=\"@agencia_infra\" \/>\n<meta name=\"twitter:label1\" content=\"Escrito por\" \/>\n\t<meta name=\"twitter:data1\" content=\"Ag\u00eancia iNFRA\" \/>\n\t<meta name=\"twitter:label2\" content=\"Est. tempo de leitura\" \/>\n\t<meta name=\"twitter:data2\" content=\"1 minuto\" \/>\n<script type=\"application\/ld+json\" class=\"yoast-schema-graph\">{\"@context\":\"https:\/\/schema.org\",\"@graph\":[{\"@type\":\"Article\",\"@id\":\"https:\/\/agenciainfra.com\/blog\/petroreconcavo-compra-participacao-em-ativos-de-gas-da-brava-energia\/#article\",\"isPartOf\":{\"@id\":\"https:\/\/agenciainfra.com\/blog\/petroreconcavo-compra-participacao-em-ativos-de-gas-da-brava-energia\/\"},\"author\":{\"name\":\"Ag\u00eancia iNFRA\",\"@id\":\"https:\/\/agenciainfra.com\/blog\/#\/schema\/person\/34af08dff6adea4cb22b06612ba7acfa\"},\"headline\":\"PetroReconcavo compra participa\u00e7\u00e3o em ativos de g\u00e1s da Brava Energia\u00a0\",\"datePublished\":\"2025-09-30T23:21:00+00:00\",\"dateModified\":\"2025-10-01T13:37:24+00:00\",\"mainEntityOfPage\":{\"@id\":\"https:\/\/agenciainfra.com\/blog\/petroreconcavo-compra-participacao-em-ativos-de-gas-da-brava-energia\/\"},\"wordCount\":208,\"publisher\":{\"@id\":\"https:\/\/agenciainfra.com\/blog\/#organization\"},\"image\":{\"@id\":\"https:\/\/agenciainfra.com\/blog\/petroreconcavo-compra-participacao-em-ativos-de-gas-da-brava-energia\/#primaryimage\"},\"thumbnailUrl\":\"https:\/\/agenciainfra.com\/blog\/wp-content\/uploads\/2025\/06\/gas-natural-foto-agencia-petrobras.jpeg\",\"keywords\":[\"ativos de g\u00e1s\",\"Brava Energia\",\"g\u00e1s natural\",\"gasoduto\",\"PetroReconcavo\"],\"articleSection\":[\"Geral\",\"Giro iNFRA\"],\"inLanguage\":\"pt-BR\",\"copyrightYear\":\"2025\",\"copyrightHolder\":{\"@id\":\"https:\/\/agenciainfra.com\/blog\/#organization\"}},{\"@type\":\"WebPage\",\"@id\":\"https:\/\/agenciainfra.com\/blog\/petroreconcavo-compra-participacao-em-ativos-de-gas-da-brava-energia\/\",\"url\":\"https:\/\/agenciainfra.com\/blog\/petroreconcavo-compra-participacao-em-ativos-de-gas-da-brava-energia\/\",\"name\":\"PetroReconcavo compra participa\u00e7\u00e3o em ativos de g\u00e1s da Brava Energia\u00a0 - Ag\u00eancia iNFRA\",\"isPartOf\":{\"@id\":\"https:\/\/agenciainfra.com\/blog\/#website\"},\"primaryImageOfPage\":{\"@id\":\"https:\/\/agenciainfra.com\/blog\/petroreconcavo-compra-participacao-em-ativos-de-gas-da-brava-energia\/#primaryimage\"},\"image\":{\"@id\":\"https:\/\/agenciainfra.com\/blog\/petroreconcavo-compra-participacao-em-ativos-de-gas-da-brava-energia\/#primaryimage\"},\"thumbnailUrl\":\"https:\/\/agenciainfra.com\/blog\/wp-content\/uploads\/2025\/06\/gas-natural-foto-agencia-petrobras.jpeg\",\"datePublished\":\"2025-09-30T23:21:00+00:00\",\"dateModified\":\"2025-10-01T13:37:24+00:00\",\"breadcrumb\":{\"@id\":\"https:\/\/agenciainfra.com\/blog\/petroreconcavo-compra-participacao-em-ativos-de-gas-da-brava-energia\/#breadcrumb\"},\"inLanguage\":\"pt-BR\",\"potentialAction\":[{\"@type\":\"ReadAction\",\"target\":[\"https:\/\/agenciainfra.com\/blog\/petroreconcavo-compra-participacao-em-ativos-de-gas-da-brava-energia\/\"]}]},{\"@type\":\"ImageObject\",\"inLanguage\":\"pt-BR\",\"@id\":\"https:\/\/agenciainfra.com\/blog\/petroreconcavo-compra-participacao-em-ativos-de-gas-da-brava-energia\/#primaryimage\",\"url\":\"https:\/\/agenciainfra.com\/blog\/wp-content\/uploads\/2025\/06\/gas-natural-foto-agencia-petrobras.jpeg\",\"contentUrl\":\"https:\/\/agenciainfra.com\/blog\/wp-content\/uploads\/2025\/06\/gas-natural-foto-agencia-petrobras.jpeg\",\"width\":1170,\"height\":700,\"caption\":\"Foto: Ag\u00eancia Petrobras\"},{\"@type\":\"BreadcrumbList\",\"@id\":\"https:\/\/agenciainfra.com\/blog\/petroreconcavo-compra-participacao-em-ativos-de-gas-da-brava-energia\/#breadcrumb\",\"itemListElement\":[{\"@type\":\"ListItem\",\"position\":1,\"name\":\"In\u00edcio\",\"item\":\"https:\/\/agenciainfra.com\/blog\/\"},{\"@type\":\"ListItem\",\"position\":2,\"name\":\"PetroReconcavo compra participa\u00e7\u00e3o em ativos de g\u00e1s da Brava Energia\u00a0\"}]},{\"@type\":\"WebSite\",\"@id\":\"https:\/\/agenciainfra.com\/blog\/#website\",\"url\":\"https:\/\/agenciainfra.com\/blog\/\",\"name\":\"Ag\u00eancia iNFRA\",\"description\":\"Multiplataforma de informa\u00e7\u00e3o jornal\u00edstica refer\u00eancia na \u00e1rea de infraestrutura no Brasil!\",\"publisher\":{\"@id\":\"https:\/\/agenciainfra.com\/blog\/#organization\"},\"potentialAction\":[{\"@type\":\"SearchAction\",\"target\":{\"@type\":\"EntryPoint\",\"urlTemplate\":\"https:\/\/agenciainfra.com\/blog\/?s={search_term_string}\"},\"query-input\":{\"@type\":\"PropertyValueSpecification\",\"valueRequired\":true,\"valueName\":\"search_term_string\"}}],\"inLanguage\":\"pt-BR\"},{\"@type\":\"Organization\",\"@id\":\"https:\/\/agenciainfra.com\/blog\/#organization\",\"name\":\"Ag\u00eancia iNFRA\",\"url\":\"https:\/\/agenciainfra.com\/blog\/\",\"logo\":{\"@type\":\"ImageObject\",\"inLanguage\":\"pt-BR\",\"@id\":\"https:\/\/agenciainfra.com\/blog\/#\/schema\/logo\/image\/\",\"url\":\"https:\/\/agenciainfra.com\/blog\/wp-content\/uploads\/2023\/09\/iNFRA_5-e1761735885940.png\",\"contentUrl\":\"https:\/\/agenciainfra.com\/blog\/wp-content\/uploads\/2023\/09\/iNFRA_5-e1761735885940.png\",\"width\":1672,\"height\":454,\"caption\":\"Ag\u00eancia iNFRA\"},\"image\":{\"@id\":\"https:\/\/agenciainfra.com\/blog\/#\/schema\/logo\/image\/\"},\"sameAs\":[\"https:\/\/www.facebook.com\/ageninfra\",\"https:\/\/x.com\/agencia_infra\",\"https:\/\/www.linkedin.com\/company\/ag\u00eanciainfra\/\",\"https:\/\/www.instagram.com\/agenciainfra\/\"]},{\"@type\":\"Person\",\"@id\":\"https:\/\/agenciainfra.com\/blog\/#\/schema\/person\/34af08dff6adea4cb22b06612ba7acfa\",\"name\":\"Ag\u00eancia iNFRA\",\"image\":{\"@type\":\"ImageObject\",\"inLanguage\":\"pt-BR\",\"@id\":\"https:\/\/agenciainfra.com\/blog\/#\/schema\/person\/image\/\",\"url\":\"https:\/\/secure.gravatar.com\/avatar\/d189e01678f06d8eb84d4e01f08eb848b3fffe3f8443818d3c356c66892f5be8?s=96&d=mm&r=g\",\"contentUrl\":\"https:\/\/secure.gravatar.com\/avatar\/d189e01678f06d8eb84d4e01f08eb848b3fffe3f8443818d3c356c66892f5be8?s=96&d=mm&r=g\",\"caption\":\"Ag\u00eancia iNFRA\"},\"url\":\"https:\/\/agenciainfra.com\/blog\/author\/admin\/\"}]}<\/script>\n<!-- \/ Yoast SEO Premium plugin. -->","yoast_head_json":{"title":"PetroReconcavo compra participa\u00e7\u00e3o em ativos de g\u00e1s da Brava Energia\u00a0 - Ag\u00eancia iNFRA","robots":{"index":"index","follow":"follow","max-snippet":"max-snippet:-1","max-image-preview":"max-image-preview:large","max-video-preview":"max-video-preview:-1"},"canonical":"https:\/\/agenciainfra.com\/blog\/petroreconcavo-compra-participacao-em-ativos-de-gas-da-brava-energia\/","og_locale":"pt_BR","og_type":"article","og_title":"PetroReconcavo compra participa\u00e7\u00e3o em ativos de g\u00e1s da Brava Energia\u00a0","og_description":"da Ag\u00eancia iNFRA A PetroReconcavo concluiu a aquisi\u00e7\u00e3o de 50% dos ativos de transporte e processamento de g\u00e1s natural da Brava Energia em Guamar\u00e9, no Rio Grande do Norte. O pacote conta com duas unidades de processamento de g\u00e1s natural com capacidade de 1,5 milh\u00e3o de m\u00b3\/dia cada \u2013 uma em opera\u00e7\u00e3o e outra hibernada [&hellip;]","og_url":"https:\/\/agenciainfra.com\/blog\/petroreconcavo-compra-participacao-em-ativos-de-gas-da-brava-energia\/","og_site_name":"Ag\u00eancia iNFRA","article_publisher":"https:\/\/www.facebook.com\/ageninfra","article_published_time":"2025-09-30T23:21:00+00:00","article_modified_time":"2025-10-01T13:37:24+00:00","og_image":[{"width":1170,"height":700,"url":"https:\/\/agenciainfra.com\/blog\/wp-content\/uploads\/2025\/06\/gas-natural-foto-agencia-petrobras.jpeg","type":"image\/jpeg"}],"author":"Ag\u00eancia iNFRA","twitter_card":"summary_large_image","twitter_creator":"@agencia_infra","twitter_site":"@agencia_infra","twitter_misc":{"Escrito por":"Ag\u00eancia iNFRA","Est. tempo de leitura":"1 minuto"},"schema":{"@context":"https:\/\/schema.org","@graph":[{"@type":"Article","@id":"https:\/\/agenciainfra.com\/blog\/petroreconcavo-compra-participacao-em-ativos-de-gas-da-brava-energia\/#article","isPartOf":{"@id":"https:\/\/agenciainfra.com\/blog\/petroreconcavo-compra-participacao-em-ativos-de-gas-da-brava-energia\/"},"author":{"name":"Ag\u00eancia iNFRA","@id":"https:\/\/agenciainfra.com\/blog\/#\/schema\/person\/34af08dff6adea4cb22b06612ba7acfa"},"headline":"PetroReconcavo compra participa\u00e7\u00e3o em ativos de g\u00e1s da Brava Energia\u00a0","datePublished":"2025-09-30T23:21:00+00:00","dateModified":"2025-10-01T13:37:24+00:00","mainEntityOfPage":{"@id":"https:\/\/agenciainfra.com\/blog\/petroreconcavo-compra-participacao-em-ativos-de-gas-da-brava-energia\/"},"wordCount":208,"publisher":{"@id":"https:\/\/agenciainfra.com\/blog\/#organization"},"image":{"@id":"https:\/\/agenciainfra.com\/blog\/petroreconcavo-compra-participacao-em-ativos-de-gas-da-brava-energia\/#primaryimage"},"thumbnailUrl":"https:\/\/agenciainfra.com\/blog\/wp-content\/uploads\/2025\/06\/gas-natural-foto-agencia-petrobras.jpeg","keywords":["ativos de g\u00e1s","Brava Energia","g\u00e1s natural","gasoduto","PetroReconcavo"],"articleSection":["Geral","Giro iNFRA"],"inLanguage":"pt-BR","copyrightYear":"2025","copyrightHolder":{"@id":"https:\/\/agenciainfra.com\/blog\/#organization"}},{"@type":"WebPage","@id":"https:\/\/agenciainfra.com\/blog\/petroreconcavo-compra-participacao-em-ativos-de-gas-da-brava-energia\/","url":"https:\/\/agenciainfra.com\/blog\/petroreconcavo-compra-participacao-em-ativos-de-gas-da-brava-energia\/","name":"PetroReconcavo compra participa\u00e7\u00e3o em ativos de g\u00e1s da Brava Energia\u00a0 - Ag\u00eancia iNFRA","isPartOf":{"@id":"https:\/\/agenciainfra.com\/blog\/#website"},"primaryImageOfPage":{"@id":"https:\/\/agenciainfra.com\/blog\/petroreconcavo-compra-participacao-em-ativos-de-gas-da-brava-energia\/#primaryimage"},"image":{"@id":"https:\/\/agenciainfra.com\/blog\/petroreconcavo-compra-participacao-em-ativos-de-gas-da-brava-energia\/#primaryimage"},"thumbnailUrl":"https:\/\/agenciainfra.com\/blog\/wp-content\/uploads\/2025\/06\/gas-natural-foto-agencia-petrobras.jpeg","datePublished":"2025-09-30T23:21:00+00:00","dateModified":"2025-10-01T13:37:24+00:00","breadcrumb":{"@id":"https:\/\/agenciainfra.com\/blog\/petroreconcavo-compra-participacao-em-ativos-de-gas-da-brava-energia\/#breadcrumb"},"inLanguage":"pt-BR","potentialAction":[{"@type":"ReadAction","target":["https:\/\/agenciainfra.com\/blog\/petroreconcavo-compra-participacao-em-ativos-de-gas-da-brava-energia\/"]}]},{"@type":"ImageObject","inLanguage":"pt-BR","@id":"https:\/\/agenciainfra.com\/blog\/petroreconcavo-compra-participacao-em-ativos-de-gas-da-brava-energia\/#primaryimage","url":"https:\/\/agenciainfra.com\/blog\/wp-content\/uploads\/2025\/06\/gas-natural-foto-agencia-petrobras.jpeg","contentUrl":"https:\/\/agenciainfra.com\/blog\/wp-content\/uploads\/2025\/06\/gas-natural-foto-agencia-petrobras.jpeg","width":1170,"height":700,"caption":"Foto: Ag\u00eancia Petrobras"},{"@type":"BreadcrumbList","@id":"https:\/\/agenciainfra.com\/blog\/petroreconcavo-compra-participacao-em-ativos-de-gas-da-brava-energia\/#breadcrumb","itemListElement":[{"@type":"ListItem","position":1,"name":"In\u00edcio","item":"https:\/\/agenciainfra.com\/blog\/"},{"@type":"ListItem","position":2,"name":"PetroReconcavo compra participa\u00e7\u00e3o em ativos de g\u00e1s da Brava Energia\u00a0"}]},{"@type":"WebSite","@id":"https:\/\/agenciainfra.com\/blog\/#website","url":"https:\/\/agenciainfra.com\/blog\/","name":"Ag\u00eancia iNFRA","description":"Multiplataforma de informa\u00e7\u00e3o jornal\u00edstica refer\u00eancia na \u00e1rea de infraestrutura no Brasil!","publisher":{"@id":"https:\/\/agenciainfra.com\/blog\/#organization"},"potentialAction":[{"@type":"SearchAction","target":{"@type":"EntryPoint","urlTemplate":"https:\/\/agenciainfra.com\/blog\/?s={search_term_string}"},"query-input":{"@type":"PropertyValueSpecification","valueRequired":true,"valueName":"search_term_string"}}],"inLanguage":"pt-BR"},{"@type":"Organization","@id":"https:\/\/agenciainfra.com\/blog\/#organization","name":"Ag\u00eancia iNFRA","url":"https:\/\/agenciainfra.com\/blog\/","logo":{"@type":"ImageObject","inLanguage":"pt-BR","@id":"https:\/\/agenciainfra.com\/blog\/#\/schema\/logo\/image\/","url":"https:\/\/agenciainfra.com\/blog\/wp-content\/uploads\/2023\/09\/iNFRA_5-e1761735885940.png","contentUrl":"https:\/\/agenciainfra.com\/blog\/wp-content\/uploads\/2023\/09\/iNFRA_5-e1761735885940.png","width":1672,"height":454,"caption":"Ag\u00eancia iNFRA"},"image":{"@id":"https:\/\/agenciainfra.com\/blog\/#\/schema\/logo\/image\/"},"sameAs":["https:\/\/www.facebook.com\/ageninfra","https:\/\/x.com\/agencia_infra","https:\/\/www.linkedin.com\/company\/ag\u00eanciainfra\/","https:\/\/www.instagram.com\/agenciainfra\/"]},{"@type":"Person","@id":"https:\/\/agenciainfra.com\/blog\/#\/schema\/person\/34af08dff6adea4cb22b06612ba7acfa","name":"Ag\u00eancia iNFRA","image":{"@type":"ImageObject","inLanguage":"pt-BR","@id":"https:\/\/agenciainfra.com\/blog\/#\/schema\/person\/image\/","url":"https:\/\/secure.gravatar.com\/avatar\/d189e01678f06d8eb84d4e01f08eb848b3fffe3f8443818d3c356c66892f5be8?s=96&d=mm&r=g","contentUrl":"https:\/\/secure.gravatar.com\/avatar\/d189e01678f06d8eb84d4e01f08eb848b3fffe3f8443818d3c356c66892f5be8?s=96&d=mm&r=g","caption":"Ag\u00eancia iNFRA"},"url":"https:\/\/agenciainfra.com\/blog\/author\/admin\/"}]}},"_links":{"self":[{"href":"https:\/\/agenciainfra.com\/blog\/wp-json\/wp\/v2\/posts\/28990","targetHints":{"allow":["GET"]}}],"collection":[{"href":"https:\/\/agenciainfra.com\/blog\/wp-json\/wp\/v2\/posts"}],"about":[{"href":"https:\/\/agenciainfra.com\/blog\/wp-json\/wp\/v2\/types\/post"}],"author":[{"embeddable":true,"href":"https:\/\/agenciainfra.com\/blog\/wp-json\/wp\/v2\/users\/1"}],"replies":[{"embeddable":true,"href":"https:\/\/agenciainfra.com\/blog\/wp-json\/wp\/v2\/comments?post=28990"}],"version-history":[{"count":1,"href":"https:\/\/agenciainfra.com\/blog\/wp-json\/wp\/v2\/posts\/28990\/revisions"}],"predecessor-version":[{"id":28991,"href":"https:\/\/agenciainfra.com\/blog\/wp-json\/wp\/v2\/posts\/28990\/revisions\/28991"}],"wp:featuredmedia":[{"embeddable":true,"href":"https:\/\/agenciainfra.com\/blog\/wp-json\/wp\/v2\/media\/22550"}],"wp:attachment":[{"href":"https:\/\/agenciainfra.com\/blog\/wp-json\/wp\/v2\/media?parent=28990"}],"wp:term":[{"taxonomy":"category","embeddable":true,"href":"https:\/\/agenciainfra.com\/blog\/wp-json\/wp\/v2\/categories?post=28990"},{"taxonomy":"post_tag","embeddable":true,"href":"https:\/\/agenciainfra.com\/blog\/wp-json\/wp\/v2\/tags?post=28990"}],"curies":[{"name":"wp","href":"https:\/\/api.w.org\/{rel}","templated":true}]}}