{"id":29071,"date":"2025-10-01T12:40:19","date_gmt":"2025-10-01T15:40:19","guid":{"rendered":"https:\/\/agenciainfra.com\/blog\/?p=29071"},"modified":"2025-10-02T10:12:44","modified_gmt":"2025-10-02T13:12:44","slug":"governo-cria-grupo-de-trabalho-para-regulamentar-eolicas-offshore","status":"publish","type":"post","link":"https:\/\/agenciainfra.com\/blog\/governo-cria-grupo-de-trabalho-para-regulamentar-eolicas-offshore\/","title":{"rendered":"Governo cria grupo de trabalho para regulamentar e\u00f3licas offshore"},"content":{"rendered":"\n<p class=\"has-text-align-right\"><strong>Geraldo Campos Jr., da Ag\u00eancia iNFRA<\/strong><\/p>\n\n\n\n<p>O CNPE (Conselho Nacional de Pol\u00edtica Energ\u00e9tica) aprovou nesta quarta-feira (1\u00ba) resolu\u00e7\u00e3o para criar um grupo de trabalho para regulamentar a Lei das E\u00f3licas Offshore (<a href=\"https:\/\/www.planalto.gov.br\/ccivil_03\/_ato2023-2026\/2025\/lei\/l15097.htm\">Lei 15.097\/2025<\/a>), que permite a explora\u00e7\u00e3o e\u00f3lica em alto mar.<\/p>\n\n\n\n<p>Segundo <a href=\"https:\/\/www.gov.br\/mme\/pt-br\/assuntos\/noticias\/governo-formaliza-o-grupo-de-trabalho-para-regulamentar-energia-eolica-offshore-no-brasil\">nota do MME<\/a> (Minist\u00e9rio de Minas e Energia), o grupo deve estabelecer as medidas infralegais para tratar de temas como: defini\u00e7\u00e3o locacional dos projetos, regras para solicita\u00e7\u00e3o de DIP (Declara\u00e7\u00e3o de Interfer\u00eancia Pr\u00e9via), crit\u00e9rios de qualifica\u00e7\u00e3o t\u00e9cnica e econ\u00f4mico-financeira, dentre outros.<\/p>\n\n\n\n<p>O secret\u00e1rio de Planejamento e Transi\u00e7\u00e3o Energ\u00e9tica, Gustavo Ata\u00edde, explicou que o grupo j\u00e1 tem tr\u00eas entregas previstas. \u201cA primeira, para dezembro, ser\u00e1 apresentar uma proposta com diretrizes que o CNPE precisar dar para regulamentar a lei. Depois, em maio de 2026, o GT ter\u00e1 que apresentar proposta de decreto ao CNPE. E at\u00e9 o final do primeiro semestre de 2026, um relat\u00f3rio mais amplo sobre o tema.\u201d<\/p>\n\n\n\n<p>O GT ter\u00e1 a participa\u00e7\u00e3o fixa de 23 institui\u00e7\u00f5es p\u00fablicas, entre minist\u00e9rios, ag\u00eancias reguladoras, governos estaduais e \u00f3rg\u00e3os ambientais. Tamb\u00e9m haver\u00e1 possibilidade de participa\u00e7\u00e3o eventual de agentes privados como convidados. O prazo m\u00e1ximo para realiza\u00e7\u00e3o das atividades do grupo ser\u00e1 de 270 dias.<\/p>\n","protected":false},"excerpt":{"rendered":"<p>Geraldo Campos Jr., da Ag\u00eancia iNFRA O CNPE (Conselho Nacional de Pol\u00edtica Energ\u00e9tica) aprovou nesta quarta-feira (1\u00ba) resolu\u00e7\u00e3o para criar um grupo de trabalho para regulamentar a Lei das E\u00f3licas Offshore (Lei 15.097\/2025), que permite a explora\u00e7\u00e3o e\u00f3lica em alto mar. Segundo nota do MME (Minist\u00e9rio de Minas e Energia), o grupo deve estabelecer as [&hellip;]<\/p>\n","protected":false},"author":1,"featured_media":29038,"comment_status":"closed","ping_status":"closed","sticky":false,"template":"","format":"standard","meta":{"_monsterinsights_skip_tracking":false,"_monsterinsights_sitenote_active":false,"_monsterinsights_sitenote_note":"","_monsterinsights_sitenote_category":0,"footnotes":""},"categories":[7250,1,10],"tags":[3004,6015,11594,14087,96,71,15774],"class_list":["post-29071","post","type-post","status-publish","format-standard","has-post-thumbnail","hentry","category-destaque-lista","category-geral","category-infraenergia","tag-cnpe","tag-eolicas-offshore","tag-geraldo-campos-jr","tag-gustavo-ataide","tag-ministerio-de-minas-e-energia","tag-mme","tag-secretario-de-planejamento-e-transicao-energetica"],"yoast_head":"<!-- This site is optimized with the Yoast SEO Premium plugin v25.4 (Yoast SEO v26.0) - https:\/\/yoast.com\/wordpress\/plugins\/seo\/ -->\n<title>Governo cria grupo de trabalho para regulamentar e\u00f3licas offshore - Ag\u00eancia iNFRA<\/title>\n<meta name=\"robots\" content=\"index, follow, max-snippet:-1, max-image-preview:large, max-video-preview:-1\" \/>\n<link rel=\"canonical\" href=\"https:\/\/agenciainfra.com\/blog\/governo-cria-grupo-de-trabalho-para-regulamentar-eolicas-offshore\/\" \/>\n<meta property=\"og:locale\" content=\"pt_BR\" \/>\n<meta property=\"og:type\" content=\"article\" \/>\n<meta property=\"og:title\" content=\"Governo cria grupo de trabalho para regulamentar e\u00f3licas offshore\" \/>\n<meta property=\"og:description\" content=\"Geraldo Campos Jr., da Ag\u00eancia iNFRA O CNPE (Conselho Nacional de Pol\u00edtica Energ\u00e9tica) aprovou nesta quarta-feira (1\u00ba) resolu\u00e7\u00e3o para criar um grupo de trabalho para regulamentar a Lei das E\u00f3licas Offshore (Lei 15.097\/2025), que permite a explora\u00e7\u00e3o e\u00f3lica em alto mar. Segundo nota do MME (Minist\u00e9rio de Minas e Energia), o grupo deve estabelecer as [&hellip;]\" \/>\n<meta property=\"og:url\" content=\"https:\/\/agenciainfra.com\/blog\/governo-cria-grupo-de-trabalho-para-regulamentar-eolicas-offshore\/\" \/>\n<meta property=\"og:site_name\" content=\"Ag\u00eancia iNFRA\" \/>\n<meta property=\"article:publisher\" content=\"https:\/\/www.facebook.com\/ageninfra\" \/>\n<meta property=\"article:published_time\" content=\"2025-10-01T15:40:19+00:00\" \/>\n<meta property=\"article:modified_time\" content=\"2025-10-02T13:12:44+00:00\" \/>\n<meta property=\"og:image\" content=\"https:\/\/agenciainfra.com\/blog\/wp-content\/uploads\/2025\/10\/cnpe-foto-tauan-alencar-mme-18-scaled.jpg\" \/>\n\t<meta property=\"og:image:width\" content=\"2560\" \/>\n\t<meta property=\"og:image:height\" content=\"1707\" \/>\n\t<meta property=\"og:image:type\" content=\"image\/jpeg\" \/>\n<meta name=\"author\" content=\"Ag\u00eancia iNFRA\" \/>\n<meta name=\"twitter:card\" content=\"summary_large_image\" \/>\n<meta name=\"twitter:creator\" content=\"@agencia_infra\" \/>\n<meta name=\"twitter:site\" content=\"@agencia_infra\" \/>\n<meta name=\"twitter:label1\" content=\"Escrito por\" \/>\n\t<meta name=\"twitter:data1\" content=\"Ag\u00eancia iNFRA\" \/>\n\t<meta name=\"twitter:label2\" content=\"Est. tempo de leitura\" \/>\n\t<meta name=\"twitter:data2\" content=\"1 minuto\" \/>\n<script type=\"application\/ld+json\" class=\"yoast-schema-graph\">{\"@context\":\"https:\/\/schema.org\",\"@graph\":[{\"@type\":\"Article\",\"@id\":\"https:\/\/agenciainfra.com\/blog\/governo-cria-grupo-de-trabalho-para-regulamentar-eolicas-offshore\/#article\",\"isPartOf\":{\"@id\":\"https:\/\/agenciainfra.com\/blog\/governo-cria-grupo-de-trabalho-para-regulamentar-eolicas-offshore\/\"},\"author\":{\"name\":\"Ag\u00eancia iNFRA\",\"@id\":\"https:\/\/agenciainfra.com\/blog\/#\/schema\/person\/34af08dff6adea4cb22b06612ba7acfa\"},\"headline\":\"Governo cria grupo de trabalho para regulamentar e\u00f3licas offshore\",\"datePublished\":\"2025-10-01T15:40:19+00:00\",\"dateModified\":\"2025-10-02T13:12:44+00:00\",\"mainEntityOfPage\":{\"@id\":\"https:\/\/agenciainfra.com\/blog\/governo-cria-grupo-de-trabalho-para-regulamentar-eolicas-offshore\/\"},\"wordCount\":231,\"publisher\":{\"@id\":\"https:\/\/agenciainfra.com\/blog\/#organization\"},\"image\":{\"@id\":\"https:\/\/agenciainfra.com\/blog\/governo-cria-grupo-de-trabalho-para-regulamentar-eolicas-offshore\/#primaryimage\"},\"thumbnailUrl\":\"https:\/\/agenciainfra.com\/blog\/wp-content\/uploads\/2025\/10\/cnpe-foto-tauan-alencar-mme-18-scaled.jpg\",\"keywords\":[\"CNPE\",\"e\u00f3licas offshore\",\"Geraldo Campos Jr.\",\"Gustavo Ata\u00edde\",\"Minist\u00e9rio de Minas e Energia\",\"MME\",\"Secret\u00e1rio de Planejamento e Transi\u00e7\u00e3o Energ\u00e9tica\"],\"articleSection\":[\"Destaque lista\",\"Geral\",\"iNFRAEnergia\"],\"inLanguage\":\"pt-BR\",\"copyrightYear\":\"2025\",\"copyrightHolder\":{\"@id\":\"https:\/\/agenciainfra.com\/blog\/#organization\"}},{\"@type\":\"WebPage\",\"@id\":\"https:\/\/agenciainfra.com\/blog\/governo-cria-grupo-de-trabalho-para-regulamentar-eolicas-offshore\/\",\"url\":\"https:\/\/agenciainfra.com\/blog\/governo-cria-grupo-de-trabalho-para-regulamentar-eolicas-offshore\/\",\"name\":\"Governo cria grupo de trabalho para regulamentar e\u00f3licas offshore - Ag\u00eancia iNFRA\",\"isPartOf\":{\"@id\":\"https:\/\/agenciainfra.com\/blog\/#website\"},\"primaryImageOfPage\":{\"@id\":\"https:\/\/agenciainfra.com\/blog\/governo-cria-grupo-de-trabalho-para-regulamentar-eolicas-offshore\/#primaryimage\"},\"image\":{\"@id\":\"https:\/\/agenciainfra.com\/blog\/governo-cria-grupo-de-trabalho-para-regulamentar-eolicas-offshore\/#primaryimage\"},\"thumbnailUrl\":\"https:\/\/agenciainfra.com\/blog\/wp-content\/uploads\/2025\/10\/cnpe-foto-tauan-alencar-mme-18-scaled.jpg\",\"datePublished\":\"2025-10-01T15:40:19+00:00\",\"dateModified\":\"2025-10-02T13:12:44+00:00\",\"breadcrumb\":{\"@id\":\"https:\/\/agenciainfra.com\/blog\/governo-cria-grupo-de-trabalho-para-regulamentar-eolicas-offshore\/#breadcrumb\"},\"inLanguage\":\"pt-BR\",\"potentialAction\":[{\"@type\":\"ReadAction\",\"target\":[\"https:\/\/agenciainfra.com\/blog\/governo-cria-grupo-de-trabalho-para-regulamentar-eolicas-offshore\/\"]}]},{\"@type\":\"ImageObject\",\"inLanguage\":\"pt-BR\",\"@id\":\"https:\/\/agenciainfra.com\/blog\/governo-cria-grupo-de-trabalho-para-regulamentar-eolicas-offshore\/#primaryimage\",\"url\":\"https:\/\/agenciainfra.com\/blog\/wp-content\/uploads\/2025\/10\/cnpe-foto-tauan-alencar-mme-18-scaled.jpg\",\"contentUrl\":\"https:\/\/agenciainfra.com\/blog\/wp-content\/uploads\/2025\/10\/cnpe-foto-tauan-alencar-mme-18-scaled.jpg\",\"width\":2560,\"height\":1707,\"caption\":\"Foto: Tauan Alencar\/MME\"},{\"@type\":\"BreadcrumbList\",\"@id\":\"https:\/\/agenciainfra.com\/blog\/governo-cria-grupo-de-trabalho-para-regulamentar-eolicas-offshore\/#breadcrumb\",\"itemListElement\":[{\"@type\":\"ListItem\",\"position\":1,\"name\":\"In\u00edcio\",\"item\":\"https:\/\/agenciainfra.com\/blog\/\"},{\"@type\":\"ListItem\",\"position\":2,\"name\":\"Governo cria grupo de trabalho para regulamentar e\u00f3licas offshore\"}]},{\"@type\":\"WebSite\",\"@id\":\"https:\/\/agenciainfra.com\/blog\/#website\",\"url\":\"https:\/\/agenciainfra.com\/blog\/\",\"name\":\"Ag\u00eancia iNFRA\",\"description\":\"Multiplataforma de informa\u00e7\u00e3o jornal\u00edstica refer\u00eancia na \u00e1rea de infraestrutura no Brasil!\",\"publisher\":{\"@id\":\"https:\/\/agenciainfra.com\/blog\/#organization\"},\"potentialAction\":[{\"@type\":\"SearchAction\",\"target\":{\"@type\":\"EntryPoint\",\"urlTemplate\":\"https:\/\/agenciainfra.com\/blog\/?s={search_term_string}\"},\"query-input\":{\"@type\":\"PropertyValueSpecification\",\"valueRequired\":true,\"valueName\":\"search_term_string\"}}],\"inLanguage\":\"pt-BR\"},{\"@type\":\"Organization\",\"@id\":\"https:\/\/agenciainfra.com\/blog\/#organization\",\"name\":\"Ag\u00eancia iNFRA\",\"url\":\"https:\/\/agenciainfra.com\/blog\/\",\"logo\":{\"@type\":\"ImageObject\",\"inLanguage\":\"pt-BR\",\"@id\":\"https:\/\/agenciainfra.com\/blog\/#\/schema\/logo\/image\/\",\"url\":\"https:\/\/agenciainfra.com\/blog\/wp-content\/uploads\/2023\/09\/iNFRA_5-e1761735885940.png\",\"contentUrl\":\"https:\/\/agenciainfra.com\/blog\/wp-content\/uploads\/2023\/09\/iNFRA_5-e1761735885940.png\",\"width\":1672,\"height\":454,\"caption\":\"Ag\u00eancia iNFRA\"},\"image\":{\"@id\":\"https:\/\/agenciainfra.com\/blog\/#\/schema\/logo\/image\/\"},\"sameAs\":[\"https:\/\/www.facebook.com\/ageninfra\",\"https:\/\/x.com\/agencia_infra\",\"https:\/\/www.linkedin.com\/company\/ag\u00eanciainfra\/\",\"https:\/\/www.instagram.com\/agenciainfra\/\"]},{\"@type\":\"Person\",\"@id\":\"https:\/\/agenciainfra.com\/blog\/#\/schema\/person\/34af08dff6adea4cb22b06612ba7acfa\",\"name\":\"Ag\u00eancia iNFRA\",\"image\":{\"@type\":\"ImageObject\",\"inLanguage\":\"pt-BR\",\"@id\":\"https:\/\/agenciainfra.com\/blog\/#\/schema\/person\/image\/\",\"url\":\"https:\/\/secure.gravatar.com\/avatar\/d189e01678f06d8eb84d4e01f08eb848b3fffe3f8443818d3c356c66892f5be8?s=96&d=mm&r=g\",\"contentUrl\":\"https:\/\/secure.gravatar.com\/avatar\/d189e01678f06d8eb84d4e01f08eb848b3fffe3f8443818d3c356c66892f5be8?s=96&d=mm&r=g\",\"caption\":\"Ag\u00eancia iNFRA\"},\"url\":\"https:\/\/agenciainfra.com\/blog\/author\/admin\/\"}]}<\/script>\n<!-- \/ Yoast SEO Premium plugin. -->","yoast_head_json":{"title":"Governo cria grupo de trabalho para regulamentar e\u00f3licas offshore - Ag\u00eancia iNFRA","robots":{"index":"index","follow":"follow","max-snippet":"max-snippet:-1","max-image-preview":"max-image-preview:large","max-video-preview":"max-video-preview:-1"},"canonical":"https:\/\/agenciainfra.com\/blog\/governo-cria-grupo-de-trabalho-para-regulamentar-eolicas-offshore\/","og_locale":"pt_BR","og_type":"article","og_title":"Governo cria grupo de trabalho para regulamentar e\u00f3licas offshore","og_description":"Geraldo Campos Jr., da Ag\u00eancia iNFRA O CNPE (Conselho Nacional de Pol\u00edtica Energ\u00e9tica) aprovou nesta quarta-feira (1\u00ba) resolu\u00e7\u00e3o para criar um grupo de trabalho para regulamentar a Lei das E\u00f3licas Offshore (Lei 15.097\/2025), que permite a explora\u00e7\u00e3o e\u00f3lica em alto mar. Segundo nota do MME (Minist\u00e9rio de Minas e Energia), o grupo deve estabelecer as [&hellip;]","og_url":"https:\/\/agenciainfra.com\/blog\/governo-cria-grupo-de-trabalho-para-regulamentar-eolicas-offshore\/","og_site_name":"Ag\u00eancia iNFRA","article_publisher":"https:\/\/www.facebook.com\/ageninfra","article_published_time":"2025-10-01T15:40:19+00:00","article_modified_time":"2025-10-02T13:12:44+00:00","og_image":[{"width":2560,"height":1707,"url":"https:\/\/agenciainfra.com\/blog\/wp-content\/uploads\/2025\/10\/cnpe-foto-tauan-alencar-mme-18-scaled.jpg","type":"image\/jpeg"}],"author":"Ag\u00eancia iNFRA","twitter_card":"summary_large_image","twitter_creator":"@agencia_infra","twitter_site":"@agencia_infra","twitter_misc":{"Escrito por":"Ag\u00eancia iNFRA","Est. tempo de leitura":"1 minuto"},"schema":{"@context":"https:\/\/schema.org","@graph":[{"@type":"Article","@id":"https:\/\/agenciainfra.com\/blog\/governo-cria-grupo-de-trabalho-para-regulamentar-eolicas-offshore\/#article","isPartOf":{"@id":"https:\/\/agenciainfra.com\/blog\/governo-cria-grupo-de-trabalho-para-regulamentar-eolicas-offshore\/"},"author":{"name":"Ag\u00eancia iNFRA","@id":"https:\/\/agenciainfra.com\/blog\/#\/schema\/person\/34af08dff6adea4cb22b06612ba7acfa"},"headline":"Governo cria grupo de trabalho para regulamentar e\u00f3licas offshore","datePublished":"2025-10-01T15:40:19+00:00","dateModified":"2025-10-02T13:12:44+00:00","mainEntityOfPage":{"@id":"https:\/\/agenciainfra.com\/blog\/governo-cria-grupo-de-trabalho-para-regulamentar-eolicas-offshore\/"},"wordCount":231,"publisher":{"@id":"https:\/\/agenciainfra.com\/blog\/#organization"},"image":{"@id":"https:\/\/agenciainfra.com\/blog\/governo-cria-grupo-de-trabalho-para-regulamentar-eolicas-offshore\/#primaryimage"},"thumbnailUrl":"https:\/\/agenciainfra.com\/blog\/wp-content\/uploads\/2025\/10\/cnpe-foto-tauan-alencar-mme-18-scaled.jpg","keywords":["CNPE","e\u00f3licas offshore","Geraldo Campos Jr.","Gustavo Ata\u00edde","Minist\u00e9rio de Minas e Energia","MME","Secret\u00e1rio de Planejamento e Transi\u00e7\u00e3o Energ\u00e9tica"],"articleSection":["Destaque lista","Geral","iNFRAEnergia"],"inLanguage":"pt-BR","copyrightYear":"2025","copyrightHolder":{"@id":"https:\/\/agenciainfra.com\/blog\/#organization"}},{"@type":"WebPage","@id":"https:\/\/agenciainfra.com\/blog\/governo-cria-grupo-de-trabalho-para-regulamentar-eolicas-offshore\/","url":"https:\/\/agenciainfra.com\/blog\/governo-cria-grupo-de-trabalho-para-regulamentar-eolicas-offshore\/","name":"Governo cria grupo de trabalho para regulamentar e\u00f3licas offshore - Ag\u00eancia iNFRA","isPartOf":{"@id":"https:\/\/agenciainfra.com\/blog\/#website"},"primaryImageOfPage":{"@id":"https:\/\/agenciainfra.com\/blog\/governo-cria-grupo-de-trabalho-para-regulamentar-eolicas-offshore\/#primaryimage"},"image":{"@id":"https:\/\/agenciainfra.com\/blog\/governo-cria-grupo-de-trabalho-para-regulamentar-eolicas-offshore\/#primaryimage"},"thumbnailUrl":"https:\/\/agenciainfra.com\/blog\/wp-content\/uploads\/2025\/10\/cnpe-foto-tauan-alencar-mme-18-scaled.jpg","datePublished":"2025-10-01T15:40:19+00:00","dateModified":"2025-10-02T13:12:44+00:00","breadcrumb":{"@id":"https:\/\/agenciainfra.com\/blog\/governo-cria-grupo-de-trabalho-para-regulamentar-eolicas-offshore\/#breadcrumb"},"inLanguage":"pt-BR","potentialAction":[{"@type":"ReadAction","target":["https:\/\/agenciainfra.com\/blog\/governo-cria-grupo-de-trabalho-para-regulamentar-eolicas-offshore\/"]}]},{"@type":"ImageObject","inLanguage":"pt-BR","@id":"https:\/\/agenciainfra.com\/blog\/governo-cria-grupo-de-trabalho-para-regulamentar-eolicas-offshore\/#primaryimage","url":"https:\/\/agenciainfra.com\/blog\/wp-content\/uploads\/2025\/10\/cnpe-foto-tauan-alencar-mme-18-scaled.jpg","contentUrl":"https:\/\/agenciainfra.com\/blog\/wp-content\/uploads\/2025\/10\/cnpe-foto-tauan-alencar-mme-18-scaled.jpg","width":2560,"height":1707,"caption":"Foto: Tauan Alencar\/MME"},{"@type":"BreadcrumbList","@id":"https:\/\/agenciainfra.com\/blog\/governo-cria-grupo-de-trabalho-para-regulamentar-eolicas-offshore\/#breadcrumb","itemListElement":[{"@type":"ListItem","position":1,"name":"In\u00edcio","item":"https:\/\/agenciainfra.com\/blog\/"},{"@type":"ListItem","position":2,"name":"Governo cria grupo de trabalho para regulamentar e\u00f3licas offshore"}]},{"@type":"WebSite","@id":"https:\/\/agenciainfra.com\/blog\/#website","url":"https:\/\/agenciainfra.com\/blog\/","name":"Ag\u00eancia iNFRA","description":"Multiplataforma de informa\u00e7\u00e3o jornal\u00edstica refer\u00eancia na \u00e1rea de infraestrutura no Brasil!","publisher":{"@id":"https:\/\/agenciainfra.com\/blog\/#organization"},"potentialAction":[{"@type":"SearchAction","target":{"@type":"EntryPoint","urlTemplate":"https:\/\/agenciainfra.com\/blog\/?s={search_term_string}"},"query-input":{"@type":"PropertyValueSpecification","valueRequired":true,"valueName":"search_term_string"}}],"inLanguage":"pt-BR"},{"@type":"Organization","@id":"https:\/\/agenciainfra.com\/blog\/#organization","name":"Ag\u00eancia iNFRA","url":"https:\/\/agenciainfra.com\/blog\/","logo":{"@type":"ImageObject","inLanguage":"pt-BR","@id":"https:\/\/agenciainfra.com\/blog\/#\/schema\/logo\/image\/","url":"https:\/\/agenciainfra.com\/blog\/wp-content\/uploads\/2023\/09\/iNFRA_5-e1761735885940.png","contentUrl":"https:\/\/agenciainfra.com\/blog\/wp-content\/uploads\/2023\/09\/iNFRA_5-e1761735885940.png","width":1672,"height":454,"caption":"Ag\u00eancia iNFRA"},"image":{"@id":"https:\/\/agenciainfra.com\/blog\/#\/schema\/logo\/image\/"},"sameAs":["https:\/\/www.facebook.com\/ageninfra","https:\/\/x.com\/agencia_infra","https:\/\/www.linkedin.com\/company\/ag\u00eanciainfra\/","https:\/\/www.instagram.com\/agenciainfra\/"]},{"@type":"Person","@id":"https:\/\/agenciainfra.com\/blog\/#\/schema\/person\/34af08dff6adea4cb22b06612ba7acfa","name":"Ag\u00eancia iNFRA","image":{"@type":"ImageObject","inLanguage":"pt-BR","@id":"https:\/\/agenciainfra.com\/blog\/#\/schema\/person\/image\/","url":"https:\/\/secure.gravatar.com\/avatar\/d189e01678f06d8eb84d4e01f08eb848b3fffe3f8443818d3c356c66892f5be8?s=96&d=mm&r=g","contentUrl":"https:\/\/secure.gravatar.com\/avatar\/d189e01678f06d8eb84d4e01f08eb848b3fffe3f8443818d3c356c66892f5be8?s=96&d=mm&r=g","caption":"Ag\u00eancia iNFRA"},"url":"https:\/\/agenciainfra.com\/blog\/author\/admin\/"}]}},"_links":{"self":[{"href":"https:\/\/agenciainfra.com\/blog\/wp-json\/wp\/v2\/posts\/29071","targetHints":{"allow":["GET"]}}],"collection":[{"href":"https:\/\/agenciainfra.com\/blog\/wp-json\/wp\/v2\/posts"}],"about":[{"href":"https:\/\/agenciainfra.com\/blog\/wp-json\/wp\/v2\/types\/post"}],"author":[{"embeddable":true,"href":"https:\/\/agenciainfra.com\/blog\/wp-json\/wp\/v2\/users\/1"}],"replies":[{"embeddable":true,"href":"https:\/\/agenciainfra.com\/blog\/wp-json\/wp\/v2\/comments?post=29071"}],"version-history":[{"count":2,"href":"https:\/\/agenciainfra.com\/blog\/wp-json\/wp\/v2\/posts\/29071\/revisions"}],"predecessor-version":[{"id":29094,"href":"https:\/\/agenciainfra.com\/blog\/wp-json\/wp\/v2\/posts\/29071\/revisions\/29094"}],"wp:featuredmedia":[{"embeddable":true,"href":"https:\/\/agenciainfra.com\/blog\/wp-json\/wp\/v2\/media\/29038"}],"wp:attachment":[{"href":"https:\/\/agenciainfra.com\/blog\/wp-json\/wp\/v2\/media?parent=29071"}],"wp:term":[{"taxonomy":"category","embeddable":true,"href":"https:\/\/agenciainfra.com\/blog\/wp-json\/wp\/v2\/categories?post=29071"},{"taxonomy":"post_tag","embeddable":true,"href":"https:\/\/agenciainfra.com\/blog\/wp-json\/wp\/v2\/tags?post=29071"}],"curies":[{"name":"wp","href":"https:\/\/api.w.org\/{rel}","templated":true}]}}