{"id":29072,"date":"2025-10-01T13:00:00","date_gmt":"2025-10-01T16:00:00","guid":{"rendered":"https:\/\/agenciainfra.com\/blog\/?p=29072"},"modified":"2025-10-02T20:33:05","modified_gmt":"2025-10-02T23:33:05","slug":"cnpe-amplia-para-90-metros-cota-de-operacao-da-hidreletrica-de-jirau","status":"publish","type":"post","link":"https:\/\/agenciainfra.com\/blog\/cnpe-amplia-para-90-metros-cota-de-operacao-da-hidreletrica-de-jirau\/","title":{"rendered":"CNPE amplia para 90 metros cota de opera\u00e7\u00e3o da hidrel\u00e9trica de Jirau"},"content":{"rendered":"\n<p class=\"has-text-align-right\"><strong>Geraldo Campos Jr., da Ag\u00eancia iNFRA<\/strong><\/p>\n\n\n\n<p>O CNPE (Conselho Nacional de Pol\u00edtica Energ\u00e9tica) aprovou nesta quarta-feira (1\u00b0) resolu\u00e7\u00e3o que autoriza a eleva\u00e7\u00e3o da cota de opera\u00e7\u00e3o do reservat\u00f3rio da usina hidrel\u00e9trica de Jirau para 90 metros. A amplia\u00e7\u00e3o resultar\u00e1 numa capacidade adicional de gera\u00e7\u00e3o de 236,5 MWmed (megawatts m\u00e9dios) pela usina.<\/p>\n\n\n\n<p>A decis\u00e3o referenda o acordo firmado em maio de 2024 entre Brasil e a Bol\u00edvia, que prev\u00ea destina\u00e7\u00e3o de um ter\u00e7o da energia adicional ao pa\u00eds vizinho como compensa\u00e7\u00e3o pela redu\u00e7\u00e3o da libera\u00e7\u00e3o de \u00e1gua para o Rio Madeira. O restante poder\u00e1 ser comercializado pela usina no mercado brasileiro, incluindo no mercado livre.<\/p>\n\n\n\n<p>\u201cJirau opera hoje basicamente espelhando o rio. Ent\u00e3o o reservat\u00f3rio varia ao longo do ano entre 82 e 90 metros, na seca e na cheia. O que est\u00e1 sendo aprovado \u00e9 operar constantemente na cota 90 metros, com essa compensa\u00e7\u00e3o para a Bol\u00edvia, porque tem rebatimentos no territ\u00f3rio boliviano\u201d, explicou o secret\u00e1rio de Planejamento e Transi\u00e7\u00e3o Energ\u00e9tica do MME (Minist\u00e9rio de Minas e Energia), Gustavo Ata\u00edde.<\/p>\n","protected":false},"excerpt":{"rendered":"<p>Geraldo Campos Jr., da Ag\u00eancia iNFRA O CNPE (Conselho Nacional de Pol\u00edtica Energ\u00e9tica) aprovou nesta quarta-feira (1\u00b0) resolu\u00e7\u00e3o que autoriza a eleva\u00e7\u00e3o da cota de opera\u00e7\u00e3o do reservat\u00f3rio da usina hidrel\u00e9trica de Jirau para 90 metros. A amplia\u00e7\u00e3o resultar\u00e1 numa capacidade adicional de gera\u00e7\u00e3o de 236,5 MWmed (megawatts m\u00e9dios) pela usina. A decis\u00e3o referenda o [&hellip;]<\/p>\n","protected":false},"author":1,"featured_media":29074,"comment_status":"closed","ping_status":"closed","sticky":false,"template":"","format":"standard","meta":{"_monsterinsights_skip_tracking":false,"_monsterinsights_sitenote_active":false,"_monsterinsights_sitenote_note":"","_monsterinsights_sitenote_category":0,"footnotes":""},"categories":[1,10],"tags":[3004,282,11594,13897,4236,10656,4609],"class_list":["post-29072","post","type-post","status-publish","format-standard","has-post-thumbnail","hentry","category-geral","category-infraenergia","tag-cnpe","tag-energia-eletrica","tag-geraldo-campos-jr","tag-reuniao-cnpe","tag-rio-madeira","tag-uhe-jirau","tag-usina-hidreletrica"],"yoast_head":"<!-- This site is optimized with the Yoast SEO Premium plugin v25.4 (Yoast SEO v26.0) - https:\/\/yoast.com\/wordpress\/plugins\/seo\/ -->\n<title>CNPE amplia para 90 metros cota de opera\u00e7\u00e3o da hidrel\u00e9trica de Jirau - Ag\u00eancia iNFRA<\/title>\n<meta name=\"robots\" content=\"index, follow, max-snippet:-1, max-image-preview:large, max-video-preview:-1\" \/>\n<link rel=\"canonical\" href=\"https:\/\/agenciainfra.com\/blog\/cnpe-amplia-para-90-metros-cota-de-operacao-da-hidreletrica-de-jirau\/\" \/>\n<meta property=\"og:locale\" content=\"pt_BR\" \/>\n<meta property=\"og:type\" content=\"article\" \/>\n<meta property=\"og:title\" content=\"CNPE amplia para 90 metros cota de opera\u00e7\u00e3o da hidrel\u00e9trica de Jirau\" \/>\n<meta property=\"og:description\" content=\"Geraldo Campos Jr., da Ag\u00eancia iNFRA O CNPE (Conselho Nacional de Pol\u00edtica Energ\u00e9tica) aprovou nesta quarta-feira (1\u00b0) resolu\u00e7\u00e3o que autoriza a eleva\u00e7\u00e3o da cota de opera\u00e7\u00e3o do reservat\u00f3rio da usina hidrel\u00e9trica de Jirau para 90 metros. A amplia\u00e7\u00e3o resultar\u00e1 numa capacidade adicional de gera\u00e7\u00e3o de 236,5 MWmed (megawatts m\u00e9dios) pela usina. A decis\u00e3o referenda o [&hellip;]\" \/>\n<meta property=\"og:url\" content=\"https:\/\/agenciainfra.com\/blog\/cnpe-amplia-para-90-metros-cota-de-operacao-da-hidreletrica-de-jirau\/\" \/>\n<meta property=\"og:site_name\" content=\"Ag\u00eancia iNFRA\" \/>\n<meta property=\"article:publisher\" content=\"https:\/\/www.facebook.com\/ageninfra\" \/>\n<meta property=\"article:published_time\" content=\"2025-10-01T16:00:00+00:00\" \/>\n<meta property=\"article:modified_time\" content=\"2025-10-02T23:33:05+00:00\" \/>\n<meta property=\"og:image\" content=\"https:\/\/agenciainfra.com\/blog\/wp-content\/uploads\/2025\/10\/uhe-jirau-foto-jirau-energia-e1759333509489.png\" \/>\n\t<meta property=\"og:image:width\" content=\"1280\" \/>\n\t<meta property=\"og:image:height\" content=\"720\" \/>\n\t<meta property=\"og:image:type\" content=\"image\/png\" \/>\n<meta name=\"author\" content=\"Ag\u00eancia iNFRA\" \/>\n<meta name=\"twitter:card\" content=\"summary_large_image\" \/>\n<meta name=\"twitter:creator\" content=\"@agencia_infra\" \/>\n<meta name=\"twitter:site\" content=\"@agencia_infra\" \/>\n<meta name=\"twitter:label1\" content=\"Escrito por\" \/>\n\t<meta name=\"twitter:data1\" content=\"Ag\u00eancia iNFRA\" \/>\n\t<meta name=\"twitter:label2\" content=\"Est. tempo de leitura\" \/>\n\t<meta name=\"twitter:data2\" content=\"1 minuto\" \/>\n<script type=\"application\/ld+json\" class=\"yoast-schema-graph\">{\"@context\":\"https:\/\/schema.org\",\"@graph\":[{\"@type\":\"Article\",\"@id\":\"https:\/\/agenciainfra.com\/blog\/cnpe-amplia-para-90-metros-cota-de-operacao-da-hidreletrica-de-jirau\/#article\",\"isPartOf\":{\"@id\":\"https:\/\/agenciainfra.com\/blog\/cnpe-amplia-para-90-metros-cota-de-operacao-da-hidreletrica-de-jirau\/\"},\"author\":{\"name\":\"Ag\u00eancia iNFRA\",\"@id\":\"https:\/\/agenciainfra.com\/blog\/#\/schema\/person\/34af08dff6adea4cb22b06612ba7acfa\"},\"headline\":\"CNPE amplia para 90 metros cota de opera\u00e7\u00e3o da hidrel\u00e9trica de Jirau\",\"datePublished\":\"2025-10-01T16:00:00+00:00\",\"dateModified\":\"2025-10-02T23:33:05+00:00\",\"mainEntityOfPage\":{\"@id\":\"https:\/\/agenciainfra.com\/blog\/cnpe-amplia-para-90-metros-cota-de-operacao-da-hidreletrica-de-jirau\/\"},\"wordCount\":204,\"publisher\":{\"@id\":\"https:\/\/agenciainfra.com\/blog\/#organization\"},\"image\":{\"@id\":\"https:\/\/agenciainfra.com\/blog\/cnpe-amplia-para-90-metros-cota-de-operacao-da-hidreletrica-de-jirau\/#primaryimage\"},\"thumbnailUrl\":\"https:\/\/agenciainfra.com\/blog\/wp-content\/uploads\/2025\/10\/uhe-jirau-foto-jirau-energia-e1759333509489.png\",\"keywords\":[\"CNPE\",\"energia el\u00e9trica\",\"Geraldo Campos Jr.\",\"reuni\u00e3o cnpe\",\"Rio Madeira\",\"UHE Jirau\",\"usina hidrel\u00e9trica\"],\"articleSection\":[\"Geral\",\"iNFRAEnergia\"],\"inLanguage\":\"pt-BR\",\"copyrightYear\":\"2025\",\"copyrightHolder\":{\"@id\":\"https:\/\/agenciainfra.com\/blog\/#organization\"}},{\"@type\":\"WebPage\",\"@id\":\"https:\/\/agenciainfra.com\/blog\/cnpe-amplia-para-90-metros-cota-de-operacao-da-hidreletrica-de-jirau\/\",\"url\":\"https:\/\/agenciainfra.com\/blog\/cnpe-amplia-para-90-metros-cota-de-operacao-da-hidreletrica-de-jirau\/\",\"name\":\"CNPE amplia para 90 metros cota de opera\u00e7\u00e3o da hidrel\u00e9trica de Jirau - Ag\u00eancia iNFRA\",\"isPartOf\":{\"@id\":\"https:\/\/agenciainfra.com\/blog\/#website\"},\"primaryImageOfPage\":{\"@id\":\"https:\/\/agenciainfra.com\/blog\/cnpe-amplia-para-90-metros-cota-de-operacao-da-hidreletrica-de-jirau\/#primaryimage\"},\"image\":{\"@id\":\"https:\/\/agenciainfra.com\/blog\/cnpe-amplia-para-90-metros-cota-de-operacao-da-hidreletrica-de-jirau\/#primaryimage\"},\"thumbnailUrl\":\"https:\/\/agenciainfra.com\/blog\/wp-content\/uploads\/2025\/10\/uhe-jirau-foto-jirau-energia-e1759333509489.png\",\"datePublished\":\"2025-10-01T16:00:00+00:00\",\"dateModified\":\"2025-10-02T23:33:05+00:00\",\"breadcrumb\":{\"@id\":\"https:\/\/agenciainfra.com\/blog\/cnpe-amplia-para-90-metros-cota-de-operacao-da-hidreletrica-de-jirau\/#breadcrumb\"},\"inLanguage\":\"pt-BR\",\"potentialAction\":[{\"@type\":\"ReadAction\",\"target\":[\"https:\/\/agenciainfra.com\/blog\/cnpe-amplia-para-90-metros-cota-de-operacao-da-hidreletrica-de-jirau\/\"]}]},{\"@type\":\"ImageObject\",\"inLanguage\":\"pt-BR\",\"@id\":\"https:\/\/agenciainfra.com\/blog\/cnpe-amplia-para-90-metros-cota-de-operacao-da-hidreletrica-de-jirau\/#primaryimage\",\"url\":\"https:\/\/agenciainfra.com\/blog\/wp-content\/uploads\/2025\/10\/uhe-jirau-foto-jirau-energia-e1759333509489.png\",\"contentUrl\":\"https:\/\/agenciainfra.com\/blog\/wp-content\/uploads\/2025\/10\/uhe-jirau-foto-jirau-energia-e1759333509489.png\",\"width\":1280,\"height\":720,\"caption\":\"Foto: Jirau Energia\"},{\"@type\":\"BreadcrumbList\",\"@id\":\"https:\/\/agenciainfra.com\/blog\/cnpe-amplia-para-90-metros-cota-de-operacao-da-hidreletrica-de-jirau\/#breadcrumb\",\"itemListElement\":[{\"@type\":\"ListItem\",\"position\":1,\"name\":\"In\u00edcio\",\"item\":\"https:\/\/agenciainfra.com\/blog\/\"},{\"@type\":\"ListItem\",\"position\":2,\"name\":\"CNPE amplia para 90 metros cota de opera\u00e7\u00e3o da hidrel\u00e9trica de Jirau\"}]},{\"@type\":\"WebSite\",\"@id\":\"https:\/\/agenciainfra.com\/blog\/#website\",\"url\":\"https:\/\/agenciainfra.com\/blog\/\",\"name\":\"Ag\u00eancia iNFRA\",\"description\":\"Multiplataforma de informa\u00e7\u00e3o jornal\u00edstica refer\u00eancia na \u00e1rea de infraestrutura no Brasil!\",\"publisher\":{\"@id\":\"https:\/\/agenciainfra.com\/blog\/#organization\"},\"potentialAction\":[{\"@type\":\"SearchAction\",\"target\":{\"@type\":\"EntryPoint\",\"urlTemplate\":\"https:\/\/agenciainfra.com\/blog\/?s={search_term_string}\"},\"query-input\":{\"@type\":\"PropertyValueSpecification\",\"valueRequired\":true,\"valueName\":\"search_term_string\"}}],\"inLanguage\":\"pt-BR\"},{\"@type\":\"Organization\",\"@id\":\"https:\/\/agenciainfra.com\/blog\/#organization\",\"name\":\"Ag\u00eancia iNFRA\",\"url\":\"https:\/\/agenciainfra.com\/blog\/\",\"logo\":{\"@type\":\"ImageObject\",\"inLanguage\":\"pt-BR\",\"@id\":\"https:\/\/agenciainfra.com\/blog\/#\/schema\/logo\/image\/\",\"url\":\"https:\/\/agenciainfra.com\/blog\/wp-content\/uploads\/2023\/09\/iNFRA_5-e1761735885940.png\",\"contentUrl\":\"https:\/\/agenciainfra.com\/blog\/wp-content\/uploads\/2023\/09\/iNFRA_5-e1761735885940.png\",\"width\":1672,\"height\":454,\"caption\":\"Ag\u00eancia iNFRA\"},\"image\":{\"@id\":\"https:\/\/agenciainfra.com\/blog\/#\/schema\/logo\/image\/\"},\"sameAs\":[\"https:\/\/www.facebook.com\/ageninfra\",\"https:\/\/x.com\/agencia_infra\",\"https:\/\/www.linkedin.com\/company\/ag\u00eanciainfra\/\",\"https:\/\/www.instagram.com\/agenciainfra\/\"]},{\"@type\":\"Person\",\"@id\":\"https:\/\/agenciainfra.com\/blog\/#\/schema\/person\/34af08dff6adea4cb22b06612ba7acfa\",\"name\":\"Ag\u00eancia iNFRA\",\"image\":{\"@type\":\"ImageObject\",\"inLanguage\":\"pt-BR\",\"@id\":\"https:\/\/agenciainfra.com\/blog\/#\/schema\/person\/image\/\",\"url\":\"https:\/\/secure.gravatar.com\/avatar\/d189e01678f06d8eb84d4e01f08eb848b3fffe3f8443818d3c356c66892f5be8?s=96&d=mm&r=g\",\"contentUrl\":\"https:\/\/secure.gravatar.com\/avatar\/d189e01678f06d8eb84d4e01f08eb848b3fffe3f8443818d3c356c66892f5be8?s=96&d=mm&r=g\",\"caption\":\"Ag\u00eancia iNFRA\"},\"url\":\"https:\/\/agenciainfra.com\/blog\/author\/admin\/\"}]}<\/script>\n<!-- \/ Yoast SEO Premium plugin. -->","yoast_head_json":{"title":"CNPE amplia para 90 metros cota de opera\u00e7\u00e3o da hidrel\u00e9trica de Jirau - Ag\u00eancia iNFRA","robots":{"index":"index","follow":"follow","max-snippet":"max-snippet:-1","max-image-preview":"max-image-preview:large","max-video-preview":"max-video-preview:-1"},"canonical":"https:\/\/agenciainfra.com\/blog\/cnpe-amplia-para-90-metros-cota-de-operacao-da-hidreletrica-de-jirau\/","og_locale":"pt_BR","og_type":"article","og_title":"CNPE amplia para 90 metros cota de opera\u00e7\u00e3o da hidrel\u00e9trica de Jirau","og_description":"Geraldo Campos Jr., da Ag\u00eancia iNFRA O CNPE (Conselho Nacional de Pol\u00edtica Energ\u00e9tica) aprovou nesta quarta-feira (1\u00b0) resolu\u00e7\u00e3o que autoriza a eleva\u00e7\u00e3o da cota de opera\u00e7\u00e3o do reservat\u00f3rio da usina hidrel\u00e9trica de Jirau para 90 metros. A amplia\u00e7\u00e3o resultar\u00e1 numa capacidade adicional de gera\u00e7\u00e3o de 236,5 MWmed (megawatts m\u00e9dios) pela usina. A decis\u00e3o referenda o [&hellip;]","og_url":"https:\/\/agenciainfra.com\/blog\/cnpe-amplia-para-90-metros-cota-de-operacao-da-hidreletrica-de-jirau\/","og_site_name":"Ag\u00eancia iNFRA","article_publisher":"https:\/\/www.facebook.com\/ageninfra","article_published_time":"2025-10-01T16:00:00+00:00","article_modified_time":"2025-10-02T23:33:05+00:00","og_image":[{"width":1280,"height":720,"url":"https:\/\/agenciainfra.com\/blog\/wp-content\/uploads\/2025\/10\/uhe-jirau-foto-jirau-energia-e1759333509489.png","type":"image\/png"}],"author":"Ag\u00eancia iNFRA","twitter_card":"summary_large_image","twitter_creator":"@agencia_infra","twitter_site":"@agencia_infra","twitter_misc":{"Escrito por":"Ag\u00eancia iNFRA","Est. tempo de leitura":"1 minuto"},"schema":{"@context":"https:\/\/schema.org","@graph":[{"@type":"Article","@id":"https:\/\/agenciainfra.com\/blog\/cnpe-amplia-para-90-metros-cota-de-operacao-da-hidreletrica-de-jirau\/#article","isPartOf":{"@id":"https:\/\/agenciainfra.com\/blog\/cnpe-amplia-para-90-metros-cota-de-operacao-da-hidreletrica-de-jirau\/"},"author":{"name":"Ag\u00eancia iNFRA","@id":"https:\/\/agenciainfra.com\/blog\/#\/schema\/person\/34af08dff6adea4cb22b06612ba7acfa"},"headline":"CNPE amplia para 90 metros cota de opera\u00e7\u00e3o da hidrel\u00e9trica de Jirau","datePublished":"2025-10-01T16:00:00+00:00","dateModified":"2025-10-02T23:33:05+00:00","mainEntityOfPage":{"@id":"https:\/\/agenciainfra.com\/blog\/cnpe-amplia-para-90-metros-cota-de-operacao-da-hidreletrica-de-jirau\/"},"wordCount":204,"publisher":{"@id":"https:\/\/agenciainfra.com\/blog\/#organization"},"image":{"@id":"https:\/\/agenciainfra.com\/blog\/cnpe-amplia-para-90-metros-cota-de-operacao-da-hidreletrica-de-jirau\/#primaryimage"},"thumbnailUrl":"https:\/\/agenciainfra.com\/blog\/wp-content\/uploads\/2025\/10\/uhe-jirau-foto-jirau-energia-e1759333509489.png","keywords":["CNPE","energia el\u00e9trica","Geraldo Campos Jr.","reuni\u00e3o cnpe","Rio Madeira","UHE Jirau","usina hidrel\u00e9trica"],"articleSection":["Geral","iNFRAEnergia"],"inLanguage":"pt-BR","copyrightYear":"2025","copyrightHolder":{"@id":"https:\/\/agenciainfra.com\/blog\/#organization"}},{"@type":"WebPage","@id":"https:\/\/agenciainfra.com\/blog\/cnpe-amplia-para-90-metros-cota-de-operacao-da-hidreletrica-de-jirau\/","url":"https:\/\/agenciainfra.com\/blog\/cnpe-amplia-para-90-metros-cota-de-operacao-da-hidreletrica-de-jirau\/","name":"CNPE amplia para 90 metros cota de opera\u00e7\u00e3o da hidrel\u00e9trica de Jirau - Ag\u00eancia iNFRA","isPartOf":{"@id":"https:\/\/agenciainfra.com\/blog\/#website"},"primaryImageOfPage":{"@id":"https:\/\/agenciainfra.com\/blog\/cnpe-amplia-para-90-metros-cota-de-operacao-da-hidreletrica-de-jirau\/#primaryimage"},"image":{"@id":"https:\/\/agenciainfra.com\/blog\/cnpe-amplia-para-90-metros-cota-de-operacao-da-hidreletrica-de-jirau\/#primaryimage"},"thumbnailUrl":"https:\/\/agenciainfra.com\/blog\/wp-content\/uploads\/2025\/10\/uhe-jirau-foto-jirau-energia-e1759333509489.png","datePublished":"2025-10-01T16:00:00+00:00","dateModified":"2025-10-02T23:33:05+00:00","breadcrumb":{"@id":"https:\/\/agenciainfra.com\/blog\/cnpe-amplia-para-90-metros-cota-de-operacao-da-hidreletrica-de-jirau\/#breadcrumb"},"inLanguage":"pt-BR","potentialAction":[{"@type":"ReadAction","target":["https:\/\/agenciainfra.com\/blog\/cnpe-amplia-para-90-metros-cota-de-operacao-da-hidreletrica-de-jirau\/"]}]},{"@type":"ImageObject","inLanguage":"pt-BR","@id":"https:\/\/agenciainfra.com\/blog\/cnpe-amplia-para-90-metros-cota-de-operacao-da-hidreletrica-de-jirau\/#primaryimage","url":"https:\/\/agenciainfra.com\/blog\/wp-content\/uploads\/2025\/10\/uhe-jirau-foto-jirau-energia-e1759333509489.png","contentUrl":"https:\/\/agenciainfra.com\/blog\/wp-content\/uploads\/2025\/10\/uhe-jirau-foto-jirau-energia-e1759333509489.png","width":1280,"height":720,"caption":"Foto: Jirau Energia"},{"@type":"BreadcrumbList","@id":"https:\/\/agenciainfra.com\/blog\/cnpe-amplia-para-90-metros-cota-de-operacao-da-hidreletrica-de-jirau\/#breadcrumb","itemListElement":[{"@type":"ListItem","position":1,"name":"In\u00edcio","item":"https:\/\/agenciainfra.com\/blog\/"},{"@type":"ListItem","position":2,"name":"CNPE amplia para 90 metros cota de opera\u00e7\u00e3o da hidrel\u00e9trica de Jirau"}]},{"@type":"WebSite","@id":"https:\/\/agenciainfra.com\/blog\/#website","url":"https:\/\/agenciainfra.com\/blog\/","name":"Ag\u00eancia iNFRA","description":"Multiplataforma de informa\u00e7\u00e3o jornal\u00edstica refer\u00eancia na \u00e1rea de infraestrutura no Brasil!","publisher":{"@id":"https:\/\/agenciainfra.com\/blog\/#organization"},"potentialAction":[{"@type":"SearchAction","target":{"@type":"EntryPoint","urlTemplate":"https:\/\/agenciainfra.com\/blog\/?s={search_term_string}"},"query-input":{"@type":"PropertyValueSpecification","valueRequired":true,"valueName":"search_term_string"}}],"inLanguage":"pt-BR"},{"@type":"Organization","@id":"https:\/\/agenciainfra.com\/blog\/#organization","name":"Ag\u00eancia iNFRA","url":"https:\/\/agenciainfra.com\/blog\/","logo":{"@type":"ImageObject","inLanguage":"pt-BR","@id":"https:\/\/agenciainfra.com\/blog\/#\/schema\/logo\/image\/","url":"https:\/\/agenciainfra.com\/blog\/wp-content\/uploads\/2023\/09\/iNFRA_5-e1761735885940.png","contentUrl":"https:\/\/agenciainfra.com\/blog\/wp-content\/uploads\/2023\/09\/iNFRA_5-e1761735885940.png","width":1672,"height":454,"caption":"Ag\u00eancia iNFRA"},"image":{"@id":"https:\/\/agenciainfra.com\/blog\/#\/schema\/logo\/image\/"},"sameAs":["https:\/\/www.facebook.com\/ageninfra","https:\/\/x.com\/agencia_infra","https:\/\/www.linkedin.com\/company\/ag\u00eanciainfra\/","https:\/\/www.instagram.com\/agenciainfra\/"]},{"@type":"Person","@id":"https:\/\/agenciainfra.com\/blog\/#\/schema\/person\/34af08dff6adea4cb22b06612ba7acfa","name":"Ag\u00eancia iNFRA","image":{"@type":"ImageObject","inLanguage":"pt-BR","@id":"https:\/\/agenciainfra.com\/blog\/#\/schema\/person\/image\/","url":"https:\/\/secure.gravatar.com\/avatar\/d189e01678f06d8eb84d4e01f08eb848b3fffe3f8443818d3c356c66892f5be8?s=96&d=mm&r=g","contentUrl":"https:\/\/secure.gravatar.com\/avatar\/d189e01678f06d8eb84d4e01f08eb848b3fffe3f8443818d3c356c66892f5be8?s=96&d=mm&r=g","caption":"Ag\u00eancia iNFRA"},"url":"https:\/\/agenciainfra.com\/blog\/author\/admin\/"}]}},"_links":{"self":[{"href":"https:\/\/agenciainfra.com\/blog\/wp-json\/wp\/v2\/posts\/29072","targetHints":{"allow":["GET"]}}],"collection":[{"href":"https:\/\/agenciainfra.com\/blog\/wp-json\/wp\/v2\/posts"}],"about":[{"href":"https:\/\/agenciainfra.com\/blog\/wp-json\/wp\/v2\/types\/post"}],"author":[{"embeddable":true,"href":"https:\/\/agenciainfra.com\/blog\/wp-json\/wp\/v2\/users\/1"}],"replies":[{"embeddable":true,"href":"https:\/\/agenciainfra.com\/blog\/wp-json\/wp\/v2\/comments?post=29072"}],"version-history":[{"count":1,"href":"https:\/\/agenciainfra.com\/blog\/wp-json\/wp\/v2\/posts\/29072\/revisions"}],"predecessor-version":[{"id":29075,"href":"https:\/\/agenciainfra.com\/blog\/wp-json\/wp\/v2\/posts\/29072\/revisions\/29075"}],"wp:featuredmedia":[{"embeddable":true,"href":"https:\/\/agenciainfra.com\/blog\/wp-json\/wp\/v2\/media\/29074"}],"wp:attachment":[{"href":"https:\/\/agenciainfra.com\/blog\/wp-json\/wp\/v2\/media?parent=29072"}],"wp:term":[{"taxonomy":"category","embeddable":true,"href":"https:\/\/agenciainfra.com\/blog\/wp-json\/wp\/v2\/categories?post=29072"},{"taxonomy":"post_tag","embeddable":true,"href":"https:\/\/agenciainfra.com\/blog\/wp-json\/wp\/v2\/tags?post=29072"}],"curies":[{"name":"wp","href":"https:\/\/api.w.org\/{rel}","templated":true}]}}