{"id":29134,"date":"2025-10-01T19:21:38","date_gmt":"2025-10-01T22:21:38","guid":{"rendered":"https:\/\/agenciainfra.com\/blog\/?p=29134"},"modified":"2025-10-03T16:03:50","modified_gmt":"2025-10-03T19:03:50","slug":"mp-1-303-votacao-na-comissao-e-adiada-para-a-proxima-terca-7","status":"publish","type":"post","link":"https:\/\/agenciainfra.com\/blog\/mp-1-303-votacao-na-comissao-e-adiada-para-a-proxima-terca-7\/","title":{"rendered":"MP 1.303: Vota\u00e7\u00e3o na comiss\u00e3o \u00e9 adiada para a pr\u00f3xima ter\u00e7a (7)"},"content":{"rendered":"\n<p class=\"has-text-align-right\"><strong>Amanda Pupo, da Ag\u00eancia iNFRA<\/strong><\/p>\n\n\n\n<p>A comiss\u00e3o especial que analisa a <a href=\"https:\/\/www.congressonacional.leg.br\/materias\/medidas-provisorias\/-\/mpv\/169059\">MP (Medida Provis\u00f3ria) 1.303<\/a>, que mexe na tributa\u00e7\u00e3o de ativos financeiros, como as deb\u00eantures incentivadas, adiou mais uma vez a reuni\u00e3o para votar o relat\u00f3rio do deputado federal Carlos Zarattini (PT-SP). Depois do adiamento de ter\u00e7a-feira (30) para quinta-feira (2), a previs\u00e3o agora \u00e9 de que o parecer seja analisado somente na pr\u00f3xima ter\u00e7a-feira (7), um dia antes do prazo para vencimento da MP.<\/p>\n\n\n\n<p>Nesta ter\u00e7a-feira (30), o relator afirmou que o adiamento de ter\u00e7a para quinta havia sido feito para esgotamento das negocia\u00e7\u00f5es. Um dos focos das conversas seria a tributa\u00e7\u00e3o das LCIs e LCAs (letras de cr\u00e9dito imobili\u00e1rio e do agroneg\u00f3cio), que em seu parecer tiveram tributa\u00e7\u00e3o majorada a 7,5%. Zarattini j\u00e1 havia admitido que poderia manter o regime zerado de IR (Imposto de Renda) desses t\u00edtulos para conseguir mais votos. Ele tamb\u00e9m afirmou que n\u00e3o havia mais discuss\u00e3o sobre os t\u00edtulos que j\u00e1 tiveram isen\u00e7\u00e3o assegurada no relat\u00f3rio apresentado na semana passada, como as deb\u00eantures.<\/p>\n","protected":false},"excerpt":{"rendered":"<p>Amanda Pupo, da Ag\u00eancia iNFRA A comiss\u00e3o especial que analisa a MP (Medida Provis\u00f3ria) 1.303, que mexe na tributa\u00e7\u00e3o de ativos financeiros, como as deb\u00eantures incentivadas, adiou mais uma vez a reuni\u00e3o para votar o relat\u00f3rio do deputado federal Carlos Zarattini (PT-SP). Depois do adiamento de ter\u00e7a-feira (30) para quinta-feira (2), a previs\u00e3o agora \u00e9 [&hellip;]<\/p>\n","protected":false},"author":1,"featured_media":27945,"comment_status":"closed","ping_status":"closed","sticky":false,"template":"","format":"standard","meta":{"_monsterinsights_skip_tracking":false,"_monsterinsights_sitenote_active":false,"_monsterinsights_sitenote_note":"","_monsterinsights_sitenote_category":0,"footnotes":""},"categories":[1,7],"tags":[13354,15810,15809,15811,47,7021,7019,13752,15808],"class_list":["post-29134","post","type-post","status-publish","format-standard","has-post-thumbnail","hentry","category-geral","category-infratransporte","tag-amanda-pupo","tag-ativos-financeiros","tag-carlos-zarattini-pt-sp","tag-debentures-incestivadas","tag-governo","tag-lca","tag-lci","tag-mp-1-303","tag-mp-do-iof"],"yoast_head":"<!-- This site is optimized with the Yoast SEO Premium plugin v25.4 (Yoast SEO v26.0) - https:\/\/yoast.com\/wordpress\/plugins\/seo\/ -->\n<title>MP 1.303: Vota\u00e7\u00e3o na comiss\u00e3o \u00e9 adiada para a pr\u00f3xima ter\u00e7a (7) - Ag\u00eancia iNFRA<\/title>\n<meta name=\"robots\" content=\"index, follow, max-snippet:-1, max-image-preview:large, max-video-preview:-1\" \/>\n<link rel=\"canonical\" href=\"https:\/\/agenciainfra.com\/blog\/mp-1-303-votacao-na-comissao-e-adiada-para-a-proxima-terca-7\/\" \/>\n<meta property=\"og:locale\" content=\"pt_BR\" \/>\n<meta property=\"og:type\" content=\"article\" \/>\n<meta property=\"og:title\" content=\"MP 1.303: Vota\u00e7\u00e3o na comiss\u00e3o \u00e9 adiada para a pr\u00f3xima ter\u00e7a (7)\" \/>\n<meta property=\"og:description\" content=\"Amanda Pupo, da Ag\u00eancia iNFRA A comiss\u00e3o especial que analisa a MP (Medida Provis\u00f3ria) 1.303, que mexe na tributa\u00e7\u00e3o de ativos financeiros, como as deb\u00eantures incentivadas, adiou mais uma vez a reuni\u00e3o para votar o relat\u00f3rio do deputado federal Carlos Zarattini (PT-SP). Depois do adiamento de ter\u00e7a-feira (30) para quinta-feira (2), a previs\u00e3o agora \u00e9 [&hellip;]\" \/>\n<meta property=\"og:url\" content=\"https:\/\/agenciainfra.com\/blog\/mp-1-303-votacao-na-comissao-e-adiada-para-a-proxima-terca-7\/\" \/>\n<meta property=\"og:site_name\" content=\"Ag\u00eancia iNFRA\" \/>\n<meta property=\"article:publisher\" content=\"https:\/\/www.facebook.com\/ageninfra\" \/>\n<meta property=\"article:published_time\" content=\"2025-10-01T22:21:38+00:00\" \/>\n<meta property=\"article:modified_time\" content=\"2025-10-03T19:03:50+00:00\" \/>\n<meta property=\"og:image\" content=\"https:\/\/agenciainfra.com\/blog\/wp-content\/uploads\/2025\/09\/carlos-zarattini-foto-bruno_spada_camara-scaled.jpg\" \/>\n\t<meta property=\"og:image:width\" content=\"2560\" \/>\n\t<meta property=\"og:image:height\" content=\"1578\" \/>\n\t<meta property=\"og:image:type\" content=\"image\/jpeg\" \/>\n<meta name=\"author\" content=\"Ag\u00eancia iNFRA\" \/>\n<meta name=\"twitter:card\" content=\"summary_large_image\" \/>\n<meta name=\"twitter:creator\" content=\"@agencia_infra\" \/>\n<meta name=\"twitter:site\" content=\"@agencia_infra\" \/>\n<meta name=\"twitter:label1\" content=\"Escrito por\" \/>\n\t<meta name=\"twitter:data1\" content=\"Ag\u00eancia iNFRA\" \/>\n\t<meta name=\"twitter:label2\" content=\"Est. tempo de leitura\" \/>\n\t<meta name=\"twitter:data2\" content=\"1 minuto\" \/>\n<script type=\"application\/ld+json\" class=\"yoast-schema-graph\">{\"@context\":\"https:\/\/schema.org\",\"@graph\":[{\"@type\":\"Article\",\"@id\":\"https:\/\/agenciainfra.com\/blog\/mp-1-303-votacao-na-comissao-e-adiada-para-a-proxima-terca-7\/#article\",\"isPartOf\":{\"@id\":\"https:\/\/agenciainfra.com\/blog\/mp-1-303-votacao-na-comissao-e-adiada-para-a-proxima-terca-7\/\"},\"author\":{\"name\":\"Ag\u00eancia iNFRA\",\"@id\":\"https:\/\/agenciainfra.com\/blog\/#\/schema\/person\/34af08dff6adea4cb22b06612ba7acfa\"},\"headline\":\"MP 1.303: Vota\u00e7\u00e3o na comiss\u00e3o \u00e9 adiada para a pr\u00f3xima ter\u00e7a (7)\",\"datePublished\":\"2025-10-01T22:21:38+00:00\",\"dateModified\":\"2025-10-03T19:03:50+00:00\",\"mainEntityOfPage\":{\"@id\":\"https:\/\/agenciainfra.com\/blog\/mp-1-303-votacao-na-comissao-e-adiada-para-a-proxima-terca-7\/\"},\"wordCount\":202,\"publisher\":{\"@id\":\"https:\/\/agenciainfra.com\/blog\/#organization\"},\"image\":{\"@id\":\"https:\/\/agenciainfra.com\/blog\/mp-1-303-votacao-na-comissao-e-adiada-para-a-proxima-terca-7\/#primaryimage\"},\"thumbnailUrl\":\"https:\/\/agenciainfra.com\/blog\/wp-content\/uploads\/2025\/09\/carlos-zarattini-foto-bruno_spada_camara-scaled.jpg\",\"keywords\":[\"Amanda Pupo\",\"ativos financeiros\",\"Carlos Zarattini (PT-SP)\",\"deb\u00eantures incestivadas\",\"Governo\",\"LCA\",\"LCI\",\"MP 1.303\",\"MP do IOF\"],\"articleSection\":[\"Geral\",\"iNFRATransporte\"],\"inLanguage\":\"pt-BR\",\"copyrightYear\":\"2025\",\"copyrightHolder\":{\"@id\":\"https:\/\/agenciainfra.com\/blog\/#organization\"}},{\"@type\":\"WebPage\",\"@id\":\"https:\/\/agenciainfra.com\/blog\/mp-1-303-votacao-na-comissao-e-adiada-para-a-proxima-terca-7\/\",\"url\":\"https:\/\/agenciainfra.com\/blog\/mp-1-303-votacao-na-comissao-e-adiada-para-a-proxima-terca-7\/\",\"name\":\"MP 1.303: Vota\u00e7\u00e3o na comiss\u00e3o \u00e9 adiada para a pr\u00f3xima ter\u00e7a (7) - Ag\u00eancia iNFRA\",\"isPartOf\":{\"@id\":\"https:\/\/agenciainfra.com\/blog\/#website\"},\"primaryImageOfPage\":{\"@id\":\"https:\/\/agenciainfra.com\/blog\/mp-1-303-votacao-na-comissao-e-adiada-para-a-proxima-terca-7\/#primaryimage\"},\"image\":{\"@id\":\"https:\/\/agenciainfra.com\/blog\/mp-1-303-votacao-na-comissao-e-adiada-para-a-proxima-terca-7\/#primaryimage\"},\"thumbnailUrl\":\"https:\/\/agenciainfra.com\/blog\/wp-content\/uploads\/2025\/09\/carlos-zarattini-foto-bruno_spada_camara-scaled.jpg\",\"datePublished\":\"2025-10-01T22:21:38+00:00\",\"dateModified\":\"2025-10-03T19:03:50+00:00\",\"breadcrumb\":{\"@id\":\"https:\/\/agenciainfra.com\/blog\/mp-1-303-votacao-na-comissao-e-adiada-para-a-proxima-terca-7\/#breadcrumb\"},\"inLanguage\":\"pt-BR\",\"potentialAction\":[{\"@type\":\"ReadAction\",\"target\":[\"https:\/\/agenciainfra.com\/blog\/mp-1-303-votacao-na-comissao-e-adiada-para-a-proxima-terca-7\/\"]}]},{\"@type\":\"ImageObject\",\"inLanguage\":\"pt-BR\",\"@id\":\"https:\/\/agenciainfra.com\/blog\/mp-1-303-votacao-na-comissao-e-adiada-para-a-proxima-terca-7\/#primaryimage\",\"url\":\"https:\/\/agenciainfra.com\/blog\/wp-content\/uploads\/2025\/09\/carlos-zarattini-foto-bruno_spada_camara-scaled.jpg\",\"contentUrl\":\"https:\/\/agenciainfra.com\/blog\/wp-content\/uploads\/2025\/09\/carlos-zarattini-foto-bruno_spada_camara-scaled.jpg\",\"width\":2560,\"height\":1578,\"caption\":\"Foto: Bruno Spada\/C\u00e2mara dos Deputados\"},{\"@type\":\"BreadcrumbList\",\"@id\":\"https:\/\/agenciainfra.com\/blog\/mp-1-303-votacao-na-comissao-e-adiada-para-a-proxima-terca-7\/#breadcrumb\",\"itemListElement\":[{\"@type\":\"ListItem\",\"position\":1,\"name\":\"In\u00edcio\",\"item\":\"https:\/\/agenciainfra.com\/blog\/\"},{\"@type\":\"ListItem\",\"position\":2,\"name\":\"MP 1.303: Vota\u00e7\u00e3o na comiss\u00e3o \u00e9 adiada para a pr\u00f3xima ter\u00e7a (7)\"}]},{\"@type\":\"WebSite\",\"@id\":\"https:\/\/agenciainfra.com\/blog\/#website\",\"url\":\"https:\/\/agenciainfra.com\/blog\/\",\"name\":\"Ag\u00eancia iNFRA\",\"description\":\"Multiplataforma de informa\u00e7\u00e3o jornal\u00edstica refer\u00eancia na \u00e1rea de infraestrutura no Brasil!\",\"publisher\":{\"@id\":\"https:\/\/agenciainfra.com\/blog\/#organization\"},\"potentialAction\":[{\"@type\":\"SearchAction\",\"target\":{\"@type\":\"EntryPoint\",\"urlTemplate\":\"https:\/\/agenciainfra.com\/blog\/?s={search_term_string}\"},\"query-input\":{\"@type\":\"PropertyValueSpecification\",\"valueRequired\":true,\"valueName\":\"search_term_string\"}}],\"inLanguage\":\"pt-BR\"},{\"@type\":\"Organization\",\"@id\":\"https:\/\/agenciainfra.com\/blog\/#organization\",\"name\":\"Ag\u00eancia iNFRA\",\"url\":\"https:\/\/agenciainfra.com\/blog\/\",\"logo\":{\"@type\":\"ImageObject\",\"inLanguage\":\"pt-BR\",\"@id\":\"https:\/\/agenciainfra.com\/blog\/#\/schema\/logo\/image\/\",\"url\":\"https:\/\/agenciainfra.com\/blog\/wp-content\/uploads\/2023\/09\/iNFRA_5-e1761735885940.png\",\"contentUrl\":\"https:\/\/agenciainfra.com\/blog\/wp-content\/uploads\/2023\/09\/iNFRA_5-e1761735885940.png\",\"width\":1672,\"height\":454,\"caption\":\"Ag\u00eancia iNFRA\"},\"image\":{\"@id\":\"https:\/\/agenciainfra.com\/blog\/#\/schema\/logo\/image\/\"},\"sameAs\":[\"https:\/\/www.facebook.com\/ageninfra\",\"https:\/\/x.com\/agencia_infra\",\"https:\/\/www.linkedin.com\/company\/ag\u00eanciainfra\/\",\"https:\/\/www.instagram.com\/agenciainfra\/\"]},{\"@type\":\"Person\",\"@id\":\"https:\/\/agenciainfra.com\/blog\/#\/schema\/person\/34af08dff6adea4cb22b06612ba7acfa\",\"name\":\"Ag\u00eancia iNFRA\",\"image\":{\"@type\":\"ImageObject\",\"inLanguage\":\"pt-BR\",\"@id\":\"https:\/\/agenciainfra.com\/blog\/#\/schema\/person\/image\/\",\"url\":\"https:\/\/secure.gravatar.com\/avatar\/d189e01678f06d8eb84d4e01f08eb848b3fffe3f8443818d3c356c66892f5be8?s=96&d=mm&r=g\",\"contentUrl\":\"https:\/\/secure.gravatar.com\/avatar\/d189e01678f06d8eb84d4e01f08eb848b3fffe3f8443818d3c356c66892f5be8?s=96&d=mm&r=g\",\"caption\":\"Ag\u00eancia iNFRA\"},\"url\":\"https:\/\/agenciainfra.com\/blog\/author\/admin\/\"}]}<\/script>\n<!-- \/ Yoast SEO Premium plugin. -->","yoast_head_json":{"title":"MP 1.303: Vota\u00e7\u00e3o na comiss\u00e3o \u00e9 adiada para a pr\u00f3xima ter\u00e7a (7) - Ag\u00eancia iNFRA","robots":{"index":"index","follow":"follow","max-snippet":"max-snippet:-1","max-image-preview":"max-image-preview:large","max-video-preview":"max-video-preview:-1"},"canonical":"https:\/\/agenciainfra.com\/blog\/mp-1-303-votacao-na-comissao-e-adiada-para-a-proxima-terca-7\/","og_locale":"pt_BR","og_type":"article","og_title":"MP 1.303: Vota\u00e7\u00e3o na comiss\u00e3o \u00e9 adiada para a pr\u00f3xima ter\u00e7a (7)","og_description":"Amanda Pupo, da Ag\u00eancia iNFRA A comiss\u00e3o especial que analisa a MP (Medida Provis\u00f3ria) 1.303, que mexe na tributa\u00e7\u00e3o de ativos financeiros, como as deb\u00eantures incentivadas, adiou mais uma vez a reuni\u00e3o para votar o relat\u00f3rio do deputado federal Carlos Zarattini (PT-SP). Depois do adiamento de ter\u00e7a-feira (30) para quinta-feira (2), a previs\u00e3o agora \u00e9 [&hellip;]","og_url":"https:\/\/agenciainfra.com\/blog\/mp-1-303-votacao-na-comissao-e-adiada-para-a-proxima-terca-7\/","og_site_name":"Ag\u00eancia iNFRA","article_publisher":"https:\/\/www.facebook.com\/ageninfra","article_published_time":"2025-10-01T22:21:38+00:00","article_modified_time":"2025-10-03T19:03:50+00:00","og_image":[{"width":2560,"height":1578,"url":"https:\/\/agenciainfra.com\/blog\/wp-content\/uploads\/2025\/09\/carlos-zarattini-foto-bruno_spada_camara-scaled.jpg","type":"image\/jpeg"}],"author":"Ag\u00eancia iNFRA","twitter_card":"summary_large_image","twitter_creator":"@agencia_infra","twitter_site":"@agencia_infra","twitter_misc":{"Escrito por":"Ag\u00eancia iNFRA","Est. tempo de leitura":"1 minuto"},"schema":{"@context":"https:\/\/schema.org","@graph":[{"@type":"Article","@id":"https:\/\/agenciainfra.com\/blog\/mp-1-303-votacao-na-comissao-e-adiada-para-a-proxima-terca-7\/#article","isPartOf":{"@id":"https:\/\/agenciainfra.com\/blog\/mp-1-303-votacao-na-comissao-e-adiada-para-a-proxima-terca-7\/"},"author":{"name":"Ag\u00eancia iNFRA","@id":"https:\/\/agenciainfra.com\/blog\/#\/schema\/person\/34af08dff6adea4cb22b06612ba7acfa"},"headline":"MP 1.303: Vota\u00e7\u00e3o na comiss\u00e3o \u00e9 adiada para a pr\u00f3xima ter\u00e7a (7)","datePublished":"2025-10-01T22:21:38+00:00","dateModified":"2025-10-03T19:03:50+00:00","mainEntityOfPage":{"@id":"https:\/\/agenciainfra.com\/blog\/mp-1-303-votacao-na-comissao-e-adiada-para-a-proxima-terca-7\/"},"wordCount":202,"publisher":{"@id":"https:\/\/agenciainfra.com\/blog\/#organization"},"image":{"@id":"https:\/\/agenciainfra.com\/blog\/mp-1-303-votacao-na-comissao-e-adiada-para-a-proxima-terca-7\/#primaryimage"},"thumbnailUrl":"https:\/\/agenciainfra.com\/blog\/wp-content\/uploads\/2025\/09\/carlos-zarattini-foto-bruno_spada_camara-scaled.jpg","keywords":["Amanda Pupo","ativos financeiros","Carlos Zarattini (PT-SP)","deb\u00eantures incestivadas","Governo","LCA","LCI","MP 1.303","MP do IOF"],"articleSection":["Geral","iNFRATransporte"],"inLanguage":"pt-BR","copyrightYear":"2025","copyrightHolder":{"@id":"https:\/\/agenciainfra.com\/blog\/#organization"}},{"@type":"WebPage","@id":"https:\/\/agenciainfra.com\/blog\/mp-1-303-votacao-na-comissao-e-adiada-para-a-proxima-terca-7\/","url":"https:\/\/agenciainfra.com\/blog\/mp-1-303-votacao-na-comissao-e-adiada-para-a-proxima-terca-7\/","name":"MP 1.303: Vota\u00e7\u00e3o na comiss\u00e3o \u00e9 adiada para a pr\u00f3xima ter\u00e7a (7) - Ag\u00eancia iNFRA","isPartOf":{"@id":"https:\/\/agenciainfra.com\/blog\/#website"},"primaryImageOfPage":{"@id":"https:\/\/agenciainfra.com\/blog\/mp-1-303-votacao-na-comissao-e-adiada-para-a-proxima-terca-7\/#primaryimage"},"image":{"@id":"https:\/\/agenciainfra.com\/blog\/mp-1-303-votacao-na-comissao-e-adiada-para-a-proxima-terca-7\/#primaryimage"},"thumbnailUrl":"https:\/\/agenciainfra.com\/blog\/wp-content\/uploads\/2025\/09\/carlos-zarattini-foto-bruno_spada_camara-scaled.jpg","datePublished":"2025-10-01T22:21:38+00:00","dateModified":"2025-10-03T19:03:50+00:00","breadcrumb":{"@id":"https:\/\/agenciainfra.com\/blog\/mp-1-303-votacao-na-comissao-e-adiada-para-a-proxima-terca-7\/#breadcrumb"},"inLanguage":"pt-BR","potentialAction":[{"@type":"ReadAction","target":["https:\/\/agenciainfra.com\/blog\/mp-1-303-votacao-na-comissao-e-adiada-para-a-proxima-terca-7\/"]}]},{"@type":"ImageObject","inLanguage":"pt-BR","@id":"https:\/\/agenciainfra.com\/blog\/mp-1-303-votacao-na-comissao-e-adiada-para-a-proxima-terca-7\/#primaryimage","url":"https:\/\/agenciainfra.com\/blog\/wp-content\/uploads\/2025\/09\/carlos-zarattini-foto-bruno_spada_camara-scaled.jpg","contentUrl":"https:\/\/agenciainfra.com\/blog\/wp-content\/uploads\/2025\/09\/carlos-zarattini-foto-bruno_spada_camara-scaled.jpg","width":2560,"height":1578,"caption":"Foto: Bruno Spada\/C\u00e2mara dos Deputados"},{"@type":"BreadcrumbList","@id":"https:\/\/agenciainfra.com\/blog\/mp-1-303-votacao-na-comissao-e-adiada-para-a-proxima-terca-7\/#breadcrumb","itemListElement":[{"@type":"ListItem","position":1,"name":"In\u00edcio","item":"https:\/\/agenciainfra.com\/blog\/"},{"@type":"ListItem","position":2,"name":"MP 1.303: Vota\u00e7\u00e3o na comiss\u00e3o \u00e9 adiada para a pr\u00f3xima ter\u00e7a (7)"}]},{"@type":"WebSite","@id":"https:\/\/agenciainfra.com\/blog\/#website","url":"https:\/\/agenciainfra.com\/blog\/","name":"Ag\u00eancia iNFRA","description":"Multiplataforma de informa\u00e7\u00e3o jornal\u00edstica refer\u00eancia na \u00e1rea de infraestrutura no Brasil!","publisher":{"@id":"https:\/\/agenciainfra.com\/blog\/#organization"},"potentialAction":[{"@type":"SearchAction","target":{"@type":"EntryPoint","urlTemplate":"https:\/\/agenciainfra.com\/blog\/?s={search_term_string}"},"query-input":{"@type":"PropertyValueSpecification","valueRequired":true,"valueName":"search_term_string"}}],"inLanguage":"pt-BR"},{"@type":"Organization","@id":"https:\/\/agenciainfra.com\/blog\/#organization","name":"Ag\u00eancia iNFRA","url":"https:\/\/agenciainfra.com\/blog\/","logo":{"@type":"ImageObject","inLanguage":"pt-BR","@id":"https:\/\/agenciainfra.com\/blog\/#\/schema\/logo\/image\/","url":"https:\/\/agenciainfra.com\/blog\/wp-content\/uploads\/2023\/09\/iNFRA_5-e1761735885940.png","contentUrl":"https:\/\/agenciainfra.com\/blog\/wp-content\/uploads\/2023\/09\/iNFRA_5-e1761735885940.png","width":1672,"height":454,"caption":"Ag\u00eancia iNFRA"},"image":{"@id":"https:\/\/agenciainfra.com\/blog\/#\/schema\/logo\/image\/"},"sameAs":["https:\/\/www.facebook.com\/ageninfra","https:\/\/x.com\/agencia_infra","https:\/\/www.linkedin.com\/company\/ag\u00eanciainfra\/","https:\/\/www.instagram.com\/agenciainfra\/"]},{"@type":"Person","@id":"https:\/\/agenciainfra.com\/blog\/#\/schema\/person\/34af08dff6adea4cb22b06612ba7acfa","name":"Ag\u00eancia iNFRA","image":{"@type":"ImageObject","inLanguage":"pt-BR","@id":"https:\/\/agenciainfra.com\/blog\/#\/schema\/person\/image\/","url":"https:\/\/secure.gravatar.com\/avatar\/d189e01678f06d8eb84d4e01f08eb848b3fffe3f8443818d3c356c66892f5be8?s=96&d=mm&r=g","contentUrl":"https:\/\/secure.gravatar.com\/avatar\/d189e01678f06d8eb84d4e01f08eb848b3fffe3f8443818d3c356c66892f5be8?s=96&d=mm&r=g","caption":"Ag\u00eancia iNFRA"},"url":"https:\/\/agenciainfra.com\/blog\/author\/admin\/"}]}},"_links":{"self":[{"href":"https:\/\/agenciainfra.com\/blog\/wp-json\/wp\/v2\/posts\/29134","targetHints":{"allow":["GET"]}}],"collection":[{"href":"https:\/\/agenciainfra.com\/blog\/wp-json\/wp\/v2\/posts"}],"about":[{"href":"https:\/\/agenciainfra.com\/blog\/wp-json\/wp\/v2\/types\/post"}],"author":[{"embeddable":true,"href":"https:\/\/agenciainfra.com\/blog\/wp-json\/wp\/v2\/users\/1"}],"replies":[{"embeddable":true,"href":"https:\/\/agenciainfra.com\/blog\/wp-json\/wp\/v2\/comments?post=29134"}],"version-history":[{"count":2,"href":"https:\/\/agenciainfra.com\/blog\/wp-json\/wp\/v2\/posts\/29134\/revisions"}],"predecessor-version":[{"id":29155,"href":"https:\/\/agenciainfra.com\/blog\/wp-json\/wp\/v2\/posts\/29134\/revisions\/29155"}],"wp:featuredmedia":[{"embeddable":true,"href":"https:\/\/agenciainfra.com\/blog\/wp-json\/wp\/v2\/media\/27945"}],"wp:attachment":[{"href":"https:\/\/agenciainfra.com\/blog\/wp-json\/wp\/v2\/media?parent=29134"}],"wp:term":[{"taxonomy":"category","embeddable":true,"href":"https:\/\/agenciainfra.com\/blog\/wp-json\/wp\/v2\/categories?post=29134"},{"taxonomy":"post_tag","embeddable":true,"href":"https:\/\/agenciainfra.com\/blog\/wp-json\/wp\/v2\/tags?post=29134"}],"curies":[{"name":"wp","href":"https:\/\/api.w.org\/{rel}","templated":true}]}}