{"id":29137,"date":"2025-10-02T10:00:00","date_gmt":"2025-10-02T13:00:00","guid":{"rendered":"https:\/\/agenciainfra.com\/blog\/?p=29137"},"modified":"2025-10-03T16:02:44","modified_gmt":"2025-10-03T19:02:44","slug":"ons-pode-controlar-20-gw-de-gd-mas-efeito-no-curtailment-e-limitado","status":"publish","type":"post","link":"https:\/\/agenciainfra.com\/blog\/ons-pode-controlar-20-gw-de-gd-mas-efeito-no-curtailment-e-limitado\/","title":{"rendered":"ONS pode controlar 20 GW de GD, mas efeito no curtailment \u00e9 limitado"},"content":{"rendered":"\n<p class=\"has-text-align-right\"><strong>Lais Carregosa, Gabriel Vasconcelos e Marisa Wanzeller, da Ag\u00eancia iNFRA*<\/strong><\/p>\n\n\n\n<p>A possibilidade de controle das chamadas usinas de gera\u00e7\u00e3o distribu\u00edda tipo 3, que s\u00e3o empreendimentos maiores conectados diretamente \u00e0s redes das distribuidoras, pode envolver at\u00e9 20 GW (gigawatts), afirmou nesta quarta-feira (1\u00ba) o diretor-geral do ONS (Operador Nacional do Sistema El\u00e9trico), M\u00e1rcio Rea. No entanto, fontes avaliam que a proposta pode ter efeito limitado para reduzir os cortes obrigat\u00f3rios de energia, o \u201ccurtailment\u201d, das usinas centralizadas e\u00f3licas e solares, e ser mais uma medida paliativa.<br><br>\u201cEu imagino que seja um impacto muito restrito, considerando como essas usinas est\u00e3o conectadas e onde est\u00e3o conectadas&#8221;, disse o presidente da ABGD (Associa\u00e7\u00e3o Brasileira de Gera\u00e7\u00e3o Distribu\u00edda), Carlos Evangelista. \u201cO problema n\u00e3o est\u00e1 exatamente no tamanho da usina, mas em onde est\u00e1 essa usina, a localiza\u00e7\u00e3o dessa usina e qual o problema que eu quero resolver.&#8221;<br><br>Segundo fontes relataram \u00e0\u00a0<strong>Ag\u00eancia iNFRA<\/strong>, a maior parte desses empreendimentos, que ser\u00e3o pass\u00edveis de cortes, est\u00e3o nas regi\u00f5es Sudeste e Sul do pa\u00eds. Por outro lado, a predomin\u00e2ncia dos cortes de e\u00f3licas e solares atualmente se d\u00e1 no Nordeste.<br><br>Carlos Evangelista aponta que a modula\u00e7\u00e3o da gera\u00e7\u00e3o dessas usinas pode ajudar no atendimento da ponta, mas n\u00e3o necessariamente com a redu\u00e7\u00e3o do curtailment. \u201cSe eu tenho um problema no Nordeste de excesso de usinas, n\u00e3o tem linhas de transmiss\u00e3o suficientes para escoar toda a produ\u00e7\u00e3o de energia, e vou mexer numa usina que est\u00e1 aqui na regi\u00e3o Sudeste, para esse tipo de problema a capacidade de impacto n\u00e3o vai fazer a menor diferen\u00e7a&#8221;, avalia.\u00a0<br><br>Por outro lado, \u201cpara o problema da curva do pato, poderia ajudar bastante&#8221;, pondera. \u201cEssa usina poderia, por exemplo, entrar bem na hora em que eu necessito a maior pot\u00eancia no sistema, que \u00e9 no final da tarde.\u201d<br><br><strong>PCHs e CGHs como pot\u00eancia<\/strong><br>\u00c0\u00a0<strong>Ag\u00eancia iNFRA<\/strong>, o gerente de Gera\u00e7\u00e3o da Abrapch (Associa\u00e7\u00e3o Brasileira de Pequenas Centrais Hidrel\u00e9tricas e Centrais Geradoras Hidrel\u00e9tricas), Vinicius Murussi, explicou que a maior parte das usinas tipo III s\u00e3o PCHs (Pequenas Centrais Hidrel\u00e9tricas) e CGHs (Centrais Geradoras Hidrel\u00e9tricas). Segundo o t\u00e9cnico, a inten\u00e7\u00e3o do plano apresentado pelo ONS \u00e9 fazer uma \u201cmodula\u00e7\u00e3o ordenada\u201d dessas usinas, usando-as para atender ao pico de carga.<br><br>\u201cNa grande maioria, essas usinas est\u00e3o em redes de m\u00e9dia tens\u00e3o e essa informa\u00e7\u00e3o n\u00e3o chega para o Operador Nacional. E ent\u00e3o entra o papel da distribuidora de conseguir, junto com o ONS, fazer essa coordena\u00e7\u00e3o: em que momento \u00e9 prop\u00edcio ter essa gera\u00e7\u00e3o, quando que preciso ordenar isso\u201d, declarou. De acordo com ele, por exemplo, o estado de Mato Grosso tem cerca de 850 MW de pot\u00eancia nessas usinas que atualmente n\u00e3o s\u00e3o oper\u00e1veis porque o ONS n\u00e3o as \u201cenxerga\u201d.<br><br>No entanto, Murussi ressalta que \u00e9 necess\u00e1ria uma precifica\u00e7\u00e3o hor\u00e1ria para as usinas \u2013 como acontece no PLD-hor\u00e1rio (Pre\u00e7o de Liquida\u00e7\u00e3o das Diferen\u00e7as) no mercado livre \u2013 que valorize o adicional de flexibilidade que estariam oferecendo ao sistema. \u201cPrincipalmente as CGHs, s\u00e3o o que chamamos de \u2018bacias de acumula\u00e7\u00e3o\u2019. Elas n\u00e3o t\u00eam reservat\u00f3rio e precisamos equalizar isso, porque a usina, de certo modo, vai querer gerar 24 horas [por dia]. Tendo \u00e1gua, v\u00e3o querer produzir durante todo o per\u00edodo\u201d, explicou.\u00a0<br><br>O gerente da Abrapch explica ainda que a proposta \u00e9 equalizar, de forma cont\u00e1bil, a remunera\u00e7\u00e3o das usinas de forma que elas recebam como se tivessem gerado o dia inteiro. A iniciativa, no entanto, dependeria de adequar a regula\u00e7\u00e3o da ANEEL (Ag\u00eancia Nacional de Energia El\u00e9trica) a esse cen\u00e1rio.<br><br>O plano apresentado pelo operador est\u00e1 neste momento em an\u00e1lise pela ANEEL, a quem cabe a regulamenta\u00e7\u00e3o de uma norma, e envolve usinas como t\u00e9rmicas a biomassa, PCHs, CGHs e usinas de gera\u00e7\u00e3o solar conectadas diretamente \u00e0 rede de distribui\u00e7\u00e3o.\u00a0<br><br><strong>Medidas paliativas<\/strong><br>Elbia Gannoum, presidente da Abee\u00f3lica (Associa\u00e7\u00e3o Brasileira de Energia E\u00f3lica e Novas Tecnologias), aponta que o plano de operar as usinas tipo III \u00e9 mais uma \u201cmedida paliativa\u201d que se fez necess\u00e1ria para a opera\u00e7\u00e3o segura do sistema. Mas que, assim como ocorreu com os cortes da gera\u00e7\u00e3o centralizada, al\u00e9m de n\u00e3o solucionar o problema, traz consequ\u00eancias, ponderou.<br><br>Da mesma forma que os cortes levaram a um preju\u00edzo financeiro elevado para os geradores centralizados, que pedem ressarcimento, as usinas conectadas \u00e0 distribui\u00e7\u00e3o \u201ctamb\u00e9m v\u00e3o pedir ressarcimento&#8221;, avalia Elbia. \u201cVoc\u00ea n\u00e3o est\u00e1 resolvendo o problema na raiz. Voc\u00ea est\u00e1 trazendo medidas paliativas at\u00e9 voc\u00ea trazer uma solu\u00e7\u00e3o estrutural para o problema\u201d, disse \u00e0\u00a0<strong>Ag\u00eancia iNFRA<\/strong>.<br><br>A presidente da Abee\u00f3lica avalia que o ONS est\u00e1 tomando a decis\u00e3o certa com base na regula\u00e7\u00e3o existente, mas que \u00e9 uma &#8220;situa\u00e7\u00e3o provis\u00f3ria&#8221;. No seu entendimento, algumas solu\u00e7\u00f5es mais efetivas seriam: 1) a instala\u00e7\u00e3o de baterias \u2013 tanto no sistema, quanto na MMGD (Micro e Minigera\u00e7\u00e3o Distribu\u00edda) solar; 2) ado\u00e7\u00e3o de sinal de pre\u00e7o adequado, por meio de tarifas diferenciadas, como a tarifa hor\u00e1ria e a tarifa bin\u00f4mia; e 3) o fim dos subs\u00eddios, sendo este o mais estrutural.\u00a0<br><br>\u201cO Brasil tem que parar com subs\u00eddios. Chega de subs\u00eddios para qualquer fonte, porque os subs\u00eddios est\u00e3o dando um sinal perverso, est\u00e3o levando o setor el\u00e9trico para essa armadilha que n\u00f3s estamos agora, e n\u00e3o \u00e9 a primeira armadilha. N\u00f3s estamos enfrentando uma s\u00e9rie de armadilhas pelo excesso de subs\u00eddios neste pa\u00eds&#8221;, afirmou Elbia.<br><br><strong>\u2018Margem de manobra\u2019<\/strong><br>\u00c0\u00a0<strong>Ag\u00eancia iNFRA<\/strong>, o diretor de opera\u00e7\u00f5es do ONS, Christiano Vieira, destacou que o volume de 20 GW \u00e9 o potencial que poder\u00e1 ser controlado das usinas tipo III, mas o que de fato poder\u00e1 ser cortado ou modulado depende de alguns fatores, como relacionados \u00e0 rede, capacidade de modula\u00e7\u00e3o, supervis\u00e3o de distribuidoras, entre outros.\u00a0<br><br>Christiano ainda disse que, apesar do plano para gest\u00e3o do excedente de gera\u00e7\u00e3o, a prefer\u00eancia ser\u00e1 continuar operando as usinas centralizadas, avan\u00e7ando para as demais somente quando necess\u00e1rio para garantir a opera\u00e7\u00e3o segura do sistema.<br><br>\u201cA prefer\u00eancia \u00e9 sempre atuar no ambiente centralizado em e\u00f3lica e solar, mas podemos ir al\u00e9m disso nos momentos de vale [da carga] porque tem um limite [no centralizado]. A ideia \u00e9 ter margem de manobra. Isso aconteceria por meio das distribuidoras. Pode ser um corte, ou s\u00f3 uma modula\u00e7\u00e3o, que \u00e9 gerar menos em um hor\u00e1rio e mais em outro\u201d, disse o diretor \u00e0 imprensa ap\u00f3s cerim\u00f4nia do \u201c1\u00b0 Pr\u00eamio ONS de Qualidade na Opera\u00e7\u00e3o\u201d, no Rio de Janeiro.<br><br><strong><em>*Colaborou: Geraldo Campos Jr.<\/em><\/strong><\/p>\n","protected":false},"excerpt":{"rendered":"<p>Lais Carregosa, Gabriel Vasconcelos e Marisa Wanzeller, da Ag\u00eancia iNFRA* A possibilidade de controle das chamadas usinas de gera\u00e7\u00e3o distribu\u00edda tipo 3, que s\u00e3o empreendimentos maiores conectados diretamente \u00e0s redes das distribuidoras, pode envolver at\u00e9 20 GW (gigawatts), afirmou nesta quarta-feira (1\u00ba) o diretor-geral do ONS (Operador Nacional do Sistema El\u00e9trico), M\u00e1rcio Rea. No entanto, [&hellip;]<\/p>\n","protected":false},"author":1,"featured_media":29138,"comment_status":"closed","ping_status":"closed","sticky":false,"template":"","format":"standard","meta":{"_monsterinsights_skip_tracking":false,"_monsterinsights_sitenote_active":false,"_monsterinsights_sitenote_note":"","_monsterinsights_sitenote_category":0,"footnotes":""},"categories":[1,10],"tags":[14157,12154,11474,1082,25,13251,850,11594,13132,7366,216,54],"class_list":["post-29137","post","type-post","status-publish","format-standard","has-post-thumbnail","hentry","category-geral","category-infraenergia","tag-carlos-evangelista-abgd","tag-cortes-de-geracao","tag-curtailment","tag-distribuicao-de-energia","tag-energia","tag-gabriel-vasconcelos","tag-geracao-distribuida","tag-geraldo-campos-jr","tag-lais-carregosa","tag-marisa-wanzeller","tag-ons","tag-setor-eletrico"],"yoast_head":"<!-- This site is optimized with the Yoast SEO Premium plugin v25.4 (Yoast SEO v26.0) - https:\/\/yoast.com\/wordpress\/plugins\/seo\/ -->\n<title>ONS pode controlar 20 GW de GD, mas efeito no curtailment \u00e9 limitado - Ag\u00eancia iNFRA<\/title>\n<meta name=\"robots\" content=\"index, follow, max-snippet:-1, max-image-preview:large, max-video-preview:-1\" \/>\n<link rel=\"canonical\" href=\"https:\/\/agenciainfra.com\/blog\/ons-pode-controlar-20-gw-de-gd-mas-efeito-no-curtailment-e-limitado\/\" \/>\n<meta property=\"og:locale\" content=\"pt_BR\" \/>\n<meta property=\"og:type\" content=\"article\" \/>\n<meta property=\"og:title\" content=\"ONS pode controlar 20 GW de GD, mas efeito no curtailment \u00e9 limitado\" \/>\n<meta property=\"og:description\" content=\"Lais Carregosa, Gabriel Vasconcelos e Marisa Wanzeller, da Ag\u00eancia iNFRA* A possibilidade de controle das chamadas usinas de gera\u00e7\u00e3o distribu\u00edda tipo 3, que s\u00e3o empreendimentos maiores conectados diretamente \u00e0s redes das distribuidoras, pode envolver at\u00e9 20 GW (gigawatts), afirmou nesta quarta-feira (1\u00ba) o diretor-geral do ONS (Operador Nacional do Sistema El\u00e9trico), M\u00e1rcio Rea. No entanto, [&hellip;]\" \/>\n<meta property=\"og:url\" content=\"https:\/\/agenciainfra.com\/blog\/ons-pode-controlar-20-gw-de-gd-mas-efeito-no-curtailment-e-limitado\/\" \/>\n<meta property=\"og:site_name\" content=\"Ag\u00eancia iNFRA\" \/>\n<meta property=\"article:publisher\" content=\"https:\/\/www.facebook.com\/ageninfra\" \/>\n<meta property=\"article:published_time\" content=\"2025-10-02T13:00:00+00:00\" \/>\n<meta property=\"article:modified_time\" content=\"2025-10-03T19:02:44+00:00\" \/>\n<meta property=\"og:image\" content=\"https:\/\/agenciainfra.com\/blog\/wp-content\/uploads\/2025\/10\/Marcio-Rea-diretor-geral-ONS-foto-ricardo-botelho-mme.jpg\" \/>\n\t<meta property=\"og:image:width\" content=\"1024\" \/>\n\t<meta property=\"og:image:height\" content=\"682\" \/>\n\t<meta property=\"og:image:type\" content=\"image\/jpeg\" \/>\n<meta name=\"author\" content=\"Ag\u00eancia iNFRA\" \/>\n<meta name=\"twitter:card\" content=\"summary_large_image\" \/>\n<meta name=\"twitter:creator\" content=\"@agencia_infra\" \/>\n<meta name=\"twitter:site\" content=\"@agencia_infra\" \/>\n<meta name=\"twitter:label1\" content=\"Escrito por\" \/>\n\t<meta name=\"twitter:data1\" content=\"Ag\u00eancia iNFRA\" \/>\n\t<meta name=\"twitter:label2\" content=\"Est. tempo de leitura\" \/>\n\t<meta name=\"twitter:data2\" content=\"6 minutos\" \/>\n<script type=\"application\/ld+json\" class=\"yoast-schema-graph\">{\"@context\":\"https:\/\/schema.org\",\"@graph\":[{\"@type\":\"Article\",\"@id\":\"https:\/\/agenciainfra.com\/blog\/ons-pode-controlar-20-gw-de-gd-mas-efeito-no-curtailment-e-limitado\/#article\",\"isPartOf\":{\"@id\":\"https:\/\/agenciainfra.com\/blog\/ons-pode-controlar-20-gw-de-gd-mas-efeito-no-curtailment-e-limitado\/\"},\"author\":{\"name\":\"Ag\u00eancia iNFRA\",\"@id\":\"https:\/\/agenciainfra.com\/blog\/#\/schema\/person\/34af08dff6adea4cb22b06612ba7acfa\"},\"headline\":\"ONS pode controlar 20 GW de GD, mas efeito no curtailment \u00e9 limitado\",\"datePublished\":\"2025-10-02T13:00:00+00:00\",\"dateModified\":\"2025-10-03T19:02:44+00:00\",\"mainEntityOfPage\":{\"@id\":\"https:\/\/agenciainfra.com\/blog\/ons-pode-controlar-20-gw-de-gd-mas-efeito-no-curtailment-e-limitado\/\"},\"wordCount\":1165,\"publisher\":{\"@id\":\"https:\/\/agenciainfra.com\/blog\/#organization\"},\"image\":{\"@id\":\"https:\/\/agenciainfra.com\/blog\/ons-pode-controlar-20-gw-de-gd-mas-efeito-no-curtailment-e-limitado\/#primaryimage\"},\"thumbnailUrl\":\"https:\/\/agenciainfra.com\/blog\/wp-content\/uploads\/2025\/10\/Marcio-Rea-diretor-geral-ONS-foto-ricardo-botelho-mme.jpg\",\"keywords\":[\"carlos evangelista abgd\",\"cortes de gera\u00e7\u00e3o\",\"curtailment\",\"distribui\u00e7\u00e3o de energia\",\"energia\",\"Gabriel Vasconcelos\",\"gera\u00e7\u00e3o distribu\u00edda\",\"Geraldo Campos Jr.\",\"Lais Carregosa\",\"Marisa Wanzeller\",\"ONS\",\"Setor El\u00e9trico\"],\"articleSection\":[\"Geral\",\"iNFRAEnergia\"],\"inLanguage\":\"pt-BR\",\"copyrightYear\":\"2025\",\"copyrightHolder\":{\"@id\":\"https:\/\/agenciainfra.com\/blog\/#organization\"}},{\"@type\":\"WebPage\",\"@id\":\"https:\/\/agenciainfra.com\/blog\/ons-pode-controlar-20-gw-de-gd-mas-efeito-no-curtailment-e-limitado\/\",\"url\":\"https:\/\/agenciainfra.com\/blog\/ons-pode-controlar-20-gw-de-gd-mas-efeito-no-curtailment-e-limitado\/\",\"name\":\"ONS pode controlar 20 GW de GD, mas efeito no curtailment \u00e9 limitado - Ag\u00eancia iNFRA\",\"isPartOf\":{\"@id\":\"https:\/\/agenciainfra.com\/blog\/#website\"},\"primaryImageOfPage\":{\"@id\":\"https:\/\/agenciainfra.com\/blog\/ons-pode-controlar-20-gw-de-gd-mas-efeito-no-curtailment-e-limitado\/#primaryimage\"},\"image\":{\"@id\":\"https:\/\/agenciainfra.com\/blog\/ons-pode-controlar-20-gw-de-gd-mas-efeito-no-curtailment-e-limitado\/#primaryimage\"},\"thumbnailUrl\":\"https:\/\/agenciainfra.com\/blog\/wp-content\/uploads\/2025\/10\/Marcio-Rea-diretor-geral-ONS-foto-ricardo-botelho-mme.jpg\",\"datePublished\":\"2025-10-02T13:00:00+00:00\",\"dateModified\":\"2025-10-03T19:02:44+00:00\",\"breadcrumb\":{\"@id\":\"https:\/\/agenciainfra.com\/blog\/ons-pode-controlar-20-gw-de-gd-mas-efeito-no-curtailment-e-limitado\/#breadcrumb\"},\"inLanguage\":\"pt-BR\",\"potentialAction\":[{\"@type\":\"ReadAction\",\"target\":[\"https:\/\/agenciainfra.com\/blog\/ons-pode-controlar-20-gw-de-gd-mas-efeito-no-curtailment-e-limitado\/\"]}]},{\"@type\":\"ImageObject\",\"inLanguage\":\"pt-BR\",\"@id\":\"https:\/\/agenciainfra.com\/blog\/ons-pode-controlar-20-gw-de-gd-mas-efeito-no-curtailment-e-limitado\/#primaryimage\",\"url\":\"https:\/\/agenciainfra.com\/blog\/wp-content\/uploads\/2025\/10\/Marcio-Rea-diretor-geral-ONS-foto-ricardo-botelho-mme.jpg\",\"contentUrl\":\"https:\/\/agenciainfra.com\/blog\/wp-content\/uploads\/2025\/10\/Marcio-Rea-diretor-geral-ONS-foto-ricardo-botelho-mme.jpg\",\"width\":1024,\"height\":682,\"caption\":\"Foto: Ricardo Botelho\/MME\"},{\"@type\":\"BreadcrumbList\",\"@id\":\"https:\/\/agenciainfra.com\/blog\/ons-pode-controlar-20-gw-de-gd-mas-efeito-no-curtailment-e-limitado\/#breadcrumb\",\"itemListElement\":[{\"@type\":\"ListItem\",\"position\":1,\"name\":\"In\u00edcio\",\"item\":\"https:\/\/agenciainfra.com\/blog\/\"},{\"@type\":\"ListItem\",\"position\":2,\"name\":\"ONS pode controlar 20 GW de GD, mas efeito no curtailment \u00e9 limitado\"}]},{\"@type\":\"WebSite\",\"@id\":\"https:\/\/agenciainfra.com\/blog\/#website\",\"url\":\"https:\/\/agenciainfra.com\/blog\/\",\"name\":\"Ag\u00eancia iNFRA\",\"description\":\"Multiplataforma de informa\u00e7\u00e3o jornal\u00edstica refer\u00eancia na \u00e1rea de infraestrutura no Brasil!\",\"publisher\":{\"@id\":\"https:\/\/agenciainfra.com\/blog\/#organization\"},\"potentialAction\":[{\"@type\":\"SearchAction\",\"target\":{\"@type\":\"EntryPoint\",\"urlTemplate\":\"https:\/\/agenciainfra.com\/blog\/?s={search_term_string}\"},\"query-input\":{\"@type\":\"PropertyValueSpecification\",\"valueRequired\":true,\"valueName\":\"search_term_string\"}}],\"inLanguage\":\"pt-BR\"},{\"@type\":\"Organization\",\"@id\":\"https:\/\/agenciainfra.com\/blog\/#organization\",\"name\":\"Ag\u00eancia iNFRA\",\"url\":\"https:\/\/agenciainfra.com\/blog\/\",\"logo\":{\"@type\":\"ImageObject\",\"inLanguage\":\"pt-BR\",\"@id\":\"https:\/\/agenciainfra.com\/blog\/#\/schema\/logo\/image\/\",\"url\":\"https:\/\/agenciainfra.com\/blog\/wp-content\/uploads\/2023\/09\/iNFRA_5-e1761735885940.png\",\"contentUrl\":\"https:\/\/agenciainfra.com\/blog\/wp-content\/uploads\/2023\/09\/iNFRA_5-e1761735885940.png\",\"width\":1672,\"height\":454,\"caption\":\"Ag\u00eancia iNFRA\"},\"image\":{\"@id\":\"https:\/\/agenciainfra.com\/blog\/#\/schema\/logo\/image\/\"},\"sameAs\":[\"https:\/\/www.facebook.com\/ageninfra\",\"https:\/\/x.com\/agencia_infra\",\"https:\/\/www.linkedin.com\/company\/ag\u00eanciainfra\/\",\"https:\/\/www.instagram.com\/agenciainfra\/\"]},{\"@type\":\"Person\",\"@id\":\"https:\/\/agenciainfra.com\/blog\/#\/schema\/person\/34af08dff6adea4cb22b06612ba7acfa\",\"name\":\"Ag\u00eancia iNFRA\",\"image\":{\"@type\":\"ImageObject\",\"inLanguage\":\"pt-BR\",\"@id\":\"https:\/\/agenciainfra.com\/blog\/#\/schema\/person\/image\/\",\"url\":\"https:\/\/secure.gravatar.com\/avatar\/d189e01678f06d8eb84d4e01f08eb848b3fffe3f8443818d3c356c66892f5be8?s=96&d=mm&r=g\",\"contentUrl\":\"https:\/\/secure.gravatar.com\/avatar\/d189e01678f06d8eb84d4e01f08eb848b3fffe3f8443818d3c356c66892f5be8?s=96&d=mm&r=g\",\"caption\":\"Ag\u00eancia iNFRA\"},\"url\":\"https:\/\/agenciainfra.com\/blog\/author\/admin\/\"}]}<\/script>\n<!-- \/ Yoast SEO Premium plugin. -->","yoast_head_json":{"title":"ONS pode controlar 20 GW de GD, mas efeito no curtailment \u00e9 limitado - Ag\u00eancia iNFRA","robots":{"index":"index","follow":"follow","max-snippet":"max-snippet:-1","max-image-preview":"max-image-preview:large","max-video-preview":"max-video-preview:-1"},"canonical":"https:\/\/agenciainfra.com\/blog\/ons-pode-controlar-20-gw-de-gd-mas-efeito-no-curtailment-e-limitado\/","og_locale":"pt_BR","og_type":"article","og_title":"ONS pode controlar 20 GW de GD, mas efeito no curtailment \u00e9 limitado","og_description":"Lais Carregosa, Gabriel Vasconcelos e Marisa Wanzeller, da Ag\u00eancia iNFRA* A possibilidade de controle das chamadas usinas de gera\u00e7\u00e3o distribu\u00edda tipo 3, que s\u00e3o empreendimentos maiores conectados diretamente \u00e0s redes das distribuidoras, pode envolver at\u00e9 20 GW (gigawatts), afirmou nesta quarta-feira (1\u00ba) o diretor-geral do ONS (Operador Nacional do Sistema El\u00e9trico), M\u00e1rcio Rea. No entanto, [&hellip;]","og_url":"https:\/\/agenciainfra.com\/blog\/ons-pode-controlar-20-gw-de-gd-mas-efeito-no-curtailment-e-limitado\/","og_site_name":"Ag\u00eancia iNFRA","article_publisher":"https:\/\/www.facebook.com\/ageninfra","article_published_time":"2025-10-02T13:00:00+00:00","article_modified_time":"2025-10-03T19:02:44+00:00","og_image":[{"width":1024,"height":682,"url":"https:\/\/agenciainfra.com\/blog\/wp-content\/uploads\/2025\/10\/Marcio-Rea-diretor-geral-ONS-foto-ricardo-botelho-mme.jpg","type":"image\/jpeg"}],"author":"Ag\u00eancia iNFRA","twitter_card":"summary_large_image","twitter_creator":"@agencia_infra","twitter_site":"@agencia_infra","twitter_misc":{"Escrito por":"Ag\u00eancia iNFRA","Est. tempo de leitura":"6 minutos"},"schema":{"@context":"https:\/\/schema.org","@graph":[{"@type":"Article","@id":"https:\/\/agenciainfra.com\/blog\/ons-pode-controlar-20-gw-de-gd-mas-efeito-no-curtailment-e-limitado\/#article","isPartOf":{"@id":"https:\/\/agenciainfra.com\/blog\/ons-pode-controlar-20-gw-de-gd-mas-efeito-no-curtailment-e-limitado\/"},"author":{"name":"Ag\u00eancia iNFRA","@id":"https:\/\/agenciainfra.com\/blog\/#\/schema\/person\/34af08dff6adea4cb22b06612ba7acfa"},"headline":"ONS pode controlar 20 GW de GD, mas efeito no curtailment \u00e9 limitado","datePublished":"2025-10-02T13:00:00+00:00","dateModified":"2025-10-03T19:02:44+00:00","mainEntityOfPage":{"@id":"https:\/\/agenciainfra.com\/blog\/ons-pode-controlar-20-gw-de-gd-mas-efeito-no-curtailment-e-limitado\/"},"wordCount":1165,"publisher":{"@id":"https:\/\/agenciainfra.com\/blog\/#organization"},"image":{"@id":"https:\/\/agenciainfra.com\/blog\/ons-pode-controlar-20-gw-de-gd-mas-efeito-no-curtailment-e-limitado\/#primaryimage"},"thumbnailUrl":"https:\/\/agenciainfra.com\/blog\/wp-content\/uploads\/2025\/10\/Marcio-Rea-diretor-geral-ONS-foto-ricardo-botelho-mme.jpg","keywords":["carlos evangelista abgd","cortes de gera\u00e7\u00e3o","curtailment","distribui\u00e7\u00e3o de energia","energia","Gabriel Vasconcelos","gera\u00e7\u00e3o distribu\u00edda","Geraldo Campos Jr.","Lais Carregosa","Marisa Wanzeller","ONS","Setor El\u00e9trico"],"articleSection":["Geral","iNFRAEnergia"],"inLanguage":"pt-BR","copyrightYear":"2025","copyrightHolder":{"@id":"https:\/\/agenciainfra.com\/blog\/#organization"}},{"@type":"WebPage","@id":"https:\/\/agenciainfra.com\/blog\/ons-pode-controlar-20-gw-de-gd-mas-efeito-no-curtailment-e-limitado\/","url":"https:\/\/agenciainfra.com\/blog\/ons-pode-controlar-20-gw-de-gd-mas-efeito-no-curtailment-e-limitado\/","name":"ONS pode controlar 20 GW de GD, mas efeito no curtailment \u00e9 limitado - Ag\u00eancia iNFRA","isPartOf":{"@id":"https:\/\/agenciainfra.com\/blog\/#website"},"primaryImageOfPage":{"@id":"https:\/\/agenciainfra.com\/blog\/ons-pode-controlar-20-gw-de-gd-mas-efeito-no-curtailment-e-limitado\/#primaryimage"},"image":{"@id":"https:\/\/agenciainfra.com\/blog\/ons-pode-controlar-20-gw-de-gd-mas-efeito-no-curtailment-e-limitado\/#primaryimage"},"thumbnailUrl":"https:\/\/agenciainfra.com\/blog\/wp-content\/uploads\/2025\/10\/Marcio-Rea-diretor-geral-ONS-foto-ricardo-botelho-mme.jpg","datePublished":"2025-10-02T13:00:00+00:00","dateModified":"2025-10-03T19:02:44+00:00","breadcrumb":{"@id":"https:\/\/agenciainfra.com\/blog\/ons-pode-controlar-20-gw-de-gd-mas-efeito-no-curtailment-e-limitado\/#breadcrumb"},"inLanguage":"pt-BR","potentialAction":[{"@type":"ReadAction","target":["https:\/\/agenciainfra.com\/blog\/ons-pode-controlar-20-gw-de-gd-mas-efeito-no-curtailment-e-limitado\/"]}]},{"@type":"ImageObject","inLanguage":"pt-BR","@id":"https:\/\/agenciainfra.com\/blog\/ons-pode-controlar-20-gw-de-gd-mas-efeito-no-curtailment-e-limitado\/#primaryimage","url":"https:\/\/agenciainfra.com\/blog\/wp-content\/uploads\/2025\/10\/Marcio-Rea-diretor-geral-ONS-foto-ricardo-botelho-mme.jpg","contentUrl":"https:\/\/agenciainfra.com\/blog\/wp-content\/uploads\/2025\/10\/Marcio-Rea-diretor-geral-ONS-foto-ricardo-botelho-mme.jpg","width":1024,"height":682,"caption":"Foto: Ricardo Botelho\/MME"},{"@type":"BreadcrumbList","@id":"https:\/\/agenciainfra.com\/blog\/ons-pode-controlar-20-gw-de-gd-mas-efeito-no-curtailment-e-limitado\/#breadcrumb","itemListElement":[{"@type":"ListItem","position":1,"name":"In\u00edcio","item":"https:\/\/agenciainfra.com\/blog\/"},{"@type":"ListItem","position":2,"name":"ONS pode controlar 20 GW de GD, mas efeito no curtailment \u00e9 limitado"}]},{"@type":"WebSite","@id":"https:\/\/agenciainfra.com\/blog\/#website","url":"https:\/\/agenciainfra.com\/blog\/","name":"Ag\u00eancia iNFRA","description":"Multiplataforma de informa\u00e7\u00e3o jornal\u00edstica refer\u00eancia na \u00e1rea de infraestrutura no Brasil!","publisher":{"@id":"https:\/\/agenciainfra.com\/blog\/#organization"},"potentialAction":[{"@type":"SearchAction","target":{"@type":"EntryPoint","urlTemplate":"https:\/\/agenciainfra.com\/blog\/?s={search_term_string}"},"query-input":{"@type":"PropertyValueSpecification","valueRequired":true,"valueName":"search_term_string"}}],"inLanguage":"pt-BR"},{"@type":"Organization","@id":"https:\/\/agenciainfra.com\/blog\/#organization","name":"Ag\u00eancia iNFRA","url":"https:\/\/agenciainfra.com\/blog\/","logo":{"@type":"ImageObject","inLanguage":"pt-BR","@id":"https:\/\/agenciainfra.com\/blog\/#\/schema\/logo\/image\/","url":"https:\/\/agenciainfra.com\/blog\/wp-content\/uploads\/2023\/09\/iNFRA_5-e1761735885940.png","contentUrl":"https:\/\/agenciainfra.com\/blog\/wp-content\/uploads\/2023\/09\/iNFRA_5-e1761735885940.png","width":1672,"height":454,"caption":"Ag\u00eancia iNFRA"},"image":{"@id":"https:\/\/agenciainfra.com\/blog\/#\/schema\/logo\/image\/"},"sameAs":["https:\/\/www.facebook.com\/ageninfra","https:\/\/x.com\/agencia_infra","https:\/\/www.linkedin.com\/company\/ag\u00eanciainfra\/","https:\/\/www.instagram.com\/agenciainfra\/"]},{"@type":"Person","@id":"https:\/\/agenciainfra.com\/blog\/#\/schema\/person\/34af08dff6adea4cb22b06612ba7acfa","name":"Ag\u00eancia iNFRA","image":{"@type":"ImageObject","inLanguage":"pt-BR","@id":"https:\/\/agenciainfra.com\/blog\/#\/schema\/person\/image\/","url":"https:\/\/secure.gravatar.com\/avatar\/d189e01678f06d8eb84d4e01f08eb848b3fffe3f8443818d3c356c66892f5be8?s=96&d=mm&r=g","contentUrl":"https:\/\/secure.gravatar.com\/avatar\/d189e01678f06d8eb84d4e01f08eb848b3fffe3f8443818d3c356c66892f5be8?s=96&d=mm&r=g","caption":"Ag\u00eancia iNFRA"},"url":"https:\/\/agenciainfra.com\/blog\/author\/admin\/"}]}},"_links":{"self":[{"href":"https:\/\/agenciainfra.com\/blog\/wp-json\/wp\/v2\/posts\/29137","targetHints":{"allow":["GET"]}}],"collection":[{"href":"https:\/\/agenciainfra.com\/blog\/wp-json\/wp\/v2\/posts"}],"about":[{"href":"https:\/\/agenciainfra.com\/blog\/wp-json\/wp\/v2\/types\/post"}],"author":[{"embeddable":true,"href":"https:\/\/agenciainfra.com\/blog\/wp-json\/wp\/v2\/users\/1"}],"replies":[{"embeddable":true,"href":"https:\/\/agenciainfra.com\/blog\/wp-json\/wp\/v2\/comments?post=29137"}],"version-history":[{"count":2,"href":"https:\/\/agenciainfra.com\/blog\/wp-json\/wp\/v2\/posts\/29137\/revisions"}],"predecessor-version":[{"id":29171,"href":"https:\/\/agenciainfra.com\/blog\/wp-json\/wp\/v2\/posts\/29137\/revisions\/29171"}],"wp:featuredmedia":[{"embeddable":true,"href":"https:\/\/agenciainfra.com\/blog\/wp-json\/wp\/v2\/media\/29138"}],"wp:attachment":[{"href":"https:\/\/agenciainfra.com\/blog\/wp-json\/wp\/v2\/media?parent=29137"}],"wp:term":[{"taxonomy":"category","embeddable":true,"href":"https:\/\/agenciainfra.com\/blog\/wp-json\/wp\/v2\/categories?post=29137"},{"taxonomy":"post_tag","embeddable":true,"href":"https:\/\/agenciainfra.com\/blog\/wp-json\/wp\/v2\/tags?post=29137"}],"curies":[{"name":"wp","href":"https:\/\/api.w.org\/{rel}","templated":true}]}}