{"id":29204,"date":"2025-10-02T20:30:00","date_gmt":"2025-10-02T23:30:00","guid":{"rendered":"https:\/\/agenciainfra.com\/blog\/?p=29204"},"modified":"2025-10-06T11:18:54","modified_gmt":"2025-10-06T14:18:54","slug":"ferrograo-stf-comeca-julgamento-e-moraes-lera-voto-na-proxima-quarta-8","status":"publish","type":"post","link":"https:\/\/agenciainfra.com\/blog\/ferrograo-stf-comeca-julgamento-e-moraes-lera-voto-na-proxima-quarta-8\/","title":{"rendered":"Ferrogr\u00e3o: STF come\u00e7a julgamento e Moraes ler\u00e1 voto na quarta (8)"},"content":{"rendered":"\n<p class=\"has-text-align-right\"><strong>Amanda Pupo, da Ag\u00eancia iNFRA<\/strong><\/p>\n\n\n\n<p>O julgamento pelo STF (Supremo Tribunal Federal) de a\u00e7\u00e3o do Psol que questiona a implanta\u00e7\u00e3o da Ferrogr\u00e3o foi iniciado nesta quinta-feira (2) com as sustenta\u00e7\u00f5es orais dos interessados e ser\u00e1 retomado na pr\u00f3xima quarta-feira (8), quando o relator, ministro Alexandre de Moraes, apresentar\u00e1 seu voto. Na sess\u00e3o desta quinta, Moraes apenas leu o relat\u00f3rio do processo \u2013 uma esp\u00e9cie de resumo dos tr\u00e2mites \u2013, sem dar indica\u00e7\u00f5es de qual deve ser sua posi\u00e7\u00e3o final.<\/p>\n\n\n\n<p>Em 2021, Moraes atendeu liminarmente o pedido do Psol e suspendeu a lei que abria caminho para o projeto, impedindo avan\u00e7os para a estrutura\u00e7\u00e3o da Ferrogr\u00e3o. Em 2023, o ministro autorizou apenas que o governo retomasse os estudos para a ferrovia, mas a execu\u00e7\u00e3o ainda ficou pendente de nova avalia\u00e7\u00e3o pela corte. No relat\u00f3rio lido hoje, Moraes lembrou tamb\u00e9m que o caso chegou a ser encaminhado para o Cesal (Centro de Solu\u00e7\u00f5es Alternativas de Lit\u00edgios) do STF.<\/p>\n\n\n\n<p>Em seu parecer sobre as negocia\u00e7\u00f5es, o Cesal apontou que o projeto ainda precisa avan\u00e7ar muitas etapas na burocracia do Executivo para sair do papel, n\u00e3o sendo consensual nem dentro do pr\u00f3prio governo, com muitas ressalvas da \u00e1rea ambiental e vis\u00e3o \u201cmais otimista\u201d do Minist\u00e9rio dos Transportes e da ANTT (Ag\u00eancia Nacional de Transportes Terrestres).<\/p>\n\n\n\n<p>Nas sustenta\u00e7\u00f5es orais feitas hoje, o Psol refor\u00e7ou seu pedido pela inconstitucionalidade da lei que mexeu no tra\u00e7ado do Parque do Jamanxim. A AGU (Advocacia-Geral da Uni\u00e3o) tamb\u00e9m repetiu seu entendimento dado em 2023, para que o Supremo aceite a a\u00e7\u00e3o do partido, mas destacou que isso n\u00e3o implica num posicionamento institucional contr\u00e1rio ao projeto, desde que observados os requisitos legais e ambientais aplic\u00e1veis.<\/p>\n\n\n\n<p>\u201cO empreendimento poder\u00e1 trazer avan\u00e7o log\u00edstico para o pa\u00eds (\u2026) reduzir o tr\u00e1fego de caminh\u00f5es, com efeitos positivos sobre a malha rodovi\u00e1ria e sobre o meio ambiente\u201d, disse o representante da AGU, Antonio Marinho da Rocha Neto.<\/p>\n","protected":false},"excerpt":{"rendered":"<p>Amanda Pupo, da Ag\u00eancia iNFRA O julgamento pelo STF (Supremo Tribunal Federal) de a\u00e7\u00e3o do Psol que questiona a implanta\u00e7\u00e3o da Ferrogr\u00e3o foi iniciado nesta quinta-feira (2) com as sustenta\u00e7\u00f5es orais dos interessados e ser\u00e1 retomado na pr\u00f3xima quarta-feira (8), quando o relator, ministro Alexandre de Moraes, apresentar\u00e1 seu voto. Na sess\u00e3o desta quinta, Moraes [&hellip;]<\/p>\n","protected":false},"author":1,"featured_media":29206,"comment_status":"closed","ping_status":"closed","sticky":false,"template":"","format":"standard","meta":{"_monsterinsights_skip_tracking":false,"_monsterinsights_sitenote_active":false,"_monsterinsights_sitenote_note":"","_monsterinsights_sitenote_category":0,"footnotes":""},"categories":[7250,1,7],"tags":[353,3738,19,15846,158,79,34,15845,653,66,849,16,15844,7800,372,1033],"class_list":["post-29204","post","type-post","status-publish","format-standard","has-post-thumbnail","hentry","category-destaque-lista","category-geral","category-infratransporte","tag-agu","tag-alexandre-de-moraes","tag-antt","tag-cesal","tag-ferrograo","tag-ferrovia","tag-infraestrutura","tag-julgamento","tag-liminar","tag-logistica","tag-meio-ambiente","tag-ministerio-dos-transportes","tag-parque-do-jamanxim","tag-psol","tag-stf","tag-transporte-ferroviario"],"yoast_head":"<!-- This site is optimized with the Yoast SEO Premium plugin v25.4 (Yoast SEO v26.0) - https:\/\/yoast.com\/wordpress\/plugins\/seo\/ -->\n<title>Ferrogr\u00e3o: STF come\u00e7a julgamento e Moraes ler\u00e1 voto na quarta (8) - Ag\u00eancia iNFRA<\/title>\n<meta name=\"robots\" content=\"index, follow, max-snippet:-1, max-image-preview:large, max-video-preview:-1\" \/>\n<link rel=\"canonical\" href=\"https:\/\/agenciainfra.com\/blog\/ferrograo-stf-comeca-julgamento-e-moraes-lera-voto-na-proxima-quarta-8\/\" \/>\n<meta property=\"og:locale\" content=\"pt_BR\" \/>\n<meta property=\"og:type\" content=\"article\" \/>\n<meta property=\"og:title\" content=\"Ferrogr\u00e3o: STF come\u00e7a julgamento e Moraes ler\u00e1 voto na quarta (8)\" \/>\n<meta property=\"og:description\" content=\"Amanda Pupo, da Ag\u00eancia iNFRA O julgamento pelo STF (Supremo Tribunal Federal) de a\u00e7\u00e3o do Psol que questiona a implanta\u00e7\u00e3o da Ferrogr\u00e3o foi iniciado nesta quinta-feira (2) com as sustenta\u00e7\u00f5es orais dos interessados e ser\u00e1 retomado na pr\u00f3xima quarta-feira (8), quando o relator, ministro Alexandre de Moraes, apresentar\u00e1 seu voto. Na sess\u00e3o desta quinta, Moraes [&hellip;]\" \/>\n<meta property=\"og:url\" content=\"https:\/\/agenciainfra.com\/blog\/ferrograo-stf-comeca-julgamento-e-moraes-lera-voto-na-proxima-quarta-8\/\" \/>\n<meta property=\"og:site_name\" content=\"Ag\u00eancia iNFRA\" \/>\n<meta property=\"article:publisher\" content=\"https:\/\/www.facebook.com\/ageninfra\" \/>\n<meta property=\"article:published_time\" content=\"2025-10-02T23:30:00+00:00\" \/>\n<meta property=\"article:modified_time\" content=\"2025-10-06T14:18:54+00:00\" \/>\n<meta property=\"og:image\" content=\"https:\/\/agenciainfra.com\/blog\/wp-content\/uploads\/2025\/10\/ferrograo-stf-foto-flickr.jpg\" \/>\n\t<meta property=\"og:image:width\" content=\"2048\" \/>\n\t<meta property=\"og:image:height\" content=\"1366\" \/>\n\t<meta property=\"og:image:type\" content=\"image\/jpeg\" \/>\n<meta name=\"author\" content=\"Ag\u00eancia iNFRA\" \/>\n<meta name=\"twitter:card\" content=\"summary_large_image\" \/>\n<meta name=\"twitter:creator\" content=\"@agencia_infra\" \/>\n<meta name=\"twitter:site\" content=\"@agencia_infra\" \/>\n<meta name=\"twitter:label1\" content=\"Escrito por\" \/>\n\t<meta name=\"twitter:data1\" content=\"Ag\u00eancia iNFRA\" \/>\n\t<meta name=\"twitter:label2\" content=\"Est. tempo de leitura\" \/>\n\t<meta name=\"twitter:data2\" content=\"2 minutos\" \/>\n<script type=\"application\/ld+json\" class=\"yoast-schema-graph\">{\"@context\":\"https:\/\/schema.org\",\"@graph\":[{\"@type\":\"Article\",\"@id\":\"https:\/\/agenciainfra.com\/blog\/ferrograo-stf-comeca-julgamento-e-moraes-lera-voto-na-proxima-quarta-8\/#article\",\"isPartOf\":{\"@id\":\"https:\/\/agenciainfra.com\/blog\/ferrograo-stf-comeca-julgamento-e-moraes-lera-voto-na-proxima-quarta-8\/\"},\"author\":{\"name\":\"Ag\u00eancia iNFRA\",\"@id\":\"https:\/\/agenciainfra.com\/blog\/#\/schema\/person\/34af08dff6adea4cb22b06612ba7acfa\"},\"headline\":\"Ferrogr\u00e3o: STF come\u00e7a julgamento e Moraes ler\u00e1 voto na quarta (8)\",\"datePublished\":\"2025-10-02T23:30:00+00:00\",\"dateModified\":\"2025-10-06T14:18:54+00:00\",\"mainEntityOfPage\":{\"@id\":\"https:\/\/agenciainfra.com\/blog\/ferrograo-stf-comeca-julgamento-e-moraes-lera-voto-na-proxima-quarta-8\/\"},\"wordCount\":359,\"publisher\":{\"@id\":\"https:\/\/agenciainfra.com\/blog\/#organization\"},\"image\":{\"@id\":\"https:\/\/agenciainfra.com\/blog\/ferrograo-stf-comeca-julgamento-e-moraes-lera-voto-na-proxima-quarta-8\/#primaryimage\"},\"thumbnailUrl\":\"https:\/\/agenciainfra.com\/blog\/wp-content\/uploads\/2025\/10\/ferrograo-stf-foto-flickr.jpg\",\"keywords\":[\"AGU\",\"Alexandre de Moraes\",\"ANTT\",\"Cesal\",\"Ferrogr\u00e3o\",\"Ferrovia\",\"Infraestrutura\",\"julgamento\",\"Liminar\",\"log\u00edstica\",\"meio ambiente\",\"minist\u00e9rio dos transportes\",\"Parque do Jamanxim\",\"PSOL\",\"STF\",\"transporte ferrovi\u00e1rio\"],\"articleSection\":[\"Destaque lista\",\"Geral\",\"iNFRATransporte\"],\"inLanguage\":\"pt-BR\",\"copyrightYear\":\"2025\",\"copyrightHolder\":{\"@id\":\"https:\/\/agenciainfra.com\/blog\/#organization\"}},{\"@type\":\"WebPage\",\"@id\":\"https:\/\/agenciainfra.com\/blog\/ferrograo-stf-comeca-julgamento-e-moraes-lera-voto-na-proxima-quarta-8\/\",\"url\":\"https:\/\/agenciainfra.com\/blog\/ferrograo-stf-comeca-julgamento-e-moraes-lera-voto-na-proxima-quarta-8\/\",\"name\":\"Ferrogr\u00e3o: STF come\u00e7a julgamento e Moraes ler\u00e1 voto na quarta (8) - Ag\u00eancia iNFRA\",\"isPartOf\":{\"@id\":\"https:\/\/agenciainfra.com\/blog\/#website\"},\"primaryImageOfPage\":{\"@id\":\"https:\/\/agenciainfra.com\/blog\/ferrograo-stf-comeca-julgamento-e-moraes-lera-voto-na-proxima-quarta-8\/#primaryimage\"},\"image\":{\"@id\":\"https:\/\/agenciainfra.com\/blog\/ferrograo-stf-comeca-julgamento-e-moraes-lera-voto-na-proxima-quarta-8\/#primaryimage\"},\"thumbnailUrl\":\"https:\/\/agenciainfra.com\/blog\/wp-content\/uploads\/2025\/10\/ferrograo-stf-foto-flickr.jpg\",\"datePublished\":\"2025-10-02T23:30:00+00:00\",\"dateModified\":\"2025-10-06T14:18:54+00:00\",\"breadcrumb\":{\"@id\":\"https:\/\/agenciainfra.com\/blog\/ferrograo-stf-comeca-julgamento-e-moraes-lera-voto-na-proxima-quarta-8\/#breadcrumb\"},\"inLanguage\":\"pt-BR\",\"potentialAction\":[{\"@type\":\"ReadAction\",\"target\":[\"https:\/\/agenciainfra.com\/blog\/ferrograo-stf-comeca-julgamento-e-moraes-lera-voto-na-proxima-quarta-8\/\"]}]},{\"@type\":\"ImageObject\",\"inLanguage\":\"pt-BR\",\"@id\":\"https:\/\/agenciainfra.com\/blog\/ferrograo-stf-comeca-julgamento-e-moraes-lera-voto-na-proxima-quarta-8\/#primaryimage\",\"url\":\"https:\/\/agenciainfra.com\/blog\/wp-content\/uploads\/2025\/10\/ferrograo-stf-foto-flickr.jpg\",\"contentUrl\":\"https:\/\/agenciainfra.com\/blog\/wp-content\/uploads\/2025\/10\/ferrograo-stf-foto-flickr.jpg\",\"width\":2048,\"height\":1366,\"caption\":\"Foto: Luiz Silveira\/STF\"},{\"@type\":\"BreadcrumbList\",\"@id\":\"https:\/\/agenciainfra.com\/blog\/ferrograo-stf-comeca-julgamento-e-moraes-lera-voto-na-proxima-quarta-8\/#breadcrumb\",\"itemListElement\":[{\"@type\":\"ListItem\",\"position\":1,\"name\":\"In\u00edcio\",\"item\":\"https:\/\/agenciainfra.com\/blog\/\"},{\"@type\":\"ListItem\",\"position\":2,\"name\":\"Ferrogr\u00e3o: STF come\u00e7a julgamento e Moraes ler\u00e1 voto na quarta (8)\"}]},{\"@type\":\"WebSite\",\"@id\":\"https:\/\/agenciainfra.com\/blog\/#website\",\"url\":\"https:\/\/agenciainfra.com\/blog\/\",\"name\":\"Ag\u00eancia iNFRA\",\"description\":\"Multiplataforma de informa\u00e7\u00e3o jornal\u00edstica refer\u00eancia na \u00e1rea de infraestrutura no Brasil!\",\"publisher\":{\"@id\":\"https:\/\/agenciainfra.com\/blog\/#organization\"},\"potentialAction\":[{\"@type\":\"SearchAction\",\"target\":{\"@type\":\"EntryPoint\",\"urlTemplate\":\"https:\/\/agenciainfra.com\/blog\/?s={search_term_string}\"},\"query-input\":{\"@type\":\"PropertyValueSpecification\",\"valueRequired\":true,\"valueName\":\"search_term_string\"}}],\"inLanguage\":\"pt-BR\"},{\"@type\":\"Organization\",\"@id\":\"https:\/\/agenciainfra.com\/blog\/#organization\",\"name\":\"Ag\u00eancia iNFRA\",\"url\":\"https:\/\/agenciainfra.com\/blog\/\",\"logo\":{\"@type\":\"ImageObject\",\"inLanguage\":\"pt-BR\",\"@id\":\"https:\/\/agenciainfra.com\/blog\/#\/schema\/logo\/image\/\",\"url\":\"https:\/\/agenciainfra.com\/blog\/wp-content\/uploads\/2023\/09\/iNFRA_5-e1761735885940.png\",\"contentUrl\":\"https:\/\/agenciainfra.com\/blog\/wp-content\/uploads\/2023\/09\/iNFRA_5-e1761735885940.png\",\"width\":1672,\"height\":454,\"caption\":\"Ag\u00eancia iNFRA\"},\"image\":{\"@id\":\"https:\/\/agenciainfra.com\/blog\/#\/schema\/logo\/image\/\"},\"sameAs\":[\"https:\/\/www.facebook.com\/ageninfra\",\"https:\/\/x.com\/agencia_infra\",\"https:\/\/www.linkedin.com\/company\/ag\u00eanciainfra\/\",\"https:\/\/www.instagram.com\/agenciainfra\/\"]},{\"@type\":\"Person\",\"@id\":\"https:\/\/agenciainfra.com\/blog\/#\/schema\/person\/34af08dff6adea4cb22b06612ba7acfa\",\"name\":\"Ag\u00eancia iNFRA\",\"image\":{\"@type\":\"ImageObject\",\"inLanguage\":\"pt-BR\",\"@id\":\"https:\/\/agenciainfra.com\/blog\/#\/schema\/person\/image\/\",\"url\":\"https:\/\/secure.gravatar.com\/avatar\/d189e01678f06d8eb84d4e01f08eb848b3fffe3f8443818d3c356c66892f5be8?s=96&d=mm&r=g\",\"contentUrl\":\"https:\/\/secure.gravatar.com\/avatar\/d189e01678f06d8eb84d4e01f08eb848b3fffe3f8443818d3c356c66892f5be8?s=96&d=mm&r=g\",\"caption\":\"Ag\u00eancia iNFRA\"},\"url\":\"https:\/\/agenciainfra.com\/blog\/author\/admin\/\"}]}<\/script>\n<!-- \/ Yoast SEO Premium plugin. -->","yoast_head_json":{"title":"Ferrogr\u00e3o: STF come\u00e7a julgamento e Moraes ler\u00e1 voto na quarta (8) - Ag\u00eancia iNFRA","robots":{"index":"index","follow":"follow","max-snippet":"max-snippet:-1","max-image-preview":"max-image-preview:large","max-video-preview":"max-video-preview:-1"},"canonical":"https:\/\/agenciainfra.com\/blog\/ferrograo-stf-comeca-julgamento-e-moraes-lera-voto-na-proxima-quarta-8\/","og_locale":"pt_BR","og_type":"article","og_title":"Ferrogr\u00e3o: STF come\u00e7a julgamento e Moraes ler\u00e1 voto na quarta (8)","og_description":"Amanda Pupo, da Ag\u00eancia iNFRA O julgamento pelo STF (Supremo Tribunal Federal) de a\u00e7\u00e3o do Psol que questiona a implanta\u00e7\u00e3o da Ferrogr\u00e3o foi iniciado nesta quinta-feira (2) com as sustenta\u00e7\u00f5es orais dos interessados e ser\u00e1 retomado na pr\u00f3xima quarta-feira (8), quando o relator, ministro Alexandre de Moraes, apresentar\u00e1 seu voto. Na sess\u00e3o desta quinta, Moraes [&hellip;]","og_url":"https:\/\/agenciainfra.com\/blog\/ferrograo-stf-comeca-julgamento-e-moraes-lera-voto-na-proxima-quarta-8\/","og_site_name":"Ag\u00eancia iNFRA","article_publisher":"https:\/\/www.facebook.com\/ageninfra","article_published_time":"2025-10-02T23:30:00+00:00","article_modified_time":"2025-10-06T14:18:54+00:00","og_image":[{"width":2048,"height":1366,"url":"https:\/\/agenciainfra.com\/blog\/wp-content\/uploads\/2025\/10\/ferrograo-stf-foto-flickr.jpg","type":"image\/jpeg"}],"author":"Ag\u00eancia iNFRA","twitter_card":"summary_large_image","twitter_creator":"@agencia_infra","twitter_site":"@agencia_infra","twitter_misc":{"Escrito por":"Ag\u00eancia iNFRA","Est. tempo de leitura":"2 minutos"},"schema":{"@context":"https:\/\/schema.org","@graph":[{"@type":"Article","@id":"https:\/\/agenciainfra.com\/blog\/ferrograo-stf-comeca-julgamento-e-moraes-lera-voto-na-proxima-quarta-8\/#article","isPartOf":{"@id":"https:\/\/agenciainfra.com\/blog\/ferrograo-stf-comeca-julgamento-e-moraes-lera-voto-na-proxima-quarta-8\/"},"author":{"name":"Ag\u00eancia iNFRA","@id":"https:\/\/agenciainfra.com\/blog\/#\/schema\/person\/34af08dff6adea4cb22b06612ba7acfa"},"headline":"Ferrogr\u00e3o: STF come\u00e7a julgamento e Moraes ler\u00e1 voto na quarta (8)","datePublished":"2025-10-02T23:30:00+00:00","dateModified":"2025-10-06T14:18:54+00:00","mainEntityOfPage":{"@id":"https:\/\/agenciainfra.com\/blog\/ferrograo-stf-comeca-julgamento-e-moraes-lera-voto-na-proxima-quarta-8\/"},"wordCount":359,"publisher":{"@id":"https:\/\/agenciainfra.com\/blog\/#organization"},"image":{"@id":"https:\/\/agenciainfra.com\/blog\/ferrograo-stf-comeca-julgamento-e-moraes-lera-voto-na-proxima-quarta-8\/#primaryimage"},"thumbnailUrl":"https:\/\/agenciainfra.com\/blog\/wp-content\/uploads\/2025\/10\/ferrograo-stf-foto-flickr.jpg","keywords":["AGU","Alexandre de Moraes","ANTT","Cesal","Ferrogr\u00e3o","Ferrovia","Infraestrutura","julgamento","Liminar","log\u00edstica","meio ambiente","minist\u00e9rio dos transportes","Parque do Jamanxim","PSOL","STF","transporte ferrovi\u00e1rio"],"articleSection":["Destaque lista","Geral","iNFRATransporte"],"inLanguage":"pt-BR","copyrightYear":"2025","copyrightHolder":{"@id":"https:\/\/agenciainfra.com\/blog\/#organization"}},{"@type":"WebPage","@id":"https:\/\/agenciainfra.com\/blog\/ferrograo-stf-comeca-julgamento-e-moraes-lera-voto-na-proxima-quarta-8\/","url":"https:\/\/agenciainfra.com\/blog\/ferrograo-stf-comeca-julgamento-e-moraes-lera-voto-na-proxima-quarta-8\/","name":"Ferrogr\u00e3o: STF come\u00e7a julgamento e Moraes ler\u00e1 voto na quarta (8) - Ag\u00eancia iNFRA","isPartOf":{"@id":"https:\/\/agenciainfra.com\/blog\/#website"},"primaryImageOfPage":{"@id":"https:\/\/agenciainfra.com\/blog\/ferrograo-stf-comeca-julgamento-e-moraes-lera-voto-na-proxima-quarta-8\/#primaryimage"},"image":{"@id":"https:\/\/agenciainfra.com\/blog\/ferrograo-stf-comeca-julgamento-e-moraes-lera-voto-na-proxima-quarta-8\/#primaryimage"},"thumbnailUrl":"https:\/\/agenciainfra.com\/blog\/wp-content\/uploads\/2025\/10\/ferrograo-stf-foto-flickr.jpg","datePublished":"2025-10-02T23:30:00+00:00","dateModified":"2025-10-06T14:18:54+00:00","breadcrumb":{"@id":"https:\/\/agenciainfra.com\/blog\/ferrograo-stf-comeca-julgamento-e-moraes-lera-voto-na-proxima-quarta-8\/#breadcrumb"},"inLanguage":"pt-BR","potentialAction":[{"@type":"ReadAction","target":["https:\/\/agenciainfra.com\/blog\/ferrograo-stf-comeca-julgamento-e-moraes-lera-voto-na-proxima-quarta-8\/"]}]},{"@type":"ImageObject","inLanguage":"pt-BR","@id":"https:\/\/agenciainfra.com\/blog\/ferrograo-stf-comeca-julgamento-e-moraes-lera-voto-na-proxima-quarta-8\/#primaryimage","url":"https:\/\/agenciainfra.com\/blog\/wp-content\/uploads\/2025\/10\/ferrograo-stf-foto-flickr.jpg","contentUrl":"https:\/\/agenciainfra.com\/blog\/wp-content\/uploads\/2025\/10\/ferrograo-stf-foto-flickr.jpg","width":2048,"height":1366,"caption":"Foto: Luiz Silveira\/STF"},{"@type":"BreadcrumbList","@id":"https:\/\/agenciainfra.com\/blog\/ferrograo-stf-comeca-julgamento-e-moraes-lera-voto-na-proxima-quarta-8\/#breadcrumb","itemListElement":[{"@type":"ListItem","position":1,"name":"In\u00edcio","item":"https:\/\/agenciainfra.com\/blog\/"},{"@type":"ListItem","position":2,"name":"Ferrogr\u00e3o: STF come\u00e7a julgamento e Moraes ler\u00e1 voto na quarta (8)"}]},{"@type":"WebSite","@id":"https:\/\/agenciainfra.com\/blog\/#website","url":"https:\/\/agenciainfra.com\/blog\/","name":"Ag\u00eancia iNFRA","description":"Multiplataforma de informa\u00e7\u00e3o jornal\u00edstica refer\u00eancia na \u00e1rea de infraestrutura no Brasil!","publisher":{"@id":"https:\/\/agenciainfra.com\/blog\/#organization"},"potentialAction":[{"@type":"SearchAction","target":{"@type":"EntryPoint","urlTemplate":"https:\/\/agenciainfra.com\/blog\/?s={search_term_string}"},"query-input":{"@type":"PropertyValueSpecification","valueRequired":true,"valueName":"search_term_string"}}],"inLanguage":"pt-BR"},{"@type":"Organization","@id":"https:\/\/agenciainfra.com\/blog\/#organization","name":"Ag\u00eancia iNFRA","url":"https:\/\/agenciainfra.com\/blog\/","logo":{"@type":"ImageObject","inLanguage":"pt-BR","@id":"https:\/\/agenciainfra.com\/blog\/#\/schema\/logo\/image\/","url":"https:\/\/agenciainfra.com\/blog\/wp-content\/uploads\/2023\/09\/iNFRA_5-e1761735885940.png","contentUrl":"https:\/\/agenciainfra.com\/blog\/wp-content\/uploads\/2023\/09\/iNFRA_5-e1761735885940.png","width":1672,"height":454,"caption":"Ag\u00eancia iNFRA"},"image":{"@id":"https:\/\/agenciainfra.com\/blog\/#\/schema\/logo\/image\/"},"sameAs":["https:\/\/www.facebook.com\/ageninfra","https:\/\/x.com\/agencia_infra","https:\/\/www.linkedin.com\/company\/ag\u00eanciainfra\/","https:\/\/www.instagram.com\/agenciainfra\/"]},{"@type":"Person","@id":"https:\/\/agenciainfra.com\/blog\/#\/schema\/person\/34af08dff6adea4cb22b06612ba7acfa","name":"Ag\u00eancia iNFRA","image":{"@type":"ImageObject","inLanguage":"pt-BR","@id":"https:\/\/agenciainfra.com\/blog\/#\/schema\/person\/image\/","url":"https:\/\/secure.gravatar.com\/avatar\/d189e01678f06d8eb84d4e01f08eb848b3fffe3f8443818d3c356c66892f5be8?s=96&d=mm&r=g","contentUrl":"https:\/\/secure.gravatar.com\/avatar\/d189e01678f06d8eb84d4e01f08eb848b3fffe3f8443818d3c356c66892f5be8?s=96&d=mm&r=g","caption":"Ag\u00eancia iNFRA"},"url":"https:\/\/agenciainfra.com\/blog\/author\/admin\/"}]}},"_links":{"self":[{"href":"https:\/\/agenciainfra.com\/blog\/wp-json\/wp\/v2\/posts\/29204","targetHints":{"allow":["GET"]}}],"collection":[{"href":"https:\/\/agenciainfra.com\/blog\/wp-json\/wp\/v2\/posts"}],"about":[{"href":"https:\/\/agenciainfra.com\/blog\/wp-json\/wp\/v2\/types\/post"}],"author":[{"embeddable":true,"href":"https:\/\/agenciainfra.com\/blog\/wp-json\/wp\/v2\/users\/1"}],"replies":[{"embeddable":true,"href":"https:\/\/agenciainfra.com\/blog\/wp-json\/wp\/v2\/comments?post=29204"}],"version-history":[{"count":3,"href":"https:\/\/agenciainfra.com\/blog\/wp-json\/wp\/v2\/posts\/29204\/revisions"}],"predecessor-version":[{"id":29232,"href":"https:\/\/agenciainfra.com\/blog\/wp-json\/wp\/v2\/posts\/29204\/revisions\/29232"}],"wp:featuredmedia":[{"embeddable":true,"href":"https:\/\/agenciainfra.com\/blog\/wp-json\/wp\/v2\/media\/29206"}],"wp:attachment":[{"href":"https:\/\/agenciainfra.com\/blog\/wp-json\/wp\/v2\/media?parent=29204"}],"wp:term":[{"taxonomy":"category","embeddable":true,"href":"https:\/\/agenciainfra.com\/blog\/wp-json\/wp\/v2\/categories?post=29204"},{"taxonomy":"post_tag","embeddable":true,"href":"https:\/\/agenciainfra.com\/blog\/wp-json\/wp\/v2\/tags?post=29204"}],"curies":[{"name":"wp","href":"https:\/\/api.w.org\/{rel}","templated":true}]}}