{"id":29213,"date":"2025-10-03T10:04:39","date_gmt":"2025-10-03T13:04:39","guid":{"rendered":"https:\/\/agenciainfra.com\/blog\/?p=29213"},"modified":"2025-10-06T12:35:42","modified_gmt":"2025-10-06T15:35:42","slug":"data-centers-setor-nuclear-espera-regulamentacao-para-abrir-mercado","status":"publish","type":"post","link":"https:\/\/agenciainfra.com\/blog\/data-centers-setor-nuclear-espera-regulamentacao-para-abrir-mercado\/","title":{"rendered":"Data centers: Setor nuclear espera regulamenta\u00e7\u00e3o para abrir mercado"},"content":{"rendered":"\n<p class=\"has-text-align-right\"><strong>Lais Carregosa, Marisa Wanzeller e Geraldo Campos Jr., da Ag\u00eancia iNFRA<\/strong><\/p>\n\n\n\n<p>O setor nuclear aguarda o governo e o Congresso regulamentarem a entrada da iniciativa privada nos projetos nucleares para viabilizar os pequenos reatores, conhecidos como \u201cSMRs\u201d. A aposta do segmento \u00e9 suprir a demanda por energia firme com a implanta\u00e7\u00e3o de data centers no Brasil \u2013 incentivados por uma pol\u00edtica nacional criada pela <a href=\"https:\/\/www.congressonacional.leg.br\/materias\/medidas-provisorias\/-\/mpv\/170521#:~:text=Medida%20Provis\u00f3ria%20n\u00b0%201318%2C%20de%202025&amp;text=Ela%20visa%20incentivar%20a%20instala\u00e7\u00e3o,tecnologia%20da%20informa\u00e7\u00e3o%20e%20comunica\u00e7\u00e3o.\">MP (Medida Provis\u00f3ria) 1.318<\/a>. Al\u00e9m disso, especialistas consultados pela\u00a0<strong>Ag\u00eancia iNFRA<\/strong>\u00a0tamb\u00e9m apontam que a regulamenta\u00e7\u00e3o pode viabilizar a conclus\u00e3o da usina de Angra 3.<br><br>Os SMRs s\u00e3o reatores de menor porte que os convencionais, com pot\u00eancia que pode chegar a 300 MWe (megawatts el\u00e9tricos \u2013 unidade de medida de pot\u00eancia que indica a quantidade de eletricidade que um reator \u00e9 capaz de gerar). A modularidade e escalabilidade dessas plantas s\u00e3o vistas como uma sa\u00edda para suprir a demanda dos data centers, incentivados pela MP, que d\u00e1 benef\u00edcios tribut\u00e1rios aos empreendimentos que utilizem energia \u201climpa\u201d, incluindo a nuclear.<br><br>O presidente da Abdan (Associa\u00e7\u00e3o Brasileira para o Desenvolvimento de Atividades Nucleares), Celso Cunha, explica que, para possibilitar a opera\u00e7\u00e3o desses reatores, algumas mudan\u00e7as legislativas seriam necess\u00e1rias: liberar a iniciativa privada para participar de empreendimentos nucleares; e permitir que o MME (Minist\u00e9rio de Minas e Energia) conceda outorgas para explorar a fonte. Atualmente, os projetos precisam ser autorizados pelo Congresso.\u00a0<br><br>O ex-ministro de Minas e Energia Bento Albuquerque tamb\u00e9m ressalta que \u201co aperfei\u00e7oamento ou a moderniza\u00e7\u00e3o do marco legal e regulat\u00f3rio \u00e9 essencial\u201d para fomentar o setor. Atualmente, a atua\u00e7\u00e3o privada s\u00f3 ocorre de forma indireta, j\u00e1 que a Constitui\u00e7\u00e3o brasileira reserva a atividade nuclear \u00e0 Uni\u00e3o.<br><br>\u201cO Estado n\u00e3o tem a capacidade de investimento em tudo que ele \u00e9 demandado, que vai desde o social \u00e0 infraestrutura. (&#8230;) O Estado tem que ter o papel, e isso \u00e9 bem claro na Constitui\u00e7\u00e3o, de controlar e fiscalizar. Mas a gente precisa tamb\u00e9m ter a infraestrutura de gera\u00e7\u00e3o de energia. Ent\u00e3o, tem que saber como eu vou controlar isso, como eu vou fiscalizar e qual vai ser o modelo. A\u00ed o modelo pode ser p\u00fablico-privado, pode ser s\u00f3 privado&#8221;, disse \u00e0\u00a0<strong>Ag\u00eancia iNFRA<\/strong>.<br><br>Para Bento Albuquerque, essa regula\u00e7\u00e3o \u00e9 uma necessidade apresentada diante do aumento da demanda de energia esperada com o incentivo aos grandes centros de tratamento de dados. \u201cData center precisa de energia firme, ent\u00e3o a fonte nuclear, assim como outras, tem importante participa\u00e7\u00e3o&#8221;, afirmou.<br><br><strong>Caminhos<\/strong><br>Dentre as alternativas na mesa para essa regulamenta\u00e7\u00e3o est\u00e3o a aprova\u00e7\u00e3o de uma emenda \u00e0 MP 1.318 e o plano de uma \u201creforma do setor nuclear\u201d, anunciado recentemente pelo ministro Alexandre Silveira.<br><br>Na MP, o segmento trabalha para aprovar uma emenda do senador La\u00e9rcio Oliveira (PP-SE) que incentiva a implanta\u00e7\u00e3o de SMRs com tratamento regulat\u00f3rio e tribut\u00e1rio favorecidos, e que permite ao MME e \u00e0s suas empresas associadas exercerem a compet\u00eancia da Uni\u00e3o, estabelecida na Constitui\u00e7\u00e3o, sobre a explora\u00e7\u00e3o de instala\u00e7\u00f5es nucleares.\u00a0<br><br>\u201cA ideia do senador La\u00e9rcio \u00e9 que ele j\u00e1 abra a discuss\u00e3o de a iniciativa privada entrar construindo [os SMRs]. [&#8230;] A ideia \u00e9 que a iniciativa privada pague essa conta. O data center \u00e9 da iniciativa privada, n\u00e3o faz o menor sentido o setor p\u00fablico se meter nessa hist\u00f3ria. O setor p\u00fablico tem que regular\u201d, declarou Celso Cunha.<br><br><strong>\u2018Reforma do setor\u2019<\/strong><br>Segundo fontes, a EPE (Empresa de Pesquisa Energ\u00e9tica) concluiu um estudo no qual apresenta alternativas para viabilizar o avan\u00e7o dos pequenos reatores nucleares no Brasil. O projeto poderia, inclusive, subsidiar o MME na prometida \u201creforma do setor nuclear&#8221;.\u00a0<br><br>Interlocutores apontam que, para al\u00e9m do suprimento de demanda dos data centers, a tecnologia tem potencial para auxiliar a opera\u00e7\u00e3o do SIN (Sistema Interligado Nacional) no atendimento \u00e0 ponta \u2013 quando a demanda cresce ao fim do dia, coincidindo com a queda acentuada da gera\u00e7\u00e3o solar.\u00a0<br><br>Al\u00e9m de fisicamente menores, os SMRs t\u00eam como vantagem a constru\u00e7\u00e3o e instala\u00e7\u00e3o mais simples, uma vez que seus componentes e sistemas podem ser totalmente montados em uma f\u00e1brica, e transportando o reator pronto para o local de instala\u00e7\u00e3o. Al\u00e9m disso, \u00e9 considerada uma energia limpa e firme.\u00a0<br><br><strong>Novos projetos<\/strong><br>O ex-ministro Bento Albuquerque explica que, atualmente, \u00e9 permitido aos agentes privados desenvolverem projetos, como o de pequenos reatores, e que o monop\u00f3lio da Uni\u00e3o ocorre na opera\u00e7\u00e3o, apesar de existirem \u201cdiversas interpreta\u00e7\u00f5es&#8221;.<br><br>Ele citou o exemplo do projeto da Diamante Energia, que assinou contrato com a estatal Finep (Financiadora de Estudos e Projetos) para desenvolvimento de microrreator nuclear com capacidade de 5 megawatts. O projeto tem um valor de R$ 50 milh\u00f5es e a previs\u00e3o \u00e9 que os prot\u00f3tipos sejam conclu\u00eddos em cerca de dois ou tr\u00eas anos. J\u00e1 a comercializa\u00e7\u00e3o dos microrreatores pode ter in\u00edcio daqui a oito ou dez anos.\u00a0<br><br>Para isso, segundo o ex-ministro, ser\u00e1 necess\u00e1rio um licenciamento das ag\u00eancias reguladoras, com destaque para a rec\u00e9m-criada ANSN (Autoridade Nacional de Seguran\u00e7a Nuclear). \u201cEla vai dizer que aquilo \u00e9 seguro, as normas de seguran\u00e7a que t\u00eam que ser aplicadas\u201d, explicou.\u00a0<br><br>Bento Albuquerque ainda ressaltou que h\u00e1 diferen\u00e7as entre um microrreator e uma usina de 1 GW que devem ser consideradas em uma regulamenta\u00e7\u00e3o. \u201cS\u00e3o coisas completamente distintas e que devem ter modelos que respeitem as caracter\u00edsticas, os atributos de cada forma de gera\u00e7\u00e3o&#8221;, ponderou.<br><br><strong>Eletronuclear<\/strong><br>A relev\u00e2ncia da moderniza\u00e7\u00e3o regulat\u00f3ria do setor tamb\u00e9m fica evidente no cen\u00e1rio p\u00f3s-privatiza\u00e7\u00e3o da Eletrobras, no qual a Eletronuclear busca meios de concluir as obras da usina nuclear Angra 3, ponderou Bento. \u201cO governo n\u00e3o tem como assumir a Eletronuclear como antigamente era da Eletrobras. E o parceiro certamente ser\u00e1 uma empresa privada, ou uma empresa estrangeira que vai entrar nisso&#8221;, diz o ex-ministro.<br><br>Ele aponta que a \u201cdificuldade\u201d enfrentada pela estatal se d\u00e1 \u201cpor conta do pr\u00f3prio ambiente de neg\u00f3cio do setor, que sempre foi estatal&#8221;. \u201cAgora, com a privatiza\u00e7\u00e3o da Eletrobras, a\u00ed a coisa mudou. Virou uma necessidade&#8221;, afirmou, sobre a abertura do mercado nuclear para o ambiente privado.<\/p>\n","protected":false},"excerpt":{"rendered":"<p>Lais Carregosa, Marisa Wanzeller e Geraldo Campos Jr., da Ag\u00eancia iNFRA O setor nuclear aguarda o governo e o Congresso regulamentarem a entrada da iniciativa privada nos projetos nucleares para viabilizar os pequenos reatores, conhecidos como \u201cSMRs\u201d. A aposta do segmento \u00e9 suprir a demanda por energia firme com a implanta\u00e7\u00e3o de data centers no [&hellip;]<\/p>\n","protected":false},"author":1,"featured_media":7448,"comment_status":"closed","ping_status":"closed","sticky":false,"template":"","format":"standard","meta":{"_monsterinsights_skip_tracking":false,"_monsterinsights_sitenote_active":false,"_monsterinsights_sitenote_note":"","_monsterinsights_sitenote_category":0,"footnotes":""},"categories":[7250,1,10],"tags":[13398,651,11594,13132,7366,15443,15051,54,13899],"class_list":["post-29213","post","type-post","status-publish","format-standard","has-post-thumbnail","hentry","category-destaque-lista","category-geral","category-infraenergia","tag-data-centers","tag-energia-nuclear","tag-geraldo-campos-jr","tag-lais-carregosa","tag-marisa-wanzeller","tag-mp-1-318","tag-mp-dos-data-centers","tag-setor-eletrico","tag-setor-nuclear"],"yoast_head":"<!-- This site is optimized with the Yoast SEO Premium plugin v25.4 (Yoast SEO v26.0) - https:\/\/yoast.com\/wordpress\/plugins\/seo\/ -->\n<title>Data centers: Setor nuclear espera regulamenta\u00e7\u00e3o para abrir mercado - Ag\u00eancia iNFRA<\/title>\n<meta name=\"robots\" content=\"index, follow, max-snippet:-1, max-image-preview:large, max-video-preview:-1\" \/>\n<link rel=\"canonical\" href=\"https:\/\/agenciainfra.com\/blog\/data-centers-setor-nuclear-espera-regulamentacao-para-abrir-mercado\/\" \/>\n<meta property=\"og:locale\" content=\"pt_BR\" \/>\n<meta property=\"og:type\" content=\"article\" \/>\n<meta property=\"og:title\" content=\"Data centers: Setor nuclear espera regulamenta\u00e7\u00e3o para abrir mercado\" \/>\n<meta property=\"og:description\" content=\"Lais Carregosa, Marisa Wanzeller e Geraldo Campos Jr., da Ag\u00eancia iNFRA O setor nuclear aguarda o governo e o Congresso regulamentarem a entrada da iniciativa privada nos projetos nucleares para viabilizar os pequenos reatores, conhecidos como \u201cSMRs\u201d. A aposta do segmento \u00e9 suprir a demanda por energia firme com a implanta\u00e7\u00e3o de data centers no [&hellip;]\" \/>\n<meta property=\"og:url\" content=\"https:\/\/agenciainfra.com\/blog\/data-centers-setor-nuclear-espera-regulamentacao-para-abrir-mercado\/\" \/>\n<meta property=\"og:site_name\" content=\"Ag\u00eancia iNFRA\" \/>\n<meta property=\"article:publisher\" content=\"https:\/\/www.facebook.com\/ageninfra\" \/>\n<meta property=\"article:published_time\" content=\"2025-10-03T13:04:39+00:00\" \/>\n<meta property=\"article:modified_time\" content=\"2025-10-06T15:35:42+00:00\" \/>\n<meta property=\"og:image\" content=\"https:\/\/agenciainfra.com\/blog\/wp-content\/uploads\/2021\/06\/angra-3-foto-governo-federal.jpeg\" \/>\n\t<meta property=\"og:image:width\" content=\"1280\" \/>\n\t<meta property=\"og:image:height\" content=\"763\" \/>\n\t<meta property=\"og:image:type\" content=\"image\/jpeg\" \/>\n<meta name=\"author\" content=\"Ag\u00eancia iNFRA\" \/>\n<meta name=\"twitter:card\" content=\"summary_large_image\" \/>\n<meta name=\"twitter:creator\" content=\"@agencia_infra\" \/>\n<meta name=\"twitter:site\" content=\"@agencia_infra\" \/>\n<meta name=\"twitter:label1\" content=\"Escrito por\" \/>\n\t<meta name=\"twitter:data1\" content=\"Ag\u00eancia iNFRA\" \/>\n\t<meta name=\"twitter:label2\" content=\"Est. tempo de leitura\" \/>\n\t<meta name=\"twitter:data2\" content=\"5 minutos\" \/>\n<script type=\"application\/ld+json\" class=\"yoast-schema-graph\">{\"@context\":\"https:\/\/schema.org\",\"@graph\":[{\"@type\":\"Article\",\"@id\":\"https:\/\/agenciainfra.com\/blog\/data-centers-setor-nuclear-espera-regulamentacao-para-abrir-mercado\/#article\",\"isPartOf\":{\"@id\":\"https:\/\/agenciainfra.com\/blog\/data-centers-setor-nuclear-espera-regulamentacao-para-abrir-mercado\/\"},\"author\":{\"name\":\"Ag\u00eancia iNFRA\",\"@id\":\"https:\/\/agenciainfra.com\/blog\/#\/schema\/person\/34af08dff6adea4cb22b06612ba7acfa\"},\"headline\":\"Data centers: Setor nuclear espera regulamenta\u00e7\u00e3o para abrir mercado\",\"datePublished\":\"2025-10-03T13:04:39+00:00\",\"dateModified\":\"2025-10-06T15:35:42+00:00\",\"mainEntityOfPage\":{\"@id\":\"https:\/\/agenciainfra.com\/blog\/data-centers-setor-nuclear-espera-regulamentacao-para-abrir-mercado\/\"},\"wordCount\":1057,\"publisher\":{\"@id\":\"https:\/\/agenciainfra.com\/blog\/#organization\"},\"image\":{\"@id\":\"https:\/\/agenciainfra.com\/blog\/data-centers-setor-nuclear-espera-regulamentacao-para-abrir-mercado\/#primaryimage\"},\"thumbnailUrl\":\"https:\/\/agenciainfra.com\/blog\/wp-content\/uploads\/2021\/06\/angra-3-foto-governo-federal.jpeg\",\"keywords\":[\"data centers\",\"Energia Nuclear\",\"Geraldo Campos Jr.\",\"Lais Carregosa\",\"Marisa Wanzeller\",\"MP 1.318\",\"MP dos Data Centers\",\"Setor El\u00e9trico\",\"setor nuclear\"],\"articleSection\":[\"Destaque lista\",\"Geral\",\"iNFRAEnergia\"],\"inLanguage\":\"pt-BR\",\"copyrightYear\":\"2025\",\"copyrightHolder\":{\"@id\":\"https:\/\/agenciainfra.com\/blog\/#organization\"}},{\"@type\":\"WebPage\",\"@id\":\"https:\/\/agenciainfra.com\/blog\/data-centers-setor-nuclear-espera-regulamentacao-para-abrir-mercado\/\",\"url\":\"https:\/\/agenciainfra.com\/blog\/data-centers-setor-nuclear-espera-regulamentacao-para-abrir-mercado\/\",\"name\":\"Data centers: Setor nuclear espera regulamenta\u00e7\u00e3o para abrir mercado - Ag\u00eancia iNFRA\",\"isPartOf\":{\"@id\":\"https:\/\/agenciainfra.com\/blog\/#website\"},\"primaryImageOfPage\":{\"@id\":\"https:\/\/agenciainfra.com\/blog\/data-centers-setor-nuclear-espera-regulamentacao-para-abrir-mercado\/#primaryimage\"},\"image\":{\"@id\":\"https:\/\/agenciainfra.com\/blog\/data-centers-setor-nuclear-espera-regulamentacao-para-abrir-mercado\/#primaryimage\"},\"thumbnailUrl\":\"https:\/\/agenciainfra.com\/blog\/wp-content\/uploads\/2021\/06\/angra-3-foto-governo-federal.jpeg\",\"datePublished\":\"2025-10-03T13:04:39+00:00\",\"dateModified\":\"2025-10-06T15:35:42+00:00\",\"breadcrumb\":{\"@id\":\"https:\/\/agenciainfra.com\/blog\/data-centers-setor-nuclear-espera-regulamentacao-para-abrir-mercado\/#breadcrumb\"},\"inLanguage\":\"pt-BR\",\"potentialAction\":[{\"@type\":\"ReadAction\",\"target\":[\"https:\/\/agenciainfra.com\/blog\/data-centers-setor-nuclear-espera-regulamentacao-para-abrir-mercado\/\"]}]},{\"@type\":\"ImageObject\",\"inLanguage\":\"pt-BR\",\"@id\":\"https:\/\/agenciainfra.com\/blog\/data-centers-setor-nuclear-espera-regulamentacao-para-abrir-mercado\/#primaryimage\",\"url\":\"https:\/\/agenciainfra.com\/blog\/wp-content\/uploads\/2021\/06\/angra-3-foto-governo-federal.jpeg\",\"contentUrl\":\"https:\/\/agenciainfra.com\/blog\/wp-content\/uploads\/2021\/06\/angra-3-foto-governo-federal.jpeg\",\"width\":1280,\"height\":763,\"caption\":\"Foto: Governo Federal\"},{\"@type\":\"BreadcrumbList\",\"@id\":\"https:\/\/agenciainfra.com\/blog\/data-centers-setor-nuclear-espera-regulamentacao-para-abrir-mercado\/#breadcrumb\",\"itemListElement\":[{\"@type\":\"ListItem\",\"position\":1,\"name\":\"In\u00edcio\",\"item\":\"https:\/\/agenciainfra.com\/blog\/\"},{\"@type\":\"ListItem\",\"position\":2,\"name\":\"Data centers: Setor nuclear espera regulamenta\u00e7\u00e3o para abrir mercado\"}]},{\"@type\":\"WebSite\",\"@id\":\"https:\/\/agenciainfra.com\/blog\/#website\",\"url\":\"https:\/\/agenciainfra.com\/blog\/\",\"name\":\"Ag\u00eancia iNFRA\",\"description\":\"Multiplataforma de informa\u00e7\u00e3o jornal\u00edstica refer\u00eancia na \u00e1rea de infraestrutura no Brasil!\",\"publisher\":{\"@id\":\"https:\/\/agenciainfra.com\/blog\/#organization\"},\"potentialAction\":[{\"@type\":\"SearchAction\",\"target\":{\"@type\":\"EntryPoint\",\"urlTemplate\":\"https:\/\/agenciainfra.com\/blog\/?s={search_term_string}\"},\"query-input\":{\"@type\":\"PropertyValueSpecification\",\"valueRequired\":true,\"valueName\":\"search_term_string\"}}],\"inLanguage\":\"pt-BR\"},{\"@type\":\"Organization\",\"@id\":\"https:\/\/agenciainfra.com\/blog\/#organization\",\"name\":\"Ag\u00eancia iNFRA\",\"url\":\"https:\/\/agenciainfra.com\/blog\/\",\"logo\":{\"@type\":\"ImageObject\",\"inLanguage\":\"pt-BR\",\"@id\":\"https:\/\/agenciainfra.com\/blog\/#\/schema\/logo\/image\/\",\"url\":\"https:\/\/agenciainfra.com\/blog\/wp-content\/uploads\/2023\/09\/iNFRA_5-e1761735885940.png\",\"contentUrl\":\"https:\/\/agenciainfra.com\/blog\/wp-content\/uploads\/2023\/09\/iNFRA_5-e1761735885940.png\",\"width\":1672,\"height\":454,\"caption\":\"Ag\u00eancia iNFRA\"},\"image\":{\"@id\":\"https:\/\/agenciainfra.com\/blog\/#\/schema\/logo\/image\/\"},\"sameAs\":[\"https:\/\/www.facebook.com\/ageninfra\",\"https:\/\/x.com\/agencia_infra\",\"https:\/\/www.linkedin.com\/company\/ag\u00eanciainfra\/\",\"https:\/\/www.instagram.com\/agenciainfra\/\"]},{\"@type\":\"Person\",\"@id\":\"https:\/\/agenciainfra.com\/blog\/#\/schema\/person\/34af08dff6adea4cb22b06612ba7acfa\",\"name\":\"Ag\u00eancia iNFRA\",\"image\":{\"@type\":\"ImageObject\",\"inLanguage\":\"pt-BR\",\"@id\":\"https:\/\/agenciainfra.com\/blog\/#\/schema\/person\/image\/\",\"url\":\"https:\/\/secure.gravatar.com\/avatar\/d189e01678f06d8eb84d4e01f08eb848b3fffe3f8443818d3c356c66892f5be8?s=96&d=mm&r=g\",\"contentUrl\":\"https:\/\/secure.gravatar.com\/avatar\/d189e01678f06d8eb84d4e01f08eb848b3fffe3f8443818d3c356c66892f5be8?s=96&d=mm&r=g\",\"caption\":\"Ag\u00eancia iNFRA\"},\"url\":\"https:\/\/agenciainfra.com\/blog\/author\/admin\/\"}]}<\/script>\n<!-- \/ Yoast SEO Premium plugin. -->","yoast_head_json":{"title":"Data centers: Setor nuclear espera regulamenta\u00e7\u00e3o para abrir mercado - Ag\u00eancia iNFRA","robots":{"index":"index","follow":"follow","max-snippet":"max-snippet:-1","max-image-preview":"max-image-preview:large","max-video-preview":"max-video-preview:-1"},"canonical":"https:\/\/agenciainfra.com\/blog\/data-centers-setor-nuclear-espera-regulamentacao-para-abrir-mercado\/","og_locale":"pt_BR","og_type":"article","og_title":"Data centers: Setor nuclear espera regulamenta\u00e7\u00e3o para abrir mercado","og_description":"Lais Carregosa, Marisa Wanzeller e Geraldo Campos Jr., da Ag\u00eancia iNFRA O setor nuclear aguarda o governo e o Congresso regulamentarem a entrada da iniciativa privada nos projetos nucleares para viabilizar os pequenos reatores, conhecidos como \u201cSMRs\u201d. A aposta do segmento \u00e9 suprir a demanda por energia firme com a implanta\u00e7\u00e3o de data centers no [&hellip;]","og_url":"https:\/\/agenciainfra.com\/blog\/data-centers-setor-nuclear-espera-regulamentacao-para-abrir-mercado\/","og_site_name":"Ag\u00eancia iNFRA","article_publisher":"https:\/\/www.facebook.com\/ageninfra","article_published_time":"2025-10-03T13:04:39+00:00","article_modified_time":"2025-10-06T15:35:42+00:00","og_image":[{"width":1280,"height":763,"url":"https:\/\/agenciainfra.com\/blog\/wp-content\/uploads\/2021\/06\/angra-3-foto-governo-federal.jpeg","type":"image\/jpeg"}],"author":"Ag\u00eancia iNFRA","twitter_card":"summary_large_image","twitter_creator":"@agencia_infra","twitter_site":"@agencia_infra","twitter_misc":{"Escrito por":"Ag\u00eancia iNFRA","Est. tempo de leitura":"5 minutos"},"schema":{"@context":"https:\/\/schema.org","@graph":[{"@type":"Article","@id":"https:\/\/agenciainfra.com\/blog\/data-centers-setor-nuclear-espera-regulamentacao-para-abrir-mercado\/#article","isPartOf":{"@id":"https:\/\/agenciainfra.com\/blog\/data-centers-setor-nuclear-espera-regulamentacao-para-abrir-mercado\/"},"author":{"name":"Ag\u00eancia iNFRA","@id":"https:\/\/agenciainfra.com\/blog\/#\/schema\/person\/34af08dff6adea4cb22b06612ba7acfa"},"headline":"Data centers: Setor nuclear espera regulamenta\u00e7\u00e3o para abrir mercado","datePublished":"2025-10-03T13:04:39+00:00","dateModified":"2025-10-06T15:35:42+00:00","mainEntityOfPage":{"@id":"https:\/\/agenciainfra.com\/blog\/data-centers-setor-nuclear-espera-regulamentacao-para-abrir-mercado\/"},"wordCount":1057,"publisher":{"@id":"https:\/\/agenciainfra.com\/blog\/#organization"},"image":{"@id":"https:\/\/agenciainfra.com\/blog\/data-centers-setor-nuclear-espera-regulamentacao-para-abrir-mercado\/#primaryimage"},"thumbnailUrl":"https:\/\/agenciainfra.com\/blog\/wp-content\/uploads\/2021\/06\/angra-3-foto-governo-federal.jpeg","keywords":["data centers","Energia Nuclear","Geraldo Campos Jr.","Lais Carregosa","Marisa Wanzeller","MP 1.318","MP dos Data Centers","Setor El\u00e9trico","setor nuclear"],"articleSection":["Destaque lista","Geral","iNFRAEnergia"],"inLanguage":"pt-BR","copyrightYear":"2025","copyrightHolder":{"@id":"https:\/\/agenciainfra.com\/blog\/#organization"}},{"@type":"WebPage","@id":"https:\/\/agenciainfra.com\/blog\/data-centers-setor-nuclear-espera-regulamentacao-para-abrir-mercado\/","url":"https:\/\/agenciainfra.com\/blog\/data-centers-setor-nuclear-espera-regulamentacao-para-abrir-mercado\/","name":"Data centers: Setor nuclear espera regulamenta\u00e7\u00e3o para abrir mercado - Ag\u00eancia iNFRA","isPartOf":{"@id":"https:\/\/agenciainfra.com\/blog\/#website"},"primaryImageOfPage":{"@id":"https:\/\/agenciainfra.com\/blog\/data-centers-setor-nuclear-espera-regulamentacao-para-abrir-mercado\/#primaryimage"},"image":{"@id":"https:\/\/agenciainfra.com\/blog\/data-centers-setor-nuclear-espera-regulamentacao-para-abrir-mercado\/#primaryimage"},"thumbnailUrl":"https:\/\/agenciainfra.com\/blog\/wp-content\/uploads\/2021\/06\/angra-3-foto-governo-federal.jpeg","datePublished":"2025-10-03T13:04:39+00:00","dateModified":"2025-10-06T15:35:42+00:00","breadcrumb":{"@id":"https:\/\/agenciainfra.com\/blog\/data-centers-setor-nuclear-espera-regulamentacao-para-abrir-mercado\/#breadcrumb"},"inLanguage":"pt-BR","potentialAction":[{"@type":"ReadAction","target":["https:\/\/agenciainfra.com\/blog\/data-centers-setor-nuclear-espera-regulamentacao-para-abrir-mercado\/"]}]},{"@type":"ImageObject","inLanguage":"pt-BR","@id":"https:\/\/agenciainfra.com\/blog\/data-centers-setor-nuclear-espera-regulamentacao-para-abrir-mercado\/#primaryimage","url":"https:\/\/agenciainfra.com\/blog\/wp-content\/uploads\/2021\/06\/angra-3-foto-governo-federal.jpeg","contentUrl":"https:\/\/agenciainfra.com\/blog\/wp-content\/uploads\/2021\/06\/angra-3-foto-governo-federal.jpeg","width":1280,"height":763,"caption":"Foto: Governo Federal"},{"@type":"BreadcrumbList","@id":"https:\/\/agenciainfra.com\/blog\/data-centers-setor-nuclear-espera-regulamentacao-para-abrir-mercado\/#breadcrumb","itemListElement":[{"@type":"ListItem","position":1,"name":"In\u00edcio","item":"https:\/\/agenciainfra.com\/blog\/"},{"@type":"ListItem","position":2,"name":"Data centers: Setor nuclear espera regulamenta\u00e7\u00e3o para abrir mercado"}]},{"@type":"WebSite","@id":"https:\/\/agenciainfra.com\/blog\/#website","url":"https:\/\/agenciainfra.com\/blog\/","name":"Ag\u00eancia iNFRA","description":"Multiplataforma de informa\u00e7\u00e3o jornal\u00edstica refer\u00eancia na \u00e1rea de infraestrutura no Brasil!","publisher":{"@id":"https:\/\/agenciainfra.com\/blog\/#organization"},"potentialAction":[{"@type":"SearchAction","target":{"@type":"EntryPoint","urlTemplate":"https:\/\/agenciainfra.com\/blog\/?s={search_term_string}"},"query-input":{"@type":"PropertyValueSpecification","valueRequired":true,"valueName":"search_term_string"}}],"inLanguage":"pt-BR"},{"@type":"Organization","@id":"https:\/\/agenciainfra.com\/blog\/#organization","name":"Ag\u00eancia iNFRA","url":"https:\/\/agenciainfra.com\/blog\/","logo":{"@type":"ImageObject","inLanguage":"pt-BR","@id":"https:\/\/agenciainfra.com\/blog\/#\/schema\/logo\/image\/","url":"https:\/\/agenciainfra.com\/blog\/wp-content\/uploads\/2023\/09\/iNFRA_5-e1761735885940.png","contentUrl":"https:\/\/agenciainfra.com\/blog\/wp-content\/uploads\/2023\/09\/iNFRA_5-e1761735885940.png","width":1672,"height":454,"caption":"Ag\u00eancia iNFRA"},"image":{"@id":"https:\/\/agenciainfra.com\/blog\/#\/schema\/logo\/image\/"},"sameAs":["https:\/\/www.facebook.com\/ageninfra","https:\/\/x.com\/agencia_infra","https:\/\/www.linkedin.com\/company\/ag\u00eanciainfra\/","https:\/\/www.instagram.com\/agenciainfra\/"]},{"@type":"Person","@id":"https:\/\/agenciainfra.com\/blog\/#\/schema\/person\/34af08dff6adea4cb22b06612ba7acfa","name":"Ag\u00eancia iNFRA","image":{"@type":"ImageObject","inLanguage":"pt-BR","@id":"https:\/\/agenciainfra.com\/blog\/#\/schema\/person\/image\/","url":"https:\/\/secure.gravatar.com\/avatar\/d189e01678f06d8eb84d4e01f08eb848b3fffe3f8443818d3c356c66892f5be8?s=96&d=mm&r=g","contentUrl":"https:\/\/secure.gravatar.com\/avatar\/d189e01678f06d8eb84d4e01f08eb848b3fffe3f8443818d3c356c66892f5be8?s=96&d=mm&r=g","caption":"Ag\u00eancia iNFRA"},"url":"https:\/\/agenciainfra.com\/blog\/author\/admin\/"}]}},"_links":{"self":[{"href":"https:\/\/agenciainfra.com\/blog\/wp-json\/wp\/v2\/posts\/29213","targetHints":{"allow":["GET"]}}],"collection":[{"href":"https:\/\/agenciainfra.com\/blog\/wp-json\/wp\/v2\/posts"}],"about":[{"href":"https:\/\/agenciainfra.com\/blog\/wp-json\/wp\/v2\/types\/post"}],"author":[{"embeddable":true,"href":"https:\/\/agenciainfra.com\/blog\/wp-json\/wp\/v2\/users\/1"}],"replies":[{"embeddable":true,"href":"https:\/\/agenciainfra.com\/blog\/wp-json\/wp\/v2\/comments?post=29213"}],"version-history":[{"count":3,"href":"https:\/\/agenciainfra.com\/blog\/wp-json\/wp\/v2\/posts\/29213\/revisions"}],"predecessor-version":[{"id":29298,"href":"https:\/\/agenciainfra.com\/blog\/wp-json\/wp\/v2\/posts\/29213\/revisions\/29298"}],"wp:featuredmedia":[{"embeddable":true,"href":"https:\/\/agenciainfra.com\/blog\/wp-json\/wp\/v2\/media\/7448"}],"wp:attachment":[{"href":"https:\/\/agenciainfra.com\/blog\/wp-json\/wp\/v2\/media?parent=29213"}],"wp:term":[{"taxonomy":"category","embeddable":true,"href":"https:\/\/agenciainfra.com\/blog\/wp-json\/wp\/v2\/categories?post=29213"},{"taxonomy":"post_tag","embeddable":true,"href":"https:\/\/agenciainfra.com\/blog\/wp-json\/wp\/v2\/tags?post=29213"}],"curies":[{"name":"wp","href":"https:\/\/api.w.org\/{rel}","templated":true}]}}