{"id":29221,"date":"2025-10-03T14:00:00","date_gmt":"2025-10-03T17:00:00","guid":{"rendered":"https:\/\/agenciainfra.com\/blog\/?p=29221"},"modified":"2025-10-07T09:05:39","modified_gmt":"2025-10-07T12:05:39","slug":"ferrograo-governo-avalia-com-bndes-solucao-para-viabilidade-do-projeto","status":"publish","type":"post","link":"https:\/\/agenciainfra.com\/blog\/ferrograo-governo-avalia-com-bndes-solucao-para-viabilidade-do-projeto\/","title":{"rendered":"Ferrogr\u00e3o: Governo avalia com BNDES solu\u00e7\u00e3o para viabilidade do projeto"},"content":{"rendered":"\n<p class=\"has-text-align-right\"><strong>Amanda Pupo, da Ag\u00eancia iNFRA<\/strong><\/p>\n\n\n\n<p>O Minist\u00e9rio dos Transportes est\u00e1 em conversas com o BNDES (Banco Nacional de Desenvolvimento Econ\u00f4mico e Social) para desenhar alguma estrat\u00e9gia que d\u00ea viabilidade financeira para a concess\u00e3o da Ferrogr\u00e3o, ferrovia projetada para ser o principal centro de escoamento de gr\u00e3os do Mato Grosso, conectando o estado ao Par\u00e1.\u00a0H\u00e1 possibilidade de o projeto ser destravado agora que o STF (Supremo Tribunal Federal) come\u00e7ou a analisar a a\u00e7\u00e3o que, em 2021, suspendeu liminarmente a implementa\u00e7\u00e3o da ferrovia por discuss\u00f5es ambientais.\u00a0<br><br>Para al\u00e9m desse debate judicializado, o grande ponto de entrave da Ferrogr\u00e3o \u00e9 coloc\u00e1-la de p\u00e9 financeiramente \u2013 n\u00f3 que impede o avan\u00e7o do empreendimento h\u00e1 mais de uma d\u00e9cada. O tra\u00e7ado de quase mil quil\u00f4metros exige um investimento muito expressivo, que pode ultrapassar R$ 20 bilh\u00f5es, somados \u00e0s\u00a0dificuldades log\u00edsticas e ambientais. E, embora o governo venha desenhando uma pol\u00edtica para aportar recursos p\u00fablicos para preencher o \u201cgap\u201d de viabilidade em projetos ferrovi\u00e1rios, a avalia\u00e7\u00e3o feita neste momento internamente \u00e9 de que esse tipo de estrat\u00e9gia n\u00e3o caberia na Ferrogr\u00e3o.<br><br>Isso porque o objetivo do tra\u00e7ado \u00e9 muito vinculado ao interesse espec\u00edfico de setores privados. A grande press\u00e3o para que a opera\u00e7\u00e3o saia vem do agroneg\u00f3cio e das tradings agr\u00edcolas que querem sair da BR-163 e transportar suas cargas pela ferrovia que ligaria Sinop (MT) a Miritituba (PA). Como o problema n\u00e3o \u00e9 exatamente a\u00a0rentabilidade, mas o financiamento do projeto, o governo tem tocado conversas para avaliar se \u00e9 poss\u00edvel viabilizar uma cl\u00e1usula de take or pay na concess\u00e3o, estabelecendo uma esp\u00e9cie de garantia ao futuro operador. A sa\u00edda, contudo, n\u00e3o \u00e9 trivial porque envolveria uma estrutura\u00e7\u00e3o com per\u00edodo muito extenso.\u00a0<br><br>N\u00e3o h\u00e1 nenhum projeto de infraestrutura hoje no Brasil que exige ou j\u00e1 exigiu o grau de desembolso que seria necess\u00e1rio na Ferrogr\u00e3o. Segundo apurou a\u00a0<strong>Ag\u00eancia iNFRA<\/strong>, o BNDES tem auxiliado o Minist\u00e9rio dos Transportes a tentar construir alguma solu\u00e7\u00e3o de financiabilidade para o projeto. Embora ainda n\u00e3o haja nada concreto, h\u00e1 ideias na mesa envolvendo estruturas de garantias, por exemplo \u2013 as discuss\u00f5es n\u00e3o se resumem \u00e0 Ferrogr\u00e3o, e abrangem tamb\u00e9m os demais projetos ferrovi\u00e1rios que o governo quer tirar do papel.\u00a0<br><br>Com as conversas acontecendo, a ANTT (Ag\u00eancia Nacional de Transportes Terrestres) j\u00e1 previu recentemente que pode encaminhar o projeto da Ferrogr\u00e3o ao TCU (Tribunal de Contas da Uni\u00e3o) no \u00faltimo trimestre deste ano.\u00a0<br><br><strong>Julgamento<\/strong><br>Para destravar efetivamente o andamento da ferrovia, contudo, o governo precisa aguardar o julgamento pelo STF. A an\u00e1lise da a\u00e7\u00e3o em que o Psol (Partido Socialismo e Liberdade) questiona lei de 2017\u00a0que abria espa\u00e7o para o avan\u00e7o da Ferrogr\u00e3o come\u00e7ou a ser feita na quinta-feira (2) no plen\u00e1rio da corte, com as sustenta\u00e7\u00f5es orais dos interessados. O julgamento <a href=\"https:\/\/agenciainfra.com\/blog\/ferrograo-stf-comeca-julgamento-e-moraes-lera-voto-na-proxima-quarta-8\/\">ser\u00e1 retomado<\/a> na pr\u00f3xima quarta-feira (8), quando o relator, ministro Alexandre de Moraes, apresentar\u00e1 seu voto. Na sess\u00e3o desta quinta, ele apenas leu o relat\u00f3rio do processo \u2013 uma esp\u00e9cie de resumo dos tr\u00e2mites \u2013, sem dar indica\u00e7\u00f5es de qual deve ser sua posi\u00e7\u00e3o final.\u00a0<br><br>Em 2021, Moraes atendeu liminarmente o pedido do Psol e suspendeu a lei que abria caminho para o projeto, impedindo avan\u00e7os para a estrutura\u00e7\u00e3o da Ferrogr\u00e3o. Em 2023, o ministro autorizou apenas que o governo retomasse os estudos para a ferrovia, mas a execu\u00e7\u00e3o ainda ficou pendente de nova avalia\u00e7\u00e3o pela corte. No relat\u00f3rio lido nesta quinta-feira, Moraes lembrou tamb\u00e9m que o caso chegou a ser encaminhado para o Cesal (Centro de Solu\u00e7\u00f5es Alternativas de Lit\u00edgios) do STF.\u00a0<br><br>Em s\u00edntese sobre as negocia\u00e7\u00f5es, o Cesal apontou que o projeto ainda precisa avan\u00e7ar muitas etapas na burocracia do Executivo para sair do papel, n\u00e3o sendo consensual nem dentro do pr\u00f3prio governo, com muitas ressalvas da \u00e1rea ambiental e vis\u00e3o \u201cmais otimista\u201d do Minist\u00e9rio dos Transportes e da ANTT (Ag\u00eancia Nacional de Transportes Terrestres).\u00a0<br><br>\u201cO sentimento \u00e9 de que n\u00e3o h\u00e1 defini\u00e7\u00e3o pol\u00edtica do projeto, e, dados os desafios do empreendimento, \u00e9 fact\u00edvel que o projeto sofra modifica\u00e7\u00f5es, inclusive no tra\u00e7ado ou at\u00e9 mesmo\u00a0que seja descontinuado\u201d, citou Moraes sobre o parecer do Cesal, lembrando que essa possibilidade de altera\u00e7\u00e3o foi inclusive o que o motivou a liberar a volta dos\u00a0estudos. \u201cAinda o Cesal apontou que existe um cen\u00e1rio de grande desconfian\u00e7a das comunidades ind\u00edgenas com o Estado brasileiro em rela\u00e7\u00e3o ao projeto\u201d, disse.\u00a0<br><br>Nas sustenta\u00e7\u00f5es orais feitas nesta quinta, o Psol refor\u00e7ou seu pedido pela inconstitucionalidade da lei que mexeu no tra\u00e7ado do Parque do Jamanxim, no Par\u00e1.\u00a0\u201cN\u00e3o h\u00e1 mapa t\u00e9cnico confi\u00e1vel at\u00e9 hoje. N\u00e3o h\u00e1 tra\u00e7ado georreferenciado definitivo. S\u00e3o inten\u00e7\u00f5es vagas sem estudo detalhado. N\u00e3o temos seguran\u00e7a m\u00ednima para avan\u00e7ar no projeto\u201d, disse o advogado Raphael Sodr\u00e9 Cittadino, que pediu tamb\u00e9m que a corte estabele\u00e7a condicionantes ao projeto.\u00a0\u00a0<br><br>J\u00e1 a AGU (Advocacia-Geral da Uni\u00e3o) repetiu seu entendimento dado em 2023, que marcou uma virada na posi\u00e7\u00e3o do \u00f3rg\u00e3o, para que o Supremo aceite a a\u00e7\u00e3o do partido. O representante\u00a0da AGU, por sua vez, destacou que isso n\u00e3o implica num posicionamento institucional contr\u00e1rio ao projeto, desde que observados os requisitos legais e ambientais aplic\u00e1veis. \u201cO empreendimento poder\u00e1 trazer avan\u00e7o log\u00edstico para o pa\u00eds (&#8230;) reduzir o tr\u00e1fego de caminh\u00f5es, com efeitos positivos sobre a malha rodovi\u00e1ria e sobre o meio ambiente\u201d, disse Antonio Marinho da Rocha Neto.\u00a0\u00a0<\/p>\n","protected":false},"excerpt":{"rendered":"<p>Amanda Pupo, da Ag\u00eancia iNFRA O Minist\u00e9rio dos Transportes est\u00e1 em conversas com o BNDES (Banco Nacional de Desenvolvimento Econ\u00f4mico e Social) para desenhar alguma estrat\u00e9gia que d\u00ea viabilidade financeira para a concess\u00e3o da Ferrogr\u00e3o, ferrovia projetada para ser o principal centro de escoamento de gr\u00e3os do Mato Grosso, conectando o estado ao Par\u00e1.\u00a0H\u00e1 possibilidade [&hellip;]<\/p>\n","protected":false},"author":1,"featured_media":12964,"comment_status":"closed","ping_status":"closed","sticky":false,"template":"","format":"standard","meta":{"_monsterinsights_skip_tracking":false,"_monsterinsights_sitenote_active":false,"_monsterinsights_sitenote_note":"","_monsterinsights_sitenote_category":0,"footnotes":""},"categories":[7250,1,7],"tags":[353,13354,19,15846,158,79,34,15845,653,66,849,16,7800,372,1033],"class_list":["post-29221","post","type-post","status-publish","format-standard","has-post-thumbnail","hentry","category-destaque-lista","category-geral","category-infratransporte","tag-agu","tag-amanda-pupo","tag-antt","tag-cesal","tag-ferrograo","tag-ferrovia","tag-infraestrutura","tag-julgamento","tag-liminar","tag-logistica","tag-meio-ambiente","tag-ministerio-dos-transportes","tag-psol","tag-stf","tag-transporte-ferroviario"],"yoast_head":"<!-- This site is optimized with the Yoast SEO Premium plugin v25.4 (Yoast SEO v26.0) - https:\/\/yoast.com\/wordpress\/plugins\/seo\/ -->\n<title>Ferrogr\u00e3o: Governo avalia com BNDES solu\u00e7\u00e3o para viabilidade do projeto - Ag\u00eancia iNFRA<\/title>\n<meta name=\"robots\" content=\"index, follow, max-snippet:-1, max-image-preview:large, max-video-preview:-1\" \/>\n<link rel=\"canonical\" href=\"https:\/\/agenciainfra.com\/blog\/ferrograo-governo-avalia-com-bndes-solucao-para-viabilidade-do-projeto\/\" \/>\n<meta property=\"og:locale\" content=\"pt_BR\" \/>\n<meta property=\"og:type\" content=\"article\" \/>\n<meta property=\"og:title\" content=\"Ferrogr\u00e3o: Governo avalia com BNDES solu\u00e7\u00e3o para viabilidade do projeto\" \/>\n<meta property=\"og:description\" content=\"Amanda Pupo, da Ag\u00eancia iNFRA O Minist\u00e9rio dos Transportes est\u00e1 em conversas com o BNDES (Banco Nacional de Desenvolvimento Econ\u00f4mico e Social) para desenhar alguma estrat\u00e9gia que d\u00ea viabilidade financeira para a concess\u00e3o da Ferrogr\u00e3o, ferrovia projetada para ser o principal centro de escoamento de gr\u00e3os do Mato Grosso, conectando o estado ao Par\u00e1.\u00a0H\u00e1 possibilidade [&hellip;]\" \/>\n<meta property=\"og:url\" content=\"https:\/\/agenciainfra.com\/blog\/ferrograo-governo-avalia-com-bndes-solucao-para-viabilidade-do-projeto\/\" \/>\n<meta property=\"og:site_name\" content=\"Ag\u00eancia iNFRA\" \/>\n<meta property=\"article:publisher\" content=\"https:\/\/www.facebook.com\/ageninfra\" \/>\n<meta property=\"article:published_time\" content=\"2025-10-03T17:00:00+00:00\" \/>\n<meta property=\"article:modified_time\" content=\"2025-10-07T12:05:39+00:00\" \/>\n<meta property=\"og:image\" content=\"https:\/\/agenciainfra.com\/blog\/wp-content\/uploads\/2023\/06\/ferrograo-foto-governo-federal-e1751540571155.jpg\" \/>\n\t<meta property=\"og:image:width\" content=\"1200\" \/>\n\t<meta property=\"og:image:height\" content=\"760\" \/>\n\t<meta property=\"og:image:type\" content=\"image\/jpeg\" \/>\n<meta name=\"author\" content=\"Ag\u00eancia iNFRA\" \/>\n<meta name=\"twitter:card\" content=\"summary_large_image\" \/>\n<meta name=\"twitter:creator\" content=\"@agencia_infra\" \/>\n<meta name=\"twitter:site\" content=\"@agencia_infra\" \/>\n<meta name=\"twitter:label1\" content=\"Escrito por\" \/>\n\t<meta name=\"twitter:data1\" content=\"Ag\u00eancia iNFRA\" \/>\n\t<meta name=\"twitter:label2\" content=\"Est. tempo de leitura\" \/>\n\t<meta name=\"twitter:data2\" content=\"5 minutos\" \/>\n<script type=\"application\/ld+json\" class=\"yoast-schema-graph\">{\"@context\":\"https:\/\/schema.org\",\"@graph\":[{\"@type\":\"Article\",\"@id\":\"https:\/\/agenciainfra.com\/blog\/ferrograo-governo-avalia-com-bndes-solucao-para-viabilidade-do-projeto\/#article\",\"isPartOf\":{\"@id\":\"https:\/\/agenciainfra.com\/blog\/ferrograo-governo-avalia-com-bndes-solucao-para-viabilidade-do-projeto\/\"},\"author\":{\"name\":\"Ag\u00eancia iNFRA\",\"@id\":\"https:\/\/agenciainfra.com\/blog\/#\/schema\/person\/34af08dff6adea4cb22b06612ba7acfa\"},\"headline\":\"Ferrogr\u00e3o: Governo avalia com BNDES solu\u00e7\u00e3o para viabilidade do projeto\",\"datePublished\":\"2025-10-03T17:00:00+00:00\",\"dateModified\":\"2025-10-07T12:05:39+00:00\",\"mainEntityOfPage\":{\"@id\":\"https:\/\/agenciainfra.com\/blog\/ferrograo-governo-avalia-com-bndes-solucao-para-viabilidade-do-projeto\/\"},\"wordCount\":988,\"publisher\":{\"@id\":\"https:\/\/agenciainfra.com\/blog\/#organization\"},\"image\":{\"@id\":\"https:\/\/agenciainfra.com\/blog\/ferrograo-governo-avalia-com-bndes-solucao-para-viabilidade-do-projeto\/#primaryimage\"},\"thumbnailUrl\":\"https:\/\/agenciainfra.com\/blog\/wp-content\/uploads\/2023\/06\/ferrograo-foto-governo-federal-e1751540571155.jpg\",\"keywords\":[\"AGU\",\"Amanda Pupo\",\"ANTT\",\"Cesal\",\"Ferrogr\u00e3o\",\"Ferrovia\",\"Infraestrutura\",\"julgamento\",\"Liminar\",\"log\u00edstica\",\"meio ambiente\",\"minist\u00e9rio dos transportes\",\"PSOL\",\"STF\",\"transporte ferrovi\u00e1rio\"],\"articleSection\":[\"Destaque lista\",\"Geral\",\"iNFRATransporte\"],\"inLanguage\":\"pt-BR\",\"copyrightYear\":\"2025\",\"copyrightHolder\":{\"@id\":\"https:\/\/agenciainfra.com\/blog\/#organization\"}},{\"@type\":\"WebPage\",\"@id\":\"https:\/\/agenciainfra.com\/blog\/ferrograo-governo-avalia-com-bndes-solucao-para-viabilidade-do-projeto\/\",\"url\":\"https:\/\/agenciainfra.com\/blog\/ferrograo-governo-avalia-com-bndes-solucao-para-viabilidade-do-projeto\/\",\"name\":\"Ferrogr\u00e3o: Governo avalia com BNDES solu\u00e7\u00e3o para viabilidade do projeto - Ag\u00eancia iNFRA\",\"isPartOf\":{\"@id\":\"https:\/\/agenciainfra.com\/blog\/#website\"},\"primaryImageOfPage\":{\"@id\":\"https:\/\/agenciainfra.com\/blog\/ferrograo-governo-avalia-com-bndes-solucao-para-viabilidade-do-projeto\/#primaryimage\"},\"image\":{\"@id\":\"https:\/\/agenciainfra.com\/blog\/ferrograo-governo-avalia-com-bndes-solucao-para-viabilidade-do-projeto\/#primaryimage\"},\"thumbnailUrl\":\"https:\/\/agenciainfra.com\/blog\/wp-content\/uploads\/2023\/06\/ferrograo-foto-governo-federal-e1751540571155.jpg\",\"datePublished\":\"2025-10-03T17:00:00+00:00\",\"dateModified\":\"2025-10-07T12:05:39+00:00\",\"breadcrumb\":{\"@id\":\"https:\/\/agenciainfra.com\/blog\/ferrograo-governo-avalia-com-bndes-solucao-para-viabilidade-do-projeto\/#breadcrumb\"},\"inLanguage\":\"pt-BR\",\"potentialAction\":[{\"@type\":\"ReadAction\",\"target\":[\"https:\/\/agenciainfra.com\/blog\/ferrograo-governo-avalia-com-bndes-solucao-para-viabilidade-do-projeto\/\"]}]},{\"@type\":\"ImageObject\",\"inLanguage\":\"pt-BR\",\"@id\":\"https:\/\/agenciainfra.com\/blog\/ferrograo-governo-avalia-com-bndes-solucao-para-viabilidade-do-projeto\/#primaryimage\",\"url\":\"https:\/\/agenciainfra.com\/blog\/wp-content\/uploads\/2023\/06\/ferrograo-foto-governo-federal-e1751540571155.jpg\",\"contentUrl\":\"https:\/\/agenciainfra.com\/blog\/wp-content\/uploads\/2023\/06\/ferrograo-foto-governo-federal-e1751540571155.jpg\",\"width\":1200,\"height\":760,\"caption\":\"Foto: Governo Federal\"},{\"@type\":\"BreadcrumbList\",\"@id\":\"https:\/\/agenciainfra.com\/blog\/ferrograo-governo-avalia-com-bndes-solucao-para-viabilidade-do-projeto\/#breadcrumb\",\"itemListElement\":[{\"@type\":\"ListItem\",\"position\":1,\"name\":\"In\u00edcio\",\"item\":\"https:\/\/agenciainfra.com\/blog\/\"},{\"@type\":\"ListItem\",\"position\":2,\"name\":\"Ferrogr\u00e3o: Governo avalia com BNDES solu\u00e7\u00e3o para viabilidade do projeto\"}]},{\"@type\":\"WebSite\",\"@id\":\"https:\/\/agenciainfra.com\/blog\/#website\",\"url\":\"https:\/\/agenciainfra.com\/blog\/\",\"name\":\"Ag\u00eancia iNFRA\",\"description\":\"Multiplataforma de informa\u00e7\u00e3o jornal\u00edstica refer\u00eancia na \u00e1rea de infraestrutura no Brasil!\",\"publisher\":{\"@id\":\"https:\/\/agenciainfra.com\/blog\/#organization\"},\"potentialAction\":[{\"@type\":\"SearchAction\",\"target\":{\"@type\":\"EntryPoint\",\"urlTemplate\":\"https:\/\/agenciainfra.com\/blog\/?s={search_term_string}\"},\"query-input\":{\"@type\":\"PropertyValueSpecification\",\"valueRequired\":true,\"valueName\":\"search_term_string\"}}],\"inLanguage\":\"pt-BR\"},{\"@type\":\"Organization\",\"@id\":\"https:\/\/agenciainfra.com\/blog\/#organization\",\"name\":\"Ag\u00eancia iNFRA\",\"url\":\"https:\/\/agenciainfra.com\/blog\/\",\"logo\":{\"@type\":\"ImageObject\",\"inLanguage\":\"pt-BR\",\"@id\":\"https:\/\/agenciainfra.com\/blog\/#\/schema\/logo\/image\/\",\"url\":\"https:\/\/agenciainfra.com\/blog\/wp-content\/uploads\/2023\/09\/iNFRA_5-e1761735885940.png\",\"contentUrl\":\"https:\/\/agenciainfra.com\/blog\/wp-content\/uploads\/2023\/09\/iNFRA_5-e1761735885940.png\",\"width\":1672,\"height\":454,\"caption\":\"Ag\u00eancia iNFRA\"},\"image\":{\"@id\":\"https:\/\/agenciainfra.com\/blog\/#\/schema\/logo\/image\/\"},\"sameAs\":[\"https:\/\/www.facebook.com\/ageninfra\",\"https:\/\/x.com\/agencia_infra\",\"https:\/\/www.linkedin.com\/company\/ag\u00eanciainfra\/\",\"https:\/\/www.instagram.com\/agenciainfra\/\"]},{\"@type\":\"Person\",\"@id\":\"https:\/\/agenciainfra.com\/blog\/#\/schema\/person\/34af08dff6adea4cb22b06612ba7acfa\",\"name\":\"Ag\u00eancia iNFRA\",\"image\":{\"@type\":\"ImageObject\",\"inLanguage\":\"pt-BR\",\"@id\":\"https:\/\/agenciainfra.com\/blog\/#\/schema\/person\/image\/\",\"url\":\"https:\/\/secure.gravatar.com\/avatar\/d189e01678f06d8eb84d4e01f08eb848b3fffe3f8443818d3c356c66892f5be8?s=96&d=mm&r=g\",\"contentUrl\":\"https:\/\/secure.gravatar.com\/avatar\/d189e01678f06d8eb84d4e01f08eb848b3fffe3f8443818d3c356c66892f5be8?s=96&d=mm&r=g\",\"caption\":\"Ag\u00eancia iNFRA\"},\"url\":\"https:\/\/agenciainfra.com\/blog\/author\/admin\/\"}]}<\/script>\n<!-- \/ Yoast SEO Premium plugin. -->","yoast_head_json":{"title":"Ferrogr\u00e3o: Governo avalia com BNDES solu\u00e7\u00e3o para viabilidade do projeto - Ag\u00eancia iNFRA","robots":{"index":"index","follow":"follow","max-snippet":"max-snippet:-1","max-image-preview":"max-image-preview:large","max-video-preview":"max-video-preview:-1"},"canonical":"https:\/\/agenciainfra.com\/blog\/ferrograo-governo-avalia-com-bndes-solucao-para-viabilidade-do-projeto\/","og_locale":"pt_BR","og_type":"article","og_title":"Ferrogr\u00e3o: Governo avalia com BNDES solu\u00e7\u00e3o para viabilidade do projeto","og_description":"Amanda Pupo, da Ag\u00eancia iNFRA O Minist\u00e9rio dos Transportes est\u00e1 em conversas com o BNDES (Banco Nacional de Desenvolvimento Econ\u00f4mico e Social) para desenhar alguma estrat\u00e9gia que d\u00ea viabilidade financeira para a concess\u00e3o da Ferrogr\u00e3o, ferrovia projetada para ser o principal centro de escoamento de gr\u00e3os do Mato Grosso, conectando o estado ao Par\u00e1.\u00a0H\u00e1 possibilidade [&hellip;]","og_url":"https:\/\/agenciainfra.com\/blog\/ferrograo-governo-avalia-com-bndes-solucao-para-viabilidade-do-projeto\/","og_site_name":"Ag\u00eancia iNFRA","article_publisher":"https:\/\/www.facebook.com\/ageninfra","article_published_time":"2025-10-03T17:00:00+00:00","article_modified_time":"2025-10-07T12:05:39+00:00","og_image":[{"width":1200,"height":760,"url":"https:\/\/agenciainfra.com\/blog\/wp-content\/uploads\/2023\/06\/ferrograo-foto-governo-federal-e1751540571155.jpg","type":"image\/jpeg"}],"author":"Ag\u00eancia iNFRA","twitter_card":"summary_large_image","twitter_creator":"@agencia_infra","twitter_site":"@agencia_infra","twitter_misc":{"Escrito por":"Ag\u00eancia iNFRA","Est. tempo de leitura":"5 minutos"},"schema":{"@context":"https:\/\/schema.org","@graph":[{"@type":"Article","@id":"https:\/\/agenciainfra.com\/blog\/ferrograo-governo-avalia-com-bndes-solucao-para-viabilidade-do-projeto\/#article","isPartOf":{"@id":"https:\/\/agenciainfra.com\/blog\/ferrograo-governo-avalia-com-bndes-solucao-para-viabilidade-do-projeto\/"},"author":{"name":"Ag\u00eancia iNFRA","@id":"https:\/\/agenciainfra.com\/blog\/#\/schema\/person\/34af08dff6adea4cb22b06612ba7acfa"},"headline":"Ferrogr\u00e3o: Governo avalia com BNDES solu\u00e7\u00e3o para viabilidade do projeto","datePublished":"2025-10-03T17:00:00+00:00","dateModified":"2025-10-07T12:05:39+00:00","mainEntityOfPage":{"@id":"https:\/\/agenciainfra.com\/blog\/ferrograo-governo-avalia-com-bndes-solucao-para-viabilidade-do-projeto\/"},"wordCount":988,"publisher":{"@id":"https:\/\/agenciainfra.com\/blog\/#organization"},"image":{"@id":"https:\/\/agenciainfra.com\/blog\/ferrograo-governo-avalia-com-bndes-solucao-para-viabilidade-do-projeto\/#primaryimage"},"thumbnailUrl":"https:\/\/agenciainfra.com\/blog\/wp-content\/uploads\/2023\/06\/ferrograo-foto-governo-federal-e1751540571155.jpg","keywords":["AGU","Amanda Pupo","ANTT","Cesal","Ferrogr\u00e3o","Ferrovia","Infraestrutura","julgamento","Liminar","log\u00edstica","meio ambiente","minist\u00e9rio dos transportes","PSOL","STF","transporte ferrovi\u00e1rio"],"articleSection":["Destaque lista","Geral","iNFRATransporte"],"inLanguage":"pt-BR","copyrightYear":"2025","copyrightHolder":{"@id":"https:\/\/agenciainfra.com\/blog\/#organization"}},{"@type":"WebPage","@id":"https:\/\/agenciainfra.com\/blog\/ferrograo-governo-avalia-com-bndes-solucao-para-viabilidade-do-projeto\/","url":"https:\/\/agenciainfra.com\/blog\/ferrograo-governo-avalia-com-bndes-solucao-para-viabilidade-do-projeto\/","name":"Ferrogr\u00e3o: Governo avalia com BNDES solu\u00e7\u00e3o para viabilidade do projeto - Ag\u00eancia iNFRA","isPartOf":{"@id":"https:\/\/agenciainfra.com\/blog\/#website"},"primaryImageOfPage":{"@id":"https:\/\/agenciainfra.com\/blog\/ferrograo-governo-avalia-com-bndes-solucao-para-viabilidade-do-projeto\/#primaryimage"},"image":{"@id":"https:\/\/agenciainfra.com\/blog\/ferrograo-governo-avalia-com-bndes-solucao-para-viabilidade-do-projeto\/#primaryimage"},"thumbnailUrl":"https:\/\/agenciainfra.com\/blog\/wp-content\/uploads\/2023\/06\/ferrograo-foto-governo-federal-e1751540571155.jpg","datePublished":"2025-10-03T17:00:00+00:00","dateModified":"2025-10-07T12:05:39+00:00","breadcrumb":{"@id":"https:\/\/agenciainfra.com\/blog\/ferrograo-governo-avalia-com-bndes-solucao-para-viabilidade-do-projeto\/#breadcrumb"},"inLanguage":"pt-BR","potentialAction":[{"@type":"ReadAction","target":["https:\/\/agenciainfra.com\/blog\/ferrograo-governo-avalia-com-bndes-solucao-para-viabilidade-do-projeto\/"]}]},{"@type":"ImageObject","inLanguage":"pt-BR","@id":"https:\/\/agenciainfra.com\/blog\/ferrograo-governo-avalia-com-bndes-solucao-para-viabilidade-do-projeto\/#primaryimage","url":"https:\/\/agenciainfra.com\/blog\/wp-content\/uploads\/2023\/06\/ferrograo-foto-governo-federal-e1751540571155.jpg","contentUrl":"https:\/\/agenciainfra.com\/blog\/wp-content\/uploads\/2023\/06\/ferrograo-foto-governo-federal-e1751540571155.jpg","width":1200,"height":760,"caption":"Foto: Governo Federal"},{"@type":"BreadcrumbList","@id":"https:\/\/agenciainfra.com\/blog\/ferrograo-governo-avalia-com-bndes-solucao-para-viabilidade-do-projeto\/#breadcrumb","itemListElement":[{"@type":"ListItem","position":1,"name":"In\u00edcio","item":"https:\/\/agenciainfra.com\/blog\/"},{"@type":"ListItem","position":2,"name":"Ferrogr\u00e3o: Governo avalia com BNDES solu\u00e7\u00e3o para viabilidade do projeto"}]},{"@type":"WebSite","@id":"https:\/\/agenciainfra.com\/blog\/#website","url":"https:\/\/agenciainfra.com\/blog\/","name":"Ag\u00eancia iNFRA","description":"Multiplataforma de informa\u00e7\u00e3o jornal\u00edstica refer\u00eancia na \u00e1rea de infraestrutura no Brasil!","publisher":{"@id":"https:\/\/agenciainfra.com\/blog\/#organization"},"potentialAction":[{"@type":"SearchAction","target":{"@type":"EntryPoint","urlTemplate":"https:\/\/agenciainfra.com\/blog\/?s={search_term_string}"},"query-input":{"@type":"PropertyValueSpecification","valueRequired":true,"valueName":"search_term_string"}}],"inLanguage":"pt-BR"},{"@type":"Organization","@id":"https:\/\/agenciainfra.com\/blog\/#organization","name":"Ag\u00eancia iNFRA","url":"https:\/\/agenciainfra.com\/blog\/","logo":{"@type":"ImageObject","inLanguage":"pt-BR","@id":"https:\/\/agenciainfra.com\/blog\/#\/schema\/logo\/image\/","url":"https:\/\/agenciainfra.com\/blog\/wp-content\/uploads\/2023\/09\/iNFRA_5-e1761735885940.png","contentUrl":"https:\/\/agenciainfra.com\/blog\/wp-content\/uploads\/2023\/09\/iNFRA_5-e1761735885940.png","width":1672,"height":454,"caption":"Ag\u00eancia iNFRA"},"image":{"@id":"https:\/\/agenciainfra.com\/blog\/#\/schema\/logo\/image\/"},"sameAs":["https:\/\/www.facebook.com\/ageninfra","https:\/\/x.com\/agencia_infra","https:\/\/www.linkedin.com\/company\/ag\u00eanciainfra\/","https:\/\/www.instagram.com\/agenciainfra\/"]},{"@type":"Person","@id":"https:\/\/agenciainfra.com\/blog\/#\/schema\/person\/34af08dff6adea4cb22b06612ba7acfa","name":"Ag\u00eancia iNFRA","image":{"@type":"ImageObject","inLanguage":"pt-BR","@id":"https:\/\/agenciainfra.com\/blog\/#\/schema\/person\/image\/","url":"https:\/\/secure.gravatar.com\/avatar\/d189e01678f06d8eb84d4e01f08eb848b3fffe3f8443818d3c356c66892f5be8?s=96&d=mm&r=g","contentUrl":"https:\/\/secure.gravatar.com\/avatar\/d189e01678f06d8eb84d4e01f08eb848b3fffe3f8443818d3c356c66892f5be8?s=96&d=mm&r=g","caption":"Ag\u00eancia iNFRA"},"url":"https:\/\/agenciainfra.com\/blog\/author\/admin\/"}]}},"_links":{"self":[{"href":"https:\/\/agenciainfra.com\/blog\/wp-json\/wp\/v2\/posts\/29221","targetHints":{"allow":["GET"]}}],"collection":[{"href":"https:\/\/agenciainfra.com\/blog\/wp-json\/wp\/v2\/posts"}],"about":[{"href":"https:\/\/agenciainfra.com\/blog\/wp-json\/wp\/v2\/types\/post"}],"author":[{"embeddable":true,"href":"https:\/\/agenciainfra.com\/blog\/wp-json\/wp\/v2\/users\/1"}],"replies":[{"embeddable":true,"href":"https:\/\/agenciainfra.com\/blog\/wp-json\/wp\/v2\/comments?post=29221"}],"version-history":[{"count":2,"href":"https:\/\/agenciainfra.com\/blog\/wp-json\/wp\/v2\/posts\/29221\/revisions"}],"predecessor-version":[{"id":29290,"href":"https:\/\/agenciainfra.com\/blog\/wp-json\/wp\/v2\/posts\/29221\/revisions\/29290"}],"wp:featuredmedia":[{"embeddable":true,"href":"https:\/\/agenciainfra.com\/blog\/wp-json\/wp\/v2\/media\/12964"}],"wp:attachment":[{"href":"https:\/\/agenciainfra.com\/blog\/wp-json\/wp\/v2\/media?parent=29221"}],"wp:term":[{"taxonomy":"category","embeddable":true,"href":"https:\/\/agenciainfra.com\/blog\/wp-json\/wp\/v2\/categories?post=29221"},{"taxonomy":"post_tag","embeddable":true,"href":"https:\/\/agenciainfra.com\/blog\/wp-json\/wp\/v2\/tags?post=29221"}],"curies":[{"name":"wp","href":"https:\/\/api.w.org\/{rel}","templated":true}]}}