{"id":29355,"date":"2025-10-06T16:30:19","date_gmt":"2025-10-06T19:30:19","guid":{"rendered":"https:\/\/agenciainfra.com\/blog\/?p=29355"},"modified":"2025-10-06T16:30:19","modified_gmt":"2025-10-06T19:30:19","slug":"aps-fara-licitacao-para-manutencao-das-perimetrais-do-porto-de-santos","status":"publish","type":"post","link":"https:\/\/agenciainfra.com\/blog\/aps-fara-licitacao-para-manutencao-das-perimetrais-do-porto-de-santos\/","title":{"rendered":"APS far\u00e1 licita\u00e7\u00e3o para manuten\u00e7\u00e3o das perimetrais do Porto de Santos"},"content":{"rendered":"\n<p class=\"has-text-align-right\"><strong>da Ag\u00eancia iNFRA<\/strong><\/p>\n\n\n\n<p>A APS (Autoridade Portu\u00e1ria de Santos) lan\u00e7ou, na \u00faltima quinta-feira (2), edital para contrata\u00e7\u00e3o de servi\u00e7os de manuten\u00e7\u00e3o das vias perimetrais do Porto de Santos (SP). O contrato ter\u00e1 dura\u00e7\u00e3o de 30 anos e abrange a recupera\u00e7\u00e3o do pavimento asf\u00e1ltico e dos paralelep\u00edpedos, reparos no sistema de drenagem de \u00e1guas pluviais, e fornecimento de equipamentos, materiais e m\u00e3o de obra para a execu\u00e7\u00e3o dos trabalhos, segundo informou o \u00f3rg\u00e3o.<\/p>\n\n\n\n<p>O edital traz algumas novidades em rela\u00e7\u00e3o \u00e0 licita\u00e7\u00e3o anterior para o mesmo servi\u00e7o. Para a execu\u00e7\u00e3o de reparos imediatos, prev\u00ea-se o uso de asfalto ensacado \u00e0 frio, e em lugar do asfalto convencional est\u00e1 indicado asfalto com pol\u00edmero. H\u00e1 tamb\u00e9m uma maior quantidade de servi\u00e7os, por exemplo.<\/p>\n\n\n\n<p>De acordo com a APS, &#8220;o valor do contrato ser\u00e1 definido com base nos pre\u00e7os unit\u00e1rios apresentados na proposta, e os pagamentos ser\u00e3o realizados conforme medi\u00e7\u00e3o mensal dos servi\u00e7os executados e aprovados pela fiscaliza\u00e7\u00e3o&#8221; da autoridade portu\u00e1ria. As propostas poder\u00e3o ser enviadas at\u00e9 23 de outubro.<\/p>\n","protected":false},"excerpt":{"rendered":"<p>da Ag\u00eancia iNFRA A APS (Autoridade Portu\u00e1ria de Santos) lan\u00e7ou, na \u00faltima quinta-feira (2), edital para contrata\u00e7\u00e3o de servi\u00e7os de manuten\u00e7\u00e3o das vias perimetrais do Porto de Santos (SP). O contrato ter\u00e1 dura\u00e7\u00e3o de 30 anos e abrange a recupera\u00e7\u00e3o do pavimento asf\u00e1ltico e dos paralelep\u00edpedos, reparos no sistema de drenagem de \u00e1guas pluviais, e [&hellip;]<\/p>\n","protected":false},"author":1,"featured_media":29357,"comment_status":"closed","ping_status":"closed","sticky":false,"template":"","format":"standard","meta":{"_monsterinsights_skip_tracking":false,"_monsterinsights_sitenote_active":false,"_monsterinsights_sitenote_note":"","_monsterinsights_sitenote_category":0,"footnotes":""},"categories":[1,13576],"tags":[6854,4918,316,260,15912],"class_list":["post-29355","post","type-post","status-publish","format-standard","has-post-thumbnail","hentry","category-geral","category-giro-infra","tag-aps","tag-autoridade-portuaria-de-santos","tag-licitacao","tag-porto-de-santos","tag-vias-perimetrais"],"yoast_head":"<!-- This site is optimized with the Yoast SEO Premium plugin v25.4 (Yoast SEO v26.0) - https:\/\/yoast.com\/wordpress\/plugins\/seo\/ -->\n<title>APS far\u00e1 licita\u00e7\u00e3o para manuten\u00e7\u00e3o das perimetrais do Porto de Santos - Ag\u00eancia iNFRA<\/title>\n<meta name=\"robots\" content=\"index, follow, max-snippet:-1, max-image-preview:large, max-video-preview:-1\" \/>\n<link rel=\"canonical\" href=\"https:\/\/agenciainfra.com\/blog\/aps-fara-licitacao-para-manutencao-das-perimetrais-do-porto-de-santos\/\" \/>\n<meta property=\"og:locale\" content=\"pt_BR\" \/>\n<meta property=\"og:type\" content=\"article\" \/>\n<meta property=\"og:title\" content=\"APS far\u00e1 licita\u00e7\u00e3o para manuten\u00e7\u00e3o das perimetrais do Porto de Santos\" \/>\n<meta property=\"og:description\" content=\"da Ag\u00eancia iNFRA A APS (Autoridade Portu\u00e1ria de Santos) lan\u00e7ou, na \u00faltima quinta-feira (2), edital para contrata\u00e7\u00e3o de servi\u00e7os de manuten\u00e7\u00e3o das vias perimetrais do Porto de Santos (SP). O contrato ter\u00e1 dura\u00e7\u00e3o de 30 anos e abrange a recupera\u00e7\u00e3o do pavimento asf\u00e1ltico e dos paralelep\u00edpedos, reparos no sistema de drenagem de \u00e1guas pluviais, e [&hellip;]\" \/>\n<meta property=\"og:url\" content=\"https:\/\/agenciainfra.com\/blog\/aps-fara-licitacao-para-manutencao-das-perimetrais-do-porto-de-santos\/\" \/>\n<meta property=\"og:site_name\" content=\"Ag\u00eancia iNFRA\" \/>\n<meta property=\"article:publisher\" content=\"https:\/\/www.facebook.com\/ageninfra\" \/>\n<meta property=\"article:published_time\" content=\"2025-10-06T19:30:19+00:00\" \/>\n<meta name=\"author\" content=\"Ag\u00eancia iNFRA\" \/>\n<meta name=\"twitter:card\" content=\"summary_large_image\" \/>\n<meta name=\"twitter:creator\" content=\"@agencia_infra\" \/>\n<meta name=\"twitter:site\" content=\"@agencia_infra\" \/>\n<meta name=\"twitter:label1\" content=\"Escrito por\" \/>\n\t<meta name=\"twitter:data1\" content=\"Ag\u00eancia iNFRA\" \/>\n\t<meta name=\"twitter:label2\" content=\"Est. tempo de leitura\" \/>\n\t<meta name=\"twitter:data2\" content=\"1 minuto\" \/>\n<script type=\"application\/ld+json\" class=\"yoast-schema-graph\">{\"@context\":\"https:\/\/schema.org\",\"@graph\":[{\"@type\":\"Article\",\"@id\":\"https:\/\/agenciainfra.com\/blog\/aps-fara-licitacao-para-manutencao-das-perimetrais-do-porto-de-santos\/#article\",\"isPartOf\":{\"@id\":\"https:\/\/agenciainfra.com\/blog\/aps-fara-licitacao-para-manutencao-das-perimetrais-do-porto-de-santos\/\"},\"author\":{\"name\":\"Ag\u00eancia iNFRA\",\"@id\":\"https:\/\/agenciainfra.com\/blog\/#\/schema\/person\/34af08dff6adea4cb22b06612ba7acfa\"},\"headline\":\"APS far\u00e1 licita\u00e7\u00e3o para manuten\u00e7\u00e3o das perimetrais do Porto de Santos\",\"datePublished\":\"2025-10-06T19:30:19+00:00\",\"mainEntityOfPage\":{\"@id\":\"https:\/\/agenciainfra.com\/blog\/aps-fara-licitacao-para-manutencao-das-perimetrais-do-porto-de-santos\/\"},\"wordCount\":203,\"publisher\":{\"@id\":\"https:\/\/agenciainfra.com\/blog\/#organization\"},\"image\":{\"@id\":\"https:\/\/agenciainfra.com\/blog\/aps-fara-licitacao-para-manutencao-das-perimetrais-do-porto-de-santos\/#primaryimage\"},\"thumbnailUrl\":\"https:\/\/agenciainfra.com\/blog\/wp-content\/uploads\/2025\/10\/foto-obra-perimetral-porto-de-santos-foto-aps-autoridade-portuaria-de-santos.jpg\",\"keywords\":[\"APS\",\"Autoridade Portu\u00e1ria de Santos\",\"licita\u00e7\u00e3o\",\"Porto de Santos\",\"vias perimetrais\"],\"articleSection\":[\"Geral\",\"Giro iNFRA\"],\"inLanguage\":\"pt-BR\",\"copyrightYear\":\"2025\",\"copyrightHolder\":{\"@id\":\"https:\/\/agenciainfra.com\/blog\/#organization\"}},{\"@type\":\"WebPage\",\"@id\":\"https:\/\/agenciainfra.com\/blog\/aps-fara-licitacao-para-manutencao-das-perimetrais-do-porto-de-santos\/\",\"url\":\"https:\/\/agenciainfra.com\/blog\/aps-fara-licitacao-para-manutencao-das-perimetrais-do-porto-de-santos\/\",\"name\":\"APS far\u00e1 licita\u00e7\u00e3o para manuten\u00e7\u00e3o das perimetrais do Porto de Santos - Ag\u00eancia iNFRA\",\"isPartOf\":{\"@id\":\"https:\/\/agenciainfra.com\/blog\/#website\"},\"primaryImageOfPage\":{\"@id\":\"https:\/\/agenciainfra.com\/blog\/aps-fara-licitacao-para-manutencao-das-perimetrais-do-porto-de-santos\/#primaryimage\"},\"image\":{\"@id\":\"https:\/\/agenciainfra.com\/blog\/aps-fara-licitacao-para-manutencao-das-perimetrais-do-porto-de-santos\/#primaryimage\"},\"thumbnailUrl\":\"https:\/\/agenciainfra.com\/blog\/wp-content\/uploads\/2025\/10\/foto-obra-perimetral-porto-de-santos-foto-aps-autoridade-portuaria-de-santos.jpg\",\"datePublished\":\"2025-10-06T19:30:19+00:00\",\"breadcrumb\":{\"@id\":\"https:\/\/agenciainfra.com\/blog\/aps-fara-licitacao-para-manutencao-das-perimetrais-do-porto-de-santos\/#breadcrumb\"},\"inLanguage\":\"pt-BR\",\"potentialAction\":[{\"@type\":\"ReadAction\",\"target\":[\"https:\/\/agenciainfra.com\/blog\/aps-fara-licitacao-para-manutencao-das-perimetrais-do-porto-de-santos\/\"]}]},{\"@type\":\"ImageObject\",\"inLanguage\":\"pt-BR\",\"@id\":\"https:\/\/agenciainfra.com\/blog\/aps-fara-licitacao-para-manutencao-das-perimetrais-do-porto-de-santos\/#primaryimage\",\"url\":\"https:\/\/agenciainfra.com\/blog\/wp-content\/uploads\/2025\/10\/foto-obra-perimetral-porto-de-santos-foto-aps-autoridade-portuaria-de-santos.jpg\",\"contentUrl\":\"https:\/\/agenciainfra.com\/blog\/wp-content\/uploads\/2025\/10\/foto-obra-perimetral-porto-de-santos-foto-aps-autoridade-portuaria-de-santos.jpg\",\"width\":1280,\"height\":720,\"caption\":\"Foto: APS\"},{\"@type\":\"BreadcrumbList\",\"@id\":\"https:\/\/agenciainfra.com\/blog\/aps-fara-licitacao-para-manutencao-das-perimetrais-do-porto-de-santos\/#breadcrumb\",\"itemListElement\":[{\"@type\":\"ListItem\",\"position\":1,\"name\":\"In\u00edcio\",\"item\":\"https:\/\/agenciainfra.com\/blog\/\"},{\"@type\":\"ListItem\",\"position\":2,\"name\":\"APS far\u00e1 licita\u00e7\u00e3o para manuten\u00e7\u00e3o das perimetrais do Porto de Santos\"}]},{\"@type\":\"WebSite\",\"@id\":\"https:\/\/agenciainfra.com\/blog\/#website\",\"url\":\"https:\/\/agenciainfra.com\/blog\/\",\"name\":\"Ag\u00eancia iNFRA\",\"description\":\"Multiplataforma de informa\u00e7\u00e3o jornal\u00edstica refer\u00eancia na \u00e1rea de infraestrutura no Brasil!\",\"publisher\":{\"@id\":\"https:\/\/agenciainfra.com\/blog\/#organization\"},\"potentialAction\":[{\"@type\":\"SearchAction\",\"target\":{\"@type\":\"EntryPoint\",\"urlTemplate\":\"https:\/\/agenciainfra.com\/blog\/?s={search_term_string}\"},\"query-input\":{\"@type\":\"PropertyValueSpecification\",\"valueRequired\":true,\"valueName\":\"search_term_string\"}}],\"inLanguage\":\"pt-BR\"},{\"@type\":\"Organization\",\"@id\":\"https:\/\/agenciainfra.com\/blog\/#organization\",\"name\":\"Ag\u00eancia iNFRA\",\"url\":\"https:\/\/agenciainfra.com\/blog\/\",\"logo\":{\"@type\":\"ImageObject\",\"inLanguage\":\"pt-BR\",\"@id\":\"https:\/\/agenciainfra.com\/blog\/#\/schema\/logo\/image\/\",\"url\":\"https:\/\/agenciainfra.com\/blog\/wp-content\/uploads\/2023\/09\/iNFRA_5-e1761735885940.png\",\"contentUrl\":\"https:\/\/agenciainfra.com\/blog\/wp-content\/uploads\/2023\/09\/iNFRA_5-e1761735885940.png\",\"width\":1672,\"height\":454,\"caption\":\"Ag\u00eancia iNFRA\"},\"image\":{\"@id\":\"https:\/\/agenciainfra.com\/blog\/#\/schema\/logo\/image\/\"},\"sameAs\":[\"https:\/\/www.facebook.com\/ageninfra\",\"https:\/\/x.com\/agencia_infra\",\"https:\/\/www.linkedin.com\/company\/ag\u00eanciainfra\/\",\"https:\/\/www.instagram.com\/agenciainfra\/\"]},{\"@type\":\"Person\",\"@id\":\"https:\/\/agenciainfra.com\/blog\/#\/schema\/person\/34af08dff6adea4cb22b06612ba7acfa\",\"name\":\"Ag\u00eancia iNFRA\",\"image\":{\"@type\":\"ImageObject\",\"inLanguage\":\"pt-BR\",\"@id\":\"https:\/\/agenciainfra.com\/blog\/#\/schema\/person\/image\/\",\"url\":\"https:\/\/secure.gravatar.com\/avatar\/d189e01678f06d8eb84d4e01f08eb848b3fffe3f8443818d3c356c66892f5be8?s=96&d=mm&r=g\",\"contentUrl\":\"https:\/\/secure.gravatar.com\/avatar\/d189e01678f06d8eb84d4e01f08eb848b3fffe3f8443818d3c356c66892f5be8?s=96&d=mm&r=g\",\"caption\":\"Ag\u00eancia iNFRA\"},\"url\":\"https:\/\/agenciainfra.com\/blog\/author\/admin\/\"}]}<\/script>\n<!-- \/ Yoast SEO Premium plugin. -->","yoast_head_json":{"title":"APS far\u00e1 licita\u00e7\u00e3o para manuten\u00e7\u00e3o das perimetrais do Porto de Santos - Ag\u00eancia iNFRA","robots":{"index":"index","follow":"follow","max-snippet":"max-snippet:-1","max-image-preview":"max-image-preview:large","max-video-preview":"max-video-preview:-1"},"canonical":"https:\/\/agenciainfra.com\/blog\/aps-fara-licitacao-para-manutencao-das-perimetrais-do-porto-de-santos\/","og_locale":"pt_BR","og_type":"article","og_title":"APS far\u00e1 licita\u00e7\u00e3o para manuten\u00e7\u00e3o das perimetrais do Porto de Santos","og_description":"da Ag\u00eancia iNFRA A APS (Autoridade Portu\u00e1ria de Santos) lan\u00e7ou, na \u00faltima quinta-feira (2), edital para contrata\u00e7\u00e3o de servi\u00e7os de manuten\u00e7\u00e3o das vias perimetrais do Porto de Santos (SP). O contrato ter\u00e1 dura\u00e7\u00e3o de 30 anos e abrange a recupera\u00e7\u00e3o do pavimento asf\u00e1ltico e dos paralelep\u00edpedos, reparos no sistema de drenagem de \u00e1guas pluviais, e [&hellip;]","og_url":"https:\/\/agenciainfra.com\/blog\/aps-fara-licitacao-para-manutencao-das-perimetrais-do-porto-de-santos\/","og_site_name":"Ag\u00eancia iNFRA","article_publisher":"https:\/\/www.facebook.com\/ageninfra","article_published_time":"2025-10-06T19:30:19+00:00","author":"Ag\u00eancia iNFRA","twitter_card":"summary_large_image","twitter_creator":"@agencia_infra","twitter_site":"@agencia_infra","twitter_misc":{"Escrito por":"Ag\u00eancia iNFRA","Est. tempo de leitura":"1 minuto"},"schema":{"@context":"https:\/\/schema.org","@graph":[{"@type":"Article","@id":"https:\/\/agenciainfra.com\/blog\/aps-fara-licitacao-para-manutencao-das-perimetrais-do-porto-de-santos\/#article","isPartOf":{"@id":"https:\/\/agenciainfra.com\/blog\/aps-fara-licitacao-para-manutencao-das-perimetrais-do-porto-de-santos\/"},"author":{"name":"Ag\u00eancia iNFRA","@id":"https:\/\/agenciainfra.com\/blog\/#\/schema\/person\/34af08dff6adea4cb22b06612ba7acfa"},"headline":"APS far\u00e1 licita\u00e7\u00e3o para manuten\u00e7\u00e3o das perimetrais do Porto de Santos","datePublished":"2025-10-06T19:30:19+00:00","mainEntityOfPage":{"@id":"https:\/\/agenciainfra.com\/blog\/aps-fara-licitacao-para-manutencao-das-perimetrais-do-porto-de-santos\/"},"wordCount":203,"publisher":{"@id":"https:\/\/agenciainfra.com\/blog\/#organization"},"image":{"@id":"https:\/\/agenciainfra.com\/blog\/aps-fara-licitacao-para-manutencao-das-perimetrais-do-porto-de-santos\/#primaryimage"},"thumbnailUrl":"https:\/\/agenciainfra.com\/blog\/wp-content\/uploads\/2025\/10\/foto-obra-perimetral-porto-de-santos-foto-aps-autoridade-portuaria-de-santos.jpg","keywords":["APS","Autoridade Portu\u00e1ria de Santos","licita\u00e7\u00e3o","Porto de Santos","vias perimetrais"],"articleSection":["Geral","Giro iNFRA"],"inLanguage":"pt-BR","copyrightYear":"2025","copyrightHolder":{"@id":"https:\/\/agenciainfra.com\/blog\/#organization"}},{"@type":"WebPage","@id":"https:\/\/agenciainfra.com\/blog\/aps-fara-licitacao-para-manutencao-das-perimetrais-do-porto-de-santos\/","url":"https:\/\/agenciainfra.com\/blog\/aps-fara-licitacao-para-manutencao-das-perimetrais-do-porto-de-santos\/","name":"APS far\u00e1 licita\u00e7\u00e3o para manuten\u00e7\u00e3o das perimetrais do Porto de Santos - Ag\u00eancia iNFRA","isPartOf":{"@id":"https:\/\/agenciainfra.com\/blog\/#website"},"primaryImageOfPage":{"@id":"https:\/\/agenciainfra.com\/blog\/aps-fara-licitacao-para-manutencao-das-perimetrais-do-porto-de-santos\/#primaryimage"},"image":{"@id":"https:\/\/agenciainfra.com\/blog\/aps-fara-licitacao-para-manutencao-das-perimetrais-do-porto-de-santos\/#primaryimage"},"thumbnailUrl":"https:\/\/agenciainfra.com\/blog\/wp-content\/uploads\/2025\/10\/foto-obra-perimetral-porto-de-santos-foto-aps-autoridade-portuaria-de-santos.jpg","datePublished":"2025-10-06T19:30:19+00:00","breadcrumb":{"@id":"https:\/\/agenciainfra.com\/blog\/aps-fara-licitacao-para-manutencao-das-perimetrais-do-porto-de-santos\/#breadcrumb"},"inLanguage":"pt-BR","potentialAction":[{"@type":"ReadAction","target":["https:\/\/agenciainfra.com\/blog\/aps-fara-licitacao-para-manutencao-das-perimetrais-do-porto-de-santos\/"]}]},{"@type":"ImageObject","inLanguage":"pt-BR","@id":"https:\/\/agenciainfra.com\/blog\/aps-fara-licitacao-para-manutencao-das-perimetrais-do-porto-de-santos\/#primaryimage","url":"https:\/\/agenciainfra.com\/blog\/wp-content\/uploads\/2025\/10\/foto-obra-perimetral-porto-de-santos-foto-aps-autoridade-portuaria-de-santos.jpg","contentUrl":"https:\/\/agenciainfra.com\/blog\/wp-content\/uploads\/2025\/10\/foto-obra-perimetral-porto-de-santos-foto-aps-autoridade-portuaria-de-santos.jpg","width":1280,"height":720,"caption":"Foto: APS"},{"@type":"BreadcrumbList","@id":"https:\/\/agenciainfra.com\/blog\/aps-fara-licitacao-para-manutencao-das-perimetrais-do-porto-de-santos\/#breadcrumb","itemListElement":[{"@type":"ListItem","position":1,"name":"In\u00edcio","item":"https:\/\/agenciainfra.com\/blog\/"},{"@type":"ListItem","position":2,"name":"APS far\u00e1 licita\u00e7\u00e3o para manuten\u00e7\u00e3o das perimetrais do Porto de Santos"}]},{"@type":"WebSite","@id":"https:\/\/agenciainfra.com\/blog\/#website","url":"https:\/\/agenciainfra.com\/blog\/","name":"Ag\u00eancia iNFRA","description":"Multiplataforma de informa\u00e7\u00e3o jornal\u00edstica refer\u00eancia na \u00e1rea de infraestrutura no Brasil!","publisher":{"@id":"https:\/\/agenciainfra.com\/blog\/#organization"},"potentialAction":[{"@type":"SearchAction","target":{"@type":"EntryPoint","urlTemplate":"https:\/\/agenciainfra.com\/blog\/?s={search_term_string}"},"query-input":{"@type":"PropertyValueSpecification","valueRequired":true,"valueName":"search_term_string"}}],"inLanguage":"pt-BR"},{"@type":"Organization","@id":"https:\/\/agenciainfra.com\/blog\/#organization","name":"Ag\u00eancia iNFRA","url":"https:\/\/agenciainfra.com\/blog\/","logo":{"@type":"ImageObject","inLanguage":"pt-BR","@id":"https:\/\/agenciainfra.com\/blog\/#\/schema\/logo\/image\/","url":"https:\/\/agenciainfra.com\/blog\/wp-content\/uploads\/2023\/09\/iNFRA_5-e1761735885940.png","contentUrl":"https:\/\/agenciainfra.com\/blog\/wp-content\/uploads\/2023\/09\/iNFRA_5-e1761735885940.png","width":1672,"height":454,"caption":"Ag\u00eancia iNFRA"},"image":{"@id":"https:\/\/agenciainfra.com\/blog\/#\/schema\/logo\/image\/"},"sameAs":["https:\/\/www.facebook.com\/ageninfra","https:\/\/x.com\/agencia_infra","https:\/\/www.linkedin.com\/company\/ag\u00eanciainfra\/","https:\/\/www.instagram.com\/agenciainfra\/"]},{"@type":"Person","@id":"https:\/\/agenciainfra.com\/blog\/#\/schema\/person\/34af08dff6adea4cb22b06612ba7acfa","name":"Ag\u00eancia iNFRA","image":{"@type":"ImageObject","inLanguage":"pt-BR","@id":"https:\/\/agenciainfra.com\/blog\/#\/schema\/person\/image\/","url":"https:\/\/secure.gravatar.com\/avatar\/d189e01678f06d8eb84d4e01f08eb848b3fffe3f8443818d3c356c66892f5be8?s=96&d=mm&r=g","contentUrl":"https:\/\/secure.gravatar.com\/avatar\/d189e01678f06d8eb84d4e01f08eb848b3fffe3f8443818d3c356c66892f5be8?s=96&d=mm&r=g","caption":"Ag\u00eancia iNFRA"},"url":"https:\/\/agenciainfra.com\/blog\/author\/admin\/"}]}},"_links":{"self":[{"href":"https:\/\/agenciainfra.com\/blog\/wp-json\/wp\/v2\/posts\/29355","targetHints":{"allow":["GET"]}}],"collection":[{"href":"https:\/\/agenciainfra.com\/blog\/wp-json\/wp\/v2\/posts"}],"about":[{"href":"https:\/\/agenciainfra.com\/blog\/wp-json\/wp\/v2\/types\/post"}],"author":[{"embeddable":true,"href":"https:\/\/agenciainfra.com\/blog\/wp-json\/wp\/v2\/users\/1"}],"replies":[{"embeddable":true,"href":"https:\/\/agenciainfra.com\/blog\/wp-json\/wp\/v2\/comments?post=29355"}],"version-history":[{"count":1,"href":"https:\/\/agenciainfra.com\/blog\/wp-json\/wp\/v2\/posts\/29355\/revisions"}],"predecessor-version":[{"id":29358,"href":"https:\/\/agenciainfra.com\/blog\/wp-json\/wp\/v2\/posts\/29355\/revisions\/29358"}],"wp:featuredmedia":[{"embeddable":true,"href":"https:\/\/agenciainfra.com\/blog\/wp-json\/wp\/v2\/media\/29357"}],"wp:attachment":[{"href":"https:\/\/agenciainfra.com\/blog\/wp-json\/wp\/v2\/media?parent=29355"}],"wp:term":[{"taxonomy":"category","embeddable":true,"href":"https:\/\/agenciainfra.com\/blog\/wp-json\/wp\/v2\/categories?post=29355"},{"taxonomy":"post_tag","embeddable":true,"href":"https:\/\/agenciainfra.com\/blog\/wp-json\/wp\/v2\/tags?post=29355"}],"curies":[{"name":"wp","href":"https:\/\/api.w.org\/{rel}","templated":true}]}}