{"id":29370,"date":"2025-10-06T17:44:32","date_gmt":"2025-10-06T20:44:32","guid":{"rendered":"https:\/\/agenciainfra.com\/blog\/?p=29370"},"modified":"2025-10-06T17:46:32","modified_gmt":"2025-10-06T20:46:32","slug":"fundo-lanca-chamamento-publico-para-projetos-de-ppps-do-setor-de-saude","status":"publish","type":"post","link":"https:\/\/agenciainfra.com\/blog\/fundo-lanca-chamamento-publico-para-projetos-de-ppps-do-setor-de-saude\/","title":{"rendered":"Fundo de desenvolvimento lan\u00e7a chamamento p\u00fablico para PPPs de sa\u00fade"},"content":{"rendered":"\n<p class=\"has-text-align-right\"><strong>da Ag\u00eancia iNFRA<\/strong><\/p>\n\n\n\n<p>O FDIRS (Fundo de Desenvolvimento da Infraestrutura Regional Sustent\u00e1vel) publicou, nesta segunda-feira (6), o edital de chamamento p\u00fablico para projetos de PPPs (Parcerias P\u00fablico-Privadas) no setor de sa\u00fade. Estar\u00e3o aptos a participar projetos com capex superior a R$ 100 milh\u00f5es e que prevejam a constru\u00e7\u00e3o ou reforma de ao menos 20 unidades de aten\u00e7\u00e3o prim\u00e1ria e uma de aten\u00e7\u00e3o especializada \u00e0 sa\u00fade.<\/p>\n\n\n\n<p>As inscri\u00e7\u00f5es podem ser feitas por governos estaduais e municipais, Distrito Federal, cons\u00f3rcios p\u00fablicos e arranjos regionais, at\u00e9 28 de novembro. S\u00e3o aceitos pelo edital projetos de UBS (Unidade B\u00e1sica de Sa\u00fade), USF (Unidade de Sa\u00fade da Fam\u00edlia), UPA (Unidade de Pronto Atendimento), hospitais gerais, centro de refer\u00eancia (servi\u00e7os especializados), diagn\u00f3stico por imagem, policl\u00ednicas, maternidades, e outras unidades indicadas pelo proponente.<\/p>\n\n\n\n<p>O cronograma prev\u00ea divulga\u00e7\u00e3o dos projetos habilitados em 12 de dezembro e publica\u00e7\u00e3o da lista definitiva at\u00e9 27 de fevereiro de 2026. O resultado do chamamento p\u00fablico valer\u00e1 por dois anos, que poder\u00e3o ser prorrogados, segundo informa\u00e7\u00f5es do Minist\u00e9rio da Integra\u00e7\u00e3o e do Desenvolvimento Regional.<\/p>\n","protected":false},"excerpt":{"rendered":"<p>da Ag\u00eancia iNFRA O FDIRS (Fundo de Desenvolvimento da Infraestrutura Regional Sustent\u00e1vel) publicou, nesta segunda-feira (6), o edital de chamamento p\u00fablico para projetos de PPPs (Parcerias P\u00fablico-Privadas) no setor de sa\u00fade. Estar\u00e3o aptos a participar projetos com capex superior a R$ 100 milh\u00f5es e que prevejam a constru\u00e7\u00e3o ou reforma de ao menos 20 unidades [&hellip;]<\/p>\n","protected":false},"author":1,"featured_media":29372,"comment_status":"closed","ping_status":"closed","sticky":false,"template":"","format":"standard","meta":{"_monsterinsights_skip_tracking":false,"_monsterinsights_sitenote_active":false,"_monsterinsights_sitenote_note":"","_monsterinsights_sitenote_category":0,"footnotes":""},"categories":[1,13576],"tags":[5497,8496,1315,13010,15930],"class_list":["post-29370","post","type-post","status-publish","format-standard","has-post-thumbnail","hentry","category-geral","category-giro-infra","tag-chamamento-publico","tag-fdirs","tag-parcerias-publico-privadas","tag-ppps-de-saude","tag-setor-de-saude"],"yoast_head":"<!-- This site is optimized with the Yoast SEO Premium plugin v25.4 (Yoast SEO v26.0) - https:\/\/yoast.com\/wordpress\/plugins\/seo\/ -->\n<title>Fundo de desenvolvimento lan\u00e7a chamamento p\u00fablico para PPPs de sa\u00fade - Ag\u00eancia iNFRA<\/title>\n<meta name=\"robots\" content=\"index, follow, max-snippet:-1, max-image-preview:large, max-video-preview:-1\" \/>\n<link rel=\"canonical\" href=\"https:\/\/agenciainfra.com\/blog\/fundo-lanca-chamamento-publico-para-projetos-de-ppps-do-setor-de-saude\/\" \/>\n<meta property=\"og:locale\" content=\"pt_BR\" \/>\n<meta property=\"og:type\" content=\"article\" \/>\n<meta property=\"og:title\" content=\"Fundo de desenvolvimento lan\u00e7a chamamento p\u00fablico para PPPs de sa\u00fade\" \/>\n<meta property=\"og:description\" content=\"da Ag\u00eancia iNFRA O FDIRS (Fundo de Desenvolvimento da Infraestrutura Regional Sustent\u00e1vel) publicou, nesta segunda-feira (6), o edital de chamamento p\u00fablico para projetos de PPPs (Parcerias P\u00fablico-Privadas) no setor de sa\u00fade. Estar\u00e3o aptos a participar projetos com capex superior a R$ 100 milh\u00f5es e que prevejam a constru\u00e7\u00e3o ou reforma de ao menos 20 unidades [&hellip;]\" \/>\n<meta property=\"og:url\" content=\"https:\/\/agenciainfra.com\/blog\/fundo-lanca-chamamento-publico-para-projetos-de-ppps-do-setor-de-saude\/\" \/>\n<meta property=\"og:site_name\" content=\"Ag\u00eancia iNFRA\" \/>\n<meta property=\"article:publisher\" content=\"https:\/\/www.facebook.com\/ageninfra\" \/>\n<meta property=\"article:published_time\" content=\"2025-10-06T20:44:32+00:00\" \/>\n<meta property=\"article:modified_time\" content=\"2025-10-06T20:46:32+00:00\" \/>\n<meta property=\"og:image\" content=\"https:\/\/agenciainfra.com\/blog\/wp-content\/uploads\/2025\/10\/unidade-de-saude-foto-rovena-rosa-agencia-brasil.jpg\" \/>\n\t<meta property=\"og:image:width\" content=\"1280\" \/>\n\t<meta property=\"og:image:height\" content=\"765\" \/>\n\t<meta property=\"og:image:type\" content=\"image\/jpeg\" \/>\n<meta name=\"author\" content=\"Ag\u00eancia iNFRA\" \/>\n<meta name=\"twitter:card\" content=\"summary_large_image\" \/>\n<meta name=\"twitter:creator\" content=\"@agencia_infra\" \/>\n<meta name=\"twitter:site\" content=\"@agencia_infra\" \/>\n<meta name=\"twitter:label1\" content=\"Escrito por\" \/>\n\t<meta name=\"twitter:data1\" content=\"Ag\u00eancia iNFRA\" \/>\n\t<meta name=\"twitter:label2\" content=\"Est. tempo de leitura\" \/>\n\t<meta name=\"twitter:data2\" content=\"1 minuto\" \/>\n<script type=\"application\/ld+json\" class=\"yoast-schema-graph\">{\"@context\":\"https:\/\/schema.org\",\"@graph\":[{\"@type\":\"Article\",\"@id\":\"https:\/\/agenciainfra.com\/blog\/fundo-lanca-chamamento-publico-para-projetos-de-ppps-do-setor-de-saude\/#article\",\"isPartOf\":{\"@id\":\"https:\/\/agenciainfra.com\/blog\/fundo-lanca-chamamento-publico-para-projetos-de-ppps-do-setor-de-saude\/\"},\"author\":{\"name\":\"Ag\u00eancia iNFRA\",\"@id\":\"https:\/\/agenciainfra.com\/blog\/#\/schema\/person\/34af08dff6adea4cb22b06612ba7acfa\"},\"headline\":\"Fundo de desenvolvimento lan\u00e7a chamamento p\u00fablico para PPPs de sa\u00fade\",\"datePublished\":\"2025-10-06T20:44:32+00:00\",\"dateModified\":\"2025-10-06T20:46:32+00:00\",\"mainEntityOfPage\":{\"@id\":\"https:\/\/agenciainfra.com\/blog\/fundo-lanca-chamamento-publico-para-projetos-de-ppps-do-setor-de-saude\/\"},\"wordCount\":207,\"publisher\":{\"@id\":\"https:\/\/agenciainfra.com\/blog\/#organization\"},\"image\":{\"@id\":\"https:\/\/agenciainfra.com\/blog\/fundo-lanca-chamamento-publico-para-projetos-de-ppps-do-setor-de-saude\/#primaryimage\"},\"thumbnailUrl\":\"https:\/\/agenciainfra.com\/blog\/wp-content\/uploads\/2025\/10\/unidade-de-saude-foto-rovena-rosa-agencia-brasil.jpg\",\"keywords\":[\"chamamento p\u00fablico\",\"Fdirs\",\"parcerias p\u00fablico-privadas\",\"ppps de sa\u00fade\",\"setor de sa\u00fade\"],\"articleSection\":[\"Geral\",\"Giro iNFRA\"],\"inLanguage\":\"pt-BR\",\"copyrightYear\":\"2025\",\"copyrightHolder\":{\"@id\":\"https:\/\/agenciainfra.com\/blog\/#organization\"}},{\"@type\":\"WebPage\",\"@id\":\"https:\/\/agenciainfra.com\/blog\/fundo-lanca-chamamento-publico-para-projetos-de-ppps-do-setor-de-saude\/\",\"url\":\"https:\/\/agenciainfra.com\/blog\/fundo-lanca-chamamento-publico-para-projetos-de-ppps-do-setor-de-saude\/\",\"name\":\"Fundo de desenvolvimento lan\u00e7a chamamento p\u00fablico para PPPs de sa\u00fade - Ag\u00eancia iNFRA\",\"isPartOf\":{\"@id\":\"https:\/\/agenciainfra.com\/blog\/#website\"},\"primaryImageOfPage\":{\"@id\":\"https:\/\/agenciainfra.com\/blog\/fundo-lanca-chamamento-publico-para-projetos-de-ppps-do-setor-de-saude\/#primaryimage\"},\"image\":{\"@id\":\"https:\/\/agenciainfra.com\/blog\/fundo-lanca-chamamento-publico-para-projetos-de-ppps-do-setor-de-saude\/#primaryimage\"},\"thumbnailUrl\":\"https:\/\/agenciainfra.com\/blog\/wp-content\/uploads\/2025\/10\/unidade-de-saude-foto-rovena-rosa-agencia-brasil.jpg\",\"datePublished\":\"2025-10-06T20:44:32+00:00\",\"dateModified\":\"2025-10-06T20:46:32+00:00\",\"breadcrumb\":{\"@id\":\"https:\/\/agenciainfra.com\/blog\/fundo-lanca-chamamento-publico-para-projetos-de-ppps-do-setor-de-saude\/#breadcrumb\"},\"inLanguage\":\"pt-BR\",\"potentialAction\":[{\"@type\":\"ReadAction\",\"target\":[\"https:\/\/agenciainfra.com\/blog\/fundo-lanca-chamamento-publico-para-projetos-de-ppps-do-setor-de-saude\/\"]}]},{\"@type\":\"ImageObject\",\"inLanguage\":\"pt-BR\",\"@id\":\"https:\/\/agenciainfra.com\/blog\/fundo-lanca-chamamento-publico-para-projetos-de-ppps-do-setor-de-saude\/#primaryimage\",\"url\":\"https:\/\/agenciainfra.com\/blog\/wp-content\/uploads\/2025\/10\/unidade-de-saude-foto-rovena-rosa-agencia-brasil.jpg\",\"contentUrl\":\"https:\/\/agenciainfra.com\/blog\/wp-content\/uploads\/2025\/10\/unidade-de-saude-foto-rovena-rosa-agencia-brasil.jpg\",\"width\":1280,\"height\":765,\"caption\":\"Foto: Rovena Rosa\/Ag\u00eancia Brasil\"},{\"@type\":\"BreadcrumbList\",\"@id\":\"https:\/\/agenciainfra.com\/blog\/fundo-lanca-chamamento-publico-para-projetos-de-ppps-do-setor-de-saude\/#breadcrumb\",\"itemListElement\":[{\"@type\":\"ListItem\",\"position\":1,\"name\":\"In\u00edcio\",\"item\":\"https:\/\/agenciainfra.com\/blog\/\"},{\"@type\":\"ListItem\",\"position\":2,\"name\":\"Fundo de desenvolvimento lan\u00e7a chamamento p\u00fablico para PPPs de sa\u00fade\"}]},{\"@type\":\"WebSite\",\"@id\":\"https:\/\/agenciainfra.com\/blog\/#website\",\"url\":\"https:\/\/agenciainfra.com\/blog\/\",\"name\":\"Ag\u00eancia iNFRA\",\"description\":\"Multiplataforma de informa\u00e7\u00e3o jornal\u00edstica refer\u00eancia na \u00e1rea de infraestrutura no Brasil!\",\"publisher\":{\"@id\":\"https:\/\/agenciainfra.com\/blog\/#organization\"},\"potentialAction\":[{\"@type\":\"SearchAction\",\"target\":{\"@type\":\"EntryPoint\",\"urlTemplate\":\"https:\/\/agenciainfra.com\/blog\/?s={search_term_string}\"},\"query-input\":{\"@type\":\"PropertyValueSpecification\",\"valueRequired\":true,\"valueName\":\"search_term_string\"}}],\"inLanguage\":\"pt-BR\"},{\"@type\":\"Organization\",\"@id\":\"https:\/\/agenciainfra.com\/blog\/#organization\",\"name\":\"Ag\u00eancia iNFRA\",\"url\":\"https:\/\/agenciainfra.com\/blog\/\",\"logo\":{\"@type\":\"ImageObject\",\"inLanguage\":\"pt-BR\",\"@id\":\"https:\/\/agenciainfra.com\/blog\/#\/schema\/logo\/image\/\",\"url\":\"https:\/\/agenciainfra.com\/blog\/wp-content\/uploads\/2023\/09\/iNFRA_5-e1761735885940.png\",\"contentUrl\":\"https:\/\/agenciainfra.com\/blog\/wp-content\/uploads\/2023\/09\/iNFRA_5-e1761735885940.png\",\"width\":1672,\"height\":454,\"caption\":\"Ag\u00eancia iNFRA\"},\"image\":{\"@id\":\"https:\/\/agenciainfra.com\/blog\/#\/schema\/logo\/image\/\"},\"sameAs\":[\"https:\/\/www.facebook.com\/ageninfra\",\"https:\/\/x.com\/agencia_infra\",\"https:\/\/www.linkedin.com\/company\/ag\u00eanciainfra\/\",\"https:\/\/www.instagram.com\/agenciainfra\/\"]},{\"@type\":\"Person\",\"@id\":\"https:\/\/agenciainfra.com\/blog\/#\/schema\/person\/34af08dff6adea4cb22b06612ba7acfa\",\"name\":\"Ag\u00eancia iNFRA\",\"image\":{\"@type\":\"ImageObject\",\"inLanguage\":\"pt-BR\",\"@id\":\"https:\/\/agenciainfra.com\/blog\/#\/schema\/person\/image\/\",\"url\":\"https:\/\/secure.gravatar.com\/avatar\/d189e01678f06d8eb84d4e01f08eb848b3fffe3f8443818d3c356c66892f5be8?s=96&d=mm&r=g\",\"contentUrl\":\"https:\/\/secure.gravatar.com\/avatar\/d189e01678f06d8eb84d4e01f08eb848b3fffe3f8443818d3c356c66892f5be8?s=96&d=mm&r=g\",\"caption\":\"Ag\u00eancia iNFRA\"},\"url\":\"https:\/\/agenciainfra.com\/blog\/author\/admin\/\"}]}<\/script>\n<!-- \/ Yoast SEO Premium plugin. -->","yoast_head_json":{"title":"Fundo de desenvolvimento lan\u00e7a chamamento p\u00fablico para PPPs de sa\u00fade - Ag\u00eancia iNFRA","robots":{"index":"index","follow":"follow","max-snippet":"max-snippet:-1","max-image-preview":"max-image-preview:large","max-video-preview":"max-video-preview:-1"},"canonical":"https:\/\/agenciainfra.com\/blog\/fundo-lanca-chamamento-publico-para-projetos-de-ppps-do-setor-de-saude\/","og_locale":"pt_BR","og_type":"article","og_title":"Fundo de desenvolvimento lan\u00e7a chamamento p\u00fablico para PPPs de sa\u00fade","og_description":"da Ag\u00eancia iNFRA O FDIRS (Fundo de Desenvolvimento da Infraestrutura Regional Sustent\u00e1vel) publicou, nesta segunda-feira (6), o edital de chamamento p\u00fablico para projetos de PPPs (Parcerias P\u00fablico-Privadas) no setor de sa\u00fade. Estar\u00e3o aptos a participar projetos com capex superior a R$ 100 milh\u00f5es e que prevejam a constru\u00e7\u00e3o ou reforma de ao menos 20 unidades [&hellip;]","og_url":"https:\/\/agenciainfra.com\/blog\/fundo-lanca-chamamento-publico-para-projetos-de-ppps-do-setor-de-saude\/","og_site_name":"Ag\u00eancia iNFRA","article_publisher":"https:\/\/www.facebook.com\/ageninfra","article_published_time":"2025-10-06T20:44:32+00:00","article_modified_time":"2025-10-06T20:46:32+00:00","og_image":[{"width":1280,"height":765,"url":"https:\/\/agenciainfra.com\/blog\/wp-content\/uploads\/2025\/10\/unidade-de-saude-foto-rovena-rosa-agencia-brasil.jpg","type":"image\/jpeg"}],"author":"Ag\u00eancia iNFRA","twitter_card":"summary_large_image","twitter_creator":"@agencia_infra","twitter_site":"@agencia_infra","twitter_misc":{"Escrito por":"Ag\u00eancia iNFRA","Est. tempo de leitura":"1 minuto"},"schema":{"@context":"https:\/\/schema.org","@graph":[{"@type":"Article","@id":"https:\/\/agenciainfra.com\/blog\/fundo-lanca-chamamento-publico-para-projetos-de-ppps-do-setor-de-saude\/#article","isPartOf":{"@id":"https:\/\/agenciainfra.com\/blog\/fundo-lanca-chamamento-publico-para-projetos-de-ppps-do-setor-de-saude\/"},"author":{"name":"Ag\u00eancia iNFRA","@id":"https:\/\/agenciainfra.com\/blog\/#\/schema\/person\/34af08dff6adea4cb22b06612ba7acfa"},"headline":"Fundo de desenvolvimento lan\u00e7a chamamento p\u00fablico para PPPs de sa\u00fade","datePublished":"2025-10-06T20:44:32+00:00","dateModified":"2025-10-06T20:46:32+00:00","mainEntityOfPage":{"@id":"https:\/\/agenciainfra.com\/blog\/fundo-lanca-chamamento-publico-para-projetos-de-ppps-do-setor-de-saude\/"},"wordCount":207,"publisher":{"@id":"https:\/\/agenciainfra.com\/blog\/#organization"},"image":{"@id":"https:\/\/agenciainfra.com\/blog\/fundo-lanca-chamamento-publico-para-projetos-de-ppps-do-setor-de-saude\/#primaryimage"},"thumbnailUrl":"https:\/\/agenciainfra.com\/blog\/wp-content\/uploads\/2025\/10\/unidade-de-saude-foto-rovena-rosa-agencia-brasil.jpg","keywords":["chamamento p\u00fablico","Fdirs","parcerias p\u00fablico-privadas","ppps de sa\u00fade","setor de sa\u00fade"],"articleSection":["Geral","Giro iNFRA"],"inLanguage":"pt-BR","copyrightYear":"2025","copyrightHolder":{"@id":"https:\/\/agenciainfra.com\/blog\/#organization"}},{"@type":"WebPage","@id":"https:\/\/agenciainfra.com\/blog\/fundo-lanca-chamamento-publico-para-projetos-de-ppps-do-setor-de-saude\/","url":"https:\/\/agenciainfra.com\/blog\/fundo-lanca-chamamento-publico-para-projetos-de-ppps-do-setor-de-saude\/","name":"Fundo de desenvolvimento lan\u00e7a chamamento p\u00fablico para PPPs de sa\u00fade - Ag\u00eancia iNFRA","isPartOf":{"@id":"https:\/\/agenciainfra.com\/blog\/#website"},"primaryImageOfPage":{"@id":"https:\/\/agenciainfra.com\/blog\/fundo-lanca-chamamento-publico-para-projetos-de-ppps-do-setor-de-saude\/#primaryimage"},"image":{"@id":"https:\/\/agenciainfra.com\/blog\/fundo-lanca-chamamento-publico-para-projetos-de-ppps-do-setor-de-saude\/#primaryimage"},"thumbnailUrl":"https:\/\/agenciainfra.com\/blog\/wp-content\/uploads\/2025\/10\/unidade-de-saude-foto-rovena-rosa-agencia-brasil.jpg","datePublished":"2025-10-06T20:44:32+00:00","dateModified":"2025-10-06T20:46:32+00:00","breadcrumb":{"@id":"https:\/\/agenciainfra.com\/blog\/fundo-lanca-chamamento-publico-para-projetos-de-ppps-do-setor-de-saude\/#breadcrumb"},"inLanguage":"pt-BR","potentialAction":[{"@type":"ReadAction","target":["https:\/\/agenciainfra.com\/blog\/fundo-lanca-chamamento-publico-para-projetos-de-ppps-do-setor-de-saude\/"]}]},{"@type":"ImageObject","inLanguage":"pt-BR","@id":"https:\/\/agenciainfra.com\/blog\/fundo-lanca-chamamento-publico-para-projetos-de-ppps-do-setor-de-saude\/#primaryimage","url":"https:\/\/agenciainfra.com\/blog\/wp-content\/uploads\/2025\/10\/unidade-de-saude-foto-rovena-rosa-agencia-brasil.jpg","contentUrl":"https:\/\/agenciainfra.com\/blog\/wp-content\/uploads\/2025\/10\/unidade-de-saude-foto-rovena-rosa-agencia-brasil.jpg","width":1280,"height":765,"caption":"Foto: Rovena Rosa\/Ag\u00eancia Brasil"},{"@type":"BreadcrumbList","@id":"https:\/\/agenciainfra.com\/blog\/fundo-lanca-chamamento-publico-para-projetos-de-ppps-do-setor-de-saude\/#breadcrumb","itemListElement":[{"@type":"ListItem","position":1,"name":"In\u00edcio","item":"https:\/\/agenciainfra.com\/blog\/"},{"@type":"ListItem","position":2,"name":"Fundo de desenvolvimento lan\u00e7a chamamento p\u00fablico para PPPs de sa\u00fade"}]},{"@type":"WebSite","@id":"https:\/\/agenciainfra.com\/blog\/#website","url":"https:\/\/agenciainfra.com\/blog\/","name":"Ag\u00eancia iNFRA","description":"Multiplataforma de informa\u00e7\u00e3o jornal\u00edstica refer\u00eancia na \u00e1rea de infraestrutura no Brasil!","publisher":{"@id":"https:\/\/agenciainfra.com\/blog\/#organization"},"potentialAction":[{"@type":"SearchAction","target":{"@type":"EntryPoint","urlTemplate":"https:\/\/agenciainfra.com\/blog\/?s={search_term_string}"},"query-input":{"@type":"PropertyValueSpecification","valueRequired":true,"valueName":"search_term_string"}}],"inLanguage":"pt-BR"},{"@type":"Organization","@id":"https:\/\/agenciainfra.com\/blog\/#organization","name":"Ag\u00eancia iNFRA","url":"https:\/\/agenciainfra.com\/blog\/","logo":{"@type":"ImageObject","inLanguage":"pt-BR","@id":"https:\/\/agenciainfra.com\/blog\/#\/schema\/logo\/image\/","url":"https:\/\/agenciainfra.com\/blog\/wp-content\/uploads\/2023\/09\/iNFRA_5-e1761735885940.png","contentUrl":"https:\/\/agenciainfra.com\/blog\/wp-content\/uploads\/2023\/09\/iNFRA_5-e1761735885940.png","width":1672,"height":454,"caption":"Ag\u00eancia iNFRA"},"image":{"@id":"https:\/\/agenciainfra.com\/blog\/#\/schema\/logo\/image\/"},"sameAs":["https:\/\/www.facebook.com\/ageninfra","https:\/\/x.com\/agencia_infra","https:\/\/www.linkedin.com\/company\/ag\u00eanciainfra\/","https:\/\/www.instagram.com\/agenciainfra\/"]},{"@type":"Person","@id":"https:\/\/agenciainfra.com\/blog\/#\/schema\/person\/34af08dff6adea4cb22b06612ba7acfa","name":"Ag\u00eancia iNFRA","image":{"@type":"ImageObject","inLanguage":"pt-BR","@id":"https:\/\/agenciainfra.com\/blog\/#\/schema\/person\/image\/","url":"https:\/\/secure.gravatar.com\/avatar\/d189e01678f06d8eb84d4e01f08eb848b3fffe3f8443818d3c356c66892f5be8?s=96&d=mm&r=g","contentUrl":"https:\/\/secure.gravatar.com\/avatar\/d189e01678f06d8eb84d4e01f08eb848b3fffe3f8443818d3c356c66892f5be8?s=96&d=mm&r=g","caption":"Ag\u00eancia iNFRA"},"url":"https:\/\/agenciainfra.com\/blog\/author\/admin\/"}]}},"_links":{"self":[{"href":"https:\/\/agenciainfra.com\/blog\/wp-json\/wp\/v2\/posts\/29370","targetHints":{"allow":["GET"]}}],"collection":[{"href":"https:\/\/agenciainfra.com\/blog\/wp-json\/wp\/v2\/posts"}],"about":[{"href":"https:\/\/agenciainfra.com\/blog\/wp-json\/wp\/v2\/types\/post"}],"author":[{"embeddable":true,"href":"https:\/\/agenciainfra.com\/blog\/wp-json\/wp\/v2\/users\/1"}],"replies":[{"embeddable":true,"href":"https:\/\/agenciainfra.com\/blog\/wp-json\/wp\/v2\/comments?post=29370"}],"version-history":[{"count":2,"href":"https:\/\/agenciainfra.com\/blog\/wp-json\/wp\/v2\/posts\/29370\/revisions"}],"predecessor-version":[{"id":29374,"href":"https:\/\/agenciainfra.com\/blog\/wp-json\/wp\/v2\/posts\/29370\/revisions\/29374"}],"wp:featuredmedia":[{"embeddable":true,"href":"https:\/\/agenciainfra.com\/blog\/wp-json\/wp\/v2\/media\/29372"}],"wp:attachment":[{"href":"https:\/\/agenciainfra.com\/blog\/wp-json\/wp\/v2\/media?parent=29370"}],"wp:term":[{"taxonomy":"category","embeddable":true,"href":"https:\/\/agenciainfra.com\/blog\/wp-json\/wp\/v2\/categories?post=29370"},{"taxonomy":"post_tag","embeddable":true,"href":"https:\/\/agenciainfra.com\/blog\/wp-json\/wp\/v2\/tags?post=29370"}],"curies":[{"name":"wp","href":"https:\/\/api.w.org\/{rel}","templated":true}]}}