{"id":29383,"date":"2025-10-06T19:07:00","date_gmt":"2025-10-06T22:07:00","guid":{"rendered":"https:\/\/agenciainfra.com\/blog\/?p=29383"},"modified":"2025-10-06T19:07:01","modified_gmt":"2025-10-06T22:07:01","slug":"fne-destina-r-500-milhoes-para-duplicacao-da-br-116-em-mg","status":"publish","type":"post","link":"https:\/\/agenciainfra.com\/blog\/fne-destina-r-500-milhoes-para-duplicacao-da-br-116-em-mg\/","title":{"rendered":"FNE destina R$ 500 milh\u00f5es para duplica\u00e7\u00e3o da BR-116 em MG"},"content":{"rendered":"\n<p class=\"has-text-align-right\"><strong>da Ag\u00eancia iNFRA<\/strong><\/p>\n\n\n\n<p>O Fundo Constitucional de Financiamento do Nordeste vai investir R$ 500 milh\u00f5es na duplica\u00e7\u00e3o e moderniza\u00e7\u00e3o da BR-116, em trecho que corta o Vale do Rio Doce, em Minas Gerais. O financiamento vai ampliar a capacidade e a seguran\u00e7a do principal corredor log\u00edstico que liga o Sudeste ao Nordeste do pa\u00eds.<\/p>\n\n\n\n<p>O investimento contempla o segmento da rodovia entre Governador Valadares, no entroncamento com a BR-381\/451, e Santa B\u00e1rbara do Leste, beneficiando munic\u00edpios como Alpercata, Inhapim, Tarumirim, Ubaporanga e Santa Rita de Minas. As cidades est\u00e3o inclu\u00eddas na \u00e1rea de atua\u00e7\u00e3o da Sudene (Superintend\u00eancia do Desenvolvimento do Nordeste), o que viabiliza o acesso aos recursos do FNE.<\/p>\n\n\n\n<p>As obras ser\u00e3o executadas pela concession\u00e1ria EcoRodovias, respons\u00e1vel pela administra\u00e7\u00e3o de 726,9 km da BR-116 pelos pr\u00f3ximos 30 anos. O contrato de financiamento foi assinado em setembro e inclui a duplica\u00e7\u00e3o de 99,7 km de pistas, 15,6 km de faixas adicionais, 8 km de vias marginais, al\u00e9m da implanta\u00e7\u00e3o de nove passarelas, 24 retornos, 78 acessos e 35 pontos de \u00f4nibus. Tamb\u00e9m est\u00e3o previstas 16 passagens de fauna e tr\u00eas caixas para produtos perigosos, refor\u00e7ando as medidas de seguran\u00e7a e sustentabilidade da rodovia.<\/p>\n\n\n\n<p>Para o coordenador-geral de Fundos da Sudene, Jos\u00e9 Wandemberg Almeida, a iniciativa deve impulsionar a economia local. \u201cO FNE atua como um multiplicador de oportunidades, integrando ind\u00fastria, servi\u00e7os e com\u00e9rcio, e se consolidando como um vetor de desenvolvimento nas regi\u00f5es em que chega\u201d, destacou.<\/p>\n\n\n\n<p><\/p>\n","protected":false},"excerpt":{"rendered":"<p>da Ag\u00eancia iNFRA O Fundo Constitucional de Financiamento do Nordeste vai investir R$ 500 milh\u00f5es na duplica\u00e7\u00e3o e moderniza\u00e7\u00e3o da BR-116, em trecho que corta o Vale do Rio Doce, em Minas Gerais. O financiamento vai ampliar a capacidade e a seguran\u00e7a do principal corredor log\u00edstico que liga o Sudeste ao Nordeste do pa\u00eds. O [&hellip;]<\/p>\n","protected":false},"author":1,"featured_media":22534,"comment_status":"closed","ping_status":"closed","sticky":false,"template":"","format":"standard","meta":{"_monsterinsights_skip_tracking":false,"_monsterinsights_sitenote_active":false,"_monsterinsights_sitenote_note":"","_monsterinsights_sitenote_category":0,"footnotes":""},"categories":[1,13576],"tags":[7422,1575,6163,9511,1340,15935,34,1962,66,12681,1985,4282,6512,617,15936],"class_list":["post-29383","post","type-post","status-publish","format-standard","has-post-thumbnail","hentry","category-geral","category-giro-infra","tag-banco-do-nordeste","tag-br-116","tag-desenvolvimento-regional","tag-duplicacao-de-rodovia","tag-ecorodovias","tag-fne","tag-infraestrutura","tag-investimento-publico","tag-logistica","tag-midr","tag-minas-gerais","tag-seguranca-viaria","tag-sudene","tag-transporte","tag-vale-do-rio-doce"],"yoast_head":"<!-- This site is optimized with the Yoast SEO Premium plugin v25.4 (Yoast SEO v26.0) - https:\/\/yoast.com\/wordpress\/plugins\/seo\/ -->\n<title>FNE destina R$ 500 milh\u00f5es para duplica\u00e7\u00e3o da BR-116 em MG - Ag\u00eancia iNFRA<\/title>\n<meta name=\"robots\" content=\"index, follow, max-snippet:-1, max-image-preview:large, max-video-preview:-1\" \/>\n<link rel=\"canonical\" href=\"https:\/\/agenciainfra.com\/blog\/fne-destina-r-500-milhoes-para-duplicacao-da-br-116-em-mg\/\" \/>\n<meta property=\"og:locale\" content=\"pt_BR\" \/>\n<meta property=\"og:type\" content=\"article\" \/>\n<meta property=\"og:title\" content=\"FNE destina R$ 500 milh\u00f5es para duplica\u00e7\u00e3o da BR-116 em MG\" \/>\n<meta property=\"og:description\" content=\"da Ag\u00eancia iNFRA O Fundo Constitucional de Financiamento do Nordeste vai investir R$ 500 milh\u00f5es na duplica\u00e7\u00e3o e moderniza\u00e7\u00e3o da BR-116, em trecho que corta o Vale do Rio Doce, em Minas Gerais. O financiamento vai ampliar a capacidade e a seguran\u00e7a do principal corredor log\u00edstico que liga o Sudeste ao Nordeste do pa\u00eds. O [&hellip;]\" \/>\n<meta property=\"og:url\" content=\"https:\/\/agenciainfra.com\/blog\/fne-destina-r-500-milhoes-para-duplicacao-da-br-116-em-mg\/\" \/>\n<meta property=\"og:site_name\" content=\"Ag\u00eancia iNFRA\" \/>\n<meta property=\"article:publisher\" content=\"https:\/\/www.facebook.com\/ageninfra\" \/>\n<meta property=\"article:published_time\" content=\"2025-10-06T22:07:00+00:00\" \/>\n<meta property=\"article:modified_time\" content=\"2025-10-06T22:07:01+00:00\" \/>\n<meta property=\"og:image\" content=\"https:\/\/agenciainfra.com\/blog\/wp-content\/uploads\/2025\/06\/rota-das-gerais-br-116-251-mg-foto-luiz-santana-almg.png\" \/>\n\t<meta property=\"og:image:width\" content=\"1280\" \/>\n\t<meta property=\"og:image:height\" content=\"667\" \/>\n\t<meta property=\"og:image:type\" content=\"image\/png\" \/>\n<meta name=\"author\" content=\"Ag\u00eancia iNFRA\" \/>\n<meta name=\"twitter:card\" content=\"summary_large_image\" \/>\n<meta name=\"twitter:creator\" content=\"@agencia_infra\" \/>\n<meta name=\"twitter:site\" content=\"@agencia_infra\" \/>\n<meta name=\"twitter:label1\" content=\"Escrito por\" \/>\n\t<meta name=\"twitter:data1\" content=\"Ag\u00eancia iNFRA\" \/>\n\t<meta name=\"twitter:label2\" content=\"Est. tempo de leitura\" \/>\n\t<meta name=\"twitter:data2\" content=\"1 minuto\" \/>\n<script type=\"application\/ld+json\" class=\"yoast-schema-graph\">{\"@context\":\"https:\/\/schema.org\",\"@graph\":[{\"@type\":\"Article\",\"@id\":\"https:\/\/agenciainfra.com\/blog\/fne-destina-r-500-milhoes-para-duplicacao-da-br-116-em-mg\/#article\",\"isPartOf\":{\"@id\":\"https:\/\/agenciainfra.com\/blog\/fne-destina-r-500-milhoes-para-duplicacao-da-br-116-em-mg\/\"},\"author\":{\"name\":\"Ag\u00eancia iNFRA\",\"@id\":\"https:\/\/agenciainfra.com\/blog\/#\/schema\/person\/34af08dff6adea4cb22b06612ba7acfa\"},\"headline\":\"FNE destina R$ 500 milh\u00f5es para duplica\u00e7\u00e3o da BR-116 em MG\",\"datePublished\":\"2025-10-06T22:07:00+00:00\",\"dateModified\":\"2025-10-06T22:07:01+00:00\",\"mainEntityOfPage\":{\"@id\":\"https:\/\/agenciainfra.com\/blog\/fne-destina-r-500-milhoes-para-duplicacao-da-br-116-em-mg\/\"},\"wordCount\":269,\"publisher\":{\"@id\":\"https:\/\/agenciainfra.com\/blog\/#organization\"},\"image\":{\"@id\":\"https:\/\/agenciainfra.com\/blog\/fne-destina-r-500-milhoes-para-duplicacao-da-br-116-em-mg\/#primaryimage\"},\"thumbnailUrl\":\"https:\/\/agenciainfra.com\/blog\/wp-content\/uploads\/2025\/06\/rota-das-gerais-br-116-251-mg-foto-luiz-santana-almg.png\",\"keywords\":[\"Banco do Nordeste\",\"BR-116\",\"desenvolvimento regional\",\"duplica\u00e7\u00e3o de rodovia\",\"EcoRodovias\",\"FNE\",\"Infraestrutura\",\"investimento p\u00fablico\",\"log\u00edstica\",\"midr\",\"Minas Gerais\",\"seguran\u00e7a vi\u00e1ria\",\"Sudene\",\"transporte\",\"Vale do Rio Doce\"],\"articleSection\":[\"Geral\",\"Giro iNFRA\"],\"inLanguage\":\"pt-BR\",\"copyrightYear\":\"2025\",\"copyrightHolder\":{\"@id\":\"https:\/\/agenciainfra.com\/blog\/#organization\"}},{\"@type\":\"WebPage\",\"@id\":\"https:\/\/agenciainfra.com\/blog\/fne-destina-r-500-milhoes-para-duplicacao-da-br-116-em-mg\/\",\"url\":\"https:\/\/agenciainfra.com\/blog\/fne-destina-r-500-milhoes-para-duplicacao-da-br-116-em-mg\/\",\"name\":\"FNE destina R$ 500 milh\u00f5es para duplica\u00e7\u00e3o da BR-116 em MG - Ag\u00eancia iNFRA\",\"isPartOf\":{\"@id\":\"https:\/\/agenciainfra.com\/blog\/#website\"},\"primaryImageOfPage\":{\"@id\":\"https:\/\/agenciainfra.com\/blog\/fne-destina-r-500-milhoes-para-duplicacao-da-br-116-em-mg\/#primaryimage\"},\"image\":{\"@id\":\"https:\/\/agenciainfra.com\/blog\/fne-destina-r-500-milhoes-para-duplicacao-da-br-116-em-mg\/#primaryimage\"},\"thumbnailUrl\":\"https:\/\/agenciainfra.com\/blog\/wp-content\/uploads\/2025\/06\/rota-das-gerais-br-116-251-mg-foto-luiz-santana-almg.png\",\"datePublished\":\"2025-10-06T22:07:00+00:00\",\"dateModified\":\"2025-10-06T22:07:01+00:00\",\"breadcrumb\":{\"@id\":\"https:\/\/agenciainfra.com\/blog\/fne-destina-r-500-milhoes-para-duplicacao-da-br-116-em-mg\/#breadcrumb\"},\"inLanguage\":\"pt-BR\",\"potentialAction\":[{\"@type\":\"ReadAction\",\"target\":[\"https:\/\/agenciainfra.com\/blog\/fne-destina-r-500-milhoes-para-duplicacao-da-br-116-em-mg\/\"]}]},{\"@type\":\"ImageObject\",\"inLanguage\":\"pt-BR\",\"@id\":\"https:\/\/agenciainfra.com\/blog\/fne-destina-r-500-milhoes-para-duplicacao-da-br-116-em-mg\/#primaryimage\",\"url\":\"https:\/\/agenciainfra.com\/blog\/wp-content\/uploads\/2025\/06\/rota-das-gerais-br-116-251-mg-foto-luiz-santana-almg.png\",\"contentUrl\":\"https:\/\/agenciainfra.com\/blog\/wp-content\/uploads\/2025\/06\/rota-das-gerais-br-116-251-mg-foto-luiz-santana-almg.png\",\"width\":1280,\"height\":667,\"caption\":\"Foto: Luiz Santana\/ALMG\"},{\"@type\":\"BreadcrumbList\",\"@id\":\"https:\/\/agenciainfra.com\/blog\/fne-destina-r-500-milhoes-para-duplicacao-da-br-116-em-mg\/#breadcrumb\",\"itemListElement\":[{\"@type\":\"ListItem\",\"position\":1,\"name\":\"In\u00edcio\",\"item\":\"https:\/\/agenciainfra.com\/blog\/\"},{\"@type\":\"ListItem\",\"position\":2,\"name\":\"FNE destina R$ 500 milh\u00f5es para duplica\u00e7\u00e3o da BR-116 em MG\"}]},{\"@type\":\"WebSite\",\"@id\":\"https:\/\/agenciainfra.com\/blog\/#website\",\"url\":\"https:\/\/agenciainfra.com\/blog\/\",\"name\":\"Ag\u00eancia iNFRA\",\"description\":\"Multiplataforma de informa\u00e7\u00e3o jornal\u00edstica refer\u00eancia na \u00e1rea de infraestrutura no Brasil!\",\"publisher\":{\"@id\":\"https:\/\/agenciainfra.com\/blog\/#organization\"},\"potentialAction\":[{\"@type\":\"SearchAction\",\"target\":{\"@type\":\"EntryPoint\",\"urlTemplate\":\"https:\/\/agenciainfra.com\/blog\/?s={search_term_string}\"},\"query-input\":{\"@type\":\"PropertyValueSpecification\",\"valueRequired\":true,\"valueName\":\"search_term_string\"}}],\"inLanguage\":\"pt-BR\"},{\"@type\":\"Organization\",\"@id\":\"https:\/\/agenciainfra.com\/blog\/#organization\",\"name\":\"Ag\u00eancia iNFRA\",\"url\":\"https:\/\/agenciainfra.com\/blog\/\",\"logo\":{\"@type\":\"ImageObject\",\"inLanguage\":\"pt-BR\",\"@id\":\"https:\/\/agenciainfra.com\/blog\/#\/schema\/logo\/image\/\",\"url\":\"https:\/\/agenciainfra.com\/blog\/wp-content\/uploads\/2023\/09\/iNFRA_5-e1761735885940.png\",\"contentUrl\":\"https:\/\/agenciainfra.com\/blog\/wp-content\/uploads\/2023\/09\/iNFRA_5-e1761735885940.png\",\"width\":1672,\"height\":454,\"caption\":\"Ag\u00eancia iNFRA\"},\"image\":{\"@id\":\"https:\/\/agenciainfra.com\/blog\/#\/schema\/logo\/image\/\"},\"sameAs\":[\"https:\/\/www.facebook.com\/ageninfra\",\"https:\/\/x.com\/agencia_infra\",\"https:\/\/www.linkedin.com\/company\/ag\u00eanciainfra\/\",\"https:\/\/www.instagram.com\/agenciainfra\/\"]},{\"@type\":\"Person\",\"@id\":\"https:\/\/agenciainfra.com\/blog\/#\/schema\/person\/34af08dff6adea4cb22b06612ba7acfa\",\"name\":\"Ag\u00eancia iNFRA\",\"image\":{\"@type\":\"ImageObject\",\"inLanguage\":\"pt-BR\",\"@id\":\"https:\/\/agenciainfra.com\/blog\/#\/schema\/person\/image\/\",\"url\":\"https:\/\/secure.gravatar.com\/avatar\/d189e01678f06d8eb84d4e01f08eb848b3fffe3f8443818d3c356c66892f5be8?s=96&d=mm&r=g\",\"contentUrl\":\"https:\/\/secure.gravatar.com\/avatar\/d189e01678f06d8eb84d4e01f08eb848b3fffe3f8443818d3c356c66892f5be8?s=96&d=mm&r=g\",\"caption\":\"Ag\u00eancia iNFRA\"},\"url\":\"https:\/\/agenciainfra.com\/blog\/author\/admin\/\"}]}<\/script>\n<!-- \/ Yoast SEO Premium plugin. -->","yoast_head_json":{"title":"FNE destina R$ 500 milh\u00f5es para duplica\u00e7\u00e3o da BR-116 em MG - Ag\u00eancia iNFRA","robots":{"index":"index","follow":"follow","max-snippet":"max-snippet:-1","max-image-preview":"max-image-preview:large","max-video-preview":"max-video-preview:-1"},"canonical":"https:\/\/agenciainfra.com\/blog\/fne-destina-r-500-milhoes-para-duplicacao-da-br-116-em-mg\/","og_locale":"pt_BR","og_type":"article","og_title":"FNE destina R$ 500 milh\u00f5es para duplica\u00e7\u00e3o da BR-116 em MG","og_description":"da Ag\u00eancia iNFRA O Fundo Constitucional de Financiamento do Nordeste vai investir R$ 500 milh\u00f5es na duplica\u00e7\u00e3o e moderniza\u00e7\u00e3o da BR-116, em trecho que corta o Vale do Rio Doce, em Minas Gerais. O financiamento vai ampliar a capacidade e a seguran\u00e7a do principal corredor log\u00edstico que liga o Sudeste ao Nordeste do pa\u00eds. O [&hellip;]","og_url":"https:\/\/agenciainfra.com\/blog\/fne-destina-r-500-milhoes-para-duplicacao-da-br-116-em-mg\/","og_site_name":"Ag\u00eancia iNFRA","article_publisher":"https:\/\/www.facebook.com\/ageninfra","article_published_time":"2025-10-06T22:07:00+00:00","article_modified_time":"2025-10-06T22:07:01+00:00","og_image":[{"width":1280,"height":667,"url":"https:\/\/agenciainfra.com\/blog\/wp-content\/uploads\/2025\/06\/rota-das-gerais-br-116-251-mg-foto-luiz-santana-almg.png","type":"image\/png"}],"author":"Ag\u00eancia iNFRA","twitter_card":"summary_large_image","twitter_creator":"@agencia_infra","twitter_site":"@agencia_infra","twitter_misc":{"Escrito por":"Ag\u00eancia iNFRA","Est. tempo de leitura":"1 minuto"},"schema":{"@context":"https:\/\/schema.org","@graph":[{"@type":"Article","@id":"https:\/\/agenciainfra.com\/blog\/fne-destina-r-500-milhoes-para-duplicacao-da-br-116-em-mg\/#article","isPartOf":{"@id":"https:\/\/agenciainfra.com\/blog\/fne-destina-r-500-milhoes-para-duplicacao-da-br-116-em-mg\/"},"author":{"name":"Ag\u00eancia iNFRA","@id":"https:\/\/agenciainfra.com\/blog\/#\/schema\/person\/34af08dff6adea4cb22b06612ba7acfa"},"headline":"FNE destina R$ 500 milh\u00f5es para duplica\u00e7\u00e3o da BR-116 em MG","datePublished":"2025-10-06T22:07:00+00:00","dateModified":"2025-10-06T22:07:01+00:00","mainEntityOfPage":{"@id":"https:\/\/agenciainfra.com\/blog\/fne-destina-r-500-milhoes-para-duplicacao-da-br-116-em-mg\/"},"wordCount":269,"publisher":{"@id":"https:\/\/agenciainfra.com\/blog\/#organization"},"image":{"@id":"https:\/\/agenciainfra.com\/blog\/fne-destina-r-500-milhoes-para-duplicacao-da-br-116-em-mg\/#primaryimage"},"thumbnailUrl":"https:\/\/agenciainfra.com\/blog\/wp-content\/uploads\/2025\/06\/rota-das-gerais-br-116-251-mg-foto-luiz-santana-almg.png","keywords":["Banco do Nordeste","BR-116","desenvolvimento regional","duplica\u00e7\u00e3o de rodovia","EcoRodovias","FNE","Infraestrutura","investimento p\u00fablico","log\u00edstica","midr","Minas Gerais","seguran\u00e7a vi\u00e1ria","Sudene","transporte","Vale do Rio Doce"],"articleSection":["Geral","Giro iNFRA"],"inLanguage":"pt-BR","copyrightYear":"2025","copyrightHolder":{"@id":"https:\/\/agenciainfra.com\/blog\/#organization"}},{"@type":"WebPage","@id":"https:\/\/agenciainfra.com\/blog\/fne-destina-r-500-milhoes-para-duplicacao-da-br-116-em-mg\/","url":"https:\/\/agenciainfra.com\/blog\/fne-destina-r-500-milhoes-para-duplicacao-da-br-116-em-mg\/","name":"FNE destina R$ 500 milh\u00f5es para duplica\u00e7\u00e3o da BR-116 em MG - Ag\u00eancia iNFRA","isPartOf":{"@id":"https:\/\/agenciainfra.com\/blog\/#website"},"primaryImageOfPage":{"@id":"https:\/\/agenciainfra.com\/blog\/fne-destina-r-500-milhoes-para-duplicacao-da-br-116-em-mg\/#primaryimage"},"image":{"@id":"https:\/\/agenciainfra.com\/blog\/fne-destina-r-500-milhoes-para-duplicacao-da-br-116-em-mg\/#primaryimage"},"thumbnailUrl":"https:\/\/agenciainfra.com\/blog\/wp-content\/uploads\/2025\/06\/rota-das-gerais-br-116-251-mg-foto-luiz-santana-almg.png","datePublished":"2025-10-06T22:07:00+00:00","dateModified":"2025-10-06T22:07:01+00:00","breadcrumb":{"@id":"https:\/\/agenciainfra.com\/blog\/fne-destina-r-500-milhoes-para-duplicacao-da-br-116-em-mg\/#breadcrumb"},"inLanguage":"pt-BR","potentialAction":[{"@type":"ReadAction","target":["https:\/\/agenciainfra.com\/blog\/fne-destina-r-500-milhoes-para-duplicacao-da-br-116-em-mg\/"]}]},{"@type":"ImageObject","inLanguage":"pt-BR","@id":"https:\/\/agenciainfra.com\/blog\/fne-destina-r-500-milhoes-para-duplicacao-da-br-116-em-mg\/#primaryimage","url":"https:\/\/agenciainfra.com\/blog\/wp-content\/uploads\/2025\/06\/rota-das-gerais-br-116-251-mg-foto-luiz-santana-almg.png","contentUrl":"https:\/\/agenciainfra.com\/blog\/wp-content\/uploads\/2025\/06\/rota-das-gerais-br-116-251-mg-foto-luiz-santana-almg.png","width":1280,"height":667,"caption":"Foto: Luiz Santana\/ALMG"},{"@type":"BreadcrumbList","@id":"https:\/\/agenciainfra.com\/blog\/fne-destina-r-500-milhoes-para-duplicacao-da-br-116-em-mg\/#breadcrumb","itemListElement":[{"@type":"ListItem","position":1,"name":"In\u00edcio","item":"https:\/\/agenciainfra.com\/blog\/"},{"@type":"ListItem","position":2,"name":"FNE destina R$ 500 milh\u00f5es para duplica\u00e7\u00e3o da BR-116 em MG"}]},{"@type":"WebSite","@id":"https:\/\/agenciainfra.com\/blog\/#website","url":"https:\/\/agenciainfra.com\/blog\/","name":"Ag\u00eancia iNFRA","description":"Multiplataforma de informa\u00e7\u00e3o jornal\u00edstica refer\u00eancia na \u00e1rea de infraestrutura no Brasil!","publisher":{"@id":"https:\/\/agenciainfra.com\/blog\/#organization"},"potentialAction":[{"@type":"SearchAction","target":{"@type":"EntryPoint","urlTemplate":"https:\/\/agenciainfra.com\/blog\/?s={search_term_string}"},"query-input":{"@type":"PropertyValueSpecification","valueRequired":true,"valueName":"search_term_string"}}],"inLanguage":"pt-BR"},{"@type":"Organization","@id":"https:\/\/agenciainfra.com\/blog\/#organization","name":"Ag\u00eancia iNFRA","url":"https:\/\/agenciainfra.com\/blog\/","logo":{"@type":"ImageObject","inLanguage":"pt-BR","@id":"https:\/\/agenciainfra.com\/blog\/#\/schema\/logo\/image\/","url":"https:\/\/agenciainfra.com\/blog\/wp-content\/uploads\/2023\/09\/iNFRA_5-e1761735885940.png","contentUrl":"https:\/\/agenciainfra.com\/blog\/wp-content\/uploads\/2023\/09\/iNFRA_5-e1761735885940.png","width":1672,"height":454,"caption":"Ag\u00eancia iNFRA"},"image":{"@id":"https:\/\/agenciainfra.com\/blog\/#\/schema\/logo\/image\/"},"sameAs":["https:\/\/www.facebook.com\/ageninfra","https:\/\/x.com\/agencia_infra","https:\/\/www.linkedin.com\/company\/ag\u00eanciainfra\/","https:\/\/www.instagram.com\/agenciainfra\/"]},{"@type":"Person","@id":"https:\/\/agenciainfra.com\/blog\/#\/schema\/person\/34af08dff6adea4cb22b06612ba7acfa","name":"Ag\u00eancia iNFRA","image":{"@type":"ImageObject","inLanguage":"pt-BR","@id":"https:\/\/agenciainfra.com\/blog\/#\/schema\/person\/image\/","url":"https:\/\/secure.gravatar.com\/avatar\/d189e01678f06d8eb84d4e01f08eb848b3fffe3f8443818d3c356c66892f5be8?s=96&d=mm&r=g","contentUrl":"https:\/\/secure.gravatar.com\/avatar\/d189e01678f06d8eb84d4e01f08eb848b3fffe3f8443818d3c356c66892f5be8?s=96&d=mm&r=g","caption":"Ag\u00eancia iNFRA"},"url":"https:\/\/agenciainfra.com\/blog\/author\/admin\/"}]}},"_links":{"self":[{"href":"https:\/\/agenciainfra.com\/blog\/wp-json\/wp\/v2\/posts\/29383","targetHints":{"allow":["GET"]}}],"collection":[{"href":"https:\/\/agenciainfra.com\/blog\/wp-json\/wp\/v2\/posts"}],"about":[{"href":"https:\/\/agenciainfra.com\/blog\/wp-json\/wp\/v2\/types\/post"}],"author":[{"embeddable":true,"href":"https:\/\/agenciainfra.com\/blog\/wp-json\/wp\/v2\/users\/1"}],"replies":[{"embeddable":true,"href":"https:\/\/agenciainfra.com\/blog\/wp-json\/wp\/v2\/comments?post=29383"}],"version-history":[{"count":1,"href":"https:\/\/agenciainfra.com\/blog\/wp-json\/wp\/v2\/posts\/29383\/revisions"}],"predecessor-version":[{"id":29385,"href":"https:\/\/agenciainfra.com\/blog\/wp-json\/wp\/v2\/posts\/29383\/revisions\/29385"}],"wp:featuredmedia":[{"embeddable":true,"href":"https:\/\/agenciainfra.com\/blog\/wp-json\/wp\/v2\/media\/22534"}],"wp:attachment":[{"href":"https:\/\/agenciainfra.com\/blog\/wp-json\/wp\/v2\/media?parent=29383"}],"wp:term":[{"taxonomy":"category","embeddable":true,"href":"https:\/\/agenciainfra.com\/blog\/wp-json\/wp\/v2\/categories?post=29383"},{"taxonomy":"post_tag","embeddable":true,"href":"https:\/\/agenciainfra.com\/blog\/wp-json\/wp\/v2\/tags?post=29383"}],"curies":[{"name":"wp","href":"https:\/\/api.w.org\/{rel}","templated":true}]}}