{"id":29390,"date":"2025-10-06T19:06:49","date_gmt":"2025-10-06T22:06:49","guid":{"rendered":"https:\/\/agenciainfra.com\/blog\/?p=29390"},"modified":"2025-10-07T13:41:14","modified_gmt":"2025-10-07T16:41:14","slug":"anm-quer-derrubar-prazo-de-fiscalizacao-da-cfem-para-5-dias","status":"publish","type":"post","link":"https:\/\/agenciainfra.com\/blog\/anm-quer-derrubar-prazo-de-fiscalizacao-da-cfem-para-5-dias\/","title":{"rendered":"ANM quer derrubar prazo de fiscaliza\u00e7\u00e3o da Cfem para 5 dias"},"content":{"rendered":"\n<p class=\"has-text-align-right\"><strong>Rafael Bitencourt, da Ag\u00eancia iNFRA<\/strong><\/p>\n\n\n\n<p>A digitaliza\u00e7\u00e3o de processos e o uso de ferramenta de an\u00e1lise de dados pode derrubar o prazo de an\u00e1lise da conformidade no recolhimento de royalty da minera\u00e7\u00e3o, a Cfem (Compensa\u00e7\u00e3o Financeira pela Explora\u00e7\u00e3o de Recursos Minerais), de tr\u00eas meses para cinco dias, sinalizou nesta segunda-feira (6) o chefe da Superintend\u00eancia de Arrecada\u00e7\u00e3o e Fiscaliza\u00e7\u00e3o da ANM (Ag\u00eancia Nacional de Minera\u00e7\u00e3o), Alexandre Rodrigues.<\/p>\n\n\n\n<p>Durante o \u201cEncontro de Ideias e Solu\u00e7\u00f5es de Minas Gerais\u201d, em Belo Horizonte (MG), Rodrigues defendeu que a tecnologia se torna aliada no atual quadro de falta de profissionais. \u201cPasmem, mas, numa fiscaliza\u00e7\u00e3o de uma grande empresa que no passado j\u00e1 participei, n\u00f3s demorar\u00edamos dois, tr\u00eas meses. Hoje, sozinho, eu seria capaz de entregar em cinco dias, com uma an\u00e1lise de dados completa\u201d, garantiu Rodrigues. \u201cA gente precisa ter acesso a esse tipo de tecnologia. Pela primeira vez, a ANM estar\u00e1 recebendo cientistas de dados dentro da \u00e1rea de arrecada\u00e7\u00e3o\u201d, completou.<\/p>\n\n\n\n<p>No debate, o superintendente afirmou que usa recursos pr\u00f3prios para apoiar o trabalho de fiscaliza\u00e7\u00e3o. \u201cSe hoje tem um Observador da Cfem, por exemplo, \u00e9 porque a solu\u00e7\u00e3o roda no computador l\u00e1 da minha casa. \u00c9 pessoal, \u00e9 isso mesmo, roda de l\u00e1 da minha casa\u201d, afirmou. \u201cA gente raspa todos os dados que est\u00e3o na internet, cruza e entrega mastigado para a sociedade\u201d, acrescentou.<\/p>\n\n\n\n<p>Na mais recente convoca\u00e7\u00e3o de candidatos aprovados no concurso, a Superintend\u00eancia de Arrecada\u00e7\u00e3o e Fiscaliza\u00e7\u00e3o triplicou a quantidade de servidores dedicados \u00e0 atividade de fiscaliza\u00e7\u00e3o da arrecada\u00e7\u00e3o de royalties do setor. O n\u00famero, contudo, saltou de tr\u00eas para nove servidores. A previs\u00e3o \u00e9 que os demais aprovados sejam convocados para assumir o cargo at\u00e9 o fim do ano.<\/p>\n\n\n\n<p>O t\u00e9cnico da ANM informou que, dado o hist\u00f3rico da fiscaliza\u00e7\u00e3o, o risco de inadimpl\u00eancia na Cfem gira em torno de 70%, ressaltando que, naqueles processo analisados, o \u00edndice de sonega\u00e7\u00e3o fica em 40%. Segundo ele, o setor oferece uma \u201coportunidade\u201d para a mineradora burlar o pagamento da contribui\u00e7\u00e3o aos munic\u00edpios, em raz\u00e3o da falta de recursos e pessoal para fazer um controle mais rigoroso.<\/p>\n\n\n\n<p><strong>Mudan\u00e7a de paradigma<\/strong><br>Na media\u00e7\u00e3o do debate, o presidente da Comiss\u00e3o de Direito Miner\u00e1rio da OAB-DF, Frederico Bedran, comentou que a ANM vive uma \u201cmudan\u00e7a de paradigma\u201d, considerando o momento de refor\u00e7o do quadro funcional e de or\u00e7amento. Ele, que \u00e9 s\u00f3cio do Caputo, Bastos e Serra Advogados, afirmou que ser\u00e1 estabelecido no setor uma nova fase da rela\u00e7\u00e3o entre \u201cregulador\u201d\u00a0e\u00a0\u201cregulado\u201d.<br><br>Ao participar da abertura do evento, o ministro do TCU Antonio Anastasia <a href=\"https:\/\/agenciainfra.com\/blog\/ministro-do-tcu-lamenta-falhas-no-controle-de-royalties-da-mineracao\/\">lamentou<\/a> que o processo de arrecada\u00e7\u00e3o da Cfem seja marcado por \u201cfalhas e omiss\u00f5es\u201d.<\/p>\n","protected":false},"excerpt":{"rendered":"<p>Rafael Bitencourt, da Ag\u00eancia iNFRA A digitaliza\u00e7\u00e3o de processos e o uso de ferramenta de an\u00e1lise de dados pode derrubar o prazo de an\u00e1lise da conformidade no recolhimento de royalty da minera\u00e7\u00e3o, a Cfem (Compensa\u00e7\u00e3o Financeira pela Explora\u00e7\u00e3o de Recursos Minerais), de tr\u00eas meses para cinco dias, sinalizou nesta segunda-feira (6) o chefe da Superintend\u00eancia [&hellip;]<\/p>\n","protected":false},"author":1,"featured_media":29391,"comment_status":"closed","ping_status":"closed","sticky":false,"template":"","format":"standard","meta":{"_monsterinsights_skip_tracking":false,"_monsterinsights_sitenote_active":false,"_monsterinsights_sitenote_note":"","_monsterinsights_sitenote_category":0,"footnotes":""},"categories":[1,13239],"tags":[840,15943,340,15913,14563,13139,1176,15945,2578,13173,15944,380,13463,335,839,15946,15558,15916,15416,13813,15705,6268,15942,8760,8489],"class_list":["post-29390","post","type-post","status-publish","format-standard","has-post-thumbnail","hentry","category-geral","category-mineracao","tag-agencia-nacional-de-mineracao","tag-alexandre-rodrigues","tag-anm","tag-antanio-anastasia","tag-audpetroleo","tag-cfem","tag-cgu","tag-comissao-de-direito-minerario","tag-corrupcao","tag-crimes-ambientais","tag-encontro-de-ideias-e-solucoes-de-minas-gerais","tag-fiscalizacao","tag-frederico-bedran-oliveira","tag-inadimplencia","tag-mineracao","tag-mudanca-de-paradigma","tag-oab-df","tag-operacao-policial","tag-operacao-rejeito","tag-rafael-bitencourt","tag-royalties","tag-sonegacao","tag-superintendencia-de-arrecadacao-e-fiscalizacao","tag-tce-mg","tag-tcu-tribunal-de-contas-da-uniao"],"yoast_head":"<!-- This site is optimized with the Yoast SEO Premium plugin v25.4 (Yoast SEO v26.0) - https:\/\/yoast.com\/wordpress\/plugins\/seo\/ -->\n<title>ANM quer derrubar prazo de fiscaliza\u00e7\u00e3o da Cfem para 5 dias - Ag\u00eancia iNFRA<\/title>\n<meta name=\"robots\" content=\"index, follow, max-snippet:-1, max-image-preview:large, max-video-preview:-1\" \/>\n<link rel=\"canonical\" href=\"https:\/\/agenciainfra.com\/blog\/anm-quer-derrubar-prazo-de-fiscalizacao-da-cfem-para-5-dias\/\" \/>\n<meta property=\"og:locale\" content=\"pt_BR\" \/>\n<meta property=\"og:type\" content=\"article\" \/>\n<meta property=\"og:title\" content=\"ANM quer derrubar prazo de fiscaliza\u00e7\u00e3o da Cfem para 5 dias\" \/>\n<meta property=\"og:description\" content=\"Rafael Bitencourt, da Ag\u00eancia iNFRA A digitaliza\u00e7\u00e3o de processos e o uso de ferramenta de an\u00e1lise de dados pode derrubar o prazo de an\u00e1lise da conformidade no recolhimento de royalty da minera\u00e7\u00e3o, a Cfem (Compensa\u00e7\u00e3o Financeira pela Explora\u00e7\u00e3o de Recursos Minerais), de tr\u00eas meses para cinco dias, sinalizou nesta segunda-feira (6) o chefe da Superintend\u00eancia [&hellip;]\" \/>\n<meta property=\"og:url\" content=\"https:\/\/agenciainfra.com\/blog\/anm-quer-derrubar-prazo-de-fiscalizacao-da-cfem-para-5-dias\/\" \/>\n<meta property=\"og:site_name\" content=\"Ag\u00eancia iNFRA\" \/>\n<meta property=\"article:publisher\" content=\"https:\/\/www.facebook.com\/ageninfra\" \/>\n<meta property=\"article:published_time\" content=\"2025-10-06T22:06:49+00:00\" \/>\n<meta property=\"article:modified_time\" content=\"2025-10-07T16:41:14+00:00\" \/>\n<meta property=\"og:image\" content=\"https:\/\/agenciainfra.com\/blog\/wp-content\/uploads\/2025\/10\/Alexandre-Rodrigues-ANM-Foto-Divulgacao-YouTube.jpg\" \/>\n\t<meta property=\"og:image:width\" content=\"1280\" \/>\n\t<meta property=\"og:image:height\" content=\"720\" \/>\n\t<meta property=\"og:image:type\" content=\"image\/jpeg\" \/>\n<meta name=\"author\" content=\"Ag\u00eancia iNFRA\" \/>\n<meta name=\"twitter:card\" content=\"summary_large_image\" \/>\n<meta name=\"twitter:creator\" content=\"@agencia_infra\" \/>\n<meta name=\"twitter:site\" content=\"@agencia_infra\" \/>\n<meta name=\"twitter:label1\" content=\"Escrito por\" \/>\n\t<meta name=\"twitter:data1\" content=\"Ag\u00eancia iNFRA\" \/>\n\t<meta name=\"twitter:label2\" content=\"Est. tempo de leitura\" \/>\n\t<meta name=\"twitter:data2\" content=\"2 minutos\" \/>\n<script type=\"application\/ld+json\" class=\"yoast-schema-graph\">{\"@context\":\"https:\/\/schema.org\",\"@graph\":[{\"@type\":\"Article\",\"@id\":\"https:\/\/agenciainfra.com\/blog\/anm-quer-derrubar-prazo-de-fiscalizacao-da-cfem-para-5-dias\/#article\",\"isPartOf\":{\"@id\":\"https:\/\/agenciainfra.com\/blog\/anm-quer-derrubar-prazo-de-fiscalizacao-da-cfem-para-5-dias\/\"},\"author\":{\"name\":\"Ag\u00eancia iNFRA\",\"@id\":\"https:\/\/agenciainfra.com\/blog\/#\/schema\/person\/34af08dff6adea4cb22b06612ba7acfa\"},\"headline\":\"ANM quer derrubar prazo de fiscaliza\u00e7\u00e3o da Cfem para 5 dias\",\"datePublished\":\"2025-10-06T22:06:49+00:00\",\"dateModified\":\"2025-10-07T16:41:14+00:00\",\"mainEntityOfPage\":{\"@id\":\"https:\/\/agenciainfra.com\/blog\/anm-quer-derrubar-prazo-de-fiscalizacao-da-cfem-para-5-dias\/\"},\"wordCount\":489,\"publisher\":{\"@id\":\"https:\/\/agenciainfra.com\/blog\/#organization\"},\"image\":{\"@id\":\"https:\/\/agenciainfra.com\/blog\/anm-quer-derrubar-prazo-de-fiscalizacao-da-cfem-para-5-dias\/#primaryimage\"},\"thumbnailUrl\":\"https:\/\/agenciainfra.com\/blog\/wp-content\/uploads\/2025\/10\/Alexandre-Rodrigues-ANM-Foto-Divulgacao-YouTube.jpg\",\"keywords\":[\"Ag\u00eancia Nacional de Minera\u00e7\u00e3o\",\"Alexandre Rodrigues\",\"ANM\",\"Antanio Anastasia\",\"AudPetr\u00f3leo\",\"CFEM\",\"CGU\",\"Comiss\u00e3o de Direito Miner\u00e1rio\",\"corrup\u00e7\u00e3o\",\"crimes ambientais\",\"Encontro de Ideias e Solu\u00e7\u00f5es de Minas Gerais\",\"fiscaliza\u00e7\u00e3o\",\"Frederico Bedran Oliveira\",\"inadimpl\u00eancia\",\"minera\u00e7\u00e3o\",\"mudan\u00e7a de paradigma\",\"OAB-DF\",\"opera\u00e7\u00e3o policial\",\"Opera\u00e7\u00e3o Rejeito\",\"Rafael Bitencourt\",\"royalties\",\"sonega\u00e7\u00e3o\",\"Superintend\u00eancia de Arrecada\u00e7\u00e3o e Fiscaliza\u00e7\u00e3o\",\"TCE-MG\",\"TCU (Tribunal de Contas da Uni\u00e3o)\"],\"articleSection\":[\"Geral\",\"Minera\u00e7\u00e3o\"],\"inLanguage\":\"pt-BR\",\"copyrightYear\":\"2025\",\"copyrightHolder\":{\"@id\":\"https:\/\/agenciainfra.com\/blog\/#organization\"}},{\"@type\":\"WebPage\",\"@id\":\"https:\/\/agenciainfra.com\/blog\/anm-quer-derrubar-prazo-de-fiscalizacao-da-cfem-para-5-dias\/\",\"url\":\"https:\/\/agenciainfra.com\/blog\/anm-quer-derrubar-prazo-de-fiscalizacao-da-cfem-para-5-dias\/\",\"name\":\"ANM quer derrubar prazo de fiscaliza\u00e7\u00e3o da Cfem para 5 dias - Ag\u00eancia iNFRA\",\"isPartOf\":{\"@id\":\"https:\/\/agenciainfra.com\/blog\/#website\"},\"primaryImageOfPage\":{\"@id\":\"https:\/\/agenciainfra.com\/blog\/anm-quer-derrubar-prazo-de-fiscalizacao-da-cfem-para-5-dias\/#primaryimage\"},\"image\":{\"@id\":\"https:\/\/agenciainfra.com\/blog\/anm-quer-derrubar-prazo-de-fiscalizacao-da-cfem-para-5-dias\/#primaryimage\"},\"thumbnailUrl\":\"https:\/\/agenciainfra.com\/blog\/wp-content\/uploads\/2025\/10\/Alexandre-Rodrigues-ANM-Foto-Divulgacao-YouTube.jpg\",\"datePublished\":\"2025-10-06T22:06:49+00:00\",\"dateModified\":\"2025-10-07T16:41:14+00:00\",\"breadcrumb\":{\"@id\":\"https:\/\/agenciainfra.com\/blog\/anm-quer-derrubar-prazo-de-fiscalizacao-da-cfem-para-5-dias\/#breadcrumb\"},\"inLanguage\":\"pt-BR\",\"potentialAction\":[{\"@type\":\"ReadAction\",\"target\":[\"https:\/\/agenciainfra.com\/blog\/anm-quer-derrubar-prazo-de-fiscalizacao-da-cfem-para-5-dias\/\"]}]},{\"@type\":\"ImageObject\",\"inLanguage\":\"pt-BR\",\"@id\":\"https:\/\/agenciainfra.com\/blog\/anm-quer-derrubar-prazo-de-fiscalizacao-da-cfem-para-5-dias\/#primaryimage\",\"url\":\"https:\/\/agenciainfra.com\/blog\/wp-content\/uploads\/2025\/10\/Alexandre-Rodrigues-ANM-Foto-Divulgacao-YouTube.jpg\",\"contentUrl\":\"https:\/\/agenciainfra.com\/blog\/wp-content\/uploads\/2025\/10\/Alexandre-Rodrigues-ANM-Foto-Divulgacao-YouTube.jpg\",\"width\":1280,\"height\":720,\"caption\":\"Foto: Reprodu\u00e7\u00e3o\/YouTube\"},{\"@type\":\"BreadcrumbList\",\"@id\":\"https:\/\/agenciainfra.com\/blog\/anm-quer-derrubar-prazo-de-fiscalizacao-da-cfem-para-5-dias\/#breadcrumb\",\"itemListElement\":[{\"@type\":\"ListItem\",\"position\":1,\"name\":\"In\u00edcio\",\"item\":\"https:\/\/agenciainfra.com\/blog\/\"},{\"@type\":\"ListItem\",\"position\":2,\"name\":\"ANM quer derrubar prazo de fiscaliza\u00e7\u00e3o da Cfem para 5 dias\"}]},{\"@type\":\"WebSite\",\"@id\":\"https:\/\/agenciainfra.com\/blog\/#website\",\"url\":\"https:\/\/agenciainfra.com\/blog\/\",\"name\":\"Ag\u00eancia iNFRA\",\"description\":\"Multiplataforma de informa\u00e7\u00e3o jornal\u00edstica refer\u00eancia na \u00e1rea de infraestrutura no Brasil!\",\"publisher\":{\"@id\":\"https:\/\/agenciainfra.com\/blog\/#organization\"},\"potentialAction\":[{\"@type\":\"SearchAction\",\"target\":{\"@type\":\"EntryPoint\",\"urlTemplate\":\"https:\/\/agenciainfra.com\/blog\/?s={search_term_string}\"},\"query-input\":{\"@type\":\"PropertyValueSpecification\",\"valueRequired\":true,\"valueName\":\"search_term_string\"}}],\"inLanguage\":\"pt-BR\"},{\"@type\":\"Organization\",\"@id\":\"https:\/\/agenciainfra.com\/blog\/#organization\",\"name\":\"Ag\u00eancia iNFRA\",\"url\":\"https:\/\/agenciainfra.com\/blog\/\",\"logo\":{\"@type\":\"ImageObject\",\"inLanguage\":\"pt-BR\",\"@id\":\"https:\/\/agenciainfra.com\/blog\/#\/schema\/logo\/image\/\",\"url\":\"https:\/\/agenciainfra.com\/blog\/wp-content\/uploads\/2023\/09\/iNFRA_5-e1761735885940.png\",\"contentUrl\":\"https:\/\/agenciainfra.com\/blog\/wp-content\/uploads\/2023\/09\/iNFRA_5-e1761735885940.png\",\"width\":1672,\"height\":454,\"caption\":\"Ag\u00eancia iNFRA\"},\"image\":{\"@id\":\"https:\/\/agenciainfra.com\/blog\/#\/schema\/logo\/image\/\"},\"sameAs\":[\"https:\/\/www.facebook.com\/ageninfra\",\"https:\/\/x.com\/agencia_infra\",\"https:\/\/www.linkedin.com\/company\/ag\u00eanciainfra\/\",\"https:\/\/www.instagram.com\/agenciainfra\/\"]},{\"@type\":\"Person\",\"@id\":\"https:\/\/agenciainfra.com\/blog\/#\/schema\/person\/34af08dff6adea4cb22b06612ba7acfa\",\"name\":\"Ag\u00eancia iNFRA\",\"image\":{\"@type\":\"ImageObject\",\"inLanguage\":\"pt-BR\",\"@id\":\"https:\/\/agenciainfra.com\/blog\/#\/schema\/person\/image\/\",\"url\":\"https:\/\/secure.gravatar.com\/avatar\/d189e01678f06d8eb84d4e01f08eb848b3fffe3f8443818d3c356c66892f5be8?s=96&d=mm&r=g\",\"contentUrl\":\"https:\/\/secure.gravatar.com\/avatar\/d189e01678f06d8eb84d4e01f08eb848b3fffe3f8443818d3c356c66892f5be8?s=96&d=mm&r=g\",\"caption\":\"Ag\u00eancia iNFRA\"},\"url\":\"https:\/\/agenciainfra.com\/blog\/author\/admin\/\"}]}<\/script>\n<!-- \/ Yoast SEO Premium plugin. -->","yoast_head_json":{"title":"ANM quer derrubar prazo de fiscaliza\u00e7\u00e3o da Cfem para 5 dias - Ag\u00eancia iNFRA","robots":{"index":"index","follow":"follow","max-snippet":"max-snippet:-1","max-image-preview":"max-image-preview:large","max-video-preview":"max-video-preview:-1"},"canonical":"https:\/\/agenciainfra.com\/blog\/anm-quer-derrubar-prazo-de-fiscalizacao-da-cfem-para-5-dias\/","og_locale":"pt_BR","og_type":"article","og_title":"ANM quer derrubar prazo de fiscaliza\u00e7\u00e3o da Cfem para 5 dias","og_description":"Rafael Bitencourt, da Ag\u00eancia iNFRA A digitaliza\u00e7\u00e3o de processos e o uso de ferramenta de an\u00e1lise de dados pode derrubar o prazo de an\u00e1lise da conformidade no recolhimento de royalty da minera\u00e7\u00e3o, a Cfem (Compensa\u00e7\u00e3o Financeira pela Explora\u00e7\u00e3o de Recursos Minerais), de tr\u00eas meses para cinco dias, sinalizou nesta segunda-feira (6) o chefe da Superintend\u00eancia [&hellip;]","og_url":"https:\/\/agenciainfra.com\/blog\/anm-quer-derrubar-prazo-de-fiscalizacao-da-cfem-para-5-dias\/","og_site_name":"Ag\u00eancia iNFRA","article_publisher":"https:\/\/www.facebook.com\/ageninfra","article_published_time":"2025-10-06T22:06:49+00:00","article_modified_time":"2025-10-07T16:41:14+00:00","og_image":[{"width":1280,"height":720,"url":"https:\/\/agenciainfra.com\/blog\/wp-content\/uploads\/2025\/10\/Alexandre-Rodrigues-ANM-Foto-Divulgacao-YouTube.jpg","type":"image\/jpeg"}],"author":"Ag\u00eancia iNFRA","twitter_card":"summary_large_image","twitter_creator":"@agencia_infra","twitter_site":"@agencia_infra","twitter_misc":{"Escrito por":"Ag\u00eancia iNFRA","Est. tempo de leitura":"2 minutos"},"schema":{"@context":"https:\/\/schema.org","@graph":[{"@type":"Article","@id":"https:\/\/agenciainfra.com\/blog\/anm-quer-derrubar-prazo-de-fiscalizacao-da-cfem-para-5-dias\/#article","isPartOf":{"@id":"https:\/\/agenciainfra.com\/blog\/anm-quer-derrubar-prazo-de-fiscalizacao-da-cfem-para-5-dias\/"},"author":{"name":"Ag\u00eancia iNFRA","@id":"https:\/\/agenciainfra.com\/blog\/#\/schema\/person\/34af08dff6adea4cb22b06612ba7acfa"},"headline":"ANM quer derrubar prazo de fiscaliza\u00e7\u00e3o da Cfem para 5 dias","datePublished":"2025-10-06T22:06:49+00:00","dateModified":"2025-10-07T16:41:14+00:00","mainEntityOfPage":{"@id":"https:\/\/agenciainfra.com\/blog\/anm-quer-derrubar-prazo-de-fiscalizacao-da-cfem-para-5-dias\/"},"wordCount":489,"publisher":{"@id":"https:\/\/agenciainfra.com\/blog\/#organization"},"image":{"@id":"https:\/\/agenciainfra.com\/blog\/anm-quer-derrubar-prazo-de-fiscalizacao-da-cfem-para-5-dias\/#primaryimage"},"thumbnailUrl":"https:\/\/agenciainfra.com\/blog\/wp-content\/uploads\/2025\/10\/Alexandre-Rodrigues-ANM-Foto-Divulgacao-YouTube.jpg","keywords":["Ag\u00eancia Nacional de Minera\u00e7\u00e3o","Alexandre Rodrigues","ANM","Antanio Anastasia","AudPetr\u00f3leo","CFEM","CGU","Comiss\u00e3o de Direito Miner\u00e1rio","corrup\u00e7\u00e3o","crimes ambientais","Encontro de Ideias e Solu\u00e7\u00f5es de Minas Gerais","fiscaliza\u00e7\u00e3o","Frederico Bedran Oliveira","inadimpl\u00eancia","minera\u00e7\u00e3o","mudan\u00e7a de paradigma","OAB-DF","opera\u00e7\u00e3o policial","Opera\u00e7\u00e3o Rejeito","Rafael Bitencourt","royalties","sonega\u00e7\u00e3o","Superintend\u00eancia de Arrecada\u00e7\u00e3o e Fiscaliza\u00e7\u00e3o","TCE-MG","TCU (Tribunal de Contas da Uni\u00e3o)"],"articleSection":["Geral","Minera\u00e7\u00e3o"],"inLanguage":"pt-BR","copyrightYear":"2025","copyrightHolder":{"@id":"https:\/\/agenciainfra.com\/blog\/#organization"}},{"@type":"WebPage","@id":"https:\/\/agenciainfra.com\/blog\/anm-quer-derrubar-prazo-de-fiscalizacao-da-cfem-para-5-dias\/","url":"https:\/\/agenciainfra.com\/blog\/anm-quer-derrubar-prazo-de-fiscalizacao-da-cfem-para-5-dias\/","name":"ANM quer derrubar prazo de fiscaliza\u00e7\u00e3o da Cfem para 5 dias - Ag\u00eancia iNFRA","isPartOf":{"@id":"https:\/\/agenciainfra.com\/blog\/#website"},"primaryImageOfPage":{"@id":"https:\/\/agenciainfra.com\/blog\/anm-quer-derrubar-prazo-de-fiscalizacao-da-cfem-para-5-dias\/#primaryimage"},"image":{"@id":"https:\/\/agenciainfra.com\/blog\/anm-quer-derrubar-prazo-de-fiscalizacao-da-cfem-para-5-dias\/#primaryimage"},"thumbnailUrl":"https:\/\/agenciainfra.com\/blog\/wp-content\/uploads\/2025\/10\/Alexandre-Rodrigues-ANM-Foto-Divulgacao-YouTube.jpg","datePublished":"2025-10-06T22:06:49+00:00","dateModified":"2025-10-07T16:41:14+00:00","breadcrumb":{"@id":"https:\/\/agenciainfra.com\/blog\/anm-quer-derrubar-prazo-de-fiscalizacao-da-cfem-para-5-dias\/#breadcrumb"},"inLanguage":"pt-BR","potentialAction":[{"@type":"ReadAction","target":["https:\/\/agenciainfra.com\/blog\/anm-quer-derrubar-prazo-de-fiscalizacao-da-cfem-para-5-dias\/"]}]},{"@type":"ImageObject","inLanguage":"pt-BR","@id":"https:\/\/agenciainfra.com\/blog\/anm-quer-derrubar-prazo-de-fiscalizacao-da-cfem-para-5-dias\/#primaryimage","url":"https:\/\/agenciainfra.com\/blog\/wp-content\/uploads\/2025\/10\/Alexandre-Rodrigues-ANM-Foto-Divulgacao-YouTube.jpg","contentUrl":"https:\/\/agenciainfra.com\/blog\/wp-content\/uploads\/2025\/10\/Alexandre-Rodrigues-ANM-Foto-Divulgacao-YouTube.jpg","width":1280,"height":720,"caption":"Foto: Reprodu\u00e7\u00e3o\/YouTube"},{"@type":"BreadcrumbList","@id":"https:\/\/agenciainfra.com\/blog\/anm-quer-derrubar-prazo-de-fiscalizacao-da-cfem-para-5-dias\/#breadcrumb","itemListElement":[{"@type":"ListItem","position":1,"name":"In\u00edcio","item":"https:\/\/agenciainfra.com\/blog\/"},{"@type":"ListItem","position":2,"name":"ANM quer derrubar prazo de fiscaliza\u00e7\u00e3o da Cfem para 5 dias"}]},{"@type":"WebSite","@id":"https:\/\/agenciainfra.com\/blog\/#website","url":"https:\/\/agenciainfra.com\/blog\/","name":"Ag\u00eancia iNFRA","description":"Multiplataforma de informa\u00e7\u00e3o jornal\u00edstica refer\u00eancia na \u00e1rea de infraestrutura no Brasil!","publisher":{"@id":"https:\/\/agenciainfra.com\/blog\/#organization"},"potentialAction":[{"@type":"SearchAction","target":{"@type":"EntryPoint","urlTemplate":"https:\/\/agenciainfra.com\/blog\/?s={search_term_string}"},"query-input":{"@type":"PropertyValueSpecification","valueRequired":true,"valueName":"search_term_string"}}],"inLanguage":"pt-BR"},{"@type":"Organization","@id":"https:\/\/agenciainfra.com\/blog\/#organization","name":"Ag\u00eancia iNFRA","url":"https:\/\/agenciainfra.com\/blog\/","logo":{"@type":"ImageObject","inLanguage":"pt-BR","@id":"https:\/\/agenciainfra.com\/blog\/#\/schema\/logo\/image\/","url":"https:\/\/agenciainfra.com\/blog\/wp-content\/uploads\/2023\/09\/iNFRA_5-e1761735885940.png","contentUrl":"https:\/\/agenciainfra.com\/blog\/wp-content\/uploads\/2023\/09\/iNFRA_5-e1761735885940.png","width":1672,"height":454,"caption":"Ag\u00eancia iNFRA"},"image":{"@id":"https:\/\/agenciainfra.com\/blog\/#\/schema\/logo\/image\/"},"sameAs":["https:\/\/www.facebook.com\/ageninfra","https:\/\/x.com\/agencia_infra","https:\/\/www.linkedin.com\/company\/ag\u00eanciainfra\/","https:\/\/www.instagram.com\/agenciainfra\/"]},{"@type":"Person","@id":"https:\/\/agenciainfra.com\/blog\/#\/schema\/person\/34af08dff6adea4cb22b06612ba7acfa","name":"Ag\u00eancia iNFRA","image":{"@type":"ImageObject","inLanguage":"pt-BR","@id":"https:\/\/agenciainfra.com\/blog\/#\/schema\/person\/image\/","url":"https:\/\/secure.gravatar.com\/avatar\/d189e01678f06d8eb84d4e01f08eb848b3fffe3f8443818d3c356c66892f5be8?s=96&d=mm&r=g","contentUrl":"https:\/\/secure.gravatar.com\/avatar\/d189e01678f06d8eb84d4e01f08eb848b3fffe3f8443818d3c356c66892f5be8?s=96&d=mm&r=g","caption":"Ag\u00eancia iNFRA"},"url":"https:\/\/agenciainfra.com\/blog\/author\/admin\/"}]}},"_links":{"self":[{"href":"https:\/\/agenciainfra.com\/blog\/wp-json\/wp\/v2\/posts\/29390","targetHints":{"allow":["GET"]}}],"collection":[{"href":"https:\/\/agenciainfra.com\/blog\/wp-json\/wp\/v2\/posts"}],"about":[{"href":"https:\/\/agenciainfra.com\/blog\/wp-json\/wp\/v2\/types\/post"}],"author":[{"embeddable":true,"href":"https:\/\/agenciainfra.com\/blog\/wp-json\/wp\/v2\/users\/1"}],"replies":[{"embeddable":true,"href":"https:\/\/agenciainfra.com\/blog\/wp-json\/wp\/v2\/comments?post=29390"}],"version-history":[{"count":1,"href":"https:\/\/agenciainfra.com\/blog\/wp-json\/wp\/v2\/posts\/29390\/revisions"}],"predecessor-version":[{"id":29392,"href":"https:\/\/agenciainfra.com\/blog\/wp-json\/wp\/v2\/posts\/29390\/revisions\/29392"}],"wp:featuredmedia":[{"embeddable":true,"href":"https:\/\/agenciainfra.com\/blog\/wp-json\/wp\/v2\/media\/29391"}],"wp:attachment":[{"href":"https:\/\/agenciainfra.com\/blog\/wp-json\/wp\/v2\/media?parent=29390"}],"wp:term":[{"taxonomy":"category","embeddable":true,"href":"https:\/\/agenciainfra.com\/blog\/wp-json\/wp\/v2\/categories?post=29390"},{"taxonomy":"post_tag","embeddable":true,"href":"https:\/\/agenciainfra.com\/blog\/wp-json\/wp\/v2\/tags?post=29390"}],"curies":[{"name":"wp","href":"https:\/\/api.w.org\/{rel}","templated":true}]}}