{"id":29402,"date":"2025-10-07T09:30:00","date_gmt":"2025-10-07T12:30:00","guid":{"rendered":"https:\/\/agenciainfra.com\/blog\/?p=29402"},"modified":"2025-10-08T08:08:29","modified_gmt":"2025-10-08T11:08:29","slug":"setembro-bate-recorde-em-cortes-obrigatorios-de-geracao-diz-volt","status":"publish","type":"post","link":"https:\/\/agenciainfra.com\/blog\/setembro-bate-recorde-em-cortes-obrigatorios-de-geracao-diz-volt\/","title":{"rendered":"Setembro bate recorde em cortes obrigat\u00f3rios de gera\u00e7\u00e3o, diz Volt"},"content":{"rendered":"\n<p class=\"has-text-align-right\"><strong>Geraldo Campos Jr., da Ag\u00eancia iNFRA<\/strong><\/p>\n\n\n\n<p>Os cortes obrigat\u00f3rios de gera\u00e7\u00e3o, conhecidos como curtailment, bateram um novo recorde&nbsp;no Brasil em setembro de 2025. Foram cortados 4,8 milh\u00f5es de MWh (megawatts-hora) no m\u00eas, segundo estudo da Volt Robotics obtido pela&nbsp;<strong>Ag\u00eancia iNFRA<\/strong>. No dia recordista, que foi 28 de setembro, um domingo, quase metade da gera\u00e7\u00e3o e\u00f3lica e solar (343,5 mil MWh) do pa\u00eds foi cortada.&nbsp;<br><br>\u201cEsse dia 28 foi o pior dia de curtailment que a gente teve na hist\u00f3ria. Foi praticamente 48% da gera\u00e7\u00e3o cortada. Isso principalmente pelo corte energ\u00e9tico, \u00e9 aquele realizado por falta de carga, durante a manh\u00e3 e \u00e0 tarde, ou seja, muito alinhado \u00e0 quest\u00e3o da [gera\u00e7\u00e3o] solar\u201d, afirmou o CEO da Volt Robotics, Donato Filho.&nbsp;<br><br>O m\u00eas de setembro teve outros picos de curtailment. Nos dias 27 (corte de 292,5 mil MWh) e 14 (270,6 mil MWh), foi cortado o equivalente a 40% da gera\u00e7\u00e3o e\u00f3lica e solar. O m\u00eas \u00e9 considerado o pico da \u201csafra dos ventos\u201d no Nordeste. Donato chama aten\u00e7\u00e3o para o fato de que em 2024 os cortes tamb\u00e9m foram recordes em setembro, por\u00e9m, um ano depois, o volume de gera\u00e7\u00e3o cortada neste m\u00eas dobrou.<br><br>O vertimento turbin\u00e1vel das hidrel\u00e9tricas n\u00e3o foi considerado no estudo. Segundo o CEO da Volt, os dados mostram uma tend\u00eancia clara: \u201cOs cortes est\u00e3o se intensificando de forma acelerada\u201d. Ele chama aten\u00e7\u00e3o para o fim da safra dos ventos ap\u00f3s os picos de gera\u00e7\u00e3o e\u00f3lica em agosto e setembro, mas cita que a entrada mais forte de despacho t\u00e9rmico em outubro no sistema pode tirar espa\u00e7o das renov\u00e1veis.&nbsp;<br><br><strong>Fins de semana<\/strong><br>Donato ressalta o fato de que entre os dez dias de maior corte do ano, foram seis domingos e um s\u00e1bado. Isso mostra que o maior problema que o sistema el\u00e9trico tem enfrentado \u00e9 nos fins de semana, em que o consumo reduz drasticamente.<br><br>\u201cA maior maldi\u00e7\u00e3o que a gente tem hoje no setor \u00e9 um domingo de sol, porque vai ter um monte de gera\u00e7\u00e3o solar e n\u00e3o vai ter carga, porque as pessoas est\u00e3o passeando, no parque, na praia e as f\u00e1bricas e o com\u00e9rcio est\u00e3o fechados\u201d, disse o CEO da Volt.<br><br>Os tr\u00eas dias do top 10 que n\u00e3o foram em fins de semana ocorreram em fevereiro. \u201cEssa exce\u00e7\u00e3o teve como motivo a queda do linh\u00e3o de Belo Monte, que foi um problema el\u00e9trico que fez com que o ONS buscasse caminhos para a energia de Belo Monte. E o caminho foi passar pelo Nordeste para vir para o Sudeste, e com isso cortou mais e\u00f3lica e solar\u201d, explicou.<br><br>Os dados da Volt mostram que, nos fins de semana, tem predominado o corte por raz\u00e3o energ\u00e9tica (excesso de gera\u00e7\u00e3o e baixa carga), de forma espalhada pelo pa\u00eds. J\u00e1 o curtailment por confiabilidade (falta de transmiss\u00e3o) tem se concentrado no Rio Grande do Norte, Cear\u00e1, Bahia e no norte de Minas Gerais.<br><br>Proporcionalmente, as usinas solares centralizadas s\u00e3o as mais cortadas, segundo o estudo. Mas em volume, quem mais sofre s\u00e3o as e\u00f3licas, que t\u00eam maior parque gerador. Ainda segundo a Volt, os cortes t\u00eam afetado desproporcionalmente os geradores, com algumas usinas (especialmente grandes conjuntos no norte de Minas Gerais, Cear\u00e1 e Rio Grande do Norte) experimentando cortes de 30% a mais de 80% de sua capacidade potencial.<br><br><strong>Dia dos Pais<\/strong><br>A pedido da&nbsp;<strong>Ag\u00eancia iNFRA<\/strong>, o estudo da Volt Robotics comparou os dez piores dias de curtailment do ano com o n\u00edvel registrado em 10 de agosto, dia dos pais, data que vem sendo apontada pelo setor como o dia em que o sistema ficou perto de um colapso, ou seja, com riscos reais de um apag\u00e3o. Naquele dia, foram cortados 213,1 mil MWh. Assim, ele n\u00e3o chegou a figurar no top 10 de cortes.<br><br>\u201cAquele dia dos pais mudou o problema. Foi um dia em que o corte chegou a 100% no per\u00edodo das 12h \u00e0s 14h. Em volume, isso n\u00e3o foi t\u00e3o grande porque n\u00e3o estava tanto sol assim, mas tudo que tinha naquele hor\u00e1rio de e\u00f3lica e solar o ONS cortou, porque a carga estava muito baixa. Isso significa que ele quase perdeu o controle do sistema\u201d, afirmou Donato.<br><br>Se antes o corte era visto como um problema basicamente dos geradores que sofrem com o preju\u00edzo, depois do dia dos pais ele mudou de figura, diz Donato. \u201cAgora o corte passou a ser uma quest\u00e3o sist\u00eamica de seguran\u00e7a energ\u00e9tica nacional. A gente chegou perto de um apag\u00e3o, ou seja, \u00e9 um problema de todo mundo. Ent\u00e3o isso provocou um in\u00edcio de mobiliza\u00e7\u00e3o em busca de solu\u00e7\u00f5es\u201d, avalia.<br><br><strong>Caminhos<\/strong><br>Essa virada de chave, na avalia\u00e7\u00e3o do Donato Filho, motivou passos como a busca, por parte do&nbsp;ONS e da ANEEL (Ag\u00eancia Nacional de Energia El\u00e9trica) do aumento do controle da gera\u00e7\u00e3o no sistema, como da GD (Gera\u00e7\u00e3o Distribu\u00edda). A ag\u00eancia deve regulamentar um caminho para permitir cortes de PCHs (Pequenas Centrais Hidrel\u00e9tricas), usinas a biomassa e usinas solares conectadas \u00e0 rede das distribuidoras.<br><br>Ele citou a iniciativa como uma a\u00e7\u00e3o imediata para prevenir um apag\u00e3o e apontou outros caminhos, como tarifas inteligentes que permitam energia mais barata pela manh\u00e3, leil\u00f5es para grandes consumidores comprarem energia neste per\u00edodo e acelerar a troca para medidores inteligentes (em especial em m\u00e9dia e alta tens\u00e3o), permitindo b\u00f4nus por consumo matinal.<br><br>Al\u00e9m disso, Donato defende a acelera\u00e7\u00e3o da implanta\u00e7\u00e3o de sistemas de baterias, inclusive com incentivos fiscais, a antecipa\u00e7\u00e3o de obras de transmiss\u00e3o e a busca por uma maior flexibilidade da gera\u00e7\u00e3o de hidrel\u00e9tricas e t\u00e9rmicas, gerando menos pela manh\u00e3 e mais \u00e0 noite.<br><br>\u201cAgora virou um problema que \u00e9 nacional. Ningu\u00e9m quer ter apag\u00e3o. Virou uma quest\u00e3o de conseguir resolver o problema. Temos que trazer todos os players para buscar essa solu\u00e7\u00e3o. A gente tem um excesso de gera\u00e7\u00e3o de dia e n\u00e3o consegue atender a ponta no fim do dia. Ent\u00e3o temos que buscar equilibrar a oferta e demanda, transferindo o consumo da ponta para a manh\u00e3\u201d, afirmou.<\/p>\n","protected":false},"excerpt":{"rendered":"<p>Geraldo Campos Jr., da Ag\u00eancia iNFRA Os cortes obrigat\u00f3rios de gera\u00e7\u00e3o, conhecidos como curtailment, bateram um novo recorde&nbsp;no Brasil em setembro de 2025. Foram cortados 4,8 milh\u00f5es de MWh (megawatts-hora) no m\u00eas, segundo estudo da Volt Robotics obtido pela&nbsp;Ag\u00eancia iNFRA. No dia recordista, que foi 28 de setembro, um domingo, quase metade da gera\u00e7\u00e3o e\u00f3lica [&hellip;]<\/p>\n","protected":false},"author":1,"featured_media":8226,"comment_status":"closed","ping_status":"closed","sticky":false,"template":"","format":"standard","meta":{"_monsterinsights_skip_tracking":false,"_monsterinsights_sitenote_active":false,"_monsterinsights_sitenote_note":"","_monsterinsights_sitenote_category":0,"footnotes":""},"categories":[7250,1,10],"tags":[11825,11474,25,282,2803,11594,54,5435],"class_list":["post-29402","post","type-post","status-publish","format-standard","has-post-thumbnail","hentry","category-destaque-lista","category-geral","category-infraenergia","tag-corte-de-geracao","tag-curtailment","tag-energia","tag-energia-eletrica","tag-geracao-de-energia","tag-geraldo-campos-jr","tag-setor-eletrico","tag-volt-robotics"],"yoast_head":"<!-- This site is optimized with the Yoast SEO Premium plugin v25.4 (Yoast SEO v26.0) - https:\/\/yoast.com\/wordpress\/plugins\/seo\/ -->\n<title>Setembro bate recorde em cortes obrigat\u00f3rios de gera\u00e7\u00e3o, diz Volt - Ag\u00eancia iNFRA<\/title>\n<meta name=\"robots\" content=\"index, follow, max-snippet:-1, max-image-preview:large, max-video-preview:-1\" \/>\n<link rel=\"canonical\" href=\"https:\/\/agenciainfra.com\/blog\/setembro-bate-recorde-em-cortes-obrigatorios-de-geracao-diz-volt\/\" \/>\n<meta property=\"og:locale\" content=\"pt_BR\" \/>\n<meta property=\"og:type\" content=\"article\" \/>\n<meta property=\"og:title\" content=\"Setembro bate recorde em cortes obrigat\u00f3rios de gera\u00e7\u00e3o, diz Volt\" \/>\n<meta property=\"og:description\" content=\"Geraldo Campos Jr., da Ag\u00eancia iNFRA Os cortes obrigat\u00f3rios de gera\u00e7\u00e3o, conhecidos como curtailment, bateram um novo recorde&nbsp;no Brasil em setembro de 2025. Foram cortados 4,8 milh\u00f5es de MWh (megawatts-hora) no m\u00eas, segundo estudo da Volt Robotics obtido pela&nbsp;Ag\u00eancia iNFRA. No dia recordista, que foi 28 de setembro, um domingo, quase metade da gera\u00e7\u00e3o e\u00f3lica [&hellip;]\" \/>\n<meta property=\"og:url\" content=\"https:\/\/agenciainfra.com\/blog\/setembro-bate-recorde-em-cortes-obrigatorios-de-geracao-diz-volt\/\" \/>\n<meta property=\"og:site_name\" content=\"Ag\u00eancia iNFRA\" \/>\n<meta property=\"article:publisher\" content=\"https:\/\/www.facebook.com\/ageninfra\" \/>\n<meta property=\"article:published_time\" content=\"2025-10-07T12:30:00+00:00\" \/>\n<meta property=\"article:modified_time\" content=\"2025-10-08T11:08:29+00:00\" \/>\n<meta property=\"og:image\" content=\"https:\/\/agenciainfra.com\/blog\/wp-content\/uploads\/2021\/09\/geracao-distribuida-foto-dominio-publico-e1748341512698.jpg\" \/>\n\t<meta property=\"og:image:width\" content=\"1280\" \/>\n\t<meta property=\"og:image:height\" content=\"760\" \/>\n\t<meta property=\"og:image:type\" content=\"image\/jpeg\" \/>\n<meta name=\"author\" content=\"Ag\u00eancia iNFRA\" \/>\n<meta name=\"twitter:card\" content=\"summary_large_image\" \/>\n<meta name=\"twitter:creator\" content=\"@agencia_infra\" \/>\n<meta name=\"twitter:site\" content=\"@agencia_infra\" \/>\n<meta name=\"twitter:label1\" content=\"Escrito por\" \/>\n\t<meta name=\"twitter:data1\" content=\"Ag\u00eancia iNFRA\" \/>\n\t<meta name=\"twitter:label2\" content=\"Est. tempo de leitura\" \/>\n\t<meta name=\"twitter:data2\" content=\"5 minutos\" \/>\n<script type=\"application\/ld+json\" class=\"yoast-schema-graph\">{\"@context\":\"https:\/\/schema.org\",\"@graph\":[{\"@type\":\"Article\",\"@id\":\"https:\/\/agenciainfra.com\/blog\/setembro-bate-recorde-em-cortes-obrigatorios-de-geracao-diz-volt\/#article\",\"isPartOf\":{\"@id\":\"https:\/\/agenciainfra.com\/blog\/setembro-bate-recorde-em-cortes-obrigatorios-de-geracao-diz-volt\/\"},\"author\":{\"name\":\"Ag\u00eancia iNFRA\",\"@id\":\"https:\/\/agenciainfra.com\/blog\/#\/schema\/person\/34af08dff6adea4cb22b06612ba7acfa\"},\"headline\":\"Setembro bate recorde em cortes obrigat\u00f3rios de gera\u00e7\u00e3o, diz Volt\",\"datePublished\":\"2025-10-07T12:30:00+00:00\",\"dateModified\":\"2025-10-08T11:08:29+00:00\",\"mainEntityOfPage\":{\"@id\":\"https:\/\/agenciainfra.com\/blog\/setembro-bate-recorde-em-cortes-obrigatorios-de-geracao-diz-volt\/\"},\"wordCount\":1087,\"publisher\":{\"@id\":\"https:\/\/agenciainfra.com\/blog\/#organization\"},\"image\":{\"@id\":\"https:\/\/agenciainfra.com\/blog\/setembro-bate-recorde-em-cortes-obrigatorios-de-geracao-diz-volt\/#primaryimage\"},\"thumbnailUrl\":\"https:\/\/agenciainfra.com\/blog\/wp-content\/uploads\/2021\/09\/geracao-distribuida-foto-dominio-publico-e1748341512698.jpg\",\"keywords\":[\"corte de gera\u00e7\u00e3o\",\"curtailment\",\"energia\",\"energia el\u00e9trica\",\"gera\u00e7\u00e3o de energia\",\"Geraldo Campos Jr.\",\"Setor El\u00e9trico\",\"Volt Robotics\"],\"articleSection\":[\"Destaque lista\",\"Geral\",\"iNFRAEnergia\"],\"inLanguage\":\"pt-BR\",\"copyrightYear\":\"2025\",\"copyrightHolder\":{\"@id\":\"https:\/\/agenciainfra.com\/blog\/#organization\"}},{\"@type\":\"WebPage\",\"@id\":\"https:\/\/agenciainfra.com\/blog\/setembro-bate-recorde-em-cortes-obrigatorios-de-geracao-diz-volt\/\",\"url\":\"https:\/\/agenciainfra.com\/blog\/setembro-bate-recorde-em-cortes-obrigatorios-de-geracao-diz-volt\/\",\"name\":\"Setembro bate recorde em cortes obrigat\u00f3rios de gera\u00e7\u00e3o, diz Volt - Ag\u00eancia iNFRA\",\"isPartOf\":{\"@id\":\"https:\/\/agenciainfra.com\/blog\/#website\"},\"primaryImageOfPage\":{\"@id\":\"https:\/\/agenciainfra.com\/blog\/setembro-bate-recorde-em-cortes-obrigatorios-de-geracao-diz-volt\/#primaryimage\"},\"image\":{\"@id\":\"https:\/\/agenciainfra.com\/blog\/setembro-bate-recorde-em-cortes-obrigatorios-de-geracao-diz-volt\/#primaryimage\"},\"thumbnailUrl\":\"https:\/\/agenciainfra.com\/blog\/wp-content\/uploads\/2021\/09\/geracao-distribuida-foto-dominio-publico-e1748341512698.jpg\",\"datePublished\":\"2025-10-07T12:30:00+00:00\",\"dateModified\":\"2025-10-08T11:08:29+00:00\",\"breadcrumb\":{\"@id\":\"https:\/\/agenciainfra.com\/blog\/setembro-bate-recorde-em-cortes-obrigatorios-de-geracao-diz-volt\/#breadcrumb\"},\"inLanguage\":\"pt-BR\",\"potentialAction\":[{\"@type\":\"ReadAction\",\"target\":[\"https:\/\/agenciainfra.com\/blog\/setembro-bate-recorde-em-cortes-obrigatorios-de-geracao-diz-volt\/\"]}]},{\"@type\":\"ImageObject\",\"inLanguage\":\"pt-BR\",\"@id\":\"https:\/\/agenciainfra.com\/blog\/setembro-bate-recorde-em-cortes-obrigatorios-de-geracao-diz-volt\/#primaryimage\",\"url\":\"https:\/\/agenciainfra.com\/blog\/wp-content\/uploads\/2021\/09\/geracao-distribuida-foto-dominio-publico-e1748341512698.jpg\",\"contentUrl\":\"https:\/\/agenciainfra.com\/blog\/wp-content\/uploads\/2021\/09\/geracao-distribuida-foto-dominio-publico-e1748341512698.jpg\",\"width\":1280,\"height\":760,\"caption\":\"Foto: Dom\u00ednio P\u00fablico\"},{\"@type\":\"BreadcrumbList\",\"@id\":\"https:\/\/agenciainfra.com\/blog\/setembro-bate-recorde-em-cortes-obrigatorios-de-geracao-diz-volt\/#breadcrumb\",\"itemListElement\":[{\"@type\":\"ListItem\",\"position\":1,\"name\":\"In\u00edcio\",\"item\":\"https:\/\/agenciainfra.com\/blog\/\"},{\"@type\":\"ListItem\",\"position\":2,\"name\":\"Setembro bate recorde em cortes obrigat\u00f3rios de gera\u00e7\u00e3o, diz Volt\"}]},{\"@type\":\"WebSite\",\"@id\":\"https:\/\/agenciainfra.com\/blog\/#website\",\"url\":\"https:\/\/agenciainfra.com\/blog\/\",\"name\":\"Ag\u00eancia iNFRA\",\"description\":\"Multiplataforma de informa\u00e7\u00e3o jornal\u00edstica refer\u00eancia na \u00e1rea de infraestrutura no Brasil!\",\"publisher\":{\"@id\":\"https:\/\/agenciainfra.com\/blog\/#organization\"},\"potentialAction\":[{\"@type\":\"SearchAction\",\"target\":{\"@type\":\"EntryPoint\",\"urlTemplate\":\"https:\/\/agenciainfra.com\/blog\/?s={search_term_string}\"},\"query-input\":{\"@type\":\"PropertyValueSpecification\",\"valueRequired\":true,\"valueName\":\"search_term_string\"}}],\"inLanguage\":\"pt-BR\"},{\"@type\":\"Organization\",\"@id\":\"https:\/\/agenciainfra.com\/blog\/#organization\",\"name\":\"Ag\u00eancia iNFRA\",\"url\":\"https:\/\/agenciainfra.com\/blog\/\",\"logo\":{\"@type\":\"ImageObject\",\"inLanguage\":\"pt-BR\",\"@id\":\"https:\/\/agenciainfra.com\/blog\/#\/schema\/logo\/image\/\",\"url\":\"https:\/\/agenciainfra.com\/blog\/wp-content\/uploads\/2023\/09\/iNFRA_5-e1761735885940.png\",\"contentUrl\":\"https:\/\/agenciainfra.com\/blog\/wp-content\/uploads\/2023\/09\/iNFRA_5-e1761735885940.png\",\"width\":1672,\"height\":454,\"caption\":\"Ag\u00eancia iNFRA\"},\"image\":{\"@id\":\"https:\/\/agenciainfra.com\/blog\/#\/schema\/logo\/image\/\"},\"sameAs\":[\"https:\/\/www.facebook.com\/ageninfra\",\"https:\/\/x.com\/agencia_infra\",\"https:\/\/www.linkedin.com\/company\/ag\u00eanciainfra\/\",\"https:\/\/www.instagram.com\/agenciainfra\/\"]},{\"@type\":\"Person\",\"@id\":\"https:\/\/agenciainfra.com\/blog\/#\/schema\/person\/34af08dff6adea4cb22b06612ba7acfa\",\"name\":\"Ag\u00eancia iNFRA\",\"image\":{\"@type\":\"ImageObject\",\"inLanguage\":\"pt-BR\",\"@id\":\"https:\/\/agenciainfra.com\/blog\/#\/schema\/person\/image\/\",\"url\":\"https:\/\/secure.gravatar.com\/avatar\/d189e01678f06d8eb84d4e01f08eb848b3fffe3f8443818d3c356c66892f5be8?s=96&d=mm&r=g\",\"contentUrl\":\"https:\/\/secure.gravatar.com\/avatar\/d189e01678f06d8eb84d4e01f08eb848b3fffe3f8443818d3c356c66892f5be8?s=96&d=mm&r=g\",\"caption\":\"Ag\u00eancia iNFRA\"},\"url\":\"https:\/\/agenciainfra.com\/blog\/author\/admin\/\"}]}<\/script>\n<!-- \/ Yoast SEO Premium plugin. -->","yoast_head_json":{"title":"Setembro bate recorde em cortes obrigat\u00f3rios de gera\u00e7\u00e3o, diz Volt - Ag\u00eancia iNFRA","robots":{"index":"index","follow":"follow","max-snippet":"max-snippet:-1","max-image-preview":"max-image-preview:large","max-video-preview":"max-video-preview:-1"},"canonical":"https:\/\/agenciainfra.com\/blog\/setembro-bate-recorde-em-cortes-obrigatorios-de-geracao-diz-volt\/","og_locale":"pt_BR","og_type":"article","og_title":"Setembro bate recorde em cortes obrigat\u00f3rios de gera\u00e7\u00e3o, diz Volt","og_description":"Geraldo Campos Jr., da Ag\u00eancia iNFRA Os cortes obrigat\u00f3rios de gera\u00e7\u00e3o, conhecidos como curtailment, bateram um novo recorde&nbsp;no Brasil em setembro de 2025. Foram cortados 4,8 milh\u00f5es de MWh (megawatts-hora) no m\u00eas, segundo estudo da Volt Robotics obtido pela&nbsp;Ag\u00eancia iNFRA. No dia recordista, que foi 28 de setembro, um domingo, quase metade da gera\u00e7\u00e3o e\u00f3lica [&hellip;]","og_url":"https:\/\/agenciainfra.com\/blog\/setembro-bate-recorde-em-cortes-obrigatorios-de-geracao-diz-volt\/","og_site_name":"Ag\u00eancia iNFRA","article_publisher":"https:\/\/www.facebook.com\/ageninfra","article_published_time":"2025-10-07T12:30:00+00:00","article_modified_time":"2025-10-08T11:08:29+00:00","og_image":[{"width":1280,"height":760,"url":"https:\/\/agenciainfra.com\/blog\/wp-content\/uploads\/2021\/09\/geracao-distribuida-foto-dominio-publico-e1748341512698.jpg","type":"image\/jpeg"}],"author":"Ag\u00eancia iNFRA","twitter_card":"summary_large_image","twitter_creator":"@agencia_infra","twitter_site":"@agencia_infra","twitter_misc":{"Escrito por":"Ag\u00eancia iNFRA","Est. tempo de leitura":"5 minutos"},"schema":{"@context":"https:\/\/schema.org","@graph":[{"@type":"Article","@id":"https:\/\/agenciainfra.com\/blog\/setembro-bate-recorde-em-cortes-obrigatorios-de-geracao-diz-volt\/#article","isPartOf":{"@id":"https:\/\/agenciainfra.com\/blog\/setembro-bate-recorde-em-cortes-obrigatorios-de-geracao-diz-volt\/"},"author":{"name":"Ag\u00eancia iNFRA","@id":"https:\/\/agenciainfra.com\/blog\/#\/schema\/person\/34af08dff6adea4cb22b06612ba7acfa"},"headline":"Setembro bate recorde em cortes obrigat\u00f3rios de gera\u00e7\u00e3o, diz Volt","datePublished":"2025-10-07T12:30:00+00:00","dateModified":"2025-10-08T11:08:29+00:00","mainEntityOfPage":{"@id":"https:\/\/agenciainfra.com\/blog\/setembro-bate-recorde-em-cortes-obrigatorios-de-geracao-diz-volt\/"},"wordCount":1087,"publisher":{"@id":"https:\/\/agenciainfra.com\/blog\/#organization"},"image":{"@id":"https:\/\/agenciainfra.com\/blog\/setembro-bate-recorde-em-cortes-obrigatorios-de-geracao-diz-volt\/#primaryimage"},"thumbnailUrl":"https:\/\/agenciainfra.com\/blog\/wp-content\/uploads\/2021\/09\/geracao-distribuida-foto-dominio-publico-e1748341512698.jpg","keywords":["corte de gera\u00e7\u00e3o","curtailment","energia","energia el\u00e9trica","gera\u00e7\u00e3o de energia","Geraldo Campos Jr.","Setor El\u00e9trico","Volt Robotics"],"articleSection":["Destaque lista","Geral","iNFRAEnergia"],"inLanguage":"pt-BR","copyrightYear":"2025","copyrightHolder":{"@id":"https:\/\/agenciainfra.com\/blog\/#organization"}},{"@type":"WebPage","@id":"https:\/\/agenciainfra.com\/blog\/setembro-bate-recorde-em-cortes-obrigatorios-de-geracao-diz-volt\/","url":"https:\/\/agenciainfra.com\/blog\/setembro-bate-recorde-em-cortes-obrigatorios-de-geracao-diz-volt\/","name":"Setembro bate recorde em cortes obrigat\u00f3rios de gera\u00e7\u00e3o, diz Volt - Ag\u00eancia iNFRA","isPartOf":{"@id":"https:\/\/agenciainfra.com\/blog\/#website"},"primaryImageOfPage":{"@id":"https:\/\/agenciainfra.com\/blog\/setembro-bate-recorde-em-cortes-obrigatorios-de-geracao-diz-volt\/#primaryimage"},"image":{"@id":"https:\/\/agenciainfra.com\/blog\/setembro-bate-recorde-em-cortes-obrigatorios-de-geracao-diz-volt\/#primaryimage"},"thumbnailUrl":"https:\/\/agenciainfra.com\/blog\/wp-content\/uploads\/2021\/09\/geracao-distribuida-foto-dominio-publico-e1748341512698.jpg","datePublished":"2025-10-07T12:30:00+00:00","dateModified":"2025-10-08T11:08:29+00:00","breadcrumb":{"@id":"https:\/\/agenciainfra.com\/blog\/setembro-bate-recorde-em-cortes-obrigatorios-de-geracao-diz-volt\/#breadcrumb"},"inLanguage":"pt-BR","potentialAction":[{"@type":"ReadAction","target":["https:\/\/agenciainfra.com\/blog\/setembro-bate-recorde-em-cortes-obrigatorios-de-geracao-diz-volt\/"]}]},{"@type":"ImageObject","inLanguage":"pt-BR","@id":"https:\/\/agenciainfra.com\/blog\/setembro-bate-recorde-em-cortes-obrigatorios-de-geracao-diz-volt\/#primaryimage","url":"https:\/\/agenciainfra.com\/blog\/wp-content\/uploads\/2021\/09\/geracao-distribuida-foto-dominio-publico-e1748341512698.jpg","contentUrl":"https:\/\/agenciainfra.com\/blog\/wp-content\/uploads\/2021\/09\/geracao-distribuida-foto-dominio-publico-e1748341512698.jpg","width":1280,"height":760,"caption":"Foto: Dom\u00ednio P\u00fablico"},{"@type":"BreadcrumbList","@id":"https:\/\/agenciainfra.com\/blog\/setembro-bate-recorde-em-cortes-obrigatorios-de-geracao-diz-volt\/#breadcrumb","itemListElement":[{"@type":"ListItem","position":1,"name":"In\u00edcio","item":"https:\/\/agenciainfra.com\/blog\/"},{"@type":"ListItem","position":2,"name":"Setembro bate recorde em cortes obrigat\u00f3rios de gera\u00e7\u00e3o, diz Volt"}]},{"@type":"WebSite","@id":"https:\/\/agenciainfra.com\/blog\/#website","url":"https:\/\/agenciainfra.com\/blog\/","name":"Ag\u00eancia iNFRA","description":"Multiplataforma de informa\u00e7\u00e3o jornal\u00edstica refer\u00eancia na \u00e1rea de infraestrutura no Brasil!","publisher":{"@id":"https:\/\/agenciainfra.com\/blog\/#organization"},"potentialAction":[{"@type":"SearchAction","target":{"@type":"EntryPoint","urlTemplate":"https:\/\/agenciainfra.com\/blog\/?s={search_term_string}"},"query-input":{"@type":"PropertyValueSpecification","valueRequired":true,"valueName":"search_term_string"}}],"inLanguage":"pt-BR"},{"@type":"Organization","@id":"https:\/\/agenciainfra.com\/blog\/#organization","name":"Ag\u00eancia iNFRA","url":"https:\/\/agenciainfra.com\/blog\/","logo":{"@type":"ImageObject","inLanguage":"pt-BR","@id":"https:\/\/agenciainfra.com\/blog\/#\/schema\/logo\/image\/","url":"https:\/\/agenciainfra.com\/blog\/wp-content\/uploads\/2023\/09\/iNFRA_5-e1761735885940.png","contentUrl":"https:\/\/agenciainfra.com\/blog\/wp-content\/uploads\/2023\/09\/iNFRA_5-e1761735885940.png","width":1672,"height":454,"caption":"Ag\u00eancia iNFRA"},"image":{"@id":"https:\/\/agenciainfra.com\/blog\/#\/schema\/logo\/image\/"},"sameAs":["https:\/\/www.facebook.com\/ageninfra","https:\/\/x.com\/agencia_infra","https:\/\/www.linkedin.com\/company\/ag\u00eanciainfra\/","https:\/\/www.instagram.com\/agenciainfra\/"]},{"@type":"Person","@id":"https:\/\/agenciainfra.com\/blog\/#\/schema\/person\/34af08dff6adea4cb22b06612ba7acfa","name":"Ag\u00eancia iNFRA","image":{"@type":"ImageObject","inLanguage":"pt-BR","@id":"https:\/\/agenciainfra.com\/blog\/#\/schema\/person\/image\/","url":"https:\/\/secure.gravatar.com\/avatar\/d189e01678f06d8eb84d4e01f08eb848b3fffe3f8443818d3c356c66892f5be8?s=96&d=mm&r=g","contentUrl":"https:\/\/secure.gravatar.com\/avatar\/d189e01678f06d8eb84d4e01f08eb848b3fffe3f8443818d3c356c66892f5be8?s=96&d=mm&r=g","caption":"Ag\u00eancia iNFRA"},"url":"https:\/\/agenciainfra.com\/blog\/author\/admin\/"}]}},"_links":{"self":[{"href":"https:\/\/agenciainfra.com\/blog\/wp-json\/wp\/v2\/posts\/29402","targetHints":{"allow":["GET"]}}],"collection":[{"href":"https:\/\/agenciainfra.com\/blog\/wp-json\/wp\/v2\/posts"}],"about":[{"href":"https:\/\/agenciainfra.com\/blog\/wp-json\/wp\/v2\/types\/post"}],"author":[{"embeddable":true,"href":"https:\/\/agenciainfra.com\/blog\/wp-json\/wp\/v2\/users\/1"}],"replies":[{"embeddable":true,"href":"https:\/\/agenciainfra.com\/blog\/wp-json\/wp\/v2\/comments?post=29402"}],"version-history":[{"count":1,"href":"https:\/\/agenciainfra.com\/blog\/wp-json\/wp\/v2\/posts\/29402\/revisions"}],"predecessor-version":[{"id":29403,"href":"https:\/\/agenciainfra.com\/blog\/wp-json\/wp\/v2\/posts\/29402\/revisions\/29403"}],"wp:featuredmedia":[{"embeddable":true,"href":"https:\/\/agenciainfra.com\/blog\/wp-json\/wp\/v2\/media\/8226"}],"wp:attachment":[{"href":"https:\/\/agenciainfra.com\/blog\/wp-json\/wp\/v2\/media?parent=29402"}],"wp:term":[{"taxonomy":"category","embeddable":true,"href":"https:\/\/agenciainfra.com\/blog\/wp-json\/wp\/v2\/categories?post=29402"},{"taxonomy":"post_tag","embeddable":true,"href":"https:\/\/agenciainfra.com\/blog\/wp-json\/wp\/v2\/tags?post=29402"}],"curies":[{"name":"wp","href":"https:\/\/api.w.org\/{rel}","templated":true}]}}