{"id":29404,"date":"2025-10-07T11:00:00","date_gmt":"2025-10-07T14:00:00","guid":{"rendered":"https:\/\/agenciainfra.com\/blog\/?p=29404"},"modified":"2025-10-08T09:38:13","modified_gmt":"2025-10-08T12:38:13","slug":"tecon-10-regra-de-desinvestimento-cria-condicao-suspensiva-diz-ictsi","status":"publish","type":"post","link":"https:\/\/agenciainfra.com\/blog\/tecon-10-regra-de-desinvestimento-cria-condicao-suspensiva-diz-ictsi\/","title":{"rendered":"Tecon 10: Regra de desinvestimento cria &#8216;condi\u00e7\u00e3o suspensiva&#8217;, diz ICTSI"},"content":{"rendered":"\n<p class=\"has-text-align-right\"><strong>Amanda Pupo, da Ag\u00eancia iNFRA<\/strong><\/p>\n\n\n\n<p>Ap\u00f3s a conclus\u00e3o da an\u00e1lise da \u00e1rea t\u00e9cnica do TCU (Tribunal de Contas da Uni\u00e3o) sobre o leil\u00e3o do Tecon Santos 10, a ICTSI (International Container Terminal Services) protocolou na corte um novo parecer para defender a modelagem desenhada pela ANTAQ (Ag\u00eancia Nacional de Transportes Aquavi\u00e1rios), e que foi alvo de cr\u00edticas da AudPortoFerrovia (Unidade de Auditoria Especializada em Infraestrutura Portu\u00e1ria e Ferrovi\u00e1ria) do tribunal.<br><br>Interessada no ativo e sem opera\u00e7\u00f5es no Porto de Santos atualmente, a companhia filipina argumenta que a exig\u00eancia de an\u00e1lise pelo Cade (Conselho Administrativo de Defesa Econ\u00f4mica) do desinvestimento que precisaria ser feito se uma das empresas que est\u00e3o no porto levarem o Tecon cria \u201cinaceit\u00e1vel condi\u00e7\u00e3o suspensiva\u201d ao leil\u00e3o, com desfecho \u201cincerto e temporalmente alongado\u201d.&nbsp;<br><br>Pelo projeto aprovado pela ANTAQ e sob avalia\u00e7\u00e3o do TCU, as empresas que j\u00e1 est\u00e3o no porto ficariam proibidas de participar numa primeira fase da licita\u00e7\u00e3o, e s\u00f3 entrariam numa segunda etapa se n\u00e3o houver propostas antes.<br><br>Em&nbsp;<a href=\"https:\/\/agenciainfra.com\/blog\/tecon-10-area-tecnica-do-tcu-mantem-parecer-contrario-a-restricao\/\" target=\"_blank\" rel=\"noreferrer noopener\">conclus\u00e3o<\/a>&nbsp;que pode ou n\u00e3o ser seguida pelo plen\u00e1rio do tribunal, a AudPortoFerrovia recomendou que o certame aconte\u00e7a numa \u00fanica etapa, sem restri\u00e7\u00f5es. Para isso, a \u00e1rea sugere que o edital inclua dispositivos que especifiquem rem\u00e9dios definidos junto ao Cade ou, alternativamente, a obrigatoriedade de desinvestimento caso algum operador que j\u00e1 tem terminal no porto leve o Tecon 10.&nbsp;<br><br>No parecer endere\u00e7ado ao MPTCU (Minist\u00e9rio P\u00fablico junto ao TCU), que ir\u00e1 analisar o projeto agora, a ICTSI afirma a opera\u00e7\u00e3o de desinvestimento precisaria ser submetida ao controle de estruturas do Cade sob o rito ordin\u00e1rio, um procedimento \u201caltamente complexo, sujeito \u00e0 interven\u00e7\u00e3o de toda sorte de terceiros interessados\u201d.&nbsp;<br><br>\u201cA certamente estender o tempo de an\u00e1lise do CADE ao m\u00e1ximo legal de 330 dias a partir da notifica\u00e7\u00e3o completa da opera\u00e7\u00e3o e, como resultado da an\u00e1lise da autoridade concorrencial, pode tanto ser reprovado \u2013 o que ensejaria o rein\u00edcio da busca por interessados e do processo de desinvestimento como um todo, causando atrasos ainda maiores \u2013 como pode ser aprovado com condi\u00e7\u00f5es, com a imposi\u00e7\u00e3o de rem\u00e9dios concorrenciais, que al\u00e9m do risco de n\u00e3o serem devidamente observados pelas partes, podem at\u00e9 mesmo lev\u00e1-las a desistirem da opera\u00e7\u00e3o\u201d, afirmou a empresa. Veja&nbsp;<a href=\"https:\/\/agenciainfra.com\/blog\/wp-content\/uploads\/2025\/10\/2025.10.045_ICTSI_-Manifestacao-MPTCU.pdf\" target=\"_blank\" rel=\"noreferrer noopener\">aqui<\/a>&nbsp;a \u00edntegra do documento.&nbsp;<br><br>No documento, a companhia filipina, que no Brasil opera terminais em Suape (PE) e no Rio de Janeiro, ainda alega que a concentra\u00e7\u00e3o de mercado em Santos \u00e9 \u201calarmante\u201d e que o modelo de leil\u00e3o do Tecon Santos 10 em duas fases, como prop\u00f4s o governo, \u00e9 uma estrat\u00e9gia adotada com \u201cfrequ\u00eancia\u201d diante da necessidade de fomentar a concorr\u00eancia no setor.<br><br><strong>Como \u00e9<\/strong><br>O projeto da ANTAQ tamb\u00e9m prev\u00ea a regra do desinvestimento em sua modelagem, mas somente se o leil\u00e3o avan\u00e7ar para uma segunda etapa em que empresas que j\u00e1 est\u00e3o no porto possam disputar o Tecon 10. Nesse caso, o operador&nbsp;dever\u00e1 desinvestir do ativo atual&nbsp;em um prazo de 180 dias para que se proceda \u00e0 celebra\u00e7\u00e3o do contrato do novo terminal.<br><br>Ao sugerir que o certame seja apenas em uma \u00fanica etapa, a AudPortoFerrovia tamb\u00e9m&nbsp;avaliou que esse prazo seria muito ex\u00edguo e recomendou que a regra venha acompanhada de um per\u00edodo \u201crazo\u00e1vel\u201d para a conclus\u00e3o da venda.<\/p>\n\n\n\n<p><\/p>\n","protected":false},"excerpt":{"rendered":"<p>Amanda Pupo, da Ag\u00eancia iNFRA Ap\u00f3s a conclus\u00e3o da an\u00e1lise da \u00e1rea t\u00e9cnica do TCU (Tribunal de Contas da Uni\u00e3o) sobre o leil\u00e3o do Tecon Santos 10, a ICTSI (International Container Terminal Services) protocolou na corte um novo parecer para defender a modelagem desenhada pela ANTAQ (Ag\u00eancia Nacional de Transportes Aquavi\u00e1rios), e que foi alvo [&hellip;]<\/p>\n","protected":false},"author":1,"featured_media":2173,"comment_status":"closed","ping_status":"closed","sticky":false,"template":"","format":"standard","meta":{"_monsterinsights_skip_tracking":false,"_monsterinsights_sitenote_active":false,"_monsterinsights_sitenote_note":"","_monsterinsights_sitenote_category":0,"footnotes":""},"categories":[7250,1,7],"tags":[86,4754,6257,6919,91,260,310,4101,12352,12474],"class_list":["post-29404","post","type-post","status-publish","format-standard","has-post-thumbnail","hentry","category-destaque-lista","category-geral","category-infratransporte","tag-antaq","tag-leilao-portuario","tag-ministerio-de-portos-e-aeroportos","tag-mpor","tag-porto","tag-porto-de-santos","tag-portos","tag-sts10","tag-tecon-10","tag-tecon-santos-10"],"yoast_head":"<!-- This site is optimized with the Yoast SEO Premium plugin v25.4 (Yoast SEO v26.0) - https:\/\/yoast.com\/wordpress\/plugins\/seo\/ -->\n<title>Tecon 10: Regra de desinvestimento cria &#039;condi\u00e7\u00e3o suspensiva&#039;, diz ICTSI - Ag\u00eancia iNFRA<\/title>\n<meta name=\"robots\" content=\"index, follow, max-snippet:-1, max-image-preview:large, max-video-preview:-1\" \/>\n<link rel=\"canonical\" href=\"https:\/\/agenciainfra.com\/blog\/tecon-10-regra-de-desinvestimento-cria-condicao-suspensiva-diz-ictsi\/\" \/>\n<meta property=\"og:locale\" content=\"pt_BR\" \/>\n<meta property=\"og:type\" content=\"article\" \/>\n<meta property=\"og:title\" content=\"Tecon 10: Regra de desinvestimento cria &#039;condi\u00e7\u00e3o suspensiva&#039;, diz ICTSI\" \/>\n<meta property=\"og:description\" content=\"Amanda Pupo, da Ag\u00eancia iNFRA Ap\u00f3s a conclus\u00e3o da an\u00e1lise da \u00e1rea t\u00e9cnica do TCU (Tribunal de Contas da Uni\u00e3o) sobre o leil\u00e3o do Tecon Santos 10, a ICTSI (International Container Terminal Services) protocolou na corte um novo parecer para defender a modelagem desenhada pela ANTAQ (Ag\u00eancia Nacional de Transportes Aquavi\u00e1rios), e que foi alvo [&hellip;]\" \/>\n<meta property=\"og:url\" content=\"https:\/\/agenciainfra.com\/blog\/tecon-10-regra-de-desinvestimento-cria-condicao-suspensiva-diz-ictsi\/\" \/>\n<meta property=\"og:site_name\" content=\"Ag\u00eancia iNFRA\" \/>\n<meta property=\"article:publisher\" content=\"https:\/\/www.facebook.com\/ageninfra\" \/>\n<meta property=\"article:published_time\" content=\"2025-10-07T14:00:00+00:00\" \/>\n<meta property=\"article:modified_time\" content=\"2025-10-08T12:38:13+00:00\" \/>\n<meta property=\"og:image\" content=\"https:\/\/agenciainfra.com\/blog\/wp-content\/uploads\/2018\/07\/porto_de_santos_divulgcao-e1748516106368.jpg\" \/>\n\t<meta property=\"og:image:width\" content=\"1280\" \/>\n\t<meta property=\"og:image:height\" content=\"760\" \/>\n\t<meta property=\"og:image:type\" content=\"image\/jpeg\" \/>\n<meta name=\"author\" content=\"Ag\u00eancia iNFRA\" \/>\n<meta name=\"twitter:card\" content=\"summary_large_image\" \/>\n<meta name=\"twitter:creator\" content=\"@agencia_infra\" \/>\n<meta name=\"twitter:site\" content=\"@agencia_infra\" \/>\n<meta name=\"twitter:label1\" content=\"Escrito por\" \/>\n\t<meta name=\"twitter:data1\" content=\"Ag\u00eancia iNFRA\" \/>\n\t<meta name=\"twitter:label2\" content=\"Est. tempo de leitura\" \/>\n\t<meta name=\"twitter:data2\" content=\"3 minutos\" \/>\n<script type=\"application\/ld+json\" class=\"yoast-schema-graph\">{\"@context\":\"https:\/\/schema.org\",\"@graph\":[{\"@type\":\"Article\",\"@id\":\"https:\/\/agenciainfra.com\/blog\/tecon-10-regra-de-desinvestimento-cria-condicao-suspensiva-diz-ictsi\/#article\",\"isPartOf\":{\"@id\":\"https:\/\/agenciainfra.com\/blog\/tecon-10-regra-de-desinvestimento-cria-condicao-suspensiva-diz-ictsi\/\"},\"author\":{\"name\":\"Ag\u00eancia iNFRA\",\"@id\":\"https:\/\/agenciainfra.com\/blog\/#\/schema\/person\/34af08dff6adea4cb22b06612ba7acfa\"},\"headline\":\"Tecon 10: Regra de desinvestimento cria &#8216;condi\u00e7\u00e3o suspensiva&#8217;, diz ICTSI\",\"datePublished\":\"2025-10-07T14:00:00+00:00\",\"dateModified\":\"2025-10-08T12:38:13+00:00\",\"mainEntityOfPage\":{\"@id\":\"https:\/\/agenciainfra.com\/blog\/tecon-10-regra-de-desinvestimento-cria-condicao-suspensiva-diz-ictsi\/\"},\"wordCount\":604,\"publisher\":{\"@id\":\"https:\/\/agenciainfra.com\/blog\/#organization\"},\"image\":{\"@id\":\"https:\/\/agenciainfra.com\/blog\/tecon-10-regra-de-desinvestimento-cria-condicao-suspensiva-diz-ictsi\/#primaryimage\"},\"thumbnailUrl\":\"https:\/\/agenciainfra.com\/blog\/wp-content\/uploads\/2018\/07\/porto_de_santos_divulgcao-e1748516106368.jpg\",\"keywords\":[\"ANTAQ\",\"leil\u00e3o portu\u00e1rio\",\"Minist\u00e9rio de Portos e Aeroportos\",\"MPor\",\"PORTO\",\"Porto de Santos\",\"portos\",\"STS10\",\"Tecon 10\",\"Tecon Santos 10\"],\"articleSection\":[\"Destaque lista\",\"Geral\",\"iNFRATransporte\"],\"inLanguage\":\"pt-BR\",\"copyrightYear\":\"2025\",\"copyrightHolder\":{\"@id\":\"https:\/\/agenciainfra.com\/blog\/#organization\"}},{\"@type\":\"WebPage\",\"@id\":\"https:\/\/agenciainfra.com\/blog\/tecon-10-regra-de-desinvestimento-cria-condicao-suspensiva-diz-ictsi\/\",\"url\":\"https:\/\/agenciainfra.com\/blog\/tecon-10-regra-de-desinvestimento-cria-condicao-suspensiva-diz-ictsi\/\",\"name\":\"Tecon 10: Regra de desinvestimento cria 'condi\u00e7\u00e3o suspensiva', diz ICTSI - Ag\u00eancia iNFRA\",\"isPartOf\":{\"@id\":\"https:\/\/agenciainfra.com\/blog\/#website\"},\"primaryImageOfPage\":{\"@id\":\"https:\/\/agenciainfra.com\/blog\/tecon-10-regra-de-desinvestimento-cria-condicao-suspensiva-diz-ictsi\/#primaryimage\"},\"image\":{\"@id\":\"https:\/\/agenciainfra.com\/blog\/tecon-10-regra-de-desinvestimento-cria-condicao-suspensiva-diz-ictsi\/#primaryimage\"},\"thumbnailUrl\":\"https:\/\/agenciainfra.com\/blog\/wp-content\/uploads\/2018\/07\/porto_de_santos_divulgcao-e1748516106368.jpg\",\"datePublished\":\"2025-10-07T14:00:00+00:00\",\"dateModified\":\"2025-10-08T12:38:13+00:00\",\"breadcrumb\":{\"@id\":\"https:\/\/agenciainfra.com\/blog\/tecon-10-regra-de-desinvestimento-cria-condicao-suspensiva-diz-ictsi\/#breadcrumb\"},\"inLanguage\":\"pt-BR\",\"potentialAction\":[{\"@type\":\"ReadAction\",\"target\":[\"https:\/\/agenciainfra.com\/blog\/tecon-10-regra-de-desinvestimento-cria-condicao-suspensiva-diz-ictsi\/\"]}]},{\"@type\":\"ImageObject\",\"inLanguage\":\"pt-BR\",\"@id\":\"https:\/\/agenciainfra.com\/blog\/tecon-10-regra-de-desinvestimento-cria-condicao-suspensiva-diz-ictsi\/#primaryimage\",\"url\":\"https:\/\/agenciainfra.com\/blog\/wp-content\/uploads\/2018\/07\/porto_de_santos_divulgcao-e1748516106368.jpg\",\"contentUrl\":\"https:\/\/agenciainfra.com\/blog\/wp-content\/uploads\/2018\/07\/porto_de_santos_divulgcao-e1748516106368.jpg\",\"width\":1280,\"height\":760,\"caption\":\"Divulga\u00e7\u00e3o APS\"},{\"@type\":\"BreadcrumbList\",\"@id\":\"https:\/\/agenciainfra.com\/blog\/tecon-10-regra-de-desinvestimento-cria-condicao-suspensiva-diz-ictsi\/#breadcrumb\",\"itemListElement\":[{\"@type\":\"ListItem\",\"position\":1,\"name\":\"In\u00edcio\",\"item\":\"https:\/\/agenciainfra.com\/blog\/\"},{\"@type\":\"ListItem\",\"position\":2,\"name\":\"Tecon 10: Regra de desinvestimento cria &#8216;condi\u00e7\u00e3o suspensiva&#8217;, diz ICTSI\"}]},{\"@type\":\"WebSite\",\"@id\":\"https:\/\/agenciainfra.com\/blog\/#website\",\"url\":\"https:\/\/agenciainfra.com\/blog\/\",\"name\":\"Ag\u00eancia iNFRA\",\"description\":\"Multiplataforma de informa\u00e7\u00e3o jornal\u00edstica refer\u00eancia na \u00e1rea de infraestrutura no Brasil!\",\"publisher\":{\"@id\":\"https:\/\/agenciainfra.com\/blog\/#organization\"},\"potentialAction\":[{\"@type\":\"SearchAction\",\"target\":{\"@type\":\"EntryPoint\",\"urlTemplate\":\"https:\/\/agenciainfra.com\/blog\/?s={search_term_string}\"},\"query-input\":{\"@type\":\"PropertyValueSpecification\",\"valueRequired\":true,\"valueName\":\"search_term_string\"}}],\"inLanguage\":\"pt-BR\"},{\"@type\":\"Organization\",\"@id\":\"https:\/\/agenciainfra.com\/blog\/#organization\",\"name\":\"Ag\u00eancia iNFRA\",\"url\":\"https:\/\/agenciainfra.com\/blog\/\",\"logo\":{\"@type\":\"ImageObject\",\"inLanguage\":\"pt-BR\",\"@id\":\"https:\/\/agenciainfra.com\/blog\/#\/schema\/logo\/image\/\",\"url\":\"https:\/\/agenciainfra.com\/blog\/wp-content\/uploads\/2023\/09\/iNFRA_5-e1761735885940.png\",\"contentUrl\":\"https:\/\/agenciainfra.com\/blog\/wp-content\/uploads\/2023\/09\/iNFRA_5-e1761735885940.png\",\"width\":1672,\"height\":454,\"caption\":\"Ag\u00eancia iNFRA\"},\"image\":{\"@id\":\"https:\/\/agenciainfra.com\/blog\/#\/schema\/logo\/image\/\"},\"sameAs\":[\"https:\/\/www.facebook.com\/ageninfra\",\"https:\/\/x.com\/agencia_infra\",\"https:\/\/www.linkedin.com\/company\/ag\u00eanciainfra\/\",\"https:\/\/www.instagram.com\/agenciainfra\/\"]},{\"@type\":\"Person\",\"@id\":\"https:\/\/agenciainfra.com\/blog\/#\/schema\/person\/34af08dff6adea4cb22b06612ba7acfa\",\"name\":\"Ag\u00eancia iNFRA\",\"image\":{\"@type\":\"ImageObject\",\"inLanguage\":\"pt-BR\",\"@id\":\"https:\/\/agenciainfra.com\/blog\/#\/schema\/person\/image\/\",\"url\":\"https:\/\/secure.gravatar.com\/avatar\/d189e01678f06d8eb84d4e01f08eb848b3fffe3f8443818d3c356c66892f5be8?s=96&d=mm&r=g\",\"contentUrl\":\"https:\/\/secure.gravatar.com\/avatar\/d189e01678f06d8eb84d4e01f08eb848b3fffe3f8443818d3c356c66892f5be8?s=96&d=mm&r=g\",\"caption\":\"Ag\u00eancia iNFRA\"},\"url\":\"https:\/\/agenciainfra.com\/blog\/author\/admin\/\"}]}<\/script>\n<!-- \/ Yoast SEO Premium plugin. -->","yoast_head_json":{"title":"Tecon 10: Regra de desinvestimento cria 'condi\u00e7\u00e3o suspensiva', diz ICTSI - Ag\u00eancia iNFRA","robots":{"index":"index","follow":"follow","max-snippet":"max-snippet:-1","max-image-preview":"max-image-preview:large","max-video-preview":"max-video-preview:-1"},"canonical":"https:\/\/agenciainfra.com\/blog\/tecon-10-regra-de-desinvestimento-cria-condicao-suspensiva-diz-ictsi\/","og_locale":"pt_BR","og_type":"article","og_title":"Tecon 10: Regra de desinvestimento cria 'condi\u00e7\u00e3o suspensiva', diz ICTSI","og_description":"Amanda Pupo, da Ag\u00eancia iNFRA Ap\u00f3s a conclus\u00e3o da an\u00e1lise da \u00e1rea t\u00e9cnica do TCU (Tribunal de Contas da Uni\u00e3o) sobre o leil\u00e3o do Tecon Santos 10, a ICTSI (International Container Terminal Services) protocolou na corte um novo parecer para defender a modelagem desenhada pela ANTAQ (Ag\u00eancia Nacional de Transportes Aquavi\u00e1rios), e que foi alvo [&hellip;]","og_url":"https:\/\/agenciainfra.com\/blog\/tecon-10-regra-de-desinvestimento-cria-condicao-suspensiva-diz-ictsi\/","og_site_name":"Ag\u00eancia iNFRA","article_publisher":"https:\/\/www.facebook.com\/ageninfra","article_published_time":"2025-10-07T14:00:00+00:00","article_modified_time":"2025-10-08T12:38:13+00:00","og_image":[{"width":1280,"height":760,"url":"https:\/\/agenciainfra.com\/blog\/wp-content\/uploads\/2018\/07\/porto_de_santos_divulgcao-e1748516106368.jpg","type":"image\/jpeg"}],"author":"Ag\u00eancia iNFRA","twitter_card":"summary_large_image","twitter_creator":"@agencia_infra","twitter_site":"@agencia_infra","twitter_misc":{"Escrito por":"Ag\u00eancia iNFRA","Est. tempo de leitura":"3 minutos"},"schema":{"@context":"https:\/\/schema.org","@graph":[{"@type":"Article","@id":"https:\/\/agenciainfra.com\/blog\/tecon-10-regra-de-desinvestimento-cria-condicao-suspensiva-diz-ictsi\/#article","isPartOf":{"@id":"https:\/\/agenciainfra.com\/blog\/tecon-10-regra-de-desinvestimento-cria-condicao-suspensiva-diz-ictsi\/"},"author":{"name":"Ag\u00eancia iNFRA","@id":"https:\/\/agenciainfra.com\/blog\/#\/schema\/person\/34af08dff6adea4cb22b06612ba7acfa"},"headline":"Tecon 10: Regra de desinvestimento cria &#8216;condi\u00e7\u00e3o suspensiva&#8217;, diz ICTSI","datePublished":"2025-10-07T14:00:00+00:00","dateModified":"2025-10-08T12:38:13+00:00","mainEntityOfPage":{"@id":"https:\/\/agenciainfra.com\/blog\/tecon-10-regra-de-desinvestimento-cria-condicao-suspensiva-diz-ictsi\/"},"wordCount":604,"publisher":{"@id":"https:\/\/agenciainfra.com\/blog\/#organization"},"image":{"@id":"https:\/\/agenciainfra.com\/blog\/tecon-10-regra-de-desinvestimento-cria-condicao-suspensiva-diz-ictsi\/#primaryimage"},"thumbnailUrl":"https:\/\/agenciainfra.com\/blog\/wp-content\/uploads\/2018\/07\/porto_de_santos_divulgcao-e1748516106368.jpg","keywords":["ANTAQ","leil\u00e3o portu\u00e1rio","Minist\u00e9rio de Portos e Aeroportos","MPor","PORTO","Porto de Santos","portos","STS10","Tecon 10","Tecon Santos 10"],"articleSection":["Destaque lista","Geral","iNFRATransporte"],"inLanguage":"pt-BR","copyrightYear":"2025","copyrightHolder":{"@id":"https:\/\/agenciainfra.com\/blog\/#organization"}},{"@type":"WebPage","@id":"https:\/\/agenciainfra.com\/blog\/tecon-10-regra-de-desinvestimento-cria-condicao-suspensiva-diz-ictsi\/","url":"https:\/\/agenciainfra.com\/blog\/tecon-10-regra-de-desinvestimento-cria-condicao-suspensiva-diz-ictsi\/","name":"Tecon 10: Regra de desinvestimento cria 'condi\u00e7\u00e3o suspensiva', diz ICTSI - Ag\u00eancia iNFRA","isPartOf":{"@id":"https:\/\/agenciainfra.com\/blog\/#website"},"primaryImageOfPage":{"@id":"https:\/\/agenciainfra.com\/blog\/tecon-10-regra-de-desinvestimento-cria-condicao-suspensiva-diz-ictsi\/#primaryimage"},"image":{"@id":"https:\/\/agenciainfra.com\/blog\/tecon-10-regra-de-desinvestimento-cria-condicao-suspensiva-diz-ictsi\/#primaryimage"},"thumbnailUrl":"https:\/\/agenciainfra.com\/blog\/wp-content\/uploads\/2018\/07\/porto_de_santos_divulgcao-e1748516106368.jpg","datePublished":"2025-10-07T14:00:00+00:00","dateModified":"2025-10-08T12:38:13+00:00","breadcrumb":{"@id":"https:\/\/agenciainfra.com\/blog\/tecon-10-regra-de-desinvestimento-cria-condicao-suspensiva-diz-ictsi\/#breadcrumb"},"inLanguage":"pt-BR","potentialAction":[{"@type":"ReadAction","target":["https:\/\/agenciainfra.com\/blog\/tecon-10-regra-de-desinvestimento-cria-condicao-suspensiva-diz-ictsi\/"]}]},{"@type":"ImageObject","inLanguage":"pt-BR","@id":"https:\/\/agenciainfra.com\/blog\/tecon-10-regra-de-desinvestimento-cria-condicao-suspensiva-diz-ictsi\/#primaryimage","url":"https:\/\/agenciainfra.com\/blog\/wp-content\/uploads\/2018\/07\/porto_de_santos_divulgcao-e1748516106368.jpg","contentUrl":"https:\/\/agenciainfra.com\/blog\/wp-content\/uploads\/2018\/07\/porto_de_santos_divulgcao-e1748516106368.jpg","width":1280,"height":760,"caption":"Divulga\u00e7\u00e3o APS"},{"@type":"BreadcrumbList","@id":"https:\/\/agenciainfra.com\/blog\/tecon-10-regra-de-desinvestimento-cria-condicao-suspensiva-diz-ictsi\/#breadcrumb","itemListElement":[{"@type":"ListItem","position":1,"name":"In\u00edcio","item":"https:\/\/agenciainfra.com\/blog\/"},{"@type":"ListItem","position":2,"name":"Tecon 10: Regra de desinvestimento cria &#8216;condi\u00e7\u00e3o suspensiva&#8217;, diz ICTSI"}]},{"@type":"WebSite","@id":"https:\/\/agenciainfra.com\/blog\/#website","url":"https:\/\/agenciainfra.com\/blog\/","name":"Ag\u00eancia iNFRA","description":"Multiplataforma de informa\u00e7\u00e3o jornal\u00edstica refer\u00eancia na \u00e1rea de infraestrutura no Brasil!","publisher":{"@id":"https:\/\/agenciainfra.com\/blog\/#organization"},"potentialAction":[{"@type":"SearchAction","target":{"@type":"EntryPoint","urlTemplate":"https:\/\/agenciainfra.com\/blog\/?s={search_term_string}"},"query-input":{"@type":"PropertyValueSpecification","valueRequired":true,"valueName":"search_term_string"}}],"inLanguage":"pt-BR"},{"@type":"Organization","@id":"https:\/\/agenciainfra.com\/blog\/#organization","name":"Ag\u00eancia iNFRA","url":"https:\/\/agenciainfra.com\/blog\/","logo":{"@type":"ImageObject","inLanguage":"pt-BR","@id":"https:\/\/agenciainfra.com\/blog\/#\/schema\/logo\/image\/","url":"https:\/\/agenciainfra.com\/blog\/wp-content\/uploads\/2023\/09\/iNFRA_5-e1761735885940.png","contentUrl":"https:\/\/agenciainfra.com\/blog\/wp-content\/uploads\/2023\/09\/iNFRA_5-e1761735885940.png","width":1672,"height":454,"caption":"Ag\u00eancia iNFRA"},"image":{"@id":"https:\/\/agenciainfra.com\/blog\/#\/schema\/logo\/image\/"},"sameAs":["https:\/\/www.facebook.com\/ageninfra","https:\/\/x.com\/agencia_infra","https:\/\/www.linkedin.com\/company\/ag\u00eanciainfra\/","https:\/\/www.instagram.com\/agenciainfra\/"]},{"@type":"Person","@id":"https:\/\/agenciainfra.com\/blog\/#\/schema\/person\/34af08dff6adea4cb22b06612ba7acfa","name":"Ag\u00eancia iNFRA","image":{"@type":"ImageObject","inLanguage":"pt-BR","@id":"https:\/\/agenciainfra.com\/blog\/#\/schema\/person\/image\/","url":"https:\/\/secure.gravatar.com\/avatar\/d189e01678f06d8eb84d4e01f08eb848b3fffe3f8443818d3c356c66892f5be8?s=96&d=mm&r=g","contentUrl":"https:\/\/secure.gravatar.com\/avatar\/d189e01678f06d8eb84d4e01f08eb848b3fffe3f8443818d3c356c66892f5be8?s=96&d=mm&r=g","caption":"Ag\u00eancia iNFRA"},"url":"https:\/\/agenciainfra.com\/blog\/author\/admin\/"}]}},"_links":{"self":[{"href":"https:\/\/agenciainfra.com\/blog\/wp-json\/wp\/v2\/posts\/29404","targetHints":{"allow":["GET"]}}],"collection":[{"href":"https:\/\/agenciainfra.com\/blog\/wp-json\/wp\/v2\/posts"}],"about":[{"href":"https:\/\/agenciainfra.com\/blog\/wp-json\/wp\/v2\/types\/post"}],"author":[{"embeddable":true,"href":"https:\/\/agenciainfra.com\/blog\/wp-json\/wp\/v2\/users\/1"}],"replies":[{"embeddable":true,"href":"https:\/\/agenciainfra.com\/blog\/wp-json\/wp\/v2\/comments?post=29404"}],"version-history":[{"count":2,"href":"https:\/\/agenciainfra.com\/blog\/wp-json\/wp\/v2\/posts\/29404\/revisions"}],"predecessor-version":[{"id":29409,"href":"https:\/\/agenciainfra.com\/blog\/wp-json\/wp\/v2\/posts\/29404\/revisions\/29409"}],"wp:featuredmedia":[{"embeddable":true,"href":"https:\/\/agenciainfra.com\/blog\/wp-json\/wp\/v2\/media\/2173"}],"wp:attachment":[{"href":"https:\/\/agenciainfra.com\/blog\/wp-json\/wp\/v2\/media?parent=29404"}],"wp:term":[{"taxonomy":"category","embeddable":true,"href":"https:\/\/agenciainfra.com\/blog\/wp-json\/wp\/v2\/categories?post=29404"},{"taxonomy":"post_tag","embeddable":true,"href":"https:\/\/agenciainfra.com\/blog\/wp-json\/wp\/v2\/tags?post=29404"}],"curies":[{"name":"wp","href":"https:\/\/api.w.org\/{rel}","templated":true}]}}