{"id":29412,"date":"2025-10-07T11:19:44","date_gmt":"2025-10-07T14:19:44","guid":{"rendered":"https:\/\/agenciainfra.com\/blog\/?p=29412"},"modified":"2025-10-08T12:37:05","modified_gmt":"2025-10-08T15:37:05","slug":"corrida-do-ouro-aneel-aprova-limitacao-de-subsidios-as-usinas-sem-outorga","status":"publish","type":"post","link":"https:\/\/agenciainfra.com\/blog\/corrida-do-ouro-aneel-aprova-limitacao-de-subsidios-as-usinas-sem-outorga\/","title":{"rendered":"Corrida do Ouro: ANEEL aprova limita\u00e7\u00e3o de subs\u00eddios \u00e0s usinas sem outorga"},"content":{"rendered":"\n<p class=\"has-text-align-right\"><strong>Lais Carregosa, da Ag\u00eancia iNFRA<\/strong><\/p>\n\n\n\n<p>A diretoria da ANEEL (Ag\u00eancia Nacional de Energia El\u00e9trica) aprovou por unanimidade, nesta ter\u00e7a-feira (7), a limita\u00e7\u00e3o dos descontos nas tarifas de uso dos sistemas de distribui\u00e7\u00e3o e de transmiss\u00e3o \u00e0s usinas da chamada \u201ccorrida do ouro\u201d. O processo <a href=\"https:\/\/www2.aneel.gov.br\/aplicacoes\/noticias_area\/arquivos\/p48500.007320-2022-08.pdf\">foi relatado<\/a> pela diretora Agnes Costa. Os empreendimentos ser\u00e3o agrupados como um \u00fanico \u201ccomplexo de gera\u00e7\u00e3o\u201d, desde que tenham rela\u00e7\u00f5es societ\u00e1rias entre si e compartilhem conex\u00e3o f\u00edsica no mesmo ponto. Dessa forma, se o complexo de gera\u00e7\u00e3o ultrapassar 300 MW (megawatts) de pot\u00eancia, n\u00e3o ter\u00e1 direito ao subs\u00eddio.<\/p>\n\n\n\n<p>As usinas da \u201ccorrida do ouro\u201d pediram outorga at\u00e9 2 de mar\u00e7o de 2022 para contar com as regras antigas do subs\u00eddio, sem a redu\u00e7\u00e3o gradativa dos percentuais de desconto. Contudo, algumas dessas usinas ainda n\u00e3o tiveram seus pedidos conclu\u00eddos devido a um ac\u00f3rd\u00e3o do TCU (Tribunal de Contas da Uni\u00e3o) que suspendeu a an\u00e1lise em 22 de novembro de 2023.<\/p>\n\n\n\n<p>Conforme a decis\u00e3o da ANEEL, a nova regra n\u00e3o se aplica aos empreendimentos que obtiveram outorga antes do ac\u00f3rd\u00e3o do TCU.<\/p>\n\n\n\n<p><\/p>\n","protected":false},"excerpt":{"rendered":"<p>Lais Carregosa, da Ag\u00eancia iNFRA A diretoria da ANEEL (Ag\u00eancia Nacional de Energia El\u00e9trica) aprovou por unanimidade, nesta ter\u00e7a-feira (7), a limita\u00e7\u00e3o dos descontos nas tarifas de uso dos sistemas de distribui\u00e7\u00e3o e de transmiss\u00e3o \u00e0s usinas da chamada \u201ccorrida do ouro\u201d. O processo foi relatado pela diretora Agnes Costa. Os empreendimentos ser\u00e3o agrupados como [&hellip;]<\/p>\n","protected":false},"author":1,"featured_media":21604,"comment_status":"closed","ping_status":"closed","sticky":false,"template":"","format":"standard","meta":{"_monsterinsights_skip_tracking":false,"_monsterinsights_sitenote_active":false,"_monsterinsights_sitenote_note":"","_monsterinsights_sitenote_category":0,"footnotes":""},"categories":[7250,1,10],"tags":[6800,53,6884,1082,13132,5182,12770,1386,575,4312],"class_list":["post-29412","post","type-post","status-publish","format-standard","has-post-thumbnail","hentry","category-destaque-lista","category-geral","category-infraenergia","tag-agnes-costa","tag-aneel","tag-corrida-do-ouro","tag-distribuicao-de-energia","tag-lais-carregosa","tag-outorgas","tag-reuniao-aneel","tag-tarifas-de-energia","tag-transmissao-de-energia","tag-usinas"],"yoast_head":"<!-- This site is optimized with the Yoast SEO Premium plugin v25.4 (Yoast SEO v26.0) - https:\/\/yoast.com\/wordpress\/plugins\/seo\/ -->\n<title>Corrida do Ouro: ANEEL aprova limita\u00e7\u00e3o de subs\u00eddios \u00e0s usinas sem outorga - Ag\u00eancia iNFRA<\/title>\n<meta name=\"robots\" content=\"index, follow, max-snippet:-1, max-image-preview:large, max-video-preview:-1\" \/>\n<link rel=\"canonical\" href=\"https:\/\/agenciainfra.com\/blog\/corrida-do-ouro-aneel-aprova-limitacao-de-subsidios-as-usinas-sem-outorga\/\" \/>\n<meta property=\"og:locale\" content=\"pt_BR\" \/>\n<meta property=\"og:type\" content=\"article\" \/>\n<meta property=\"og:title\" content=\"Corrida do Ouro: ANEEL aprova limita\u00e7\u00e3o de subs\u00eddios \u00e0s usinas sem outorga\" \/>\n<meta property=\"og:description\" content=\"Lais Carregosa, da Ag\u00eancia iNFRA A diretoria da ANEEL (Ag\u00eancia Nacional de Energia El\u00e9trica) aprovou por unanimidade, nesta ter\u00e7a-feira (7), a limita\u00e7\u00e3o dos descontos nas tarifas de uso dos sistemas de distribui\u00e7\u00e3o e de transmiss\u00e3o \u00e0s usinas da chamada \u201ccorrida do ouro\u201d. O processo foi relatado pela diretora Agnes Costa. Os empreendimentos ser\u00e3o agrupados como [&hellip;]\" \/>\n<meta property=\"og:url\" content=\"https:\/\/agenciainfra.com\/blog\/corrida-do-ouro-aneel-aprova-limitacao-de-subsidios-as-usinas-sem-outorga\/\" \/>\n<meta property=\"og:site_name\" content=\"Ag\u00eancia iNFRA\" \/>\n<meta property=\"article:publisher\" content=\"https:\/\/www.facebook.com\/ageninfra\" \/>\n<meta property=\"article:published_time\" content=\"2025-10-07T14:19:44+00:00\" \/>\n<meta property=\"article:modified_time\" content=\"2025-10-08T15:37:05+00:00\" \/>\n<meta property=\"og:image\" content=\"https:\/\/agenciainfra.com\/blog\/wp-content\/uploads\/2025\/05\/agnes-costa-foto-aneel-e1759847307898.jpg\" \/>\n\t<meta property=\"og:image:width\" content=\"780\" \/>\n\t<meta property=\"og:image:height\" content=\"572\" \/>\n\t<meta property=\"og:image:type\" content=\"image\/jpeg\" \/>\n<meta name=\"author\" content=\"Ag\u00eancia iNFRA\" \/>\n<meta name=\"twitter:card\" content=\"summary_large_image\" \/>\n<meta name=\"twitter:creator\" content=\"@agencia_infra\" \/>\n<meta name=\"twitter:site\" content=\"@agencia_infra\" \/>\n<meta name=\"twitter:label1\" content=\"Escrito por\" \/>\n\t<meta name=\"twitter:data1\" content=\"Ag\u00eancia iNFRA\" \/>\n\t<meta name=\"twitter:label2\" content=\"Est. tempo de leitura\" \/>\n\t<meta name=\"twitter:data2\" content=\"1 minuto\" \/>\n<script type=\"application\/ld+json\" class=\"yoast-schema-graph\">{\"@context\":\"https:\/\/schema.org\",\"@graph\":[{\"@type\":\"Article\",\"@id\":\"https:\/\/agenciainfra.com\/blog\/corrida-do-ouro-aneel-aprova-limitacao-de-subsidios-as-usinas-sem-outorga\/#article\",\"isPartOf\":{\"@id\":\"https:\/\/agenciainfra.com\/blog\/corrida-do-ouro-aneel-aprova-limitacao-de-subsidios-as-usinas-sem-outorga\/\"},\"author\":{\"name\":\"Ag\u00eancia iNFRA\",\"@id\":\"https:\/\/agenciainfra.com\/blog\/#\/schema\/person\/34af08dff6adea4cb22b06612ba7acfa\"},\"headline\":\"Corrida do Ouro: ANEEL aprova limita\u00e7\u00e3o de subs\u00eddios \u00e0s usinas sem outorga\",\"datePublished\":\"2025-10-07T14:19:44+00:00\",\"dateModified\":\"2025-10-08T15:37:05+00:00\",\"mainEntityOfPage\":{\"@id\":\"https:\/\/agenciainfra.com\/blog\/corrida-do-ouro-aneel-aprova-limitacao-de-subsidios-as-usinas-sem-outorga\/\"},\"wordCount\":212,\"publisher\":{\"@id\":\"https:\/\/agenciainfra.com\/blog\/#organization\"},\"image\":{\"@id\":\"https:\/\/agenciainfra.com\/blog\/corrida-do-ouro-aneel-aprova-limitacao-de-subsidios-as-usinas-sem-outorga\/#primaryimage\"},\"thumbnailUrl\":\"https:\/\/agenciainfra.com\/blog\/wp-content\/uploads\/2025\/05\/agnes-costa-foto-aneel-e1759847307898.jpg\",\"keywords\":[\"Agnes Costa\",\"ANEEL\",\"corrida do ouro\",\"distribui\u00e7\u00e3o de energia\",\"Lais Carregosa\",\"outorgas\",\"reuni\u00e3o aneel\",\"tarifas de energia\",\"transmiss\u00e3o de energia\",\"usinas\"],\"articleSection\":[\"Destaque lista\",\"Geral\",\"iNFRAEnergia\"],\"inLanguage\":\"pt-BR\",\"copyrightYear\":\"2025\",\"copyrightHolder\":{\"@id\":\"https:\/\/agenciainfra.com\/blog\/#organization\"}},{\"@type\":\"WebPage\",\"@id\":\"https:\/\/agenciainfra.com\/blog\/corrida-do-ouro-aneel-aprova-limitacao-de-subsidios-as-usinas-sem-outorga\/\",\"url\":\"https:\/\/agenciainfra.com\/blog\/corrida-do-ouro-aneel-aprova-limitacao-de-subsidios-as-usinas-sem-outorga\/\",\"name\":\"Corrida do Ouro: ANEEL aprova limita\u00e7\u00e3o de subs\u00eddios \u00e0s usinas sem outorga - Ag\u00eancia iNFRA\",\"isPartOf\":{\"@id\":\"https:\/\/agenciainfra.com\/blog\/#website\"},\"primaryImageOfPage\":{\"@id\":\"https:\/\/agenciainfra.com\/blog\/corrida-do-ouro-aneel-aprova-limitacao-de-subsidios-as-usinas-sem-outorga\/#primaryimage\"},\"image\":{\"@id\":\"https:\/\/agenciainfra.com\/blog\/corrida-do-ouro-aneel-aprova-limitacao-de-subsidios-as-usinas-sem-outorga\/#primaryimage\"},\"thumbnailUrl\":\"https:\/\/agenciainfra.com\/blog\/wp-content\/uploads\/2025\/05\/agnes-costa-foto-aneel-e1759847307898.jpg\",\"datePublished\":\"2025-10-07T14:19:44+00:00\",\"dateModified\":\"2025-10-08T15:37:05+00:00\",\"breadcrumb\":{\"@id\":\"https:\/\/agenciainfra.com\/blog\/corrida-do-ouro-aneel-aprova-limitacao-de-subsidios-as-usinas-sem-outorga\/#breadcrumb\"},\"inLanguage\":\"pt-BR\",\"potentialAction\":[{\"@type\":\"ReadAction\",\"target\":[\"https:\/\/agenciainfra.com\/blog\/corrida-do-ouro-aneel-aprova-limitacao-de-subsidios-as-usinas-sem-outorga\/\"]}]},{\"@type\":\"ImageObject\",\"inLanguage\":\"pt-BR\",\"@id\":\"https:\/\/agenciainfra.com\/blog\/corrida-do-ouro-aneel-aprova-limitacao-de-subsidios-as-usinas-sem-outorga\/#primaryimage\",\"url\":\"https:\/\/agenciainfra.com\/blog\/wp-content\/uploads\/2025\/05\/agnes-costa-foto-aneel-e1759847307898.jpg\",\"contentUrl\":\"https:\/\/agenciainfra.com\/blog\/wp-content\/uploads\/2025\/05\/agnes-costa-foto-aneel-e1759847307898.jpg\",\"width\":780,\"height\":572,\"caption\":\"Foto: ANEEL\"},{\"@type\":\"BreadcrumbList\",\"@id\":\"https:\/\/agenciainfra.com\/blog\/corrida-do-ouro-aneel-aprova-limitacao-de-subsidios-as-usinas-sem-outorga\/#breadcrumb\",\"itemListElement\":[{\"@type\":\"ListItem\",\"position\":1,\"name\":\"In\u00edcio\",\"item\":\"https:\/\/agenciainfra.com\/blog\/\"},{\"@type\":\"ListItem\",\"position\":2,\"name\":\"Corrida do Ouro: ANEEL aprova limita\u00e7\u00e3o de subs\u00eddios \u00e0s usinas sem outorga\"}]},{\"@type\":\"WebSite\",\"@id\":\"https:\/\/agenciainfra.com\/blog\/#website\",\"url\":\"https:\/\/agenciainfra.com\/blog\/\",\"name\":\"Ag\u00eancia iNFRA\",\"description\":\"Multiplataforma de informa\u00e7\u00e3o jornal\u00edstica refer\u00eancia na \u00e1rea de infraestrutura no Brasil!\",\"publisher\":{\"@id\":\"https:\/\/agenciainfra.com\/blog\/#organization\"},\"potentialAction\":[{\"@type\":\"SearchAction\",\"target\":{\"@type\":\"EntryPoint\",\"urlTemplate\":\"https:\/\/agenciainfra.com\/blog\/?s={search_term_string}\"},\"query-input\":{\"@type\":\"PropertyValueSpecification\",\"valueRequired\":true,\"valueName\":\"search_term_string\"}}],\"inLanguage\":\"pt-BR\"},{\"@type\":\"Organization\",\"@id\":\"https:\/\/agenciainfra.com\/blog\/#organization\",\"name\":\"Ag\u00eancia iNFRA\",\"url\":\"https:\/\/agenciainfra.com\/blog\/\",\"logo\":{\"@type\":\"ImageObject\",\"inLanguage\":\"pt-BR\",\"@id\":\"https:\/\/agenciainfra.com\/blog\/#\/schema\/logo\/image\/\",\"url\":\"https:\/\/agenciainfra.com\/blog\/wp-content\/uploads\/2023\/09\/iNFRA_5-e1761735885940.png\",\"contentUrl\":\"https:\/\/agenciainfra.com\/blog\/wp-content\/uploads\/2023\/09\/iNFRA_5-e1761735885940.png\",\"width\":1672,\"height\":454,\"caption\":\"Ag\u00eancia iNFRA\"},\"image\":{\"@id\":\"https:\/\/agenciainfra.com\/blog\/#\/schema\/logo\/image\/\"},\"sameAs\":[\"https:\/\/www.facebook.com\/ageninfra\",\"https:\/\/x.com\/agencia_infra\",\"https:\/\/www.linkedin.com\/company\/ag\u00eanciainfra\/\",\"https:\/\/www.instagram.com\/agenciainfra\/\"]},{\"@type\":\"Person\",\"@id\":\"https:\/\/agenciainfra.com\/blog\/#\/schema\/person\/34af08dff6adea4cb22b06612ba7acfa\",\"name\":\"Ag\u00eancia iNFRA\",\"image\":{\"@type\":\"ImageObject\",\"inLanguage\":\"pt-BR\",\"@id\":\"https:\/\/agenciainfra.com\/blog\/#\/schema\/person\/image\/\",\"url\":\"https:\/\/secure.gravatar.com\/avatar\/d189e01678f06d8eb84d4e01f08eb848b3fffe3f8443818d3c356c66892f5be8?s=96&d=mm&r=g\",\"contentUrl\":\"https:\/\/secure.gravatar.com\/avatar\/d189e01678f06d8eb84d4e01f08eb848b3fffe3f8443818d3c356c66892f5be8?s=96&d=mm&r=g\",\"caption\":\"Ag\u00eancia iNFRA\"},\"url\":\"https:\/\/agenciainfra.com\/blog\/author\/admin\/\"}]}<\/script>\n<!-- \/ Yoast SEO Premium plugin. -->","yoast_head_json":{"title":"Corrida do Ouro: ANEEL aprova limita\u00e7\u00e3o de subs\u00eddios \u00e0s usinas sem outorga - Ag\u00eancia iNFRA","robots":{"index":"index","follow":"follow","max-snippet":"max-snippet:-1","max-image-preview":"max-image-preview:large","max-video-preview":"max-video-preview:-1"},"canonical":"https:\/\/agenciainfra.com\/blog\/corrida-do-ouro-aneel-aprova-limitacao-de-subsidios-as-usinas-sem-outorga\/","og_locale":"pt_BR","og_type":"article","og_title":"Corrida do Ouro: ANEEL aprova limita\u00e7\u00e3o de subs\u00eddios \u00e0s usinas sem outorga","og_description":"Lais Carregosa, da Ag\u00eancia iNFRA A diretoria da ANEEL (Ag\u00eancia Nacional de Energia El\u00e9trica) aprovou por unanimidade, nesta ter\u00e7a-feira (7), a limita\u00e7\u00e3o dos descontos nas tarifas de uso dos sistemas de distribui\u00e7\u00e3o e de transmiss\u00e3o \u00e0s usinas da chamada \u201ccorrida do ouro\u201d. O processo foi relatado pela diretora Agnes Costa. Os empreendimentos ser\u00e3o agrupados como [&hellip;]","og_url":"https:\/\/agenciainfra.com\/blog\/corrida-do-ouro-aneel-aprova-limitacao-de-subsidios-as-usinas-sem-outorga\/","og_site_name":"Ag\u00eancia iNFRA","article_publisher":"https:\/\/www.facebook.com\/ageninfra","article_published_time":"2025-10-07T14:19:44+00:00","article_modified_time":"2025-10-08T15:37:05+00:00","og_image":[{"width":780,"height":572,"url":"https:\/\/agenciainfra.com\/blog\/wp-content\/uploads\/2025\/05\/agnes-costa-foto-aneel-e1759847307898.jpg","type":"image\/jpeg"}],"author":"Ag\u00eancia iNFRA","twitter_card":"summary_large_image","twitter_creator":"@agencia_infra","twitter_site":"@agencia_infra","twitter_misc":{"Escrito por":"Ag\u00eancia iNFRA","Est. tempo de leitura":"1 minuto"},"schema":{"@context":"https:\/\/schema.org","@graph":[{"@type":"Article","@id":"https:\/\/agenciainfra.com\/blog\/corrida-do-ouro-aneel-aprova-limitacao-de-subsidios-as-usinas-sem-outorga\/#article","isPartOf":{"@id":"https:\/\/agenciainfra.com\/blog\/corrida-do-ouro-aneel-aprova-limitacao-de-subsidios-as-usinas-sem-outorga\/"},"author":{"name":"Ag\u00eancia iNFRA","@id":"https:\/\/agenciainfra.com\/blog\/#\/schema\/person\/34af08dff6adea4cb22b06612ba7acfa"},"headline":"Corrida do Ouro: ANEEL aprova limita\u00e7\u00e3o de subs\u00eddios \u00e0s usinas sem outorga","datePublished":"2025-10-07T14:19:44+00:00","dateModified":"2025-10-08T15:37:05+00:00","mainEntityOfPage":{"@id":"https:\/\/agenciainfra.com\/blog\/corrida-do-ouro-aneel-aprova-limitacao-de-subsidios-as-usinas-sem-outorga\/"},"wordCount":212,"publisher":{"@id":"https:\/\/agenciainfra.com\/blog\/#organization"},"image":{"@id":"https:\/\/agenciainfra.com\/blog\/corrida-do-ouro-aneel-aprova-limitacao-de-subsidios-as-usinas-sem-outorga\/#primaryimage"},"thumbnailUrl":"https:\/\/agenciainfra.com\/blog\/wp-content\/uploads\/2025\/05\/agnes-costa-foto-aneel-e1759847307898.jpg","keywords":["Agnes Costa","ANEEL","corrida do ouro","distribui\u00e7\u00e3o de energia","Lais Carregosa","outorgas","reuni\u00e3o aneel","tarifas de energia","transmiss\u00e3o de energia","usinas"],"articleSection":["Destaque lista","Geral","iNFRAEnergia"],"inLanguage":"pt-BR","copyrightYear":"2025","copyrightHolder":{"@id":"https:\/\/agenciainfra.com\/blog\/#organization"}},{"@type":"WebPage","@id":"https:\/\/agenciainfra.com\/blog\/corrida-do-ouro-aneel-aprova-limitacao-de-subsidios-as-usinas-sem-outorga\/","url":"https:\/\/agenciainfra.com\/blog\/corrida-do-ouro-aneel-aprova-limitacao-de-subsidios-as-usinas-sem-outorga\/","name":"Corrida do Ouro: ANEEL aprova limita\u00e7\u00e3o de subs\u00eddios \u00e0s usinas sem outorga - Ag\u00eancia iNFRA","isPartOf":{"@id":"https:\/\/agenciainfra.com\/blog\/#website"},"primaryImageOfPage":{"@id":"https:\/\/agenciainfra.com\/blog\/corrida-do-ouro-aneel-aprova-limitacao-de-subsidios-as-usinas-sem-outorga\/#primaryimage"},"image":{"@id":"https:\/\/agenciainfra.com\/blog\/corrida-do-ouro-aneel-aprova-limitacao-de-subsidios-as-usinas-sem-outorga\/#primaryimage"},"thumbnailUrl":"https:\/\/agenciainfra.com\/blog\/wp-content\/uploads\/2025\/05\/agnes-costa-foto-aneel-e1759847307898.jpg","datePublished":"2025-10-07T14:19:44+00:00","dateModified":"2025-10-08T15:37:05+00:00","breadcrumb":{"@id":"https:\/\/agenciainfra.com\/blog\/corrida-do-ouro-aneel-aprova-limitacao-de-subsidios-as-usinas-sem-outorga\/#breadcrumb"},"inLanguage":"pt-BR","potentialAction":[{"@type":"ReadAction","target":["https:\/\/agenciainfra.com\/blog\/corrida-do-ouro-aneel-aprova-limitacao-de-subsidios-as-usinas-sem-outorga\/"]}]},{"@type":"ImageObject","inLanguage":"pt-BR","@id":"https:\/\/agenciainfra.com\/blog\/corrida-do-ouro-aneel-aprova-limitacao-de-subsidios-as-usinas-sem-outorga\/#primaryimage","url":"https:\/\/agenciainfra.com\/blog\/wp-content\/uploads\/2025\/05\/agnes-costa-foto-aneel-e1759847307898.jpg","contentUrl":"https:\/\/agenciainfra.com\/blog\/wp-content\/uploads\/2025\/05\/agnes-costa-foto-aneel-e1759847307898.jpg","width":780,"height":572,"caption":"Foto: ANEEL"},{"@type":"BreadcrumbList","@id":"https:\/\/agenciainfra.com\/blog\/corrida-do-ouro-aneel-aprova-limitacao-de-subsidios-as-usinas-sem-outorga\/#breadcrumb","itemListElement":[{"@type":"ListItem","position":1,"name":"In\u00edcio","item":"https:\/\/agenciainfra.com\/blog\/"},{"@type":"ListItem","position":2,"name":"Corrida do Ouro: ANEEL aprova limita\u00e7\u00e3o de subs\u00eddios \u00e0s usinas sem outorga"}]},{"@type":"WebSite","@id":"https:\/\/agenciainfra.com\/blog\/#website","url":"https:\/\/agenciainfra.com\/blog\/","name":"Ag\u00eancia iNFRA","description":"Multiplataforma de informa\u00e7\u00e3o jornal\u00edstica refer\u00eancia na \u00e1rea de infraestrutura no Brasil!","publisher":{"@id":"https:\/\/agenciainfra.com\/blog\/#organization"},"potentialAction":[{"@type":"SearchAction","target":{"@type":"EntryPoint","urlTemplate":"https:\/\/agenciainfra.com\/blog\/?s={search_term_string}"},"query-input":{"@type":"PropertyValueSpecification","valueRequired":true,"valueName":"search_term_string"}}],"inLanguage":"pt-BR"},{"@type":"Organization","@id":"https:\/\/agenciainfra.com\/blog\/#organization","name":"Ag\u00eancia iNFRA","url":"https:\/\/agenciainfra.com\/blog\/","logo":{"@type":"ImageObject","inLanguage":"pt-BR","@id":"https:\/\/agenciainfra.com\/blog\/#\/schema\/logo\/image\/","url":"https:\/\/agenciainfra.com\/blog\/wp-content\/uploads\/2023\/09\/iNFRA_5-e1761735885940.png","contentUrl":"https:\/\/agenciainfra.com\/blog\/wp-content\/uploads\/2023\/09\/iNFRA_5-e1761735885940.png","width":1672,"height":454,"caption":"Ag\u00eancia iNFRA"},"image":{"@id":"https:\/\/agenciainfra.com\/blog\/#\/schema\/logo\/image\/"},"sameAs":["https:\/\/www.facebook.com\/ageninfra","https:\/\/x.com\/agencia_infra","https:\/\/www.linkedin.com\/company\/ag\u00eanciainfra\/","https:\/\/www.instagram.com\/agenciainfra\/"]},{"@type":"Person","@id":"https:\/\/agenciainfra.com\/blog\/#\/schema\/person\/34af08dff6adea4cb22b06612ba7acfa","name":"Ag\u00eancia iNFRA","image":{"@type":"ImageObject","inLanguage":"pt-BR","@id":"https:\/\/agenciainfra.com\/blog\/#\/schema\/person\/image\/","url":"https:\/\/secure.gravatar.com\/avatar\/d189e01678f06d8eb84d4e01f08eb848b3fffe3f8443818d3c356c66892f5be8?s=96&d=mm&r=g","contentUrl":"https:\/\/secure.gravatar.com\/avatar\/d189e01678f06d8eb84d4e01f08eb848b3fffe3f8443818d3c356c66892f5be8?s=96&d=mm&r=g","caption":"Ag\u00eancia iNFRA"},"url":"https:\/\/agenciainfra.com\/blog\/author\/admin\/"}]}},"_links":{"self":[{"href":"https:\/\/agenciainfra.com\/blog\/wp-json\/wp\/v2\/posts\/29412","targetHints":{"allow":["GET"]}}],"collection":[{"href":"https:\/\/agenciainfra.com\/blog\/wp-json\/wp\/v2\/posts"}],"about":[{"href":"https:\/\/agenciainfra.com\/blog\/wp-json\/wp\/v2\/types\/post"}],"author":[{"embeddable":true,"href":"https:\/\/agenciainfra.com\/blog\/wp-json\/wp\/v2\/users\/1"}],"replies":[{"embeddable":true,"href":"https:\/\/agenciainfra.com\/blog\/wp-json\/wp\/v2\/comments?post=29412"}],"version-history":[{"count":3,"href":"https:\/\/agenciainfra.com\/blog\/wp-json\/wp\/v2\/posts\/29412\/revisions"}],"predecessor-version":[{"id":29417,"href":"https:\/\/agenciainfra.com\/blog\/wp-json\/wp\/v2\/posts\/29412\/revisions\/29417"}],"wp:featuredmedia":[{"embeddable":true,"href":"https:\/\/agenciainfra.com\/blog\/wp-json\/wp\/v2\/media\/21604"}],"wp:attachment":[{"href":"https:\/\/agenciainfra.com\/blog\/wp-json\/wp\/v2\/media?parent=29412"}],"wp:term":[{"taxonomy":"category","embeddable":true,"href":"https:\/\/agenciainfra.com\/blog\/wp-json\/wp\/v2\/categories?post=29412"},{"taxonomy":"post_tag","embeddable":true,"href":"https:\/\/agenciainfra.com\/blog\/wp-json\/wp\/v2\/tags?post=29412"}],"curies":[{"name":"wp","href":"https:\/\/api.w.org\/{rel}","templated":true}]}}