{"id":29432,"date":"2025-10-07T15:14:44","date_gmt":"2025-10-07T18:14:44","guid":{"rendered":"https:\/\/agenciainfra.com\/blog\/?p=29432"},"modified":"2025-10-08T11:06:30","modified_gmt":"2025-10-08T14:06:30","slug":"leiloes-de-energia-existente-a-1-a-2-e-a-3-serao-em-14-de-novembro","status":"publish","type":"post","link":"https:\/\/agenciainfra.com\/blog\/leiloes-de-energia-existente-a-1-a-2-e-a-3-serao-em-14-de-novembro\/","title":{"rendered":"ANEEL aprova realiza\u00e7\u00e3o de leil\u00f5es de energia existente em novembro"},"content":{"rendered":"\n<p class=\"has-text-align-right\"><strong>da Ag\u00eancia iNFRA<\/strong><\/p>\n\n\n\n<p>A ANEEL (Ag\u00eancia Nacional de Energia El\u00e9trica) aprovou, nesta ter\u00e7a-feira (7), o edital dos Leil\u00f5es de Energia Existente A-1, A-2 e A-3 de 2025, para compra de energia el\u00e9trica oriunda de empreendimentos de gera\u00e7\u00e3o existentes. A proposta prev\u00ea a realiza\u00e7\u00e3o da sess\u00e3o p\u00fablica dos leil\u00f5es em 14 de novembro.<\/p>\n\n\n\n<p>Segundo informa a ag\u00eancia reguladora, os CCEARs (Contratos de Comercializa\u00e7\u00e3o de Energia no Ambiente Regulado) ser\u00e3o negociados na modalidade por quantidade de energia el\u00e9trica, para energia proveniente de qualquer fonte, com per\u00edodo de suprimento de dois anos. Os pre\u00e7os-teto s\u00e3o R$ 280\/MWh para o leil\u00e3o A-1, R$ 240\/MWh para o A-2, e R$ 215\/MWh para o A-3.<\/p>\n\n\n\n<p>Para participar dos leil\u00f5es, as empresas ter\u00e3o que integrar a CCEE (C\u00e2mara de Comercializa\u00e7\u00e3o de Energia), estar em opera\u00e7\u00e3o comercial na data da publica\u00e7\u00e3o do edital, e deter registro ou autoriza\u00e7\u00e3o para gerar, importar ou comercializar energia el\u00e9trica. As interessadas n\u00e3o poder\u00e3o estar submetidas a procedimento de desligamento em curso no \u00e2mbito da CCEE nem ao regime de registro balanceado das opera\u00e7\u00f5es. Se for agente comercializador de energia el\u00e9trica, deve ter classifica\u00e7\u00e3o como Tipo 1.<\/p>\n","protected":false},"excerpt":{"rendered":"<p>da Ag\u00eancia iNFRA A ANEEL (Ag\u00eancia Nacional de Energia El\u00e9trica) aprovou, nesta ter\u00e7a-feira (7), o edital dos Leil\u00f5es de Energia Existente A-1, A-2 e A-3 de 2025, para compra de energia el\u00e9trica oriunda de empreendimentos de gera\u00e7\u00e3o existentes. A proposta prev\u00ea a realiza\u00e7\u00e3o da sess\u00e3o p\u00fablica dos leil\u00f5es em 14 de novembro. Segundo informa a [&hellip;]<\/p>\n","protected":false},"author":1,"featured_media":7268,"comment_status":"closed","ping_status":"closed","sticky":false,"template":"","format":"standard","meta":{"_monsterinsights_skip_tracking":false,"_monsterinsights_sitenote_active":false,"_monsterinsights_sitenote_note":"","_monsterinsights_sitenote_category":0,"footnotes":""},"categories":[1,10],"tags":[53,5930,14,2803,13218],"class_list":["post-29432","post","type-post","status-publish","format-standard","has-post-thumbnail","hentry","category-geral","category-infraenergia","tag-aneel","tag-ccear","tag-ccee","tag-geracao-de-energia","tag-leilao-de-energia-existente"],"yoast_head":"<!-- This site is optimized with the Yoast SEO Premium plugin v25.4 (Yoast SEO v26.0) - https:\/\/yoast.com\/wordpress\/plugins\/seo\/ -->\n<title>ANEEL aprova realiza\u00e7\u00e3o de leil\u00f5es de energia existente em novembro - Ag\u00eancia iNFRA<\/title>\n<meta name=\"robots\" content=\"index, follow, max-snippet:-1, max-image-preview:large, max-video-preview:-1\" \/>\n<link rel=\"canonical\" href=\"https:\/\/agenciainfra.com\/blog\/leiloes-de-energia-existente-a-1-a-2-e-a-3-serao-em-14-de-novembro\/\" \/>\n<meta property=\"og:locale\" content=\"pt_BR\" \/>\n<meta property=\"og:type\" content=\"article\" \/>\n<meta property=\"og:title\" content=\"ANEEL aprova realiza\u00e7\u00e3o de leil\u00f5es de energia existente em novembro\" \/>\n<meta property=\"og:description\" content=\"da Ag\u00eancia iNFRA A ANEEL (Ag\u00eancia Nacional de Energia El\u00e9trica) aprovou, nesta ter\u00e7a-feira (7), o edital dos Leil\u00f5es de Energia Existente A-1, A-2 e A-3 de 2025, para compra de energia el\u00e9trica oriunda de empreendimentos de gera\u00e7\u00e3o existentes. A proposta prev\u00ea a realiza\u00e7\u00e3o da sess\u00e3o p\u00fablica dos leil\u00f5es em 14 de novembro. Segundo informa a [&hellip;]\" \/>\n<meta property=\"og:url\" content=\"https:\/\/agenciainfra.com\/blog\/leiloes-de-energia-existente-a-1-a-2-e-a-3-serao-em-14-de-novembro\/\" \/>\n<meta property=\"og:site_name\" content=\"Ag\u00eancia iNFRA\" \/>\n<meta property=\"article:publisher\" content=\"https:\/\/www.facebook.com\/ageninfra\" \/>\n<meta property=\"article:published_time\" content=\"2025-10-07T18:14:44+00:00\" \/>\n<meta property=\"article:modified_time\" content=\"2025-10-08T14:06:30+00:00\" \/>\n<meta property=\"og:image\" content=\"https:\/\/agenciainfra.com\/blog\/wp-content\/uploads\/2021\/05\/energia-torre.jpeg\" \/>\n\t<meta property=\"og:image:width\" content=\"1280\" \/>\n\t<meta property=\"og:image:height\" content=\"853\" \/>\n\t<meta property=\"og:image:type\" content=\"image\/jpeg\" \/>\n<meta name=\"author\" content=\"Ag\u00eancia iNFRA\" \/>\n<meta name=\"twitter:card\" content=\"summary_large_image\" \/>\n<meta name=\"twitter:creator\" content=\"@agencia_infra\" \/>\n<meta name=\"twitter:site\" content=\"@agencia_infra\" \/>\n<meta name=\"twitter:label1\" content=\"Escrito por\" \/>\n\t<meta name=\"twitter:data1\" content=\"Ag\u00eancia iNFRA\" \/>\n\t<meta name=\"twitter:label2\" content=\"Est. tempo de leitura\" \/>\n\t<meta name=\"twitter:data2\" content=\"1 minuto\" \/>\n<script type=\"application\/ld+json\" class=\"yoast-schema-graph\">{\"@context\":\"https:\/\/schema.org\",\"@graph\":[{\"@type\":\"Article\",\"@id\":\"https:\/\/agenciainfra.com\/blog\/leiloes-de-energia-existente-a-1-a-2-e-a-3-serao-em-14-de-novembro\/#article\",\"isPartOf\":{\"@id\":\"https:\/\/agenciainfra.com\/blog\/leiloes-de-energia-existente-a-1-a-2-e-a-3-serao-em-14-de-novembro\/\"},\"author\":{\"name\":\"Ag\u00eancia iNFRA\",\"@id\":\"https:\/\/agenciainfra.com\/blog\/#\/schema\/person\/34af08dff6adea4cb22b06612ba7acfa\"},\"headline\":\"ANEEL aprova realiza\u00e7\u00e3o de leil\u00f5es de energia existente em novembro\",\"datePublished\":\"2025-10-07T18:14:44+00:00\",\"dateModified\":\"2025-10-08T14:06:30+00:00\",\"mainEntityOfPage\":{\"@id\":\"https:\/\/agenciainfra.com\/blog\/leiloes-de-energia-existente-a-1-a-2-e-a-3-serao-em-14-de-novembro\/\"},\"wordCount\":224,\"publisher\":{\"@id\":\"https:\/\/agenciainfra.com\/blog\/#organization\"},\"image\":{\"@id\":\"https:\/\/agenciainfra.com\/blog\/leiloes-de-energia-existente-a-1-a-2-e-a-3-serao-em-14-de-novembro\/#primaryimage\"},\"thumbnailUrl\":\"https:\/\/agenciainfra.com\/blog\/wp-content\/uploads\/2021\/05\/energia-torre.jpeg\",\"keywords\":[\"ANEEL\",\"CCEAR\",\"ccee\",\"gera\u00e7\u00e3o de energia\",\"leil\u00e3o de energia existente\"],\"articleSection\":[\"Geral\",\"iNFRAEnergia\"],\"inLanguage\":\"pt-BR\",\"copyrightYear\":\"2025\",\"copyrightHolder\":{\"@id\":\"https:\/\/agenciainfra.com\/blog\/#organization\"}},{\"@type\":\"WebPage\",\"@id\":\"https:\/\/agenciainfra.com\/blog\/leiloes-de-energia-existente-a-1-a-2-e-a-3-serao-em-14-de-novembro\/\",\"url\":\"https:\/\/agenciainfra.com\/blog\/leiloes-de-energia-existente-a-1-a-2-e-a-3-serao-em-14-de-novembro\/\",\"name\":\"ANEEL aprova realiza\u00e7\u00e3o de leil\u00f5es de energia existente em novembro - Ag\u00eancia iNFRA\",\"isPartOf\":{\"@id\":\"https:\/\/agenciainfra.com\/blog\/#website\"},\"primaryImageOfPage\":{\"@id\":\"https:\/\/agenciainfra.com\/blog\/leiloes-de-energia-existente-a-1-a-2-e-a-3-serao-em-14-de-novembro\/#primaryimage\"},\"image\":{\"@id\":\"https:\/\/agenciainfra.com\/blog\/leiloes-de-energia-existente-a-1-a-2-e-a-3-serao-em-14-de-novembro\/#primaryimage\"},\"thumbnailUrl\":\"https:\/\/agenciainfra.com\/blog\/wp-content\/uploads\/2021\/05\/energia-torre.jpeg\",\"datePublished\":\"2025-10-07T18:14:44+00:00\",\"dateModified\":\"2025-10-08T14:06:30+00:00\",\"breadcrumb\":{\"@id\":\"https:\/\/agenciainfra.com\/blog\/leiloes-de-energia-existente-a-1-a-2-e-a-3-serao-em-14-de-novembro\/#breadcrumb\"},\"inLanguage\":\"pt-BR\",\"potentialAction\":[{\"@type\":\"ReadAction\",\"target\":[\"https:\/\/agenciainfra.com\/blog\/leiloes-de-energia-existente-a-1-a-2-e-a-3-serao-em-14-de-novembro\/\"]}]},{\"@type\":\"ImageObject\",\"inLanguage\":\"pt-BR\",\"@id\":\"https:\/\/agenciainfra.com\/blog\/leiloes-de-energia-existente-a-1-a-2-e-a-3-serao-em-14-de-novembro\/#primaryimage\",\"url\":\"https:\/\/agenciainfra.com\/blog\/wp-content\/uploads\/2021\/05\/energia-torre.jpeg\",\"contentUrl\":\"https:\/\/agenciainfra.com\/blog\/wp-content\/uploads\/2021\/05\/energia-torre.jpeg\",\"width\":1280,\"height\":853,\"caption\":\"Foto: Dom\u00ednio p\u00fablico\"},{\"@type\":\"BreadcrumbList\",\"@id\":\"https:\/\/agenciainfra.com\/blog\/leiloes-de-energia-existente-a-1-a-2-e-a-3-serao-em-14-de-novembro\/#breadcrumb\",\"itemListElement\":[{\"@type\":\"ListItem\",\"position\":1,\"name\":\"In\u00edcio\",\"item\":\"https:\/\/agenciainfra.com\/blog\/\"},{\"@type\":\"ListItem\",\"position\":2,\"name\":\"ANEEL aprova realiza\u00e7\u00e3o de leil\u00f5es de energia existente em novembro\"}]},{\"@type\":\"WebSite\",\"@id\":\"https:\/\/agenciainfra.com\/blog\/#website\",\"url\":\"https:\/\/agenciainfra.com\/blog\/\",\"name\":\"Ag\u00eancia iNFRA\",\"description\":\"Multiplataforma de informa\u00e7\u00e3o jornal\u00edstica refer\u00eancia na \u00e1rea de infraestrutura no Brasil!\",\"publisher\":{\"@id\":\"https:\/\/agenciainfra.com\/blog\/#organization\"},\"potentialAction\":[{\"@type\":\"SearchAction\",\"target\":{\"@type\":\"EntryPoint\",\"urlTemplate\":\"https:\/\/agenciainfra.com\/blog\/?s={search_term_string}\"},\"query-input\":{\"@type\":\"PropertyValueSpecification\",\"valueRequired\":true,\"valueName\":\"search_term_string\"}}],\"inLanguage\":\"pt-BR\"},{\"@type\":\"Organization\",\"@id\":\"https:\/\/agenciainfra.com\/blog\/#organization\",\"name\":\"Ag\u00eancia iNFRA\",\"url\":\"https:\/\/agenciainfra.com\/blog\/\",\"logo\":{\"@type\":\"ImageObject\",\"inLanguage\":\"pt-BR\",\"@id\":\"https:\/\/agenciainfra.com\/blog\/#\/schema\/logo\/image\/\",\"url\":\"https:\/\/agenciainfra.com\/blog\/wp-content\/uploads\/2023\/09\/iNFRA_5-e1761735885940.png\",\"contentUrl\":\"https:\/\/agenciainfra.com\/blog\/wp-content\/uploads\/2023\/09\/iNFRA_5-e1761735885940.png\",\"width\":1672,\"height\":454,\"caption\":\"Ag\u00eancia iNFRA\"},\"image\":{\"@id\":\"https:\/\/agenciainfra.com\/blog\/#\/schema\/logo\/image\/\"},\"sameAs\":[\"https:\/\/www.facebook.com\/ageninfra\",\"https:\/\/x.com\/agencia_infra\",\"https:\/\/www.linkedin.com\/company\/ag\u00eanciainfra\/\",\"https:\/\/www.instagram.com\/agenciainfra\/\"]},{\"@type\":\"Person\",\"@id\":\"https:\/\/agenciainfra.com\/blog\/#\/schema\/person\/34af08dff6adea4cb22b06612ba7acfa\",\"name\":\"Ag\u00eancia iNFRA\",\"image\":{\"@type\":\"ImageObject\",\"inLanguage\":\"pt-BR\",\"@id\":\"https:\/\/agenciainfra.com\/blog\/#\/schema\/person\/image\/\",\"url\":\"https:\/\/secure.gravatar.com\/avatar\/d189e01678f06d8eb84d4e01f08eb848b3fffe3f8443818d3c356c66892f5be8?s=96&d=mm&r=g\",\"contentUrl\":\"https:\/\/secure.gravatar.com\/avatar\/d189e01678f06d8eb84d4e01f08eb848b3fffe3f8443818d3c356c66892f5be8?s=96&d=mm&r=g\",\"caption\":\"Ag\u00eancia iNFRA\"},\"url\":\"https:\/\/agenciainfra.com\/blog\/author\/admin\/\"}]}<\/script>\n<!-- \/ Yoast SEO Premium plugin. -->","yoast_head_json":{"title":"ANEEL aprova realiza\u00e7\u00e3o de leil\u00f5es de energia existente em novembro - Ag\u00eancia iNFRA","robots":{"index":"index","follow":"follow","max-snippet":"max-snippet:-1","max-image-preview":"max-image-preview:large","max-video-preview":"max-video-preview:-1"},"canonical":"https:\/\/agenciainfra.com\/blog\/leiloes-de-energia-existente-a-1-a-2-e-a-3-serao-em-14-de-novembro\/","og_locale":"pt_BR","og_type":"article","og_title":"ANEEL aprova realiza\u00e7\u00e3o de leil\u00f5es de energia existente em novembro","og_description":"da Ag\u00eancia iNFRA A ANEEL (Ag\u00eancia Nacional de Energia El\u00e9trica) aprovou, nesta ter\u00e7a-feira (7), o edital dos Leil\u00f5es de Energia Existente A-1, A-2 e A-3 de 2025, para compra de energia el\u00e9trica oriunda de empreendimentos de gera\u00e7\u00e3o existentes. A proposta prev\u00ea a realiza\u00e7\u00e3o da sess\u00e3o p\u00fablica dos leil\u00f5es em 14 de novembro. Segundo informa a [&hellip;]","og_url":"https:\/\/agenciainfra.com\/blog\/leiloes-de-energia-existente-a-1-a-2-e-a-3-serao-em-14-de-novembro\/","og_site_name":"Ag\u00eancia iNFRA","article_publisher":"https:\/\/www.facebook.com\/ageninfra","article_published_time":"2025-10-07T18:14:44+00:00","article_modified_time":"2025-10-08T14:06:30+00:00","og_image":[{"width":1280,"height":853,"url":"https:\/\/agenciainfra.com\/blog\/wp-content\/uploads\/2021\/05\/energia-torre.jpeg","type":"image\/jpeg"}],"author":"Ag\u00eancia iNFRA","twitter_card":"summary_large_image","twitter_creator":"@agencia_infra","twitter_site":"@agencia_infra","twitter_misc":{"Escrito por":"Ag\u00eancia iNFRA","Est. tempo de leitura":"1 minuto"},"schema":{"@context":"https:\/\/schema.org","@graph":[{"@type":"Article","@id":"https:\/\/agenciainfra.com\/blog\/leiloes-de-energia-existente-a-1-a-2-e-a-3-serao-em-14-de-novembro\/#article","isPartOf":{"@id":"https:\/\/agenciainfra.com\/blog\/leiloes-de-energia-existente-a-1-a-2-e-a-3-serao-em-14-de-novembro\/"},"author":{"name":"Ag\u00eancia iNFRA","@id":"https:\/\/agenciainfra.com\/blog\/#\/schema\/person\/34af08dff6adea4cb22b06612ba7acfa"},"headline":"ANEEL aprova realiza\u00e7\u00e3o de leil\u00f5es de energia existente em novembro","datePublished":"2025-10-07T18:14:44+00:00","dateModified":"2025-10-08T14:06:30+00:00","mainEntityOfPage":{"@id":"https:\/\/agenciainfra.com\/blog\/leiloes-de-energia-existente-a-1-a-2-e-a-3-serao-em-14-de-novembro\/"},"wordCount":224,"publisher":{"@id":"https:\/\/agenciainfra.com\/blog\/#organization"},"image":{"@id":"https:\/\/agenciainfra.com\/blog\/leiloes-de-energia-existente-a-1-a-2-e-a-3-serao-em-14-de-novembro\/#primaryimage"},"thumbnailUrl":"https:\/\/agenciainfra.com\/blog\/wp-content\/uploads\/2021\/05\/energia-torre.jpeg","keywords":["ANEEL","CCEAR","ccee","gera\u00e7\u00e3o de energia","leil\u00e3o de energia existente"],"articleSection":["Geral","iNFRAEnergia"],"inLanguage":"pt-BR","copyrightYear":"2025","copyrightHolder":{"@id":"https:\/\/agenciainfra.com\/blog\/#organization"}},{"@type":"WebPage","@id":"https:\/\/agenciainfra.com\/blog\/leiloes-de-energia-existente-a-1-a-2-e-a-3-serao-em-14-de-novembro\/","url":"https:\/\/agenciainfra.com\/blog\/leiloes-de-energia-existente-a-1-a-2-e-a-3-serao-em-14-de-novembro\/","name":"ANEEL aprova realiza\u00e7\u00e3o de leil\u00f5es de energia existente em novembro - Ag\u00eancia iNFRA","isPartOf":{"@id":"https:\/\/agenciainfra.com\/blog\/#website"},"primaryImageOfPage":{"@id":"https:\/\/agenciainfra.com\/blog\/leiloes-de-energia-existente-a-1-a-2-e-a-3-serao-em-14-de-novembro\/#primaryimage"},"image":{"@id":"https:\/\/agenciainfra.com\/blog\/leiloes-de-energia-existente-a-1-a-2-e-a-3-serao-em-14-de-novembro\/#primaryimage"},"thumbnailUrl":"https:\/\/agenciainfra.com\/blog\/wp-content\/uploads\/2021\/05\/energia-torre.jpeg","datePublished":"2025-10-07T18:14:44+00:00","dateModified":"2025-10-08T14:06:30+00:00","breadcrumb":{"@id":"https:\/\/agenciainfra.com\/blog\/leiloes-de-energia-existente-a-1-a-2-e-a-3-serao-em-14-de-novembro\/#breadcrumb"},"inLanguage":"pt-BR","potentialAction":[{"@type":"ReadAction","target":["https:\/\/agenciainfra.com\/blog\/leiloes-de-energia-existente-a-1-a-2-e-a-3-serao-em-14-de-novembro\/"]}]},{"@type":"ImageObject","inLanguage":"pt-BR","@id":"https:\/\/agenciainfra.com\/blog\/leiloes-de-energia-existente-a-1-a-2-e-a-3-serao-em-14-de-novembro\/#primaryimage","url":"https:\/\/agenciainfra.com\/blog\/wp-content\/uploads\/2021\/05\/energia-torre.jpeg","contentUrl":"https:\/\/agenciainfra.com\/blog\/wp-content\/uploads\/2021\/05\/energia-torre.jpeg","width":1280,"height":853,"caption":"Foto: Dom\u00ednio p\u00fablico"},{"@type":"BreadcrumbList","@id":"https:\/\/agenciainfra.com\/blog\/leiloes-de-energia-existente-a-1-a-2-e-a-3-serao-em-14-de-novembro\/#breadcrumb","itemListElement":[{"@type":"ListItem","position":1,"name":"In\u00edcio","item":"https:\/\/agenciainfra.com\/blog\/"},{"@type":"ListItem","position":2,"name":"ANEEL aprova realiza\u00e7\u00e3o de leil\u00f5es de energia existente em novembro"}]},{"@type":"WebSite","@id":"https:\/\/agenciainfra.com\/blog\/#website","url":"https:\/\/agenciainfra.com\/blog\/","name":"Ag\u00eancia iNFRA","description":"Multiplataforma de informa\u00e7\u00e3o jornal\u00edstica refer\u00eancia na \u00e1rea de infraestrutura no Brasil!","publisher":{"@id":"https:\/\/agenciainfra.com\/blog\/#organization"},"potentialAction":[{"@type":"SearchAction","target":{"@type":"EntryPoint","urlTemplate":"https:\/\/agenciainfra.com\/blog\/?s={search_term_string}"},"query-input":{"@type":"PropertyValueSpecification","valueRequired":true,"valueName":"search_term_string"}}],"inLanguage":"pt-BR"},{"@type":"Organization","@id":"https:\/\/agenciainfra.com\/blog\/#organization","name":"Ag\u00eancia iNFRA","url":"https:\/\/agenciainfra.com\/blog\/","logo":{"@type":"ImageObject","inLanguage":"pt-BR","@id":"https:\/\/agenciainfra.com\/blog\/#\/schema\/logo\/image\/","url":"https:\/\/agenciainfra.com\/blog\/wp-content\/uploads\/2023\/09\/iNFRA_5-e1761735885940.png","contentUrl":"https:\/\/agenciainfra.com\/blog\/wp-content\/uploads\/2023\/09\/iNFRA_5-e1761735885940.png","width":1672,"height":454,"caption":"Ag\u00eancia iNFRA"},"image":{"@id":"https:\/\/agenciainfra.com\/blog\/#\/schema\/logo\/image\/"},"sameAs":["https:\/\/www.facebook.com\/ageninfra","https:\/\/x.com\/agencia_infra","https:\/\/www.linkedin.com\/company\/ag\u00eanciainfra\/","https:\/\/www.instagram.com\/agenciainfra\/"]},{"@type":"Person","@id":"https:\/\/agenciainfra.com\/blog\/#\/schema\/person\/34af08dff6adea4cb22b06612ba7acfa","name":"Ag\u00eancia iNFRA","image":{"@type":"ImageObject","inLanguage":"pt-BR","@id":"https:\/\/agenciainfra.com\/blog\/#\/schema\/person\/image\/","url":"https:\/\/secure.gravatar.com\/avatar\/d189e01678f06d8eb84d4e01f08eb848b3fffe3f8443818d3c356c66892f5be8?s=96&d=mm&r=g","contentUrl":"https:\/\/secure.gravatar.com\/avatar\/d189e01678f06d8eb84d4e01f08eb848b3fffe3f8443818d3c356c66892f5be8?s=96&d=mm&r=g","caption":"Ag\u00eancia iNFRA"},"url":"https:\/\/agenciainfra.com\/blog\/author\/admin\/"}]}},"_links":{"self":[{"href":"https:\/\/agenciainfra.com\/blog\/wp-json\/wp\/v2\/posts\/29432","targetHints":{"allow":["GET"]}}],"collection":[{"href":"https:\/\/agenciainfra.com\/blog\/wp-json\/wp\/v2\/posts"}],"about":[{"href":"https:\/\/agenciainfra.com\/blog\/wp-json\/wp\/v2\/types\/post"}],"author":[{"embeddable":true,"href":"https:\/\/agenciainfra.com\/blog\/wp-json\/wp\/v2\/users\/1"}],"replies":[{"embeddable":true,"href":"https:\/\/agenciainfra.com\/blog\/wp-json\/wp\/v2\/comments?post=29432"}],"version-history":[{"count":2,"href":"https:\/\/agenciainfra.com\/blog\/wp-json\/wp\/v2\/posts\/29432\/revisions"}],"predecessor-version":[{"id":29472,"href":"https:\/\/agenciainfra.com\/blog\/wp-json\/wp\/v2\/posts\/29432\/revisions\/29472"}],"wp:featuredmedia":[{"embeddable":true,"href":"https:\/\/agenciainfra.com\/blog\/wp-json\/wp\/v2\/media\/7268"}],"wp:attachment":[{"href":"https:\/\/agenciainfra.com\/blog\/wp-json\/wp\/v2\/media?parent=29432"}],"wp:term":[{"taxonomy":"category","embeddable":true,"href":"https:\/\/agenciainfra.com\/blog\/wp-json\/wp\/v2\/categories?post=29432"},{"taxonomy":"post_tag","embeddable":true,"href":"https:\/\/agenciainfra.com\/blog\/wp-json\/wp\/v2\/tags?post=29432"}],"curies":[{"name":"wp","href":"https:\/\/api.w.org\/{rel}","templated":true}]}}