{"id":29438,"date":"2025-10-07T17:20:03","date_gmt":"2025-10-07T20:20:03","guid":{"rendered":"https:\/\/agenciainfra.com\/blog\/?p=29438"},"modified":"2025-10-07T18:00:51","modified_gmt":"2025-10-07T21:00:51","slug":"aneel-aprova-regras-para-descontos-no-uso-de-sistemas-de-transmissao","status":"publish","type":"post","link":"https:\/\/agenciainfra.com\/blog\/aneel-aprova-regras-para-descontos-no-uso-de-sistemas-de-transmissao\/","title":{"rendered":"ANEEL aprova regras para uso de redes de transmiss\u00e3o e distribui\u00e7\u00e3o"},"content":{"rendered":"\n<p class=\"has-text-align-right\"><strong>da Ag\u00eancia iNFRA<\/strong><\/p>\n\n\n\n<p>A ANEEL (Ag\u00eancia Nacional de Energia El\u00e9trica) aprovou, nesta ter\u00e7a-feira (7), uma nova resolu\u00e7\u00e3o que estabelece regras espec\u00edficas para a concess\u00e3o de descontos nas tarifas de uso dos sistemas de transmiss\u00e3o e distribui\u00e7\u00e3o aplicadas a empreendimentos de gera\u00e7\u00e3o de energia. A medida atende a um ac\u00f3rd\u00e3o do TCU (Tribunal de Contas da Uni\u00e3o) e visa a aprimorar a regulamenta\u00e7\u00e3o prevista na Lei n\u00ba 9.427\/1996.<\/p>\n\n\n\n<p>Pelas novas regras, apenas projetos com pot\u00eancia de at\u00e9 300 mil quilowatts poder\u00e3o usufruir do benef\u00edcio. O objetivo \u00e9 evitar que empreendimentos sejam divididos artificialmente em partes menores para obter o desconto tarif\u00e1rio, pr\u00e1tica que vinha sendo identificada em alguns casos.<\/p>\n\n\n\n<p>O tema foi debatido durante a Consulta P\u00fablica n\u00ba 13\/2024, aberta entre 22 de maio e 5 de julho, que recebeu 110 contribui\u00e7\u00f5es de 28 empresas e institui\u00e7\u00f5es do setor el\u00e9trico. De acordo com a ANEEL, a norma n\u00e3o ter\u00e1 efeito retroativo, preservando direitos j\u00e1 adquiridos e garantindo seguran\u00e7a jur\u00eddica aos agentes.<\/p>\n\n\n\n<p>A partir da publica\u00e7\u00e3o da resolu\u00e7\u00e3o, empreendimentos com Termo de Declara\u00e7\u00e3o de Prosseguimento da Autoriza\u00e7\u00e3o dever\u00e3o solicitar formalmente o enquadramento no benef\u00edcio, sujeito \u00e0 an\u00e1lise da Ag\u00eancia. J\u00e1 aqueles com o termo precisar\u00e3o reafirmar interesse no processo de outorga, apresentando documenta\u00e7\u00e3o atualizada.<\/p>\n\n\n\n<p>A ANEEL ficar\u00e1 respons\u00e1vel por classificar as outorgas conforme o conceito de \u201ccomplexo de gera\u00e7\u00e3o\u201d, enquanto a CCEE (C\u00e2mara de Comercializa\u00e7\u00e3o de Energia El\u00e9trica) far\u00e1 a verifica\u00e7\u00e3o da pot\u00eancia injetada. O regulamento busca assegurar que os benef\u00edcios tarif\u00e1rios sejam aplicados de forma justa e compat\u00edvel com a legisla\u00e7\u00e3o e as orienta\u00e7\u00f5es do TCU.<\/p>\n\n\n\n<p><\/p>\n","protected":false},"excerpt":{"rendered":"<p>da Ag\u00eancia iNFRA A ANEEL (Ag\u00eancia Nacional de Energia El\u00e9trica) aprovou, nesta ter\u00e7a-feira (7), uma nova resolu\u00e7\u00e3o que estabelece regras espec\u00edficas para a concess\u00e3o de descontos nas tarifas de uso dos sistemas de transmiss\u00e3o e distribui\u00e7\u00e3o aplicadas a empreendimentos de gera\u00e7\u00e3o de energia. A medida atende a um ac\u00f3rd\u00e3o do TCU (Tribunal de Contas da [&hellip;]<\/p>\n","protected":false},"author":1,"featured_media":26021,"comment_status":"closed","ping_status":"closed","sticky":false,"template":"","format":"standard","meta":{"_monsterinsights_skip_tracking":false,"_monsterinsights_sitenote_active":false,"_monsterinsights_sitenote_note":"","_monsterinsights_sitenote_category":0,"footnotes":""},"categories":[1,13576],"tags":[53,14,6965,282,2803,48,54,18,3753,4063],"class_list":["post-29438","post","type-post","status-publish","format-standard","has-post-thumbnail","hentry","category-geral","category-giro-infra","tag-aneel","tag-ccee","tag-desconto-tarifario","tag-energia-eletrica","tag-geracao-de-energia","tag-regulacao","tag-setor-eletrico","tag-tcu","tag-tusd","tag-tust"],"yoast_head":"<!-- This site is optimized with the Yoast SEO Premium plugin v25.4 (Yoast SEO v26.0) - https:\/\/yoast.com\/wordpress\/plugins\/seo\/ -->\n<title>ANEEL aprova regras para uso de redes de transmiss\u00e3o e distribui\u00e7\u00e3o - Ag\u00eancia iNFRA<\/title>\n<meta name=\"robots\" content=\"index, follow, max-snippet:-1, max-image-preview:large, max-video-preview:-1\" \/>\n<link rel=\"canonical\" href=\"https:\/\/agenciainfra.com\/blog\/aneel-aprova-regras-para-descontos-no-uso-de-sistemas-de-transmissao\/\" \/>\n<meta property=\"og:locale\" content=\"pt_BR\" \/>\n<meta property=\"og:type\" content=\"article\" \/>\n<meta property=\"og:title\" content=\"ANEEL aprova regras para uso de redes de transmiss\u00e3o e distribui\u00e7\u00e3o\" \/>\n<meta property=\"og:description\" content=\"da Ag\u00eancia iNFRA A ANEEL (Ag\u00eancia Nacional de Energia El\u00e9trica) aprovou, nesta ter\u00e7a-feira (7), uma nova resolu\u00e7\u00e3o que estabelece regras espec\u00edficas para a concess\u00e3o de descontos nas tarifas de uso dos sistemas de transmiss\u00e3o e distribui\u00e7\u00e3o aplicadas a empreendimentos de gera\u00e7\u00e3o de energia. A medida atende a um ac\u00f3rd\u00e3o do TCU (Tribunal de Contas da [&hellip;]\" \/>\n<meta property=\"og:url\" content=\"https:\/\/agenciainfra.com\/blog\/aneel-aprova-regras-para-descontos-no-uso-de-sistemas-de-transmissao\/\" \/>\n<meta property=\"og:site_name\" content=\"Ag\u00eancia iNFRA\" \/>\n<meta property=\"article:publisher\" content=\"https:\/\/www.facebook.com\/ageninfra\" \/>\n<meta property=\"article:published_time\" content=\"2025-10-07T20:20:03+00:00\" \/>\n<meta property=\"article:modified_time\" content=\"2025-10-07T21:00:51+00:00\" \/>\n<meta property=\"og:image\" content=\"https:\/\/agenciainfra.com\/blog\/wp-content\/uploads\/2025\/08\/foto-ANEEL-divulgacao.jpeg\" \/>\n\t<meta property=\"og:image:width\" content=\"768\" \/>\n\t<meta property=\"og:image:height\" content=\"460\" \/>\n\t<meta property=\"og:image:type\" content=\"image\/jpeg\" \/>\n<meta name=\"author\" content=\"Ag\u00eancia iNFRA\" \/>\n<meta name=\"twitter:card\" content=\"summary_large_image\" \/>\n<meta name=\"twitter:creator\" content=\"@agencia_infra\" \/>\n<meta name=\"twitter:site\" content=\"@agencia_infra\" \/>\n<meta name=\"twitter:label1\" content=\"Escrito por\" \/>\n\t<meta name=\"twitter:data1\" content=\"Ag\u00eancia iNFRA\" \/>\n\t<meta name=\"twitter:label2\" content=\"Est. tempo de leitura\" \/>\n\t<meta name=\"twitter:data2\" content=\"1 minuto\" \/>\n<script type=\"application\/ld+json\" class=\"yoast-schema-graph\">{\"@context\":\"https:\/\/schema.org\",\"@graph\":[{\"@type\":\"Article\",\"@id\":\"https:\/\/agenciainfra.com\/blog\/aneel-aprova-regras-para-descontos-no-uso-de-sistemas-de-transmissao\/#article\",\"isPartOf\":{\"@id\":\"https:\/\/agenciainfra.com\/blog\/aneel-aprova-regras-para-descontos-no-uso-de-sistemas-de-transmissao\/\"},\"author\":{\"name\":\"Ag\u00eancia iNFRA\",\"@id\":\"https:\/\/agenciainfra.com\/blog\/#\/schema\/person\/34af08dff6adea4cb22b06612ba7acfa\"},\"headline\":\"ANEEL aprova regras para uso de redes de transmiss\u00e3o e distribui\u00e7\u00e3o\",\"datePublished\":\"2025-10-07T20:20:03+00:00\",\"dateModified\":\"2025-10-07T21:00:51+00:00\",\"mainEntityOfPage\":{\"@id\":\"https:\/\/agenciainfra.com\/blog\/aneel-aprova-regras-para-descontos-no-uso-de-sistemas-de-transmissao\/\"},\"wordCount\":306,\"publisher\":{\"@id\":\"https:\/\/agenciainfra.com\/blog\/#organization\"},\"image\":{\"@id\":\"https:\/\/agenciainfra.com\/blog\/aneel-aprova-regras-para-descontos-no-uso-de-sistemas-de-transmissao\/#primaryimage\"},\"thumbnailUrl\":\"https:\/\/agenciainfra.com\/blog\/wp-content\/uploads\/2025\/08\/foto-ANEEL-divulgacao.jpeg\",\"keywords\":[\"ANEEL\",\"ccee\",\"desconto tarif\u00e1rio\",\"energia el\u00e9trica\",\"gera\u00e7\u00e3o de energia\",\"Regula\u00e7\u00e3o\",\"Setor El\u00e9trico\",\"TCU\",\"Tusd\",\"Tust\"],\"articleSection\":[\"Geral\",\"Giro iNFRA\"],\"inLanguage\":\"pt-BR\",\"copyrightYear\":\"2025\",\"copyrightHolder\":{\"@id\":\"https:\/\/agenciainfra.com\/blog\/#organization\"}},{\"@type\":\"WebPage\",\"@id\":\"https:\/\/agenciainfra.com\/blog\/aneel-aprova-regras-para-descontos-no-uso-de-sistemas-de-transmissao\/\",\"url\":\"https:\/\/agenciainfra.com\/blog\/aneel-aprova-regras-para-descontos-no-uso-de-sistemas-de-transmissao\/\",\"name\":\"ANEEL aprova regras para uso de redes de transmiss\u00e3o e distribui\u00e7\u00e3o - Ag\u00eancia iNFRA\",\"isPartOf\":{\"@id\":\"https:\/\/agenciainfra.com\/blog\/#website\"},\"primaryImageOfPage\":{\"@id\":\"https:\/\/agenciainfra.com\/blog\/aneel-aprova-regras-para-descontos-no-uso-de-sistemas-de-transmissao\/#primaryimage\"},\"image\":{\"@id\":\"https:\/\/agenciainfra.com\/blog\/aneel-aprova-regras-para-descontos-no-uso-de-sistemas-de-transmissao\/#primaryimage\"},\"thumbnailUrl\":\"https:\/\/agenciainfra.com\/blog\/wp-content\/uploads\/2025\/08\/foto-ANEEL-divulgacao.jpeg\",\"datePublished\":\"2025-10-07T20:20:03+00:00\",\"dateModified\":\"2025-10-07T21:00:51+00:00\",\"breadcrumb\":{\"@id\":\"https:\/\/agenciainfra.com\/blog\/aneel-aprova-regras-para-descontos-no-uso-de-sistemas-de-transmissao\/#breadcrumb\"},\"inLanguage\":\"pt-BR\",\"potentialAction\":[{\"@type\":\"ReadAction\",\"target\":[\"https:\/\/agenciainfra.com\/blog\/aneel-aprova-regras-para-descontos-no-uso-de-sistemas-de-transmissao\/\"]}]},{\"@type\":\"ImageObject\",\"inLanguage\":\"pt-BR\",\"@id\":\"https:\/\/agenciainfra.com\/blog\/aneel-aprova-regras-para-descontos-no-uso-de-sistemas-de-transmissao\/#primaryimage\",\"url\":\"https:\/\/agenciainfra.com\/blog\/wp-content\/uploads\/2025\/08\/foto-ANEEL-divulgacao.jpeg\",\"contentUrl\":\"https:\/\/agenciainfra.com\/blog\/wp-content\/uploads\/2025\/08\/foto-ANEEL-divulgacao.jpeg\",\"width\":768,\"height\":460,\"caption\":\"Foto: ANEEL\/Divulga\u00e7\u00e3o\"},{\"@type\":\"BreadcrumbList\",\"@id\":\"https:\/\/agenciainfra.com\/blog\/aneel-aprova-regras-para-descontos-no-uso-de-sistemas-de-transmissao\/#breadcrumb\",\"itemListElement\":[{\"@type\":\"ListItem\",\"position\":1,\"name\":\"In\u00edcio\",\"item\":\"https:\/\/agenciainfra.com\/blog\/\"},{\"@type\":\"ListItem\",\"position\":2,\"name\":\"ANEEL aprova regras para uso de redes de transmiss\u00e3o e distribui\u00e7\u00e3o\"}]},{\"@type\":\"WebSite\",\"@id\":\"https:\/\/agenciainfra.com\/blog\/#website\",\"url\":\"https:\/\/agenciainfra.com\/blog\/\",\"name\":\"Ag\u00eancia iNFRA\",\"description\":\"Multiplataforma de informa\u00e7\u00e3o jornal\u00edstica refer\u00eancia na \u00e1rea de infraestrutura no Brasil!\",\"publisher\":{\"@id\":\"https:\/\/agenciainfra.com\/blog\/#organization\"},\"potentialAction\":[{\"@type\":\"SearchAction\",\"target\":{\"@type\":\"EntryPoint\",\"urlTemplate\":\"https:\/\/agenciainfra.com\/blog\/?s={search_term_string}\"},\"query-input\":{\"@type\":\"PropertyValueSpecification\",\"valueRequired\":true,\"valueName\":\"search_term_string\"}}],\"inLanguage\":\"pt-BR\"},{\"@type\":\"Organization\",\"@id\":\"https:\/\/agenciainfra.com\/blog\/#organization\",\"name\":\"Ag\u00eancia iNFRA\",\"url\":\"https:\/\/agenciainfra.com\/blog\/\",\"logo\":{\"@type\":\"ImageObject\",\"inLanguage\":\"pt-BR\",\"@id\":\"https:\/\/agenciainfra.com\/blog\/#\/schema\/logo\/image\/\",\"url\":\"https:\/\/agenciainfra.com\/blog\/wp-content\/uploads\/2023\/09\/iNFRA_5-e1761735885940.png\",\"contentUrl\":\"https:\/\/agenciainfra.com\/blog\/wp-content\/uploads\/2023\/09\/iNFRA_5-e1761735885940.png\",\"width\":1672,\"height\":454,\"caption\":\"Ag\u00eancia iNFRA\"},\"image\":{\"@id\":\"https:\/\/agenciainfra.com\/blog\/#\/schema\/logo\/image\/\"},\"sameAs\":[\"https:\/\/www.facebook.com\/ageninfra\",\"https:\/\/x.com\/agencia_infra\",\"https:\/\/www.linkedin.com\/company\/ag\u00eanciainfra\/\",\"https:\/\/www.instagram.com\/agenciainfra\/\"]},{\"@type\":\"Person\",\"@id\":\"https:\/\/agenciainfra.com\/blog\/#\/schema\/person\/34af08dff6adea4cb22b06612ba7acfa\",\"name\":\"Ag\u00eancia iNFRA\",\"image\":{\"@type\":\"ImageObject\",\"inLanguage\":\"pt-BR\",\"@id\":\"https:\/\/agenciainfra.com\/blog\/#\/schema\/person\/image\/\",\"url\":\"https:\/\/secure.gravatar.com\/avatar\/d189e01678f06d8eb84d4e01f08eb848b3fffe3f8443818d3c356c66892f5be8?s=96&d=mm&r=g\",\"contentUrl\":\"https:\/\/secure.gravatar.com\/avatar\/d189e01678f06d8eb84d4e01f08eb848b3fffe3f8443818d3c356c66892f5be8?s=96&d=mm&r=g\",\"caption\":\"Ag\u00eancia iNFRA\"},\"url\":\"https:\/\/agenciainfra.com\/blog\/author\/admin\/\"}]}<\/script>\n<!-- \/ Yoast SEO Premium plugin. -->","yoast_head_json":{"title":"ANEEL aprova regras para uso de redes de transmiss\u00e3o e distribui\u00e7\u00e3o - Ag\u00eancia iNFRA","robots":{"index":"index","follow":"follow","max-snippet":"max-snippet:-1","max-image-preview":"max-image-preview:large","max-video-preview":"max-video-preview:-1"},"canonical":"https:\/\/agenciainfra.com\/blog\/aneel-aprova-regras-para-descontos-no-uso-de-sistemas-de-transmissao\/","og_locale":"pt_BR","og_type":"article","og_title":"ANEEL aprova regras para uso de redes de transmiss\u00e3o e distribui\u00e7\u00e3o","og_description":"da Ag\u00eancia iNFRA A ANEEL (Ag\u00eancia Nacional de Energia El\u00e9trica) aprovou, nesta ter\u00e7a-feira (7), uma nova resolu\u00e7\u00e3o que estabelece regras espec\u00edficas para a concess\u00e3o de descontos nas tarifas de uso dos sistemas de transmiss\u00e3o e distribui\u00e7\u00e3o aplicadas a empreendimentos de gera\u00e7\u00e3o de energia. A medida atende a um ac\u00f3rd\u00e3o do TCU (Tribunal de Contas da [&hellip;]","og_url":"https:\/\/agenciainfra.com\/blog\/aneel-aprova-regras-para-descontos-no-uso-de-sistemas-de-transmissao\/","og_site_name":"Ag\u00eancia iNFRA","article_publisher":"https:\/\/www.facebook.com\/ageninfra","article_published_time":"2025-10-07T20:20:03+00:00","article_modified_time":"2025-10-07T21:00:51+00:00","og_image":[{"width":768,"height":460,"url":"https:\/\/agenciainfra.com\/blog\/wp-content\/uploads\/2025\/08\/foto-ANEEL-divulgacao.jpeg","type":"image\/jpeg"}],"author":"Ag\u00eancia iNFRA","twitter_card":"summary_large_image","twitter_creator":"@agencia_infra","twitter_site":"@agencia_infra","twitter_misc":{"Escrito por":"Ag\u00eancia iNFRA","Est. tempo de leitura":"1 minuto"},"schema":{"@context":"https:\/\/schema.org","@graph":[{"@type":"Article","@id":"https:\/\/agenciainfra.com\/blog\/aneel-aprova-regras-para-descontos-no-uso-de-sistemas-de-transmissao\/#article","isPartOf":{"@id":"https:\/\/agenciainfra.com\/blog\/aneel-aprova-regras-para-descontos-no-uso-de-sistemas-de-transmissao\/"},"author":{"name":"Ag\u00eancia iNFRA","@id":"https:\/\/agenciainfra.com\/blog\/#\/schema\/person\/34af08dff6adea4cb22b06612ba7acfa"},"headline":"ANEEL aprova regras para uso de redes de transmiss\u00e3o e distribui\u00e7\u00e3o","datePublished":"2025-10-07T20:20:03+00:00","dateModified":"2025-10-07T21:00:51+00:00","mainEntityOfPage":{"@id":"https:\/\/agenciainfra.com\/blog\/aneel-aprova-regras-para-descontos-no-uso-de-sistemas-de-transmissao\/"},"wordCount":306,"publisher":{"@id":"https:\/\/agenciainfra.com\/blog\/#organization"},"image":{"@id":"https:\/\/agenciainfra.com\/blog\/aneel-aprova-regras-para-descontos-no-uso-de-sistemas-de-transmissao\/#primaryimage"},"thumbnailUrl":"https:\/\/agenciainfra.com\/blog\/wp-content\/uploads\/2025\/08\/foto-ANEEL-divulgacao.jpeg","keywords":["ANEEL","ccee","desconto tarif\u00e1rio","energia el\u00e9trica","gera\u00e7\u00e3o de energia","Regula\u00e7\u00e3o","Setor El\u00e9trico","TCU","Tusd","Tust"],"articleSection":["Geral","Giro iNFRA"],"inLanguage":"pt-BR","copyrightYear":"2025","copyrightHolder":{"@id":"https:\/\/agenciainfra.com\/blog\/#organization"}},{"@type":"WebPage","@id":"https:\/\/agenciainfra.com\/blog\/aneel-aprova-regras-para-descontos-no-uso-de-sistemas-de-transmissao\/","url":"https:\/\/agenciainfra.com\/blog\/aneel-aprova-regras-para-descontos-no-uso-de-sistemas-de-transmissao\/","name":"ANEEL aprova regras para uso de redes de transmiss\u00e3o e distribui\u00e7\u00e3o - Ag\u00eancia iNFRA","isPartOf":{"@id":"https:\/\/agenciainfra.com\/blog\/#website"},"primaryImageOfPage":{"@id":"https:\/\/agenciainfra.com\/blog\/aneel-aprova-regras-para-descontos-no-uso-de-sistemas-de-transmissao\/#primaryimage"},"image":{"@id":"https:\/\/agenciainfra.com\/blog\/aneel-aprova-regras-para-descontos-no-uso-de-sistemas-de-transmissao\/#primaryimage"},"thumbnailUrl":"https:\/\/agenciainfra.com\/blog\/wp-content\/uploads\/2025\/08\/foto-ANEEL-divulgacao.jpeg","datePublished":"2025-10-07T20:20:03+00:00","dateModified":"2025-10-07T21:00:51+00:00","breadcrumb":{"@id":"https:\/\/agenciainfra.com\/blog\/aneel-aprova-regras-para-descontos-no-uso-de-sistemas-de-transmissao\/#breadcrumb"},"inLanguage":"pt-BR","potentialAction":[{"@type":"ReadAction","target":["https:\/\/agenciainfra.com\/blog\/aneel-aprova-regras-para-descontos-no-uso-de-sistemas-de-transmissao\/"]}]},{"@type":"ImageObject","inLanguage":"pt-BR","@id":"https:\/\/agenciainfra.com\/blog\/aneel-aprova-regras-para-descontos-no-uso-de-sistemas-de-transmissao\/#primaryimage","url":"https:\/\/agenciainfra.com\/blog\/wp-content\/uploads\/2025\/08\/foto-ANEEL-divulgacao.jpeg","contentUrl":"https:\/\/agenciainfra.com\/blog\/wp-content\/uploads\/2025\/08\/foto-ANEEL-divulgacao.jpeg","width":768,"height":460,"caption":"Foto: ANEEL\/Divulga\u00e7\u00e3o"},{"@type":"BreadcrumbList","@id":"https:\/\/agenciainfra.com\/blog\/aneel-aprova-regras-para-descontos-no-uso-de-sistemas-de-transmissao\/#breadcrumb","itemListElement":[{"@type":"ListItem","position":1,"name":"In\u00edcio","item":"https:\/\/agenciainfra.com\/blog\/"},{"@type":"ListItem","position":2,"name":"ANEEL aprova regras para uso de redes de transmiss\u00e3o e distribui\u00e7\u00e3o"}]},{"@type":"WebSite","@id":"https:\/\/agenciainfra.com\/blog\/#website","url":"https:\/\/agenciainfra.com\/blog\/","name":"Ag\u00eancia iNFRA","description":"Multiplataforma de informa\u00e7\u00e3o jornal\u00edstica refer\u00eancia na \u00e1rea de infraestrutura no Brasil!","publisher":{"@id":"https:\/\/agenciainfra.com\/blog\/#organization"},"potentialAction":[{"@type":"SearchAction","target":{"@type":"EntryPoint","urlTemplate":"https:\/\/agenciainfra.com\/blog\/?s={search_term_string}"},"query-input":{"@type":"PropertyValueSpecification","valueRequired":true,"valueName":"search_term_string"}}],"inLanguage":"pt-BR"},{"@type":"Organization","@id":"https:\/\/agenciainfra.com\/blog\/#organization","name":"Ag\u00eancia iNFRA","url":"https:\/\/agenciainfra.com\/blog\/","logo":{"@type":"ImageObject","inLanguage":"pt-BR","@id":"https:\/\/agenciainfra.com\/blog\/#\/schema\/logo\/image\/","url":"https:\/\/agenciainfra.com\/blog\/wp-content\/uploads\/2023\/09\/iNFRA_5-e1761735885940.png","contentUrl":"https:\/\/agenciainfra.com\/blog\/wp-content\/uploads\/2023\/09\/iNFRA_5-e1761735885940.png","width":1672,"height":454,"caption":"Ag\u00eancia iNFRA"},"image":{"@id":"https:\/\/agenciainfra.com\/blog\/#\/schema\/logo\/image\/"},"sameAs":["https:\/\/www.facebook.com\/ageninfra","https:\/\/x.com\/agencia_infra","https:\/\/www.linkedin.com\/company\/ag\u00eanciainfra\/","https:\/\/www.instagram.com\/agenciainfra\/"]},{"@type":"Person","@id":"https:\/\/agenciainfra.com\/blog\/#\/schema\/person\/34af08dff6adea4cb22b06612ba7acfa","name":"Ag\u00eancia iNFRA","image":{"@type":"ImageObject","inLanguage":"pt-BR","@id":"https:\/\/agenciainfra.com\/blog\/#\/schema\/person\/image\/","url":"https:\/\/secure.gravatar.com\/avatar\/d189e01678f06d8eb84d4e01f08eb848b3fffe3f8443818d3c356c66892f5be8?s=96&d=mm&r=g","contentUrl":"https:\/\/secure.gravatar.com\/avatar\/d189e01678f06d8eb84d4e01f08eb848b3fffe3f8443818d3c356c66892f5be8?s=96&d=mm&r=g","caption":"Ag\u00eancia iNFRA"},"url":"https:\/\/agenciainfra.com\/blog\/author\/admin\/"}]}},"_links":{"self":[{"href":"https:\/\/agenciainfra.com\/blog\/wp-json\/wp\/v2\/posts\/29438","targetHints":{"allow":["GET"]}}],"collection":[{"href":"https:\/\/agenciainfra.com\/blog\/wp-json\/wp\/v2\/posts"}],"about":[{"href":"https:\/\/agenciainfra.com\/blog\/wp-json\/wp\/v2\/types\/post"}],"author":[{"embeddable":true,"href":"https:\/\/agenciainfra.com\/blog\/wp-json\/wp\/v2\/users\/1"}],"replies":[{"embeddable":true,"href":"https:\/\/agenciainfra.com\/blog\/wp-json\/wp\/v2\/comments?post=29438"}],"version-history":[{"count":2,"href":"https:\/\/agenciainfra.com\/blog\/wp-json\/wp\/v2\/posts\/29438\/revisions"}],"predecessor-version":[{"id":29446,"href":"https:\/\/agenciainfra.com\/blog\/wp-json\/wp\/v2\/posts\/29438\/revisions\/29446"}],"wp:featuredmedia":[{"embeddable":true,"href":"https:\/\/agenciainfra.com\/blog\/wp-json\/wp\/v2\/media\/26021"}],"wp:attachment":[{"href":"https:\/\/agenciainfra.com\/blog\/wp-json\/wp\/v2\/media?parent=29438"}],"wp:term":[{"taxonomy":"category","embeddable":true,"href":"https:\/\/agenciainfra.com\/blog\/wp-json\/wp\/v2\/categories?post=29438"},{"taxonomy":"post_tag","embeddable":true,"href":"https:\/\/agenciainfra.com\/blog\/wp-json\/wp\/v2\/tags?post=29438"}],"curies":[{"name":"wp","href":"https:\/\/api.w.org\/{rel}","templated":true}]}}