{"id":2947,"date":"2019-03-06T04:00:29","date_gmt":"2019-03-06T07:00:29","guid":{"rendered":"http:\/\/www.agenciainfra.com\/blog\/?p=2947"},"modified":"2019-02-28T08:37:57","modified_gmt":"2019-02-28T11:37:57","slug":"antt-apresenta-plano-para-tornar-mercado-de-onibus-interestaduais-semelhante-a-aviacao","status":"publish","type":"post","link":"https:\/\/agenciainfra.com\/blog\/antt-apresenta-plano-para-tornar-mercado-de-onibus-interestaduais-semelhante-a-aviacao\/","title":{"rendered":"ANTT apresenta plano para tornar mercado de \u00f4nibus interestaduais semelhante \u00e0 avia\u00e7\u00e3o"},"content":{"rendered":"<div>\n<h5 style=\"text-align: right;\"><strong>Dimmi Amora,\u00a0da Ag\u00eancia iNFRA<\/strong><\/h5>\n<p>Est\u00e1 conclu\u00edda pela \u00e1rea t\u00e9cnica da ANTT (Ag\u00eancia Nacional de Transportes Terrestres) minuta de resolu\u00e7\u00e3o para aprofundar ainda mais as transforma\u00e7\u00f5es do mercado de transporte de passageiros interestadual de \u00f4nibus e tornar as regras semelhantes ao do sistema de avia\u00e7\u00e3o civil.<\/p>\n<p>A ideia \u00e9 ampliar a liberdade tarif\u00e1ria e dar total liberdade para as empresas ofertarem rotas, o que hoje ainda tem restri\u00e7\u00f5es, mesmo com a mudan\u00e7a do regime de concess\u00e3o para autoriza\u00e7\u00e3o, realizada em 2014.<\/p>\n<p>Outras duas mudan\u00e7as importantes na proposta s\u00e3o a amplia\u00e7\u00e3o do conceito de localidade, que agora n\u00e3o ser\u00e1 mais por cidade e sim por regi\u00e3o. O intuito \u00e9 fazer com que seja poss\u00edvel mais empresas atuarem nos mercados que hoje t\u00eam restri\u00e7\u00f5es pela infraestrutura.<\/p>\n<p>Outra altera\u00e7\u00e3o\u00a0significativa seria no pr\u00f3prio conceito do que \u00e9 infraestrutura, hoje restrito a instala\u00e7\u00f5es rodovi\u00e1rias. A ideia \u00e9 fazer com que outros locais, como shoppings, centros de conven\u00e7\u00f5es e outras \u00e1reas que ofere\u00e7am\u00a0estrutura adequada aos ve\u00edculos e passageiros possam tamb\u00e9m ser usados no transporte interestadual.<\/p>\n<p>As barreiras de entrada para as empresas tamb\u00e9m ser\u00e3o reduzidas, com menos exig\u00eancias da ANTT em rela\u00e7\u00e3o a capital social das empresas, por exemplo, que cai de R$ 2 milh\u00f5es para R$ 200 mil. A inten\u00e7\u00e3o do plano \u00e9 ampliar fortemente a concorr\u00eancia tanto no mercado de \u00f4nibus como o de infraestrutura de rodovi\u00e1rias, focando a fiscaliza\u00e7\u00e3o na qualidade, com aumento das puni\u00e7\u00f5es por descumprimento.<\/p>\n<p>Como na avia\u00e7\u00e3o civil, a inten\u00e7\u00e3o da nova regulamenta\u00e7\u00e3o \u00e9 fazer uma fiscaliza\u00e7\u00e3o voltada para a qualidade da presta\u00e7\u00e3o do servi\u00e7o, com a an\u00e1lise da qualidade dos \u00f4nibus e do cumprimento de regras de seguran\u00e7a e conforto, por exemplo.<\/p>\n<p>A ideia se assemelha ao que o pa\u00eds experimentou na d\u00e9cada passada na Avia\u00e7\u00e3o Civil, quando se iniciou o processo de desregulamenta\u00e7\u00e3o de rotas e pre\u00e7os. Na \u00e9poca, houve muita resist\u00eancia \u00e0 implanta\u00e7\u00e3o pelo temor de que as empresas n\u00e3o teriam capacidade de se manter e os pre\u00e7os subiriam. Ocorreu o inverso.<\/p>\n<p><strong>Reuni\u00e3o com empresas<\/strong><br \/>\nA primeira apresenta\u00e7\u00e3o da proposta foi realizada numa Reuni\u00e3o Participativa em 26 de fevereiro, na sede da ag\u00eancia em Bras\u00edlia. Uma segunda reuni\u00e3o est\u00e1 prevista para 12 de mar\u00e7o, quando a proposta de nova resolu\u00e7\u00e3o\u00a0ser\u00e1 apresentada. Depois disso, a proposta ser\u00e1 colocada em audi\u00eancia p\u00fablica.<\/p>\n<p>A primeira reuni\u00e3o mostrou que as empresas t\u00eam d\u00favidas e tamb\u00e9m resist\u00eancias ao modelo. Hoje, as rotas ainda t\u00eam restri\u00e7\u00f5es impostas por uma regra de concorr\u00eancia ruinosa que foi implementada na regulamenta\u00e7\u00e3o de 2015, al\u00e9m de garantias de quantidades m\u00ednimas de servi\u00e7o, por exemplo. Com esse conceito, a ag\u00eancia acaba tendo que regular quais linhas pode liberar.<\/p>\n<p>Os representantes das companhias tamb\u00e9m alertaram para problemas como o elevado n\u00famero de gratuidades obrigat\u00f3rias por lei (hoje cerca de 15%), o ICMS sobre a passagem (o que n\u00e3o \u00e9 pago na avia\u00e7\u00e3o) e a pirataria do \u00f4nibus que n\u00e3o obedecem a qualquer tipo de regra da ag\u00eancia.<\/p>\n<p>H\u00e1 press\u00e3o para que a ANTT mantenha regras de pre\u00e7os \u2013 o que termina mesmo com a atual resolu\u00e7\u00e3o neste ano \u2013 e tamb\u00e9m de linhas, sob a alega\u00e7\u00e3o de riscos para a concorr\u00eancia.<\/p>\n<\/div>\n","protected":false},"excerpt":{"rendered":"<p>Dimmi Amora,\u00a0da Ag\u00eancia iNFRA Est\u00e1 conclu\u00edda pela \u00e1rea t\u00e9cnica da ANTT (Ag\u00eancia Nacional de Transportes Terrestres) minuta de resolu\u00e7\u00e3o para aprofundar ainda mais as transforma\u00e7\u00f5es do mercado de transporte de passageiros interestadual de \u00f4nibus e tornar as regras semelhantes ao do sistema de avia\u00e7\u00e3o civil. A ideia \u00e9 ampliar a liberdade tarif\u00e1ria e dar total [&hellip;]<\/p>\n","protected":false},"author":9,"featured_media":2952,"comment_status":"closed","ping_status":"open","sticky":false,"template":"","format":"standard","meta":{"_monsterinsights_skip_tracking":false,"_monsterinsights_sitenote_active":false,"_monsterinsights_sitenote_note":"","_monsterinsights_sitenote_category":0,"footnotes":""},"categories":[7],"tags":[19,838,837,836,835],"class_list":["post-2947","post","type-post","status-publish","format-standard","has-post-thumbnail","hentry","category-infratransporte","tag-antt","tag-infraestrutura-rodoviaria","tag-liberdade-tarifaria","tag-onibus-interestaduais","tag-transporte-interestadual-de-onibus"],"yoast_head":"<!-- This site is optimized with the Yoast SEO Premium plugin v25.4 (Yoast SEO v26.0) - https:\/\/yoast.com\/wordpress\/plugins\/seo\/ -->\n<title>ANTT apresenta plano para tornar mercado de \u00f4nibus interestaduais semelhante \u00e0 avia\u00e7\u00e3o - Ag\u00eancia iNFRA<\/title>\n<meta name=\"robots\" content=\"index, follow, max-snippet:-1, max-image-preview:large, max-video-preview:-1\" \/>\n<link rel=\"canonical\" href=\"https:\/\/agenciainfra.com\/blog\/antt-apresenta-plano-para-tornar-mercado-de-onibus-interestaduais-semelhante-a-aviacao\/\" \/>\n<meta property=\"og:locale\" content=\"pt_BR\" \/>\n<meta property=\"og:type\" content=\"article\" \/>\n<meta property=\"og:title\" content=\"ANTT apresenta plano para tornar mercado de \u00f4nibus interestaduais semelhante \u00e0 avia\u00e7\u00e3o\" \/>\n<meta property=\"og:description\" content=\"Dimmi Amora,\u00a0da Ag\u00eancia iNFRA Est\u00e1 conclu\u00edda pela \u00e1rea t\u00e9cnica da ANTT (Ag\u00eancia Nacional de Transportes Terrestres) minuta de resolu\u00e7\u00e3o para aprofundar ainda mais as transforma\u00e7\u00f5es do mercado de transporte de passageiros interestadual de \u00f4nibus e tornar as regras semelhantes ao do sistema de avia\u00e7\u00e3o civil. A ideia \u00e9 ampliar a liberdade tarif\u00e1ria e dar total [&hellip;]\" \/>\n<meta property=\"og:url\" content=\"https:\/\/agenciainfra.com\/blog\/antt-apresenta-plano-para-tornar-mercado-de-onibus-interestaduais-semelhante-a-aviacao\/\" \/>\n<meta property=\"og:site_name\" content=\"Ag\u00eancia iNFRA\" \/>\n<meta property=\"article:publisher\" content=\"https:\/\/www.facebook.com\/ageninfra\" \/>\n<meta property=\"article:published_time\" content=\"2019-03-06T07:00:29+00:00\" \/>\n<meta property=\"og:image\" content=\"https:\/\/agenciainfra.com\/blog\/wp-content\/uploads\/2019\/02\/onibus-interestadual-arquivo-agencia-brasil-1024x682.jpg\" \/>\n\t<meta property=\"og:image:width\" content=\"1024\" \/>\n\t<meta property=\"og:image:height\" content=\"682\" \/>\n\t<meta property=\"og:image:type\" content=\"image\/jpeg\" \/>\n<meta name=\"author\" content=\"Rodrigo Zuquim\" \/>\n<meta name=\"twitter:card\" content=\"summary_large_image\" \/>\n<meta name=\"twitter:creator\" content=\"@agencia_infra\" \/>\n<meta name=\"twitter:site\" content=\"@agencia_infra\" \/>\n<meta name=\"twitter:label1\" content=\"Escrito por\" \/>\n\t<meta name=\"twitter:data1\" content=\"Rodrigo Zuquim\" \/>\n\t<meta name=\"twitter:label2\" content=\"Est. tempo de leitura\" \/>\n\t<meta name=\"twitter:data2\" content=\"3 minutos\" \/>\n<script type=\"application\/ld+json\" class=\"yoast-schema-graph\">{\"@context\":\"https:\/\/schema.org\",\"@graph\":[{\"@type\":\"Article\",\"@id\":\"https:\/\/agenciainfra.com\/blog\/antt-apresenta-plano-para-tornar-mercado-de-onibus-interestaduais-semelhante-a-aviacao\/#article\",\"isPartOf\":{\"@id\":\"https:\/\/agenciainfra.com\/blog\/antt-apresenta-plano-para-tornar-mercado-de-onibus-interestaduais-semelhante-a-aviacao\/\"},\"author\":{\"name\":\"Rodrigo Zuquim\",\"@id\":\"https:\/\/agenciainfra.com\/blog\/#\/schema\/person\/04dbb79bd6d8951f063da71f3e4c1eb1\"},\"headline\":\"ANTT apresenta plano para tornar mercado de \u00f4nibus interestaduais semelhante \u00e0 avia\u00e7\u00e3o\",\"datePublished\":\"2019-03-06T07:00:29+00:00\",\"mainEntityOfPage\":{\"@id\":\"https:\/\/agenciainfra.com\/blog\/antt-apresenta-plano-para-tornar-mercado-de-onibus-interestaduais-semelhante-a-aviacao\/\"},\"wordCount\":601,\"publisher\":{\"@id\":\"https:\/\/agenciainfra.com\/blog\/#organization\"},\"image\":{\"@id\":\"https:\/\/agenciainfra.com\/blog\/antt-apresenta-plano-para-tornar-mercado-de-onibus-interestaduais-semelhante-a-aviacao\/#primaryimage\"},\"thumbnailUrl\":\"https:\/\/agenciainfra.com\/blog\/wp-content\/uploads\/2019\/02\/onibus-interestadual-arquivo-agencia-brasil.jpg\",\"keywords\":[\"ANTT\",\"infraestrutura rodovi\u00e1ria\",\"liberdade tarif\u00e1ria\",\"\u00f4nibus interestaduais\",\"transporte interestadual de \u00f4nibus\"],\"articleSection\":[\"iNFRATransporte\"],\"inLanguage\":\"pt-BR\",\"copyrightYear\":\"2019\",\"copyrightHolder\":{\"@id\":\"https:\/\/agenciainfra.com\/blog\/#organization\"}},{\"@type\":\"WebPage\",\"@id\":\"https:\/\/agenciainfra.com\/blog\/antt-apresenta-plano-para-tornar-mercado-de-onibus-interestaduais-semelhante-a-aviacao\/\",\"url\":\"https:\/\/agenciainfra.com\/blog\/antt-apresenta-plano-para-tornar-mercado-de-onibus-interestaduais-semelhante-a-aviacao\/\",\"name\":\"ANTT apresenta plano para tornar mercado de \u00f4nibus interestaduais semelhante \u00e0 avia\u00e7\u00e3o - Ag\u00eancia iNFRA\",\"isPartOf\":{\"@id\":\"https:\/\/agenciainfra.com\/blog\/#website\"},\"primaryImageOfPage\":{\"@id\":\"https:\/\/agenciainfra.com\/blog\/antt-apresenta-plano-para-tornar-mercado-de-onibus-interestaduais-semelhante-a-aviacao\/#primaryimage\"},\"image\":{\"@id\":\"https:\/\/agenciainfra.com\/blog\/antt-apresenta-plano-para-tornar-mercado-de-onibus-interestaduais-semelhante-a-aviacao\/#primaryimage\"},\"thumbnailUrl\":\"https:\/\/agenciainfra.com\/blog\/wp-content\/uploads\/2019\/02\/onibus-interestadual-arquivo-agencia-brasil.jpg\",\"datePublished\":\"2019-03-06T07:00:29+00:00\",\"breadcrumb\":{\"@id\":\"https:\/\/agenciainfra.com\/blog\/antt-apresenta-plano-para-tornar-mercado-de-onibus-interestaduais-semelhante-a-aviacao\/#breadcrumb\"},\"inLanguage\":\"pt-BR\",\"potentialAction\":[{\"@type\":\"ReadAction\",\"target\":[\"https:\/\/agenciainfra.com\/blog\/antt-apresenta-plano-para-tornar-mercado-de-onibus-interestaduais-semelhante-a-aviacao\/\"]}]},{\"@type\":\"ImageObject\",\"inLanguage\":\"pt-BR\",\"@id\":\"https:\/\/agenciainfra.com\/blog\/antt-apresenta-plano-para-tornar-mercado-de-onibus-interestaduais-semelhante-a-aviacao\/#primaryimage\",\"url\":\"https:\/\/agenciainfra.com\/blog\/wp-content\/uploads\/2019\/02\/onibus-interestadual-arquivo-agencia-brasil.jpg\",\"contentUrl\":\"https:\/\/agenciainfra.com\/blog\/wp-content\/uploads\/2019\/02\/onibus-interestadual-arquivo-agencia-brasil.jpg\",\"width\":2661,\"height\":1772,\"caption\":\"Foto:\"},{\"@type\":\"BreadcrumbList\",\"@id\":\"https:\/\/agenciainfra.com\/blog\/antt-apresenta-plano-para-tornar-mercado-de-onibus-interestaduais-semelhante-a-aviacao\/#breadcrumb\",\"itemListElement\":[{\"@type\":\"ListItem\",\"position\":1,\"name\":\"In\u00edcio\",\"item\":\"https:\/\/agenciainfra.com\/blog\/\"},{\"@type\":\"ListItem\",\"position\":2,\"name\":\"ANTT apresenta plano para tornar mercado de \u00f4nibus interestaduais semelhante \u00e0 avia\u00e7\u00e3o\"}]},{\"@type\":\"WebSite\",\"@id\":\"https:\/\/agenciainfra.com\/blog\/#website\",\"url\":\"https:\/\/agenciainfra.com\/blog\/\",\"name\":\"Ag\u00eancia iNFRA\",\"description\":\"Multiplataforma de informa\u00e7\u00e3o jornal\u00edstica refer\u00eancia na \u00e1rea de infraestrutura no Brasil!\",\"publisher\":{\"@id\":\"https:\/\/agenciainfra.com\/blog\/#organization\"},\"potentialAction\":[{\"@type\":\"SearchAction\",\"target\":{\"@type\":\"EntryPoint\",\"urlTemplate\":\"https:\/\/agenciainfra.com\/blog\/?s={search_term_string}\"},\"query-input\":{\"@type\":\"PropertyValueSpecification\",\"valueRequired\":true,\"valueName\":\"search_term_string\"}}],\"inLanguage\":\"pt-BR\"},{\"@type\":\"Organization\",\"@id\":\"https:\/\/agenciainfra.com\/blog\/#organization\",\"name\":\"Ag\u00eancia iNFRA\",\"url\":\"https:\/\/agenciainfra.com\/blog\/\",\"logo\":{\"@type\":\"ImageObject\",\"inLanguage\":\"pt-BR\",\"@id\":\"https:\/\/agenciainfra.com\/blog\/#\/schema\/logo\/image\/\",\"url\":\"https:\/\/agenciainfra.com\/blog\/wp-content\/uploads\/2023\/09\/iNFRA_5-e1761735885940.png\",\"contentUrl\":\"https:\/\/agenciainfra.com\/blog\/wp-content\/uploads\/2023\/09\/iNFRA_5-e1761735885940.png\",\"width\":1672,\"height\":454,\"caption\":\"Ag\u00eancia iNFRA\"},\"image\":{\"@id\":\"https:\/\/agenciainfra.com\/blog\/#\/schema\/logo\/image\/\"},\"sameAs\":[\"https:\/\/www.facebook.com\/ageninfra\",\"https:\/\/x.com\/agencia_infra\",\"https:\/\/www.linkedin.com\/company\/ag\u00eanciainfra\/\",\"https:\/\/www.instagram.com\/agenciainfra\/\"]},{\"@type\":\"Person\",\"@id\":\"https:\/\/agenciainfra.com\/blog\/#\/schema\/person\/04dbb79bd6d8951f063da71f3e4c1eb1\",\"name\":\"Rodrigo Zuquim\",\"image\":{\"@type\":\"ImageObject\",\"inLanguage\":\"pt-BR\",\"@id\":\"https:\/\/agenciainfra.com\/blog\/#\/schema\/person\/image\/\",\"url\":\"https:\/\/secure.gravatar.com\/avatar\/594abfe82761d620726242ff34ca472a705a4b97f16c790053a6b4c4035274d0?s=96&d=mm&r=g\",\"contentUrl\":\"https:\/\/secure.gravatar.com\/avatar\/594abfe82761d620726242ff34ca472a705a4b97f16c790053a6b4c4035274d0?s=96&d=mm&r=g\",\"caption\":\"Rodrigo Zuquim\"},\"url\":\"https:\/\/agenciainfra.com\/blog\/author\/rodrigo-zuquim\/\"}]}<\/script>\n<!-- \/ Yoast SEO Premium plugin. -->","yoast_head_json":{"title":"ANTT apresenta plano para tornar mercado de \u00f4nibus interestaduais semelhante \u00e0 avia\u00e7\u00e3o - Ag\u00eancia iNFRA","robots":{"index":"index","follow":"follow","max-snippet":"max-snippet:-1","max-image-preview":"max-image-preview:large","max-video-preview":"max-video-preview:-1"},"canonical":"https:\/\/agenciainfra.com\/blog\/antt-apresenta-plano-para-tornar-mercado-de-onibus-interestaduais-semelhante-a-aviacao\/","og_locale":"pt_BR","og_type":"article","og_title":"ANTT apresenta plano para tornar mercado de \u00f4nibus interestaduais semelhante \u00e0 avia\u00e7\u00e3o","og_description":"Dimmi Amora,\u00a0da Ag\u00eancia iNFRA Est\u00e1 conclu\u00edda pela \u00e1rea t\u00e9cnica da ANTT (Ag\u00eancia Nacional de Transportes Terrestres) minuta de resolu\u00e7\u00e3o para aprofundar ainda mais as transforma\u00e7\u00f5es do mercado de transporte de passageiros interestadual de \u00f4nibus e tornar as regras semelhantes ao do sistema de avia\u00e7\u00e3o civil. A ideia \u00e9 ampliar a liberdade tarif\u00e1ria e dar total [&hellip;]","og_url":"https:\/\/agenciainfra.com\/blog\/antt-apresenta-plano-para-tornar-mercado-de-onibus-interestaduais-semelhante-a-aviacao\/","og_site_name":"Ag\u00eancia iNFRA","article_publisher":"https:\/\/www.facebook.com\/ageninfra","article_published_time":"2019-03-06T07:00:29+00:00","og_image":[{"width":1024,"height":682,"url":"https:\/\/agenciainfra.com\/blog\/wp-content\/uploads\/2019\/02\/onibus-interestadual-arquivo-agencia-brasil-1024x682.jpg","type":"image\/jpeg"}],"author":"Rodrigo Zuquim","twitter_card":"summary_large_image","twitter_creator":"@agencia_infra","twitter_site":"@agencia_infra","twitter_misc":{"Escrito por":"Rodrigo Zuquim","Est. tempo de leitura":"3 minutos"},"schema":{"@context":"https:\/\/schema.org","@graph":[{"@type":"Article","@id":"https:\/\/agenciainfra.com\/blog\/antt-apresenta-plano-para-tornar-mercado-de-onibus-interestaduais-semelhante-a-aviacao\/#article","isPartOf":{"@id":"https:\/\/agenciainfra.com\/blog\/antt-apresenta-plano-para-tornar-mercado-de-onibus-interestaduais-semelhante-a-aviacao\/"},"author":{"name":"Rodrigo Zuquim","@id":"https:\/\/agenciainfra.com\/blog\/#\/schema\/person\/04dbb79bd6d8951f063da71f3e4c1eb1"},"headline":"ANTT apresenta plano para tornar mercado de \u00f4nibus interestaduais semelhante \u00e0 avia\u00e7\u00e3o","datePublished":"2019-03-06T07:00:29+00:00","mainEntityOfPage":{"@id":"https:\/\/agenciainfra.com\/blog\/antt-apresenta-plano-para-tornar-mercado-de-onibus-interestaduais-semelhante-a-aviacao\/"},"wordCount":601,"publisher":{"@id":"https:\/\/agenciainfra.com\/blog\/#organization"},"image":{"@id":"https:\/\/agenciainfra.com\/blog\/antt-apresenta-plano-para-tornar-mercado-de-onibus-interestaduais-semelhante-a-aviacao\/#primaryimage"},"thumbnailUrl":"https:\/\/agenciainfra.com\/blog\/wp-content\/uploads\/2019\/02\/onibus-interestadual-arquivo-agencia-brasil.jpg","keywords":["ANTT","infraestrutura rodovi\u00e1ria","liberdade tarif\u00e1ria","\u00f4nibus interestaduais","transporte interestadual de \u00f4nibus"],"articleSection":["iNFRATransporte"],"inLanguage":"pt-BR","copyrightYear":"2019","copyrightHolder":{"@id":"https:\/\/agenciainfra.com\/blog\/#organization"}},{"@type":"WebPage","@id":"https:\/\/agenciainfra.com\/blog\/antt-apresenta-plano-para-tornar-mercado-de-onibus-interestaduais-semelhante-a-aviacao\/","url":"https:\/\/agenciainfra.com\/blog\/antt-apresenta-plano-para-tornar-mercado-de-onibus-interestaduais-semelhante-a-aviacao\/","name":"ANTT apresenta plano para tornar mercado de \u00f4nibus interestaduais semelhante \u00e0 avia\u00e7\u00e3o - Ag\u00eancia iNFRA","isPartOf":{"@id":"https:\/\/agenciainfra.com\/blog\/#website"},"primaryImageOfPage":{"@id":"https:\/\/agenciainfra.com\/blog\/antt-apresenta-plano-para-tornar-mercado-de-onibus-interestaduais-semelhante-a-aviacao\/#primaryimage"},"image":{"@id":"https:\/\/agenciainfra.com\/blog\/antt-apresenta-plano-para-tornar-mercado-de-onibus-interestaduais-semelhante-a-aviacao\/#primaryimage"},"thumbnailUrl":"https:\/\/agenciainfra.com\/blog\/wp-content\/uploads\/2019\/02\/onibus-interestadual-arquivo-agencia-brasil.jpg","datePublished":"2019-03-06T07:00:29+00:00","breadcrumb":{"@id":"https:\/\/agenciainfra.com\/blog\/antt-apresenta-plano-para-tornar-mercado-de-onibus-interestaduais-semelhante-a-aviacao\/#breadcrumb"},"inLanguage":"pt-BR","potentialAction":[{"@type":"ReadAction","target":["https:\/\/agenciainfra.com\/blog\/antt-apresenta-plano-para-tornar-mercado-de-onibus-interestaduais-semelhante-a-aviacao\/"]}]},{"@type":"ImageObject","inLanguage":"pt-BR","@id":"https:\/\/agenciainfra.com\/blog\/antt-apresenta-plano-para-tornar-mercado-de-onibus-interestaduais-semelhante-a-aviacao\/#primaryimage","url":"https:\/\/agenciainfra.com\/blog\/wp-content\/uploads\/2019\/02\/onibus-interestadual-arquivo-agencia-brasil.jpg","contentUrl":"https:\/\/agenciainfra.com\/blog\/wp-content\/uploads\/2019\/02\/onibus-interestadual-arquivo-agencia-brasil.jpg","width":2661,"height":1772,"caption":"Foto:"},{"@type":"BreadcrumbList","@id":"https:\/\/agenciainfra.com\/blog\/antt-apresenta-plano-para-tornar-mercado-de-onibus-interestaduais-semelhante-a-aviacao\/#breadcrumb","itemListElement":[{"@type":"ListItem","position":1,"name":"In\u00edcio","item":"https:\/\/agenciainfra.com\/blog\/"},{"@type":"ListItem","position":2,"name":"ANTT apresenta plano para tornar mercado de \u00f4nibus interestaduais semelhante \u00e0 avia\u00e7\u00e3o"}]},{"@type":"WebSite","@id":"https:\/\/agenciainfra.com\/blog\/#website","url":"https:\/\/agenciainfra.com\/blog\/","name":"Ag\u00eancia iNFRA","description":"Multiplataforma de informa\u00e7\u00e3o jornal\u00edstica refer\u00eancia na \u00e1rea de infraestrutura no Brasil!","publisher":{"@id":"https:\/\/agenciainfra.com\/blog\/#organization"},"potentialAction":[{"@type":"SearchAction","target":{"@type":"EntryPoint","urlTemplate":"https:\/\/agenciainfra.com\/blog\/?s={search_term_string}"},"query-input":{"@type":"PropertyValueSpecification","valueRequired":true,"valueName":"search_term_string"}}],"inLanguage":"pt-BR"},{"@type":"Organization","@id":"https:\/\/agenciainfra.com\/blog\/#organization","name":"Ag\u00eancia iNFRA","url":"https:\/\/agenciainfra.com\/blog\/","logo":{"@type":"ImageObject","inLanguage":"pt-BR","@id":"https:\/\/agenciainfra.com\/blog\/#\/schema\/logo\/image\/","url":"https:\/\/agenciainfra.com\/blog\/wp-content\/uploads\/2023\/09\/iNFRA_5-e1761735885940.png","contentUrl":"https:\/\/agenciainfra.com\/blog\/wp-content\/uploads\/2023\/09\/iNFRA_5-e1761735885940.png","width":1672,"height":454,"caption":"Ag\u00eancia iNFRA"},"image":{"@id":"https:\/\/agenciainfra.com\/blog\/#\/schema\/logo\/image\/"},"sameAs":["https:\/\/www.facebook.com\/ageninfra","https:\/\/x.com\/agencia_infra","https:\/\/www.linkedin.com\/company\/ag\u00eanciainfra\/","https:\/\/www.instagram.com\/agenciainfra\/"]},{"@type":"Person","@id":"https:\/\/agenciainfra.com\/blog\/#\/schema\/person\/04dbb79bd6d8951f063da71f3e4c1eb1","name":"Rodrigo Zuquim","image":{"@type":"ImageObject","inLanguage":"pt-BR","@id":"https:\/\/agenciainfra.com\/blog\/#\/schema\/person\/image\/","url":"https:\/\/secure.gravatar.com\/avatar\/594abfe82761d620726242ff34ca472a705a4b97f16c790053a6b4c4035274d0?s=96&d=mm&r=g","contentUrl":"https:\/\/secure.gravatar.com\/avatar\/594abfe82761d620726242ff34ca472a705a4b97f16c790053a6b4c4035274d0?s=96&d=mm&r=g","caption":"Rodrigo Zuquim"},"url":"https:\/\/agenciainfra.com\/blog\/author\/rodrigo-zuquim\/"}]}},"_links":{"self":[{"href":"https:\/\/agenciainfra.com\/blog\/wp-json\/wp\/v2\/posts\/2947","targetHints":{"allow":["GET"]}}],"collection":[{"href":"https:\/\/agenciainfra.com\/blog\/wp-json\/wp\/v2\/posts"}],"about":[{"href":"https:\/\/agenciainfra.com\/blog\/wp-json\/wp\/v2\/types\/post"}],"author":[{"embeddable":true,"href":"https:\/\/agenciainfra.com\/blog\/wp-json\/wp\/v2\/users\/9"}],"replies":[{"embeddable":true,"href":"https:\/\/agenciainfra.com\/blog\/wp-json\/wp\/v2\/comments?post=2947"}],"version-history":[{"count":0,"href":"https:\/\/agenciainfra.com\/blog\/wp-json\/wp\/v2\/posts\/2947\/revisions"}],"wp:featuredmedia":[{"embeddable":true,"href":"https:\/\/agenciainfra.com\/blog\/wp-json\/wp\/v2\/media\/2952"}],"wp:attachment":[{"href":"https:\/\/agenciainfra.com\/blog\/wp-json\/wp\/v2\/media?parent=2947"}],"wp:term":[{"taxonomy":"category","embeddable":true,"href":"https:\/\/agenciainfra.com\/blog\/wp-json\/wp\/v2\/categories?post=2947"},{"taxonomy":"post_tag","embeddable":true,"href":"https:\/\/agenciainfra.com\/blog\/wp-json\/wp\/v2\/tags?post=2947"}],"curies":[{"name":"wp","href":"https:\/\/api.w.org\/{rel}","templated":true}]}}