{"id":29504,"date":"2025-10-08T18:17:02","date_gmt":"2025-10-08T21:17:02","guid":{"rendered":"https:\/\/agenciainfra.com\/blog\/?p=29504"},"modified":"2025-10-10T08:37:03","modified_gmt":"2025-10-10T11:37:03","slug":"congresso-tera-14-dias-para-votar-a-mp-do-setor-eletrico-diz-senador","status":"publish","type":"post","link":"https:\/\/agenciainfra.com\/blog\/congresso-tera-14-dias-para-votar-a-mp-do-setor-eletrico-diz-senador\/","title":{"rendered":"Congresso ter\u00e1 14 dias para votar a MP do Setor El\u00e9trico, diz senador"},"content":{"rendered":"\n<p class=\"has-text-align-right\"><strong>da Ag\u00eancia iNFRA<\/strong><\/p>\n\n\n\n<p>O senador Eduardo Braga (MDB-AM), relator da MP (Medida Provis\u00f3ria) 1.304, do setor el\u00e9trico, disse nesta quarta-feira (8) que pretende entregar o seu parecer com anteced\u00eancia na comiss\u00e3o especial que analisa a mat\u00e9ria. Segundo Braga, o objetivo \u00e9 que os plen\u00e1rios da C\u00e2mara e do Senado tenham entre 10 e 14 dias para apreciar a medida, que perde a validade em 7 de novembro.&nbsp;<\/p>\n\n\n\n<p>Braga afirmou que n\u00e3o vai permitir que ocorra com a MP 1.304 a mesma situa\u00e7\u00e3o da MP 1.303, sobre a compensa\u00e7\u00e3o do aumento do IOF (Imposto sobre Opera\u00e7\u00f5es Financeiras), que ficou para ser apreciada no seu \u00faltimo dia de vig\u00eancia na C\u00e2mara e no Senado e n\u00e3o foi aprovada. O mesmo ocorreu com a MP 1.300, da Tarifa Social de Energia, <a href=\"https:\/\/agenciainfra.com\/blog\/lula-sanciona-mp-da-tarifa-social-sem-vetos-ao-texto\/\">sancionada<\/a> na quarta-feira (8) pelo presidente Lula em cerim\u00f4nia no Pal\u00e1cio do Planalto.<\/p>\n\n\n\n<p>O relator disse que se reunir\u00e1 com o deputado Fernando Coelho Filho (Uni\u00e3o-PE), presidente da comiss\u00e3o, e com os presidentes das casas, deputado Hugo Motta (Republicanos-PB) e senador Davi Alcolumbre (Uni\u00e3o-AP), nesta quinta-feira (9) para tratar do andamento da pauta.<\/p>\n\n\n\n<p><strong>Audi\u00eancias p\u00fablicas<\/strong><br>A ideia, segundo o senador, \u00e9 que a pr\u00f3xima semana seja dedicada a audi\u00eancias p\u00fablicas e que, na semana seguinte, o relat\u00f3rio seja apresentado \u00e0 comiss\u00e3o. \u201cN\u00f3s n\u00e3o vamos fazer na 1.304 nenhuma delibera\u00e7\u00e3o sem que haja um amplo debate. Estamos finalizando as entidades [que participar\u00e3o] e dividindo se v\u00e3o ser em tr\u00eas ou em quatro audi\u00eancias p\u00fablicas na semana que vem\u201d, disse \u00e0 imprensa.<\/p>\n\n\n\n<p>O senador Braga disse que passa a se dedicar ao setor el\u00e9trico a partir desta semana, j\u00e1 que at\u00e9 ent\u00e3o, estava focado na Reforma Tribut\u00e1ria. Ele destacou temas que precisam ser \u201cequacionados\u201d na MP, dentre eles os cortes obrigat\u00f3rios de gera\u00e7\u00e3o solar e e\u00f3lica, armazenamento e, ainda, os subs\u00eddios.&nbsp;<\/p>\n\n\n\n<p>&nbsp;\u201cAgora n\u00f3s vamos equacionar o setor [el\u00e9trico], afinal de contas n\u00f3s estamos jogando fora energia e\u00f3lica e solar porque n\u00f3s n\u00e3o estamos conseguindo armazen\u00e1-la e n\u00e3o estamos conseguindo transform\u00e1-la em algum tipo de reserva energ\u00e9tica, ou h\u00eddrica ou em baterias&#8221;, disse.&nbsp;<\/p>\n\n\n\n<p>Ele continuou: \u201cPrecisamos equacionar algumas quest\u00f5es para que o setor el\u00e9trico possa ser autossustent\u00e1vel e que n\u00e3o exploda a conta do consumidor. A conta CDE [Conta de Desenvolvimento Energ\u00e9tico], que faz o grande subs\u00eddio do setor, \u00e9 paga por voc\u00ea, por mim, pelo seu Ant\u00f4nio, pela dona Maria. Isso n\u00e3o pode ficar sem um controle e um limite. E precisa ter uma fonte de financiamento&#8221;.&nbsp;<\/p>\n\n\n\n<p><\/p>\n","protected":false},"excerpt":{"rendered":"<p>da Ag\u00eancia iNFRA O senador Eduardo Braga (MDB-AM), relator da MP (Medida Provis\u00f3ria) 1.304, do setor el\u00e9trico, disse nesta quarta-feira (8) que pretende entregar o seu parecer com anteced\u00eancia na comiss\u00e3o especial que analisa a mat\u00e9ria. Segundo Braga, o objetivo \u00e9 que os plen\u00e1rios da C\u00e2mara e do Senado tenham entre 10 e 14 dias [&hellip;]<\/p>\n","protected":false},"author":1,"featured_media":26191,"comment_status":"closed","ping_status":"closed","sticky":false,"template":"","format":"standard","meta":{"_monsterinsights_skip_tracking":false,"_monsterinsights_sitenote_active":false,"_monsterinsights_sitenote_note":"","_monsterinsights_sitenote_category":0,"footnotes":""},"categories":[7250,1,10],"tags":[2187,305,13145,779,1228,1252,282,1254,2415,76,15971,4953,7222,4354,54],"class_list":["post-29504","post","type-post","status-publish","format-standard","has-post-thumbnail","hentry","category-destaque-lista","category-geral","category-infraenergia","tag-audiencias-publicas","tag-camara-dos-deputados","tag-comissao-especial","tag-congresso-nacional","tag-davi-alcolumbre","tag-eduardo-braga","tag-energia-eletrica","tag-fernando-coelho-filho","tag-hugo-motta","tag-medida-provisoria","tag-mp-1304","tag-politica-energetica","tag-relatorio","tag-senado-federal","tag-setor-eletrico"],"yoast_head":"<!-- This site is optimized with the Yoast SEO Premium plugin v25.4 (Yoast SEO v26.0) - https:\/\/yoast.com\/wordpress\/plugins\/seo\/ -->\n<title>Congresso ter\u00e1 14 dias para votar a MP do Setor El\u00e9trico, diz senador - Ag\u00eancia iNFRA<\/title>\n<meta name=\"robots\" content=\"index, follow, max-snippet:-1, max-image-preview:large, max-video-preview:-1\" \/>\n<link rel=\"canonical\" href=\"https:\/\/agenciainfra.com\/blog\/congresso-tera-14-dias-para-votar-a-mp-do-setor-eletrico-diz-senador\/\" \/>\n<meta property=\"og:locale\" content=\"pt_BR\" \/>\n<meta property=\"og:type\" content=\"article\" \/>\n<meta property=\"og:title\" content=\"Congresso ter\u00e1 14 dias para votar a MP do Setor El\u00e9trico, diz senador\" \/>\n<meta property=\"og:description\" content=\"da Ag\u00eancia iNFRA O senador Eduardo Braga (MDB-AM), relator da MP (Medida Provis\u00f3ria) 1.304, do setor el\u00e9trico, disse nesta quarta-feira (8) que pretende entregar o seu parecer com anteced\u00eancia na comiss\u00e3o especial que analisa a mat\u00e9ria. Segundo Braga, o objetivo \u00e9 que os plen\u00e1rios da C\u00e2mara e do Senado tenham entre 10 e 14 dias [&hellip;]\" \/>\n<meta property=\"og:url\" content=\"https:\/\/agenciainfra.com\/blog\/congresso-tera-14-dias-para-votar-a-mp-do-setor-eletrico-diz-senador\/\" \/>\n<meta property=\"og:site_name\" content=\"Ag\u00eancia iNFRA\" \/>\n<meta property=\"article:publisher\" content=\"https:\/\/www.facebook.com\/ageninfra\" \/>\n<meta property=\"article:published_time\" content=\"2025-10-08T21:17:02+00:00\" \/>\n<meta property=\"article:modified_time\" content=\"2025-10-10T11:37:03+00:00\" \/>\n<meta property=\"og:image\" content=\"https:\/\/agenciainfra.com\/blog\/wp-content\/uploads\/2025\/08\/eduardo-braga-foto-jefferson-rudy-agencia-senado.jpg\" \/>\n\t<meta property=\"og:image:width\" content=\"1280\" \/>\n\t<meta property=\"og:image:height\" content=\"853\" \/>\n\t<meta property=\"og:image:type\" content=\"image\/jpeg\" \/>\n<meta name=\"author\" content=\"Ag\u00eancia iNFRA\" \/>\n<meta name=\"twitter:card\" content=\"summary_large_image\" \/>\n<meta name=\"twitter:creator\" content=\"@agencia_infra\" \/>\n<meta name=\"twitter:site\" content=\"@agencia_infra\" \/>\n<meta name=\"twitter:label1\" content=\"Escrito por\" \/>\n\t<meta name=\"twitter:data1\" content=\"Ag\u00eancia iNFRA\" \/>\n\t<meta name=\"twitter:label2\" content=\"Est. tempo de leitura\" \/>\n\t<meta name=\"twitter:data2\" content=\"2 minutos\" \/>\n<script type=\"application\/ld+json\" class=\"yoast-schema-graph\">{\"@context\":\"https:\/\/schema.org\",\"@graph\":[{\"@type\":\"Article\",\"@id\":\"https:\/\/agenciainfra.com\/blog\/congresso-tera-14-dias-para-votar-a-mp-do-setor-eletrico-diz-senador\/#article\",\"isPartOf\":{\"@id\":\"https:\/\/agenciainfra.com\/blog\/congresso-tera-14-dias-para-votar-a-mp-do-setor-eletrico-diz-senador\/\"},\"author\":{\"name\":\"Ag\u00eancia iNFRA\",\"@id\":\"https:\/\/agenciainfra.com\/blog\/#\/schema\/person\/34af08dff6adea4cb22b06612ba7acfa\"},\"headline\":\"Congresso ter\u00e1 14 dias para votar a MP do Setor El\u00e9trico, diz senador\",\"datePublished\":\"2025-10-08T21:17:02+00:00\",\"dateModified\":\"2025-10-10T11:37:03+00:00\",\"mainEntityOfPage\":{\"@id\":\"https:\/\/agenciainfra.com\/blog\/congresso-tera-14-dias-para-votar-a-mp-do-setor-eletrico-diz-senador\/\"},\"wordCount\":466,\"publisher\":{\"@id\":\"https:\/\/agenciainfra.com\/blog\/#organization\"},\"image\":{\"@id\":\"https:\/\/agenciainfra.com\/blog\/congresso-tera-14-dias-para-votar-a-mp-do-setor-eletrico-diz-senador\/#primaryimage\"},\"thumbnailUrl\":\"https:\/\/agenciainfra.com\/blog\/wp-content\/uploads\/2025\/08\/eduardo-braga-foto-jefferson-rudy-agencia-senado.jpg\",\"keywords\":[\"audi\u00eancias p\u00fablicas\",\"C\u00e2mara dos Deputados\",\"comiss\u00e3o especial\",\"Congresso Nacional\",\"Davi Alcolumbre\",\"Eduardo Braga\",\"energia el\u00e9trica\",\"Fernando Coelho Filho\",\"Hugo Motta\",\"Medida Provis\u00f3ria\",\"MP 1304\",\"pol\u00edtica energ\u00e9tica\",\"relat\u00f3rio\",\"Senado Federal\",\"Setor El\u00e9trico\"],\"articleSection\":[\"Destaque lista\",\"Geral\",\"iNFRAEnergia\"],\"inLanguage\":\"pt-BR\",\"copyrightYear\":\"2025\",\"copyrightHolder\":{\"@id\":\"https:\/\/agenciainfra.com\/blog\/#organization\"}},{\"@type\":\"WebPage\",\"@id\":\"https:\/\/agenciainfra.com\/blog\/congresso-tera-14-dias-para-votar-a-mp-do-setor-eletrico-diz-senador\/\",\"url\":\"https:\/\/agenciainfra.com\/blog\/congresso-tera-14-dias-para-votar-a-mp-do-setor-eletrico-diz-senador\/\",\"name\":\"Congresso ter\u00e1 14 dias para votar a MP do Setor El\u00e9trico, diz senador - Ag\u00eancia iNFRA\",\"isPartOf\":{\"@id\":\"https:\/\/agenciainfra.com\/blog\/#website\"},\"primaryImageOfPage\":{\"@id\":\"https:\/\/agenciainfra.com\/blog\/congresso-tera-14-dias-para-votar-a-mp-do-setor-eletrico-diz-senador\/#primaryimage\"},\"image\":{\"@id\":\"https:\/\/agenciainfra.com\/blog\/congresso-tera-14-dias-para-votar-a-mp-do-setor-eletrico-diz-senador\/#primaryimage\"},\"thumbnailUrl\":\"https:\/\/agenciainfra.com\/blog\/wp-content\/uploads\/2025\/08\/eduardo-braga-foto-jefferson-rudy-agencia-senado.jpg\",\"datePublished\":\"2025-10-08T21:17:02+00:00\",\"dateModified\":\"2025-10-10T11:37:03+00:00\",\"breadcrumb\":{\"@id\":\"https:\/\/agenciainfra.com\/blog\/congresso-tera-14-dias-para-votar-a-mp-do-setor-eletrico-diz-senador\/#breadcrumb\"},\"inLanguage\":\"pt-BR\",\"potentialAction\":[{\"@type\":\"ReadAction\",\"target\":[\"https:\/\/agenciainfra.com\/blog\/congresso-tera-14-dias-para-votar-a-mp-do-setor-eletrico-diz-senador\/\"]}]},{\"@type\":\"ImageObject\",\"inLanguage\":\"pt-BR\",\"@id\":\"https:\/\/agenciainfra.com\/blog\/congresso-tera-14-dias-para-votar-a-mp-do-setor-eletrico-diz-senador\/#primaryimage\",\"url\":\"https:\/\/agenciainfra.com\/blog\/wp-content\/uploads\/2025\/08\/eduardo-braga-foto-jefferson-rudy-agencia-senado.jpg\",\"contentUrl\":\"https:\/\/agenciainfra.com\/blog\/wp-content\/uploads\/2025\/08\/eduardo-braga-foto-jefferson-rudy-agencia-senado.jpg\",\"width\":1280,\"height\":853,\"caption\":\"Foto: Jefferson Rudy\/Ag\u00eancia Senado\"},{\"@type\":\"BreadcrumbList\",\"@id\":\"https:\/\/agenciainfra.com\/blog\/congresso-tera-14-dias-para-votar-a-mp-do-setor-eletrico-diz-senador\/#breadcrumb\",\"itemListElement\":[{\"@type\":\"ListItem\",\"position\":1,\"name\":\"In\u00edcio\",\"item\":\"https:\/\/agenciainfra.com\/blog\/\"},{\"@type\":\"ListItem\",\"position\":2,\"name\":\"Congresso ter\u00e1 14 dias para votar a MP do Setor El\u00e9trico, diz senador\"}]},{\"@type\":\"WebSite\",\"@id\":\"https:\/\/agenciainfra.com\/blog\/#website\",\"url\":\"https:\/\/agenciainfra.com\/blog\/\",\"name\":\"Ag\u00eancia iNFRA\",\"description\":\"Multiplataforma de informa\u00e7\u00e3o jornal\u00edstica refer\u00eancia na \u00e1rea de infraestrutura no Brasil!\",\"publisher\":{\"@id\":\"https:\/\/agenciainfra.com\/blog\/#organization\"},\"potentialAction\":[{\"@type\":\"SearchAction\",\"target\":{\"@type\":\"EntryPoint\",\"urlTemplate\":\"https:\/\/agenciainfra.com\/blog\/?s={search_term_string}\"},\"query-input\":{\"@type\":\"PropertyValueSpecification\",\"valueRequired\":true,\"valueName\":\"search_term_string\"}}],\"inLanguage\":\"pt-BR\"},{\"@type\":\"Organization\",\"@id\":\"https:\/\/agenciainfra.com\/blog\/#organization\",\"name\":\"Ag\u00eancia iNFRA\",\"url\":\"https:\/\/agenciainfra.com\/blog\/\",\"logo\":{\"@type\":\"ImageObject\",\"inLanguage\":\"pt-BR\",\"@id\":\"https:\/\/agenciainfra.com\/blog\/#\/schema\/logo\/image\/\",\"url\":\"https:\/\/agenciainfra.com\/blog\/wp-content\/uploads\/2023\/09\/iNFRA_5-e1761735885940.png\",\"contentUrl\":\"https:\/\/agenciainfra.com\/blog\/wp-content\/uploads\/2023\/09\/iNFRA_5-e1761735885940.png\",\"width\":1672,\"height\":454,\"caption\":\"Ag\u00eancia iNFRA\"},\"image\":{\"@id\":\"https:\/\/agenciainfra.com\/blog\/#\/schema\/logo\/image\/\"},\"sameAs\":[\"https:\/\/www.facebook.com\/ageninfra\",\"https:\/\/x.com\/agencia_infra\",\"https:\/\/www.linkedin.com\/company\/ag\u00eanciainfra\/\",\"https:\/\/www.instagram.com\/agenciainfra\/\"]},{\"@type\":\"Person\",\"@id\":\"https:\/\/agenciainfra.com\/blog\/#\/schema\/person\/34af08dff6adea4cb22b06612ba7acfa\",\"name\":\"Ag\u00eancia iNFRA\",\"image\":{\"@type\":\"ImageObject\",\"inLanguage\":\"pt-BR\",\"@id\":\"https:\/\/agenciainfra.com\/blog\/#\/schema\/person\/image\/\",\"url\":\"https:\/\/secure.gravatar.com\/avatar\/d189e01678f06d8eb84d4e01f08eb848b3fffe3f8443818d3c356c66892f5be8?s=96&d=mm&r=g\",\"contentUrl\":\"https:\/\/secure.gravatar.com\/avatar\/d189e01678f06d8eb84d4e01f08eb848b3fffe3f8443818d3c356c66892f5be8?s=96&d=mm&r=g\",\"caption\":\"Ag\u00eancia iNFRA\"},\"url\":\"https:\/\/agenciainfra.com\/blog\/author\/admin\/\"}]}<\/script>\n<!-- \/ Yoast SEO Premium plugin. -->","yoast_head_json":{"title":"Congresso ter\u00e1 14 dias para votar a MP do Setor El\u00e9trico, diz senador - Ag\u00eancia iNFRA","robots":{"index":"index","follow":"follow","max-snippet":"max-snippet:-1","max-image-preview":"max-image-preview:large","max-video-preview":"max-video-preview:-1"},"canonical":"https:\/\/agenciainfra.com\/blog\/congresso-tera-14-dias-para-votar-a-mp-do-setor-eletrico-diz-senador\/","og_locale":"pt_BR","og_type":"article","og_title":"Congresso ter\u00e1 14 dias para votar a MP do Setor El\u00e9trico, diz senador","og_description":"da Ag\u00eancia iNFRA O senador Eduardo Braga (MDB-AM), relator da MP (Medida Provis\u00f3ria) 1.304, do setor el\u00e9trico, disse nesta quarta-feira (8) que pretende entregar o seu parecer com anteced\u00eancia na comiss\u00e3o especial que analisa a mat\u00e9ria. Segundo Braga, o objetivo \u00e9 que os plen\u00e1rios da C\u00e2mara e do Senado tenham entre 10 e 14 dias [&hellip;]","og_url":"https:\/\/agenciainfra.com\/blog\/congresso-tera-14-dias-para-votar-a-mp-do-setor-eletrico-diz-senador\/","og_site_name":"Ag\u00eancia iNFRA","article_publisher":"https:\/\/www.facebook.com\/ageninfra","article_published_time":"2025-10-08T21:17:02+00:00","article_modified_time":"2025-10-10T11:37:03+00:00","og_image":[{"width":1280,"height":853,"url":"https:\/\/agenciainfra.com\/blog\/wp-content\/uploads\/2025\/08\/eduardo-braga-foto-jefferson-rudy-agencia-senado.jpg","type":"image\/jpeg"}],"author":"Ag\u00eancia iNFRA","twitter_card":"summary_large_image","twitter_creator":"@agencia_infra","twitter_site":"@agencia_infra","twitter_misc":{"Escrito por":"Ag\u00eancia iNFRA","Est. tempo de leitura":"2 minutos"},"schema":{"@context":"https:\/\/schema.org","@graph":[{"@type":"Article","@id":"https:\/\/agenciainfra.com\/blog\/congresso-tera-14-dias-para-votar-a-mp-do-setor-eletrico-diz-senador\/#article","isPartOf":{"@id":"https:\/\/agenciainfra.com\/blog\/congresso-tera-14-dias-para-votar-a-mp-do-setor-eletrico-diz-senador\/"},"author":{"name":"Ag\u00eancia iNFRA","@id":"https:\/\/agenciainfra.com\/blog\/#\/schema\/person\/34af08dff6adea4cb22b06612ba7acfa"},"headline":"Congresso ter\u00e1 14 dias para votar a MP do Setor El\u00e9trico, diz senador","datePublished":"2025-10-08T21:17:02+00:00","dateModified":"2025-10-10T11:37:03+00:00","mainEntityOfPage":{"@id":"https:\/\/agenciainfra.com\/blog\/congresso-tera-14-dias-para-votar-a-mp-do-setor-eletrico-diz-senador\/"},"wordCount":466,"publisher":{"@id":"https:\/\/agenciainfra.com\/blog\/#organization"},"image":{"@id":"https:\/\/agenciainfra.com\/blog\/congresso-tera-14-dias-para-votar-a-mp-do-setor-eletrico-diz-senador\/#primaryimage"},"thumbnailUrl":"https:\/\/agenciainfra.com\/blog\/wp-content\/uploads\/2025\/08\/eduardo-braga-foto-jefferson-rudy-agencia-senado.jpg","keywords":["audi\u00eancias p\u00fablicas","C\u00e2mara dos Deputados","comiss\u00e3o especial","Congresso Nacional","Davi Alcolumbre","Eduardo Braga","energia el\u00e9trica","Fernando Coelho Filho","Hugo Motta","Medida Provis\u00f3ria","MP 1304","pol\u00edtica energ\u00e9tica","relat\u00f3rio","Senado Federal","Setor El\u00e9trico"],"articleSection":["Destaque lista","Geral","iNFRAEnergia"],"inLanguage":"pt-BR","copyrightYear":"2025","copyrightHolder":{"@id":"https:\/\/agenciainfra.com\/blog\/#organization"}},{"@type":"WebPage","@id":"https:\/\/agenciainfra.com\/blog\/congresso-tera-14-dias-para-votar-a-mp-do-setor-eletrico-diz-senador\/","url":"https:\/\/agenciainfra.com\/blog\/congresso-tera-14-dias-para-votar-a-mp-do-setor-eletrico-diz-senador\/","name":"Congresso ter\u00e1 14 dias para votar a MP do Setor El\u00e9trico, diz senador - Ag\u00eancia iNFRA","isPartOf":{"@id":"https:\/\/agenciainfra.com\/blog\/#website"},"primaryImageOfPage":{"@id":"https:\/\/agenciainfra.com\/blog\/congresso-tera-14-dias-para-votar-a-mp-do-setor-eletrico-diz-senador\/#primaryimage"},"image":{"@id":"https:\/\/agenciainfra.com\/blog\/congresso-tera-14-dias-para-votar-a-mp-do-setor-eletrico-diz-senador\/#primaryimage"},"thumbnailUrl":"https:\/\/agenciainfra.com\/blog\/wp-content\/uploads\/2025\/08\/eduardo-braga-foto-jefferson-rudy-agencia-senado.jpg","datePublished":"2025-10-08T21:17:02+00:00","dateModified":"2025-10-10T11:37:03+00:00","breadcrumb":{"@id":"https:\/\/agenciainfra.com\/blog\/congresso-tera-14-dias-para-votar-a-mp-do-setor-eletrico-diz-senador\/#breadcrumb"},"inLanguage":"pt-BR","potentialAction":[{"@type":"ReadAction","target":["https:\/\/agenciainfra.com\/blog\/congresso-tera-14-dias-para-votar-a-mp-do-setor-eletrico-diz-senador\/"]}]},{"@type":"ImageObject","inLanguage":"pt-BR","@id":"https:\/\/agenciainfra.com\/blog\/congresso-tera-14-dias-para-votar-a-mp-do-setor-eletrico-diz-senador\/#primaryimage","url":"https:\/\/agenciainfra.com\/blog\/wp-content\/uploads\/2025\/08\/eduardo-braga-foto-jefferson-rudy-agencia-senado.jpg","contentUrl":"https:\/\/agenciainfra.com\/blog\/wp-content\/uploads\/2025\/08\/eduardo-braga-foto-jefferson-rudy-agencia-senado.jpg","width":1280,"height":853,"caption":"Foto: Jefferson Rudy\/Ag\u00eancia Senado"},{"@type":"BreadcrumbList","@id":"https:\/\/agenciainfra.com\/blog\/congresso-tera-14-dias-para-votar-a-mp-do-setor-eletrico-diz-senador\/#breadcrumb","itemListElement":[{"@type":"ListItem","position":1,"name":"In\u00edcio","item":"https:\/\/agenciainfra.com\/blog\/"},{"@type":"ListItem","position":2,"name":"Congresso ter\u00e1 14 dias para votar a MP do Setor El\u00e9trico, diz senador"}]},{"@type":"WebSite","@id":"https:\/\/agenciainfra.com\/blog\/#website","url":"https:\/\/agenciainfra.com\/blog\/","name":"Ag\u00eancia iNFRA","description":"Multiplataforma de informa\u00e7\u00e3o jornal\u00edstica refer\u00eancia na \u00e1rea de infraestrutura no Brasil!","publisher":{"@id":"https:\/\/agenciainfra.com\/blog\/#organization"},"potentialAction":[{"@type":"SearchAction","target":{"@type":"EntryPoint","urlTemplate":"https:\/\/agenciainfra.com\/blog\/?s={search_term_string}"},"query-input":{"@type":"PropertyValueSpecification","valueRequired":true,"valueName":"search_term_string"}}],"inLanguage":"pt-BR"},{"@type":"Organization","@id":"https:\/\/agenciainfra.com\/blog\/#organization","name":"Ag\u00eancia iNFRA","url":"https:\/\/agenciainfra.com\/blog\/","logo":{"@type":"ImageObject","inLanguage":"pt-BR","@id":"https:\/\/agenciainfra.com\/blog\/#\/schema\/logo\/image\/","url":"https:\/\/agenciainfra.com\/blog\/wp-content\/uploads\/2023\/09\/iNFRA_5-e1761735885940.png","contentUrl":"https:\/\/agenciainfra.com\/blog\/wp-content\/uploads\/2023\/09\/iNFRA_5-e1761735885940.png","width":1672,"height":454,"caption":"Ag\u00eancia iNFRA"},"image":{"@id":"https:\/\/agenciainfra.com\/blog\/#\/schema\/logo\/image\/"},"sameAs":["https:\/\/www.facebook.com\/ageninfra","https:\/\/x.com\/agencia_infra","https:\/\/www.linkedin.com\/company\/ag\u00eanciainfra\/","https:\/\/www.instagram.com\/agenciainfra\/"]},{"@type":"Person","@id":"https:\/\/agenciainfra.com\/blog\/#\/schema\/person\/34af08dff6adea4cb22b06612ba7acfa","name":"Ag\u00eancia iNFRA","image":{"@type":"ImageObject","inLanguage":"pt-BR","@id":"https:\/\/agenciainfra.com\/blog\/#\/schema\/person\/image\/","url":"https:\/\/secure.gravatar.com\/avatar\/d189e01678f06d8eb84d4e01f08eb848b3fffe3f8443818d3c356c66892f5be8?s=96&d=mm&r=g","contentUrl":"https:\/\/secure.gravatar.com\/avatar\/d189e01678f06d8eb84d4e01f08eb848b3fffe3f8443818d3c356c66892f5be8?s=96&d=mm&r=g","caption":"Ag\u00eancia iNFRA"},"url":"https:\/\/agenciainfra.com\/blog\/author\/admin\/"}]}},"_links":{"self":[{"href":"https:\/\/agenciainfra.com\/blog\/wp-json\/wp\/v2\/posts\/29504","targetHints":{"allow":["GET"]}}],"collection":[{"href":"https:\/\/agenciainfra.com\/blog\/wp-json\/wp\/v2\/posts"}],"about":[{"href":"https:\/\/agenciainfra.com\/blog\/wp-json\/wp\/v2\/types\/post"}],"author":[{"embeddable":true,"href":"https:\/\/agenciainfra.com\/blog\/wp-json\/wp\/v2\/users\/1"}],"replies":[{"embeddable":true,"href":"https:\/\/agenciainfra.com\/blog\/wp-json\/wp\/v2\/comments?post=29504"}],"version-history":[{"count":3,"href":"https:\/\/agenciainfra.com\/blog\/wp-json\/wp\/v2\/posts\/29504\/revisions"}],"predecessor-version":[{"id":29521,"href":"https:\/\/agenciainfra.com\/blog\/wp-json\/wp\/v2\/posts\/29504\/revisions\/29521"}],"wp:featuredmedia":[{"embeddable":true,"href":"https:\/\/agenciainfra.com\/blog\/wp-json\/wp\/v2\/media\/26191"}],"wp:attachment":[{"href":"https:\/\/agenciainfra.com\/blog\/wp-json\/wp\/v2\/media?parent=29504"}],"wp:term":[{"taxonomy":"category","embeddable":true,"href":"https:\/\/agenciainfra.com\/blog\/wp-json\/wp\/v2\/categories?post=29504"},{"taxonomy":"post_tag","embeddable":true,"href":"https:\/\/agenciainfra.com\/blog\/wp-json\/wp\/v2\/tags?post=29504"}],"curies":[{"name":"wp","href":"https:\/\/api.w.org\/{rel}","templated":true}]}}