{"id":29507,"date":"2025-10-08T19:19:41","date_gmt":"2025-10-08T22:19:41","guid":{"rendered":"https:\/\/agenciainfra.com\/blog\/?p=29507"},"modified":"2025-10-08T19:19:43","modified_gmt":"2025-10-08T22:19:43","slug":"comite-reforca-seguranca-energetica-e-gestao-integrada-dos-reservatorios","status":"publish","type":"post","link":"https:\/\/agenciainfra.com\/blog\/comite-reforca-seguranca-energetica-e-gestao-integrada-dos-reservatorios\/","title":{"rendered":"Comit\u00ea refor\u00e7a seguran\u00e7a energ\u00e9tica e gest\u00e3o integrada dos reservat\u00f3rios"},"content":{"rendered":"\n<p class=\"has-text-align-right\"><strong>da Ag\u00eancia iNFRA<\/strong><\/p>\n\n\n\n<p>O Comit\u00ea de Monitoramento do Setor El\u00e9trico reafirmou nesta quarta-feira (8) a seguran\u00e7a do abastecimento de energia no pa\u00eds at\u00e9 mar\u00e7o de 2026. Segundo o Minist\u00e9rio de Minas e Energia, os reservat\u00f3rios mant\u00eam n\u00edveis satisfat\u00f3rios ap\u00f3s o per\u00edodo seco, garantindo condi\u00e7\u00f5es mais favor\u00e1veis ao Sistema Interligado Nacional em compara\u00e7\u00e3o com o ano anterior.<\/p>\n\n\n\n<p>De acordo com o ONS (Operador Nacional do Sistema El\u00e9trico), mesmo em um cen\u00e1rio desafiador \u2014 com alta demanda e menor gera\u00e7\u00e3o e\u00f3lica \u2014, o suprimento segue assegurado. Caso necess\u00e1rio, o CMSE prev\u00ea o uso adicional de usinas t\u00e9rmicas e a maximiza\u00e7\u00e3o da produ\u00e7\u00e3o hidrel\u00e9trica no Rio S\u00e3o Francisco e em Itaipu.<\/p>\n\n\n\n<p>O colegiado tamb\u00e9m discutiu medidas operacionais para garantir o fornecimento de energia durante eventos de grande relev\u00e2ncia nacional, como a PND (Prova Nacional Docente) e o Enem, e solicitou ao ONS a apresenta\u00e7\u00e3o dos resultados operacionais ap\u00f3s a execu\u00e7\u00e3o dessas a\u00e7\u00f5es.<\/p>\n\n\n\n<p>Outro destaque foi o Workshop sobre Governan\u00e7a da Gest\u00e3o Integrada dos Reservat\u00f3rios, promovido pela Secretaria Nacional de Energia El\u00e9trica. O encontro reuniu institui\u00e7\u00f5es do setor para aprimorar a articula\u00e7\u00e3o entre \u00f3rg\u00e3os e fortalecer a gest\u00e3o sustent\u00e1vel dos recursos h\u00eddricos utilizados para gera\u00e7\u00e3o el\u00e9trica.<\/p>\n\n\n\n<p>O CMSE analisou ainda dados sobre o regime de chuvas e a energia natural afluente (ENA) em setembro, que se manteve abaixo da m\u00e9dia hist\u00f3rica na maioria das regi\u00f5es. Apesar disso, os n\u00edveis de armazenamento de energia no SIN est\u00e3o em patamares considerados seguros, com 56% de energia armazenada ao final do m\u00eas.<\/p>\n\n\n\n<p>Na \u00e1rea de expans\u00e3o, o MME informou o acr\u00e9scimo de 1.400 megawatts de gera\u00e7\u00e3o e 1.430 quil\u00f4metros de novas linhas de transmiss\u00e3o apenas em setembro. Entre os avan\u00e7os, destacou-se a entrada em opera\u00e7\u00e3o da linha Manaus\u2013Boa Vista, que finalmente interliga Roraima ao SIN.<\/p>\n\n\n\n<p>O comit\u00ea tamb\u00e9m acompanhou a opera\u00e7\u00e3o da interliga\u00e7\u00e3o el\u00e9trica no Acre, que passou recentemente a integrar o sistema nacional. As a\u00e7\u00f5es t\u00eam como foco garantir estabilidade, reduzir desligamentos e aprimorar o atendimento nas regi\u00f5es de Feij\u00f3, Tarauac\u00e1 e Cruzeiro do Sul.<\/p>\n\n\n\n<p>O CMSE continuar\u00e1 monitorando de forma permanente as condi\u00e7\u00f5es de abastecimento e adotando medidas preventivas para assegurar o suprimento de energia el\u00e9trica em todo o pa\u00eds.<\/p>\n\n\n\n<p><\/p>\n","protected":false},"excerpt":{"rendered":"<p>da Ag\u00eancia iNFRA O Comit\u00ea de Monitoramento do Setor El\u00e9trico reafirmou nesta quarta-feira (8) a seguran\u00e7a do abastecimento de energia no pa\u00eds at\u00e9 mar\u00e7o de 2026. Segundo o Minist\u00e9rio de Minas e Energia, os reservat\u00f3rios mant\u00eam n\u00edveis satisfat\u00f3rios ap\u00f3s o per\u00edodo seco, garantindo condi\u00e7\u00f5es mais favor\u00e1veis ao Sistema Interligado Nacional em compara\u00e7\u00e3o com o ano [&hellip;]<\/p>\n","protected":false},"author":1,"featured_media":23389,"comment_status":"closed","ping_status":"closed","sticky":false,"template":"","format":"standard","meta":{"_monsterinsights_skip_tracking":false,"_monsterinsights_sitenote_active":false,"_monsterinsights_sitenote_note":"","_monsterinsights_sitenote_category":0,"footnotes":""},"categories":[1,13576],"tags":[1529,6970,792,15978,13895,282,15976,15975,635,99,15977,71,216,165,3826,1819,634,247,3554,54,3360,1573,631],"class_list":["post-29507","post","type-post","status-publish","format-standard","has-post-thumbnail","hentry","category-geral","category-giro-infra","tag-acre","tag-cemaden","tag-cmse","tag-enem","tag-energia-armazenada","tag-energia-eletrica","tag-expansao-de-transmissao","tag-governanca-hidrica","tag-hidreletricas","tag-itaipu","tag-manaus-boa-vista","tag-mme","tag-ons","tag-pnd","tag-politicas-energeticas","tag-reservatorios","tag-roraima","tag-sao-francisco","tag-seguranca-energetica","tag-setor-eletrico","tag-sin","tag-sustentabilidade","tag-termicas"],"yoast_head":"<!-- This site is optimized with the Yoast SEO Premium plugin v25.4 (Yoast SEO v26.0) - https:\/\/yoast.com\/wordpress\/plugins\/seo\/ -->\n<title>Comit\u00ea refor\u00e7a seguran\u00e7a energ\u00e9tica e gest\u00e3o integrada dos reservat\u00f3rios - Ag\u00eancia iNFRA<\/title>\n<meta name=\"robots\" content=\"index, follow, max-snippet:-1, max-image-preview:large, max-video-preview:-1\" \/>\n<link rel=\"canonical\" href=\"https:\/\/agenciainfra.com\/blog\/comite-reforca-seguranca-energetica-e-gestao-integrada-dos-reservatorios\/\" \/>\n<meta property=\"og:locale\" content=\"pt_BR\" \/>\n<meta property=\"og:type\" content=\"article\" \/>\n<meta property=\"og:title\" content=\"Comit\u00ea refor\u00e7a seguran\u00e7a energ\u00e9tica e gest\u00e3o integrada dos reservat\u00f3rios\" \/>\n<meta property=\"og:description\" content=\"da Ag\u00eancia iNFRA O Comit\u00ea de Monitoramento do Setor El\u00e9trico reafirmou nesta quarta-feira (8) a seguran\u00e7a do abastecimento de energia no pa\u00eds at\u00e9 mar\u00e7o de 2026. Segundo o Minist\u00e9rio de Minas e Energia, os reservat\u00f3rios mant\u00eam n\u00edveis satisfat\u00f3rios ap\u00f3s o per\u00edodo seco, garantindo condi\u00e7\u00f5es mais favor\u00e1veis ao Sistema Interligado Nacional em compara\u00e7\u00e3o com o ano [&hellip;]\" \/>\n<meta property=\"og:url\" content=\"https:\/\/agenciainfra.com\/blog\/comite-reforca-seguranca-energetica-e-gestao-integrada-dos-reservatorios\/\" \/>\n<meta property=\"og:site_name\" content=\"Ag\u00eancia iNFRA\" \/>\n<meta property=\"article:publisher\" content=\"https:\/\/www.facebook.com\/ageninfra\" \/>\n<meta property=\"article:published_time\" content=\"2025-10-08T22:19:41+00:00\" \/>\n<meta property=\"article:modified_time\" content=\"2025-10-08T22:19:43+00:00\" \/>\n<meta property=\"og:image\" content=\"https:\/\/agenciainfra.com\/blog\/wp-content\/uploads\/2025\/06\/Fotos-Torres-LinhaoTucurui-TransnorteEnergia.webp\" \/>\n\t<meta property=\"og:image:width\" content=\"768\" \/>\n\t<meta property=\"og:image:height\" content=\"563\" \/>\n\t<meta property=\"og:image:type\" content=\"image\/webp\" \/>\n<meta name=\"author\" content=\"Ag\u00eancia iNFRA\" \/>\n<meta name=\"twitter:card\" content=\"summary_large_image\" \/>\n<meta name=\"twitter:creator\" content=\"@agencia_infra\" \/>\n<meta name=\"twitter:site\" content=\"@agencia_infra\" \/>\n<meta name=\"twitter:label1\" content=\"Escrito por\" \/>\n\t<meta name=\"twitter:data1\" content=\"Ag\u00eancia iNFRA\" \/>\n\t<meta name=\"twitter:label2\" content=\"Est. tempo de leitura\" \/>\n\t<meta name=\"twitter:data2\" content=\"2 minutos\" \/>\n<script type=\"application\/ld+json\" class=\"yoast-schema-graph\">{\"@context\":\"https:\/\/schema.org\",\"@graph\":[{\"@type\":\"Article\",\"@id\":\"https:\/\/agenciainfra.com\/blog\/comite-reforca-seguranca-energetica-e-gestao-integrada-dos-reservatorios\/#article\",\"isPartOf\":{\"@id\":\"https:\/\/agenciainfra.com\/blog\/comite-reforca-seguranca-energetica-e-gestao-integrada-dos-reservatorios\/\"},\"author\":{\"name\":\"Ag\u00eancia iNFRA\",\"@id\":\"https:\/\/agenciainfra.com\/blog\/#\/schema\/person\/34af08dff6adea4cb22b06612ba7acfa\"},\"headline\":\"Comit\u00ea refor\u00e7a seguran\u00e7a energ\u00e9tica e gest\u00e3o integrada dos reservat\u00f3rios\",\"datePublished\":\"2025-10-08T22:19:41+00:00\",\"dateModified\":\"2025-10-08T22:19:43+00:00\",\"mainEntityOfPage\":{\"@id\":\"https:\/\/agenciainfra.com\/blog\/comite-reforca-seguranca-energetica-e-gestao-integrada-dos-reservatorios\/\"},\"wordCount\":429,\"publisher\":{\"@id\":\"https:\/\/agenciainfra.com\/blog\/#organization\"},\"image\":{\"@id\":\"https:\/\/agenciainfra.com\/blog\/comite-reforca-seguranca-energetica-e-gestao-integrada-dos-reservatorios\/#primaryimage\"},\"thumbnailUrl\":\"https:\/\/agenciainfra.com\/blog\/wp-content\/uploads\/2025\/06\/Fotos-Torres-LinhaoTucurui-TransnorteEnergia.webp\",\"keywords\":[\"Acre\",\"Cemaden\",\"CMSE\",\"Enem\",\"Energia Armazenada\",\"energia el\u00e9trica\",\"expans\u00e3o de transmiss\u00e3o\",\"governan\u00e7a h\u00eddrica\",\"Hidrel\u00e9tricas\",\"Itaipu\",\"Manaus-Boa Vista\",\"MME\",\"ONS\",\"PND\",\"pol\u00edticas energ\u00e9ticas\",\"reservat\u00f3rios\",\"Roraima\",\"S\u00e3o Francisco\",\"seguran\u00e7a energ\u00e9tica\",\"Setor El\u00e9trico\",\"SIN\",\"sustentabilidade\",\"t\u00e9rmicas\"],\"articleSection\":[\"Geral\",\"Giro iNFRA\"],\"inLanguage\":\"pt-BR\",\"copyrightYear\":\"2025\",\"copyrightHolder\":{\"@id\":\"https:\/\/agenciainfra.com\/blog\/#organization\"}},{\"@type\":\"WebPage\",\"@id\":\"https:\/\/agenciainfra.com\/blog\/comite-reforca-seguranca-energetica-e-gestao-integrada-dos-reservatorios\/\",\"url\":\"https:\/\/agenciainfra.com\/blog\/comite-reforca-seguranca-energetica-e-gestao-integrada-dos-reservatorios\/\",\"name\":\"Comit\u00ea refor\u00e7a seguran\u00e7a energ\u00e9tica e gest\u00e3o integrada dos reservat\u00f3rios - Ag\u00eancia iNFRA\",\"isPartOf\":{\"@id\":\"https:\/\/agenciainfra.com\/blog\/#website\"},\"primaryImageOfPage\":{\"@id\":\"https:\/\/agenciainfra.com\/blog\/comite-reforca-seguranca-energetica-e-gestao-integrada-dos-reservatorios\/#primaryimage\"},\"image\":{\"@id\":\"https:\/\/agenciainfra.com\/blog\/comite-reforca-seguranca-energetica-e-gestao-integrada-dos-reservatorios\/#primaryimage\"},\"thumbnailUrl\":\"https:\/\/agenciainfra.com\/blog\/wp-content\/uploads\/2025\/06\/Fotos-Torres-LinhaoTucurui-TransnorteEnergia.webp\",\"datePublished\":\"2025-10-08T22:19:41+00:00\",\"dateModified\":\"2025-10-08T22:19:43+00:00\",\"breadcrumb\":{\"@id\":\"https:\/\/agenciainfra.com\/blog\/comite-reforca-seguranca-energetica-e-gestao-integrada-dos-reservatorios\/#breadcrumb\"},\"inLanguage\":\"pt-BR\",\"potentialAction\":[{\"@type\":\"ReadAction\",\"target\":[\"https:\/\/agenciainfra.com\/blog\/comite-reforca-seguranca-energetica-e-gestao-integrada-dos-reservatorios\/\"]}]},{\"@type\":\"ImageObject\",\"inLanguage\":\"pt-BR\",\"@id\":\"https:\/\/agenciainfra.com\/blog\/comite-reforca-seguranca-energetica-e-gestao-integrada-dos-reservatorios\/#primaryimage\",\"url\":\"https:\/\/agenciainfra.com\/blog\/wp-content\/uploads\/2025\/06\/Fotos-Torres-LinhaoTucurui-TransnorteEnergia.webp\",\"contentUrl\":\"https:\/\/agenciainfra.com\/blog\/wp-content\/uploads\/2025\/06\/Fotos-Torres-LinhaoTucurui-TransnorteEnergia.webp\",\"width\":768,\"height\":563,\"caption\":\"Foto: Transnorte Energia\"},{\"@type\":\"BreadcrumbList\",\"@id\":\"https:\/\/agenciainfra.com\/blog\/comite-reforca-seguranca-energetica-e-gestao-integrada-dos-reservatorios\/#breadcrumb\",\"itemListElement\":[{\"@type\":\"ListItem\",\"position\":1,\"name\":\"In\u00edcio\",\"item\":\"https:\/\/agenciainfra.com\/blog\/\"},{\"@type\":\"ListItem\",\"position\":2,\"name\":\"Comit\u00ea refor\u00e7a seguran\u00e7a energ\u00e9tica e gest\u00e3o integrada dos reservat\u00f3rios\"}]},{\"@type\":\"WebSite\",\"@id\":\"https:\/\/agenciainfra.com\/blog\/#website\",\"url\":\"https:\/\/agenciainfra.com\/blog\/\",\"name\":\"Ag\u00eancia iNFRA\",\"description\":\"Multiplataforma de informa\u00e7\u00e3o jornal\u00edstica refer\u00eancia na \u00e1rea de infraestrutura no Brasil!\",\"publisher\":{\"@id\":\"https:\/\/agenciainfra.com\/blog\/#organization\"},\"potentialAction\":[{\"@type\":\"SearchAction\",\"target\":{\"@type\":\"EntryPoint\",\"urlTemplate\":\"https:\/\/agenciainfra.com\/blog\/?s={search_term_string}\"},\"query-input\":{\"@type\":\"PropertyValueSpecification\",\"valueRequired\":true,\"valueName\":\"search_term_string\"}}],\"inLanguage\":\"pt-BR\"},{\"@type\":\"Organization\",\"@id\":\"https:\/\/agenciainfra.com\/blog\/#organization\",\"name\":\"Ag\u00eancia iNFRA\",\"url\":\"https:\/\/agenciainfra.com\/blog\/\",\"logo\":{\"@type\":\"ImageObject\",\"inLanguage\":\"pt-BR\",\"@id\":\"https:\/\/agenciainfra.com\/blog\/#\/schema\/logo\/image\/\",\"url\":\"https:\/\/agenciainfra.com\/blog\/wp-content\/uploads\/2023\/09\/iNFRA_5-e1761735885940.png\",\"contentUrl\":\"https:\/\/agenciainfra.com\/blog\/wp-content\/uploads\/2023\/09\/iNFRA_5-e1761735885940.png\",\"width\":1672,\"height\":454,\"caption\":\"Ag\u00eancia iNFRA\"},\"image\":{\"@id\":\"https:\/\/agenciainfra.com\/blog\/#\/schema\/logo\/image\/\"},\"sameAs\":[\"https:\/\/www.facebook.com\/ageninfra\",\"https:\/\/x.com\/agencia_infra\",\"https:\/\/www.linkedin.com\/company\/ag\u00eanciainfra\/\",\"https:\/\/www.instagram.com\/agenciainfra\/\"]},{\"@type\":\"Person\",\"@id\":\"https:\/\/agenciainfra.com\/blog\/#\/schema\/person\/34af08dff6adea4cb22b06612ba7acfa\",\"name\":\"Ag\u00eancia iNFRA\",\"image\":{\"@type\":\"ImageObject\",\"inLanguage\":\"pt-BR\",\"@id\":\"https:\/\/agenciainfra.com\/blog\/#\/schema\/person\/image\/\",\"url\":\"https:\/\/secure.gravatar.com\/avatar\/d189e01678f06d8eb84d4e01f08eb848b3fffe3f8443818d3c356c66892f5be8?s=96&d=mm&r=g\",\"contentUrl\":\"https:\/\/secure.gravatar.com\/avatar\/d189e01678f06d8eb84d4e01f08eb848b3fffe3f8443818d3c356c66892f5be8?s=96&d=mm&r=g\",\"caption\":\"Ag\u00eancia iNFRA\"},\"url\":\"https:\/\/agenciainfra.com\/blog\/author\/admin\/\"}]}<\/script>\n<!-- \/ Yoast SEO Premium plugin. -->","yoast_head_json":{"title":"Comit\u00ea refor\u00e7a seguran\u00e7a energ\u00e9tica e gest\u00e3o integrada dos reservat\u00f3rios - Ag\u00eancia iNFRA","robots":{"index":"index","follow":"follow","max-snippet":"max-snippet:-1","max-image-preview":"max-image-preview:large","max-video-preview":"max-video-preview:-1"},"canonical":"https:\/\/agenciainfra.com\/blog\/comite-reforca-seguranca-energetica-e-gestao-integrada-dos-reservatorios\/","og_locale":"pt_BR","og_type":"article","og_title":"Comit\u00ea refor\u00e7a seguran\u00e7a energ\u00e9tica e gest\u00e3o integrada dos reservat\u00f3rios","og_description":"da Ag\u00eancia iNFRA O Comit\u00ea de Monitoramento do Setor El\u00e9trico reafirmou nesta quarta-feira (8) a seguran\u00e7a do abastecimento de energia no pa\u00eds at\u00e9 mar\u00e7o de 2026. Segundo o Minist\u00e9rio de Minas e Energia, os reservat\u00f3rios mant\u00eam n\u00edveis satisfat\u00f3rios ap\u00f3s o per\u00edodo seco, garantindo condi\u00e7\u00f5es mais favor\u00e1veis ao Sistema Interligado Nacional em compara\u00e7\u00e3o com o ano [&hellip;]","og_url":"https:\/\/agenciainfra.com\/blog\/comite-reforca-seguranca-energetica-e-gestao-integrada-dos-reservatorios\/","og_site_name":"Ag\u00eancia iNFRA","article_publisher":"https:\/\/www.facebook.com\/ageninfra","article_published_time":"2025-10-08T22:19:41+00:00","article_modified_time":"2025-10-08T22:19:43+00:00","og_image":[{"width":768,"height":563,"url":"https:\/\/agenciainfra.com\/blog\/wp-content\/uploads\/2025\/06\/Fotos-Torres-LinhaoTucurui-TransnorteEnergia.webp","type":"image\/webp"}],"author":"Ag\u00eancia iNFRA","twitter_card":"summary_large_image","twitter_creator":"@agencia_infra","twitter_site":"@agencia_infra","twitter_misc":{"Escrito por":"Ag\u00eancia iNFRA","Est. tempo de leitura":"2 minutos"},"schema":{"@context":"https:\/\/schema.org","@graph":[{"@type":"Article","@id":"https:\/\/agenciainfra.com\/blog\/comite-reforca-seguranca-energetica-e-gestao-integrada-dos-reservatorios\/#article","isPartOf":{"@id":"https:\/\/agenciainfra.com\/blog\/comite-reforca-seguranca-energetica-e-gestao-integrada-dos-reservatorios\/"},"author":{"name":"Ag\u00eancia iNFRA","@id":"https:\/\/agenciainfra.com\/blog\/#\/schema\/person\/34af08dff6adea4cb22b06612ba7acfa"},"headline":"Comit\u00ea refor\u00e7a seguran\u00e7a energ\u00e9tica e gest\u00e3o integrada dos reservat\u00f3rios","datePublished":"2025-10-08T22:19:41+00:00","dateModified":"2025-10-08T22:19:43+00:00","mainEntityOfPage":{"@id":"https:\/\/agenciainfra.com\/blog\/comite-reforca-seguranca-energetica-e-gestao-integrada-dos-reservatorios\/"},"wordCount":429,"publisher":{"@id":"https:\/\/agenciainfra.com\/blog\/#organization"},"image":{"@id":"https:\/\/agenciainfra.com\/blog\/comite-reforca-seguranca-energetica-e-gestao-integrada-dos-reservatorios\/#primaryimage"},"thumbnailUrl":"https:\/\/agenciainfra.com\/blog\/wp-content\/uploads\/2025\/06\/Fotos-Torres-LinhaoTucurui-TransnorteEnergia.webp","keywords":["Acre","Cemaden","CMSE","Enem","Energia Armazenada","energia el\u00e9trica","expans\u00e3o de transmiss\u00e3o","governan\u00e7a h\u00eddrica","Hidrel\u00e9tricas","Itaipu","Manaus-Boa Vista","MME","ONS","PND","pol\u00edticas energ\u00e9ticas","reservat\u00f3rios","Roraima","S\u00e3o Francisco","seguran\u00e7a energ\u00e9tica","Setor El\u00e9trico","SIN","sustentabilidade","t\u00e9rmicas"],"articleSection":["Geral","Giro iNFRA"],"inLanguage":"pt-BR","copyrightYear":"2025","copyrightHolder":{"@id":"https:\/\/agenciainfra.com\/blog\/#organization"}},{"@type":"WebPage","@id":"https:\/\/agenciainfra.com\/blog\/comite-reforca-seguranca-energetica-e-gestao-integrada-dos-reservatorios\/","url":"https:\/\/agenciainfra.com\/blog\/comite-reforca-seguranca-energetica-e-gestao-integrada-dos-reservatorios\/","name":"Comit\u00ea refor\u00e7a seguran\u00e7a energ\u00e9tica e gest\u00e3o integrada dos reservat\u00f3rios - Ag\u00eancia iNFRA","isPartOf":{"@id":"https:\/\/agenciainfra.com\/blog\/#website"},"primaryImageOfPage":{"@id":"https:\/\/agenciainfra.com\/blog\/comite-reforca-seguranca-energetica-e-gestao-integrada-dos-reservatorios\/#primaryimage"},"image":{"@id":"https:\/\/agenciainfra.com\/blog\/comite-reforca-seguranca-energetica-e-gestao-integrada-dos-reservatorios\/#primaryimage"},"thumbnailUrl":"https:\/\/agenciainfra.com\/blog\/wp-content\/uploads\/2025\/06\/Fotos-Torres-LinhaoTucurui-TransnorteEnergia.webp","datePublished":"2025-10-08T22:19:41+00:00","dateModified":"2025-10-08T22:19:43+00:00","breadcrumb":{"@id":"https:\/\/agenciainfra.com\/blog\/comite-reforca-seguranca-energetica-e-gestao-integrada-dos-reservatorios\/#breadcrumb"},"inLanguage":"pt-BR","potentialAction":[{"@type":"ReadAction","target":["https:\/\/agenciainfra.com\/blog\/comite-reforca-seguranca-energetica-e-gestao-integrada-dos-reservatorios\/"]}]},{"@type":"ImageObject","inLanguage":"pt-BR","@id":"https:\/\/agenciainfra.com\/blog\/comite-reforca-seguranca-energetica-e-gestao-integrada-dos-reservatorios\/#primaryimage","url":"https:\/\/agenciainfra.com\/blog\/wp-content\/uploads\/2025\/06\/Fotos-Torres-LinhaoTucurui-TransnorteEnergia.webp","contentUrl":"https:\/\/agenciainfra.com\/blog\/wp-content\/uploads\/2025\/06\/Fotos-Torres-LinhaoTucurui-TransnorteEnergia.webp","width":768,"height":563,"caption":"Foto: Transnorte Energia"},{"@type":"BreadcrumbList","@id":"https:\/\/agenciainfra.com\/blog\/comite-reforca-seguranca-energetica-e-gestao-integrada-dos-reservatorios\/#breadcrumb","itemListElement":[{"@type":"ListItem","position":1,"name":"In\u00edcio","item":"https:\/\/agenciainfra.com\/blog\/"},{"@type":"ListItem","position":2,"name":"Comit\u00ea refor\u00e7a seguran\u00e7a energ\u00e9tica e gest\u00e3o integrada dos reservat\u00f3rios"}]},{"@type":"WebSite","@id":"https:\/\/agenciainfra.com\/blog\/#website","url":"https:\/\/agenciainfra.com\/blog\/","name":"Ag\u00eancia iNFRA","description":"Multiplataforma de informa\u00e7\u00e3o jornal\u00edstica refer\u00eancia na \u00e1rea de infraestrutura no Brasil!","publisher":{"@id":"https:\/\/agenciainfra.com\/blog\/#organization"},"potentialAction":[{"@type":"SearchAction","target":{"@type":"EntryPoint","urlTemplate":"https:\/\/agenciainfra.com\/blog\/?s={search_term_string}"},"query-input":{"@type":"PropertyValueSpecification","valueRequired":true,"valueName":"search_term_string"}}],"inLanguage":"pt-BR"},{"@type":"Organization","@id":"https:\/\/agenciainfra.com\/blog\/#organization","name":"Ag\u00eancia iNFRA","url":"https:\/\/agenciainfra.com\/blog\/","logo":{"@type":"ImageObject","inLanguage":"pt-BR","@id":"https:\/\/agenciainfra.com\/blog\/#\/schema\/logo\/image\/","url":"https:\/\/agenciainfra.com\/blog\/wp-content\/uploads\/2023\/09\/iNFRA_5-e1761735885940.png","contentUrl":"https:\/\/agenciainfra.com\/blog\/wp-content\/uploads\/2023\/09\/iNFRA_5-e1761735885940.png","width":1672,"height":454,"caption":"Ag\u00eancia iNFRA"},"image":{"@id":"https:\/\/agenciainfra.com\/blog\/#\/schema\/logo\/image\/"},"sameAs":["https:\/\/www.facebook.com\/ageninfra","https:\/\/x.com\/agencia_infra","https:\/\/www.linkedin.com\/company\/ag\u00eanciainfra\/","https:\/\/www.instagram.com\/agenciainfra\/"]},{"@type":"Person","@id":"https:\/\/agenciainfra.com\/blog\/#\/schema\/person\/34af08dff6adea4cb22b06612ba7acfa","name":"Ag\u00eancia iNFRA","image":{"@type":"ImageObject","inLanguage":"pt-BR","@id":"https:\/\/agenciainfra.com\/blog\/#\/schema\/person\/image\/","url":"https:\/\/secure.gravatar.com\/avatar\/d189e01678f06d8eb84d4e01f08eb848b3fffe3f8443818d3c356c66892f5be8?s=96&d=mm&r=g","contentUrl":"https:\/\/secure.gravatar.com\/avatar\/d189e01678f06d8eb84d4e01f08eb848b3fffe3f8443818d3c356c66892f5be8?s=96&d=mm&r=g","caption":"Ag\u00eancia iNFRA"},"url":"https:\/\/agenciainfra.com\/blog\/author\/admin\/"}]}},"_links":{"self":[{"href":"https:\/\/agenciainfra.com\/blog\/wp-json\/wp\/v2\/posts\/29507","targetHints":{"allow":["GET"]}}],"collection":[{"href":"https:\/\/agenciainfra.com\/blog\/wp-json\/wp\/v2\/posts"}],"about":[{"href":"https:\/\/agenciainfra.com\/blog\/wp-json\/wp\/v2\/types\/post"}],"author":[{"embeddable":true,"href":"https:\/\/agenciainfra.com\/blog\/wp-json\/wp\/v2\/users\/1"}],"replies":[{"embeddable":true,"href":"https:\/\/agenciainfra.com\/blog\/wp-json\/wp\/v2\/comments?post=29507"}],"version-history":[{"count":1,"href":"https:\/\/agenciainfra.com\/blog\/wp-json\/wp\/v2\/posts\/29507\/revisions"}],"predecessor-version":[{"id":29508,"href":"https:\/\/agenciainfra.com\/blog\/wp-json\/wp\/v2\/posts\/29507\/revisions\/29508"}],"wp:featuredmedia":[{"embeddable":true,"href":"https:\/\/agenciainfra.com\/blog\/wp-json\/wp\/v2\/media\/23389"}],"wp:attachment":[{"href":"https:\/\/agenciainfra.com\/blog\/wp-json\/wp\/v2\/media?parent=29507"}],"wp:term":[{"taxonomy":"category","embeddable":true,"href":"https:\/\/agenciainfra.com\/blog\/wp-json\/wp\/v2\/categories?post=29507"},{"taxonomy":"post_tag","embeddable":true,"href":"https:\/\/agenciainfra.com\/blog\/wp-json\/wp\/v2\/tags?post=29507"}],"curies":[{"name":"wp","href":"https:\/\/api.w.org\/{rel}","templated":true}]}}