{"id":29526,"date":"2025-10-09T11:10:03","date_gmt":"2025-10-09T14:10:03","guid":{"rendered":"https:\/\/agenciainfra.com\/blog\/?p=29526"},"modified":"2025-10-10T10:09:08","modified_gmt":"2025-10-10T13:09:08","slug":"tcu-fara-auditoria-com-foco-na-transicao-de-comandos-das-agencias","status":"publish","type":"post","link":"https:\/\/agenciainfra.com\/blog\/tcu-fara-auditoria-com-foco-na-transicao-de-comandos-das-agencias\/","title":{"rendered":"TCU far\u00e1 auditoria com foco na transi\u00e7\u00e3o de comandos das ag\u00eancias"},"content":{"rendered":"\n<p class=\"has-text-align-right\"><strong>da Ag\u00eancia iNFRA<\/strong><\/p>\n\n\n\n<p>O TCU (Tribunal de Contas da Uni\u00e3o) vai realizar uma auditoria com foco nos per\u00edodos de transi\u00e7\u00e3o dos comandos das ag\u00eancias reguladoras. A proposta foi apresentada nesta quarta-feira\u00a0(8) pelo ministro Bruno Dantas ao plen\u00e1rio da Corte, que a aprovou, e agora caber\u00e1 \u00e0 Segecex (Secretaria-Geral de Controle Externo) colocar o acompanhamento em pr\u00e1tica.<br><br>A tend\u00eancia \u00e9 de que a auditoria seja inclu\u00edda\u00a0num processo j\u00e1 relatado pelo ministro Jorge Oliveira, que avalia a gest\u00e3o e os resultados das reguladoras, e assim possa ser iniciada imediatamente.\u00a0<br><br>Durante a sess\u00e3o plen\u00e1ria, Dantas observou que v\u00e1rios novos dirigentes foram aprovados e empossados para chefiar ag\u00eancias reguladoras recentemente, e que esses momentos de transi\u00e7\u00e3o nas gest\u00f5es representam um ponto sens\u00edvel para a continuidade administrativa e a governan\u00e7a.<br><br>O objetivo da auditoria \u00e9 proporcionar subs\u00eddios t\u00e9cnicos tanto para a administra\u00e7\u00e3o que se encerra quanto a que se inicia, e um \u201cpanorama fidedigno\u201d da situa\u00e7\u00e3o da reguladora,\u00a0\u201cde modo a fortalecer tecnicamente a sucess\u00e3o nessas relevantes institui\u00e7\u00f5es\u201d, afirmou o ministro.<br><br>&#8220;Tal sistem\u00e1tica dever\u00e1 contemplar fiscaliza\u00e7\u00f5es ou outras a\u00e7\u00f5es de controle ao longo do \u00faltimo ano dos mandatos dos principais dirigentes das ag\u00eancias reguladoras, com foco em aspectos final\u00edsticos e estrat\u00e9gicos, avaliando, por exemplo, o desempenho em rela\u00e7\u00e3o aos indicadores de resultado, o cumprimento das metas estabelecidas, a evolu\u00e7\u00e3o dos estoques de processos regulat\u00f3rios pendentes e o panorama dos principais projetos em andamento&#8221;, explicou.\u00a0<br><br>Uma vez que os mandatos dos novos dirigentes j\u00e1 foram\u00a0iniciados, Dantas sugeriu que excepcionalmente seja feita uma auditoria no primeiro ano de gest\u00e3o, \u201csem embargo\u201d de o acompanhamento tamb\u00e9m ser feito no \u00faltimo ano. \u201cAssim, n\u00f3s ter\u00edamos um painel com possibilidade de compara\u00e7\u00e3o como estava a ag\u00eancia no ano 1 da gest\u00e3o desses dirigentes e no \u00faltimo ano de suas gest\u00f5es\u201d, disse Dantas.<br><br>Ele citou o novo diretor-geral da ANP (Ag\u00eancia Nacional do Petr\u00f3leo, G\u00e1s Natural e Biocombust\u00edveis), Artur Watt, que sugeriu que seria importante um relat\u00f3rio do TCU sobre os pontos de defici\u00eancia da reguladora para os quais a nova gest\u00e3o deveria se atentar como ponto de partida.<br><br>Al\u00e9m da ANP, passaram a ter novos comandos neste ano a\u00a0ANTT (Ag\u00eancia Nacional de Transportes Terrestres), ANTAQ (Ag\u00eancia Nacional de Transportes Aquavi\u00e1rios), ANAC (Ag\u00eancia Nacional de Avia\u00e7\u00e3o Civil), ANVISA (Ag\u00eancia Nacional de Vigil\u00e2ncia Sanit\u00e1ria), ANS (Ag\u00eancia Nacional de Sa\u00fade Suplementar) e ANSN (Autoridade Nacional de Seguran\u00e7a Nuclear). Tamb\u00e9m foram aprovados nomes para a diretoria de outras ag\u00eancias, como a ANA (Ag\u00eancia Nacional de \u00c1guas e Saneamento Ambiental) e a ANEEL (Ag\u00eancia Nacional de Energia El\u00e9trica).<br><br><strong>Gale\u00e3o<\/strong><br>Na sess\u00e3o, os ministros tamb\u00e9m autorizaram\u00a0a suspens\u00e3o\u00a0do prazo para relicita\u00e7\u00e3o do Aeroporto Internacional do Rio de Janeiro, o Gale\u00e3o, a contar de mar\u00e7o de 2024, at\u00e9 a primeira das seguintes ocorr\u00eancias: i) reconhecimento pelas partes da inviabilidade da conclus\u00e3o do Teste de Mercado; ou ii) 31\/3\/2026, caso o Teste de Mercado n\u00e3o tenha sido realizado at\u00e9 esta data. Veja\u00a0<a href=\"https:\/\/agenciainfra.us14.list-manage.com\/track\/click?u=d460dd1bcf9ba0ae040e1fc0f&amp;id=b6da2aea20&amp;e=55b7a27fc9\" target=\"_blank\" rel=\"noreferrer noopener\">aqui<\/a>\u00a0o ac\u00f3rd\u00e3o.\u00a0<br><br>O ministro relator, Augusto Nardes, lembrou que o aeroporto passa por um processo de repactua\u00e7\u00e3o, cujo acordo j\u00e1 foi aprovado pelo TCU. O novo contrato do ativo passar\u00e1 por um teste de mercado para verificar se outros operadores tamb\u00e9m t\u00eam interesse em operar o terminal a\u00e9reo.\u00a0<br><br>Em voto sobre a suspens\u00e3o do prazo de relicita\u00e7\u00e3o do Gale\u00e3o, o ministro Bruno Dantas argumentou que o caso n\u00e3o poderia ser comparado ao do Aeroporto de\u00a0Viracopos (SP).\u00a0&#8220;A flexibilidade que aplicamos hoje no caso do Gale\u00e3o, ao suspender o prazo de conclus\u00e3o da relicita\u00e7\u00e3o do aeroporto, n\u00e3o contradiz o rigor adotado no precedente que envolveu o aeroporto de Viracopos. As solu\u00e7\u00f5es s\u00e3o distintas porque os cen\u00e1rios s\u00e3o opostos&#8221;, afirmou.<br><br>&#8220;J\u00e1 no caso de Viracopos, o cen\u00e1rio era de claro lit\u00edgio e resist\u00eancia por parte da concession\u00e1ria em rela\u00e7\u00e3o ao andamento do feito. Naquela situa\u00e7\u00e3o, a imposi\u00e7\u00e3o de um prazo final e de requisitos mais estritos se mostraram necess\u00e1rios para garantir a autoridade deste\u00a0tribunal e resguardar o interesse p\u00fablico&#8221;, disse ainda o ministro.<\/p>\n","protected":false},"excerpt":{"rendered":"<p>da Ag\u00eancia iNFRA O TCU (Tribunal de Contas da Uni\u00e3o) vai realizar uma auditoria com foco nos per\u00edodos de transi\u00e7\u00e3o dos comandos das ag\u00eancias reguladoras. A proposta foi apresentada nesta quarta-feira\u00a0(8) pelo ministro Bruno Dantas ao plen\u00e1rio da Corte, que a aprovou, e agora caber\u00e1 \u00e0 Segecex (Secretaria-Geral de Controle Externo) colocar o acompanhamento em [&hellip;]<\/p>\n","protected":false},"author":1,"featured_media":17780,"comment_status":"closed","ping_status":"closed","sticky":false,"template":"","format":"standard","meta":{"_monsterinsights_skip_tracking":false,"_monsterinsights_sitenote_active":false,"_monsterinsights_sitenote_note":"","_monsterinsights_sitenote_category":0,"footnotes":""},"categories":[7250,1,7],"tags":[46,11204,14012,6176,927],"class_list":["post-29526","post","type-post","status-publish","format-standard","has-post-thumbnail","hentry","category-destaque-lista","category-geral","category-infratransporte","tag-agencias-reguladoras","tag-auditoria-tcu","tag-bruno-dantas-tcu","tag-transicao","tag-tribunal-de-contas-da-uniao"],"yoast_head":"<!-- This site is optimized with the Yoast SEO Premium plugin v25.4 (Yoast SEO v26.0) - https:\/\/yoast.com\/wordpress\/plugins\/seo\/ -->\n<title>TCU far\u00e1 auditoria com foco na transi\u00e7\u00e3o de comandos das ag\u00eancias - Ag\u00eancia iNFRA<\/title>\n<meta name=\"robots\" content=\"index, follow, max-snippet:-1, max-image-preview:large, max-video-preview:-1\" \/>\n<link rel=\"canonical\" href=\"https:\/\/agenciainfra.com\/blog\/tcu-fara-auditoria-com-foco-na-transicao-de-comandos-das-agencias\/\" \/>\n<meta property=\"og:locale\" content=\"pt_BR\" \/>\n<meta property=\"og:type\" content=\"article\" \/>\n<meta property=\"og:title\" content=\"TCU far\u00e1 auditoria com foco na transi\u00e7\u00e3o de comandos das ag\u00eancias\" \/>\n<meta property=\"og:description\" content=\"da Ag\u00eancia iNFRA O TCU (Tribunal de Contas da Uni\u00e3o) vai realizar uma auditoria com foco nos per\u00edodos de transi\u00e7\u00e3o dos comandos das ag\u00eancias reguladoras. A proposta foi apresentada nesta quarta-feira\u00a0(8) pelo ministro Bruno Dantas ao plen\u00e1rio da Corte, que a aprovou, e agora caber\u00e1 \u00e0 Segecex (Secretaria-Geral de Controle Externo) colocar o acompanhamento em [&hellip;]\" \/>\n<meta property=\"og:url\" content=\"https:\/\/agenciainfra.com\/blog\/tcu-fara-auditoria-com-foco-na-transicao-de-comandos-das-agencias\/\" \/>\n<meta property=\"og:site_name\" content=\"Ag\u00eancia iNFRA\" \/>\n<meta property=\"article:publisher\" content=\"https:\/\/www.facebook.com\/ageninfra\" \/>\n<meta property=\"article:published_time\" content=\"2025-10-09T14:10:03+00:00\" \/>\n<meta property=\"article:modified_time\" content=\"2025-10-10T13:09:08+00:00\" \/>\n<meta property=\"og:image\" content=\"https:\/\/agenciainfra.com\/blog\/wp-content\/uploads\/2024\/07\/bruno-dantas-foto-ascom-tcu-samuel-figueira-1.jpg\" \/>\n\t<meta property=\"og:image:width\" content=\"1202\" \/>\n\t<meta property=\"og:image:height\" content=\"801\" \/>\n\t<meta property=\"og:image:type\" content=\"image\/jpeg\" \/>\n<meta name=\"author\" content=\"Ag\u00eancia iNFRA\" \/>\n<meta name=\"twitter:card\" content=\"summary_large_image\" \/>\n<meta name=\"twitter:creator\" content=\"@agencia_infra\" \/>\n<meta name=\"twitter:site\" content=\"@agencia_infra\" \/>\n<meta name=\"twitter:label1\" content=\"Escrito por\" \/>\n\t<meta name=\"twitter:data1\" content=\"Ag\u00eancia iNFRA\" \/>\n\t<meta name=\"twitter:label2\" content=\"Est. tempo de leitura\" \/>\n\t<meta name=\"twitter:data2\" content=\"4 minutos\" \/>\n<script type=\"application\/ld+json\" class=\"yoast-schema-graph\">{\"@context\":\"https:\/\/schema.org\",\"@graph\":[{\"@type\":\"Article\",\"@id\":\"https:\/\/agenciainfra.com\/blog\/tcu-fara-auditoria-com-foco-na-transicao-de-comandos-das-agencias\/#article\",\"isPartOf\":{\"@id\":\"https:\/\/agenciainfra.com\/blog\/tcu-fara-auditoria-com-foco-na-transicao-de-comandos-das-agencias\/\"},\"author\":{\"name\":\"Ag\u00eancia iNFRA\",\"@id\":\"https:\/\/agenciainfra.com\/blog\/#\/schema\/person\/34af08dff6adea4cb22b06612ba7acfa\"},\"headline\":\"TCU far\u00e1 auditoria com foco na transi\u00e7\u00e3o de comandos das ag\u00eancias\",\"datePublished\":\"2025-10-09T14:10:03+00:00\",\"dateModified\":\"2025-10-10T13:09:08+00:00\",\"mainEntityOfPage\":{\"@id\":\"https:\/\/agenciainfra.com\/blog\/tcu-fara-auditoria-com-foco-na-transicao-de-comandos-das-agencias\/\"},\"wordCount\":761,\"publisher\":{\"@id\":\"https:\/\/agenciainfra.com\/blog\/#organization\"},\"image\":{\"@id\":\"https:\/\/agenciainfra.com\/blog\/tcu-fara-auditoria-com-foco-na-transicao-de-comandos-das-agencias\/#primaryimage\"},\"thumbnailUrl\":\"https:\/\/agenciainfra.com\/blog\/wp-content\/uploads\/2024\/07\/bruno-dantas-foto-ascom-tcu-samuel-figueira-1.jpg\",\"keywords\":[\"Ag\u00eancias Reguladoras\",\"Auditoria TCU\",\"bruno dantas tcu\",\"transi\u00e7\u00e3o\",\"Tribunal de Contas da Uni\u00e3o\"],\"articleSection\":[\"Destaque lista\",\"Geral\",\"iNFRATransporte\"],\"inLanguage\":\"pt-BR\",\"copyrightYear\":\"2025\",\"copyrightHolder\":{\"@id\":\"https:\/\/agenciainfra.com\/blog\/#organization\"}},{\"@type\":\"WebPage\",\"@id\":\"https:\/\/agenciainfra.com\/blog\/tcu-fara-auditoria-com-foco-na-transicao-de-comandos-das-agencias\/\",\"url\":\"https:\/\/agenciainfra.com\/blog\/tcu-fara-auditoria-com-foco-na-transicao-de-comandos-das-agencias\/\",\"name\":\"TCU far\u00e1 auditoria com foco na transi\u00e7\u00e3o de comandos das ag\u00eancias - Ag\u00eancia iNFRA\",\"isPartOf\":{\"@id\":\"https:\/\/agenciainfra.com\/blog\/#website\"},\"primaryImageOfPage\":{\"@id\":\"https:\/\/agenciainfra.com\/blog\/tcu-fara-auditoria-com-foco-na-transicao-de-comandos-das-agencias\/#primaryimage\"},\"image\":{\"@id\":\"https:\/\/agenciainfra.com\/blog\/tcu-fara-auditoria-com-foco-na-transicao-de-comandos-das-agencias\/#primaryimage\"},\"thumbnailUrl\":\"https:\/\/agenciainfra.com\/blog\/wp-content\/uploads\/2024\/07\/bruno-dantas-foto-ascom-tcu-samuel-figueira-1.jpg\",\"datePublished\":\"2025-10-09T14:10:03+00:00\",\"dateModified\":\"2025-10-10T13:09:08+00:00\",\"breadcrumb\":{\"@id\":\"https:\/\/agenciainfra.com\/blog\/tcu-fara-auditoria-com-foco-na-transicao-de-comandos-das-agencias\/#breadcrumb\"},\"inLanguage\":\"pt-BR\",\"potentialAction\":[{\"@type\":\"ReadAction\",\"target\":[\"https:\/\/agenciainfra.com\/blog\/tcu-fara-auditoria-com-foco-na-transicao-de-comandos-das-agencias\/\"]}]},{\"@type\":\"ImageObject\",\"inLanguage\":\"pt-BR\",\"@id\":\"https:\/\/agenciainfra.com\/blog\/tcu-fara-auditoria-com-foco-na-transicao-de-comandos-das-agencias\/#primaryimage\",\"url\":\"https:\/\/agenciainfra.com\/blog\/wp-content\/uploads\/2024\/07\/bruno-dantas-foto-ascom-tcu-samuel-figueira-1.jpg\",\"contentUrl\":\"https:\/\/agenciainfra.com\/blog\/wp-content\/uploads\/2024\/07\/bruno-dantas-foto-ascom-tcu-samuel-figueira-1.jpg\",\"width\":1202,\"height\":801,\"caption\":\"Foto: Samuel Figueira\/TCU\"},{\"@type\":\"BreadcrumbList\",\"@id\":\"https:\/\/agenciainfra.com\/blog\/tcu-fara-auditoria-com-foco-na-transicao-de-comandos-das-agencias\/#breadcrumb\",\"itemListElement\":[{\"@type\":\"ListItem\",\"position\":1,\"name\":\"In\u00edcio\",\"item\":\"https:\/\/agenciainfra.com\/blog\/\"},{\"@type\":\"ListItem\",\"position\":2,\"name\":\"TCU far\u00e1 auditoria com foco na transi\u00e7\u00e3o de comandos das ag\u00eancias\"}]},{\"@type\":\"WebSite\",\"@id\":\"https:\/\/agenciainfra.com\/blog\/#website\",\"url\":\"https:\/\/agenciainfra.com\/blog\/\",\"name\":\"Ag\u00eancia iNFRA\",\"description\":\"Multiplataforma de informa\u00e7\u00e3o jornal\u00edstica refer\u00eancia na \u00e1rea de infraestrutura no Brasil!\",\"publisher\":{\"@id\":\"https:\/\/agenciainfra.com\/blog\/#organization\"},\"potentialAction\":[{\"@type\":\"SearchAction\",\"target\":{\"@type\":\"EntryPoint\",\"urlTemplate\":\"https:\/\/agenciainfra.com\/blog\/?s={search_term_string}\"},\"query-input\":{\"@type\":\"PropertyValueSpecification\",\"valueRequired\":true,\"valueName\":\"search_term_string\"}}],\"inLanguage\":\"pt-BR\"},{\"@type\":\"Organization\",\"@id\":\"https:\/\/agenciainfra.com\/blog\/#organization\",\"name\":\"Ag\u00eancia iNFRA\",\"url\":\"https:\/\/agenciainfra.com\/blog\/\",\"logo\":{\"@type\":\"ImageObject\",\"inLanguage\":\"pt-BR\",\"@id\":\"https:\/\/agenciainfra.com\/blog\/#\/schema\/logo\/image\/\",\"url\":\"https:\/\/agenciainfra.com\/blog\/wp-content\/uploads\/2023\/09\/iNFRA_5-e1761735885940.png\",\"contentUrl\":\"https:\/\/agenciainfra.com\/blog\/wp-content\/uploads\/2023\/09\/iNFRA_5-e1761735885940.png\",\"width\":1672,\"height\":454,\"caption\":\"Ag\u00eancia iNFRA\"},\"image\":{\"@id\":\"https:\/\/agenciainfra.com\/blog\/#\/schema\/logo\/image\/\"},\"sameAs\":[\"https:\/\/www.facebook.com\/ageninfra\",\"https:\/\/x.com\/agencia_infra\",\"https:\/\/www.linkedin.com\/company\/ag\u00eanciainfra\/\",\"https:\/\/www.instagram.com\/agenciainfra\/\"]},{\"@type\":\"Person\",\"@id\":\"https:\/\/agenciainfra.com\/blog\/#\/schema\/person\/34af08dff6adea4cb22b06612ba7acfa\",\"name\":\"Ag\u00eancia iNFRA\",\"image\":{\"@type\":\"ImageObject\",\"inLanguage\":\"pt-BR\",\"@id\":\"https:\/\/agenciainfra.com\/blog\/#\/schema\/person\/image\/\",\"url\":\"https:\/\/secure.gravatar.com\/avatar\/d189e01678f06d8eb84d4e01f08eb848b3fffe3f8443818d3c356c66892f5be8?s=96&d=mm&r=g\",\"contentUrl\":\"https:\/\/secure.gravatar.com\/avatar\/d189e01678f06d8eb84d4e01f08eb848b3fffe3f8443818d3c356c66892f5be8?s=96&d=mm&r=g\",\"caption\":\"Ag\u00eancia iNFRA\"},\"url\":\"https:\/\/agenciainfra.com\/blog\/author\/admin\/\"}]}<\/script>\n<!-- \/ Yoast SEO Premium plugin. -->","yoast_head_json":{"title":"TCU far\u00e1 auditoria com foco na transi\u00e7\u00e3o de comandos das ag\u00eancias - Ag\u00eancia iNFRA","robots":{"index":"index","follow":"follow","max-snippet":"max-snippet:-1","max-image-preview":"max-image-preview:large","max-video-preview":"max-video-preview:-1"},"canonical":"https:\/\/agenciainfra.com\/blog\/tcu-fara-auditoria-com-foco-na-transicao-de-comandos-das-agencias\/","og_locale":"pt_BR","og_type":"article","og_title":"TCU far\u00e1 auditoria com foco na transi\u00e7\u00e3o de comandos das ag\u00eancias","og_description":"da Ag\u00eancia iNFRA O TCU (Tribunal de Contas da Uni\u00e3o) vai realizar uma auditoria com foco nos per\u00edodos de transi\u00e7\u00e3o dos comandos das ag\u00eancias reguladoras. A proposta foi apresentada nesta quarta-feira\u00a0(8) pelo ministro Bruno Dantas ao plen\u00e1rio da Corte, que a aprovou, e agora caber\u00e1 \u00e0 Segecex (Secretaria-Geral de Controle Externo) colocar o acompanhamento em [&hellip;]","og_url":"https:\/\/agenciainfra.com\/blog\/tcu-fara-auditoria-com-foco-na-transicao-de-comandos-das-agencias\/","og_site_name":"Ag\u00eancia iNFRA","article_publisher":"https:\/\/www.facebook.com\/ageninfra","article_published_time":"2025-10-09T14:10:03+00:00","article_modified_time":"2025-10-10T13:09:08+00:00","og_image":[{"width":1202,"height":801,"url":"https:\/\/agenciainfra.com\/blog\/wp-content\/uploads\/2024\/07\/bruno-dantas-foto-ascom-tcu-samuel-figueira-1.jpg","type":"image\/jpeg"}],"author":"Ag\u00eancia iNFRA","twitter_card":"summary_large_image","twitter_creator":"@agencia_infra","twitter_site":"@agencia_infra","twitter_misc":{"Escrito por":"Ag\u00eancia iNFRA","Est. tempo de leitura":"4 minutos"},"schema":{"@context":"https:\/\/schema.org","@graph":[{"@type":"Article","@id":"https:\/\/agenciainfra.com\/blog\/tcu-fara-auditoria-com-foco-na-transicao-de-comandos-das-agencias\/#article","isPartOf":{"@id":"https:\/\/agenciainfra.com\/blog\/tcu-fara-auditoria-com-foco-na-transicao-de-comandos-das-agencias\/"},"author":{"name":"Ag\u00eancia iNFRA","@id":"https:\/\/agenciainfra.com\/blog\/#\/schema\/person\/34af08dff6adea4cb22b06612ba7acfa"},"headline":"TCU far\u00e1 auditoria com foco na transi\u00e7\u00e3o de comandos das ag\u00eancias","datePublished":"2025-10-09T14:10:03+00:00","dateModified":"2025-10-10T13:09:08+00:00","mainEntityOfPage":{"@id":"https:\/\/agenciainfra.com\/blog\/tcu-fara-auditoria-com-foco-na-transicao-de-comandos-das-agencias\/"},"wordCount":761,"publisher":{"@id":"https:\/\/agenciainfra.com\/blog\/#organization"},"image":{"@id":"https:\/\/agenciainfra.com\/blog\/tcu-fara-auditoria-com-foco-na-transicao-de-comandos-das-agencias\/#primaryimage"},"thumbnailUrl":"https:\/\/agenciainfra.com\/blog\/wp-content\/uploads\/2024\/07\/bruno-dantas-foto-ascom-tcu-samuel-figueira-1.jpg","keywords":["Ag\u00eancias Reguladoras","Auditoria TCU","bruno dantas tcu","transi\u00e7\u00e3o","Tribunal de Contas da Uni\u00e3o"],"articleSection":["Destaque lista","Geral","iNFRATransporte"],"inLanguage":"pt-BR","copyrightYear":"2025","copyrightHolder":{"@id":"https:\/\/agenciainfra.com\/blog\/#organization"}},{"@type":"WebPage","@id":"https:\/\/agenciainfra.com\/blog\/tcu-fara-auditoria-com-foco-na-transicao-de-comandos-das-agencias\/","url":"https:\/\/agenciainfra.com\/blog\/tcu-fara-auditoria-com-foco-na-transicao-de-comandos-das-agencias\/","name":"TCU far\u00e1 auditoria com foco na transi\u00e7\u00e3o de comandos das ag\u00eancias - Ag\u00eancia iNFRA","isPartOf":{"@id":"https:\/\/agenciainfra.com\/blog\/#website"},"primaryImageOfPage":{"@id":"https:\/\/agenciainfra.com\/blog\/tcu-fara-auditoria-com-foco-na-transicao-de-comandos-das-agencias\/#primaryimage"},"image":{"@id":"https:\/\/agenciainfra.com\/blog\/tcu-fara-auditoria-com-foco-na-transicao-de-comandos-das-agencias\/#primaryimage"},"thumbnailUrl":"https:\/\/agenciainfra.com\/blog\/wp-content\/uploads\/2024\/07\/bruno-dantas-foto-ascom-tcu-samuel-figueira-1.jpg","datePublished":"2025-10-09T14:10:03+00:00","dateModified":"2025-10-10T13:09:08+00:00","breadcrumb":{"@id":"https:\/\/agenciainfra.com\/blog\/tcu-fara-auditoria-com-foco-na-transicao-de-comandos-das-agencias\/#breadcrumb"},"inLanguage":"pt-BR","potentialAction":[{"@type":"ReadAction","target":["https:\/\/agenciainfra.com\/blog\/tcu-fara-auditoria-com-foco-na-transicao-de-comandos-das-agencias\/"]}]},{"@type":"ImageObject","inLanguage":"pt-BR","@id":"https:\/\/agenciainfra.com\/blog\/tcu-fara-auditoria-com-foco-na-transicao-de-comandos-das-agencias\/#primaryimage","url":"https:\/\/agenciainfra.com\/blog\/wp-content\/uploads\/2024\/07\/bruno-dantas-foto-ascom-tcu-samuel-figueira-1.jpg","contentUrl":"https:\/\/agenciainfra.com\/blog\/wp-content\/uploads\/2024\/07\/bruno-dantas-foto-ascom-tcu-samuel-figueira-1.jpg","width":1202,"height":801,"caption":"Foto: Samuel Figueira\/TCU"},{"@type":"BreadcrumbList","@id":"https:\/\/agenciainfra.com\/blog\/tcu-fara-auditoria-com-foco-na-transicao-de-comandos-das-agencias\/#breadcrumb","itemListElement":[{"@type":"ListItem","position":1,"name":"In\u00edcio","item":"https:\/\/agenciainfra.com\/blog\/"},{"@type":"ListItem","position":2,"name":"TCU far\u00e1 auditoria com foco na transi\u00e7\u00e3o de comandos das ag\u00eancias"}]},{"@type":"WebSite","@id":"https:\/\/agenciainfra.com\/blog\/#website","url":"https:\/\/agenciainfra.com\/blog\/","name":"Ag\u00eancia iNFRA","description":"Multiplataforma de informa\u00e7\u00e3o jornal\u00edstica refer\u00eancia na \u00e1rea de infraestrutura no Brasil!","publisher":{"@id":"https:\/\/agenciainfra.com\/blog\/#organization"},"potentialAction":[{"@type":"SearchAction","target":{"@type":"EntryPoint","urlTemplate":"https:\/\/agenciainfra.com\/blog\/?s={search_term_string}"},"query-input":{"@type":"PropertyValueSpecification","valueRequired":true,"valueName":"search_term_string"}}],"inLanguage":"pt-BR"},{"@type":"Organization","@id":"https:\/\/agenciainfra.com\/blog\/#organization","name":"Ag\u00eancia iNFRA","url":"https:\/\/agenciainfra.com\/blog\/","logo":{"@type":"ImageObject","inLanguage":"pt-BR","@id":"https:\/\/agenciainfra.com\/blog\/#\/schema\/logo\/image\/","url":"https:\/\/agenciainfra.com\/blog\/wp-content\/uploads\/2023\/09\/iNFRA_5-e1761735885940.png","contentUrl":"https:\/\/agenciainfra.com\/blog\/wp-content\/uploads\/2023\/09\/iNFRA_5-e1761735885940.png","width":1672,"height":454,"caption":"Ag\u00eancia iNFRA"},"image":{"@id":"https:\/\/agenciainfra.com\/blog\/#\/schema\/logo\/image\/"},"sameAs":["https:\/\/www.facebook.com\/ageninfra","https:\/\/x.com\/agencia_infra","https:\/\/www.linkedin.com\/company\/ag\u00eanciainfra\/","https:\/\/www.instagram.com\/agenciainfra\/"]},{"@type":"Person","@id":"https:\/\/agenciainfra.com\/blog\/#\/schema\/person\/34af08dff6adea4cb22b06612ba7acfa","name":"Ag\u00eancia iNFRA","image":{"@type":"ImageObject","inLanguage":"pt-BR","@id":"https:\/\/agenciainfra.com\/blog\/#\/schema\/person\/image\/","url":"https:\/\/secure.gravatar.com\/avatar\/d189e01678f06d8eb84d4e01f08eb848b3fffe3f8443818d3c356c66892f5be8?s=96&d=mm&r=g","contentUrl":"https:\/\/secure.gravatar.com\/avatar\/d189e01678f06d8eb84d4e01f08eb848b3fffe3f8443818d3c356c66892f5be8?s=96&d=mm&r=g","caption":"Ag\u00eancia iNFRA"},"url":"https:\/\/agenciainfra.com\/blog\/author\/admin\/"}]}},"_links":{"self":[{"href":"https:\/\/agenciainfra.com\/blog\/wp-json\/wp\/v2\/posts\/29526","targetHints":{"allow":["GET"]}}],"collection":[{"href":"https:\/\/agenciainfra.com\/blog\/wp-json\/wp\/v2\/posts"}],"about":[{"href":"https:\/\/agenciainfra.com\/blog\/wp-json\/wp\/v2\/types\/post"}],"author":[{"embeddable":true,"href":"https:\/\/agenciainfra.com\/blog\/wp-json\/wp\/v2\/users\/1"}],"replies":[{"embeddable":true,"href":"https:\/\/agenciainfra.com\/blog\/wp-json\/wp\/v2\/comments?post=29526"}],"version-history":[{"count":2,"href":"https:\/\/agenciainfra.com\/blog\/wp-json\/wp\/v2\/posts\/29526\/revisions"}],"predecessor-version":[{"id":29545,"href":"https:\/\/agenciainfra.com\/blog\/wp-json\/wp\/v2\/posts\/29526\/revisions\/29545"}],"wp:featuredmedia":[{"embeddable":true,"href":"https:\/\/agenciainfra.com\/blog\/wp-json\/wp\/v2\/media\/17780"}],"wp:attachment":[{"href":"https:\/\/agenciainfra.com\/blog\/wp-json\/wp\/v2\/media?parent=29526"}],"wp:term":[{"taxonomy":"category","embeddable":true,"href":"https:\/\/agenciainfra.com\/blog\/wp-json\/wp\/v2\/categories?post=29526"},{"taxonomy":"post_tag","embeddable":true,"href":"https:\/\/agenciainfra.com\/blog\/wp-json\/wp\/v2\/tags?post=29526"}],"curies":[{"name":"wp","href":"https:\/\/api.w.org\/{rel}","templated":true}]}}