{"id":29548,"date":"2025-10-09T17:37:27","date_gmt":"2025-10-09T20:37:27","guid":{"rendered":"https:\/\/agenciainfra.com\/blog\/?p=29548"},"modified":"2025-10-10T15:13:12","modified_gmt":"2025-10-10T18:13:12","slug":"ministerio-de-minas-e-energia-define-sete-planos-para-levar-a-cop30","status":"publish","type":"post","link":"https:\/\/agenciainfra.com\/blog\/ministerio-de-minas-e-energia-define-sete-planos-para-levar-a-cop30\/","title":{"rendered":"Brasil define sete planos sobre transi\u00e7\u00e3o energ\u00e9tica para levar \u00e0 COP30"},"content":{"rendered":"\n<p class=\"has-text-align-right\"><strong>Rafael Bitencourt, da Ag\u00eancia iNFRA<\/strong><\/p>\n\n\n\n<p>A organiza\u00e7\u00e3o da COP30 (30\u00aa edi\u00e7\u00e3o da Confer\u00eancia das Na\u00e7\u00f5es Unidas sobre Mudan\u00e7as Clim\u00e1ticas) definiu os sete \u201cPlanos de Acelera\u00e7\u00e3o de Solu\u00e7\u00f5es\u201d relacionados \u00e0 transi\u00e7\u00e3o energ\u00e9tica que ser\u00e3o tratados na confer\u00eancia mundial, marcada para novembro, na capital\u00a0do\u00a0Par\u00e1. As estrat\u00e9gias, que passam pelos setores de energia, minera\u00e7\u00e3o e combust\u00edveis\u00a0sustent\u00e1veis, ser\u00e3o debatidas na pr\u00f3xima segunda-feira (13) no \u201cMutir\u00e3o da Transi\u00e7\u00e3o Energ\u00e9tica para a COP30\u201d, evento preparat\u00f3rio no MME (Minist\u00e9rio de Minas e Energia).<\/p>\n\n\n\n<p>Veja quais s\u00e3o os \u201cPlanos de Acelera\u00e7\u00e3o de Solu\u00e7\u00f5es\u201d:<\/p>\n\n\n\n<p>1.\u2060 \u2060Expans\u00e3o e resili\u00eancia de redes el\u00e9tricas;<br>2.\u2060 \u2060Minerais para a transi\u00e7\u00e3o e circularidade;<br>3.\u2060 \u2060Solu\u00e7\u00f5es da ind\u00fastria de \u00f3leo e g\u00e1s para a transi\u00e7\u00e3o;<br>4.\u2060 \u2060Acesso \u00e0 energia el\u00e9trica;<br>5.\u2060 \u2060Acesso ao cozimento limpo;<br>6.\u2060 \u2060Combust\u00edveis sustent\u00e1veis;<br>7.\u2060 \u2060Planejamento energ\u00e9tico para uma transi\u00e7\u00e3o justa e inclusiva.<\/p>\n\n\n\n<p>\u2018Mutir\u00e3o\u2019<br>O \u201cMutir\u00e3o da Transi\u00e7\u00e3o Energ\u00e9tica para a COP30\u201d ser\u00e1 realizado na sede do MME, com a participa\u00e7\u00e3o de t\u00e9cnicos do governo e representantes do setor privado. O conta com o apoio da Abee\u00f3lica (Associa\u00e7\u00e3o Brasileira de Energia E\u00f3lica Onshore e Offshore e Novas Tecnologias).<\/p>\n\n\n\n<p>Ao fazer a divulga\u00e7\u00e3o do evento, o minist\u00e9rio informou que, por meio dessa iniciativa busca &#8220;acelerar a transi\u00e7\u00e3o energ\u00e9tica e refor\u00e7ar o compromisso do pa\u00eds com um futuro de energia limpa, acess\u00edvel e justa&nbsp;para&nbsp;todos\u201d.<\/p>\n\n\n\n<p><em>*Texto atualizado para incluir a informa\u00e7\u00e3o de que a iniciativa partiu da organiza\u00e7\u00e3o da COP30 no governo federal.<\/em><\/p>\n","protected":false},"excerpt":{"rendered":"<p>Rafael Bitencourt, da Ag\u00eancia iNFRA A organiza\u00e7\u00e3o da COP30 (30\u00aa edi\u00e7\u00e3o da Confer\u00eancia das Na\u00e7\u00f5es Unidas sobre Mudan\u00e7as Clim\u00e1ticas) definiu os sete \u201cPlanos de Acelera\u00e7\u00e3o de Solu\u00e7\u00f5es\u201d relacionados \u00e0 transi\u00e7\u00e3o energ\u00e9tica que ser\u00e3o tratados na confer\u00eancia mundial, marcada para novembro, na capital\u00a0do\u00a0Par\u00e1. As estrat\u00e9gias, que passam pelos setores de energia, minera\u00e7\u00e3o e combust\u00edveis\u00a0sustent\u00e1veis, ser\u00e3o debatidas [&hellip;]<\/p>\n","protected":false},"author":1,"featured_media":12737,"comment_status":"closed","ping_status":"closed","sticky":false,"template":"","format":"standard","meta":{"_monsterinsights_skip_tracking":false,"_monsterinsights_sitenote_active":false,"_monsterinsights_sitenote_note":"","_monsterinsights_sitenote_category":0,"footnotes":""},"categories":[7250,1,10],"tags":[725,9921,6944,15928,10218,3416,2974,15990,15992,882,839,13228,14052,15989,15991,2846,15986,5585,2006,15988,15987],"class_list":["post-29548","post","type-post","status-publish","format-standard","has-post-thumbnail","hentry","category-destaque-lista","category-geral","category-infraenergia","tag-abeeolica","tag-combustiveis-sustentaveis","tag-cop-30","tag-cozimento-limpo","tag-economia-circular","tag-energia-limpa","tag-eolica-offshore","tag-eolica-onshore","tag-evento-preparatorio","tag-gas-natural","tag-mineracao","tag-minerais-criticos","tag-mme-ministerio-de-minas-e-energia","tag-mutirao","tag-mutirao-da-transicao-energetica-para-a-cop30","tag-onu","tag-planos-de-aceleracao-de-solucoes","tag-redes-eletricas","tag-transicao-energetica","tag-transicao-inclusiva","tag-transicao-justa"],"yoast_head":"<!-- This site is optimized with the Yoast SEO Premium plugin v25.4 (Yoast SEO v26.0) - https:\/\/yoast.com\/wordpress\/plugins\/seo\/ -->\n<title>Brasil define sete planos sobre transi\u00e7\u00e3o energ\u00e9tica para levar \u00e0 COP30 - Ag\u00eancia iNFRA<\/title>\n<meta name=\"robots\" content=\"index, follow, max-snippet:-1, max-image-preview:large, max-video-preview:-1\" \/>\n<link rel=\"canonical\" href=\"https:\/\/agenciainfra.com\/blog\/ministerio-de-minas-e-energia-define-sete-planos-para-levar-a-cop30\/\" \/>\n<meta property=\"og:locale\" content=\"pt_BR\" \/>\n<meta property=\"og:type\" content=\"article\" \/>\n<meta property=\"og:title\" content=\"Brasil define sete planos sobre transi\u00e7\u00e3o energ\u00e9tica para levar \u00e0 COP30\" \/>\n<meta property=\"og:description\" content=\"Rafael Bitencourt, da Ag\u00eancia iNFRA A organiza\u00e7\u00e3o da COP30 (30\u00aa edi\u00e7\u00e3o da Confer\u00eancia das Na\u00e7\u00f5es Unidas sobre Mudan\u00e7as Clim\u00e1ticas) definiu os sete \u201cPlanos de Acelera\u00e7\u00e3o de Solu\u00e7\u00f5es\u201d relacionados \u00e0 transi\u00e7\u00e3o energ\u00e9tica que ser\u00e3o tratados na confer\u00eancia mundial, marcada para novembro, na capital\u00a0do\u00a0Par\u00e1. As estrat\u00e9gias, que passam pelos setores de energia, minera\u00e7\u00e3o e combust\u00edveis\u00a0sustent\u00e1veis, ser\u00e3o debatidas [&hellip;]\" \/>\n<meta property=\"og:url\" content=\"https:\/\/agenciainfra.com\/blog\/ministerio-de-minas-e-energia-define-sete-planos-para-levar-a-cop30\/\" \/>\n<meta property=\"og:site_name\" content=\"Ag\u00eancia iNFRA\" \/>\n<meta property=\"article:publisher\" content=\"https:\/\/www.facebook.com\/ageninfra\" \/>\n<meta property=\"article:published_time\" content=\"2025-10-09T20:37:27+00:00\" \/>\n<meta property=\"article:modified_time\" content=\"2025-10-10T18:13:12+00:00\" \/>\n<meta property=\"og:image\" content=\"https:\/\/agenciainfra.com\/blog\/wp-content\/uploads\/2023\/05\/floresta-amazonica-foto-tv-brasil-reproducao.jpeg\" \/>\n\t<meta property=\"og:image:width\" content=\"1337\" \/>\n\t<meta property=\"og:image:height\" content=\"800\" \/>\n\t<meta property=\"og:image:type\" content=\"image\/jpeg\" \/>\n<meta name=\"author\" content=\"Ag\u00eancia iNFRA\" \/>\n<meta name=\"twitter:card\" content=\"summary_large_image\" \/>\n<meta name=\"twitter:creator\" content=\"@agencia_infra\" \/>\n<meta name=\"twitter:site\" content=\"@agencia_infra\" \/>\n<meta name=\"twitter:label1\" content=\"Escrito por\" \/>\n\t<meta name=\"twitter:data1\" content=\"Ag\u00eancia iNFRA\" \/>\n\t<meta name=\"twitter:label2\" content=\"Est. tempo de leitura\" \/>\n\t<meta name=\"twitter:data2\" content=\"1 minuto\" \/>\n<script type=\"application\/ld+json\" class=\"yoast-schema-graph\">{\"@context\":\"https:\/\/schema.org\",\"@graph\":[{\"@type\":\"Article\",\"@id\":\"https:\/\/agenciainfra.com\/blog\/ministerio-de-minas-e-energia-define-sete-planos-para-levar-a-cop30\/#article\",\"isPartOf\":{\"@id\":\"https:\/\/agenciainfra.com\/blog\/ministerio-de-minas-e-energia-define-sete-planos-para-levar-a-cop30\/\"},\"author\":{\"name\":\"Ag\u00eancia iNFRA\",\"@id\":\"https:\/\/agenciainfra.com\/blog\/#\/schema\/person\/34af08dff6adea4cb22b06612ba7acfa\"},\"headline\":\"Brasil define sete planos sobre transi\u00e7\u00e3o energ\u00e9tica para levar \u00e0 COP30\",\"datePublished\":\"2025-10-09T20:37:27+00:00\",\"dateModified\":\"2025-10-10T18:13:12+00:00\",\"mainEntityOfPage\":{\"@id\":\"https:\/\/agenciainfra.com\/blog\/ministerio-de-minas-e-energia-define-sete-planos-para-levar-a-cop30\/\"},\"wordCount\":295,\"publisher\":{\"@id\":\"https:\/\/agenciainfra.com\/blog\/#organization\"},\"image\":{\"@id\":\"https:\/\/agenciainfra.com\/blog\/ministerio-de-minas-e-energia-define-sete-planos-para-levar-a-cop30\/#primaryimage\"},\"thumbnailUrl\":\"https:\/\/agenciainfra.com\/blog\/wp-content\/uploads\/2023\/05\/floresta-amazonica-foto-tv-brasil-reproducao-e1777412245909.jpeg\",\"keywords\":[\"abeeolica\",\"combust\u00edveis sustent\u00e1veis\",\"COP 30\",\"cozimento limpo\",\"Economia Circular\",\"energia limpa\",\"e\u00f3lica offshore\",\"E\u00f3lica Onshore\",\"evento preparat\u00f3rio\",\"g\u00e1s natural\",\"minera\u00e7\u00e3o\",\"minerais cr\u00edticos\",\"MME (Minist\u00e9rio de Minas e Energia)\",\"Mutir\u00e3o\",\"Mutir\u00e3o da Transi\u00e7\u00e3o Energ\u00e9tica para a COP30\",\"ONU\",\"Planos de Acelera\u00e7\u00e3o de Solu\u00e7\u00f5es\",\"redes el\u00e9tricas\",\"transi\u00e7\u00e3o energ\u00e9tica\",\"transi\u00e7\u00e3o inclusiva\",\"transi\u00e7\u00e3o justa\"],\"articleSection\":[\"Destaque lista\",\"Geral\",\"iNFRAEnergia\"],\"inLanguage\":\"pt-BR\",\"copyrightYear\":\"2025\",\"copyrightHolder\":{\"@id\":\"https:\/\/agenciainfra.com\/blog\/#organization\"}},{\"@type\":\"WebPage\",\"@id\":\"https:\/\/agenciainfra.com\/blog\/ministerio-de-minas-e-energia-define-sete-planos-para-levar-a-cop30\/\",\"url\":\"https:\/\/agenciainfra.com\/blog\/ministerio-de-minas-e-energia-define-sete-planos-para-levar-a-cop30\/\",\"name\":\"Brasil define sete planos sobre transi\u00e7\u00e3o energ\u00e9tica para levar \u00e0 COP30 - Ag\u00eancia iNFRA\",\"isPartOf\":{\"@id\":\"https:\/\/agenciainfra.com\/blog\/#website\"},\"primaryImageOfPage\":{\"@id\":\"https:\/\/agenciainfra.com\/blog\/ministerio-de-minas-e-energia-define-sete-planos-para-levar-a-cop30\/#primaryimage\"},\"image\":{\"@id\":\"https:\/\/agenciainfra.com\/blog\/ministerio-de-minas-e-energia-define-sete-planos-para-levar-a-cop30\/#primaryimage\"},\"thumbnailUrl\":\"https:\/\/agenciainfra.com\/blog\/wp-content\/uploads\/2023\/05\/floresta-amazonica-foto-tv-brasil-reproducao-e1777412245909.jpeg\",\"datePublished\":\"2025-10-09T20:37:27+00:00\",\"dateModified\":\"2025-10-10T18:13:12+00:00\",\"breadcrumb\":{\"@id\":\"https:\/\/agenciainfra.com\/blog\/ministerio-de-minas-e-energia-define-sete-planos-para-levar-a-cop30\/#breadcrumb\"},\"inLanguage\":\"pt-BR\",\"potentialAction\":[{\"@type\":\"ReadAction\",\"target\":[\"https:\/\/agenciainfra.com\/blog\/ministerio-de-minas-e-energia-define-sete-planos-para-levar-a-cop30\/\"]}]},{\"@type\":\"ImageObject\",\"inLanguage\":\"pt-BR\",\"@id\":\"https:\/\/agenciainfra.com\/blog\/ministerio-de-minas-e-energia-define-sete-planos-para-levar-a-cop30\/#primaryimage\",\"url\":\"https:\/\/agenciainfra.com\/blog\/wp-content\/uploads\/2023\/05\/floresta-amazonica-foto-tv-brasil-reproducao-e1777412245909.jpeg\",\"contentUrl\":\"https:\/\/agenciainfra.com\/blog\/wp-content\/uploads\/2023\/05\/floresta-amazonica-foto-tv-brasil-reproducao-e1777412245909.jpeg\",\"width\":1280,\"height\":766,\"caption\":\"Foto: Reprodu\u00e7\u00e3o\/TV Brasil\"},{\"@type\":\"BreadcrumbList\",\"@id\":\"https:\/\/agenciainfra.com\/blog\/ministerio-de-minas-e-energia-define-sete-planos-para-levar-a-cop30\/#breadcrumb\",\"itemListElement\":[{\"@type\":\"ListItem\",\"position\":1,\"name\":\"In\u00edcio\",\"item\":\"https:\/\/agenciainfra.com\/blog\/\"},{\"@type\":\"ListItem\",\"position\":2,\"name\":\"Brasil define sete planos sobre transi\u00e7\u00e3o energ\u00e9tica para levar \u00e0 COP30\"}]},{\"@type\":\"WebSite\",\"@id\":\"https:\/\/agenciainfra.com\/blog\/#website\",\"url\":\"https:\/\/agenciainfra.com\/blog\/\",\"name\":\"Ag\u00eancia iNFRA\",\"description\":\"Multiplataforma de informa\u00e7\u00e3o jornal\u00edstica refer\u00eancia na \u00e1rea de infraestrutura no Brasil!\",\"publisher\":{\"@id\":\"https:\/\/agenciainfra.com\/blog\/#organization\"},\"potentialAction\":[{\"@type\":\"SearchAction\",\"target\":{\"@type\":\"EntryPoint\",\"urlTemplate\":\"https:\/\/agenciainfra.com\/blog\/?s={search_term_string}\"},\"query-input\":{\"@type\":\"PropertyValueSpecification\",\"valueRequired\":true,\"valueName\":\"search_term_string\"}}],\"inLanguage\":\"pt-BR\"},{\"@type\":\"Organization\",\"@id\":\"https:\/\/agenciainfra.com\/blog\/#organization\",\"name\":\"Ag\u00eancia iNFRA\",\"url\":\"https:\/\/agenciainfra.com\/blog\/\",\"logo\":{\"@type\":\"ImageObject\",\"inLanguage\":\"pt-BR\",\"@id\":\"https:\/\/agenciainfra.com\/blog\/#\/schema\/logo\/image\/\",\"url\":\"https:\/\/agenciainfra.com\/blog\/wp-content\/uploads\/2023\/09\/iNFRA_5-e1761735885940.png\",\"contentUrl\":\"https:\/\/agenciainfra.com\/blog\/wp-content\/uploads\/2023\/09\/iNFRA_5-e1761735885940.png\",\"width\":1672,\"height\":454,\"caption\":\"Ag\u00eancia iNFRA\"},\"image\":{\"@id\":\"https:\/\/agenciainfra.com\/blog\/#\/schema\/logo\/image\/\"},\"sameAs\":[\"https:\/\/www.facebook.com\/ageninfra\",\"https:\/\/x.com\/agencia_infra\",\"https:\/\/www.linkedin.com\/company\/ag\u00eanciainfra\/\",\"https:\/\/www.instagram.com\/agenciainfra\/\"]},{\"@type\":\"Person\",\"@id\":\"https:\/\/agenciainfra.com\/blog\/#\/schema\/person\/34af08dff6adea4cb22b06612ba7acfa\",\"name\":\"Ag\u00eancia iNFRA\",\"image\":{\"@type\":\"ImageObject\",\"inLanguage\":\"pt-BR\",\"@id\":\"https:\/\/agenciainfra.com\/blog\/#\/schema\/person\/image\/\",\"url\":\"https:\/\/secure.gravatar.com\/avatar\/d189e01678f06d8eb84d4e01f08eb848b3fffe3f8443818d3c356c66892f5be8?s=96&d=mm&r=g\",\"contentUrl\":\"https:\/\/secure.gravatar.com\/avatar\/d189e01678f06d8eb84d4e01f08eb848b3fffe3f8443818d3c356c66892f5be8?s=96&d=mm&r=g\",\"caption\":\"Ag\u00eancia iNFRA\"},\"url\":\"https:\/\/agenciainfra.com\/blog\/author\/admin\/\"}]}<\/script>\n<!-- \/ Yoast SEO Premium plugin. -->","yoast_head_json":{"title":"Brasil define sete planos sobre transi\u00e7\u00e3o energ\u00e9tica para levar \u00e0 COP30 - Ag\u00eancia iNFRA","robots":{"index":"index","follow":"follow","max-snippet":"max-snippet:-1","max-image-preview":"max-image-preview:large","max-video-preview":"max-video-preview:-1"},"canonical":"https:\/\/agenciainfra.com\/blog\/ministerio-de-minas-e-energia-define-sete-planos-para-levar-a-cop30\/","og_locale":"pt_BR","og_type":"article","og_title":"Brasil define sete planos sobre transi\u00e7\u00e3o energ\u00e9tica para levar \u00e0 COP30","og_description":"Rafael Bitencourt, da Ag\u00eancia iNFRA A organiza\u00e7\u00e3o da COP30 (30\u00aa edi\u00e7\u00e3o da Confer\u00eancia das Na\u00e7\u00f5es Unidas sobre Mudan\u00e7as Clim\u00e1ticas) definiu os sete \u201cPlanos de Acelera\u00e7\u00e3o de Solu\u00e7\u00f5es\u201d relacionados \u00e0 transi\u00e7\u00e3o energ\u00e9tica que ser\u00e3o tratados na confer\u00eancia mundial, marcada para novembro, na capital\u00a0do\u00a0Par\u00e1. As estrat\u00e9gias, que passam pelos setores de energia, minera\u00e7\u00e3o e combust\u00edveis\u00a0sustent\u00e1veis, ser\u00e3o debatidas [&hellip;]","og_url":"https:\/\/agenciainfra.com\/blog\/ministerio-de-minas-e-energia-define-sete-planos-para-levar-a-cop30\/","og_site_name":"Ag\u00eancia iNFRA","article_publisher":"https:\/\/www.facebook.com\/ageninfra","article_published_time":"2025-10-09T20:37:27+00:00","article_modified_time":"2025-10-10T18:13:12+00:00","og_image":[{"width":1337,"height":800,"url":"https:\/\/agenciainfra.com\/blog\/wp-content\/uploads\/2023\/05\/floresta-amazonica-foto-tv-brasil-reproducao.jpeg","type":"image\/jpeg"}],"author":"Ag\u00eancia iNFRA","twitter_card":"summary_large_image","twitter_creator":"@agencia_infra","twitter_site":"@agencia_infra","twitter_misc":{"Escrito por":"Ag\u00eancia iNFRA","Est. tempo de leitura":"1 minuto"},"schema":{"@context":"https:\/\/schema.org","@graph":[{"@type":"Article","@id":"https:\/\/agenciainfra.com\/blog\/ministerio-de-minas-e-energia-define-sete-planos-para-levar-a-cop30\/#article","isPartOf":{"@id":"https:\/\/agenciainfra.com\/blog\/ministerio-de-minas-e-energia-define-sete-planos-para-levar-a-cop30\/"},"author":{"name":"Ag\u00eancia iNFRA","@id":"https:\/\/agenciainfra.com\/blog\/#\/schema\/person\/34af08dff6adea4cb22b06612ba7acfa"},"headline":"Brasil define sete planos sobre transi\u00e7\u00e3o energ\u00e9tica para levar \u00e0 COP30","datePublished":"2025-10-09T20:37:27+00:00","dateModified":"2025-10-10T18:13:12+00:00","mainEntityOfPage":{"@id":"https:\/\/agenciainfra.com\/blog\/ministerio-de-minas-e-energia-define-sete-planos-para-levar-a-cop30\/"},"wordCount":295,"publisher":{"@id":"https:\/\/agenciainfra.com\/blog\/#organization"},"image":{"@id":"https:\/\/agenciainfra.com\/blog\/ministerio-de-minas-e-energia-define-sete-planos-para-levar-a-cop30\/#primaryimage"},"thumbnailUrl":"https:\/\/agenciainfra.com\/blog\/wp-content\/uploads\/2023\/05\/floresta-amazonica-foto-tv-brasil-reproducao-e1777412245909.jpeg","keywords":["abeeolica","combust\u00edveis sustent\u00e1veis","COP 30","cozimento limpo","Economia Circular","energia limpa","e\u00f3lica offshore","E\u00f3lica Onshore","evento preparat\u00f3rio","g\u00e1s natural","minera\u00e7\u00e3o","minerais cr\u00edticos","MME (Minist\u00e9rio de Minas e Energia)","Mutir\u00e3o","Mutir\u00e3o da Transi\u00e7\u00e3o Energ\u00e9tica para a COP30","ONU","Planos de Acelera\u00e7\u00e3o de Solu\u00e7\u00f5es","redes el\u00e9tricas","transi\u00e7\u00e3o energ\u00e9tica","transi\u00e7\u00e3o inclusiva","transi\u00e7\u00e3o justa"],"articleSection":["Destaque lista","Geral","iNFRAEnergia"],"inLanguage":"pt-BR","copyrightYear":"2025","copyrightHolder":{"@id":"https:\/\/agenciainfra.com\/blog\/#organization"}},{"@type":"WebPage","@id":"https:\/\/agenciainfra.com\/blog\/ministerio-de-minas-e-energia-define-sete-planos-para-levar-a-cop30\/","url":"https:\/\/agenciainfra.com\/blog\/ministerio-de-minas-e-energia-define-sete-planos-para-levar-a-cop30\/","name":"Brasil define sete planos sobre transi\u00e7\u00e3o energ\u00e9tica para levar \u00e0 COP30 - Ag\u00eancia iNFRA","isPartOf":{"@id":"https:\/\/agenciainfra.com\/blog\/#website"},"primaryImageOfPage":{"@id":"https:\/\/agenciainfra.com\/blog\/ministerio-de-minas-e-energia-define-sete-planos-para-levar-a-cop30\/#primaryimage"},"image":{"@id":"https:\/\/agenciainfra.com\/blog\/ministerio-de-minas-e-energia-define-sete-planos-para-levar-a-cop30\/#primaryimage"},"thumbnailUrl":"https:\/\/agenciainfra.com\/blog\/wp-content\/uploads\/2023\/05\/floresta-amazonica-foto-tv-brasil-reproducao-e1777412245909.jpeg","datePublished":"2025-10-09T20:37:27+00:00","dateModified":"2025-10-10T18:13:12+00:00","breadcrumb":{"@id":"https:\/\/agenciainfra.com\/blog\/ministerio-de-minas-e-energia-define-sete-planos-para-levar-a-cop30\/#breadcrumb"},"inLanguage":"pt-BR","potentialAction":[{"@type":"ReadAction","target":["https:\/\/agenciainfra.com\/blog\/ministerio-de-minas-e-energia-define-sete-planos-para-levar-a-cop30\/"]}]},{"@type":"ImageObject","inLanguage":"pt-BR","@id":"https:\/\/agenciainfra.com\/blog\/ministerio-de-minas-e-energia-define-sete-planos-para-levar-a-cop30\/#primaryimage","url":"https:\/\/agenciainfra.com\/blog\/wp-content\/uploads\/2023\/05\/floresta-amazonica-foto-tv-brasil-reproducao-e1777412245909.jpeg","contentUrl":"https:\/\/agenciainfra.com\/blog\/wp-content\/uploads\/2023\/05\/floresta-amazonica-foto-tv-brasil-reproducao-e1777412245909.jpeg","width":1280,"height":766,"caption":"Foto: Reprodu\u00e7\u00e3o\/TV Brasil"},{"@type":"BreadcrumbList","@id":"https:\/\/agenciainfra.com\/blog\/ministerio-de-minas-e-energia-define-sete-planos-para-levar-a-cop30\/#breadcrumb","itemListElement":[{"@type":"ListItem","position":1,"name":"In\u00edcio","item":"https:\/\/agenciainfra.com\/blog\/"},{"@type":"ListItem","position":2,"name":"Brasil define sete planos sobre transi\u00e7\u00e3o energ\u00e9tica para levar \u00e0 COP30"}]},{"@type":"WebSite","@id":"https:\/\/agenciainfra.com\/blog\/#website","url":"https:\/\/agenciainfra.com\/blog\/","name":"Ag\u00eancia iNFRA","description":"Multiplataforma de informa\u00e7\u00e3o jornal\u00edstica refer\u00eancia na \u00e1rea de infraestrutura no Brasil!","publisher":{"@id":"https:\/\/agenciainfra.com\/blog\/#organization"},"potentialAction":[{"@type":"SearchAction","target":{"@type":"EntryPoint","urlTemplate":"https:\/\/agenciainfra.com\/blog\/?s={search_term_string}"},"query-input":{"@type":"PropertyValueSpecification","valueRequired":true,"valueName":"search_term_string"}}],"inLanguage":"pt-BR"},{"@type":"Organization","@id":"https:\/\/agenciainfra.com\/blog\/#organization","name":"Ag\u00eancia iNFRA","url":"https:\/\/agenciainfra.com\/blog\/","logo":{"@type":"ImageObject","inLanguage":"pt-BR","@id":"https:\/\/agenciainfra.com\/blog\/#\/schema\/logo\/image\/","url":"https:\/\/agenciainfra.com\/blog\/wp-content\/uploads\/2023\/09\/iNFRA_5-e1761735885940.png","contentUrl":"https:\/\/agenciainfra.com\/blog\/wp-content\/uploads\/2023\/09\/iNFRA_5-e1761735885940.png","width":1672,"height":454,"caption":"Ag\u00eancia iNFRA"},"image":{"@id":"https:\/\/agenciainfra.com\/blog\/#\/schema\/logo\/image\/"},"sameAs":["https:\/\/www.facebook.com\/ageninfra","https:\/\/x.com\/agencia_infra","https:\/\/www.linkedin.com\/company\/ag\u00eanciainfra\/","https:\/\/www.instagram.com\/agenciainfra\/"]},{"@type":"Person","@id":"https:\/\/agenciainfra.com\/blog\/#\/schema\/person\/34af08dff6adea4cb22b06612ba7acfa","name":"Ag\u00eancia iNFRA","image":{"@type":"ImageObject","inLanguage":"pt-BR","@id":"https:\/\/agenciainfra.com\/blog\/#\/schema\/person\/image\/","url":"https:\/\/secure.gravatar.com\/avatar\/d189e01678f06d8eb84d4e01f08eb848b3fffe3f8443818d3c356c66892f5be8?s=96&d=mm&r=g","contentUrl":"https:\/\/secure.gravatar.com\/avatar\/d189e01678f06d8eb84d4e01f08eb848b3fffe3f8443818d3c356c66892f5be8?s=96&d=mm&r=g","caption":"Ag\u00eancia iNFRA"},"url":"https:\/\/agenciainfra.com\/blog\/author\/admin\/"}]}},"_links":{"self":[{"href":"https:\/\/agenciainfra.com\/blog\/wp-json\/wp\/v2\/posts\/29548","targetHints":{"allow":["GET"]}}],"collection":[{"href":"https:\/\/agenciainfra.com\/blog\/wp-json\/wp\/v2\/posts"}],"about":[{"href":"https:\/\/agenciainfra.com\/blog\/wp-json\/wp\/v2\/types\/post"}],"author":[{"embeddable":true,"href":"https:\/\/agenciainfra.com\/blog\/wp-json\/wp\/v2\/users\/1"}],"replies":[{"embeddable":true,"href":"https:\/\/agenciainfra.com\/blog\/wp-json\/wp\/v2\/comments?post=29548"}],"version-history":[{"count":3,"href":"https:\/\/agenciainfra.com\/blog\/wp-json\/wp\/v2\/posts\/29548\/revisions"}],"predecessor-version":[{"id":29608,"href":"https:\/\/agenciainfra.com\/blog\/wp-json\/wp\/v2\/posts\/29548\/revisions\/29608"}],"wp:featuredmedia":[{"embeddable":true,"href":"https:\/\/agenciainfra.com\/blog\/wp-json\/wp\/v2\/media\/12737"}],"wp:attachment":[{"href":"https:\/\/agenciainfra.com\/blog\/wp-json\/wp\/v2\/media?parent=29548"}],"wp:term":[{"taxonomy":"category","embeddable":true,"href":"https:\/\/agenciainfra.com\/blog\/wp-json\/wp\/v2\/categories?post=29548"},{"taxonomy":"post_tag","embeddable":true,"href":"https:\/\/agenciainfra.com\/blog\/wp-json\/wp\/v2\/tags?post=29548"}],"curies":[{"name":"wp","href":"https:\/\/api.w.org\/{rel}","templated":true}]}}