{"id":29601,"date":"2025-10-10T12:30:54","date_gmt":"2025-10-10T15:30:54","guid":{"rendered":"https:\/\/agenciainfra.com\/blog\/?p=29601"},"modified":"2025-10-13T10:00:43","modified_gmt":"2025-10-13T13:00:43","slug":"cortes-de-geracao-resultam-de-politicas-publicas-falhas-diz-dg-da-aneel","status":"publish","type":"post","link":"https:\/\/agenciainfra.com\/blog\/cortes-de-geracao-resultam-de-politicas-publicas-falhas-diz-dg-da-aneel\/","title":{"rendered":"Cortes de gera\u00e7\u00e3o resultam de pol\u00edticas p\u00fablicas falhas, diz DG da ANEEL"},"content":{"rendered":"\n<p class=\"has-text-align-right\"><strong>Marisa Wanzeller, da Ag\u00eancia iNFRA<\/strong><\/p>\n\n\n\n<p>O diretor-geral da ANEEL (Ag\u00eancia Nacional de Energia El\u00e9trica), Sandoval Feitosa, avalia que os cortes de gera\u00e7\u00e3o obrigat\u00f3rios, conhecidos como curtailment, s\u00e3o resultados de pol\u00edticas p\u00fablicas que n\u00e3o funcionaram. Durante participa\u00e7\u00e3o no F\u00f3rum Esfera, nesta sexta-feira (10), Sandoval declarou que houve incentivos ao crescimento de fontes no pa\u00eds muito al\u00e9m do que a infraestrutura nacional comportaria.<\/p>\n\n\n\n<p>Al\u00e9m do curtailment, essas pol\u00edticas levaram a uma conta de luz mais cara, disse o diretor-geral. &#8220;Hoje n\u00f3s temos um setor el\u00e9trico que \u00e9 pr\u00f3digo na produ\u00e7\u00e3o barata de energia el\u00e9trica (\u2026) agora, entre a energia que sai da usina, e a tomada do consumidor de energia el\u00e9trica, h\u00e1 um caminh\u00e3o de subs\u00eddios e impostos. Mais de 50% do que n\u00f3s pagamos de energia el\u00e9trica \u00e9 imposto e pol\u00edticas p\u00fablicas&#8221;, declarou.<\/p>\n\n\n\n<p>Sandoval Feitosa avalia que o Congresso Nacional tem a oportunidade de discutir o tema e &#8220;reorganizar o setor el\u00e9trico\u201d com a tramita\u00e7\u00e3o da MP (Medida Provis\u00f3ria) 1.304. A mat\u00e9ria foi enviada ao parlamento com uma proposta de teto para a CDE (Conta de Desenvolvimento Energ\u00e9tico) \u2013 conta que comporta os subs\u00eddios do setor \u2013 e tende a tratar de uma reforma mais ampla. A MP est\u00e1 sob relatoria do senador Eduardo Braga (MDB-AM) e tem como presidente da comiss\u00e3o mista o deputado Fernando Coelho Filho (Uni\u00e3o-PE).<\/p>\n","protected":false},"excerpt":{"rendered":"<p>Marisa Wanzeller, da Ag\u00eancia iNFRA O diretor-geral da ANEEL (Ag\u00eancia Nacional de Energia El\u00e9trica), Sandoval Feitosa, avalia que os cortes de gera\u00e7\u00e3o obrigat\u00f3rios, conhecidos como curtailment, s\u00e3o resultados de pol\u00edticas p\u00fablicas que n\u00e3o funcionaram. Durante participa\u00e7\u00e3o no F\u00f3rum Esfera, nesta sexta-feira (10), Sandoval declarou que houve incentivos ao crescimento de fontes no pa\u00eds muito al\u00e9m [&hellip;]<\/p>\n","protected":false},"author":1,"featured_media":28707,"comment_status":"closed","ping_status":"closed","sticky":false,"template":"","format":"standard","meta":{"_monsterinsights_skip_tracking":false,"_monsterinsights_sitenote_active":false,"_monsterinsights_sitenote_note":"","_monsterinsights_sitenote_category":0,"footnotes":""},"categories":[7250,1,10],"tags":[53,11474,1252,16019,1254,13652,7366,15971,1026],"class_list":["post-29601","post","type-post","status-publish","format-standard","has-post-thumbnail","hentry","category-destaque-lista","category-geral","category-infraenergia","tag-aneel","tag-curtailment","tag-eduardo-braga","tag-esfera","tag-fernando-coelho-filho","tag-forum-esfera","tag-marisa-wanzeller","tag-mp-1304","tag-sandoval-feitosa"],"yoast_head":"<!-- This site is optimized with the Yoast SEO Premium plugin v25.4 (Yoast SEO v26.0) - https:\/\/yoast.com\/wordpress\/plugins\/seo\/ -->\n<title>Cortes de gera\u00e7\u00e3o resultam de pol\u00edticas p\u00fablicas falhas, diz DG da ANEEL - Ag\u00eancia iNFRA<\/title>\n<meta name=\"robots\" content=\"index, follow, max-snippet:-1, max-image-preview:large, max-video-preview:-1\" \/>\n<link rel=\"canonical\" href=\"https:\/\/agenciainfra.com\/blog\/cortes-de-geracao-resultam-de-politicas-publicas-falhas-diz-dg-da-aneel\/\" \/>\n<meta property=\"og:locale\" content=\"pt_BR\" \/>\n<meta property=\"og:type\" content=\"article\" \/>\n<meta property=\"og:title\" content=\"Cortes de gera\u00e7\u00e3o resultam de pol\u00edticas p\u00fablicas falhas, diz DG da ANEEL\" \/>\n<meta property=\"og:description\" content=\"Marisa Wanzeller, da Ag\u00eancia iNFRA O diretor-geral da ANEEL (Ag\u00eancia Nacional de Energia El\u00e9trica), Sandoval Feitosa, avalia que os cortes de gera\u00e7\u00e3o obrigat\u00f3rios, conhecidos como curtailment, s\u00e3o resultados de pol\u00edticas p\u00fablicas que n\u00e3o funcionaram. Durante participa\u00e7\u00e3o no F\u00f3rum Esfera, nesta sexta-feira (10), Sandoval declarou que houve incentivos ao crescimento de fontes no pa\u00eds muito al\u00e9m [&hellip;]\" \/>\n<meta property=\"og:url\" content=\"https:\/\/agenciainfra.com\/blog\/cortes-de-geracao-resultam-de-politicas-publicas-falhas-diz-dg-da-aneel\/\" \/>\n<meta property=\"og:site_name\" content=\"Ag\u00eancia iNFRA\" \/>\n<meta property=\"article:publisher\" content=\"https:\/\/www.facebook.com\/ageninfra\" \/>\n<meta property=\"article:published_time\" content=\"2025-10-10T15:30:54+00:00\" \/>\n<meta property=\"article:modified_time\" content=\"2025-10-13T13:00:43+00:00\" \/>\n<meta property=\"og:image\" content=\"https:\/\/agenciainfra.com\/blog\/wp-content\/uploads\/2025\/09\/sandoval-feitosa-aneel-foto-percio-campos-agencia-infra.jpeg\" \/>\n\t<meta property=\"og:image:width\" content=\"1280\" \/>\n\t<meta property=\"og:image:height\" content=\"853\" \/>\n\t<meta property=\"og:image:type\" content=\"image\/jpeg\" \/>\n<meta name=\"author\" content=\"Ag\u00eancia iNFRA\" \/>\n<meta name=\"twitter:card\" content=\"summary_large_image\" \/>\n<meta name=\"twitter:creator\" content=\"@agencia_infra\" \/>\n<meta name=\"twitter:site\" content=\"@agencia_infra\" \/>\n<meta name=\"twitter:label1\" content=\"Escrito por\" \/>\n\t<meta name=\"twitter:data1\" content=\"Ag\u00eancia iNFRA\" \/>\n\t<meta name=\"twitter:label2\" content=\"Est. tempo de leitura\" \/>\n\t<meta name=\"twitter:data2\" content=\"1 minuto\" \/>\n<script type=\"application\/ld+json\" class=\"yoast-schema-graph\">{\"@context\":\"https:\/\/schema.org\",\"@graph\":[{\"@type\":\"Article\",\"@id\":\"https:\/\/agenciainfra.com\/blog\/cortes-de-geracao-resultam-de-politicas-publicas-falhas-diz-dg-da-aneel\/#article\",\"isPartOf\":{\"@id\":\"https:\/\/agenciainfra.com\/blog\/cortes-de-geracao-resultam-de-politicas-publicas-falhas-diz-dg-da-aneel\/\"},\"author\":{\"name\":\"Ag\u00eancia iNFRA\",\"@id\":\"https:\/\/agenciainfra.com\/blog\/#\/schema\/person\/34af08dff6adea4cb22b06612ba7acfa\"},\"headline\":\"Cortes de gera\u00e7\u00e3o resultam de pol\u00edticas p\u00fablicas falhas, diz DG da ANEEL\",\"datePublished\":\"2025-10-10T15:30:54+00:00\",\"dateModified\":\"2025-10-13T13:00:43+00:00\",\"mainEntityOfPage\":{\"@id\":\"https:\/\/agenciainfra.com\/blog\/cortes-de-geracao-resultam-de-politicas-publicas-falhas-diz-dg-da-aneel\/\"},\"wordCount\":260,\"publisher\":{\"@id\":\"https:\/\/agenciainfra.com\/blog\/#organization\"},\"image\":{\"@id\":\"https:\/\/agenciainfra.com\/blog\/cortes-de-geracao-resultam-de-politicas-publicas-falhas-diz-dg-da-aneel\/#primaryimage\"},\"thumbnailUrl\":\"https:\/\/agenciainfra.com\/blog\/wp-content\/uploads\/2025\/09\/sandoval-feitosa-aneel-foto-percio-campos-agencia-infra.jpeg\",\"keywords\":[\"ANEEL\",\"curtailment\",\"Eduardo Braga\",\"Esfera\",\"Fernando Coelho Filho\",\"F\u00f3rum Esfera\",\"Marisa Wanzeller\",\"MP 1304\",\"Sandoval Feitosa\"],\"articleSection\":[\"Destaque lista\",\"Geral\",\"iNFRAEnergia\"],\"inLanguage\":\"pt-BR\",\"copyrightYear\":\"2025\",\"copyrightHolder\":{\"@id\":\"https:\/\/agenciainfra.com\/blog\/#organization\"}},{\"@type\":\"WebPage\",\"@id\":\"https:\/\/agenciainfra.com\/blog\/cortes-de-geracao-resultam-de-politicas-publicas-falhas-diz-dg-da-aneel\/\",\"url\":\"https:\/\/agenciainfra.com\/blog\/cortes-de-geracao-resultam-de-politicas-publicas-falhas-diz-dg-da-aneel\/\",\"name\":\"Cortes de gera\u00e7\u00e3o resultam de pol\u00edticas p\u00fablicas falhas, diz DG da ANEEL - Ag\u00eancia iNFRA\",\"isPartOf\":{\"@id\":\"https:\/\/agenciainfra.com\/blog\/#website\"},\"primaryImageOfPage\":{\"@id\":\"https:\/\/agenciainfra.com\/blog\/cortes-de-geracao-resultam-de-politicas-publicas-falhas-diz-dg-da-aneel\/#primaryimage\"},\"image\":{\"@id\":\"https:\/\/agenciainfra.com\/blog\/cortes-de-geracao-resultam-de-politicas-publicas-falhas-diz-dg-da-aneel\/#primaryimage\"},\"thumbnailUrl\":\"https:\/\/agenciainfra.com\/blog\/wp-content\/uploads\/2025\/09\/sandoval-feitosa-aneel-foto-percio-campos-agencia-infra.jpeg\",\"datePublished\":\"2025-10-10T15:30:54+00:00\",\"dateModified\":\"2025-10-13T13:00:43+00:00\",\"breadcrumb\":{\"@id\":\"https:\/\/agenciainfra.com\/blog\/cortes-de-geracao-resultam-de-politicas-publicas-falhas-diz-dg-da-aneel\/#breadcrumb\"},\"inLanguage\":\"pt-BR\",\"potentialAction\":[{\"@type\":\"ReadAction\",\"target\":[\"https:\/\/agenciainfra.com\/blog\/cortes-de-geracao-resultam-de-politicas-publicas-falhas-diz-dg-da-aneel\/\"]}]},{\"@type\":\"ImageObject\",\"inLanguage\":\"pt-BR\",\"@id\":\"https:\/\/agenciainfra.com\/blog\/cortes-de-geracao-resultam-de-politicas-publicas-falhas-diz-dg-da-aneel\/#primaryimage\",\"url\":\"https:\/\/agenciainfra.com\/blog\/wp-content\/uploads\/2025\/09\/sandoval-feitosa-aneel-foto-percio-campos-agencia-infra.jpeg\",\"contentUrl\":\"https:\/\/agenciainfra.com\/blog\/wp-content\/uploads\/2025\/09\/sandoval-feitosa-aneel-foto-percio-campos-agencia-infra.jpeg\",\"width\":1280,\"height\":853,\"caption\":\"Foto: Percio Campos\/Ag\u00eancia iNFRA\"},{\"@type\":\"BreadcrumbList\",\"@id\":\"https:\/\/agenciainfra.com\/blog\/cortes-de-geracao-resultam-de-politicas-publicas-falhas-diz-dg-da-aneel\/#breadcrumb\",\"itemListElement\":[{\"@type\":\"ListItem\",\"position\":1,\"name\":\"In\u00edcio\",\"item\":\"https:\/\/agenciainfra.com\/blog\/\"},{\"@type\":\"ListItem\",\"position\":2,\"name\":\"Cortes de gera\u00e7\u00e3o resultam de pol\u00edticas p\u00fablicas falhas, diz DG da ANEEL\"}]},{\"@type\":\"WebSite\",\"@id\":\"https:\/\/agenciainfra.com\/blog\/#website\",\"url\":\"https:\/\/agenciainfra.com\/blog\/\",\"name\":\"Ag\u00eancia iNFRA\",\"description\":\"Multiplataforma de informa\u00e7\u00e3o jornal\u00edstica refer\u00eancia na \u00e1rea de infraestrutura no Brasil!\",\"publisher\":{\"@id\":\"https:\/\/agenciainfra.com\/blog\/#organization\"},\"potentialAction\":[{\"@type\":\"SearchAction\",\"target\":{\"@type\":\"EntryPoint\",\"urlTemplate\":\"https:\/\/agenciainfra.com\/blog\/?s={search_term_string}\"},\"query-input\":{\"@type\":\"PropertyValueSpecification\",\"valueRequired\":true,\"valueName\":\"search_term_string\"}}],\"inLanguage\":\"pt-BR\"},{\"@type\":\"Organization\",\"@id\":\"https:\/\/agenciainfra.com\/blog\/#organization\",\"name\":\"Ag\u00eancia iNFRA\",\"url\":\"https:\/\/agenciainfra.com\/blog\/\",\"logo\":{\"@type\":\"ImageObject\",\"inLanguage\":\"pt-BR\",\"@id\":\"https:\/\/agenciainfra.com\/blog\/#\/schema\/logo\/image\/\",\"url\":\"https:\/\/agenciainfra.com\/blog\/wp-content\/uploads\/2023\/09\/iNFRA_5-e1761735885940.png\",\"contentUrl\":\"https:\/\/agenciainfra.com\/blog\/wp-content\/uploads\/2023\/09\/iNFRA_5-e1761735885940.png\",\"width\":1672,\"height\":454,\"caption\":\"Ag\u00eancia iNFRA\"},\"image\":{\"@id\":\"https:\/\/agenciainfra.com\/blog\/#\/schema\/logo\/image\/\"},\"sameAs\":[\"https:\/\/www.facebook.com\/ageninfra\",\"https:\/\/x.com\/agencia_infra\",\"https:\/\/www.linkedin.com\/company\/ag\u00eanciainfra\/\",\"https:\/\/www.instagram.com\/agenciainfra\/\"]},{\"@type\":\"Person\",\"@id\":\"https:\/\/agenciainfra.com\/blog\/#\/schema\/person\/34af08dff6adea4cb22b06612ba7acfa\",\"name\":\"Ag\u00eancia iNFRA\",\"image\":{\"@type\":\"ImageObject\",\"inLanguage\":\"pt-BR\",\"@id\":\"https:\/\/agenciainfra.com\/blog\/#\/schema\/person\/image\/\",\"url\":\"https:\/\/secure.gravatar.com\/avatar\/d189e01678f06d8eb84d4e01f08eb848b3fffe3f8443818d3c356c66892f5be8?s=96&d=mm&r=g\",\"contentUrl\":\"https:\/\/secure.gravatar.com\/avatar\/d189e01678f06d8eb84d4e01f08eb848b3fffe3f8443818d3c356c66892f5be8?s=96&d=mm&r=g\",\"caption\":\"Ag\u00eancia iNFRA\"},\"url\":\"https:\/\/agenciainfra.com\/blog\/author\/admin\/\"}]}<\/script>\n<!-- \/ Yoast SEO Premium plugin. -->","yoast_head_json":{"title":"Cortes de gera\u00e7\u00e3o resultam de pol\u00edticas p\u00fablicas falhas, diz DG da ANEEL - Ag\u00eancia iNFRA","robots":{"index":"index","follow":"follow","max-snippet":"max-snippet:-1","max-image-preview":"max-image-preview:large","max-video-preview":"max-video-preview:-1"},"canonical":"https:\/\/agenciainfra.com\/blog\/cortes-de-geracao-resultam-de-politicas-publicas-falhas-diz-dg-da-aneel\/","og_locale":"pt_BR","og_type":"article","og_title":"Cortes de gera\u00e7\u00e3o resultam de pol\u00edticas p\u00fablicas falhas, diz DG da ANEEL","og_description":"Marisa Wanzeller, da Ag\u00eancia iNFRA O diretor-geral da ANEEL (Ag\u00eancia Nacional de Energia El\u00e9trica), Sandoval Feitosa, avalia que os cortes de gera\u00e7\u00e3o obrigat\u00f3rios, conhecidos como curtailment, s\u00e3o resultados de pol\u00edticas p\u00fablicas que n\u00e3o funcionaram. Durante participa\u00e7\u00e3o no F\u00f3rum Esfera, nesta sexta-feira (10), Sandoval declarou que houve incentivos ao crescimento de fontes no pa\u00eds muito al\u00e9m [&hellip;]","og_url":"https:\/\/agenciainfra.com\/blog\/cortes-de-geracao-resultam-de-politicas-publicas-falhas-diz-dg-da-aneel\/","og_site_name":"Ag\u00eancia iNFRA","article_publisher":"https:\/\/www.facebook.com\/ageninfra","article_published_time":"2025-10-10T15:30:54+00:00","article_modified_time":"2025-10-13T13:00:43+00:00","og_image":[{"width":1280,"height":853,"url":"https:\/\/agenciainfra.com\/blog\/wp-content\/uploads\/2025\/09\/sandoval-feitosa-aneel-foto-percio-campos-agencia-infra.jpeg","type":"image\/jpeg"}],"author":"Ag\u00eancia iNFRA","twitter_card":"summary_large_image","twitter_creator":"@agencia_infra","twitter_site":"@agencia_infra","twitter_misc":{"Escrito por":"Ag\u00eancia iNFRA","Est. tempo de leitura":"1 minuto"},"schema":{"@context":"https:\/\/schema.org","@graph":[{"@type":"Article","@id":"https:\/\/agenciainfra.com\/blog\/cortes-de-geracao-resultam-de-politicas-publicas-falhas-diz-dg-da-aneel\/#article","isPartOf":{"@id":"https:\/\/agenciainfra.com\/blog\/cortes-de-geracao-resultam-de-politicas-publicas-falhas-diz-dg-da-aneel\/"},"author":{"name":"Ag\u00eancia iNFRA","@id":"https:\/\/agenciainfra.com\/blog\/#\/schema\/person\/34af08dff6adea4cb22b06612ba7acfa"},"headline":"Cortes de gera\u00e7\u00e3o resultam de pol\u00edticas p\u00fablicas falhas, diz DG da ANEEL","datePublished":"2025-10-10T15:30:54+00:00","dateModified":"2025-10-13T13:00:43+00:00","mainEntityOfPage":{"@id":"https:\/\/agenciainfra.com\/blog\/cortes-de-geracao-resultam-de-politicas-publicas-falhas-diz-dg-da-aneel\/"},"wordCount":260,"publisher":{"@id":"https:\/\/agenciainfra.com\/blog\/#organization"},"image":{"@id":"https:\/\/agenciainfra.com\/blog\/cortes-de-geracao-resultam-de-politicas-publicas-falhas-diz-dg-da-aneel\/#primaryimage"},"thumbnailUrl":"https:\/\/agenciainfra.com\/blog\/wp-content\/uploads\/2025\/09\/sandoval-feitosa-aneel-foto-percio-campos-agencia-infra.jpeg","keywords":["ANEEL","curtailment","Eduardo Braga","Esfera","Fernando Coelho Filho","F\u00f3rum Esfera","Marisa Wanzeller","MP 1304","Sandoval Feitosa"],"articleSection":["Destaque lista","Geral","iNFRAEnergia"],"inLanguage":"pt-BR","copyrightYear":"2025","copyrightHolder":{"@id":"https:\/\/agenciainfra.com\/blog\/#organization"}},{"@type":"WebPage","@id":"https:\/\/agenciainfra.com\/blog\/cortes-de-geracao-resultam-de-politicas-publicas-falhas-diz-dg-da-aneel\/","url":"https:\/\/agenciainfra.com\/blog\/cortes-de-geracao-resultam-de-politicas-publicas-falhas-diz-dg-da-aneel\/","name":"Cortes de gera\u00e7\u00e3o resultam de pol\u00edticas p\u00fablicas falhas, diz DG da ANEEL - Ag\u00eancia iNFRA","isPartOf":{"@id":"https:\/\/agenciainfra.com\/blog\/#website"},"primaryImageOfPage":{"@id":"https:\/\/agenciainfra.com\/blog\/cortes-de-geracao-resultam-de-politicas-publicas-falhas-diz-dg-da-aneel\/#primaryimage"},"image":{"@id":"https:\/\/agenciainfra.com\/blog\/cortes-de-geracao-resultam-de-politicas-publicas-falhas-diz-dg-da-aneel\/#primaryimage"},"thumbnailUrl":"https:\/\/agenciainfra.com\/blog\/wp-content\/uploads\/2025\/09\/sandoval-feitosa-aneel-foto-percio-campos-agencia-infra.jpeg","datePublished":"2025-10-10T15:30:54+00:00","dateModified":"2025-10-13T13:00:43+00:00","breadcrumb":{"@id":"https:\/\/agenciainfra.com\/blog\/cortes-de-geracao-resultam-de-politicas-publicas-falhas-diz-dg-da-aneel\/#breadcrumb"},"inLanguage":"pt-BR","potentialAction":[{"@type":"ReadAction","target":["https:\/\/agenciainfra.com\/blog\/cortes-de-geracao-resultam-de-politicas-publicas-falhas-diz-dg-da-aneel\/"]}]},{"@type":"ImageObject","inLanguage":"pt-BR","@id":"https:\/\/agenciainfra.com\/blog\/cortes-de-geracao-resultam-de-politicas-publicas-falhas-diz-dg-da-aneel\/#primaryimage","url":"https:\/\/agenciainfra.com\/blog\/wp-content\/uploads\/2025\/09\/sandoval-feitosa-aneel-foto-percio-campos-agencia-infra.jpeg","contentUrl":"https:\/\/agenciainfra.com\/blog\/wp-content\/uploads\/2025\/09\/sandoval-feitosa-aneel-foto-percio-campos-agencia-infra.jpeg","width":1280,"height":853,"caption":"Foto: Percio Campos\/Ag\u00eancia iNFRA"},{"@type":"BreadcrumbList","@id":"https:\/\/agenciainfra.com\/blog\/cortes-de-geracao-resultam-de-politicas-publicas-falhas-diz-dg-da-aneel\/#breadcrumb","itemListElement":[{"@type":"ListItem","position":1,"name":"In\u00edcio","item":"https:\/\/agenciainfra.com\/blog\/"},{"@type":"ListItem","position":2,"name":"Cortes de gera\u00e7\u00e3o resultam de pol\u00edticas p\u00fablicas falhas, diz DG da ANEEL"}]},{"@type":"WebSite","@id":"https:\/\/agenciainfra.com\/blog\/#website","url":"https:\/\/agenciainfra.com\/blog\/","name":"Ag\u00eancia iNFRA","description":"Multiplataforma de informa\u00e7\u00e3o jornal\u00edstica refer\u00eancia na \u00e1rea de infraestrutura no Brasil!","publisher":{"@id":"https:\/\/agenciainfra.com\/blog\/#organization"},"potentialAction":[{"@type":"SearchAction","target":{"@type":"EntryPoint","urlTemplate":"https:\/\/agenciainfra.com\/blog\/?s={search_term_string}"},"query-input":{"@type":"PropertyValueSpecification","valueRequired":true,"valueName":"search_term_string"}}],"inLanguage":"pt-BR"},{"@type":"Organization","@id":"https:\/\/agenciainfra.com\/blog\/#organization","name":"Ag\u00eancia iNFRA","url":"https:\/\/agenciainfra.com\/blog\/","logo":{"@type":"ImageObject","inLanguage":"pt-BR","@id":"https:\/\/agenciainfra.com\/blog\/#\/schema\/logo\/image\/","url":"https:\/\/agenciainfra.com\/blog\/wp-content\/uploads\/2023\/09\/iNFRA_5-e1761735885940.png","contentUrl":"https:\/\/agenciainfra.com\/blog\/wp-content\/uploads\/2023\/09\/iNFRA_5-e1761735885940.png","width":1672,"height":454,"caption":"Ag\u00eancia iNFRA"},"image":{"@id":"https:\/\/agenciainfra.com\/blog\/#\/schema\/logo\/image\/"},"sameAs":["https:\/\/www.facebook.com\/ageninfra","https:\/\/x.com\/agencia_infra","https:\/\/www.linkedin.com\/company\/ag\u00eanciainfra\/","https:\/\/www.instagram.com\/agenciainfra\/"]},{"@type":"Person","@id":"https:\/\/agenciainfra.com\/blog\/#\/schema\/person\/34af08dff6adea4cb22b06612ba7acfa","name":"Ag\u00eancia iNFRA","image":{"@type":"ImageObject","inLanguage":"pt-BR","@id":"https:\/\/agenciainfra.com\/blog\/#\/schema\/person\/image\/","url":"https:\/\/secure.gravatar.com\/avatar\/d189e01678f06d8eb84d4e01f08eb848b3fffe3f8443818d3c356c66892f5be8?s=96&d=mm&r=g","contentUrl":"https:\/\/secure.gravatar.com\/avatar\/d189e01678f06d8eb84d4e01f08eb848b3fffe3f8443818d3c356c66892f5be8?s=96&d=mm&r=g","caption":"Ag\u00eancia iNFRA"},"url":"https:\/\/agenciainfra.com\/blog\/author\/admin\/"}]}},"_links":{"self":[{"href":"https:\/\/agenciainfra.com\/blog\/wp-json\/wp\/v2\/posts\/29601","targetHints":{"allow":["GET"]}}],"collection":[{"href":"https:\/\/agenciainfra.com\/blog\/wp-json\/wp\/v2\/posts"}],"about":[{"href":"https:\/\/agenciainfra.com\/blog\/wp-json\/wp\/v2\/types\/post"}],"author":[{"embeddable":true,"href":"https:\/\/agenciainfra.com\/blog\/wp-json\/wp\/v2\/users\/1"}],"replies":[{"embeddable":true,"href":"https:\/\/agenciainfra.com\/blog\/wp-json\/wp\/v2\/comments?post=29601"}],"version-history":[{"count":1,"href":"https:\/\/agenciainfra.com\/blog\/wp-json\/wp\/v2\/posts\/29601\/revisions"}],"predecessor-version":[{"id":29602,"href":"https:\/\/agenciainfra.com\/blog\/wp-json\/wp\/v2\/posts\/29601\/revisions\/29602"}],"wp:featuredmedia":[{"embeddable":true,"href":"https:\/\/agenciainfra.com\/blog\/wp-json\/wp\/v2\/media\/28707"}],"wp:attachment":[{"href":"https:\/\/agenciainfra.com\/blog\/wp-json\/wp\/v2\/media?parent=29601"}],"wp:term":[{"taxonomy":"category","embeddable":true,"href":"https:\/\/agenciainfra.com\/blog\/wp-json\/wp\/v2\/categories?post=29601"},{"taxonomy":"post_tag","embeddable":true,"href":"https:\/\/agenciainfra.com\/blog\/wp-json\/wp\/v2\/tags?post=29601"}],"curies":[{"name":"wp","href":"https:\/\/api.w.org\/{rel}","templated":true}]}}