{"id":29605,"date":"2025-10-10T13:19:27","date_gmt":"2025-10-10T16:19:27","guid":{"rendered":"https:\/\/agenciainfra.com\/blog\/?p=29605"},"modified":"2025-10-13T11:29:24","modified_gmt":"2025-10-13T14:29:24","slug":"brasil-precisara-de-345-gw-adicionais-de-energia-limpa-ate-2050-diz-psr","status":"publish","type":"post","link":"https:\/\/agenciainfra.com\/blog\/brasil-precisara-de-345-gw-adicionais-de-energia-limpa-ate-2050-diz-psr\/","title":{"rendered":"Brasil precisar\u00e1 de 345 GW adicionais de energia limpa at\u00e9 2050, diz PSR"},"content":{"rendered":"\n<p class=\"has-text-align-right\"><strong>Lais Carregosa, da Ag\u00eancia iNFRA<\/strong><\/p>\n\n\n\n<p>O Brasil vai precisar de 345 GW (gigawatts) adicionais de energia limpa at\u00e9 2050 para atender ao crescimento da demanda e manter a matriz el\u00e9trica majoritariamente renov\u00e1vel, segundo <a href=\"https:\/\/psr-energy.com\/docs\/sumario_executivo_coalizao.pdf\">informa\u00e7\u00f5es <\/a>da consultoria PSR divulgadas nesta sexta-feira (10). De acordo com o CEO da PSR, Luiz Barroso, esses investimentos equivalem a um montante de US$ 400 bilh\u00f5es a US$ 450 bilh\u00f5es.<\/p>\n\n\n\n<p>O especialista explicou que a expans\u00e3o da gera\u00e7\u00e3o projetada pela PSR \u00e9 neutra e considera os atributos das fontes para o sistema el\u00e9trico. Tecnologias como nuclear, biomassa, hidr\u00e1ulica, e\u00f3lica, solar e armazenamento s\u00e3o consideradas no estudo, al\u00e9m do g\u00e1s, apesar de n\u00e3o ser \u201climpo\u201d em termos de emiss\u00e3o de gases de efeito estufa, segundo ele.<\/p>\n\n\n\n<p>Barroso frisou que as fontes de energia renov\u00e1vel consideradas no estudo s\u00e3o economicamente vantajosas, com menos custo em rela\u00e7\u00e3o \u00e0s f\u00f3sseis. O fato de serem &#8220;limpas&#8221;, segundo ele, \u00e9 um &#8220;b\u00f4nus&#8221; para a energia que j\u00e1 \u00e9 atrativa do ponto de vista econ\u00f4mico.<\/p>\n\n\n\n<p>\u201cO que mostramos \u00e9 que, de hoje at\u00e9 2050, a demanda cresce porque desenvolvemos o pa\u00eds, porque tem data center, hidrog\u00eanio, eletrifica\u00e7\u00e3o e outros consumos. A oferta precisa crescer para atender a essa demanda. Ent\u00e3o, como constru\u00edmos a gera\u00e7\u00e3o at\u00e9 l\u00e1 para atender a essa demanda, mas minimizando o custo de investimento e produ\u00e7\u00e3o para todo mundo? [\u2026] Qualquer decis\u00e3o que tomemos fora do planejamento e que envolva comprar energia f\u00f3ssil, vai bagun\u00e7ar esse Norte\u201d, explicou.<\/p>\n\n\n\n<p>Hoje, segundo o estudo, o Brasil tem 90% da matriz formada por fontes renov\u00e1veis e tem emiss\u00f5es negativas no setor el\u00e9trico. Ou seja, ajuda a compensar as emiss\u00f5es de outros setores da economia. Contudo, caso esse percentual seja reduzido a 50% at\u00e9 2050, por exemplo, as emiss\u00f5es do setor el\u00e9trico passar\u00e3o a ser positivas.<\/p>\n\n\n\n<p><strong>Coaliz\u00e3o COP30<br><\/strong>O estudo foi apresentado em evento da \u201cCoaliz\u00e3o do Setor El\u00e9trico para Descarboniza\u00e7\u00e3o rumo \u00e0 COP30\u201d, realizado em Bras\u00edlia nesta sexta-feira (10). A coaliz\u00e3o \u00e9 liderada pelo CEBDS (Conselho Empresarial Brasileiro para o Desenvolvimento Sustent\u00e1vel) e pela Abradee (Associa\u00e7\u00e3o Brasileira de Distribuidores de Energia El\u00e9trica).<\/p>\n\n\n\n<p>O trabalho \u00e9 uma contribui\u00e7\u00e3o do setor el\u00e9trico para as discuss\u00f5es na COP30, que ser\u00e1 realizada em Bel\u00e9m (PA), em novembro. De acordo com a Coaliz\u00e3o, ele foi desenvolvido para \u201campliar a oferta e maximizar os potenciais do setor el\u00e9trico na descarboniza\u00e7\u00e3o de outros setores&nbsp;e&nbsp;pa\u00edses\u201d.<\/p>\n","protected":false},"excerpt":{"rendered":"<p>Lais Carregosa, da Ag\u00eancia iNFRA O Brasil vai precisar de 345 GW (gigawatts) adicionais de energia limpa at\u00e9 2050 para atender ao crescimento da demanda e manter a matriz el\u00e9trica majoritariamente renov\u00e1vel, segundo informa\u00e7\u00f5es da consultoria PSR divulgadas nesta sexta-feira (10). De acordo com o CEO da PSR, Luiz Barroso, esses investimentos equivalem a um [&hellip;]<\/p>\n","protected":false},"author":1,"featured_media":12483,"comment_status":"closed","ping_status":"closed","sticky":false,"template":"","format":"standard","meta":{"_monsterinsights_skip_tracking":false,"_monsterinsights_sitenote_active":false,"_monsterinsights_sitenote_note":"","_monsterinsights_sitenote_category":0,"footnotes":""},"categories":[7250,1,10],"tags":[494,15996,8068,13132,1836,121],"class_list":["post-29605","post","type-post","status-publish","format-standard","has-post-thumbnail","hentry","category-destaque-lista","category-geral","category-infraenergia","tag-abradee","tag-cebds-conselho-empresarial-brasileiro-para-o-desenvolvimento-sustentavel","tag-cop30","tag-lais-carregosa","tag-luiz-barroso","tag-psr"],"yoast_head":"<!-- This site is optimized with the Yoast SEO Premium plugin v25.4 (Yoast SEO v26.0) - https:\/\/yoast.com\/wordpress\/plugins\/seo\/ -->\n<title>Brasil precisar\u00e1 de 345 GW adicionais de energia limpa at\u00e9 2050, diz PSR - Ag\u00eancia iNFRA<\/title>\n<meta name=\"robots\" content=\"index, follow, max-snippet:-1, max-image-preview:large, max-video-preview:-1\" \/>\n<link rel=\"canonical\" href=\"https:\/\/agenciainfra.com\/blog\/brasil-precisara-de-345-gw-adicionais-de-energia-limpa-ate-2050-diz-psr\/\" \/>\n<meta property=\"og:locale\" content=\"pt_BR\" \/>\n<meta property=\"og:type\" content=\"article\" \/>\n<meta property=\"og:title\" content=\"Brasil precisar\u00e1 de 345 GW adicionais de energia limpa at\u00e9 2050, diz PSR\" \/>\n<meta property=\"og:description\" content=\"Lais Carregosa, da Ag\u00eancia iNFRA O Brasil vai precisar de 345 GW (gigawatts) adicionais de energia limpa at\u00e9 2050 para atender ao crescimento da demanda e manter a matriz el\u00e9trica majoritariamente renov\u00e1vel, segundo informa\u00e7\u00f5es da consultoria PSR divulgadas nesta sexta-feira (10). De acordo com o CEO da PSR, Luiz Barroso, esses investimentos equivalem a um [&hellip;]\" \/>\n<meta property=\"og:url\" content=\"https:\/\/agenciainfra.com\/blog\/brasil-precisara-de-345-gw-adicionais-de-energia-limpa-ate-2050-diz-psr\/\" \/>\n<meta property=\"og:site_name\" content=\"Ag\u00eancia iNFRA\" \/>\n<meta property=\"article:publisher\" content=\"https:\/\/www.facebook.com\/ageninfra\" \/>\n<meta property=\"article:published_time\" content=\"2025-10-10T16:19:27+00:00\" \/>\n<meta property=\"article:modified_time\" content=\"2025-10-13T14:29:24+00:00\" \/>\n<meta property=\"og:image\" content=\"https:\/\/agenciainfra.com\/blog\/wp-content\/uploads\/2023\/04\/complexo-eolico-tucano-foto-aes-brasil.jpg\" \/>\n\t<meta property=\"og:image:width\" content=\"1280\" \/>\n\t<meta property=\"og:image:height\" content=\"853\" \/>\n\t<meta property=\"og:image:type\" content=\"image\/jpeg\" \/>\n<meta name=\"author\" content=\"Ag\u00eancia iNFRA\" \/>\n<meta name=\"twitter:card\" content=\"summary_large_image\" \/>\n<meta name=\"twitter:creator\" content=\"@agencia_infra\" \/>\n<meta name=\"twitter:site\" content=\"@agencia_infra\" \/>\n<meta name=\"twitter:label1\" content=\"Escrito por\" \/>\n\t<meta name=\"twitter:data1\" content=\"Ag\u00eancia iNFRA\" \/>\n\t<meta name=\"twitter:label2\" content=\"Est. tempo de leitura\" \/>\n\t<meta name=\"twitter:data2\" content=\"2 minutos\" \/>\n<script type=\"application\/ld+json\" class=\"yoast-schema-graph\">{\"@context\":\"https:\/\/schema.org\",\"@graph\":[{\"@type\":\"Article\",\"@id\":\"https:\/\/agenciainfra.com\/blog\/brasil-precisara-de-345-gw-adicionais-de-energia-limpa-ate-2050-diz-psr\/#article\",\"isPartOf\":{\"@id\":\"https:\/\/agenciainfra.com\/blog\/brasil-precisara-de-345-gw-adicionais-de-energia-limpa-ate-2050-diz-psr\/\"},\"author\":{\"name\":\"Ag\u00eancia iNFRA\",\"@id\":\"https:\/\/agenciainfra.com\/blog\/#\/schema\/person\/34af08dff6adea4cb22b06612ba7acfa\"},\"headline\":\"Brasil precisar\u00e1 de 345 GW adicionais de energia limpa at\u00e9 2050, diz PSR\",\"datePublished\":\"2025-10-10T16:19:27+00:00\",\"dateModified\":\"2025-10-13T14:29:24+00:00\",\"mainEntityOfPage\":{\"@id\":\"https:\/\/agenciainfra.com\/blog\/brasil-precisara-de-345-gw-adicionais-de-energia-limpa-ate-2050-diz-psr\/\"},\"wordCount\":437,\"publisher\":{\"@id\":\"https:\/\/agenciainfra.com\/blog\/#organization\"},\"image\":{\"@id\":\"https:\/\/agenciainfra.com\/blog\/brasil-precisara-de-345-gw-adicionais-de-energia-limpa-ate-2050-diz-psr\/#primaryimage\"},\"thumbnailUrl\":\"https:\/\/agenciainfra.com\/blog\/wp-content\/uploads\/2023\/04\/complexo-eolico-tucano-foto-aes-brasil.jpg\",\"keywords\":[\"Abradee\",\"CEBDS (Conselho Empresarial Brasileiro para o Desenvolvimento Sustent\u00e1vel)\",\"COP30\",\"Lais Carregosa\",\"Luiz Barroso\",\"PSR\"],\"articleSection\":[\"Destaque lista\",\"Geral\",\"iNFRAEnergia\"],\"inLanguage\":\"pt-BR\",\"copyrightYear\":\"2025\",\"copyrightHolder\":{\"@id\":\"https:\/\/agenciainfra.com\/blog\/#organization\"}},{\"@type\":\"WebPage\",\"@id\":\"https:\/\/agenciainfra.com\/blog\/brasil-precisara-de-345-gw-adicionais-de-energia-limpa-ate-2050-diz-psr\/\",\"url\":\"https:\/\/agenciainfra.com\/blog\/brasil-precisara-de-345-gw-adicionais-de-energia-limpa-ate-2050-diz-psr\/\",\"name\":\"Brasil precisar\u00e1 de 345 GW adicionais de energia limpa at\u00e9 2050, diz PSR - Ag\u00eancia iNFRA\",\"isPartOf\":{\"@id\":\"https:\/\/agenciainfra.com\/blog\/#website\"},\"primaryImageOfPage\":{\"@id\":\"https:\/\/agenciainfra.com\/blog\/brasil-precisara-de-345-gw-adicionais-de-energia-limpa-ate-2050-diz-psr\/#primaryimage\"},\"image\":{\"@id\":\"https:\/\/agenciainfra.com\/blog\/brasil-precisara-de-345-gw-adicionais-de-energia-limpa-ate-2050-diz-psr\/#primaryimage\"},\"thumbnailUrl\":\"https:\/\/agenciainfra.com\/blog\/wp-content\/uploads\/2023\/04\/complexo-eolico-tucano-foto-aes-brasil.jpg\",\"datePublished\":\"2025-10-10T16:19:27+00:00\",\"dateModified\":\"2025-10-13T14:29:24+00:00\",\"breadcrumb\":{\"@id\":\"https:\/\/agenciainfra.com\/blog\/brasil-precisara-de-345-gw-adicionais-de-energia-limpa-ate-2050-diz-psr\/#breadcrumb\"},\"inLanguage\":\"pt-BR\",\"potentialAction\":[{\"@type\":\"ReadAction\",\"target\":[\"https:\/\/agenciainfra.com\/blog\/brasil-precisara-de-345-gw-adicionais-de-energia-limpa-ate-2050-diz-psr\/\"]}]},{\"@type\":\"ImageObject\",\"inLanguage\":\"pt-BR\",\"@id\":\"https:\/\/agenciainfra.com\/blog\/brasil-precisara-de-345-gw-adicionais-de-energia-limpa-ate-2050-diz-psr\/#primaryimage\",\"url\":\"https:\/\/agenciainfra.com\/blog\/wp-content\/uploads\/2023\/04\/complexo-eolico-tucano-foto-aes-brasil.jpg\",\"contentUrl\":\"https:\/\/agenciainfra.com\/blog\/wp-content\/uploads\/2023\/04\/complexo-eolico-tucano-foto-aes-brasil.jpg\",\"width\":1280,\"height\":853},{\"@type\":\"BreadcrumbList\",\"@id\":\"https:\/\/agenciainfra.com\/blog\/brasil-precisara-de-345-gw-adicionais-de-energia-limpa-ate-2050-diz-psr\/#breadcrumb\",\"itemListElement\":[{\"@type\":\"ListItem\",\"position\":1,\"name\":\"In\u00edcio\",\"item\":\"https:\/\/agenciainfra.com\/blog\/\"},{\"@type\":\"ListItem\",\"position\":2,\"name\":\"Brasil precisar\u00e1 de 345 GW adicionais de energia limpa at\u00e9 2050, diz PSR\"}]},{\"@type\":\"WebSite\",\"@id\":\"https:\/\/agenciainfra.com\/blog\/#website\",\"url\":\"https:\/\/agenciainfra.com\/blog\/\",\"name\":\"Ag\u00eancia iNFRA\",\"description\":\"Multiplataforma de informa\u00e7\u00e3o jornal\u00edstica refer\u00eancia na \u00e1rea de infraestrutura no Brasil!\",\"publisher\":{\"@id\":\"https:\/\/agenciainfra.com\/blog\/#organization\"},\"potentialAction\":[{\"@type\":\"SearchAction\",\"target\":{\"@type\":\"EntryPoint\",\"urlTemplate\":\"https:\/\/agenciainfra.com\/blog\/?s={search_term_string}\"},\"query-input\":{\"@type\":\"PropertyValueSpecification\",\"valueRequired\":true,\"valueName\":\"search_term_string\"}}],\"inLanguage\":\"pt-BR\"},{\"@type\":\"Organization\",\"@id\":\"https:\/\/agenciainfra.com\/blog\/#organization\",\"name\":\"Ag\u00eancia iNFRA\",\"url\":\"https:\/\/agenciainfra.com\/blog\/\",\"logo\":{\"@type\":\"ImageObject\",\"inLanguage\":\"pt-BR\",\"@id\":\"https:\/\/agenciainfra.com\/blog\/#\/schema\/logo\/image\/\",\"url\":\"https:\/\/agenciainfra.com\/blog\/wp-content\/uploads\/2023\/09\/iNFRA_5-e1761735885940.png\",\"contentUrl\":\"https:\/\/agenciainfra.com\/blog\/wp-content\/uploads\/2023\/09\/iNFRA_5-e1761735885940.png\",\"width\":1672,\"height\":454,\"caption\":\"Ag\u00eancia iNFRA\"},\"image\":{\"@id\":\"https:\/\/agenciainfra.com\/blog\/#\/schema\/logo\/image\/\"},\"sameAs\":[\"https:\/\/www.facebook.com\/ageninfra\",\"https:\/\/x.com\/agencia_infra\",\"https:\/\/www.linkedin.com\/company\/ag\u00eanciainfra\/\",\"https:\/\/www.instagram.com\/agenciainfra\/\"]},{\"@type\":\"Person\",\"@id\":\"https:\/\/agenciainfra.com\/blog\/#\/schema\/person\/34af08dff6adea4cb22b06612ba7acfa\",\"name\":\"Ag\u00eancia iNFRA\",\"image\":{\"@type\":\"ImageObject\",\"inLanguage\":\"pt-BR\",\"@id\":\"https:\/\/agenciainfra.com\/blog\/#\/schema\/person\/image\/\",\"url\":\"https:\/\/secure.gravatar.com\/avatar\/d189e01678f06d8eb84d4e01f08eb848b3fffe3f8443818d3c356c66892f5be8?s=96&d=mm&r=g\",\"contentUrl\":\"https:\/\/secure.gravatar.com\/avatar\/d189e01678f06d8eb84d4e01f08eb848b3fffe3f8443818d3c356c66892f5be8?s=96&d=mm&r=g\",\"caption\":\"Ag\u00eancia iNFRA\"},\"url\":\"https:\/\/agenciainfra.com\/blog\/author\/admin\/\"}]}<\/script>\n<!-- \/ Yoast SEO Premium plugin. -->","yoast_head_json":{"title":"Brasil precisar\u00e1 de 345 GW adicionais de energia limpa at\u00e9 2050, diz PSR - Ag\u00eancia iNFRA","robots":{"index":"index","follow":"follow","max-snippet":"max-snippet:-1","max-image-preview":"max-image-preview:large","max-video-preview":"max-video-preview:-1"},"canonical":"https:\/\/agenciainfra.com\/blog\/brasil-precisara-de-345-gw-adicionais-de-energia-limpa-ate-2050-diz-psr\/","og_locale":"pt_BR","og_type":"article","og_title":"Brasil precisar\u00e1 de 345 GW adicionais de energia limpa at\u00e9 2050, diz PSR","og_description":"Lais Carregosa, da Ag\u00eancia iNFRA O Brasil vai precisar de 345 GW (gigawatts) adicionais de energia limpa at\u00e9 2050 para atender ao crescimento da demanda e manter a matriz el\u00e9trica majoritariamente renov\u00e1vel, segundo informa\u00e7\u00f5es da consultoria PSR divulgadas nesta sexta-feira (10). De acordo com o CEO da PSR, Luiz Barroso, esses investimentos equivalem a um [&hellip;]","og_url":"https:\/\/agenciainfra.com\/blog\/brasil-precisara-de-345-gw-adicionais-de-energia-limpa-ate-2050-diz-psr\/","og_site_name":"Ag\u00eancia iNFRA","article_publisher":"https:\/\/www.facebook.com\/ageninfra","article_published_time":"2025-10-10T16:19:27+00:00","article_modified_time":"2025-10-13T14:29:24+00:00","og_image":[{"width":1280,"height":853,"url":"https:\/\/agenciainfra.com\/blog\/wp-content\/uploads\/2023\/04\/complexo-eolico-tucano-foto-aes-brasil.jpg","type":"image\/jpeg"}],"author":"Ag\u00eancia iNFRA","twitter_card":"summary_large_image","twitter_creator":"@agencia_infra","twitter_site":"@agencia_infra","twitter_misc":{"Escrito por":"Ag\u00eancia iNFRA","Est. tempo de leitura":"2 minutos"},"schema":{"@context":"https:\/\/schema.org","@graph":[{"@type":"Article","@id":"https:\/\/agenciainfra.com\/blog\/brasil-precisara-de-345-gw-adicionais-de-energia-limpa-ate-2050-diz-psr\/#article","isPartOf":{"@id":"https:\/\/agenciainfra.com\/blog\/brasil-precisara-de-345-gw-adicionais-de-energia-limpa-ate-2050-diz-psr\/"},"author":{"name":"Ag\u00eancia iNFRA","@id":"https:\/\/agenciainfra.com\/blog\/#\/schema\/person\/34af08dff6adea4cb22b06612ba7acfa"},"headline":"Brasil precisar\u00e1 de 345 GW adicionais de energia limpa at\u00e9 2050, diz PSR","datePublished":"2025-10-10T16:19:27+00:00","dateModified":"2025-10-13T14:29:24+00:00","mainEntityOfPage":{"@id":"https:\/\/agenciainfra.com\/blog\/brasil-precisara-de-345-gw-adicionais-de-energia-limpa-ate-2050-diz-psr\/"},"wordCount":437,"publisher":{"@id":"https:\/\/agenciainfra.com\/blog\/#organization"},"image":{"@id":"https:\/\/agenciainfra.com\/blog\/brasil-precisara-de-345-gw-adicionais-de-energia-limpa-ate-2050-diz-psr\/#primaryimage"},"thumbnailUrl":"https:\/\/agenciainfra.com\/blog\/wp-content\/uploads\/2023\/04\/complexo-eolico-tucano-foto-aes-brasil.jpg","keywords":["Abradee","CEBDS (Conselho Empresarial Brasileiro para o Desenvolvimento Sustent\u00e1vel)","COP30","Lais Carregosa","Luiz Barroso","PSR"],"articleSection":["Destaque lista","Geral","iNFRAEnergia"],"inLanguage":"pt-BR","copyrightYear":"2025","copyrightHolder":{"@id":"https:\/\/agenciainfra.com\/blog\/#organization"}},{"@type":"WebPage","@id":"https:\/\/agenciainfra.com\/blog\/brasil-precisara-de-345-gw-adicionais-de-energia-limpa-ate-2050-diz-psr\/","url":"https:\/\/agenciainfra.com\/blog\/brasil-precisara-de-345-gw-adicionais-de-energia-limpa-ate-2050-diz-psr\/","name":"Brasil precisar\u00e1 de 345 GW adicionais de energia limpa at\u00e9 2050, diz PSR - Ag\u00eancia iNFRA","isPartOf":{"@id":"https:\/\/agenciainfra.com\/blog\/#website"},"primaryImageOfPage":{"@id":"https:\/\/agenciainfra.com\/blog\/brasil-precisara-de-345-gw-adicionais-de-energia-limpa-ate-2050-diz-psr\/#primaryimage"},"image":{"@id":"https:\/\/agenciainfra.com\/blog\/brasil-precisara-de-345-gw-adicionais-de-energia-limpa-ate-2050-diz-psr\/#primaryimage"},"thumbnailUrl":"https:\/\/agenciainfra.com\/blog\/wp-content\/uploads\/2023\/04\/complexo-eolico-tucano-foto-aes-brasil.jpg","datePublished":"2025-10-10T16:19:27+00:00","dateModified":"2025-10-13T14:29:24+00:00","breadcrumb":{"@id":"https:\/\/agenciainfra.com\/blog\/brasil-precisara-de-345-gw-adicionais-de-energia-limpa-ate-2050-diz-psr\/#breadcrumb"},"inLanguage":"pt-BR","potentialAction":[{"@type":"ReadAction","target":["https:\/\/agenciainfra.com\/blog\/brasil-precisara-de-345-gw-adicionais-de-energia-limpa-ate-2050-diz-psr\/"]}]},{"@type":"ImageObject","inLanguage":"pt-BR","@id":"https:\/\/agenciainfra.com\/blog\/brasil-precisara-de-345-gw-adicionais-de-energia-limpa-ate-2050-diz-psr\/#primaryimage","url":"https:\/\/agenciainfra.com\/blog\/wp-content\/uploads\/2023\/04\/complexo-eolico-tucano-foto-aes-brasil.jpg","contentUrl":"https:\/\/agenciainfra.com\/blog\/wp-content\/uploads\/2023\/04\/complexo-eolico-tucano-foto-aes-brasil.jpg","width":1280,"height":853},{"@type":"BreadcrumbList","@id":"https:\/\/agenciainfra.com\/blog\/brasil-precisara-de-345-gw-adicionais-de-energia-limpa-ate-2050-diz-psr\/#breadcrumb","itemListElement":[{"@type":"ListItem","position":1,"name":"In\u00edcio","item":"https:\/\/agenciainfra.com\/blog\/"},{"@type":"ListItem","position":2,"name":"Brasil precisar\u00e1 de 345 GW adicionais de energia limpa at\u00e9 2050, diz PSR"}]},{"@type":"WebSite","@id":"https:\/\/agenciainfra.com\/blog\/#website","url":"https:\/\/agenciainfra.com\/blog\/","name":"Ag\u00eancia iNFRA","description":"Multiplataforma de informa\u00e7\u00e3o jornal\u00edstica refer\u00eancia na \u00e1rea de infraestrutura no Brasil!","publisher":{"@id":"https:\/\/agenciainfra.com\/blog\/#organization"},"potentialAction":[{"@type":"SearchAction","target":{"@type":"EntryPoint","urlTemplate":"https:\/\/agenciainfra.com\/blog\/?s={search_term_string}"},"query-input":{"@type":"PropertyValueSpecification","valueRequired":true,"valueName":"search_term_string"}}],"inLanguage":"pt-BR"},{"@type":"Organization","@id":"https:\/\/agenciainfra.com\/blog\/#organization","name":"Ag\u00eancia iNFRA","url":"https:\/\/agenciainfra.com\/blog\/","logo":{"@type":"ImageObject","inLanguage":"pt-BR","@id":"https:\/\/agenciainfra.com\/blog\/#\/schema\/logo\/image\/","url":"https:\/\/agenciainfra.com\/blog\/wp-content\/uploads\/2023\/09\/iNFRA_5-e1761735885940.png","contentUrl":"https:\/\/agenciainfra.com\/blog\/wp-content\/uploads\/2023\/09\/iNFRA_5-e1761735885940.png","width":1672,"height":454,"caption":"Ag\u00eancia iNFRA"},"image":{"@id":"https:\/\/agenciainfra.com\/blog\/#\/schema\/logo\/image\/"},"sameAs":["https:\/\/www.facebook.com\/ageninfra","https:\/\/x.com\/agencia_infra","https:\/\/www.linkedin.com\/company\/ag\u00eanciainfra\/","https:\/\/www.instagram.com\/agenciainfra\/"]},{"@type":"Person","@id":"https:\/\/agenciainfra.com\/blog\/#\/schema\/person\/34af08dff6adea4cb22b06612ba7acfa","name":"Ag\u00eancia iNFRA","image":{"@type":"ImageObject","inLanguage":"pt-BR","@id":"https:\/\/agenciainfra.com\/blog\/#\/schema\/person\/image\/","url":"https:\/\/secure.gravatar.com\/avatar\/d189e01678f06d8eb84d4e01f08eb848b3fffe3f8443818d3c356c66892f5be8?s=96&d=mm&r=g","contentUrl":"https:\/\/secure.gravatar.com\/avatar\/d189e01678f06d8eb84d4e01f08eb848b3fffe3f8443818d3c356c66892f5be8?s=96&d=mm&r=g","caption":"Ag\u00eancia iNFRA"},"url":"https:\/\/agenciainfra.com\/blog\/author\/admin\/"}]}},"_links":{"self":[{"href":"https:\/\/agenciainfra.com\/blog\/wp-json\/wp\/v2\/posts\/29605","targetHints":{"allow":["GET"]}}],"collection":[{"href":"https:\/\/agenciainfra.com\/blog\/wp-json\/wp\/v2\/posts"}],"about":[{"href":"https:\/\/agenciainfra.com\/blog\/wp-json\/wp\/v2\/types\/post"}],"author":[{"embeddable":true,"href":"https:\/\/agenciainfra.com\/blog\/wp-json\/wp\/v2\/users\/1"}],"replies":[{"embeddable":true,"href":"https:\/\/agenciainfra.com\/blog\/wp-json\/wp\/v2\/comments?post=29605"}],"version-history":[{"count":1,"href":"https:\/\/agenciainfra.com\/blog\/wp-json\/wp\/v2\/posts\/29605\/revisions"}],"predecessor-version":[{"id":29606,"href":"https:\/\/agenciainfra.com\/blog\/wp-json\/wp\/v2\/posts\/29605\/revisions\/29606"}],"wp:featuredmedia":[{"embeddable":true,"href":"https:\/\/agenciainfra.com\/blog\/wp-json\/wp\/v2\/media\/12483"}],"wp:attachment":[{"href":"https:\/\/agenciainfra.com\/blog\/wp-json\/wp\/v2\/media?parent=29605"}],"wp:term":[{"taxonomy":"category","embeddable":true,"href":"https:\/\/agenciainfra.com\/blog\/wp-json\/wp\/v2\/categories?post=29605"},{"taxonomy":"post_tag","embeddable":true,"href":"https:\/\/agenciainfra.com\/blog\/wp-json\/wp\/v2\/tags?post=29605"}],"curies":[{"name":"wp","href":"https:\/\/api.w.org\/{rel}","templated":true}]}}