{"id":29609,"date":"2025-10-10T16:20:37","date_gmt":"2025-10-10T19:20:37","guid":{"rendered":"https:\/\/agenciainfra.com\/blog\/?p=29609"},"modified":"2025-10-10T16:22:15","modified_gmt":"2025-10-10T19:22:15","slug":"fluxo-de-veiculos-pesados-reverte-queda-e-fecha-setembro-em-alta","status":"publish","type":"post","link":"https:\/\/agenciainfra.com\/blog\/fluxo-de-veiculos-pesados-reverte-queda-e-fecha-setembro-em-alta\/","title":{"rendered":"Fluxo de ve\u00edculos pesados reverte queda e fecha setembro em alta"},"content":{"rendered":"\n<p class=\"has-text-align-right\"><strong>da Ag\u00eancia iNFRA<\/strong><\/p>\n\n\n\n<p>O fluxo de ve\u00edculos pesados em setembro reverteu a queda registrada no m\u00eas anterior e apresentou crescimento de 1,7%, quando comparado com agosto. Os n\u00fameros s\u00e3o do \u00cdndice ABCR, que mede o fluxo pedagiado de ve\u00edculos nas estradas. O levantamento \u00e9 elaborado pela ABCR (Melhores Rodovias do Brasil) junto \u00e0 Tend\u00eancias Consultoria.<\/p>\n\n\n\n<p>O \u00edndice total caiu 0,2% em setembro, na compara\u00e7\u00e3o dessazonalizada com agosto, refletindo a queda de 1% nos ve\u00edculos leves. Quanto \u00e0 alta do fluxo de pesados, atribui-se ao escoamento da produ\u00e7\u00e3o agropecu\u00e1ria, embora em desacelera\u00e7\u00e3o, e pelo bom desempenho de alguns setores da ind\u00fastria de transforma\u00e7\u00e3o, segundo os analistas da Tend\u00eancias Consultoria, Thiago Xavier e Davi Gon\u00e7alves.<\/p>\n\n\n\n<p>&#8220;No entanto, o ritmo de expans\u00e3o enfrenta limita\u00e7\u00f5es impostas pela pol\u00edtica monet\u00e1ria restritiva, que afeta os setores consumidores de frete&#8221;, observam os analistas. De acordo com eles, apesar disso, o avan\u00e7o do com\u00e9rcio eletr\u00f4nico exerce uma influ\u00eancia estrutural positiva e mant\u00e9m a demanda por servi\u00e7os log\u00edsticos elevada, o que contribui para que o fluxo de ve\u00edculos pesados continue em n\u00edveis altos.<\/p>\n\n\n\n<p>Quando os resultados do m\u00eas s\u00e3o comparados com o mesmo per\u00edodo do ano passado, o \u00edndice total aponta aumento de 2,3% no fluxo pedagiado de ve\u00edculos, resultando da eleva\u00e7\u00e3o de 1,7% no fluxo de ve\u00edculos leves e de 4,1% dos ve\u00edculos pesados. J\u00e1 no recorte dos \u00faltimos doze meses, o \u00edndice total registra alta de 2,3% \u2013\u00a0com 2,4% de crescimento dos leves e 2,2% dos pesados.<\/p>\n\n\n\n<p>Os analisas qualificaram como pontual a queda de 0,2% verificada na s\u00e9rie dessazonalizada, quanto ao \u00edndice total. Eles comentam que, considerando o terceiro trimestre, houve um avan\u00e7o de 0,6%, com aumento no fluxo de ve\u00edculos leves (0,5%) e pesados (1,8%), o que indica uma recupera\u00e7\u00e3o parcial no per\u00edodo.<\/p>\n\n\n\n<p>&#8220;O recuo dos ve\u00edculos leves reflete uma devolu\u00e7\u00e3o do forte crescimento de agosto, influenciado por fatores econ\u00f4micos como o mercado de trabalho aquecido, que sustenta o deslocamento di\u00e1rio dos trabalhadores, mas tamb\u00e9m por restri\u00e7\u00f5es ao consumo, como cr\u00e9dito mais caro e infla\u00e7\u00e3o persistente&#8221;, disseram.<\/p>\n","protected":false},"excerpt":{"rendered":"<p>da Ag\u00eancia iNFRA O fluxo de ve\u00edculos pesados em setembro reverteu a queda registrada no m\u00eas anterior e apresentou crescimento de 1,7%, quando comparado com agosto. Os n\u00fameros s\u00e3o do \u00cdndice ABCR, que mede o fluxo pedagiado de ve\u00edculos nas estradas. O levantamento \u00e9 elaborado pela ABCR (Melhores Rodovias do Brasil) junto \u00e0 Tend\u00eancias Consultoria. [&hellip;]<\/p>\n","protected":false},"author":1,"featured_media":4717,"comment_status":"closed","ping_status":"closed","sticky":false,"template":"","format":"standard","meta":{"_monsterinsights_skip_tracking":false,"_monsterinsights_sitenote_active":false,"_monsterinsights_sitenote_note":"","_monsterinsights_sitenote_category":0,"footnotes":""},"categories":[1,13576],"tags":[16020,1908,5623,2822,4585,9014],"class_list":["post-29609","post","type-post","status-publish","format-standard","has-post-thumbnail","hentry","category-geral","category-giro-infra","tag-fluxo-pedagiado-de-veiculos","tag-indice-abcr","tag-melhores-rodovias-do-brasil","tag-tendencias-consultoria","tag-veiculos-leves","tag-veiculos-pesados"],"yoast_head":"<!-- This site is optimized with the Yoast SEO Premium plugin v25.4 (Yoast SEO v26.0) - https:\/\/yoast.com\/wordpress\/plugins\/seo\/ -->\n<title>Fluxo de ve\u00edculos pesados reverte queda e fecha setembro em alta - Ag\u00eancia iNFRA<\/title>\n<meta name=\"robots\" content=\"index, follow, max-snippet:-1, max-image-preview:large, max-video-preview:-1\" \/>\n<link rel=\"canonical\" href=\"https:\/\/agenciainfra.com\/blog\/fluxo-de-veiculos-pesados-reverte-queda-e-fecha-setembro-em-alta\/\" \/>\n<meta property=\"og:locale\" content=\"pt_BR\" \/>\n<meta property=\"og:type\" content=\"article\" \/>\n<meta property=\"og:title\" content=\"Fluxo de ve\u00edculos pesados reverte queda e fecha setembro em alta\" \/>\n<meta property=\"og:description\" content=\"da Ag\u00eancia iNFRA O fluxo de ve\u00edculos pesados em setembro reverteu a queda registrada no m\u00eas anterior e apresentou crescimento de 1,7%, quando comparado com agosto. Os n\u00fameros s\u00e3o do \u00cdndice ABCR, que mede o fluxo pedagiado de ve\u00edculos nas estradas. O levantamento \u00e9 elaborado pela ABCR (Melhores Rodovias do Brasil) junto \u00e0 Tend\u00eancias Consultoria. [&hellip;]\" \/>\n<meta property=\"og:url\" content=\"https:\/\/agenciainfra.com\/blog\/fluxo-de-veiculos-pesados-reverte-queda-e-fecha-setembro-em-alta\/\" \/>\n<meta property=\"og:site_name\" content=\"Ag\u00eancia iNFRA\" \/>\n<meta property=\"article:publisher\" content=\"https:\/\/www.facebook.com\/ageninfra\" \/>\n<meta property=\"article:published_time\" content=\"2025-10-10T19:20:37+00:00\" \/>\n<meta property=\"article:modified_time\" content=\"2025-10-10T19:22:15+00:00\" \/>\n<meta property=\"og:image\" content=\"https:\/\/agenciainfra.com\/blog\/wp-content\/uploads\/2020\/04\/rodovia-caminhao-foto-governo-do-tocantins.jpg\" \/>\n\t<meta property=\"og:image:width\" content=\"1000\" \/>\n\t<meta property=\"og:image:height\" content=\"667\" \/>\n\t<meta property=\"og:image:type\" content=\"image\/jpeg\" \/>\n<meta name=\"author\" content=\"Ag\u00eancia iNFRA\" \/>\n<meta name=\"twitter:card\" content=\"summary_large_image\" \/>\n<meta name=\"twitter:creator\" content=\"@agencia_infra\" \/>\n<meta name=\"twitter:site\" content=\"@agencia_infra\" \/>\n<meta name=\"twitter:label1\" content=\"Escrito por\" \/>\n\t<meta name=\"twitter:data1\" content=\"Ag\u00eancia iNFRA\" \/>\n\t<meta name=\"twitter:label2\" content=\"Est. tempo de leitura\" \/>\n\t<meta name=\"twitter:data2\" content=\"2 minutos\" \/>\n<script type=\"application\/ld+json\" class=\"yoast-schema-graph\">{\"@context\":\"https:\/\/schema.org\",\"@graph\":[{\"@type\":\"Article\",\"@id\":\"https:\/\/agenciainfra.com\/blog\/fluxo-de-veiculos-pesados-reverte-queda-e-fecha-setembro-em-alta\/#article\",\"isPartOf\":{\"@id\":\"https:\/\/agenciainfra.com\/blog\/fluxo-de-veiculos-pesados-reverte-queda-e-fecha-setembro-em-alta\/\"},\"author\":{\"name\":\"Ag\u00eancia iNFRA\",\"@id\":\"https:\/\/agenciainfra.com\/blog\/#\/schema\/person\/34af08dff6adea4cb22b06612ba7acfa\"},\"headline\":\"Fluxo de ve\u00edculos pesados reverte queda e fecha setembro em alta\",\"datePublished\":\"2025-10-10T19:20:37+00:00\",\"dateModified\":\"2025-10-10T19:22:15+00:00\",\"mainEntityOfPage\":{\"@id\":\"https:\/\/agenciainfra.com\/blog\/fluxo-de-veiculos-pesados-reverte-queda-e-fecha-setembro-em-alta\/\"},\"wordCount\":377,\"publisher\":{\"@id\":\"https:\/\/agenciainfra.com\/blog\/#organization\"},\"image\":{\"@id\":\"https:\/\/agenciainfra.com\/blog\/fluxo-de-veiculos-pesados-reverte-queda-e-fecha-setembro-em-alta\/#primaryimage\"},\"thumbnailUrl\":\"https:\/\/agenciainfra.com\/blog\/wp-content\/uploads\/2020\/04\/rodovia-caminhao-foto-governo-do-tocantins.jpg\",\"keywords\":[\"fluxo pedagiado de ve\u00edculos\",\"\u00cdndice ABCR\",\"Melhores Rodovias do Brasil\",\"Tend\u00eancias Consultoria\",\"ve\u00edculos leves\",\"Ve\u00edculos pesados\"],\"articleSection\":[\"Geral\",\"Giro iNFRA\"],\"inLanguage\":\"pt-BR\",\"copyrightYear\":\"2025\",\"copyrightHolder\":{\"@id\":\"https:\/\/agenciainfra.com\/blog\/#organization\"}},{\"@type\":\"WebPage\",\"@id\":\"https:\/\/agenciainfra.com\/blog\/fluxo-de-veiculos-pesados-reverte-queda-e-fecha-setembro-em-alta\/\",\"url\":\"https:\/\/agenciainfra.com\/blog\/fluxo-de-veiculos-pesados-reverte-queda-e-fecha-setembro-em-alta\/\",\"name\":\"Fluxo de ve\u00edculos pesados reverte queda e fecha setembro em alta - Ag\u00eancia iNFRA\",\"isPartOf\":{\"@id\":\"https:\/\/agenciainfra.com\/blog\/#website\"},\"primaryImageOfPage\":{\"@id\":\"https:\/\/agenciainfra.com\/blog\/fluxo-de-veiculos-pesados-reverte-queda-e-fecha-setembro-em-alta\/#primaryimage\"},\"image\":{\"@id\":\"https:\/\/agenciainfra.com\/blog\/fluxo-de-veiculos-pesados-reverte-queda-e-fecha-setembro-em-alta\/#primaryimage\"},\"thumbnailUrl\":\"https:\/\/agenciainfra.com\/blog\/wp-content\/uploads\/2020\/04\/rodovia-caminhao-foto-governo-do-tocantins.jpg\",\"datePublished\":\"2025-10-10T19:20:37+00:00\",\"dateModified\":\"2025-10-10T19:22:15+00:00\",\"breadcrumb\":{\"@id\":\"https:\/\/agenciainfra.com\/blog\/fluxo-de-veiculos-pesados-reverte-queda-e-fecha-setembro-em-alta\/#breadcrumb\"},\"inLanguage\":\"pt-BR\",\"potentialAction\":[{\"@type\":\"ReadAction\",\"target\":[\"https:\/\/agenciainfra.com\/blog\/fluxo-de-veiculos-pesados-reverte-queda-e-fecha-setembro-em-alta\/\"]}]},{\"@type\":\"ImageObject\",\"inLanguage\":\"pt-BR\",\"@id\":\"https:\/\/agenciainfra.com\/blog\/fluxo-de-veiculos-pesados-reverte-queda-e-fecha-setembro-em-alta\/#primaryimage\",\"url\":\"https:\/\/agenciainfra.com\/blog\/wp-content\/uploads\/2020\/04\/rodovia-caminhao-foto-governo-do-tocantins.jpg\",\"contentUrl\":\"https:\/\/agenciainfra.com\/blog\/wp-content\/uploads\/2020\/04\/rodovia-caminhao-foto-governo-do-tocantins.jpg\",\"width\":1000,\"height\":667,\"caption\":\"Foto: Governo do Tocantins\"},{\"@type\":\"BreadcrumbList\",\"@id\":\"https:\/\/agenciainfra.com\/blog\/fluxo-de-veiculos-pesados-reverte-queda-e-fecha-setembro-em-alta\/#breadcrumb\",\"itemListElement\":[{\"@type\":\"ListItem\",\"position\":1,\"name\":\"In\u00edcio\",\"item\":\"https:\/\/agenciainfra.com\/blog\/\"},{\"@type\":\"ListItem\",\"position\":2,\"name\":\"Fluxo de ve\u00edculos pesados reverte queda e fecha setembro em alta\"}]},{\"@type\":\"WebSite\",\"@id\":\"https:\/\/agenciainfra.com\/blog\/#website\",\"url\":\"https:\/\/agenciainfra.com\/blog\/\",\"name\":\"Ag\u00eancia iNFRA\",\"description\":\"Multiplataforma de informa\u00e7\u00e3o jornal\u00edstica refer\u00eancia na \u00e1rea de infraestrutura no Brasil!\",\"publisher\":{\"@id\":\"https:\/\/agenciainfra.com\/blog\/#organization\"},\"potentialAction\":[{\"@type\":\"SearchAction\",\"target\":{\"@type\":\"EntryPoint\",\"urlTemplate\":\"https:\/\/agenciainfra.com\/blog\/?s={search_term_string}\"},\"query-input\":{\"@type\":\"PropertyValueSpecification\",\"valueRequired\":true,\"valueName\":\"search_term_string\"}}],\"inLanguage\":\"pt-BR\"},{\"@type\":\"Organization\",\"@id\":\"https:\/\/agenciainfra.com\/blog\/#organization\",\"name\":\"Ag\u00eancia iNFRA\",\"url\":\"https:\/\/agenciainfra.com\/blog\/\",\"logo\":{\"@type\":\"ImageObject\",\"inLanguage\":\"pt-BR\",\"@id\":\"https:\/\/agenciainfra.com\/blog\/#\/schema\/logo\/image\/\",\"url\":\"https:\/\/agenciainfra.com\/blog\/wp-content\/uploads\/2023\/09\/iNFRA_5-e1761735885940.png\",\"contentUrl\":\"https:\/\/agenciainfra.com\/blog\/wp-content\/uploads\/2023\/09\/iNFRA_5-e1761735885940.png\",\"width\":1672,\"height\":454,\"caption\":\"Ag\u00eancia iNFRA\"},\"image\":{\"@id\":\"https:\/\/agenciainfra.com\/blog\/#\/schema\/logo\/image\/\"},\"sameAs\":[\"https:\/\/www.facebook.com\/ageninfra\",\"https:\/\/x.com\/agencia_infra\",\"https:\/\/www.linkedin.com\/company\/ag\u00eanciainfra\/\",\"https:\/\/www.instagram.com\/agenciainfra\/\"]},{\"@type\":\"Person\",\"@id\":\"https:\/\/agenciainfra.com\/blog\/#\/schema\/person\/34af08dff6adea4cb22b06612ba7acfa\",\"name\":\"Ag\u00eancia iNFRA\",\"image\":{\"@type\":\"ImageObject\",\"inLanguage\":\"pt-BR\",\"@id\":\"https:\/\/agenciainfra.com\/blog\/#\/schema\/person\/image\/\",\"url\":\"https:\/\/secure.gravatar.com\/avatar\/d189e01678f06d8eb84d4e01f08eb848b3fffe3f8443818d3c356c66892f5be8?s=96&d=mm&r=g\",\"contentUrl\":\"https:\/\/secure.gravatar.com\/avatar\/d189e01678f06d8eb84d4e01f08eb848b3fffe3f8443818d3c356c66892f5be8?s=96&d=mm&r=g\",\"caption\":\"Ag\u00eancia iNFRA\"},\"url\":\"https:\/\/agenciainfra.com\/blog\/author\/admin\/\"}]}<\/script>\n<!-- \/ Yoast SEO Premium plugin. -->","yoast_head_json":{"title":"Fluxo de ve\u00edculos pesados reverte queda e fecha setembro em alta - Ag\u00eancia iNFRA","robots":{"index":"index","follow":"follow","max-snippet":"max-snippet:-1","max-image-preview":"max-image-preview:large","max-video-preview":"max-video-preview:-1"},"canonical":"https:\/\/agenciainfra.com\/blog\/fluxo-de-veiculos-pesados-reverte-queda-e-fecha-setembro-em-alta\/","og_locale":"pt_BR","og_type":"article","og_title":"Fluxo de ve\u00edculos pesados reverte queda e fecha setembro em alta","og_description":"da Ag\u00eancia iNFRA O fluxo de ve\u00edculos pesados em setembro reverteu a queda registrada no m\u00eas anterior e apresentou crescimento de 1,7%, quando comparado com agosto. Os n\u00fameros s\u00e3o do \u00cdndice ABCR, que mede o fluxo pedagiado de ve\u00edculos nas estradas. O levantamento \u00e9 elaborado pela ABCR (Melhores Rodovias do Brasil) junto \u00e0 Tend\u00eancias Consultoria. [&hellip;]","og_url":"https:\/\/agenciainfra.com\/blog\/fluxo-de-veiculos-pesados-reverte-queda-e-fecha-setembro-em-alta\/","og_site_name":"Ag\u00eancia iNFRA","article_publisher":"https:\/\/www.facebook.com\/ageninfra","article_published_time":"2025-10-10T19:20:37+00:00","article_modified_time":"2025-10-10T19:22:15+00:00","og_image":[{"width":1000,"height":667,"url":"https:\/\/agenciainfra.com\/blog\/wp-content\/uploads\/2020\/04\/rodovia-caminhao-foto-governo-do-tocantins.jpg","type":"image\/jpeg"}],"author":"Ag\u00eancia iNFRA","twitter_card":"summary_large_image","twitter_creator":"@agencia_infra","twitter_site":"@agencia_infra","twitter_misc":{"Escrito por":"Ag\u00eancia iNFRA","Est. tempo de leitura":"2 minutos"},"schema":{"@context":"https:\/\/schema.org","@graph":[{"@type":"Article","@id":"https:\/\/agenciainfra.com\/blog\/fluxo-de-veiculos-pesados-reverte-queda-e-fecha-setembro-em-alta\/#article","isPartOf":{"@id":"https:\/\/agenciainfra.com\/blog\/fluxo-de-veiculos-pesados-reverte-queda-e-fecha-setembro-em-alta\/"},"author":{"name":"Ag\u00eancia iNFRA","@id":"https:\/\/agenciainfra.com\/blog\/#\/schema\/person\/34af08dff6adea4cb22b06612ba7acfa"},"headline":"Fluxo de ve\u00edculos pesados reverte queda e fecha setembro em alta","datePublished":"2025-10-10T19:20:37+00:00","dateModified":"2025-10-10T19:22:15+00:00","mainEntityOfPage":{"@id":"https:\/\/agenciainfra.com\/blog\/fluxo-de-veiculos-pesados-reverte-queda-e-fecha-setembro-em-alta\/"},"wordCount":377,"publisher":{"@id":"https:\/\/agenciainfra.com\/blog\/#organization"},"image":{"@id":"https:\/\/agenciainfra.com\/blog\/fluxo-de-veiculos-pesados-reverte-queda-e-fecha-setembro-em-alta\/#primaryimage"},"thumbnailUrl":"https:\/\/agenciainfra.com\/blog\/wp-content\/uploads\/2020\/04\/rodovia-caminhao-foto-governo-do-tocantins.jpg","keywords":["fluxo pedagiado de ve\u00edculos","\u00cdndice ABCR","Melhores Rodovias do Brasil","Tend\u00eancias Consultoria","ve\u00edculos leves","Ve\u00edculos pesados"],"articleSection":["Geral","Giro iNFRA"],"inLanguage":"pt-BR","copyrightYear":"2025","copyrightHolder":{"@id":"https:\/\/agenciainfra.com\/blog\/#organization"}},{"@type":"WebPage","@id":"https:\/\/agenciainfra.com\/blog\/fluxo-de-veiculos-pesados-reverte-queda-e-fecha-setembro-em-alta\/","url":"https:\/\/agenciainfra.com\/blog\/fluxo-de-veiculos-pesados-reverte-queda-e-fecha-setembro-em-alta\/","name":"Fluxo de ve\u00edculos pesados reverte queda e fecha setembro em alta - Ag\u00eancia iNFRA","isPartOf":{"@id":"https:\/\/agenciainfra.com\/blog\/#website"},"primaryImageOfPage":{"@id":"https:\/\/agenciainfra.com\/blog\/fluxo-de-veiculos-pesados-reverte-queda-e-fecha-setembro-em-alta\/#primaryimage"},"image":{"@id":"https:\/\/agenciainfra.com\/blog\/fluxo-de-veiculos-pesados-reverte-queda-e-fecha-setembro-em-alta\/#primaryimage"},"thumbnailUrl":"https:\/\/agenciainfra.com\/blog\/wp-content\/uploads\/2020\/04\/rodovia-caminhao-foto-governo-do-tocantins.jpg","datePublished":"2025-10-10T19:20:37+00:00","dateModified":"2025-10-10T19:22:15+00:00","breadcrumb":{"@id":"https:\/\/agenciainfra.com\/blog\/fluxo-de-veiculos-pesados-reverte-queda-e-fecha-setembro-em-alta\/#breadcrumb"},"inLanguage":"pt-BR","potentialAction":[{"@type":"ReadAction","target":["https:\/\/agenciainfra.com\/blog\/fluxo-de-veiculos-pesados-reverte-queda-e-fecha-setembro-em-alta\/"]}]},{"@type":"ImageObject","inLanguage":"pt-BR","@id":"https:\/\/agenciainfra.com\/blog\/fluxo-de-veiculos-pesados-reverte-queda-e-fecha-setembro-em-alta\/#primaryimage","url":"https:\/\/agenciainfra.com\/blog\/wp-content\/uploads\/2020\/04\/rodovia-caminhao-foto-governo-do-tocantins.jpg","contentUrl":"https:\/\/agenciainfra.com\/blog\/wp-content\/uploads\/2020\/04\/rodovia-caminhao-foto-governo-do-tocantins.jpg","width":1000,"height":667,"caption":"Foto: Governo do Tocantins"},{"@type":"BreadcrumbList","@id":"https:\/\/agenciainfra.com\/blog\/fluxo-de-veiculos-pesados-reverte-queda-e-fecha-setembro-em-alta\/#breadcrumb","itemListElement":[{"@type":"ListItem","position":1,"name":"In\u00edcio","item":"https:\/\/agenciainfra.com\/blog\/"},{"@type":"ListItem","position":2,"name":"Fluxo de ve\u00edculos pesados reverte queda e fecha setembro em alta"}]},{"@type":"WebSite","@id":"https:\/\/agenciainfra.com\/blog\/#website","url":"https:\/\/agenciainfra.com\/blog\/","name":"Ag\u00eancia iNFRA","description":"Multiplataforma de informa\u00e7\u00e3o jornal\u00edstica refer\u00eancia na \u00e1rea de infraestrutura no Brasil!","publisher":{"@id":"https:\/\/agenciainfra.com\/blog\/#organization"},"potentialAction":[{"@type":"SearchAction","target":{"@type":"EntryPoint","urlTemplate":"https:\/\/agenciainfra.com\/blog\/?s={search_term_string}"},"query-input":{"@type":"PropertyValueSpecification","valueRequired":true,"valueName":"search_term_string"}}],"inLanguage":"pt-BR"},{"@type":"Organization","@id":"https:\/\/agenciainfra.com\/blog\/#organization","name":"Ag\u00eancia iNFRA","url":"https:\/\/agenciainfra.com\/blog\/","logo":{"@type":"ImageObject","inLanguage":"pt-BR","@id":"https:\/\/agenciainfra.com\/blog\/#\/schema\/logo\/image\/","url":"https:\/\/agenciainfra.com\/blog\/wp-content\/uploads\/2023\/09\/iNFRA_5-e1761735885940.png","contentUrl":"https:\/\/agenciainfra.com\/blog\/wp-content\/uploads\/2023\/09\/iNFRA_5-e1761735885940.png","width":1672,"height":454,"caption":"Ag\u00eancia iNFRA"},"image":{"@id":"https:\/\/agenciainfra.com\/blog\/#\/schema\/logo\/image\/"},"sameAs":["https:\/\/www.facebook.com\/ageninfra","https:\/\/x.com\/agencia_infra","https:\/\/www.linkedin.com\/company\/ag\u00eanciainfra\/","https:\/\/www.instagram.com\/agenciainfra\/"]},{"@type":"Person","@id":"https:\/\/agenciainfra.com\/blog\/#\/schema\/person\/34af08dff6adea4cb22b06612ba7acfa","name":"Ag\u00eancia iNFRA","image":{"@type":"ImageObject","inLanguage":"pt-BR","@id":"https:\/\/agenciainfra.com\/blog\/#\/schema\/person\/image\/","url":"https:\/\/secure.gravatar.com\/avatar\/d189e01678f06d8eb84d4e01f08eb848b3fffe3f8443818d3c356c66892f5be8?s=96&d=mm&r=g","contentUrl":"https:\/\/secure.gravatar.com\/avatar\/d189e01678f06d8eb84d4e01f08eb848b3fffe3f8443818d3c356c66892f5be8?s=96&d=mm&r=g","caption":"Ag\u00eancia iNFRA"},"url":"https:\/\/agenciainfra.com\/blog\/author\/admin\/"}]}},"_links":{"self":[{"href":"https:\/\/agenciainfra.com\/blog\/wp-json\/wp\/v2\/posts\/29609","targetHints":{"allow":["GET"]}}],"collection":[{"href":"https:\/\/agenciainfra.com\/blog\/wp-json\/wp\/v2\/posts"}],"about":[{"href":"https:\/\/agenciainfra.com\/blog\/wp-json\/wp\/v2\/types\/post"}],"author":[{"embeddable":true,"href":"https:\/\/agenciainfra.com\/blog\/wp-json\/wp\/v2\/users\/1"}],"replies":[{"embeddable":true,"href":"https:\/\/agenciainfra.com\/blog\/wp-json\/wp\/v2\/comments?post=29609"}],"version-history":[{"count":1,"href":"https:\/\/agenciainfra.com\/blog\/wp-json\/wp\/v2\/posts\/29609\/revisions"}],"predecessor-version":[{"id":29612,"href":"https:\/\/agenciainfra.com\/blog\/wp-json\/wp\/v2\/posts\/29609\/revisions\/29612"}],"wp:featuredmedia":[{"embeddable":true,"href":"https:\/\/agenciainfra.com\/blog\/wp-json\/wp\/v2\/media\/4717"}],"wp:attachment":[{"href":"https:\/\/agenciainfra.com\/blog\/wp-json\/wp\/v2\/media?parent=29609"}],"wp:term":[{"taxonomy":"category","embeddable":true,"href":"https:\/\/agenciainfra.com\/blog\/wp-json\/wp\/v2\/categories?post=29609"},{"taxonomy":"post_tag","embeddable":true,"href":"https:\/\/agenciainfra.com\/blog\/wp-json\/wp\/v2\/tags?post=29609"}],"curies":[{"name":"wp","href":"https:\/\/api.w.org\/{rel}","templated":true}]}}