{"id":29618,"date":"2025-10-10T18:14:43","date_gmt":"2025-10-10T21:14:43","guid":{"rendered":"https:\/\/agenciainfra.com\/blog\/?p=29618"},"modified":"2025-10-10T18:14:45","modified_gmt":"2025-10-10T21:14:45","slug":"terminal-no-porto-do-rio-que-vai-a-leilao-neste-mes-visa-modernizacao","status":"publish","type":"post","link":"https:\/\/agenciainfra.com\/blog\/terminal-no-porto-do-rio-que-vai-a-leilao-neste-mes-visa-modernizacao\/","title":{"rendered":"Terminal no Porto do Rio que vai a leil\u00e3o neste m\u00eas visa moderniza\u00e7\u00e3o"},"content":{"rendered":"\n<p class=\"has-text-align-right\"><strong>da Ag\u00eancia iNFRA<\/strong><\/p>\n\n\n\n<p>Um conjunto de a\u00e7\u00f5es com a finalidade de modernizar a infraestrutura e aumentar a capacidade operacional do terminal portu\u00e1rio RDJ07, no Porto do Rio de Janeiro (RJ), faz parte do plano de investimentos previstos no projeto que vai a leil\u00e3o neste m\u00eas, dentro do segundo bloco de leil\u00f5es portu\u00e1rios promovidos pelo Minist\u00e9rio de Portos e Aeroportos.<\/p>\n\n\n\n<p>O leil\u00e3o \u00e9 esperado para 22 de outubro, na B3, em S\u00e3o Paulo (SP), e prev\u00ea investimentos de R$ 1,3 bilh\u00e3o para os tr\u00eas ativos que ser\u00e3o disputados. Al\u00e9m do RDJ07, integram o certame o canal de acesso aos portos de Paranagu\u00e1 e Antonina, e o TMP Macei\u00f3.<\/p>\n\n\n\n<p>A \u00e1rea a ser arrendada tem 56.832 m2 e \u00e9 destinada \u00e0 movimenta\u00e7\u00e3o de cargas de apoio log\u00edstico offshore, destinadas \u00e0s atividades de explora\u00e7\u00e3o e produ\u00e7\u00e3o de petr\u00f3leo e g\u00e1s natural. \u00c9 previsto investimento de R$ 99,4 milh\u00f5es em um contrato de 25 anos.<\/p>\n\n\n\n<p>O plano para o terminal inclui a demoli\u00e7\u00e3o de estruturas antigas e a constru\u00e7\u00e3o de um novo galp\u00e3o, com \u00e1rea m\u00ednima de 3.500 m2, segundo informou o minist\u00e9rio em nota. Tamb\u00e9m est\u00e3o contempladas a implanta\u00e7\u00e3o de \u00e1reas administrativas e operacionais, portarias e cercamento, e melhorias nas vias internas de acesso.<\/p>\n\n\n\n<p>De acordo com a pasta, &#8220;entre os investimentos previstos est\u00e3o a aquisi\u00e7\u00e3o de equipamentos de grande porte, como seis guindastes, dez empilhadeiras e vinte carretas, al\u00e9m da instala\u00e7\u00e3o de um novo sistema de combate a inc\u00eandio e de uma subesta\u00e7\u00e3o el\u00e9trica&#8221;.<\/p>\n","protected":false},"excerpt":{"rendered":"<p>da Ag\u00eancia iNFRA Um conjunto de a\u00e7\u00f5es com a finalidade de modernizar a infraestrutura e aumentar a capacidade operacional do terminal portu\u00e1rio RDJ07, no Porto do Rio de Janeiro (RJ), faz parte do plano de investimentos previstos no projeto que vai a leil\u00e3o neste m\u00eas, dentro do segundo bloco de leil\u00f5es portu\u00e1rios promovidos pelo Minist\u00e9rio [&hellip;]<\/p>\n","protected":false},"author":1,"featured_media":29627,"comment_status":"closed","ping_status":"closed","sticky":false,"template":"","format":"standard","meta":{"_monsterinsights_skip_tracking":false,"_monsterinsights_sitenote_active":false,"_monsterinsights_sitenote_note":"","_monsterinsights_sitenote_category":0,"footnotes":""},"categories":[1,13576],"tags":[4754,6257,2248,8772,5455],"class_list":["post-29618","post","type-post","status-publish","format-standard","has-post-thumbnail","hentry","category-geral","category-giro-infra","tag-leilao-portuario","tag-ministerio-de-portos-e-aeroportos","tag-porto-do-rio-de-janeiro","tag-rdj07","tag-terminal-portuario-2"],"yoast_head":"<!-- This site is optimized with the Yoast SEO Premium plugin v25.4 (Yoast SEO v26.0) - https:\/\/yoast.com\/wordpress\/plugins\/seo\/ -->\n<title>Terminal no Porto do Rio que vai a leil\u00e3o neste m\u00eas visa moderniza\u00e7\u00e3o - Ag\u00eancia iNFRA<\/title>\n<meta name=\"robots\" content=\"index, follow, max-snippet:-1, max-image-preview:large, max-video-preview:-1\" \/>\n<link rel=\"canonical\" href=\"https:\/\/agenciainfra.com\/blog\/terminal-no-porto-do-rio-que-vai-a-leilao-neste-mes-visa-modernizacao\/\" \/>\n<meta property=\"og:locale\" content=\"pt_BR\" \/>\n<meta property=\"og:type\" content=\"article\" \/>\n<meta property=\"og:title\" content=\"Terminal no Porto do Rio que vai a leil\u00e3o neste m\u00eas visa moderniza\u00e7\u00e3o\" \/>\n<meta property=\"og:description\" content=\"da Ag\u00eancia iNFRA Um conjunto de a\u00e7\u00f5es com a finalidade de modernizar a infraestrutura e aumentar a capacidade operacional do terminal portu\u00e1rio RDJ07, no Porto do Rio de Janeiro (RJ), faz parte do plano de investimentos previstos no projeto que vai a leil\u00e3o neste m\u00eas, dentro do segundo bloco de leil\u00f5es portu\u00e1rios promovidos pelo Minist\u00e9rio [&hellip;]\" \/>\n<meta property=\"og:url\" content=\"https:\/\/agenciainfra.com\/blog\/terminal-no-porto-do-rio-que-vai-a-leilao-neste-mes-visa-modernizacao\/\" \/>\n<meta property=\"og:site_name\" content=\"Ag\u00eancia iNFRA\" \/>\n<meta property=\"article:publisher\" content=\"https:\/\/www.facebook.com\/ageninfra\" \/>\n<meta property=\"article:published_time\" content=\"2025-10-10T21:14:43+00:00\" \/>\n<meta property=\"article:modified_time\" content=\"2025-10-10T21:14:45+00:00\" \/>\n<meta property=\"og:image\" content=\"https:\/\/agenciainfra.com\/blog\/wp-content\/uploads\/2025\/10\/porto-do-rio-de-janeiro-foto-antaq.jpg\" \/>\n\t<meta property=\"og:image:width\" content=\"1280\" \/>\n\t<meta property=\"og:image:height\" content=\"719\" \/>\n\t<meta property=\"og:image:type\" content=\"image\/jpeg\" \/>\n<meta name=\"author\" content=\"Ag\u00eancia iNFRA\" \/>\n<meta name=\"twitter:card\" content=\"summary_large_image\" \/>\n<meta name=\"twitter:creator\" content=\"@agencia_infra\" \/>\n<meta name=\"twitter:site\" content=\"@agencia_infra\" \/>\n<meta name=\"twitter:label1\" content=\"Escrito por\" \/>\n\t<meta name=\"twitter:data1\" content=\"Ag\u00eancia iNFRA\" \/>\n\t<meta name=\"twitter:label2\" content=\"Est. tempo de leitura\" \/>\n\t<meta name=\"twitter:data2\" content=\"1 minuto\" \/>\n<script type=\"application\/ld+json\" class=\"yoast-schema-graph\">{\"@context\":\"https:\/\/schema.org\",\"@graph\":[{\"@type\":\"Article\",\"@id\":\"https:\/\/agenciainfra.com\/blog\/terminal-no-porto-do-rio-que-vai-a-leilao-neste-mes-visa-modernizacao\/#article\",\"isPartOf\":{\"@id\":\"https:\/\/agenciainfra.com\/blog\/terminal-no-porto-do-rio-que-vai-a-leilao-neste-mes-visa-modernizacao\/\"},\"author\":{\"name\":\"Ag\u00eancia iNFRA\",\"@id\":\"https:\/\/agenciainfra.com\/blog\/#\/schema\/person\/34af08dff6adea4cb22b06612ba7acfa\"},\"headline\":\"Terminal no Porto do Rio que vai a leil\u00e3o neste m\u00eas visa moderniza\u00e7\u00e3o\",\"datePublished\":\"2025-10-10T21:14:43+00:00\",\"dateModified\":\"2025-10-10T21:14:45+00:00\",\"mainEntityOfPage\":{\"@id\":\"https:\/\/agenciainfra.com\/blog\/terminal-no-porto-do-rio-que-vai-a-leilao-neste-mes-visa-modernizacao\/\"},\"wordCount\":284,\"publisher\":{\"@id\":\"https:\/\/agenciainfra.com\/blog\/#organization\"},\"image\":{\"@id\":\"https:\/\/agenciainfra.com\/blog\/terminal-no-porto-do-rio-que-vai-a-leilao-neste-mes-visa-modernizacao\/#primaryimage\"},\"thumbnailUrl\":\"https:\/\/agenciainfra.com\/blog\/wp-content\/uploads\/2025\/10\/porto-do-rio-de-janeiro-foto-antaq.jpg\",\"keywords\":[\"leil\u00e3o portu\u00e1rio\",\"Minist\u00e9rio de Portos e Aeroportos\",\"Porto do Rio de Janeiro\",\"RDJ07\",\"terminal portu\u00e1rio\"],\"articleSection\":[\"Geral\",\"Giro iNFRA\"],\"inLanguage\":\"pt-BR\",\"copyrightYear\":\"2025\",\"copyrightHolder\":{\"@id\":\"https:\/\/agenciainfra.com\/blog\/#organization\"}},{\"@type\":\"WebPage\",\"@id\":\"https:\/\/agenciainfra.com\/blog\/terminal-no-porto-do-rio-que-vai-a-leilao-neste-mes-visa-modernizacao\/\",\"url\":\"https:\/\/agenciainfra.com\/blog\/terminal-no-porto-do-rio-que-vai-a-leilao-neste-mes-visa-modernizacao\/\",\"name\":\"Terminal no Porto do Rio que vai a leil\u00e3o neste m\u00eas visa moderniza\u00e7\u00e3o - Ag\u00eancia iNFRA\",\"isPartOf\":{\"@id\":\"https:\/\/agenciainfra.com\/blog\/#website\"},\"primaryImageOfPage\":{\"@id\":\"https:\/\/agenciainfra.com\/blog\/terminal-no-porto-do-rio-que-vai-a-leilao-neste-mes-visa-modernizacao\/#primaryimage\"},\"image\":{\"@id\":\"https:\/\/agenciainfra.com\/blog\/terminal-no-porto-do-rio-que-vai-a-leilao-neste-mes-visa-modernizacao\/#primaryimage\"},\"thumbnailUrl\":\"https:\/\/agenciainfra.com\/blog\/wp-content\/uploads\/2025\/10\/porto-do-rio-de-janeiro-foto-antaq.jpg\",\"datePublished\":\"2025-10-10T21:14:43+00:00\",\"dateModified\":\"2025-10-10T21:14:45+00:00\",\"breadcrumb\":{\"@id\":\"https:\/\/agenciainfra.com\/blog\/terminal-no-porto-do-rio-que-vai-a-leilao-neste-mes-visa-modernizacao\/#breadcrumb\"},\"inLanguage\":\"pt-BR\",\"potentialAction\":[{\"@type\":\"ReadAction\",\"target\":[\"https:\/\/agenciainfra.com\/blog\/terminal-no-porto-do-rio-que-vai-a-leilao-neste-mes-visa-modernizacao\/\"]}]},{\"@type\":\"ImageObject\",\"inLanguage\":\"pt-BR\",\"@id\":\"https:\/\/agenciainfra.com\/blog\/terminal-no-porto-do-rio-que-vai-a-leilao-neste-mes-visa-modernizacao\/#primaryimage\",\"url\":\"https:\/\/agenciainfra.com\/blog\/wp-content\/uploads\/2025\/10\/porto-do-rio-de-janeiro-foto-antaq.jpg\",\"contentUrl\":\"https:\/\/agenciainfra.com\/blog\/wp-content\/uploads\/2025\/10\/porto-do-rio-de-janeiro-foto-antaq.jpg\",\"width\":1280,\"height\":719,\"caption\":\"Foto: ANTAQ\"},{\"@type\":\"BreadcrumbList\",\"@id\":\"https:\/\/agenciainfra.com\/blog\/terminal-no-porto-do-rio-que-vai-a-leilao-neste-mes-visa-modernizacao\/#breadcrumb\",\"itemListElement\":[{\"@type\":\"ListItem\",\"position\":1,\"name\":\"In\u00edcio\",\"item\":\"https:\/\/agenciainfra.com\/blog\/\"},{\"@type\":\"ListItem\",\"position\":2,\"name\":\"Terminal no Porto do Rio que vai a leil\u00e3o neste m\u00eas visa moderniza\u00e7\u00e3o\"}]},{\"@type\":\"WebSite\",\"@id\":\"https:\/\/agenciainfra.com\/blog\/#website\",\"url\":\"https:\/\/agenciainfra.com\/blog\/\",\"name\":\"Ag\u00eancia iNFRA\",\"description\":\"Multiplataforma de informa\u00e7\u00e3o jornal\u00edstica refer\u00eancia na \u00e1rea de infraestrutura no Brasil!\",\"publisher\":{\"@id\":\"https:\/\/agenciainfra.com\/blog\/#organization\"},\"potentialAction\":[{\"@type\":\"SearchAction\",\"target\":{\"@type\":\"EntryPoint\",\"urlTemplate\":\"https:\/\/agenciainfra.com\/blog\/?s={search_term_string}\"},\"query-input\":{\"@type\":\"PropertyValueSpecification\",\"valueRequired\":true,\"valueName\":\"search_term_string\"}}],\"inLanguage\":\"pt-BR\"},{\"@type\":\"Organization\",\"@id\":\"https:\/\/agenciainfra.com\/blog\/#organization\",\"name\":\"Ag\u00eancia iNFRA\",\"url\":\"https:\/\/agenciainfra.com\/blog\/\",\"logo\":{\"@type\":\"ImageObject\",\"inLanguage\":\"pt-BR\",\"@id\":\"https:\/\/agenciainfra.com\/blog\/#\/schema\/logo\/image\/\",\"url\":\"https:\/\/agenciainfra.com\/blog\/wp-content\/uploads\/2023\/09\/iNFRA_5-e1761735885940.png\",\"contentUrl\":\"https:\/\/agenciainfra.com\/blog\/wp-content\/uploads\/2023\/09\/iNFRA_5-e1761735885940.png\",\"width\":1672,\"height\":454,\"caption\":\"Ag\u00eancia iNFRA\"},\"image\":{\"@id\":\"https:\/\/agenciainfra.com\/blog\/#\/schema\/logo\/image\/\"},\"sameAs\":[\"https:\/\/www.facebook.com\/ageninfra\",\"https:\/\/x.com\/agencia_infra\",\"https:\/\/www.linkedin.com\/company\/ag\u00eanciainfra\/\",\"https:\/\/www.instagram.com\/agenciainfra\/\"]},{\"@type\":\"Person\",\"@id\":\"https:\/\/agenciainfra.com\/blog\/#\/schema\/person\/34af08dff6adea4cb22b06612ba7acfa\",\"name\":\"Ag\u00eancia iNFRA\",\"image\":{\"@type\":\"ImageObject\",\"inLanguage\":\"pt-BR\",\"@id\":\"https:\/\/agenciainfra.com\/blog\/#\/schema\/person\/image\/\",\"url\":\"https:\/\/secure.gravatar.com\/avatar\/d189e01678f06d8eb84d4e01f08eb848b3fffe3f8443818d3c356c66892f5be8?s=96&d=mm&r=g\",\"contentUrl\":\"https:\/\/secure.gravatar.com\/avatar\/d189e01678f06d8eb84d4e01f08eb848b3fffe3f8443818d3c356c66892f5be8?s=96&d=mm&r=g\",\"caption\":\"Ag\u00eancia iNFRA\"},\"url\":\"https:\/\/agenciainfra.com\/blog\/author\/admin\/\"}]}<\/script>\n<!-- \/ Yoast SEO Premium plugin. -->","yoast_head_json":{"title":"Terminal no Porto do Rio que vai a leil\u00e3o neste m\u00eas visa moderniza\u00e7\u00e3o - Ag\u00eancia iNFRA","robots":{"index":"index","follow":"follow","max-snippet":"max-snippet:-1","max-image-preview":"max-image-preview:large","max-video-preview":"max-video-preview:-1"},"canonical":"https:\/\/agenciainfra.com\/blog\/terminal-no-porto-do-rio-que-vai-a-leilao-neste-mes-visa-modernizacao\/","og_locale":"pt_BR","og_type":"article","og_title":"Terminal no Porto do Rio que vai a leil\u00e3o neste m\u00eas visa moderniza\u00e7\u00e3o","og_description":"da Ag\u00eancia iNFRA Um conjunto de a\u00e7\u00f5es com a finalidade de modernizar a infraestrutura e aumentar a capacidade operacional do terminal portu\u00e1rio RDJ07, no Porto do Rio de Janeiro (RJ), faz parte do plano de investimentos previstos no projeto que vai a leil\u00e3o neste m\u00eas, dentro do segundo bloco de leil\u00f5es portu\u00e1rios promovidos pelo Minist\u00e9rio [&hellip;]","og_url":"https:\/\/agenciainfra.com\/blog\/terminal-no-porto-do-rio-que-vai-a-leilao-neste-mes-visa-modernizacao\/","og_site_name":"Ag\u00eancia iNFRA","article_publisher":"https:\/\/www.facebook.com\/ageninfra","article_published_time":"2025-10-10T21:14:43+00:00","article_modified_time":"2025-10-10T21:14:45+00:00","og_image":[{"width":1280,"height":719,"url":"https:\/\/agenciainfra.com\/blog\/wp-content\/uploads\/2025\/10\/porto-do-rio-de-janeiro-foto-antaq.jpg","type":"image\/jpeg"}],"author":"Ag\u00eancia iNFRA","twitter_card":"summary_large_image","twitter_creator":"@agencia_infra","twitter_site":"@agencia_infra","twitter_misc":{"Escrito por":"Ag\u00eancia iNFRA","Est. tempo de leitura":"1 minuto"},"schema":{"@context":"https:\/\/schema.org","@graph":[{"@type":"Article","@id":"https:\/\/agenciainfra.com\/blog\/terminal-no-porto-do-rio-que-vai-a-leilao-neste-mes-visa-modernizacao\/#article","isPartOf":{"@id":"https:\/\/agenciainfra.com\/blog\/terminal-no-porto-do-rio-que-vai-a-leilao-neste-mes-visa-modernizacao\/"},"author":{"name":"Ag\u00eancia iNFRA","@id":"https:\/\/agenciainfra.com\/blog\/#\/schema\/person\/34af08dff6adea4cb22b06612ba7acfa"},"headline":"Terminal no Porto do Rio que vai a leil\u00e3o neste m\u00eas visa moderniza\u00e7\u00e3o","datePublished":"2025-10-10T21:14:43+00:00","dateModified":"2025-10-10T21:14:45+00:00","mainEntityOfPage":{"@id":"https:\/\/agenciainfra.com\/blog\/terminal-no-porto-do-rio-que-vai-a-leilao-neste-mes-visa-modernizacao\/"},"wordCount":284,"publisher":{"@id":"https:\/\/agenciainfra.com\/blog\/#organization"},"image":{"@id":"https:\/\/agenciainfra.com\/blog\/terminal-no-porto-do-rio-que-vai-a-leilao-neste-mes-visa-modernizacao\/#primaryimage"},"thumbnailUrl":"https:\/\/agenciainfra.com\/blog\/wp-content\/uploads\/2025\/10\/porto-do-rio-de-janeiro-foto-antaq.jpg","keywords":["leil\u00e3o portu\u00e1rio","Minist\u00e9rio de Portos e Aeroportos","Porto do Rio de Janeiro","RDJ07","terminal portu\u00e1rio"],"articleSection":["Geral","Giro iNFRA"],"inLanguage":"pt-BR","copyrightYear":"2025","copyrightHolder":{"@id":"https:\/\/agenciainfra.com\/blog\/#organization"}},{"@type":"WebPage","@id":"https:\/\/agenciainfra.com\/blog\/terminal-no-porto-do-rio-que-vai-a-leilao-neste-mes-visa-modernizacao\/","url":"https:\/\/agenciainfra.com\/blog\/terminal-no-porto-do-rio-que-vai-a-leilao-neste-mes-visa-modernizacao\/","name":"Terminal no Porto do Rio que vai a leil\u00e3o neste m\u00eas visa moderniza\u00e7\u00e3o - Ag\u00eancia iNFRA","isPartOf":{"@id":"https:\/\/agenciainfra.com\/blog\/#website"},"primaryImageOfPage":{"@id":"https:\/\/agenciainfra.com\/blog\/terminal-no-porto-do-rio-que-vai-a-leilao-neste-mes-visa-modernizacao\/#primaryimage"},"image":{"@id":"https:\/\/agenciainfra.com\/blog\/terminal-no-porto-do-rio-que-vai-a-leilao-neste-mes-visa-modernizacao\/#primaryimage"},"thumbnailUrl":"https:\/\/agenciainfra.com\/blog\/wp-content\/uploads\/2025\/10\/porto-do-rio-de-janeiro-foto-antaq.jpg","datePublished":"2025-10-10T21:14:43+00:00","dateModified":"2025-10-10T21:14:45+00:00","breadcrumb":{"@id":"https:\/\/agenciainfra.com\/blog\/terminal-no-porto-do-rio-que-vai-a-leilao-neste-mes-visa-modernizacao\/#breadcrumb"},"inLanguage":"pt-BR","potentialAction":[{"@type":"ReadAction","target":["https:\/\/agenciainfra.com\/blog\/terminal-no-porto-do-rio-que-vai-a-leilao-neste-mes-visa-modernizacao\/"]}]},{"@type":"ImageObject","inLanguage":"pt-BR","@id":"https:\/\/agenciainfra.com\/blog\/terminal-no-porto-do-rio-que-vai-a-leilao-neste-mes-visa-modernizacao\/#primaryimage","url":"https:\/\/agenciainfra.com\/blog\/wp-content\/uploads\/2025\/10\/porto-do-rio-de-janeiro-foto-antaq.jpg","contentUrl":"https:\/\/agenciainfra.com\/blog\/wp-content\/uploads\/2025\/10\/porto-do-rio-de-janeiro-foto-antaq.jpg","width":1280,"height":719,"caption":"Foto: ANTAQ"},{"@type":"BreadcrumbList","@id":"https:\/\/agenciainfra.com\/blog\/terminal-no-porto-do-rio-que-vai-a-leilao-neste-mes-visa-modernizacao\/#breadcrumb","itemListElement":[{"@type":"ListItem","position":1,"name":"In\u00edcio","item":"https:\/\/agenciainfra.com\/blog\/"},{"@type":"ListItem","position":2,"name":"Terminal no Porto do Rio que vai a leil\u00e3o neste m\u00eas visa moderniza\u00e7\u00e3o"}]},{"@type":"WebSite","@id":"https:\/\/agenciainfra.com\/blog\/#website","url":"https:\/\/agenciainfra.com\/blog\/","name":"Ag\u00eancia iNFRA","description":"Multiplataforma de informa\u00e7\u00e3o jornal\u00edstica refer\u00eancia na \u00e1rea de infraestrutura no Brasil!","publisher":{"@id":"https:\/\/agenciainfra.com\/blog\/#organization"},"potentialAction":[{"@type":"SearchAction","target":{"@type":"EntryPoint","urlTemplate":"https:\/\/agenciainfra.com\/blog\/?s={search_term_string}"},"query-input":{"@type":"PropertyValueSpecification","valueRequired":true,"valueName":"search_term_string"}}],"inLanguage":"pt-BR"},{"@type":"Organization","@id":"https:\/\/agenciainfra.com\/blog\/#organization","name":"Ag\u00eancia iNFRA","url":"https:\/\/agenciainfra.com\/blog\/","logo":{"@type":"ImageObject","inLanguage":"pt-BR","@id":"https:\/\/agenciainfra.com\/blog\/#\/schema\/logo\/image\/","url":"https:\/\/agenciainfra.com\/blog\/wp-content\/uploads\/2023\/09\/iNFRA_5-e1761735885940.png","contentUrl":"https:\/\/agenciainfra.com\/blog\/wp-content\/uploads\/2023\/09\/iNFRA_5-e1761735885940.png","width":1672,"height":454,"caption":"Ag\u00eancia iNFRA"},"image":{"@id":"https:\/\/agenciainfra.com\/blog\/#\/schema\/logo\/image\/"},"sameAs":["https:\/\/www.facebook.com\/ageninfra","https:\/\/x.com\/agencia_infra","https:\/\/www.linkedin.com\/company\/ag\u00eanciainfra\/","https:\/\/www.instagram.com\/agenciainfra\/"]},{"@type":"Person","@id":"https:\/\/agenciainfra.com\/blog\/#\/schema\/person\/34af08dff6adea4cb22b06612ba7acfa","name":"Ag\u00eancia iNFRA","image":{"@type":"ImageObject","inLanguage":"pt-BR","@id":"https:\/\/agenciainfra.com\/blog\/#\/schema\/person\/image\/","url":"https:\/\/secure.gravatar.com\/avatar\/d189e01678f06d8eb84d4e01f08eb848b3fffe3f8443818d3c356c66892f5be8?s=96&d=mm&r=g","contentUrl":"https:\/\/secure.gravatar.com\/avatar\/d189e01678f06d8eb84d4e01f08eb848b3fffe3f8443818d3c356c66892f5be8?s=96&d=mm&r=g","caption":"Ag\u00eancia iNFRA"},"url":"https:\/\/agenciainfra.com\/blog\/author\/admin\/"}]}},"_links":{"self":[{"href":"https:\/\/agenciainfra.com\/blog\/wp-json\/wp\/v2\/posts\/29618","targetHints":{"allow":["GET"]}}],"collection":[{"href":"https:\/\/agenciainfra.com\/blog\/wp-json\/wp\/v2\/posts"}],"about":[{"href":"https:\/\/agenciainfra.com\/blog\/wp-json\/wp\/v2\/types\/post"}],"author":[{"embeddable":true,"href":"https:\/\/agenciainfra.com\/blog\/wp-json\/wp\/v2\/users\/1"}],"replies":[{"embeddable":true,"href":"https:\/\/agenciainfra.com\/blog\/wp-json\/wp\/v2\/comments?post=29618"}],"version-history":[{"count":1,"href":"https:\/\/agenciainfra.com\/blog\/wp-json\/wp\/v2\/posts\/29618\/revisions"}],"predecessor-version":[{"id":29628,"href":"https:\/\/agenciainfra.com\/blog\/wp-json\/wp\/v2\/posts\/29618\/revisions\/29628"}],"wp:featuredmedia":[{"embeddable":true,"href":"https:\/\/agenciainfra.com\/blog\/wp-json\/wp\/v2\/media\/29627"}],"wp:attachment":[{"href":"https:\/\/agenciainfra.com\/blog\/wp-json\/wp\/v2\/media?parent=29618"}],"wp:term":[{"taxonomy":"category","embeddable":true,"href":"https:\/\/agenciainfra.com\/blog\/wp-json\/wp\/v2\/categories?post=29618"},{"taxonomy":"post_tag","embeddable":true,"href":"https:\/\/agenciainfra.com\/blog\/wp-json\/wp\/v2\/tags?post=29618"}],"curies":[{"name":"wp","href":"https:\/\/api.w.org\/{rel}","templated":true}]}}