{"id":29619,"date":"2025-10-10T18:27:00","date_gmt":"2025-10-10T21:27:00","guid":{"rendered":"https:\/\/agenciainfra.com\/blog\/?p=29619"},"modified":"2025-10-10T18:27:01","modified_gmt":"2025-10-10T21:27:01","slug":"brasil-adiciona-14-gw-a-matriz-eletrica-em-setembro-com-fontes-renovaveis","status":"publish","type":"post","link":"https:\/\/agenciainfra.com\/blog\/brasil-adiciona-14-gw-a-matriz-eletrica-em-setembro-com-fontes-renovaveis\/","title":{"rendered":"Brasil adiciona 1,4 GW \u00e0 matriz el\u00e9trica em setembro, com fontes renov\u00e1veis"},"content":{"rendered":"\n<p class=\"has-text-align-right\"><strong>da Ag\u00eancia iNFRA<\/strong><\/p>\n\n\n\n<p>O Brasil ampliou em 1,4 gigawatt a oferta de energia el\u00e9trica em setembro, segundo a ANEEL (Ag\u00eancia Nacional de Energia El\u00e9trica). Todas as 27 usinas que entraram em opera\u00e7\u00e3o no m\u00eas s\u00e3o de fontes renov\u00e1veis: 17 solares (934,7 MW), oito e\u00f3licas (391,5 MW), uma hidrel\u00e9trica (50 MW) e uma pequena central hidrel\u00e9trica (24 MW).<\/p>\n\n\n\n<p>Com o resultado, a expans\u00e3o total de 2025 chega a 5,9 GW, distribu\u00eddos entre 97 novas usinas \u2014 incluindo 12 termel\u00e9tricas (2.468 MW), 35 solares (1.718 MW), 37 e\u00f3licas (1.506 MW) e nove pequenas centrais hidrel\u00e9tricas (171 MW).<\/p>\n\n\n\n<p>As novas unidades est\u00e3o espalhadas por 17 estados. Em setembro, o Cear\u00e1 liderou a expans\u00e3o (515,9 MW), seguido pelo Rio Grande do Norte (373,8 MW). No acumulado do ano, os destaques s\u00e3o Rio de Janeiro (1.672,6 MW), Bahia (980,2 MW) e Rio Grande do Norte (657,3 MW).<\/p>\n\n\n\n<p>Com as novas adi\u00e7\u00f5es, a capacidade total de gera\u00e7\u00e3o el\u00e9trica do pa\u00eds atingiu 214,7 GW, dos quais 84,4% v\u00eam de fontes renov\u00e1veis, segundo o Sistema de Informa\u00e7\u00f5es de Gera\u00e7\u00e3o da ANEEL.<\/p>\n\n\n\n<p><\/p>\n","protected":false},"excerpt":{"rendered":"<p>da Ag\u00eancia iNFRA O Brasil ampliou em 1,4 gigawatt a oferta de energia el\u00e9trica em setembro, segundo a ANEEL (Ag\u00eancia Nacional de Energia El\u00e9trica). Todas as 27 usinas que entraram em opera\u00e7\u00e3o no m\u00eas s\u00e3o de fontes renov\u00e1veis: 17 solares (934,7 MW), oito e\u00f3licas (391,5 MW), uma hidrel\u00e9trica (50 MW) e uma pequena central hidrel\u00e9trica [&hellip;]<\/p>\n","protected":false},"author":1,"featured_media":25355,"comment_status":"closed","ping_status":"closed","sticky":false,"template":"","format":"standard","meta":{"_monsterinsights_skip_tracking":false,"_monsterinsights_sitenote_active":false,"_monsterinsights_sitenote_note":"","_monsterinsights_sitenote_category":0,"footnotes":""},"categories":[1,13576],"tags":[53,282,602,16025,2649,850,637,3418,475,3553,1573],"class_list":["post-29619","post","type-post","status-publish","format-standard","has-post-thumbnail","hentry","category-geral","category-giro-infra","tag-aneel","tag-energia-eletrica","tag-eolica","tag-expansao-energetica","tag-fontes-renovaveis","tag-geracao-distribuida","tag-hidreletrica","tag-matriz-eletrica","tag-pch","tag-solar","tag-sustentabilidade"],"yoast_head":"<!-- This site is optimized with the Yoast SEO Premium plugin v25.4 (Yoast SEO v26.0) - https:\/\/yoast.com\/wordpress\/plugins\/seo\/ -->\n<title>Brasil adiciona 1,4 GW \u00e0 matriz el\u00e9trica em setembro, com fontes renov\u00e1veis - Ag\u00eancia iNFRA<\/title>\n<meta name=\"robots\" content=\"index, follow, max-snippet:-1, max-image-preview:large, max-video-preview:-1\" \/>\n<link rel=\"canonical\" href=\"https:\/\/agenciainfra.com\/blog\/brasil-adiciona-14-gw-a-matriz-eletrica-em-setembro-com-fontes-renovaveis\/\" \/>\n<meta property=\"og:locale\" content=\"pt_BR\" \/>\n<meta property=\"og:type\" content=\"article\" \/>\n<meta property=\"og:title\" content=\"Brasil adiciona 1,4 GW \u00e0 matriz el\u00e9trica em setembro, com fontes renov\u00e1veis\" \/>\n<meta property=\"og:description\" content=\"da Ag\u00eancia iNFRA O Brasil ampliou em 1,4 gigawatt a oferta de energia el\u00e9trica em setembro, segundo a ANEEL (Ag\u00eancia Nacional de Energia El\u00e9trica). Todas as 27 usinas que entraram em opera\u00e7\u00e3o no m\u00eas s\u00e3o de fontes renov\u00e1veis: 17 solares (934,7 MW), oito e\u00f3licas (391,5 MW), uma hidrel\u00e9trica (50 MW) e uma pequena central hidrel\u00e9trica [&hellip;]\" \/>\n<meta property=\"og:url\" content=\"https:\/\/agenciainfra.com\/blog\/brasil-adiciona-14-gw-a-matriz-eletrica-em-setembro-com-fontes-renovaveis\/\" \/>\n<meta property=\"og:site_name\" content=\"Ag\u00eancia iNFRA\" \/>\n<meta property=\"article:publisher\" content=\"https:\/\/www.facebook.com\/ageninfra\" \/>\n<meta property=\"article:published_time\" content=\"2025-10-10T21:27:00+00:00\" \/>\n<meta property=\"article:modified_time\" content=\"2025-10-10T21:27:01+00:00\" \/>\n<meta property=\"og:image\" content=\"https:\/\/agenciainfra.com\/blog\/wp-content\/uploads\/2025\/07\/foto-AurenEnergia-divulgacao.jpg\" \/>\n\t<meta property=\"og:image:width\" content=\"1200\" \/>\n\t<meta property=\"og:image:height\" content=\"900\" \/>\n\t<meta property=\"og:image:type\" content=\"image\/jpeg\" \/>\n<meta name=\"author\" content=\"Ag\u00eancia iNFRA\" \/>\n<meta name=\"twitter:card\" content=\"summary_large_image\" \/>\n<meta name=\"twitter:creator\" content=\"@agencia_infra\" \/>\n<meta name=\"twitter:site\" content=\"@agencia_infra\" \/>\n<meta name=\"twitter:label1\" content=\"Escrito por\" \/>\n\t<meta name=\"twitter:data1\" content=\"Ag\u00eancia iNFRA\" \/>\n\t<meta name=\"twitter:label2\" content=\"Est. tempo de leitura\" \/>\n\t<meta name=\"twitter:data2\" content=\"1 minuto\" \/>\n<script type=\"application\/ld+json\" class=\"yoast-schema-graph\">{\"@context\":\"https:\/\/schema.org\",\"@graph\":[{\"@type\":\"Article\",\"@id\":\"https:\/\/agenciainfra.com\/blog\/brasil-adiciona-14-gw-a-matriz-eletrica-em-setembro-com-fontes-renovaveis\/#article\",\"isPartOf\":{\"@id\":\"https:\/\/agenciainfra.com\/blog\/brasil-adiciona-14-gw-a-matriz-eletrica-em-setembro-com-fontes-renovaveis\/\"},\"author\":{\"name\":\"Ag\u00eancia iNFRA\",\"@id\":\"https:\/\/agenciainfra.com\/blog\/#\/schema\/person\/34af08dff6adea4cb22b06612ba7acfa\"},\"headline\":\"Brasil adiciona 1,4 GW \u00e0 matriz el\u00e9trica em setembro, com fontes renov\u00e1veis\",\"datePublished\":\"2025-10-10T21:27:00+00:00\",\"dateModified\":\"2025-10-10T21:27:01+00:00\",\"mainEntityOfPage\":{\"@id\":\"https:\/\/agenciainfra.com\/blog\/brasil-adiciona-14-gw-a-matriz-eletrica-em-setembro-com-fontes-renovaveis\/\"},\"wordCount\":186,\"publisher\":{\"@id\":\"https:\/\/agenciainfra.com\/blog\/#organization\"},\"image\":{\"@id\":\"https:\/\/agenciainfra.com\/blog\/brasil-adiciona-14-gw-a-matriz-eletrica-em-setembro-com-fontes-renovaveis\/#primaryimage\"},\"thumbnailUrl\":\"https:\/\/agenciainfra.com\/blog\/wp-content\/uploads\/2025\/07\/foto-AurenEnergia-divulgacao.jpg\",\"keywords\":[\"ANEEL\",\"energia el\u00e9trica\",\"e\u00f3lica\",\"expans\u00e3o energ\u00e9tica\",\"fontes renov\u00e1veis\",\"gera\u00e7\u00e3o distribu\u00edda\",\"hidrel\u00e9trica\",\"matriz el\u00e9trica\",\"PCH\",\"solar\",\"sustentabilidade\"],\"articleSection\":[\"Geral\",\"Giro iNFRA\"],\"inLanguage\":\"pt-BR\",\"copyrightYear\":\"2025\",\"copyrightHolder\":{\"@id\":\"https:\/\/agenciainfra.com\/blog\/#organization\"}},{\"@type\":\"WebPage\",\"@id\":\"https:\/\/agenciainfra.com\/blog\/brasil-adiciona-14-gw-a-matriz-eletrica-em-setembro-com-fontes-renovaveis\/\",\"url\":\"https:\/\/agenciainfra.com\/blog\/brasil-adiciona-14-gw-a-matriz-eletrica-em-setembro-com-fontes-renovaveis\/\",\"name\":\"Brasil adiciona 1,4 GW \u00e0 matriz el\u00e9trica em setembro, com fontes renov\u00e1veis - Ag\u00eancia iNFRA\",\"isPartOf\":{\"@id\":\"https:\/\/agenciainfra.com\/blog\/#website\"},\"primaryImageOfPage\":{\"@id\":\"https:\/\/agenciainfra.com\/blog\/brasil-adiciona-14-gw-a-matriz-eletrica-em-setembro-com-fontes-renovaveis\/#primaryimage\"},\"image\":{\"@id\":\"https:\/\/agenciainfra.com\/blog\/brasil-adiciona-14-gw-a-matriz-eletrica-em-setembro-com-fontes-renovaveis\/#primaryimage\"},\"thumbnailUrl\":\"https:\/\/agenciainfra.com\/blog\/wp-content\/uploads\/2025\/07\/foto-AurenEnergia-divulgacao.jpg\",\"datePublished\":\"2025-10-10T21:27:00+00:00\",\"dateModified\":\"2025-10-10T21:27:01+00:00\",\"breadcrumb\":{\"@id\":\"https:\/\/agenciainfra.com\/blog\/brasil-adiciona-14-gw-a-matriz-eletrica-em-setembro-com-fontes-renovaveis\/#breadcrumb\"},\"inLanguage\":\"pt-BR\",\"potentialAction\":[{\"@type\":\"ReadAction\",\"target\":[\"https:\/\/agenciainfra.com\/blog\/brasil-adiciona-14-gw-a-matriz-eletrica-em-setembro-com-fontes-renovaveis\/\"]}]},{\"@type\":\"ImageObject\",\"inLanguage\":\"pt-BR\",\"@id\":\"https:\/\/agenciainfra.com\/blog\/brasil-adiciona-14-gw-a-matriz-eletrica-em-setembro-com-fontes-renovaveis\/#primaryimage\",\"url\":\"https:\/\/agenciainfra.com\/blog\/wp-content\/uploads\/2025\/07\/foto-AurenEnergia-divulgacao.jpg\",\"contentUrl\":\"https:\/\/agenciainfra.com\/blog\/wp-content\/uploads\/2025\/07\/foto-AurenEnergia-divulgacao.jpg\",\"width\":1200,\"height\":900,\"caption\":\"Foto: Auren Energia\/Divulga\u00e7\u00e3o\"},{\"@type\":\"BreadcrumbList\",\"@id\":\"https:\/\/agenciainfra.com\/blog\/brasil-adiciona-14-gw-a-matriz-eletrica-em-setembro-com-fontes-renovaveis\/#breadcrumb\",\"itemListElement\":[{\"@type\":\"ListItem\",\"position\":1,\"name\":\"In\u00edcio\",\"item\":\"https:\/\/agenciainfra.com\/blog\/\"},{\"@type\":\"ListItem\",\"position\":2,\"name\":\"Brasil adiciona 1,4 GW \u00e0 matriz el\u00e9trica em setembro, com fontes renov\u00e1veis\"}]},{\"@type\":\"WebSite\",\"@id\":\"https:\/\/agenciainfra.com\/blog\/#website\",\"url\":\"https:\/\/agenciainfra.com\/blog\/\",\"name\":\"Ag\u00eancia iNFRA\",\"description\":\"Multiplataforma de informa\u00e7\u00e3o jornal\u00edstica refer\u00eancia na \u00e1rea de infraestrutura no Brasil!\",\"publisher\":{\"@id\":\"https:\/\/agenciainfra.com\/blog\/#organization\"},\"potentialAction\":[{\"@type\":\"SearchAction\",\"target\":{\"@type\":\"EntryPoint\",\"urlTemplate\":\"https:\/\/agenciainfra.com\/blog\/?s={search_term_string}\"},\"query-input\":{\"@type\":\"PropertyValueSpecification\",\"valueRequired\":true,\"valueName\":\"search_term_string\"}}],\"inLanguage\":\"pt-BR\"},{\"@type\":\"Organization\",\"@id\":\"https:\/\/agenciainfra.com\/blog\/#organization\",\"name\":\"Ag\u00eancia iNFRA\",\"url\":\"https:\/\/agenciainfra.com\/blog\/\",\"logo\":{\"@type\":\"ImageObject\",\"inLanguage\":\"pt-BR\",\"@id\":\"https:\/\/agenciainfra.com\/blog\/#\/schema\/logo\/image\/\",\"url\":\"https:\/\/agenciainfra.com\/blog\/wp-content\/uploads\/2023\/09\/iNFRA_5-e1761735885940.png\",\"contentUrl\":\"https:\/\/agenciainfra.com\/blog\/wp-content\/uploads\/2023\/09\/iNFRA_5-e1761735885940.png\",\"width\":1672,\"height\":454,\"caption\":\"Ag\u00eancia iNFRA\"},\"image\":{\"@id\":\"https:\/\/agenciainfra.com\/blog\/#\/schema\/logo\/image\/\"},\"sameAs\":[\"https:\/\/www.facebook.com\/ageninfra\",\"https:\/\/x.com\/agencia_infra\",\"https:\/\/www.linkedin.com\/company\/ag\u00eanciainfra\/\",\"https:\/\/www.instagram.com\/agenciainfra\/\"]},{\"@type\":\"Person\",\"@id\":\"https:\/\/agenciainfra.com\/blog\/#\/schema\/person\/34af08dff6adea4cb22b06612ba7acfa\",\"name\":\"Ag\u00eancia iNFRA\",\"image\":{\"@type\":\"ImageObject\",\"inLanguage\":\"pt-BR\",\"@id\":\"https:\/\/agenciainfra.com\/blog\/#\/schema\/person\/image\/\",\"url\":\"https:\/\/secure.gravatar.com\/avatar\/d189e01678f06d8eb84d4e01f08eb848b3fffe3f8443818d3c356c66892f5be8?s=96&d=mm&r=g\",\"contentUrl\":\"https:\/\/secure.gravatar.com\/avatar\/d189e01678f06d8eb84d4e01f08eb848b3fffe3f8443818d3c356c66892f5be8?s=96&d=mm&r=g\",\"caption\":\"Ag\u00eancia iNFRA\"},\"url\":\"https:\/\/agenciainfra.com\/blog\/author\/admin\/\"}]}<\/script>\n<!-- \/ Yoast SEO Premium plugin. -->","yoast_head_json":{"title":"Brasil adiciona 1,4 GW \u00e0 matriz el\u00e9trica em setembro, com fontes renov\u00e1veis - Ag\u00eancia iNFRA","robots":{"index":"index","follow":"follow","max-snippet":"max-snippet:-1","max-image-preview":"max-image-preview:large","max-video-preview":"max-video-preview:-1"},"canonical":"https:\/\/agenciainfra.com\/blog\/brasil-adiciona-14-gw-a-matriz-eletrica-em-setembro-com-fontes-renovaveis\/","og_locale":"pt_BR","og_type":"article","og_title":"Brasil adiciona 1,4 GW \u00e0 matriz el\u00e9trica em setembro, com fontes renov\u00e1veis","og_description":"da Ag\u00eancia iNFRA O Brasil ampliou em 1,4 gigawatt a oferta de energia el\u00e9trica em setembro, segundo a ANEEL (Ag\u00eancia Nacional de Energia El\u00e9trica). Todas as 27 usinas que entraram em opera\u00e7\u00e3o no m\u00eas s\u00e3o de fontes renov\u00e1veis: 17 solares (934,7 MW), oito e\u00f3licas (391,5 MW), uma hidrel\u00e9trica (50 MW) e uma pequena central hidrel\u00e9trica [&hellip;]","og_url":"https:\/\/agenciainfra.com\/blog\/brasil-adiciona-14-gw-a-matriz-eletrica-em-setembro-com-fontes-renovaveis\/","og_site_name":"Ag\u00eancia iNFRA","article_publisher":"https:\/\/www.facebook.com\/ageninfra","article_published_time":"2025-10-10T21:27:00+00:00","article_modified_time":"2025-10-10T21:27:01+00:00","og_image":[{"width":1200,"height":900,"url":"https:\/\/agenciainfra.com\/blog\/wp-content\/uploads\/2025\/07\/foto-AurenEnergia-divulgacao.jpg","type":"image\/jpeg"}],"author":"Ag\u00eancia iNFRA","twitter_card":"summary_large_image","twitter_creator":"@agencia_infra","twitter_site":"@agencia_infra","twitter_misc":{"Escrito por":"Ag\u00eancia iNFRA","Est. tempo de leitura":"1 minuto"},"schema":{"@context":"https:\/\/schema.org","@graph":[{"@type":"Article","@id":"https:\/\/agenciainfra.com\/blog\/brasil-adiciona-14-gw-a-matriz-eletrica-em-setembro-com-fontes-renovaveis\/#article","isPartOf":{"@id":"https:\/\/agenciainfra.com\/blog\/brasil-adiciona-14-gw-a-matriz-eletrica-em-setembro-com-fontes-renovaveis\/"},"author":{"name":"Ag\u00eancia iNFRA","@id":"https:\/\/agenciainfra.com\/blog\/#\/schema\/person\/34af08dff6adea4cb22b06612ba7acfa"},"headline":"Brasil adiciona 1,4 GW \u00e0 matriz el\u00e9trica em setembro, com fontes renov\u00e1veis","datePublished":"2025-10-10T21:27:00+00:00","dateModified":"2025-10-10T21:27:01+00:00","mainEntityOfPage":{"@id":"https:\/\/agenciainfra.com\/blog\/brasil-adiciona-14-gw-a-matriz-eletrica-em-setembro-com-fontes-renovaveis\/"},"wordCount":186,"publisher":{"@id":"https:\/\/agenciainfra.com\/blog\/#organization"},"image":{"@id":"https:\/\/agenciainfra.com\/blog\/brasil-adiciona-14-gw-a-matriz-eletrica-em-setembro-com-fontes-renovaveis\/#primaryimage"},"thumbnailUrl":"https:\/\/agenciainfra.com\/blog\/wp-content\/uploads\/2025\/07\/foto-AurenEnergia-divulgacao.jpg","keywords":["ANEEL","energia el\u00e9trica","e\u00f3lica","expans\u00e3o energ\u00e9tica","fontes renov\u00e1veis","gera\u00e7\u00e3o distribu\u00edda","hidrel\u00e9trica","matriz el\u00e9trica","PCH","solar","sustentabilidade"],"articleSection":["Geral","Giro iNFRA"],"inLanguage":"pt-BR","copyrightYear":"2025","copyrightHolder":{"@id":"https:\/\/agenciainfra.com\/blog\/#organization"}},{"@type":"WebPage","@id":"https:\/\/agenciainfra.com\/blog\/brasil-adiciona-14-gw-a-matriz-eletrica-em-setembro-com-fontes-renovaveis\/","url":"https:\/\/agenciainfra.com\/blog\/brasil-adiciona-14-gw-a-matriz-eletrica-em-setembro-com-fontes-renovaveis\/","name":"Brasil adiciona 1,4 GW \u00e0 matriz el\u00e9trica em setembro, com fontes renov\u00e1veis - Ag\u00eancia iNFRA","isPartOf":{"@id":"https:\/\/agenciainfra.com\/blog\/#website"},"primaryImageOfPage":{"@id":"https:\/\/agenciainfra.com\/blog\/brasil-adiciona-14-gw-a-matriz-eletrica-em-setembro-com-fontes-renovaveis\/#primaryimage"},"image":{"@id":"https:\/\/agenciainfra.com\/blog\/brasil-adiciona-14-gw-a-matriz-eletrica-em-setembro-com-fontes-renovaveis\/#primaryimage"},"thumbnailUrl":"https:\/\/agenciainfra.com\/blog\/wp-content\/uploads\/2025\/07\/foto-AurenEnergia-divulgacao.jpg","datePublished":"2025-10-10T21:27:00+00:00","dateModified":"2025-10-10T21:27:01+00:00","breadcrumb":{"@id":"https:\/\/agenciainfra.com\/blog\/brasil-adiciona-14-gw-a-matriz-eletrica-em-setembro-com-fontes-renovaveis\/#breadcrumb"},"inLanguage":"pt-BR","potentialAction":[{"@type":"ReadAction","target":["https:\/\/agenciainfra.com\/blog\/brasil-adiciona-14-gw-a-matriz-eletrica-em-setembro-com-fontes-renovaveis\/"]}]},{"@type":"ImageObject","inLanguage":"pt-BR","@id":"https:\/\/agenciainfra.com\/blog\/brasil-adiciona-14-gw-a-matriz-eletrica-em-setembro-com-fontes-renovaveis\/#primaryimage","url":"https:\/\/agenciainfra.com\/blog\/wp-content\/uploads\/2025\/07\/foto-AurenEnergia-divulgacao.jpg","contentUrl":"https:\/\/agenciainfra.com\/blog\/wp-content\/uploads\/2025\/07\/foto-AurenEnergia-divulgacao.jpg","width":1200,"height":900,"caption":"Foto: Auren Energia\/Divulga\u00e7\u00e3o"},{"@type":"BreadcrumbList","@id":"https:\/\/agenciainfra.com\/blog\/brasil-adiciona-14-gw-a-matriz-eletrica-em-setembro-com-fontes-renovaveis\/#breadcrumb","itemListElement":[{"@type":"ListItem","position":1,"name":"In\u00edcio","item":"https:\/\/agenciainfra.com\/blog\/"},{"@type":"ListItem","position":2,"name":"Brasil adiciona 1,4 GW \u00e0 matriz el\u00e9trica em setembro, com fontes renov\u00e1veis"}]},{"@type":"WebSite","@id":"https:\/\/agenciainfra.com\/blog\/#website","url":"https:\/\/agenciainfra.com\/blog\/","name":"Ag\u00eancia iNFRA","description":"Multiplataforma de informa\u00e7\u00e3o jornal\u00edstica refer\u00eancia na \u00e1rea de infraestrutura no Brasil!","publisher":{"@id":"https:\/\/agenciainfra.com\/blog\/#organization"},"potentialAction":[{"@type":"SearchAction","target":{"@type":"EntryPoint","urlTemplate":"https:\/\/agenciainfra.com\/blog\/?s={search_term_string}"},"query-input":{"@type":"PropertyValueSpecification","valueRequired":true,"valueName":"search_term_string"}}],"inLanguage":"pt-BR"},{"@type":"Organization","@id":"https:\/\/agenciainfra.com\/blog\/#organization","name":"Ag\u00eancia iNFRA","url":"https:\/\/agenciainfra.com\/blog\/","logo":{"@type":"ImageObject","inLanguage":"pt-BR","@id":"https:\/\/agenciainfra.com\/blog\/#\/schema\/logo\/image\/","url":"https:\/\/agenciainfra.com\/blog\/wp-content\/uploads\/2023\/09\/iNFRA_5-e1761735885940.png","contentUrl":"https:\/\/agenciainfra.com\/blog\/wp-content\/uploads\/2023\/09\/iNFRA_5-e1761735885940.png","width":1672,"height":454,"caption":"Ag\u00eancia iNFRA"},"image":{"@id":"https:\/\/agenciainfra.com\/blog\/#\/schema\/logo\/image\/"},"sameAs":["https:\/\/www.facebook.com\/ageninfra","https:\/\/x.com\/agencia_infra","https:\/\/www.linkedin.com\/company\/ag\u00eanciainfra\/","https:\/\/www.instagram.com\/agenciainfra\/"]},{"@type":"Person","@id":"https:\/\/agenciainfra.com\/blog\/#\/schema\/person\/34af08dff6adea4cb22b06612ba7acfa","name":"Ag\u00eancia iNFRA","image":{"@type":"ImageObject","inLanguage":"pt-BR","@id":"https:\/\/agenciainfra.com\/blog\/#\/schema\/person\/image\/","url":"https:\/\/secure.gravatar.com\/avatar\/d189e01678f06d8eb84d4e01f08eb848b3fffe3f8443818d3c356c66892f5be8?s=96&d=mm&r=g","contentUrl":"https:\/\/secure.gravatar.com\/avatar\/d189e01678f06d8eb84d4e01f08eb848b3fffe3f8443818d3c356c66892f5be8?s=96&d=mm&r=g","caption":"Ag\u00eancia iNFRA"},"url":"https:\/\/agenciainfra.com\/blog\/author\/admin\/"}]}},"_links":{"self":[{"href":"https:\/\/agenciainfra.com\/blog\/wp-json\/wp\/v2\/posts\/29619","targetHints":{"allow":["GET"]}}],"collection":[{"href":"https:\/\/agenciainfra.com\/blog\/wp-json\/wp\/v2\/posts"}],"about":[{"href":"https:\/\/agenciainfra.com\/blog\/wp-json\/wp\/v2\/types\/post"}],"author":[{"embeddable":true,"href":"https:\/\/agenciainfra.com\/blog\/wp-json\/wp\/v2\/users\/1"}],"replies":[{"embeddable":true,"href":"https:\/\/agenciainfra.com\/blog\/wp-json\/wp\/v2\/comments?post=29619"}],"version-history":[{"count":1,"href":"https:\/\/agenciainfra.com\/blog\/wp-json\/wp\/v2\/posts\/29619\/revisions"}],"predecessor-version":[{"id":29620,"href":"https:\/\/agenciainfra.com\/blog\/wp-json\/wp\/v2\/posts\/29619\/revisions\/29620"}],"wp:featuredmedia":[{"embeddable":true,"href":"https:\/\/agenciainfra.com\/blog\/wp-json\/wp\/v2\/media\/25355"}],"wp:attachment":[{"href":"https:\/\/agenciainfra.com\/blog\/wp-json\/wp\/v2\/media?parent=29619"}],"wp:term":[{"taxonomy":"category","embeddable":true,"href":"https:\/\/agenciainfra.com\/blog\/wp-json\/wp\/v2\/categories?post=29619"},{"taxonomy":"post_tag","embeddable":true,"href":"https:\/\/agenciainfra.com\/blog\/wp-json\/wp\/v2\/tags?post=29619"}],"curies":[{"name":"wp","href":"https:\/\/api.w.org\/{rel}","templated":true}]}}