{"id":29632,"date":"2025-10-10T19:24:05","date_gmt":"2025-10-10T22:24:05","guid":{"rendered":"https:\/\/agenciainfra.com\/blog\/?p=29632"},"modified":"2025-10-13T15:18:23","modified_gmt":"2025-10-13T18:18:23","slug":"comercializadora-america-pede-na-justica-suspensao-do-pagamento-de-dividas","status":"publish","type":"post","link":"https:\/\/agenciainfra.com\/blog\/comercializadora-america-pede-na-justica-suspensao-do-pagamento-de-dividas\/","title":{"rendered":"Am\u00e9rica Energia pede na Justi\u00e7a suspens\u00e3o do pagamento de d\u00edvidas"},"content":{"rendered":"\n<p class=\"has-text-align-right\"><strong>Lais Carregosa, da Ag\u00eancia iNFRA<\/strong><\/p>\n\n\n\n<p>A comercializadora Am\u00e9rica Energia e a holding do grupo entraram com um <a href=\"https:\/\/agenciainfra.com\/blog\/wp-content\/uploads\/2025\/10\/Inicial-Cautelar-America.pdf\">pedido de medida cautelar<\/a> na Justi\u00e7a Federal para suspender a\u00e7\u00f5es judiciais e execu\u00e7\u00e3o de d\u00edvidas por 60 dias. A companhia sinaliza que, caso renegocia\u00e7\u00f5es em andamento e tentativas de venda de ativos para inje\u00e7\u00e3o de caixa n\u00e3o sejam bem sucedidas, pretende solicitar recupera\u00e7\u00e3o judicial.<\/p>\n\n\n\n<p>Segundo a cautelar apresentada \u00e0 Vara de Fal\u00eancias e Recupera\u00e7\u00f5es Judiciais na capital de S\u00e3o Paulo nesta quinta-feira (9), a empresa alega que foi impactada pela insolv\u00eancia da Gold Energia, da qual era credora, e que pode ter impactado o mercado em R$ 2 bilh\u00f5es, conforme c\u00e1lculos estimados. Desse montante, \u201co impacto resultante para a Am\u00e9rica Energia, na pr\u00e1tica, foi de cerca de R$ 75 milh\u00f5es&#8221;, destacou a empresa.<\/p>\n\n\n\n<p>O documento tamb\u00e9m aponta que o setor de comercializa\u00e7\u00e3o de energia passou por grande volatilidade de pre\u00e7os. Segundo a companhia, a urg\u00eancia do pedido ocorre por tr\u00eas credores j\u00e1 terem ajuizado processos solicitando execu\u00e7\u00e3o das d\u00edvidas: EDP, Eneva e Safira. Al\u00e9m dessas empresas, constam na <a href=\"https:\/\/agenciainfra.com\/blog\/wp-content\/uploads\/2025\/10\/Lista-de-Credores-Cautelar-America.pdf\">lista de mais de 20 credores<\/a> da companhia grupos como Auren, Shell, Comerc, Cemig, entre outros.<\/p>\n","protected":false},"excerpt":{"rendered":"<p>Lais Carregosa, da Ag\u00eancia iNFRA A comercializadora Am\u00e9rica Energia e a holding do grupo entraram com um pedido de medida cautelar na Justi\u00e7a Federal para suspender a\u00e7\u00f5es judiciais e execu\u00e7\u00e3o de d\u00edvidas por 60 dias. A companhia sinaliza que, caso renegocia\u00e7\u00f5es em andamento e tentativas de venda de ativos para inje\u00e7\u00e3o de caixa n\u00e3o sejam [&hellip;]<\/p>\n","protected":false},"author":1,"featured_media":29635,"comment_status":"closed","ping_status":"closed","sticky":false,"template":"","format":"standard","meta":{"_monsterinsights_skip_tracking":false,"_monsterinsights_sitenote_active":false,"_monsterinsights_sitenote_note":"","_monsterinsights_sitenote_category":0,"footnotes":""},"categories":[1,10],"tags":[16027,1760,1127,13168,13132,16028],"class_list":["post-29632","post","type-post","status-publish","format-standard","has-post-thumbnail","hentry","category-geral","category-infraenergia","tag-america-energia","tag-edp","tag-eneva","tag-gold-energia","tag-lais-carregosa","tag-safira"],"yoast_head":"<!-- This site is optimized with the Yoast SEO Premium plugin v25.4 (Yoast SEO v26.0) - https:\/\/yoast.com\/wordpress\/plugins\/seo\/ -->\n<title>Am\u00e9rica Energia pede na Justi\u00e7a suspens\u00e3o do pagamento de d\u00edvidas - Ag\u00eancia iNFRA<\/title>\n<meta name=\"robots\" content=\"index, follow, max-snippet:-1, max-image-preview:large, max-video-preview:-1\" \/>\n<link rel=\"canonical\" href=\"https:\/\/agenciainfra.com\/blog\/comercializadora-america-pede-na-justica-suspensao-do-pagamento-de-dividas\/\" \/>\n<meta property=\"og:locale\" content=\"pt_BR\" \/>\n<meta property=\"og:type\" content=\"article\" \/>\n<meta property=\"og:title\" content=\"Am\u00e9rica Energia pede na Justi\u00e7a suspens\u00e3o do pagamento de d\u00edvidas\" \/>\n<meta property=\"og:description\" content=\"Lais Carregosa, da Ag\u00eancia iNFRA A comercializadora Am\u00e9rica Energia e a holding do grupo entraram com um pedido de medida cautelar na Justi\u00e7a Federal para suspender a\u00e7\u00f5es judiciais e execu\u00e7\u00e3o de d\u00edvidas por 60 dias. A companhia sinaliza que, caso renegocia\u00e7\u00f5es em andamento e tentativas de venda de ativos para inje\u00e7\u00e3o de caixa n\u00e3o sejam [&hellip;]\" \/>\n<meta property=\"og:url\" content=\"https:\/\/agenciainfra.com\/blog\/comercializadora-america-pede-na-justica-suspensao-do-pagamento-de-dividas\/\" \/>\n<meta property=\"og:site_name\" content=\"Ag\u00eancia iNFRA\" \/>\n<meta property=\"article:publisher\" content=\"https:\/\/www.facebook.com\/ageninfra\" \/>\n<meta property=\"article:published_time\" content=\"2025-10-10T22:24:05+00:00\" \/>\n<meta property=\"article:modified_time\" content=\"2025-10-13T18:18:23+00:00\" \/>\n<meta property=\"og:image\" content=\"https:\/\/agenciainfra.com\/blog\/wp-content\/uploads\/2025\/10\/america-energia-foto-youtube-reproducao.jpg\" \/>\n\t<meta property=\"og:image:width\" content=\"1280\" \/>\n\t<meta property=\"og:image:height\" content=\"799\" \/>\n\t<meta property=\"og:image:type\" content=\"image\/jpeg\" \/>\n<meta name=\"author\" content=\"Ag\u00eancia iNFRA\" \/>\n<meta name=\"twitter:card\" content=\"summary_large_image\" \/>\n<meta name=\"twitter:creator\" content=\"@agencia_infra\" \/>\n<meta name=\"twitter:site\" content=\"@agencia_infra\" \/>\n<meta name=\"twitter:label1\" content=\"Escrito por\" \/>\n\t<meta name=\"twitter:data1\" content=\"Ag\u00eancia iNFRA\" \/>\n\t<meta name=\"twitter:label2\" content=\"Est. tempo de leitura\" \/>\n\t<meta name=\"twitter:data2\" content=\"1 minuto\" \/>\n<script type=\"application\/ld+json\" class=\"yoast-schema-graph\">{\"@context\":\"https:\/\/schema.org\",\"@graph\":[{\"@type\":\"Article\",\"@id\":\"https:\/\/agenciainfra.com\/blog\/comercializadora-america-pede-na-justica-suspensao-do-pagamento-de-dividas\/#article\",\"isPartOf\":{\"@id\":\"https:\/\/agenciainfra.com\/blog\/comercializadora-america-pede-na-justica-suspensao-do-pagamento-de-dividas\/\"},\"author\":{\"name\":\"Ag\u00eancia iNFRA\",\"@id\":\"https:\/\/agenciainfra.com\/blog\/#\/schema\/person\/34af08dff6adea4cb22b06612ba7acfa\"},\"headline\":\"Am\u00e9rica Energia pede na Justi\u00e7a suspens\u00e3o do pagamento de d\u00edvidas\",\"datePublished\":\"2025-10-10T22:24:05+00:00\",\"dateModified\":\"2025-10-13T18:18:23+00:00\",\"mainEntityOfPage\":{\"@id\":\"https:\/\/agenciainfra.com\/blog\/comercializadora-america-pede-na-justica-suspensao-do-pagamento-de-dividas\/\"},\"wordCount\":226,\"publisher\":{\"@id\":\"https:\/\/agenciainfra.com\/blog\/#organization\"},\"image\":{\"@id\":\"https:\/\/agenciainfra.com\/blog\/comercializadora-america-pede-na-justica-suspensao-do-pagamento-de-dividas\/#primaryimage\"},\"thumbnailUrl\":\"https:\/\/agenciainfra.com\/blog\/wp-content\/uploads\/2025\/10\/america-energia-foto-youtube-reproducao.jpg\",\"keywords\":[\"Am\u00e9rica Energia\",\"EDP\",\"Eneva\",\"Gold Energia\",\"Lais Carregosa\",\"Safira\"],\"articleSection\":[\"Geral\",\"iNFRAEnergia\"],\"inLanguage\":\"pt-BR\",\"copyrightYear\":\"2025\",\"copyrightHolder\":{\"@id\":\"https:\/\/agenciainfra.com\/blog\/#organization\"}},{\"@type\":\"WebPage\",\"@id\":\"https:\/\/agenciainfra.com\/blog\/comercializadora-america-pede-na-justica-suspensao-do-pagamento-de-dividas\/\",\"url\":\"https:\/\/agenciainfra.com\/blog\/comercializadora-america-pede-na-justica-suspensao-do-pagamento-de-dividas\/\",\"name\":\"Am\u00e9rica Energia pede na Justi\u00e7a suspens\u00e3o do pagamento de d\u00edvidas - Ag\u00eancia iNFRA\",\"isPartOf\":{\"@id\":\"https:\/\/agenciainfra.com\/blog\/#website\"},\"primaryImageOfPage\":{\"@id\":\"https:\/\/agenciainfra.com\/blog\/comercializadora-america-pede-na-justica-suspensao-do-pagamento-de-dividas\/#primaryimage\"},\"image\":{\"@id\":\"https:\/\/agenciainfra.com\/blog\/comercializadora-america-pede-na-justica-suspensao-do-pagamento-de-dividas\/#primaryimage\"},\"thumbnailUrl\":\"https:\/\/agenciainfra.com\/blog\/wp-content\/uploads\/2025\/10\/america-energia-foto-youtube-reproducao.jpg\",\"datePublished\":\"2025-10-10T22:24:05+00:00\",\"dateModified\":\"2025-10-13T18:18:23+00:00\",\"breadcrumb\":{\"@id\":\"https:\/\/agenciainfra.com\/blog\/comercializadora-america-pede-na-justica-suspensao-do-pagamento-de-dividas\/#breadcrumb\"},\"inLanguage\":\"pt-BR\",\"potentialAction\":[{\"@type\":\"ReadAction\",\"target\":[\"https:\/\/agenciainfra.com\/blog\/comercializadora-america-pede-na-justica-suspensao-do-pagamento-de-dividas\/\"]}]},{\"@type\":\"ImageObject\",\"inLanguage\":\"pt-BR\",\"@id\":\"https:\/\/agenciainfra.com\/blog\/comercializadora-america-pede-na-justica-suspensao-do-pagamento-de-dividas\/#primaryimage\",\"url\":\"https:\/\/agenciainfra.com\/blog\/wp-content\/uploads\/2025\/10\/america-energia-foto-youtube-reproducao.jpg\",\"contentUrl\":\"https:\/\/agenciainfra.com\/blog\/wp-content\/uploads\/2025\/10\/america-energia-foto-youtube-reproducao.jpg\",\"width\":1280,\"height\":799,\"caption\":\"Foto: YouTube\/Reprodu\u00e7\u00e3o\"},{\"@type\":\"BreadcrumbList\",\"@id\":\"https:\/\/agenciainfra.com\/blog\/comercializadora-america-pede-na-justica-suspensao-do-pagamento-de-dividas\/#breadcrumb\",\"itemListElement\":[{\"@type\":\"ListItem\",\"position\":1,\"name\":\"In\u00edcio\",\"item\":\"https:\/\/agenciainfra.com\/blog\/\"},{\"@type\":\"ListItem\",\"position\":2,\"name\":\"Am\u00e9rica Energia pede na Justi\u00e7a suspens\u00e3o do pagamento de d\u00edvidas\"}]},{\"@type\":\"WebSite\",\"@id\":\"https:\/\/agenciainfra.com\/blog\/#website\",\"url\":\"https:\/\/agenciainfra.com\/blog\/\",\"name\":\"Ag\u00eancia iNFRA\",\"description\":\"Multiplataforma de informa\u00e7\u00e3o jornal\u00edstica refer\u00eancia na \u00e1rea de infraestrutura no Brasil!\",\"publisher\":{\"@id\":\"https:\/\/agenciainfra.com\/blog\/#organization\"},\"potentialAction\":[{\"@type\":\"SearchAction\",\"target\":{\"@type\":\"EntryPoint\",\"urlTemplate\":\"https:\/\/agenciainfra.com\/blog\/?s={search_term_string}\"},\"query-input\":{\"@type\":\"PropertyValueSpecification\",\"valueRequired\":true,\"valueName\":\"search_term_string\"}}],\"inLanguage\":\"pt-BR\"},{\"@type\":\"Organization\",\"@id\":\"https:\/\/agenciainfra.com\/blog\/#organization\",\"name\":\"Ag\u00eancia iNFRA\",\"url\":\"https:\/\/agenciainfra.com\/blog\/\",\"logo\":{\"@type\":\"ImageObject\",\"inLanguage\":\"pt-BR\",\"@id\":\"https:\/\/agenciainfra.com\/blog\/#\/schema\/logo\/image\/\",\"url\":\"https:\/\/agenciainfra.com\/blog\/wp-content\/uploads\/2023\/09\/iNFRA_5-e1761735885940.png\",\"contentUrl\":\"https:\/\/agenciainfra.com\/blog\/wp-content\/uploads\/2023\/09\/iNFRA_5-e1761735885940.png\",\"width\":1672,\"height\":454,\"caption\":\"Ag\u00eancia iNFRA\"},\"image\":{\"@id\":\"https:\/\/agenciainfra.com\/blog\/#\/schema\/logo\/image\/\"},\"sameAs\":[\"https:\/\/www.facebook.com\/ageninfra\",\"https:\/\/x.com\/agencia_infra\",\"https:\/\/www.linkedin.com\/company\/ag\u00eanciainfra\/\",\"https:\/\/www.instagram.com\/agenciainfra\/\"]},{\"@type\":\"Person\",\"@id\":\"https:\/\/agenciainfra.com\/blog\/#\/schema\/person\/34af08dff6adea4cb22b06612ba7acfa\",\"name\":\"Ag\u00eancia iNFRA\",\"image\":{\"@type\":\"ImageObject\",\"inLanguage\":\"pt-BR\",\"@id\":\"https:\/\/agenciainfra.com\/blog\/#\/schema\/person\/image\/\",\"url\":\"https:\/\/secure.gravatar.com\/avatar\/d189e01678f06d8eb84d4e01f08eb848b3fffe3f8443818d3c356c66892f5be8?s=96&d=mm&r=g\",\"contentUrl\":\"https:\/\/secure.gravatar.com\/avatar\/d189e01678f06d8eb84d4e01f08eb848b3fffe3f8443818d3c356c66892f5be8?s=96&d=mm&r=g\",\"caption\":\"Ag\u00eancia iNFRA\"},\"url\":\"https:\/\/agenciainfra.com\/blog\/author\/admin\/\"}]}<\/script>\n<!-- \/ Yoast SEO Premium plugin. -->","yoast_head_json":{"title":"Am\u00e9rica Energia pede na Justi\u00e7a suspens\u00e3o do pagamento de d\u00edvidas - Ag\u00eancia iNFRA","robots":{"index":"index","follow":"follow","max-snippet":"max-snippet:-1","max-image-preview":"max-image-preview:large","max-video-preview":"max-video-preview:-1"},"canonical":"https:\/\/agenciainfra.com\/blog\/comercializadora-america-pede-na-justica-suspensao-do-pagamento-de-dividas\/","og_locale":"pt_BR","og_type":"article","og_title":"Am\u00e9rica Energia pede na Justi\u00e7a suspens\u00e3o do pagamento de d\u00edvidas","og_description":"Lais Carregosa, da Ag\u00eancia iNFRA A comercializadora Am\u00e9rica Energia e a holding do grupo entraram com um pedido de medida cautelar na Justi\u00e7a Federal para suspender a\u00e7\u00f5es judiciais e execu\u00e7\u00e3o de d\u00edvidas por 60 dias. A companhia sinaliza que, caso renegocia\u00e7\u00f5es em andamento e tentativas de venda de ativos para inje\u00e7\u00e3o de caixa n\u00e3o sejam [&hellip;]","og_url":"https:\/\/agenciainfra.com\/blog\/comercializadora-america-pede-na-justica-suspensao-do-pagamento-de-dividas\/","og_site_name":"Ag\u00eancia iNFRA","article_publisher":"https:\/\/www.facebook.com\/ageninfra","article_published_time":"2025-10-10T22:24:05+00:00","article_modified_time":"2025-10-13T18:18:23+00:00","og_image":[{"width":1280,"height":799,"url":"https:\/\/agenciainfra.com\/blog\/wp-content\/uploads\/2025\/10\/america-energia-foto-youtube-reproducao.jpg","type":"image\/jpeg"}],"author":"Ag\u00eancia iNFRA","twitter_card":"summary_large_image","twitter_creator":"@agencia_infra","twitter_site":"@agencia_infra","twitter_misc":{"Escrito por":"Ag\u00eancia iNFRA","Est. tempo de leitura":"1 minuto"},"schema":{"@context":"https:\/\/schema.org","@graph":[{"@type":"Article","@id":"https:\/\/agenciainfra.com\/blog\/comercializadora-america-pede-na-justica-suspensao-do-pagamento-de-dividas\/#article","isPartOf":{"@id":"https:\/\/agenciainfra.com\/blog\/comercializadora-america-pede-na-justica-suspensao-do-pagamento-de-dividas\/"},"author":{"name":"Ag\u00eancia iNFRA","@id":"https:\/\/agenciainfra.com\/blog\/#\/schema\/person\/34af08dff6adea4cb22b06612ba7acfa"},"headline":"Am\u00e9rica Energia pede na Justi\u00e7a suspens\u00e3o do pagamento de d\u00edvidas","datePublished":"2025-10-10T22:24:05+00:00","dateModified":"2025-10-13T18:18:23+00:00","mainEntityOfPage":{"@id":"https:\/\/agenciainfra.com\/blog\/comercializadora-america-pede-na-justica-suspensao-do-pagamento-de-dividas\/"},"wordCount":226,"publisher":{"@id":"https:\/\/agenciainfra.com\/blog\/#organization"},"image":{"@id":"https:\/\/agenciainfra.com\/blog\/comercializadora-america-pede-na-justica-suspensao-do-pagamento-de-dividas\/#primaryimage"},"thumbnailUrl":"https:\/\/agenciainfra.com\/blog\/wp-content\/uploads\/2025\/10\/america-energia-foto-youtube-reproducao.jpg","keywords":["Am\u00e9rica Energia","EDP","Eneva","Gold Energia","Lais Carregosa","Safira"],"articleSection":["Geral","iNFRAEnergia"],"inLanguage":"pt-BR","copyrightYear":"2025","copyrightHolder":{"@id":"https:\/\/agenciainfra.com\/blog\/#organization"}},{"@type":"WebPage","@id":"https:\/\/agenciainfra.com\/blog\/comercializadora-america-pede-na-justica-suspensao-do-pagamento-de-dividas\/","url":"https:\/\/agenciainfra.com\/blog\/comercializadora-america-pede-na-justica-suspensao-do-pagamento-de-dividas\/","name":"Am\u00e9rica Energia pede na Justi\u00e7a suspens\u00e3o do pagamento de d\u00edvidas - Ag\u00eancia iNFRA","isPartOf":{"@id":"https:\/\/agenciainfra.com\/blog\/#website"},"primaryImageOfPage":{"@id":"https:\/\/agenciainfra.com\/blog\/comercializadora-america-pede-na-justica-suspensao-do-pagamento-de-dividas\/#primaryimage"},"image":{"@id":"https:\/\/agenciainfra.com\/blog\/comercializadora-america-pede-na-justica-suspensao-do-pagamento-de-dividas\/#primaryimage"},"thumbnailUrl":"https:\/\/agenciainfra.com\/blog\/wp-content\/uploads\/2025\/10\/america-energia-foto-youtube-reproducao.jpg","datePublished":"2025-10-10T22:24:05+00:00","dateModified":"2025-10-13T18:18:23+00:00","breadcrumb":{"@id":"https:\/\/agenciainfra.com\/blog\/comercializadora-america-pede-na-justica-suspensao-do-pagamento-de-dividas\/#breadcrumb"},"inLanguage":"pt-BR","potentialAction":[{"@type":"ReadAction","target":["https:\/\/agenciainfra.com\/blog\/comercializadora-america-pede-na-justica-suspensao-do-pagamento-de-dividas\/"]}]},{"@type":"ImageObject","inLanguage":"pt-BR","@id":"https:\/\/agenciainfra.com\/blog\/comercializadora-america-pede-na-justica-suspensao-do-pagamento-de-dividas\/#primaryimage","url":"https:\/\/agenciainfra.com\/blog\/wp-content\/uploads\/2025\/10\/america-energia-foto-youtube-reproducao.jpg","contentUrl":"https:\/\/agenciainfra.com\/blog\/wp-content\/uploads\/2025\/10\/america-energia-foto-youtube-reproducao.jpg","width":1280,"height":799,"caption":"Foto: YouTube\/Reprodu\u00e7\u00e3o"},{"@type":"BreadcrumbList","@id":"https:\/\/agenciainfra.com\/blog\/comercializadora-america-pede-na-justica-suspensao-do-pagamento-de-dividas\/#breadcrumb","itemListElement":[{"@type":"ListItem","position":1,"name":"In\u00edcio","item":"https:\/\/agenciainfra.com\/blog\/"},{"@type":"ListItem","position":2,"name":"Am\u00e9rica Energia pede na Justi\u00e7a suspens\u00e3o do pagamento de d\u00edvidas"}]},{"@type":"WebSite","@id":"https:\/\/agenciainfra.com\/blog\/#website","url":"https:\/\/agenciainfra.com\/blog\/","name":"Ag\u00eancia iNFRA","description":"Multiplataforma de informa\u00e7\u00e3o jornal\u00edstica refer\u00eancia na \u00e1rea de infraestrutura no Brasil!","publisher":{"@id":"https:\/\/agenciainfra.com\/blog\/#organization"},"potentialAction":[{"@type":"SearchAction","target":{"@type":"EntryPoint","urlTemplate":"https:\/\/agenciainfra.com\/blog\/?s={search_term_string}"},"query-input":{"@type":"PropertyValueSpecification","valueRequired":true,"valueName":"search_term_string"}}],"inLanguage":"pt-BR"},{"@type":"Organization","@id":"https:\/\/agenciainfra.com\/blog\/#organization","name":"Ag\u00eancia iNFRA","url":"https:\/\/agenciainfra.com\/blog\/","logo":{"@type":"ImageObject","inLanguage":"pt-BR","@id":"https:\/\/agenciainfra.com\/blog\/#\/schema\/logo\/image\/","url":"https:\/\/agenciainfra.com\/blog\/wp-content\/uploads\/2023\/09\/iNFRA_5-e1761735885940.png","contentUrl":"https:\/\/agenciainfra.com\/blog\/wp-content\/uploads\/2023\/09\/iNFRA_5-e1761735885940.png","width":1672,"height":454,"caption":"Ag\u00eancia iNFRA"},"image":{"@id":"https:\/\/agenciainfra.com\/blog\/#\/schema\/logo\/image\/"},"sameAs":["https:\/\/www.facebook.com\/ageninfra","https:\/\/x.com\/agencia_infra","https:\/\/www.linkedin.com\/company\/ag\u00eanciainfra\/","https:\/\/www.instagram.com\/agenciainfra\/"]},{"@type":"Person","@id":"https:\/\/agenciainfra.com\/blog\/#\/schema\/person\/34af08dff6adea4cb22b06612ba7acfa","name":"Ag\u00eancia iNFRA","image":{"@type":"ImageObject","inLanguage":"pt-BR","@id":"https:\/\/agenciainfra.com\/blog\/#\/schema\/person\/image\/","url":"https:\/\/secure.gravatar.com\/avatar\/d189e01678f06d8eb84d4e01f08eb848b3fffe3f8443818d3c356c66892f5be8?s=96&d=mm&r=g","contentUrl":"https:\/\/secure.gravatar.com\/avatar\/d189e01678f06d8eb84d4e01f08eb848b3fffe3f8443818d3c356c66892f5be8?s=96&d=mm&r=g","caption":"Ag\u00eancia iNFRA"},"url":"https:\/\/agenciainfra.com\/blog\/author\/admin\/"}]}},"_links":{"self":[{"href":"https:\/\/agenciainfra.com\/blog\/wp-json\/wp\/v2\/posts\/29632","targetHints":{"allow":["GET"]}}],"collection":[{"href":"https:\/\/agenciainfra.com\/blog\/wp-json\/wp\/v2\/posts"}],"about":[{"href":"https:\/\/agenciainfra.com\/blog\/wp-json\/wp\/v2\/types\/post"}],"author":[{"embeddable":true,"href":"https:\/\/agenciainfra.com\/blog\/wp-json\/wp\/v2\/users\/1"}],"replies":[{"embeddable":true,"href":"https:\/\/agenciainfra.com\/blog\/wp-json\/wp\/v2\/comments?post=29632"}],"version-history":[{"count":3,"href":"https:\/\/agenciainfra.com\/blog\/wp-json\/wp\/v2\/posts\/29632\/revisions"}],"predecessor-version":[{"id":29688,"href":"https:\/\/agenciainfra.com\/blog\/wp-json\/wp\/v2\/posts\/29632\/revisions\/29688"}],"wp:featuredmedia":[{"embeddable":true,"href":"https:\/\/agenciainfra.com\/blog\/wp-json\/wp\/v2\/media\/29635"}],"wp:attachment":[{"href":"https:\/\/agenciainfra.com\/blog\/wp-json\/wp\/v2\/media?parent=29632"}],"wp:term":[{"taxonomy":"category","embeddable":true,"href":"https:\/\/agenciainfra.com\/blog\/wp-json\/wp\/v2\/categories?post=29632"},{"taxonomy":"post_tag","embeddable":true,"href":"https:\/\/agenciainfra.com\/blog\/wp-json\/wp\/v2\/tags?post=29632"}],"curies":[{"name":"wp","href":"https:\/\/api.w.org\/{rel}","templated":true}]}}