{"id":29672,"date":"2025-10-13T10:45:12","date_gmt":"2025-10-13T13:45:12","guid":{"rendered":"https:\/\/agenciainfra.com\/blog\/?p=29672"},"modified":"2025-10-14T14:52:33","modified_gmt":"2025-10-14T17:52:33","slug":"recursos-de-geradores-sobre-apagao-de-2023-sao-sorteados-na-aneel","status":"publish","type":"post","link":"https:\/\/agenciainfra.com\/blog\/recursos-de-geradores-sobre-apagao-de-2023-sao-sorteados-na-aneel\/","title":{"rendered":"Recursos de geradores sobre apag\u00e3o de 2023 s\u00e3o sorteados na ANEEL"},"content":{"rendered":"\n<p class=\"has-text-align-right\"><strong>da Ag\u00eancia iNFRA<\/strong><\/p>\n\n\n\n<p>A ANEEL (Ag\u00eancia Nacional de Energia El\u00e9trica) sorteou nesta segunda-feira (13) a relatoria de recursos administrativos interpostos por geradores e\u00f3licos e solares contra <a href=\"https:\/\/agenciainfra.com\/blog\/associacoes-pedem-que-aneel-suspenda-r-150-mi-em-multas-e-revise-relatorio-sobre-apagao-de-2023\/\">multas aplicadas<\/a> pela reguladora referente ao apag\u00e3o de agosto de 2023. Os dois maiores processos (itens 6 e 8 do sorteio), com mais agentes envolvidos, ser\u00e3o relatados pelo diretor Gentil Nogueira. H\u00e1 outros dois que ficar\u00e3o com os diretores Willamy Frota e Fernando Mosna, itens 7 e 9, respectivamente.<\/p>\n\n\n\n<p>A Superintend\u00eancia de Fiscaliza\u00e7\u00e3o da reguladora expediu 750 autos de infra\u00e7\u00e3o entre dezembro de 2024 e janeiro de 2025, com multas que totalizam mais de R$ 150 milh\u00f5es. Os dados constam em pedido de cautelar apresentado pela Abee\u00f3lica e Absolar, representando os geradores, <a href=\"https:\/\/agenciainfra.com\/blog\/aneel-rejeita-pedido-de-suspender-r-150-milhoes-em-multas-a-agentes-sobre-apagao-de-2023\/\">negado<\/a> em abril deste ano.<\/p>\n\n\n\n<p>As multas foram aplicadas ap\u00f3s o RAP (Relat\u00f3rio de An\u00e1lise de Perturba\u00e7\u00e3o) emitido pelo ONS (Operador Nacional do Sistema El\u00e9trico) ap\u00f3s o apag\u00e3o constatar que as usinas e\u00f3licas e fotovoltaicas tiveram \u201cdesempenho aqu\u00e9m do esperado\u201d na ocasi\u00e3o e que os modelos din\u00e2micos utilizados nas simula\u00e7\u00f5es superestimavam o desempenho desses geradores. Essas conclus\u00f5es tamb\u00e9m foram questionadas pelos agentes junto \u00e0 ANEEL.<\/p>\n","protected":false},"excerpt":{"rendered":"<p>da Ag\u00eancia iNFRA A ANEEL (Ag\u00eancia Nacional de Energia El\u00e9trica) sorteou nesta segunda-feira (13) a relatoria de recursos administrativos interpostos por geradores e\u00f3licos e solares contra multas aplicadas pela reguladora referente ao apag\u00e3o de agosto de 2023. Os dois maiores processos (itens 6 e 8 do sorteio), com mais agentes envolvidos, ser\u00e3o relatados pelo diretor [&hellip;]<\/p>\n","protected":false},"author":1,"featured_media":5644,"comment_status":"closed","ping_status":"closed","sticky":false,"template":"","format":"standard","meta":{"_monsterinsights_skip_tracking":false,"_monsterinsights_sitenote_active":false,"_monsterinsights_sitenote_note":"","_monsterinsights_sitenote_category":0,"footnotes":""},"categories":[1,10],"tags":[852,53,3002,12942,602,7014,6781,3553,11892],"class_list":["post-29672","post","type-post","status-publish","format-standard","has-post-thumbnail","hentry","category-geral","category-infraenergia","tag-agencia-nacional-de-energia-eletrica","tag-aneel","tag-apagao","tag-apagao-de-2023","tag-eolica","tag-fernando-mosna","tag-gentil-nogueira","tag-solar","tag-willamy-frota"],"yoast_head":"<!-- This site is optimized with the Yoast SEO Premium plugin v25.4 (Yoast SEO v26.0) - https:\/\/yoast.com\/wordpress\/plugins\/seo\/ -->\n<title>Recursos de geradores sobre apag\u00e3o de 2023 s\u00e3o sorteados na ANEEL - Ag\u00eancia iNFRA<\/title>\n<meta name=\"robots\" content=\"index, follow, max-snippet:-1, max-image-preview:large, max-video-preview:-1\" \/>\n<link rel=\"canonical\" href=\"https:\/\/agenciainfra.com\/blog\/recursos-de-geradores-sobre-apagao-de-2023-sao-sorteados-na-aneel\/\" \/>\n<meta property=\"og:locale\" content=\"pt_BR\" \/>\n<meta property=\"og:type\" content=\"article\" \/>\n<meta property=\"og:title\" content=\"Recursos de geradores sobre apag\u00e3o de 2023 s\u00e3o sorteados na ANEEL\" \/>\n<meta property=\"og:description\" content=\"da Ag\u00eancia iNFRA A ANEEL (Ag\u00eancia Nacional de Energia El\u00e9trica) sorteou nesta segunda-feira (13) a relatoria de recursos administrativos interpostos por geradores e\u00f3licos e solares contra multas aplicadas pela reguladora referente ao apag\u00e3o de agosto de 2023. Os dois maiores processos (itens 6 e 8 do sorteio), com mais agentes envolvidos, ser\u00e3o relatados pelo diretor [&hellip;]\" \/>\n<meta property=\"og:url\" content=\"https:\/\/agenciainfra.com\/blog\/recursos-de-geradores-sobre-apagao-de-2023-sao-sorteados-na-aneel\/\" \/>\n<meta property=\"og:site_name\" content=\"Ag\u00eancia iNFRA\" \/>\n<meta property=\"article:publisher\" content=\"https:\/\/www.facebook.com\/ageninfra\" \/>\n<meta property=\"article:published_time\" content=\"2025-10-13T13:45:12+00:00\" \/>\n<meta property=\"article:modified_time\" content=\"2025-10-14T17:52:33+00:00\" \/>\n<meta property=\"og:image\" content=\"https:\/\/agenciainfra.com\/blog\/wp-content\/uploads\/2020\/08\/fachada-aneel-foto-divulgacao-e1750161921473.jpg\" \/>\n\t<meta property=\"og:image:width\" content=\"1280\" \/>\n\t<meta property=\"og:image:height\" content=\"768\" \/>\n\t<meta property=\"og:image:type\" content=\"image\/jpeg\" \/>\n<meta name=\"author\" content=\"Ag\u00eancia iNFRA\" \/>\n<meta name=\"twitter:card\" content=\"summary_large_image\" \/>\n<meta name=\"twitter:creator\" content=\"@agencia_infra\" \/>\n<meta name=\"twitter:site\" content=\"@agencia_infra\" \/>\n<meta name=\"twitter:label1\" content=\"Escrito por\" \/>\n\t<meta name=\"twitter:data1\" content=\"Ag\u00eancia iNFRA\" \/>\n\t<meta name=\"twitter:label2\" content=\"Est. tempo de leitura\" \/>\n\t<meta name=\"twitter:data2\" content=\"1 minuto\" \/>\n<script type=\"application\/ld+json\" class=\"yoast-schema-graph\">{\"@context\":\"https:\/\/schema.org\",\"@graph\":[{\"@type\":\"Article\",\"@id\":\"https:\/\/agenciainfra.com\/blog\/recursos-de-geradores-sobre-apagao-de-2023-sao-sorteados-na-aneel\/#article\",\"isPartOf\":{\"@id\":\"https:\/\/agenciainfra.com\/blog\/recursos-de-geradores-sobre-apagao-de-2023-sao-sorteados-na-aneel\/\"},\"author\":{\"name\":\"Ag\u00eancia iNFRA\",\"@id\":\"https:\/\/agenciainfra.com\/blog\/#\/schema\/person\/34af08dff6adea4cb22b06612ba7acfa\"},\"headline\":\"Recursos de geradores sobre apag\u00e3o de 2023 s\u00e3o sorteados na ANEEL\",\"datePublished\":\"2025-10-13T13:45:12+00:00\",\"dateModified\":\"2025-10-14T17:52:33+00:00\",\"mainEntityOfPage\":{\"@id\":\"https:\/\/agenciainfra.com\/blog\/recursos-de-geradores-sobre-apagao-de-2023-sao-sorteados-na-aneel\/\"},\"wordCount\":210,\"publisher\":{\"@id\":\"https:\/\/agenciainfra.com\/blog\/#organization\"},\"image\":{\"@id\":\"https:\/\/agenciainfra.com\/blog\/recursos-de-geradores-sobre-apagao-de-2023-sao-sorteados-na-aneel\/#primaryimage\"},\"thumbnailUrl\":\"https:\/\/agenciainfra.com\/blog\/wp-content\/uploads\/2020\/08\/fachada-aneel-foto-divulgacao-e1750161921473.jpg\",\"keywords\":[\"Ag\u00eancia Nacional de Energia El\u00e9trica\",\"ANEEL\",\"apag\u00e3o\",\"apag\u00e3o de 2023\",\"e\u00f3lica\",\"Fernando Mosna\",\"Gentil Nogueira\",\"solar\",\"Willamy Frota\"],\"articleSection\":[\"Geral\",\"iNFRAEnergia\"],\"inLanguage\":\"pt-BR\",\"copyrightYear\":\"2025\",\"copyrightHolder\":{\"@id\":\"https:\/\/agenciainfra.com\/blog\/#organization\"}},{\"@type\":\"WebPage\",\"@id\":\"https:\/\/agenciainfra.com\/blog\/recursos-de-geradores-sobre-apagao-de-2023-sao-sorteados-na-aneel\/\",\"url\":\"https:\/\/agenciainfra.com\/blog\/recursos-de-geradores-sobre-apagao-de-2023-sao-sorteados-na-aneel\/\",\"name\":\"Recursos de geradores sobre apag\u00e3o de 2023 s\u00e3o sorteados na ANEEL - Ag\u00eancia iNFRA\",\"isPartOf\":{\"@id\":\"https:\/\/agenciainfra.com\/blog\/#website\"},\"primaryImageOfPage\":{\"@id\":\"https:\/\/agenciainfra.com\/blog\/recursos-de-geradores-sobre-apagao-de-2023-sao-sorteados-na-aneel\/#primaryimage\"},\"image\":{\"@id\":\"https:\/\/agenciainfra.com\/blog\/recursos-de-geradores-sobre-apagao-de-2023-sao-sorteados-na-aneel\/#primaryimage\"},\"thumbnailUrl\":\"https:\/\/agenciainfra.com\/blog\/wp-content\/uploads\/2020\/08\/fachada-aneel-foto-divulgacao-e1750161921473.jpg\",\"datePublished\":\"2025-10-13T13:45:12+00:00\",\"dateModified\":\"2025-10-14T17:52:33+00:00\",\"breadcrumb\":{\"@id\":\"https:\/\/agenciainfra.com\/blog\/recursos-de-geradores-sobre-apagao-de-2023-sao-sorteados-na-aneel\/#breadcrumb\"},\"inLanguage\":\"pt-BR\",\"potentialAction\":[{\"@type\":\"ReadAction\",\"target\":[\"https:\/\/agenciainfra.com\/blog\/recursos-de-geradores-sobre-apagao-de-2023-sao-sorteados-na-aneel\/\"]}]},{\"@type\":\"ImageObject\",\"inLanguage\":\"pt-BR\",\"@id\":\"https:\/\/agenciainfra.com\/blog\/recursos-de-geradores-sobre-apagao-de-2023-sao-sorteados-na-aneel\/#primaryimage\",\"url\":\"https:\/\/agenciainfra.com\/blog\/wp-content\/uploads\/2020\/08\/fachada-aneel-foto-divulgacao-e1750161921473.jpg\",\"contentUrl\":\"https:\/\/agenciainfra.com\/blog\/wp-content\/uploads\/2020\/08\/fachada-aneel-foto-divulgacao-e1750161921473.jpg\",\"width\":1280,\"height\":768,\"caption\":\"Foto: Divulga\u00e7\u00e3o\/ANEEL\"},{\"@type\":\"BreadcrumbList\",\"@id\":\"https:\/\/agenciainfra.com\/blog\/recursos-de-geradores-sobre-apagao-de-2023-sao-sorteados-na-aneel\/#breadcrumb\",\"itemListElement\":[{\"@type\":\"ListItem\",\"position\":1,\"name\":\"In\u00edcio\",\"item\":\"https:\/\/agenciainfra.com\/blog\/\"},{\"@type\":\"ListItem\",\"position\":2,\"name\":\"Recursos de geradores sobre apag\u00e3o de 2023 s\u00e3o sorteados na ANEEL\"}]},{\"@type\":\"WebSite\",\"@id\":\"https:\/\/agenciainfra.com\/blog\/#website\",\"url\":\"https:\/\/agenciainfra.com\/blog\/\",\"name\":\"Ag\u00eancia iNFRA\",\"description\":\"Multiplataforma de informa\u00e7\u00e3o jornal\u00edstica refer\u00eancia na \u00e1rea de infraestrutura no Brasil!\",\"publisher\":{\"@id\":\"https:\/\/agenciainfra.com\/blog\/#organization\"},\"potentialAction\":[{\"@type\":\"SearchAction\",\"target\":{\"@type\":\"EntryPoint\",\"urlTemplate\":\"https:\/\/agenciainfra.com\/blog\/?s={search_term_string}\"},\"query-input\":{\"@type\":\"PropertyValueSpecification\",\"valueRequired\":true,\"valueName\":\"search_term_string\"}}],\"inLanguage\":\"pt-BR\"},{\"@type\":\"Organization\",\"@id\":\"https:\/\/agenciainfra.com\/blog\/#organization\",\"name\":\"Ag\u00eancia iNFRA\",\"url\":\"https:\/\/agenciainfra.com\/blog\/\",\"logo\":{\"@type\":\"ImageObject\",\"inLanguage\":\"pt-BR\",\"@id\":\"https:\/\/agenciainfra.com\/blog\/#\/schema\/logo\/image\/\",\"url\":\"https:\/\/agenciainfra.com\/blog\/wp-content\/uploads\/2023\/09\/iNFRA_5-e1761735885940.png\",\"contentUrl\":\"https:\/\/agenciainfra.com\/blog\/wp-content\/uploads\/2023\/09\/iNFRA_5-e1761735885940.png\",\"width\":1672,\"height\":454,\"caption\":\"Ag\u00eancia iNFRA\"},\"image\":{\"@id\":\"https:\/\/agenciainfra.com\/blog\/#\/schema\/logo\/image\/\"},\"sameAs\":[\"https:\/\/www.facebook.com\/ageninfra\",\"https:\/\/x.com\/agencia_infra\",\"https:\/\/www.linkedin.com\/company\/ag\u00eanciainfra\/\",\"https:\/\/www.instagram.com\/agenciainfra\/\"]},{\"@type\":\"Person\",\"@id\":\"https:\/\/agenciainfra.com\/blog\/#\/schema\/person\/34af08dff6adea4cb22b06612ba7acfa\",\"name\":\"Ag\u00eancia iNFRA\",\"image\":{\"@type\":\"ImageObject\",\"inLanguage\":\"pt-BR\",\"@id\":\"https:\/\/agenciainfra.com\/blog\/#\/schema\/person\/image\/\",\"url\":\"https:\/\/secure.gravatar.com\/avatar\/d189e01678f06d8eb84d4e01f08eb848b3fffe3f8443818d3c356c66892f5be8?s=96&d=mm&r=g\",\"contentUrl\":\"https:\/\/secure.gravatar.com\/avatar\/d189e01678f06d8eb84d4e01f08eb848b3fffe3f8443818d3c356c66892f5be8?s=96&d=mm&r=g\",\"caption\":\"Ag\u00eancia iNFRA\"},\"url\":\"https:\/\/agenciainfra.com\/blog\/author\/admin\/\"}]}<\/script>\n<!-- \/ Yoast SEO Premium plugin. -->","yoast_head_json":{"title":"Recursos de geradores sobre apag\u00e3o de 2023 s\u00e3o sorteados na ANEEL - Ag\u00eancia iNFRA","robots":{"index":"index","follow":"follow","max-snippet":"max-snippet:-1","max-image-preview":"max-image-preview:large","max-video-preview":"max-video-preview:-1"},"canonical":"https:\/\/agenciainfra.com\/blog\/recursos-de-geradores-sobre-apagao-de-2023-sao-sorteados-na-aneel\/","og_locale":"pt_BR","og_type":"article","og_title":"Recursos de geradores sobre apag\u00e3o de 2023 s\u00e3o sorteados na ANEEL","og_description":"da Ag\u00eancia iNFRA A ANEEL (Ag\u00eancia Nacional de Energia El\u00e9trica) sorteou nesta segunda-feira (13) a relatoria de recursos administrativos interpostos por geradores e\u00f3licos e solares contra multas aplicadas pela reguladora referente ao apag\u00e3o de agosto de 2023. Os dois maiores processos (itens 6 e 8 do sorteio), com mais agentes envolvidos, ser\u00e3o relatados pelo diretor [&hellip;]","og_url":"https:\/\/agenciainfra.com\/blog\/recursos-de-geradores-sobre-apagao-de-2023-sao-sorteados-na-aneel\/","og_site_name":"Ag\u00eancia iNFRA","article_publisher":"https:\/\/www.facebook.com\/ageninfra","article_published_time":"2025-10-13T13:45:12+00:00","article_modified_time":"2025-10-14T17:52:33+00:00","og_image":[{"width":1280,"height":768,"url":"https:\/\/agenciainfra.com\/blog\/wp-content\/uploads\/2020\/08\/fachada-aneel-foto-divulgacao-e1750161921473.jpg","type":"image\/jpeg"}],"author":"Ag\u00eancia iNFRA","twitter_card":"summary_large_image","twitter_creator":"@agencia_infra","twitter_site":"@agencia_infra","twitter_misc":{"Escrito por":"Ag\u00eancia iNFRA","Est. tempo de leitura":"1 minuto"},"schema":{"@context":"https:\/\/schema.org","@graph":[{"@type":"Article","@id":"https:\/\/agenciainfra.com\/blog\/recursos-de-geradores-sobre-apagao-de-2023-sao-sorteados-na-aneel\/#article","isPartOf":{"@id":"https:\/\/agenciainfra.com\/blog\/recursos-de-geradores-sobre-apagao-de-2023-sao-sorteados-na-aneel\/"},"author":{"name":"Ag\u00eancia iNFRA","@id":"https:\/\/agenciainfra.com\/blog\/#\/schema\/person\/34af08dff6adea4cb22b06612ba7acfa"},"headline":"Recursos de geradores sobre apag\u00e3o de 2023 s\u00e3o sorteados na ANEEL","datePublished":"2025-10-13T13:45:12+00:00","dateModified":"2025-10-14T17:52:33+00:00","mainEntityOfPage":{"@id":"https:\/\/agenciainfra.com\/blog\/recursos-de-geradores-sobre-apagao-de-2023-sao-sorteados-na-aneel\/"},"wordCount":210,"publisher":{"@id":"https:\/\/agenciainfra.com\/blog\/#organization"},"image":{"@id":"https:\/\/agenciainfra.com\/blog\/recursos-de-geradores-sobre-apagao-de-2023-sao-sorteados-na-aneel\/#primaryimage"},"thumbnailUrl":"https:\/\/agenciainfra.com\/blog\/wp-content\/uploads\/2020\/08\/fachada-aneel-foto-divulgacao-e1750161921473.jpg","keywords":["Ag\u00eancia Nacional de Energia El\u00e9trica","ANEEL","apag\u00e3o","apag\u00e3o de 2023","e\u00f3lica","Fernando Mosna","Gentil Nogueira","solar","Willamy Frota"],"articleSection":["Geral","iNFRAEnergia"],"inLanguage":"pt-BR","copyrightYear":"2025","copyrightHolder":{"@id":"https:\/\/agenciainfra.com\/blog\/#organization"}},{"@type":"WebPage","@id":"https:\/\/agenciainfra.com\/blog\/recursos-de-geradores-sobre-apagao-de-2023-sao-sorteados-na-aneel\/","url":"https:\/\/agenciainfra.com\/blog\/recursos-de-geradores-sobre-apagao-de-2023-sao-sorteados-na-aneel\/","name":"Recursos de geradores sobre apag\u00e3o de 2023 s\u00e3o sorteados na ANEEL - Ag\u00eancia iNFRA","isPartOf":{"@id":"https:\/\/agenciainfra.com\/blog\/#website"},"primaryImageOfPage":{"@id":"https:\/\/agenciainfra.com\/blog\/recursos-de-geradores-sobre-apagao-de-2023-sao-sorteados-na-aneel\/#primaryimage"},"image":{"@id":"https:\/\/agenciainfra.com\/blog\/recursos-de-geradores-sobre-apagao-de-2023-sao-sorteados-na-aneel\/#primaryimage"},"thumbnailUrl":"https:\/\/agenciainfra.com\/blog\/wp-content\/uploads\/2020\/08\/fachada-aneel-foto-divulgacao-e1750161921473.jpg","datePublished":"2025-10-13T13:45:12+00:00","dateModified":"2025-10-14T17:52:33+00:00","breadcrumb":{"@id":"https:\/\/agenciainfra.com\/blog\/recursos-de-geradores-sobre-apagao-de-2023-sao-sorteados-na-aneel\/#breadcrumb"},"inLanguage":"pt-BR","potentialAction":[{"@type":"ReadAction","target":["https:\/\/agenciainfra.com\/blog\/recursos-de-geradores-sobre-apagao-de-2023-sao-sorteados-na-aneel\/"]}]},{"@type":"ImageObject","inLanguage":"pt-BR","@id":"https:\/\/agenciainfra.com\/blog\/recursos-de-geradores-sobre-apagao-de-2023-sao-sorteados-na-aneel\/#primaryimage","url":"https:\/\/agenciainfra.com\/blog\/wp-content\/uploads\/2020\/08\/fachada-aneel-foto-divulgacao-e1750161921473.jpg","contentUrl":"https:\/\/agenciainfra.com\/blog\/wp-content\/uploads\/2020\/08\/fachada-aneel-foto-divulgacao-e1750161921473.jpg","width":1280,"height":768,"caption":"Foto: Divulga\u00e7\u00e3o\/ANEEL"},{"@type":"BreadcrumbList","@id":"https:\/\/agenciainfra.com\/blog\/recursos-de-geradores-sobre-apagao-de-2023-sao-sorteados-na-aneel\/#breadcrumb","itemListElement":[{"@type":"ListItem","position":1,"name":"In\u00edcio","item":"https:\/\/agenciainfra.com\/blog\/"},{"@type":"ListItem","position":2,"name":"Recursos de geradores sobre apag\u00e3o de 2023 s\u00e3o sorteados na ANEEL"}]},{"@type":"WebSite","@id":"https:\/\/agenciainfra.com\/blog\/#website","url":"https:\/\/agenciainfra.com\/blog\/","name":"Ag\u00eancia iNFRA","description":"Multiplataforma de informa\u00e7\u00e3o jornal\u00edstica refer\u00eancia na \u00e1rea de infraestrutura no Brasil!","publisher":{"@id":"https:\/\/agenciainfra.com\/blog\/#organization"},"potentialAction":[{"@type":"SearchAction","target":{"@type":"EntryPoint","urlTemplate":"https:\/\/agenciainfra.com\/blog\/?s={search_term_string}"},"query-input":{"@type":"PropertyValueSpecification","valueRequired":true,"valueName":"search_term_string"}}],"inLanguage":"pt-BR"},{"@type":"Organization","@id":"https:\/\/agenciainfra.com\/blog\/#organization","name":"Ag\u00eancia iNFRA","url":"https:\/\/agenciainfra.com\/blog\/","logo":{"@type":"ImageObject","inLanguage":"pt-BR","@id":"https:\/\/agenciainfra.com\/blog\/#\/schema\/logo\/image\/","url":"https:\/\/agenciainfra.com\/blog\/wp-content\/uploads\/2023\/09\/iNFRA_5-e1761735885940.png","contentUrl":"https:\/\/agenciainfra.com\/blog\/wp-content\/uploads\/2023\/09\/iNFRA_5-e1761735885940.png","width":1672,"height":454,"caption":"Ag\u00eancia iNFRA"},"image":{"@id":"https:\/\/agenciainfra.com\/blog\/#\/schema\/logo\/image\/"},"sameAs":["https:\/\/www.facebook.com\/ageninfra","https:\/\/x.com\/agencia_infra","https:\/\/www.linkedin.com\/company\/ag\u00eanciainfra\/","https:\/\/www.instagram.com\/agenciainfra\/"]},{"@type":"Person","@id":"https:\/\/agenciainfra.com\/blog\/#\/schema\/person\/34af08dff6adea4cb22b06612ba7acfa","name":"Ag\u00eancia iNFRA","image":{"@type":"ImageObject","inLanguage":"pt-BR","@id":"https:\/\/agenciainfra.com\/blog\/#\/schema\/person\/image\/","url":"https:\/\/secure.gravatar.com\/avatar\/d189e01678f06d8eb84d4e01f08eb848b3fffe3f8443818d3c356c66892f5be8?s=96&d=mm&r=g","contentUrl":"https:\/\/secure.gravatar.com\/avatar\/d189e01678f06d8eb84d4e01f08eb848b3fffe3f8443818d3c356c66892f5be8?s=96&d=mm&r=g","caption":"Ag\u00eancia iNFRA"},"url":"https:\/\/agenciainfra.com\/blog\/author\/admin\/"}]}},"_links":{"self":[{"href":"https:\/\/agenciainfra.com\/blog\/wp-json\/wp\/v2\/posts\/29672","targetHints":{"allow":["GET"]}}],"collection":[{"href":"https:\/\/agenciainfra.com\/blog\/wp-json\/wp\/v2\/posts"}],"about":[{"href":"https:\/\/agenciainfra.com\/blog\/wp-json\/wp\/v2\/types\/post"}],"author":[{"embeddable":true,"href":"https:\/\/agenciainfra.com\/blog\/wp-json\/wp\/v2\/users\/1"}],"replies":[{"embeddable":true,"href":"https:\/\/agenciainfra.com\/blog\/wp-json\/wp\/v2\/comments?post=29672"}],"version-history":[{"count":1,"href":"https:\/\/agenciainfra.com\/blog\/wp-json\/wp\/v2\/posts\/29672\/revisions"}],"predecessor-version":[{"id":29674,"href":"https:\/\/agenciainfra.com\/blog\/wp-json\/wp\/v2\/posts\/29672\/revisions\/29674"}],"wp:featuredmedia":[{"embeddable":true,"href":"https:\/\/agenciainfra.com\/blog\/wp-json\/wp\/v2\/media\/5644"}],"wp:attachment":[{"href":"https:\/\/agenciainfra.com\/blog\/wp-json\/wp\/v2\/media?parent=29672"}],"wp:term":[{"taxonomy":"category","embeddable":true,"href":"https:\/\/agenciainfra.com\/blog\/wp-json\/wp\/v2\/categories?post=29672"},{"taxonomy":"post_tag","embeddable":true,"href":"https:\/\/agenciainfra.com\/blog\/wp-json\/wp\/v2\/tags?post=29672"}],"curies":[{"name":"wp","href":"https:\/\/api.w.org\/{rel}","templated":true}]}}