{"id":2970,"date":"2019-03-12T04:00:03","date_gmt":"2019-03-12T07:00:03","guid":{"rendered":"http:\/\/www.agenciainfra.com\/blog\/?p=2970"},"modified":"2019-03-11T07:57:37","modified_gmt":"2019-03-11T10:57:37","slug":"aneel-quer-nova-regra-de-geracao-distribuida-concluida-no-2o-semestre","status":"publish","type":"post","link":"https:\/\/agenciainfra.com\/blog\/aneel-quer-nova-regra-de-geracao-distribuida-concluida-no-2o-semestre\/","title":{"rendered":"ANEEL quer nova regra de gera\u00e7\u00e3o distribu\u00edda conclu\u00edda no 2\u00ba semestre"},"content":{"rendered":"<h5 style=\"text-align: right;\"><strong>Dimmi Amora,\u00a0da Ag\u00eancia iNFRA<\/strong><\/h5>\n<p>A ANEEL (Ag\u00eancia Nacional de Energia El\u00e9trica) realiza nesta quinta-feira (14) a segunda sess\u00e3o presencial da Audi\u00eancia P\u00fablica 01\/2019, que trata de nova resolu\u00e7\u00e3o para regular a gera\u00e7\u00e3o distribu\u00edda no pa\u00eds. O plano da ag\u00eancia \u00e9 ter uma nova resolu\u00e7\u00e3o ainda neste ano.<\/p>\n<p>O diretor que relata o tema, Rodrigo Limp, afirmou que em S\u00e3o Paulo a expectativa \u00e9 que se repita o que ocorreu na reuni\u00e3o em Bras\u00edlia, com ativa participa\u00e7\u00e3o de distribuidores, conselhos de consumidores, universidades e geradores.<\/p>\n<p>&#8220;A grande participa\u00e7\u00e3o dos agentes neste processo demonstra a import\u00e2ncia do tema para a sociedade e contribui ativamente para o aprimoramento da regulamenta\u00e7\u00e3o&#8221;, afirmou o diretor.<\/p>\n<p>Al\u00e9m da sess\u00e3o presencial em S\u00e3o Paulo, a ANEEL planeja um outro evento em Fortaleza. A seguir, as contribui\u00e7\u00f5es ser\u00e3o analisadas e a inten\u00e7\u00e3o \u00e9 preparar a minuta da nova resolu\u00e7\u00e3o para a fase final de consulta no in\u00edcio do segundo semestre.<\/p>\n<p>A transi\u00e7\u00e3o para os consumidores que est\u00e3o nas regras atuais para a nova resolu\u00e7\u00e3o \u00e9 at\u00e9 agora o ponto de maior diverg\u00eancia com os agentes de mercado. A regra prev\u00ea um per\u00edodo de 25 anos para quem estiver no sistema at\u00e9 a nova data. H\u00e1 proposta para que n\u00e3o haja transi\u00e7\u00e3o.<\/p>\n<p>&#8220;Um dos pilares de atua\u00e7\u00e3o da ag\u00eancia \u00e9 a previsibilidade, que contribui para uma maior estabilidade regulat\u00f3ria e seguran\u00e7a jur\u00eddica. Neste sentido, \u00e9 importante garantir um per\u00edodo de transi\u00e7\u00e3o para aqueles que instalaram a gera\u00e7\u00e3o antes da aprova\u00e7\u00e3o da nova regra&#8221;, defendeu o diretor.<\/p>\n<p>Pela resolu\u00e7\u00e3o em vigor, a 482\/2012, os consumidores que t\u00eam sistema de gera\u00e7\u00e3o pr\u00f3prio n\u00e3o pagam pela rede de distribui\u00e7\u00e3o. O foco principal da mudan\u00e7a \u00e9 que eles passem a pagar com parte da energia excedente produzida. As alternativas variam entre uma taxa de 28% a 63% do que for injetado, em m\u00e9dia.<\/p>\n<p>Ou seja, de cada 100 kW injetados pelo consumidor na rede, ele receberia de volta ou poderia colocar em outra unidade na mesma regi\u00e3o 72 kW na menor alternativa.<\/p>\n<p>Outro ponto em debate \u00e9 o tempo para a introdu\u00e7\u00e3o das novas regras. A ideia \u00e9 que a nova regra passe a valer a partir de um gatilho de gera\u00e7\u00e3o distribu\u00edda.<\/p>\n<p>No caso da gera\u00e7\u00e3o local, a ideia \u00e9 que esse gatilho (somando todo o Brasil) seja quando se atingir 3,4 GW de produ\u00e7\u00e3o. Para a gera\u00e7\u00e3o remota, o gatilho seria em 1,25 GW para iniciar a cobran\u00e7a que seria aumentada quando chegasse a 2,13 GW. Atualmente o consumo est\u00e1 em 0,57 GW.<\/p>\n<p>Limp explicou que cada distribuidora ter\u00e1 seu pr\u00f3prio gatilho para que o pa\u00eds possa ter um crescimento mais uniforme desse tipo de produ\u00e7\u00e3o. A estimativa \u00e9 que o pa\u00eds possa gerar 21 GW de energia por esses sistemas at\u00e9 2035.<\/p>\n","protected":false},"excerpt":{"rendered":"<p>Dimmi Amora,\u00a0da Ag\u00eancia iNFRA A ANEEL (Ag\u00eancia Nacional de Energia El\u00e9trica) realiza nesta quinta-feira (14) a segunda sess\u00e3o presencial da Audi\u00eancia P\u00fablica 01\/2019, que trata de nova resolu\u00e7\u00e3o para regular a gera\u00e7\u00e3o distribu\u00edda no pa\u00eds. O plano da ag\u00eancia \u00e9 ter uma nova resolu\u00e7\u00e3o ainda neste ano. O diretor que relata o tema, Rodrigo Limp, [&hellip;]<\/p>\n","protected":false},"author":9,"featured_media":2972,"comment_status":"closed","ping_status":"open","sticky":false,"template":"","format":"standard","meta":{"_monsterinsights_skip_tracking":false,"_monsterinsights_sitenote_active":false,"_monsterinsights_sitenote_note":"","_monsterinsights_sitenote_category":0,"footnotes":""},"categories":[10],"tags":[852,53,850,851],"class_list":["post-2970","post","type-post","status-publish","format-standard","has-post-thumbnail","hentry","category-infraenergia","tag-agencia-nacional-de-energia-eletrica","tag-aneel","tag-geracao-distribuida","tag-rodrigo-limp"],"yoast_head":"<!-- This site is optimized with the Yoast SEO Premium plugin v25.4 (Yoast SEO v26.0) - https:\/\/yoast.com\/wordpress\/plugins\/seo\/ -->\n<title>ANEEL quer nova regra de gera\u00e7\u00e3o distribu\u00edda conclu\u00edda no 2\u00ba semestre - Ag\u00eancia iNFRA<\/title>\n<meta name=\"robots\" content=\"index, follow, max-snippet:-1, max-image-preview:large, max-video-preview:-1\" \/>\n<link rel=\"canonical\" href=\"https:\/\/agenciainfra.com\/blog\/aneel-quer-nova-regra-de-geracao-distribuida-concluida-no-2o-semestre\/\" \/>\n<meta property=\"og:locale\" content=\"pt_BR\" \/>\n<meta property=\"og:type\" content=\"article\" \/>\n<meta property=\"og:title\" content=\"ANEEL quer nova regra de gera\u00e7\u00e3o distribu\u00edda conclu\u00edda no 2\u00ba semestre\" \/>\n<meta property=\"og:description\" content=\"Dimmi Amora,\u00a0da Ag\u00eancia iNFRA A ANEEL (Ag\u00eancia Nacional de Energia El\u00e9trica) realiza nesta quinta-feira (14) a segunda sess\u00e3o presencial da Audi\u00eancia P\u00fablica 01\/2019, que trata de nova resolu\u00e7\u00e3o para regular a gera\u00e7\u00e3o distribu\u00edda no pa\u00eds. O plano da ag\u00eancia \u00e9 ter uma nova resolu\u00e7\u00e3o ainda neste ano. O diretor que relata o tema, Rodrigo Limp, [&hellip;]\" \/>\n<meta property=\"og:url\" content=\"https:\/\/agenciainfra.com\/blog\/aneel-quer-nova-regra-de-geracao-distribuida-concluida-no-2o-semestre\/\" \/>\n<meta property=\"og:site_name\" content=\"Ag\u00eancia iNFRA\" \/>\n<meta property=\"article:publisher\" content=\"https:\/\/www.facebook.com\/ageninfra\" \/>\n<meta property=\"article:published_time\" content=\"2019-03-12T07:00:03+00:00\" \/>\n<meta property=\"og:image\" content=\"https:\/\/agenciainfra.com\/blog\/wp-content\/uploads\/2019\/03\/geracao-distribuida-divulgacao-tecpar.jpg\" \/>\n\t<meta property=\"og:image:width\" content=\"3000\" \/>\n\t<meta property=\"og:image:height\" content=\"2000\" \/>\n\t<meta property=\"og:image:type\" content=\"image\/jpeg\" \/>\n<meta name=\"author\" content=\"Rodrigo Zuquim\" \/>\n<meta name=\"twitter:card\" content=\"summary_large_image\" \/>\n<meta name=\"twitter:creator\" content=\"@agencia_infra\" \/>\n<meta name=\"twitter:site\" content=\"@agencia_infra\" \/>\n<meta name=\"twitter:label1\" content=\"Escrito por\" \/>\n\t<meta name=\"twitter:data1\" content=\"Rodrigo Zuquim\" \/>\n\t<meta name=\"twitter:label2\" content=\"Est. tempo de leitura\" \/>\n\t<meta name=\"twitter:data2\" content=\"2 minutos\" \/>\n<script type=\"application\/ld+json\" class=\"yoast-schema-graph\">{\"@context\":\"https:\/\/schema.org\",\"@graph\":[{\"@type\":\"Article\",\"@id\":\"https:\/\/agenciainfra.com\/blog\/aneel-quer-nova-regra-de-geracao-distribuida-concluida-no-2o-semestre\/#article\",\"isPartOf\":{\"@id\":\"https:\/\/agenciainfra.com\/blog\/aneel-quer-nova-regra-de-geracao-distribuida-concluida-no-2o-semestre\/\"},\"author\":{\"name\":\"Rodrigo Zuquim\",\"@id\":\"https:\/\/agenciainfra.com\/blog\/#\/schema\/person\/04dbb79bd6d8951f063da71f3e4c1eb1\"},\"headline\":\"ANEEL quer nova regra de gera\u00e7\u00e3o distribu\u00edda conclu\u00edda no 2\u00ba semestre\",\"datePublished\":\"2019-03-12T07:00:03+00:00\",\"mainEntityOfPage\":{\"@id\":\"https:\/\/agenciainfra.com\/blog\/aneel-quer-nova-regra-de-geracao-distribuida-concluida-no-2o-semestre\/\"},\"wordCount\":504,\"publisher\":{\"@id\":\"https:\/\/agenciainfra.com\/blog\/#organization\"},\"image\":{\"@id\":\"https:\/\/agenciainfra.com\/blog\/aneel-quer-nova-regra-de-geracao-distribuida-concluida-no-2o-semestre\/#primaryimage\"},\"thumbnailUrl\":\"https:\/\/agenciainfra.com\/blog\/wp-content\/uploads\/2019\/03\/geracao-distribuida-divulgacao-tecpar-e1746526886433.jpg\",\"keywords\":[\"Ag\u00eancia Nacional de Energia El\u00e9trica\",\"ANEEL\",\"gera\u00e7\u00e3o distribu\u00edda\",\"Rodrigo Limp\"],\"articleSection\":[\"iNFRAEnergia\"],\"inLanguage\":\"pt-BR\",\"copyrightYear\":\"2019\",\"copyrightHolder\":{\"@id\":\"https:\/\/agenciainfra.com\/blog\/#organization\"}},{\"@type\":\"WebPage\",\"@id\":\"https:\/\/agenciainfra.com\/blog\/aneel-quer-nova-regra-de-geracao-distribuida-concluida-no-2o-semestre\/\",\"url\":\"https:\/\/agenciainfra.com\/blog\/aneel-quer-nova-regra-de-geracao-distribuida-concluida-no-2o-semestre\/\",\"name\":\"ANEEL quer nova regra de gera\u00e7\u00e3o distribu\u00edda conclu\u00edda no 2\u00ba semestre - Ag\u00eancia iNFRA\",\"isPartOf\":{\"@id\":\"https:\/\/agenciainfra.com\/blog\/#website\"},\"primaryImageOfPage\":{\"@id\":\"https:\/\/agenciainfra.com\/blog\/aneel-quer-nova-regra-de-geracao-distribuida-concluida-no-2o-semestre\/#primaryimage\"},\"image\":{\"@id\":\"https:\/\/agenciainfra.com\/blog\/aneel-quer-nova-regra-de-geracao-distribuida-concluida-no-2o-semestre\/#primaryimage\"},\"thumbnailUrl\":\"https:\/\/agenciainfra.com\/blog\/wp-content\/uploads\/2019\/03\/geracao-distribuida-divulgacao-tecpar-e1746526886433.jpg\",\"datePublished\":\"2019-03-12T07:00:03+00:00\",\"breadcrumb\":{\"@id\":\"https:\/\/agenciainfra.com\/blog\/aneel-quer-nova-regra-de-geracao-distribuida-concluida-no-2o-semestre\/#breadcrumb\"},\"inLanguage\":\"pt-BR\",\"potentialAction\":[{\"@type\":\"ReadAction\",\"target\":[\"https:\/\/agenciainfra.com\/blog\/aneel-quer-nova-regra-de-geracao-distribuida-concluida-no-2o-semestre\/\"]}]},{\"@type\":\"ImageObject\",\"inLanguage\":\"pt-BR\",\"@id\":\"https:\/\/agenciainfra.com\/blog\/aneel-quer-nova-regra-de-geracao-distribuida-concluida-no-2o-semestre\/#primaryimage\",\"url\":\"https:\/\/agenciainfra.com\/blog\/wp-content\/uploads\/2019\/03\/geracao-distribuida-divulgacao-tecpar-e1746526886433.jpg\",\"contentUrl\":\"https:\/\/agenciainfra.com\/blog\/wp-content\/uploads\/2019\/03\/geracao-distribuida-divulgacao-tecpar-e1746526886433.jpg\",\"width\":1280,\"height\":853,\"caption\":\"Foto: Divulga\u00e7\u00e3o Tecpar\"},{\"@type\":\"BreadcrumbList\",\"@id\":\"https:\/\/agenciainfra.com\/blog\/aneel-quer-nova-regra-de-geracao-distribuida-concluida-no-2o-semestre\/#breadcrumb\",\"itemListElement\":[{\"@type\":\"ListItem\",\"position\":1,\"name\":\"In\u00edcio\",\"item\":\"https:\/\/agenciainfra.com\/blog\/\"},{\"@type\":\"ListItem\",\"position\":2,\"name\":\"ANEEL quer nova regra de gera\u00e7\u00e3o distribu\u00edda conclu\u00edda no 2\u00ba semestre\"}]},{\"@type\":\"WebSite\",\"@id\":\"https:\/\/agenciainfra.com\/blog\/#website\",\"url\":\"https:\/\/agenciainfra.com\/blog\/\",\"name\":\"Ag\u00eancia iNFRA\",\"description\":\"Multiplataforma de informa\u00e7\u00e3o jornal\u00edstica refer\u00eancia na \u00e1rea de infraestrutura no Brasil!\",\"publisher\":{\"@id\":\"https:\/\/agenciainfra.com\/blog\/#organization\"},\"potentialAction\":[{\"@type\":\"SearchAction\",\"target\":{\"@type\":\"EntryPoint\",\"urlTemplate\":\"https:\/\/agenciainfra.com\/blog\/?s={search_term_string}\"},\"query-input\":{\"@type\":\"PropertyValueSpecification\",\"valueRequired\":true,\"valueName\":\"search_term_string\"}}],\"inLanguage\":\"pt-BR\"},{\"@type\":\"Organization\",\"@id\":\"https:\/\/agenciainfra.com\/blog\/#organization\",\"name\":\"Ag\u00eancia iNFRA\",\"url\":\"https:\/\/agenciainfra.com\/blog\/\",\"logo\":{\"@type\":\"ImageObject\",\"inLanguage\":\"pt-BR\",\"@id\":\"https:\/\/agenciainfra.com\/blog\/#\/schema\/logo\/image\/\",\"url\":\"https:\/\/agenciainfra.com\/blog\/wp-content\/uploads\/2023\/09\/iNFRA_5-e1761735885940.png\",\"contentUrl\":\"https:\/\/agenciainfra.com\/blog\/wp-content\/uploads\/2023\/09\/iNFRA_5-e1761735885940.png\",\"width\":1672,\"height\":454,\"caption\":\"Ag\u00eancia iNFRA\"},\"image\":{\"@id\":\"https:\/\/agenciainfra.com\/blog\/#\/schema\/logo\/image\/\"},\"sameAs\":[\"https:\/\/www.facebook.com\/ageninfra\",\"https:\/\/x.com\/agencia_infra\",\"https:\/\/www.linkedin.com\/company\/ag\u00eanciainfra\/\",\"https:\/\/www.instagram.com\/agenciainfra\/\"]},{\"@type\":\"Person\",\"@id\":\"https:\/\/agenciainfra.com\/blog\/#\/schema\/person\/04dbb79bd6d8951f063da71f3e4c1eb1\",\"name\":\"Rodrigo Zuquim\",\"image\":{\"@type\":\"ImageObject\",\"inLanguage\":\"pt-BR\",\"@id\":\"https:\/\/agenciainfra.com\/blog\/#\/schema\/person\/image\/\",\"url\":\"https:\/\/secure.gravatar.com\/avatar\/594abfe82761d620726242ff34ca472a705a4b97f16c790053a6b4c4035274d0?s=96&d=mm&r=g\",\"contentUrl\":\"https:\/\/secure.gravatar.com\/avatar\/594abfe82761d620726242ff34ca472a705a4b97f16c790053a6b4c4035274d0?s=96&d=mm&r=g\",\"caption\":\"Rodrigo Zuquim\"},\"url\":\"https:\/\/agenciainfra.com\/blog\/author\/rodrigo-zuquim\/\"}]}<\/script>\n<!-- \/ Yoast SEO Premium plugin. -->","yoast_head_json":{"title":"ANEEL quer nova regra de gera\u00e7\u00e3o distribu\u00edda conclu\u00edda no 2\u00ba semestre - Ag\u00eancia iNFRA","robots":{"index":"index","follow":"follow","max-snippet":"max-snippet:-1","max-image-preview":"max-image-preview:large","max-video-preview":"max-video-preview:-1"},"canonical":"https:\/\/agenciainfra.com\/blog\/aneel-quer-nova-regra-de-geracao-distribuida-concluida-no-2o-semestre\/","og_locale":"pt_BR","og_type":"article","og_title":"ANEEL quer nova regra de gera\u00e7\u00e3o distribu\u00edda conclu\u00edda no 2\u00ba semestre","og_description":"Dimmi Amora,\u00a0da Ag\u00eancia iNFRA A ANEEL (Ag\u00eancia Nacional de Energia El\u00e9trica) realiza nesta quinta-feira (14) a segunda sess\u00e3o presencial da Audi\u00eancia P\u00fablica 01\/2019, que trata de nova resolu\u00e7\u00e3o para regular a gera\u00e7\u00e3o distribu\u00edda no pa\u00eds. O plano da ag\u00eancia \u00e9 ter uma nova resolu\u00e7\u00e3o ainda neste ano. O diretor que relata o tema, Rodrigo Limp, [&hellip;]","og_url":"https:\/\/agenciainfra.com\/blog\/aneel-quer-nova-regra-de-geracao-distribuida-concluida-no-2o-semestre\/","og_site_name":"Ag\u00eancia iNFRA","article_publisher":"https:\/\/www.facebook.com\/ageninfra","article_published_time":"2019-03-12T07:00:03+00:00","og_image":[{"width":3000,"height":2000,"url":"https:\/\/agenciainfra.com\/blog\/wp-content\/uploads\/2019\/03\/geracao-distribuida-divulgacao-tecpar.jpg","type":"image\/jpeg"}],"author":"Rodrigo Zuquim","twitter_card":"summary_large_image","twitter_creator":"@agencia_infra","twitter_site":"@agencia_infra","twitter_misc":{"Escrito por":"Rodrigo Zuquim","Est. tempo de leitura":"2 minutos"},"schema":{"@context":"https:\/\/schema.org","@graph":[{"@type":"Article","@id":"https:\/\/agenciainfra.com\/blog\/aneel-quer-nova-regra-de-geracao-distribuida-concluida-no-2o-semestre\/#article","isPartOf":{"@id":"https:\/\/agenciainfra.com\/blog\/aneel-quer-nova-regra-de-geracao-distribuida-concluida-no-2o-semestre\/"},"author":{"name":"Rodrigo Zuquim","@id":"https:\/\/agenciainfra.com\/blog\/#\/schema\/person\/04dbb79bd6d8951f063da71f3e4c1eb1"},"headline":"ANEEL quer nova regra de gera\u00e7\u00e3o distribu\u00edda conclu\u00edda no 2\u00ba semestre","datePublished":"2019-03-12T07:00:03+00:00","mainEntityOfPage":{"@id":"https:\/\/agenciainfra.com\/blog\/aneel-quer-nova-regra-de-geracao-distribuida-concluida-no-2o-semestre\/"},"wordCount":504,"publisher":{"@id":"https:\/\/agenciainfra.com\/blog\/#organization"},"image":{"@id":"https:\/\/agenciainfra.com\/blog\/aneel-quer-nova-regra-de-geracao-distribuida-concluida-no-2o-semestre\/#primaryimage"},"thumbnailUrl":"https:\/\/agenciainfra.com\/blog\/wp-content\/uploads\/2019\/03\/geracao-distribuida-divulgacao-tecpar-e1746526886433.jpg","keywords":["Ag\u00eancia Nacional de Energia El\u00e9trica","ANEEL","gera\u00e7\u00e3o distribu\u00edda","Rodrigo Limp"],"articleSection":["iNFRAEnergia"],"inLanguage":"pt-BR","copyrightYear":"2019","copyrightHolder":{"@id":"https:\/\/agenciainfra.com\/blog\/#organization"}},{"@type":"WebPage","@id":"https:\/\/agenciainfra.com\/blog\/aneel-quer-nova-regra-de-geracao-distribuida-concluida-no-2o-semestre\/","url":"https:\/\/agenciainfra.com\/blog\/aneel-quer-nova-regra-de-geracao-distribuida-concluida-no-2o-semestre\/","name":"ANEEL quer nova regra de gera\u00e7\u00e3o distribu\u00edda conclu\u00edda no 2\u00ba semestre - Ag\u00eancia iNFRA","isPartOf":{"@id":"https:\/\/agenciainfra.com\/blog\/#website"},"primaryImageOfPage":{"@id":"https:\/\/agenciainfra.com\/blog\/aneel-quer-nova-regra-de-geracao-distribuida-concluida-no-2o-semestre\/#primaryimage"},"image":{"@id":"https:\/\/agenciainfra.com\/blog\/aneel-quer-nova-regra-de-geracao-distribuida-concluida-no-2o-semestre\/#primaryimage"},"thumbnailUrl":"https:\/\/agenciainfra.com\/blog\/wp-content\/uploads\/2019\/03\/geracao-distribuida-divulgacao-tecpar-e1746526886433.jpg","datePublished":"2019-03-12T07:00:03+00:00","breadcrumb":{"@id":"https:\/\/agenciainfra.com\/blog\/aneel-quer-nova-regra-de-geracao-distribuida-concluida-no-2o-semestre\/#breadcrumb"},"inLanguage":"pt-BR","potentialAction":[{"@type":"ReadAction","target":["https:\/\/agenciainfra.com\/blog\/aneel-quer-nova-regra-de-geracao-distribuida-concluida-no-2o-semestre\/"]}]},{"@type":"ImageObject","inLanguage":"pt-BR","@id":"https:\/\/agenciainfra.com\/blog\/aneel-quer-nova-regra-de-geracao-distribuida-concluida-no-2o-semestre\/#primaryimage","url":"https:\/\/agenciainfra.com\/blog\/wp-content\/uploads\/2019\/03\/geracao-distribuida-divulgacao-tecpar-e1746526886433.jpg","contentUrl":"https:\/\/agenciainfra.com\/blog\/wp-content\/uploads\/2019\/03\/geracao-distribuida-divulgacao-tecpar-e1746526886433.jpg","width":1280,"height":853,"caption":"Foto: Divulga\u00e7\u00e3o Tecpar"},{"@type":"BreadcrumbList","@id":"https:\/\/agenciainfra.com\/blog\/aneel-quer-nova-regra-de-geracao-distribuida-concluida-no-2o-semestre\/#breadcrumb","itemListElement":[{"@type":"ListItem","position":1,"name":"In\u00edcio","item":"https:\/\/agenciainfra.com\/blog\/"},{"@type":"ListItem","position":2,"name":"ANEEL quer nova regra de gera\u00e7\u00e3o distribu\u00edda conclu\u00edda no 2\u00ba semestre"}]},{"@type":"WebSite","@id":"https:\/\/agenciainfra.com\/blog\/#website","url":"https:\/\/agenciainfra.com\/blog\/","name":"Ag\u00eancia iNFRA","description":"Multiplataforma de informa\u00e7\u00e3o jornal\u00edstica refer\u00eancia na \u00e1rea de infraestrutura no Brasil!","publisher":{"@id":"https:\/\/agenciainfra.com\/blog\/#organization"},"potentialAction":[{"@type":"SearchAction","target":{"@type":"EntryPoint","urlTemplate":"https:\/\/agenciainfra.com\/blog\/?s={search_term_string}"},"query-input":{"@type":"PropertyValueSpecification","valueRequired":true,"valueName":"search_term_string"}}],"inLanguage":"pt-BR"},{"@type":"Organization","@id":"https:\/\/agenciainfra.com\/blog\/#organization","name":"Ag\u00eancia iNFRA","url":"https:\/\/agenciainfra.com\/blog\/","logo":{"@type":"ImageObject","inLanguage":"pt-BR","@id":"https:\/\/agenciainfra.com\/blog\/#\/schema\/logo\/image\/","url":"https:\/\/agenciainfra.com\/blog\/wp-content\/uploads\/2023\/09\/iNFRA_5-e1761735885940.png","contentUrl":"https:\/\/agenciainfra.com\/blog\/wp-content\/uploads\/2023\/09\/iNFRA_5-e1761735885940.png","width":1672,"height":454,"caption":"Ag\u00eancia iNFRA"},"image":{"@id":"https:\/\/agenciainfra.com\/blog\/#\/schema\/logo\/image\/"},"sameAs":["https:\/\/www.facebook.com\/ageninfra","https:\/\/x.com\/agencia_infra","https:\/\/www.linkedin.com\/company\/ag\u00eanciainfra\/","https:\/\/www.instagram.com\/agenciainfra\/"]},{"@type":"Person","@id":"https:\/\/agenciainfra.com\/blog\/#\/schema\/person\/04dbb79bd6d8951f063da71f3e4c1eb1","name":"Rodrigo Zuquim","image":{"@type":"ImageObject","inLanguage":"pt-BR","@id":"https:\/\/agenciainfra.com\/blog\/#\/schema\/person\/image\/","url":"https:\/\/secure.gravatar.com\/avatar\/594abfe82761d620726242ff34ca472a705a4b97f16c790053a6b4c4035274d0?s=96&d=mm&r=g","contentUrl":"https:\/\/secure.gravatar.com\/avatar\/594abfe82761d620726242ff34ca472a705a4b97f16c790053a6b4c4035274d0?s=96&d=mm&r=g","caption":"Rodrigo Zuquim"},"url":"https:\/\/agenciainfra.com\/blog\/author\/rodrigo-zuquim\/"}]}},"_links":{"self":[{"href":"https:\/\/agenciainfra.com\/blog\/wp-json\/wp\/v2\/posts\/2970","targetHints":{"allow":["GET"]}}],"collection":[{"href":"https:\/\/agenciainfra.com\/blog\/wp-json\/wp\/v2\/posts"}],"about":[{"href":"https:\/\/agenciainfra.com\/blog\/wp-json\/wp\/v2\/types\/post"}],"author":[{"embeddable":true,"href":"https:\/\/agenciainfra.com\/blog\/wp-json\/wp\/v2\/users\/9"}],"replies":[{"embeddable":true,"href":"https:\/\/agenciainfra.com\/blog\/wp-json\/wp\/v2\/comments?post=2970"}],"version-history":[{"count":0,"href":"https:\/\/agenciainfra.com\/blog\/wp-json\/wp\/v2\/posts\/2970\/revisions"}],"wp:featuredmedia":[{"embeddable":true,"href":"https:\/\/agenciainfra.com\/blog\/wp-json\/wp\/v2\/media\/2972"}],"wp:attachment":[{"href":"https:\/\/agenciainfra.com\/blog\/wp-json\/wp\/v2\/media?parent=2970"}],"wp:term":[{"taxonomy":"category","embeddable":true,"href":"https:\/\/agenciainfra.com\/blog\/wp-json\/wp\/v2\/categories?post=2970"},{"taxonomy":"post_tag","embeddable":true,"href":"https:\/\/agenciainfra.com\/blog\/wp-json\/wp\/v2\/tags?post=2970"}],"curies":[{"name":"wp","href":"https:\/\/api.w.org\/{rel}","templated":true}]}}