{"id":2971,"date":"2019-03-14T04:00:14","date_gmt":"2019-03-14T07:00:14","guid":{"rendered":"http:\/\/www.agenciainfra.com\/blog\/?p=2971"},"modified":"2019-03-11T08:17:59","modified_gmt":"2019-03-11T11:17:59","slug":"procuradoria-quer-abrir-debate-com-governo-sobre-concessao-da-ferrovia-norte-sul","status":"publish","type":"post","link":"https:\/\/agenciainfra.com\/blog\/procuradoria-quer-abrir-debate-com-governo-sobre-concessao-da-ferrovia-norte-sul\/","title":{"rendered":"Procuradoria quer abrir debate com governo sobre concess\u00e3o da Ferrovia Norte-Sul"},"content":{"rendered":"<h5 style=\"text-align: right;\"><strong>da Ag\u00eancia iNFRA<\/strong><\/h5>\n<div>\n<p>O coordenador da 3\u00aa CCR do MPF (Consumidor e Ordem Econ\u00f4mica), Antonio Augusto Aras, disse que o \u00f3rg\u00e3o trabalha para o aprimoramento do sistema ferrovi\u00e1rio do pa\u00eds e que, por esse motivo, fez a recomenda\u00e7\u00e3o para que o governo suspenda o edital de concess\u00e3o da Ferrovia Norte-Sul, cujo leil\u00e3o est\u00e1 marcado para 28 de mar\u00e7o.<\/p>\n<p>Em entrevista \u00e0\u00a0<strong>Ag\u00eancia iNFRA<\/strong>, Aras disse que o pedido enviado ao governo \u00e9 uma tentativa de abrir um canal de di\u00e1logo com os respons\u00e1veis pela concess\u00e3o. Ele afirmou que a procuradoria est\u00e1 preocupada com o que vai ocorrer com a ferrovia em caso de n\u00e3o haver a concess\u00e3o, mas que \u00e9 necess\u00e1rio zelar pelo interesse p\u00fablico.<\/p>\n<p>&#8220;N\u00e3o fomos\u00a0eleitos e n\u00e3o queremos nos meter na gest\u00e3o do governo. Mas \u00e9 nossa fun\u00e7\u00e3o zelar pelo interesse p\u00fablico&#8221;, afirmou o subprocurador-geral.<\/p>\n<p>Na recomenda\u00e7\u00e3o de 10 p\u00e1ginas enviada ao governo, os procuradores mostram forte inc\u00f4modo com o modelo ferrovi\u00e1rio adotado para a concess\u00e3o, o vertical (um\u00a0mesmo concession\u00e1rio para opera\u00e7\u00e3o da via e dos trens).<\/p>\n<p>Aras afirmou que esse modelo \u00e9 ultrapassado, lembrando que \u00e9 o mesmo que funciona no Brasil desde a Rede Ferrovi\u00e1ria e que levou o pa\u00eds a um atraso no desenvolvimento das ferrovias.<\/p>\n<p>Outros problemas apontados por Aras no documento \u00e9 a baixa velocidade do sistema ferrovi\u00e1rio, de apenas 16 km\/h em m\u00e9dia, o que corresponde \u00e0 velocidade m\u00e9dia de todo o sistema. Segundo ele, o pa\u00eds n\u00e3o pode continuar convivendo com uma opera\u00e7\u00e3o que tem velocidades abaixo do que se praticava no s\u00e9culo XIX.<\/p>\n<p>A procuradoria tamb\u00e9m aponta problemas com a parte do edital que trata da conclus\u00e3o das obras que a Valec n\u00e3o vai fazer. Na interpreta\u00e7\u00e3o dos procuradores, isso deixaria riscos para o governo assumir em caso de problemas com o novo concession\u00e1rio. Em reuni\u00e3o recente no Senado, o ministro da Infraestrutura, Tarc\u00edsio de Freitas, afirmou que os riscos est\u00e3o sendo passados para o concession\u00e1rio.<\/p>\n<p>Aras afirmou que a inten\u00e7\u00e3o do documento foi abrir uma mesa de di\u00e1logo com o governo para que se possa chegar \u00e0 melhor maneira de desenvolver o sistema ferrovi\u00e1rio.<\/p>\n<p>&#8220;N\u00e3o h\u00e1 descarte de nossa parte de reconsiderarmos pontos, se formos convencidos num processo de di\u00e1logo que temos que ter [com os \u00f3rg\u00e3os do governo]&#8221;, disse o procurador que aguarda para os pr\u00f3ximos dias as respostas da ANTT e do minist\u00e9rio sobre a recomenda\u00e7\u00e3o.<\/p>\n<p>Segundo Aras, a PGR tamb\u00e9m est\u00e1 monitorando o pedido feito ao Supremo Tribunal Federal para considerar parte da Lei 13.448\/2017 que trata\u00a0de ferrovias como inconstitucional e tamb\u00e9m a\u00e7\u00f5es populares que tentam barrar o leil\u00e3o, entre elas a da Ferrofrente (Frente Nacional pela volta das Ferrovias).<\/p>\n<\/div>\n","protected":false},"excerpt":{"rendered":"<p>da Ag\u00eancia iNFRA O coordenador da 3\u00aa CCR do MPF (Consumidor e Ordem Econ\u00f4mica), Antonio Augusto Aras, disse que o \u00f3rg\u00e3o trabalha para o aprimoramento do sistema ferrovi\u00e1rio do pa\u00eds e que, por esse motivo, fez a recomenda\u00e7\u00e3o para que o governo suspenda o edital de concess\u00e3o da Ferrovia Norte-Sul, cujo leil\u00e3o est\u00e1 marcado para [&hellip;]<\/p>\n","protected":false},"author":9,"featured_media":2977,"comment_status":"closed","ping_status":"open","sticky":false,"template":"","format":"standard","meta":{"_monsterinsights_skip_tracking":false,"_monsterinsights_sitenote_active":false,"_monsterinsights_sitenote_note":"","_monsterinsights_sitenote_category":0,"footnotes":""},"categories":[7],"tags":[855,19,31,775,524,856],"class_list":["post-2971","post","type-post","status-publish","format-standard","has-post-thumbnail","hentry","category-infratransporte","tag-antonio-augusto-aras","tag-antt","tag-ferrovia-norte-sul","tag-ministerio-da-infraestrutura","tag-mpf","tag-sistema-ferroviario"],"yoast_head":"<!-- This site is optimized with the Yoast SEO Premium plugin v25.4 (Yoast SEO v26.0) - https:\/\/yoast.com\/wordpress\/plugins\/seo\/ -->\n<title>Procuradoria quer abrir debate com governo sobre concess\u00e3o da Ferrovia Norte-Sul - Ag\u00eancia iNFRA<\/title>\n<meta name=\"robots\" content=\"index, follow, max-snippet:-1, max-image-preview:large, max-video-preview:-1\" \/>\n<link rel=\"canonical\" href=\"https:\/\/agenciainfra.com\/blog\/procuradoria-quer-abrir-debate-com-governo-sobre-concessao-da-ferrovia-norte-sul\/\" \/>\n<meta property=\"og:locale\" content=\"pt_BR\" \/>\n<meta property=\"og:type\" content=\"article\" \/>\n<meta property=\"og:title\" content=\"Procuradoria quer abrir debate com governo sobre concess\u00e3o da Ferrovia Norte-Sul\" \/>\n<meta property=\"og:description\" content=\"da Ag\u00eancia iNFRA O coordenador da 3\u00aa CCR do MPF (Consumidor e Ordem Econ\u00f4mica), Antonio Augusto Aras, disse que o \u00f3rg\u00e3o trabalha para o aprimoramento do sistema ferrovi\u00e1rio do pa\u00eds e que, por esse motivo, fez a recomenda\u00e7\u00e3o para que o governo suspenda o edital de concess\u00e3o da Ferrovia Norte-Sul, cujo leil\u00e3o est\u00e1 marcado para [&hellip;]\" \/>\n<meta property=\"og:url\" content=\"https:\/\/agenciainfra.com\/blog\/procuradoria-quer-abrir-debate-com-governo-sobre-concessao-da-ferrovia-norte-sul\/\" \/>\n<meta property=\"og:site_name\" content=\"Ag\u00eancia iNFRA\" \/>\n<meta property=\"article:publisher\" content=\"https:\/\/www.facebook.com\/ageninfra\" \/>\n<meta property=\"article:published_time\" content=\"2019-03-14T07:00:14+00:00\" \/>\n<meta property=\"og:image\" content=\"https:\/\/agenciainfra.com\/blog\/wp-content\/uploads\/2019\/03\/augusto-aras-foto-roberto-jayme-tse.jpg\" \/>\n\t<meta property=\"og:image:width\" content=\"2048\" \/>\n\t<meta property=\"og:image:height\" content=\"1365\" \/>\n\t<meta property=\"og:image:type\" content=\"image\/jpeg\" \/>\n<meta name=\"author\" content=\"Rodrigo Zuquim\" \/>\n<meta name=\"twitter:card\" content=\"summary_large_image\" \/>\n<meta name=\"twitter:creator\" content=\"@agencia_infra\" \/>\n<meta name=\"twitter:site\" content=\"@agencia_infra\" \/>\n<meta name=\"twitter:label1\" content=\"Escrito por\" \/>\n\t<meta name=\"twitter:data1\" content=\"Rodrigo Zuquim\" \/>\n\t<meta name=\"twitter:label2\" content=\"Est. tempo de leitura\" \/>\n\t<meta name=\"twitter:data2\" content=\"2 minutos\" \/>\n<script type=\"application\/ld+json\" class=\"yoast-schema-graph\">{\"@context\":\"https:\/\/schema.org\",\"@graph\":[{\"@type\":\"Article\",\"@id\":\"https:\/\/agenciainfra.com\/blog\/procuradoria-quer-abrir-debate-com-governo-sobre-concessao-da-ferrovia-norte-sul\/#article\",\"isPartOf\":{\"@id\":\"https:\/\/agenciainfra.com\/blog\/procuradoria-quer-abrir-debate-com-governo-sobre-concessao-da-ferrovia-norte-sul\/\"},\"author\":{\"name\":\"Rodrigo Zuquim\",\"@id\":\"https:\/\/agenciainfra.com\/blog\/#\/schema\/person\/04dbb79bd6d8951f063da71f3e4c1eb1\"},\"headline\":\"Procuradoria quer abrir debate com governo sobre concess\u00e3o da Ferrovia Norte-Sul\",\"datePublished\":\"2019-03-14T07:00:14+00:00\",\"mainEntityOfPage\":{\"@id\":\"https:\/\/agenciainfra.com\/blog\/procuradoria-quer-abrir-debate-com-governo-sobre-concessao-da-ferrovia-norte-sul\/\"},\"wordCount\":496,\"publisher\":{\"@id\":\"https:\/\/agenciainfra.com\/blog\/#organization\"},\"image\":{\"@id\":\"https:\/\/agenciainfra.com\/blog\/procuradoria-quer-abrir-debate-com-governo-sobre-concessao-da-ferrovia-norte-sul\/#primaryimage\"},\"thumbnailUrl\":\"https:\/\/agenciainfra.com\/blog\/wp-content\/uploads\/2019\/03\/augusto-aras-foto-roberto-jayme-tse.jpg\",\"keywords\":[\"Antonio Augusto Aras\",\"ANTT\",\"Ferrovia Norte-Sul\",\"Minist\u00e9rio da Infraestrutura\",\"MPF\",\"sistema ferrovi\u00e1rio\"],\"articleSection\":[\"iNFRATransporte\"],\"inLanguage\":\"pt-BR\",\"copyrightYear\":\"2019\",\"copyrightHolder\":{\"@id\":\"https:\/\/agenciainfra.com\/blog\/#organization\"}},{\"@type\":\"WebPage\",\"@id\":\"https:\/\/agenciainfra.com\/blog\/procuradoria-quer-abrir-debate-com-governo-sobre-concessao-da-ferrovia-norte-sul\/\",\"url\":\"https:\/\/agenciainfra.com\/blog\/procuradoria-quer-abrir-debate-com-governo-sobre-concessao-da-ferrovia-norte-sul\/\",\"name\":\"Procuradoria quer abrir debate com governo sobre concess\u00e3o da Ferrovia Norte-Sul - Ag\u00eancia iNFRA\",\"isPartOf\":{\"@id\":\"https:\/\/agenciainfra.com\/blog\/#website\"},\"primaryImageOfPage\":{\"@id\":\"https:\/\/agenciainfra.com\/blog\/procuradoria-quer-abrir-debate-com-governo-sobre-concessao-da-ferrovia-norte-sul\/#primaryimage\"},\"image\":{\"@id\":\"https:\/\/agenciainfra.com\/blog\/procuradoria-quer-abrir-debate-com-governo-sobre-concessao-da-ferrovia-norte-sul\/#primaryimage\"},\"thumbnailUrl\":\"https:\/\/agenciainfra.com\/blog\/wp-content\/uploads\/2019\/03\/augusto-aras-foto-roberto-jayme-tse.jpg\",\"datePublished\":\"2019-03-14T07:00:14+00:00\",\"breadcrumb\":{\"@id\":\"https:\/\/agenciainfra.com\/blog\/procuradoria-quer-abrir-debate-com-governo-sobre-concessao-da-ferrovia-norte-sul\/#breadcrumb\"},\"inLanguage\":\"pt-BR\",\"potentialAction\":[{\"@type\":\"ReadAction\",\"target\":[\"https:\/\/agenciainfra.com\/blog\/procuradoria-quer-abrir-debate-com-governo-sobre-concessao-da-ferrovia-norte-sul\/\"]}]},{\"@type\":\"ImageObject\",\"inLanguage\":\"pt-BR\",\"@id\":\"https:\/\/agenciainfra.com\/blog\/procuradoria-quer-abrir-debate-com-governo-sobre-concessao-da-ferrovia-norte-sul\/#primaryimage\",\"url\":\"https:\/\/agenciainfra.com\/blog\/wp-content\/uploads\/2019\/03\/augusto-aras-foto-roberto-jayme-tse.jpg\",\"contentUrl\":\"https:\/\/agenciainfra.com\/blog\/wp-content\/uploads\/2019\/03\/augusto-aras-foto-roberto-jayme-tse.jpg\",\"width\":2048,\"height\":1365},{\"@type\":\"BreadcrumbList\",\"@id\":\"https:\/\/agenciainfra.com\/blog\/procuradoria-quer-abrir-debate-com-governo-sobre-concessao-da-ferrovia-norte-sul\/#breadcrumb\",\"itemListElement\":[{\"@type\":\"ListItem\",\"position\":1,\"name\":\"In\u00edcio\",\"item\":\"https:\/\/agenciainfra.com\/blog\/\"},{\"@type\":\"ListItem\",\"position\":2,\"name\":\"Procuradoria quer abrir debate com governo sobre concess\u00e3o da Ferrovia Norte-Sul\"}]},{\"@type\":\"WebSite\",\"@id\":\"https:\/\/agenciainfra.com\/blog\/#website\",\"url\":\"https:\/\/agenciainfra.com\/blog\/\",\"name\":\"Ag\u00eancia iNFRA\",\"description\":\"Multiplataforma de informa\u00e7\u00e3o jornal\u00edstica refer\u00eancia na \u00e1rea de infraestrutura no Brasil!\",\"publisher\":{\"@id\":\"https:\/\/agenciainfra.com\/blog\/#organization\"},\"potentialAction\":[{\"@type\":\"SearchAction\",\"target\":{\"@type\":\"EntryPoint\",\"urlTemplate\":\"https:\/\/agenciainfra.com\/blog\/?s={search_term_string}\"},\"query-input\":{\"@type\":\"PropertyValueSpecification\",\"valueRequired\":true,\"valueName\":\"search_term_string\"}}],\"inLanguage\":\"pt-BR\"},{\"@type\":\"Organization\",\"@id\":\"https:\/\/agenciainfra.com\/blog\/#organization\",\"name\":\"Ag\u00eancia iNFRA\",\"url\":\"https:\/\/agenciainfra.com\/blog\/\",\"logo\":{\"@type\":\"ImageObject\",\"inLanguage\":\"pt-BR\",\"@id\":\"https:\/\/agenciainfra.com\/blog\/#\/schema\/logo\/image\/\",\"url\":\"https:\/\/agenciainfra.com\/blog\/wp-content\/uploads\/2023\/09\/iNFRA_5-e1761735885940.png\",\"contentUrl\":\"https:\/\/agenciainfra.com\/blog\/wp-content\/uploads\/2023\/09\/iNFRA_5-e1761735885940.png\",\"width\":1672,\"height\":454,\"caption\":\"Ag\u00eancia iNFRA\"},\"image\":{\"@id\":\"https:\/\/agenciainfra.com\/blog\/#\/schema\/logo\/image\/\"},\"sameAs\":[\"https:\/\/www.facebook.com\/ageninfra\",\"https:\/\/x.com\/agencia_infra\",\"https:\/\/www.linkedin.com\/company\/ag\u00eanciainfra\/\",\"https:\/\/www.instagram.com\/agenciainfra\/\"]},{\"@type\":\"Person\",\"@id\":\"https:\/\/agenciainfra.com\/blog\/#\/schema\/person\/04dbb79bd6d8951f063da71f3e4c1eb1\",\"name\":\"Rodrigo Zuquim\",\"image\":{\"@type\":\"ImageObject\",\"inLanguage\":\"pt-BR\",\"@id\":\"https:\/\/agenciainfra.com\/blog\/#\/schema\/person\/image\/\",\"url\":\"https:\/\/secure.gravatar.com\/avatar\/594abfe82761d620726242ff34ca472a705a4b97f16c790053a6b4c4035274d0?s=96&d=mm&r=g\",\"contentUrl\":\"https:\/\/secure.gravatar.com\/avatar\/594abfe82761d620726242ff34ca472a705a4b97f16c790053a6b4c4035274d0?s=96&d=mm&r=g\",\"caption\":\"Rodrigo Zuquim\"},\"url\":\"https:\/\/agenciainfra.com\/blog\/author\/rodrigo-zuquim\/\"}]}<\/script>\n<!-- \/ Yoast SEO Premium plugin. -->","yoast_head_json":{"title":"Procuradoria quer abrir debate com governo sobre concess\u00e3o da Ferrovia Norte-Sul - Ag\u00eancia iNFRA","robots":{"index":"index","follow":"follow","max-snippet":"max-snippet:-1","max-image-preview":"max-image-preview:large","max-video-preview":"max-video-preview:-1"},"canonical":"https:\/\/agenciainfra.com\/blog\/procuradoria-quer-abrir-debate-com-governo-sobre-concessao-da-ferrovia-norte-sul\/","og_locale":"pt_BR","og_type":"article","og_title":"Procuradoria quer abrir debate com governo sobre concess\u00e3o da Ferrovia Norte-Sul","og_description":"da Ag\u00eancia iNFRA O coordenador da 3\u00aa CCR do MPF (Consumidor e Ordem Econ\u00f4mica), Antonio Augusto Aras, disse que o \u00f3rg\u00e3o trabalha para o aprimoramento do sistema ferrovi\u00e1rio do pa\u00eds e que, por esse motivo, fez a recomenda\u00e7\u00e3o para que o governo suspenda o edital de concess\u00e3o da Ferrovia Norte-Sul, cujo leil\u00e3o est\u00e1 marcado para [&hellip;]","og_url":"https:\/\/agenciainfra.com\/blog\/procuradoria-quer-abrir-debate-com-governo-sobre-concessao-da-ferrovia-norte-sul\/","og_site_name":"Ag\u00eancia iNFRA","article_publisher":"https:\/\/www.facebook.com\/ageninfra","article_published_time":"2019-03-14T07:00:14+00:00","og_image":[{"width":2048,"height":1365,"url":"https:\/\/agenciainfra.com\/blog\/wp-content\/uploads\/2019\/03\/augusto-aras-foto-roberto-jayme-tse.jpg","type":"image\/jpeg"}],"author":"Rodrigo Zuquim","twitter_card":"summary_large_image","twitter_creator":"@agencia_infra","twitter_site":"@agencia_infra","twitter_misc":{"Escrito por":"Rodrigo Zuquim","Est. tempo de leitura":"2 minutos"},"schema":{"@context":"https:\/\/schema.org","@graph":[{"@type":"Article","@id":"https:\/\/agenciainfra.com\/blog\/procuradoria-quer-abrir-debate-com-governo-sobre-concessao-da-ferrovia-norte-sul\/#article","isPartOf":{"@id":"https:\/\/agenciainfra.com\/blog\/procuradoria-quer-abrir-debate-com-governo-sobre-concessao-da-ferrovia-norte-sul\/"},"author":{"name":"Rodrigo Zuquim","@id":"https:\/\/agenciainfra.com\/blog\/#\/schema\/person\/04dbb79bd6d8951f063da71f3e4c1eb1"},"headline":"Procuradoria quer abrir debate com governo sobre concess\u00e3o da Ferrovia Norte-Sul","datePublished":"2019-03-14T07:00:14+00:00","mainEntityOfPage":{"@id":"https:\/\/agenciainfra.com\/blog\/procuradoria-quer-abrir-debate-com-governo-sobre-concessao-da-ferrovia-norte-sul\/"},"wordCount":496,"publisher":{"@id":"https:\/\/agenciainfra.com\/blog\/#organization"},"image":{"@id":"https:\/\/agenciainfra.com\/blog\/procuradoria-quer-abrir-debate-com-governo-sobre-concessao-da-ferrovia-norte-sul\/#primaryimage"},"thumbnailUrl":"https:\/\/agenciainfra.com\/blog\/wp-content\/uploads\/2019\/03\/augusto-aras-foto-roberto-jayme-tse.jpg","keywords":["Antonio Augusto Aras","ANTT","Ferrovia Norte-Sul","Minist\u00e9rio da Infraestrutura","MPF","sistema ferrovi\u00e1rio"],"articleSection":["iNFRATransporte"],"inLanguage":"pt-BR","copyrightYear":"2019","copyrightHolder":{"@id":"https:\/\/agenciainfra.com\/blog\/#organization"}},{"@type":"WebPage","@id":"https:\/\/agenciainfra.com\/blog\/procuradoria-quer-abrir-debate-com-governo-sobre-concessao-da-ferrovia-norte-sul\/","url":"https:\/\/agenciainfra.com\/blog\/procuradoria-quer-abrir-debate-com-governo-sobre-concessao-da-ferrovia-norte-sul\/","name":"Procuradoria quer abrir debate com governo sobre concess\u00e3o da Ferrovia Norte-Sul - Ag\u00eancia iNFRA","isPartOf":{"@id":"https:\/\/agenciainfra.com\/blog\/#website"},"primaryImageOfPage":{"@id":"https:\/\/agenciainfra.com\/blog\/procuradoria-quer-abrir-debate-com-governo-sobre-concessao-da-ferrovia-norte-sul\/#primaryimage"},"image":{"@id":"https:\/\/agenciainfra.com\/blog\/procuradoria-quer-abrir-debate-com-governo-sobre-concessao-da-ferrovia-norte-sul\/#primaryimage"},"thumbnailUrl":"https:\/\/agenciainfra.com\/blog\/wp-content\/uploads\/2019\/03\/augusto-aras-foto-roberto-jayme-tse.jpg","datePublished":"2019-03-14T07:00:14+00:00","breadcrumb":{"@id":"https:\/\/agenciainfra.com\/blog\/procuradoria-quer-abrir-debate-com-governo-sobre-concessao-da-ferrovia-norte-sul\/#breadcrumb"},"inLanguage":"pt-BR","potentialAction":[{"@type":"ReadAction","target":["https:\/\/agenciainfra.com\/blog\/procuradoria-quer-abrir-debate-com-governo-sobre-concessao-da-ferrovia-norte-sul\/"]}]},{"@type":"ImageObject","inLanguage":"pt-BR","@id":"https:\/\/agenciainfra.com\/blog\/procuradoria-quer-abrir-debate-com-governo-sobre-concessao-da-ferrovia-norte-sul\/#primaryimage","url":"https:\/\/agenciainfra.com\/blog\/wp-content\/uploads\/2019\/03\/augusto-aras-foto-roberto-jayme-tse.jpg","contentUrl":"https:\/\/agenciainfra.com\/blog\/wp-content\/uploads\/2019\/03\/augusto-aras-foto-roberto-jayme-tse.jpg","width":2048,"height":1365},{"@type":"BreadcrumbList","@id":"https:\/\/agenciainfra.com\/blog\/procuradoria-quer-abrir-debate-com-governo-sobre-concessao-da-ferrovia-norte-sul\/#breadcrumb","itemListElement":[{"@type":"ListItem","position":1,"name":"In\u00edcio","item":"https:\/\/agenciainfra.com\/blog\/"},{"@type":"ListItem","position":2,"name":"Procuradoria quer abrir debate com governo sobre concess\u00e3o da Ferrovia Norte-Sul"}]},{"@type":"WebSite","@id":"https:\/\/agenciainfra.com\/blog\/#website","url":"https:\/\/agenciainfra.com\/blog\/","name":"Ag\u00eancia iNFRA","description":"Multiplataforma de informa\u00e7\u00e3o jornal\u00edstica refer\u00eancia na \u00e1rea de infraestrutura no Brasil!","publisher":{"@id":"https:\/\/agenciainfra.com\/blog\/#organization"},"potentialAction":[{"@type":"SearchAction","target":{"@type":"EntryPoint","urlTemplate":"https:\/\/agenciainfra.com\/blog\/?s={search_term_string}"},"query-input":{"@type":"PropertyValueSpecification","valueRequired":true,"valueName":"search_term_string"}}],"inLanguage":"pt-BR"},{"@type":"Organization","@id":"https:\/\/agenciainfra.com\/blog\/#organization","name":"Ag\u00eancia iNFRA","url":"https:\/\/agenciainfra.com\/blog\/","logo":{"@type":"ImageObject","inLanguage":"pt-BR","@id":"https:\/\/agenciainfra.com\/blog\/#\/schema\/logo\/image\/","url":"https:\/\/agenciainfra.com\/blog\/wp-content\/uploads\/2023\/09\/iNFRA_5-e1761735885940.png","contentUrl":"https:\/\/agenciainfra.com\/blog\/wp-content\/uploads\/2023\/09\/iNFRA_5-e1761735885940.png","width":1672,"height":454,"caption":"Ag\u00eancia iNFRA"},"image":{"@id":"https:\/\/agenciainfra.com\/blog\/#\/schema\/logo\/image\/"},"sameAs":["https:\/\/www.facebook.com\/ageninfra","https:\/\/x.com\/agencia_infra","https:\/\/www.linkedin.com\/company\/ag\u00eanciainfra\/","https:\/\/www.instagram.com\/agenciainfra\/"]},{"@type":"Person","@id":"https:\/\/agenciainfra.com\/blog\/#\/schema\/person\/04dbb79bd6d8951f063da71f3e4c1eb1","name":"Rodrigo Zuquim","image":{"@type":"ImageObject","inLanguage":"pt-BR","@id":"https:\/\/agenciainfra.com\/blog\/#\/schema\/person\/image\/","url":"https:\/\/secure.gravatar.com\/avatar\/594abfe82761d620726242ff34ca472a705a4b97f16c790053a6b4c4035274d0?s=96&d=mm&r=g","contentUrl":"https:\/\/secure.gravatar.com\/avatar\/594abfe82761d620726242ff34ca472a705a4b97f16c790053a6b4c4035274d0?s=96&d=mm&r=g","caption":"Rodrigo Zuquim"},"url":"https:\/\/agenciainfra.com\/blog\/author\/rodrigo-zuquim\/"}]}},"_links":{"self":[{"href":"https:\/\/agenciainfra.com\/blog\/wp-json\/wp\/v2\/posts\/2971","targetHints":{"allow":["GET"]}}],"collection":[{"href":"https:\/\/agenciainfra.com\/blog\/wp-json\/wp\/v2\/posts"}],"about":[{"href":"https:\/\/agenciainfra.com\/blog\/wp-json\/wp\/v2\/types\/post"}],"author":[{"embeddable":true,"href":"https:\/\/agenciainfra.com\/blog\/wp-json\/wp\/v2\/users\/9"}],"replies":[{"embeddable":true,"href":"https:\/\/agenciainfra.com\/blog\/wp-json\/wp\/v2\/comments?post=2971"}],"version-history":[{"count":0,"href":"https:\/\/agenciainfra.com\/blog\/wp-json\/wp\/v2\/posts\/2971\/revisions"}],"wp:featuredmedia":[{"embeddable":true,"href":"https:\/\/agenciainfra.com\/blog\/wp-json\/wp\/v2\/media\/2977"}],"wp:attachment":[{"href":"https:\/\/agenciainfra.com\/blog\/wp-json\/wp\/v2\/media?parent=2971"}],"wp:term":[{"taxonomy":"category","embeddable":true,"href":"https:\/\/agenciainfra.com\/blog\/wp-json\/wp\/v2\/categories?post=2971"},{"taxonomy":"post_tag","embeddable":true,"href":"https:\/\/agenciainfra.com\/blog\/wp-json\/wp\/v2\/tags?post=2971"}],"curies":[{"name":"wp","href":"https:\/\/api.w.org\/{rel}","templated":true}]}}