{"id":29719,"date":"2025-10-14T07:55:44","date_gmt":"2025-10-14T10:55:44","guid":{"rendered":"https:\/\/agenciainfra.com\/blog\/?p=29719"},"modified":"2025-10-14T17:47:26","modified_gmt":"2025-10-14T20:47:26","slug":"incendio-em-subestacao-provoca-apagao-em-estados-nesta-madrugada","status":"publish","type":"post","link":"https:\/\/agenciainfra.com\/blog\/incendio-em-subestacao-provoca-apagao-em-estados-nesta-madrugada\/","title":{"rendered":"Inc\u00eandio em subesta\u00e7\u00e3o provoca apag\u00e3o em estados nesta madrugada"},"content":{"rendered":"\n<p class=\"has-text-align-right\"><strong>da Ag\u00eancia iNFRA<\/strong><\/p>\n\n\n\n<p>Um inc\u00eandio da Subesta\u00e7\u00e3o de Bateias, no Paran\u00e1, na madrugada desta ter\u00e7a-feira (14), levou a uma \u201cconting\u00eancia severa\u201d e ao desligamento de cerca de 10 GW (gigawatts) de carga, segundo o MME (Minist\u00e9rio de Minas e Energia).<\/p>\n\n\n\n<p>A pasta informou que as regi\u00f5es Sul e Sudeste\/Centro-Oeste foram desinterligadas com a ocorr\u00eancia e houve o acionamento do Erac (Esquema Regional de Al\u00edvio de Carga). Est\u00e1 prevista uma reuni\u00e3o entre o MME e o ONS (Operador Nacional do Sistema El\u00e9trico) \u00e0s 11h para obter maior detalhamento da ocorr\u00eancia.<\/p>\n\n\n\n<p>Conforme nota enviada pelo MME, a perturba\u00e7\u00e3o teve in\u00edcio \u00e0 00h32 e at\u00e9 1h30 todas as cargas das regi\u00f5es Norte, Nordeste, Sudeste e Centro-Oeste estavam restabelecidas. J\u00e1 as cargas da Regi\u00e3o Sul foram recompostas totalmente \u00e0s 2h30.<\/p>\n\n\n\n<p>O ministro de Minas e Energia, Alexandre Silveira, disse que o apag\u00e3o teve in\u00edcio em uma subesta\u00e7\u00e3o da Eletrobras. Segundo ele, n\u00e3o houve problema de falta de energia, apenas na infraestrutura.<\/p>\n\n\n\n<p>Silveira informou ainda que o ONS ter\u00e1 que apresentar o RAP (Relat\u00f3rio de An\u00e1lise da Perturba\u00e7\u00e3o) na pr\u00f3xima reuni\u00e3o do CMSE (Comit\u00ea de Monitoramento do Setor El\u00e9trico). Uma reuni\u00e3o preliminar para an\u00e1lise da perturba\u00e7\u00e3o para in\u00edcio de elabora\u00e7\u00e3o do relat\u00f3rio ser\u00e1 realizada at\u00e9 sexta-feira (17), informou o ONS.<\/p>\n\n\n\n<p>\u201cPara que n\u00e3o haja uma interrup\u00e7\u00e3o de maior porte no Brasil, o sistema perdendo uma subesta\u00e7\u00e3o de 500 kV, ele corta um percentual em cada estado mais pr\u00f3ximo, onde \u00e9 necess\u00e1rio se fazer uma reprograma\u00e7\u00e3o da carga&#8221;, disse Silveira em participa\u00e7\u00e3o no programa Bom Dia, Ministro.<\/p>\n\n\n\n<p><a href=\"https:\/\/www.ons.org.br\/paginas\/noticias\/details.aspx?i=11956\">Segundo o ONS<\/a>, no momento do desligamento da subesta\u00e7\u00e3o a regi\u00e3o Sul exportava cerca de 5 GW (gigawatts) para o Sudeste\/Centro-Oeste. Na regi\u00e3o Sul, houve perda de aproximadamente 1,6 GW de carga. No Nordeste, a interrup\u00e7\u00e3o foi da ordem de 1,9 GW; no Norte, de 1,6 GW; e no Sudeste, de 4,8 GW.<\/p>\n\n\n\n<p><a href=\"https:\/\/www.gov.br\/aneel\/pt-br\/assuntos\/noticias\/2025\/nota-a-imprensa-sobre-a-ocorrencia-desta-terca-feira-14-10\">Em nota<\/a>, a ANEEL (Ag\u00eancia Nacional de Energia El\u00e9trica) informou que realizar\u00e1 nesta ter\u00e7a inspe\u00e7\u00e3o in loco na subesta\u00e7\u00e3o para averiguar as causas da interrup\u00e7\u00e3o. A reguladora tamb\u00e9m informou que ser\u00e3o instaurados processos para apurar a responsabilidade dos agentes envolvidos.<\/p>\n\n\n\n<p><em>*Reportagem atualizada com declara\u00e7\u00f5es adicionais.<\/em><\/p>\n","protected":false},"excerpt":{"rendered":"<p>da Ag\u00eancia iNFRA Um inc\u00eandio da Subesta\u00e7\u00e3o de Bateias, no Paran\u00e1, na madrugada desta ter\u00e7a-feira (14), levou a uma \u201cconting\u00eancia severa\u201d e ao desligamento de cerca de 10 GW (gigawatts) de carga, segundo o MME (Minist\u00e9rio de Minas e Energia). A pasta informou que as regi\u00f5es Sul e Sudeste\/Centro-Oeste foram desinterligadas com a ocorr\u00eancia e [&hellip;]<\/p>\n","protected":false},"author":1,"featured_media":29720,"comment_status":"closed","ping_status":"closed","sticky":false,"template":"","format":"standard","meta":{"_monsterinsights_skip_tracking":false,"_monsterinsights_sitenote_active":false,"_monsterinsights_sitenote_note":"","_monsterinsights_sitenote_category":0,"footnotes":""},"categories":[1,10],"tags":[3002,16055,71,14845,16054],"class_list":["post-29719","post","type-post","status-publish","format-standard","has-post-thumbnail","hentry","category-geral","category-infraenergia","tag-apagao","tag-incendio-em-subestacao","tag-mme","tag-subestacao","tag-subestacao-de-bateias"],"yoast_head":"<!-- This site is optimized with the Yoast SEO Premium plugin v25.4 (Yoast SEO v26.0) - https:\/\/yoast.com\/wordpress\/plugins\/seo\/ -->\n<title>Inc\u00eandio em subesta\u00e7\u00e3o provoca apag\u00e3o em estados nesta madrugada - Ag\u00eancia iNFRA<\/title>\n<meta name=\"robots\" content=\"index, follow, max-snippet:-1, max-image-preview:large, max-video-preview:-1\" \/>\n<link rel=\"canonical\" href=\"https:\/\/agenciainfra.com\/blog\/incendio-em-subestacao-provoca-apagao-em-estados-nesta-madrugada\/\" \/>\n<meta property=\"og:locale\" content=\"pt_BR\" \/>\n<meta property=\"og:type\" content=\"article\" \/>\n<meta property=\"og:title\" content=\"Inc\u00eandio em subesta\u00e7\u00e3o provoca apag\u00e3o em estados nesta madrugada\" \/>\n<meta property=\"og:description\" content=\"da Ag\u00eancia iNFRA Um inc\u00eandio da Subesta\u00e7\u00e3o de Bateias, no Paran\u00e1, na madrugada desta ter\u00e7a-feira (14), levou a uma \u201cconting\u00eancia severa\u201d e ao desligamento de cerca de 10 GW (gigawatts) de carga, segundo o MME (Minist\u00e9rio de Minas e Energia). A pasta informou que as regi\u00f5es Sul e Sudeste\/Centro-Oeste foram desinterligadas com a ocorr\u00eancia e [&hellip;]\" \/>\n<meta property=\"og:url\" content=\"https:\/\/agenciainfra.com\/blog\/incendio-em-subestacao-provoca-apagao-em-estados-nesta-madrugada\/\" \/>\n<meta property=\"og:site_name\" content=\"Ag\u00eancia iNFRA\" \/>\n<meta property=\"article:publisher\" content=\"https:\/\/www.facebook.com\/ageninfra\" \/>\n<meta property=\"article:published_time\" content=\"2025-10-14T10:55:44+00:00\" \/>\n<meta property=\"article:modified_time\" content=\"2025-10-14T20:47:26+00:00\" \/>\n<meta property=\"og:image\" content=\"https:\/\/agenciainfra.com\/blog\/wp-content\/uploads\/2025\/10\/subestacao-bateias-foto-copel-scaled-e1760439308452.jpg\" \/>\n\t<meta property=\"og:image:width\" content=\"1280\" \/>\n\t<meta property=\"og:image:height\" content=\"743\" \/>\n\t<meta property=\"og:image:type\" content=\"image\/jpeg\" \/>\n<meta name=\"author\" content=\"Ag\u00eancia iNFRA\" \/>\n<meta name=\"twitter:card\" content=\"summary_large_image\" \/>\n<meta name=\"twitter:creator\" content=\"@agencia_infra\" \/>\n<meta name=\"twitter:site\" content=\"@agencia_infra\" \/>\n<meta name=\"twitter:label1\" content=\"Escrito por\" \/>\n\t<meta name=\"twitter:data1\" content=\"Ag\u00eancia iNFRA\" \/>\n\t<meta name=\"twitter:label2\" content=\"Est. tempo de leitura\" \/>\n\t<meta name=\"twitter:data2\" content=\"2 minutos\" \/>\n<script type=\"application\/ld+json\" class=\"yoast-schema-graph\">{\"@context\":\"https:\/\/schema.org\",\"@graph\":[{\"@type\":\"Article\",\"@id\":\"https:\/\/agenciainfra.com\/blog\/incendio-em-subestacao-provoca-apagao-em-estados-nesta-madrugada\/#article\",\"isPartOf\":{\"@id\":\"https:\/\/agenciainfra.com\/blog\/incendio-em-subestacao-provoca-apagao-em-estados-nesta-madrugada\/\"},\"author\":{\"name\":\"Ag\u00eancia iNFRA\",\"@id\":\"https:\/\/agenciainfra.com\/blog\/#\/schema\/person\/34af08dff6adea4cb22b06612ba7acfa\"},\"headline\":\"Inc\u00eandio em subesta\u00e7\u00e3o provoca apag\u00e3o em estados nesta madrugada\",\"datePublished\":\"2025-10-14T10:55:44+00:00\",\"dateModified\":\"2025-10-14T20:47:26+00:00\",\"mainEntityOfPage\":{\"@id\":\"https:\/\/agenciainfra.com\/blog\/incendio-em-subestacao-provoca-apagao-em-estados-nesta-madrugada\/\"},\"wordCount\":404,\"publisher\":{\"@id\":\"https:\/\/agenciainfra.com\/blog\/#organization\"},\"image\":{\"@id\":\"https:\/\/agenciainfra.com\/blog\/incendio-em-subestacao-provoca-apagao-em-estados-nesta-madrugada\/#primaryimage\"},\"thumbnailUrl\":\"https:\/\/agenciainfra.com\/blog\/wp-content\/uploads\/2025\/10\/subestacao-bateias-foto-copel-scaled-e1760439308452.jpg\",\"keywords\":[\"apag\u00e3o\",\"inc\u00eandio em subesta\u00e7\u00e3o\",\"MME\",\"subesta\u00e7\u00e3o\",\"subesta\u00e7\u00e3o de bateias\"],\"articleSection\":[\"Geral\",\"iNFRAEnergia\"],\"inLanguage\":\"pt-BR\",\"copyrightYear\":\"2025\",\"copyrightHolder\":{\"@id\":\"https:\/\/agenciainfra.com\/blog\/#organization\"}},{\"@type\":\"WebPage\",\"@id\":\"https:\/\/agenciainfra.com\/blog\/incendio-em-subestacao-provoca-apagao-em-estados-nesta-madrugada\/\",\"url\":\"https:\/\/agenciainfra.com\/blog\/incendio-em-subestacao-provoca-apagao-em-estados-nesta-madrugada\/\",\"name\":\"Inc\u00eandio em subesta\u00e7\u00e3o provoca apag\u00e3o em estados nesta madrugada - Ag\u00eancia iNFRA\",\"isPartOf\":{\"@id\":\"https:\/\/agenciainfra.com\/blog\/#website\"},\"primaryImageOfPage\":{\"@id\":\"https:\/\/agenciainfra.com\/blog\/incendio-em-subestacao-provoca-apagao-em-estados-nesta-madrugada\/#primaryimage\"},\"image\":{\"@id\":\"https:\/\/agenciainfra.com\/blog\/incendio-em-subestacao-provoca-apagao-em-estados-nesta-madrugada\/#primaryimage\"},\"thumbnailUrl\":\"https:\/\/agenciainfra.com\/blog\/wp-content\/uploads\/2025\/10\/subestacao-bateias-foto-copel-scaled-e1760439308452.jpg\",\"datePublished\":\"2025-10-14T10:55:44+00:00\",\"dateModified\":\"2025-10-14T20:47:26+00:00\",\"breadcrumb\":{\"@id\":\"https:\/\/agenciainfra.com\/blog\/incendio-em-subestacao-provoca-apagao-em-estados-nesta-madrugada\/#breadcrumb\"},\"inLanguage\":\"pt-BR\",\"potentialAction\":[{\"@type\":\"ReadAction\",\"target\":[\"https:\/\/agenciainfra.com\/blog\/incendio-em-subestacao-provoca-apagao-em-estados-nesta-madrugada\/\"]}]},{\"@type\":\"ImageObject\",\"inLanguage\":\"pt-BR\",\"@id\":\"https:\/\/agenciainfra.com\/blog\/incendio-em-subestacao-provoca-apagao-em-estados-nesta-madrugada\/#primaryimage\",\"url\":\"https:\/\/agenciainfra.com\/blog\/wp-content\/uploads\/2025\/10\/subestacao-bateias-foto-copel-scaled-e1760439308452.jpg\",\"contentUrl\":\"https:\/\/agenciainfra.com\/blog\/wp-content\/uploads\/2025\/10\/subestacao-bateias-foto-copel-scaled-e1760439308452.jpg\",\"width\":1280,\"height\":743,\"caption\":\"Foto: Copel\"},{\"@type\":\"BreadcrumbList\",\"@id\":\"https:\/\/agenciainfra.com\/blog\/incendio-em-subestacao-provoca-apagao-em-estados-nesta-madrugada\/#breadcrumb\",\"itemListElement\":[{\"@type\":\"ListItem\",\"position\":1,\"name\":\"In\u00edcio\",\"item\":\"https:\/\/agenciainfra.com\/blog\/\"},{\"@type\":\"ListItem\",\"position\":2,\"name\":\"Inc\u00eandio em subesta\u00e7\u00e3o provoca apag\u00e3o em estados nesta madrugada\"}]},{\"@type\":\"WebSite\",\"@id\":\"https:\/\/agenciainfra.com\/blog\/#website\",\"url\":\"https:\/\/agenciainfra.com\/blog\/\",\"name\":\"Ag\u00eancia iNFRA\",\"description\":\"Multiplataforma de informa\u00e7\u00e3o jornal\u00edstica refer\u00eancia na \u00e1rea de infraestrutura no Brasil!\",\"publisher\":{\"@id\":\"https:\/\/agenciainfra.com\/blog\/#organization\"},\"potentialAction\":[{\"@type\":\"SearchAction\",\"target\":{\"@type\":\"EntryPoint\",\"urlTemplate\":\"https:\/\/agenciainfra.com\/blog\/?s={search_term_string}\"},\"query-input\":{\"@type\":\"PropertyValueSpecification\",\"valueRequired\":true,\"valueName\":\"search_term_string\"}}],\"inLanguage\":\"pt-BR\"},{\"@type\":\"Organization\",\"@id\":\"https:\/\/agenciainfra.com\/blog\/#organization\",\"name\":\"Ag\u00eancia iNFRA\",\"url\":\"https:\/\/agenciainfra.com\/blog\/\",\"logo\":{\"@type\":\"ImageObject\",\"inLanguage\":\"pt-BR\",\"@id\":\"https:\/\/agenciainfra.com\/blog\/#\/schema\/logo\/image\/\",\"url\":\"https:\/\/agenciainfra.com\/blog\/wp-content\/uploads\/2023\/09\/iNFRA_5-e1761735885940.png\",\"contentUrl\":\"https:\/\/agenciainfra.com\/blog\/wp-content\/uploads\/2023\/09\/iNFRA_5-e1761735885940.png\",\"width\":1672,\"height\":454,\"caption\":\"Ag\u00eancia iNFRA\"},\"image\":{\"@id\":\"https:\/\/agenciainfra.com\/blog\/#\/schema\/logo\/image\/\"},\"sameAs\":[\"https:\/\/www.facebook.com\/ageninfra\",\"https:\/\/x.com\/agencia_infra\",\"https:\/\/www.linkedin.com\/company\/ag\u00eanciainfra\/\",\"https:\/\/www.instagram.com\/agenciainfra\/\"]},{\"@type\":\"Person\",\"@id\":\"https:\/\/agenciainfra.com\/blog\/#\/schema\/person\/34af08dff6adea4cb22b06612ba7acfa\",\"name\":\"Ag\u00eancia iNFRA\",\"image\":{\"@type\":\"ImageObject\",\"inLanguage\":\"pt-BR\",\"@id\":\"https:\/\/agenciainfra.com\/blog\/#\/schema\/person\/image\/\",\"url\":\"https:\/\/secure.gravatar.com\/avatar\/d189e01678f06d8eb84d4e01f08eb848b3fffe3f8443818d3c356c66892f5be8?s=96&d=mm&r=g\",\"contentUrl\":\"https:\/\/secure.gravatar.com\/avatar\/d189e01678f06d8eb84d4e01f08eb848b3fffe3f8443818d3c356c66892f5be8?s=96&d=mm&r=g\",\"caption\":\"Ag\u00eancia iNFRA\"},\"url\":\"https:\/\/agenciainfra.com\/blog\/author\/admin\/\"}]}<\/script>\n<!-- \/ Yoast SEO Premium plugin. -->","yoast_head_json":{"title":"Inc\u00eandio em subesta\u00e7\u00e3o provoca apag\u00e3o em estados nesta madrugada - Ag\u00eancia iNFRA","robots":{"index":"index","follow":"follow","max-snippet":"max-snippet:-1","max-image-preview":"max-image-preview:large","max-video-preview":"max-video-preview:-1"},"canonical":"https:\/\/agenciainfra.com\/blog\/incendio-em-subestacao-provoca-apagao-em-estados-nesta-madrugada\/","og_locale":"pt_BR","og_type":"article","og_title":"Inc\u00eandio em subesta\u00e7\u00e3o provoca apag\u00e3o em estados nesta madrugada","og_description":"da Ag\u00eancia iNFRA Um inc\u00eandio da Subesta\u00e7\u00e3o de Bateias, no Paran\u00e1, na madrugada desta ter\u00e7a-feira (14), levou a uma \u201cconting\u00eancia severa\u201d e ao desligamento de cerca de 10 GW (gigawatts) de carga, segundo o MME (Minist\u00e9rio de Minas e Energia). A pasta informou que as regi\u00f5es Sul e Sudeste\/Centro-Oeste foram desinterligadas com a ocorr\u00eancia e [&hellip;]","og_url":"https:\/\/agenciainfra.com\/blog\/incendio-em-subestacao-provoca-apagao-em-estados-nesta-madrugada\/","og_site_name":"Ag\u00eancia iNFRA","article_publisher":"https:\/\/www.facebook.com\/ageninfra","article_published_time":"2025-10-14T10:55:44+00:00","article_modified_time":"2025-10-14T20:47:26+00:00","og_image":[{"width":1280,"height":743,"url":"https:\/\/agenciainfra.com\/blog\/wp-content\/uploads\/2025\/10\/subestacao-bateias-foto-copel-scaled-e1760439308452.jpg","type":"image\/jpeg"}],"author":"Ag\u00eancia iNFRA","twitter_card":"summary_large_image","twitter_creator":"@agencia_infra","twitter_site":"@agencia_infra","twitter_misc":{"Escrito por":"Ag\u00eancia iNFRA","Est. tempo de leitura":"2 minutos"},"schema":{"@context":"https:\/\/schema.org","@graph":[{"@type":"Article","@id":"https:\/\/agenciainfra.com\/blog\/incendio-em-subestacao-provoca-apagao-em-estados-nesta-madrugada\/#article","isPartOf":{"@id":"https:\/\/agenciainfra.com\/blog\/incendio-em-subestacao-provoca-apagao-em-estados-nesta-madrugada\/"},"author":{"name":"Ag\u00eancia iNFRA","@id":"https:\/\/agenciainfra.com\/blog\/#\/schema\/person\/34af08dff6adea4cb22b06612ba7acfa"},"headline":"Inc\u00eandio em subesta\u00e7\u00e3o provoca apag\u00e3o em estados nesta madrugada","datePublished":"2025-10-14T10:55:44+00:00","dateModified":"2025-10-14T20:47:26+00:00","mainEntityOfPage":{"@id":"https:\/\/agenciainfra.com\/blog\/incendio-em-subestacao-provoca-apagao-em-estados-nesta-madrugada\/"},"wordCount":404,"publisher":{"@id":"https:\/\/agenciainfra.com\/blog\/#organization"},"image":{"@id":"https:\/\/agenciainfra.com\/blog\/incendio-em-subestacao-provoca-apagao-em-estados-nesta-madrugada\/#primaryimage"},"thumbnailUrl":"https:\/\/agenciainfra.com\/blog\/wp-content\/uploads\/2025\/10\/subestacao-bateias-foto-copel-scaled-e1760439308452.jpg","keywords":["apag\u00e3o","inc\u00eandio em subesta\u00e7\u00e3o","MME","subesta\u00e7\u00e3o","subesta\u00e7\u00e3o de bateias"],"articleSection":["Geral","iNFRAEnergia"],"inLanguage":"pt-BR","copyrightYear":"2025","copyrightHolder":{"@id":"https:\/\/agenciainfra.com\/blog\/#organization"}},{"@type":"WebPage","@id":"https:\/\/agenciainfra.com\/blog\/incendio-em-subestacao-provoca-apagao-em-estados-nesta-madrugada\/","url":"https:\/\/agenciainfra.com\/blog\/incendio-em-subestacao-provoca-apagao-em-estados-nesta-madrugada\/","name":"Inc\u00eandio em subesta\u00e7\u00e3o provoca apag\u00e3o em estados nesta madrugada - Ag\u00eancia iNFRA","isPartOf":{"@id":"https:\/\/agenciainfra.com\/blog\/#website"},"primaryImageOfPage":{"@id":"https:\/\/agenciainfra.com\/blog\/incendio-em-subestacao-provoca-apagao-em-estados-nesta-madrugada\/#primaryimage"},"image":{"@id":"https:\/\/agenciainfra.com\/blog\/incendio-em-subestacao-provoca-apagao-em-estados-nesta-madrugada\/#primaryimage"},"thumbnailUrl":"https:\/\/agenciainfra.com\/blog\/wp-content\/uploads\/2025\/10\/subestacao-bateias-foto-copel-scaled-e1760439308452.jpg","datePublished":"2025-10-14T10:55:44+00:00","dateModified":"2025-10-14T20:47:26+00:00","breadcrumb":{"@id":"https:\/\/agenciainfra.com\/blog\/incendio-em-subestacao-provoca-apagao-em-estados-nesta-madrugada\/#breadcrumb"},"inLanguage":"pt-BR","potentialAction":[{"@type":"ReadAction","target":["https:\/\/agenciainfra.com\/blog\/incendio-em-subestacao-provoca-apagao-em-estados-nesta-madrugada\/"]}]},{"@type":"ImageObject","inLanguage":"pt-BR","@id":"https:\/\/agenciainfra.com\/blog\/incendio-em-subestacao-provoca-apagao-em-estados-nesta-madrugada\/#primaryimage","url":"https:\/\/agenciainfra.com\/blog\/wp-content\/uploads\/2025\/10\/subestacao-bateias-foto-copel-scaled-e1760439308452.jpg","contentUrl":"https:\/\/agenciainfra.com\/blog\/wp-content\/uploads\/2025\/10\/subestacao-bateias-foto-copel-scaled-e1760439308452.jpg","width":1280,"height":743,"caption":"Foto: Copel"},{"@type":"BreadcrumbList","@id":"https:\/\/agenciainfra.com\/blog\/incendio-em-subestacao-provoca-apagao-em-estados-nesta-madrugada\/#breadcrumb","itemListElement":[{"@type":"ListItem","position":1,"name":"In\u00edcio","item":"https:\/\/agenciainfra.com\/blog\/"},{"@type":"ListItem","position":2,"name":"Inc\u00eandio em subesta\u00e7\u00e3o provoca apag\u00e3o em estados nesta madrugada"}]},{"@type":"WebSite","@id":"https:\/\/agenciainfra.com\/blog\/#website","url":"https:\/\/agenciainfra.com\/blog\/","name":"Ag\u00eancia iNFRA","description":"Multiplataforma de informa\u00e7\u00e3o jornal\u00edstica refer\u00eancia na \u00e1rea de infraestrutura no Brasil!","publisher":{"@id":"https:\/\/agenciainfra.com\/blog\/#organization"},"potentialAction":[{"@type":"SearchAction","target":{"@type":"EntryPoint","urlTemplate":"https:\/\/agenciainfra.com\/blog\/?s={search_term_string}"},"query-input":{"@type":"PropertyValueSpecification","valueRequired":true,"valueName":"search_term_string"}}],"inLanguage":"pt-BR"},{"@type":"Organization","@id":"https:\/\/agenciainfra.com\/blog\/#organization","name":"Ag\u00eancia iNFRA","url":"https:\/\/agenciainfra.com\/blog\/","logo":{"@type":"ImageObject","inLanguage":"pt-BR","@id":"https:\/\/agenciainfra.com\/blog\/#\/schema\/logo\/image\/","url":"https:\/\/agenciainfra.com\/blog\/wp-content\/uploads\/2023\/09\/iNFRA_5-e1761735885940.png","contentUrl":"https:\/\/agenciainfra.com\/blog\/wp-content\/uploads\/2023\/09\/iNFRA_5-e1761735885940.png","width":1672,"height":454,"caption":"Ag\u00eancia iNFRA"},"image":{"@id":"https:\/\/agenciainfra.com\/blog\/#\/schema\/logo\/image\/"},"sameAs":["https:\/\/www.facebook.com\/ageninfra","https:\/\/x.com\/agencia_infra","https:\/\/www.linkedin.com\/company\/ag\u00eanciainfra\/","https:\/\/www.instagram.com\/agenciainfra\/"]},{"@type":"Person","@id":"https:\/\/agenciainfra.com\/blog\/#\/schema\/person\/34af08dff6adea4cb22b06612ba7acfa","name":"Ag\u00eancia iNFRA","image":{"@type":"ImageObject","inLanguage":"pt-BR","@id":"https:\/\/agenciainfra.com\/blog\/#\/schema\/person\/image\/","url":"https:\/\/secure.gravatar.com\/avatar\/d189e01678f06d8eb84d4e01f08eb848b3fffe3f8443818d3c356c66892f5be8?s=96&d=mm&r=g","contentUrl":"https:\/\/secure.gravatar.com\/avatar\/d189e01678f06d8eb84d4e01f08eb848b3fffe3f8443818d3c356c66892f5be8?s=96&d=mm&r=g","caption":"Ag\u00eancia iNFRA"},"url":"https:\/\/agenciainfra.com\/blog\/author\/admin\/"}]}},"_links":{"self":[{"href":"https:\/\/agenciainfra.com\/blog\/wp-json\/wp\/v2\/posts\/29719","targetHints":{"allow":["GET"]}}],"collection":[{"href":"https:\/\/agenciainfra.com\/blog\/wp-json\/wp\/v2\/posts"}],"about":[{"href":"https:\/\/agenciainfra.com\/blog\/wp-json\/wp\/v2\/types\/post"}],"author":[{"embeddable":true,"href":"https:\/\/agenciainfra.com\/blog\/wp-json\/wp\/v2\/users\/1"}],"replies":[{"embeddable":true,"href":"https:\/\/agenciainfra.com\/blog\/wp-json\/wp\/v2\/comments?post=29719"}],"version-history":[{"count":9,"href":"https:\/\/agenciainfra.com\/blog\/wp-json\/wp\/v2\/posts\/29719\/revisions"}],"predecessor-version":[{"id":29764,"href":"https:\/\/agenciainfra.com\/blog\/wp-json\/wp\/v2\/posts\/29719\/revisions\/29764"}],"wp:featuredmedia":[{"embeddable":true,"href":"https:\/\/agenciainfra.com\/blog\/wp-json\/wp\/v2\/media\/29720"}],"wp:attachment":[{"href":"https:\/\/agenciainfra.com\/blog\/wp-json\/wp\/v2\/media?parent=29719"}],"wp:term":[{"taxonomy":"category","embeddable":true,"href":"https:\/\/agenciainfra.com\/blog\/wp-json\/wp\/v2\/categories?post=29719"},{"taxonomy":"post_tag","embeddable":true,"href":"https:\/\/agenciainfra.com\/blog\/wp-json\/wp\/v2\/tags?post=29719"}],"curies":[{"name":"wp","href":"https:\/\/api.w.org\/{rel}","templated":true}]}}