{"id":29732,"date":"2025-10-14T10:00:00","date_gmt":"2025-10-14T13:00:00","guid":{"rendered":"https:\/\/agenciainfra.com\/blog\/?p=29732"},"modified":"2025-10-15T08:02:25","modified_gmt":"2025-10-15T11:02:25","slug":"hidreletricas-defendem-criterio-last-in-first-out-no-curtailment","status":"publish","type":"post","link":"https:\/\/agenciainfra.com\/blog\/hidreletricas-defendem-criterio-last-in-first-out-no-curtailment\/","title":{"rendered":"Hidrel\u00e9tricas defendem crit\u00e9rio &#8216;last in, first out&#8217; no curtailment"},"content":{"rendered":"\n<p class=\"has-text-align-right\"><strong>Lais Carregosa, Marisa Wanzeller e Geraldo Campos Jr., da Ag\u00eancia iNFRA<\/strong><\/p>\n\n\n\n<p>Agentes de gera\u00e7\u00e3o hidrel\u00e9trica, como Eletrobras, Engie e Copel, sugeriram \u00e0 ANEEL (Ag\u00eancia Nacional de Energia El\u00e9trica) a aplica\u00e7\u00e3o do crit\u00e9rio \u201clast in, first out\u201d para a prioriza\u00e7\u00e3o dos cortes obrigat\u00f3rios de energia, o chamado curtailment. Pelo conceito, os \u00faltimos geradores conectados ao sistema el\u00e9trico teriam sua gera\u00e7\u00e3o cortada primeiro, em sua maioria usinas e\u00f3licas e solares. A proposta tem o apoio do ONS (Operador Nacional do Sistema El\u00e9trico), que recomendou a ado\u00e7\u00e3o \u00e0 reguladora.<br><br>As recomenda\u00e7\u00f5es foram encaminhadas na terceira fase da Consulta P\u00fablica 45\/2019, que trata da ordem de prioridade para o curtailment. Em\u00a0<a href=\"https:\/\/agenciainfra.us14.list-manage.com\/track\/click?u=d460dd1bcf9ba0ae040e1fc0f&amp;id=989e069cda&amp;e=55b7a27fc9\" target=\"_blank\" rel=\"noreferrer noopener\">nota t\u00e9cnica<\/a>\u00a0disponibilizada\u00a0na \u00faltima sexta-feira (10), t\u00e9cnicos da ANEEL sugerem que o tema seja contemplado em novos estudos para futuros aprimoramentos normativos.\u00a0<br><br>Segundo o documento, a ado\u00e7\u00e3o do mecanismo \u201cassume implicitamente a premissa de que o excesso de gera\u00e7\u00e3o n\u00e3o absorvido pelo sistema decorre da expans\u00e3o de oferta agregada pelo \u00faltimo acessante\u201d. Contudo, eles alertam que a sinaliza\u00e7\u00e3o econ\u00f4mica deve ser dada antes do investimento.<br><br>\u201cEntendemos que h\u00e1 necessidade de se avaliar com mais profundidade a aplica\u00e7\u00e3o desse mecanismo como crit\u00e9rio (e as suas consequ\u00eancias), para que seja dada a clara sinaliza\u00e7\u00e3o econ\u00f4mica ao acessante, antes que os investimentos sejam feitos, ou seja, desde o in\u00edcio da estrutura\u00e7\u00e3o do projeto e antes da emiss\u00e3o do ato de outorga\u201d, diz o ONS.<br><br><strong>ONS recomenda<\/strong><br>O Operador\u00a0<a href=\"https:\/\/agenciainfra.us14.list-manage.com\/track\/click?u=d460dd1bcf9ba0ae040e1fc0f&amp;id=77859ac852&amp;e=55b7a27fc9\" target=\"_blank\" rel=\"noreferrer noopener\">recomendou<\/a>, em meados de julho, que a ANEEL adotasse o crit\u00e9rio \u201clast in, first out\u201d para as usinas que pedirem acesso ao sistema ap\u00f3s a publica\u00e7\u00e3o da nova norma, de acordo com a data de opera\u00e7\u00e3o comercial.\u00a0<br><br>Segundo o \u00f3rg\u00e3o, o crit\u00e9rio \u201cpossibilita uma clara sinaliza\u00e7\u00e3o econ\u00f4mica ao acessante, estimulando a celeridade na constru\u00e7\u00e3o do empreendimento e afastando o investimento especulativo\u201d. Contudo, o ONS sugeriu que a reguladora adotasse um \u201cdispositivo de limita\u00e7\u00e3o de impacto\u201d para os projetos, conforme as seguintes possibilidades:<br><br>&#8211; limitar o corte ao impacto provocado no empreendimento ou o impacto financeiro do corte a \u201cmontante suficiente para sinalizar a exist\u00eancia de restri\u00e7\u00e3o operativa\u201d;<br>&#8211; estabelecer um valor m\u00e1ximo, no acumulado do ano, que \u201cn\u00e3o inviabilize de forma irrepreens\u00edvel o empreendimento\u201d;<br>&#8211; fixar um prazo para que o empreendimento saia do regime de \u201clast in, first out\u201d e entre no rateio proporcional \u00e0 gera\u00e7\u00e3o potencial.<br><br><strong>Incentivo \u00e0 redu\u00e7\u00e3o de expans\u00e3o<\/strong><br>A Eletrobras\u00a0<a href=\"https:\/\/agenciainfra.us14.list-manage.com\/track\/click?u=d460dd1bcf9ba0ae040e1fc0f&amp;id=212df351be&amp;e=55b7a27fc9\" target=\"_blank\" rel=\"noreferrer noopener\">avalia<\/a>\u00a0que a metodologia incentiva a \u201credu\u00e7\u00e3o da expans\u00e3o em per\u00edodo de sobreoferta, al\u00e9m da correta precifica\u00e7\u00e3o dos contratos fornecidos pelas fontes intermitentes&#8221;, tais como e\u00f3lica e solar. \u201cEm paralelo, \u00e9 reduzida a necessidade de contrata\u00e7\u00e3o de infraestrutura para lidar com as incertezas relacionadas \u00e0s fontes n\u00e3o-control\u00e1veis, reduzindo custos e encargos aos agentes&#8221;, destaca.\u00a0<br><br>A companhia destaca que os agentes que acessaram o sistema mais recentemente \u201ctiveram melhores condi\u00e7\u00f5es de precificar os riscos econ\u00f4micos do curtailment na modelagem de seus projetos&#8221;.\u00a0<br><br>A Copel, que tamb\u00e9m sugere a ado\u00e7\u00e3o da medida,\u00a0<a href=\"https:\/\/agenciainfra.us14.list-manage.com\/track\/click?u=d460dd1bcf9ba0ae040e1fc0f&amp;id=c4a7e96455&amp;e=55b7a27fc9\" target=\"_blank\" rel=\"noreferrer noopener\">destaca<\/a>\u00a0que parcela significativa da expans\u00e3o da gera\u00e7\u00e3o tem se viabilizado por meio de \u201cfontes n\u00e3o despach\u00e1veis e de oferta compuls\u00f3ria&#8221;. Assim, a prioriza\u00e7\u00e3o dos cortes conforme an\u00e1lise de custos imputados aos consumidores pode n\u00e3o ser justa o suficiente do ponto de vista dos geradores, diz a empresa.<br><br>Em sua\u00a0<a href=\"https:\/\/agenciainfra.us14.list-manage.com\/track\/click?u=d460dd1bcf9ba0ae040e1fc0f&amp;id=764a510079&amp;e=55b7a27fc9\" target=\"_blank\" rel=\"noreferrer noopener\">contribui\u00e7\u00e3o<\/a>, a Engie sugere que o ONS indique em futuros atos de outorga que os novos acessantes do sistema ser\u00e3o cortados primeiro. A medida seria aplicada tanto para casos de cortes por ordem energ\u00e9tica (onde h\u00e1 excesso de gera\u00e7\u00e3o), quanto por motivos de origem el\u00e9trica.<\/p>\n","protected":false},"excerpt":{"rendered":"<p>Lais Carregosa, Marisa Wanzeller e Geraldo Campos Jr., da Ag\u00eancia iNFRA Agentes de gera\u00e7\u00e3o hidrel\u00e9trica, como Eletrobras, Engie e Copel, sugeriram \u00e0 ANEEL (Ag\u00eancia Nacional de Energia El\u00e9trica) a aplica\u00e7\u00e3o do crit\u00e9rio \u201clast in, first out\u201d para a prioriza\u00e7\u00e3o dos cortes obrigat\u00f3rios de energia, o chamado curtailment. Pelo conceito, os \u00faltimos geradores conectados ao sistema [&hellip;]<\/p>\n","protected":false},"author":1,"featured_media":2005,"comment_status":"closed","ping_status":"closed","sticky":false,"template":"","format":"standard","meta":{"_monsterinsights_skip_tracking":false,"_monsterinsights_sitenote_active":false,"_monsterinsights_sitenote_note":"","_monsterinsights_sitenote_category":0,"footnotes":""},"categories":[7250,1,10],"tags":[53,534,12281,12154,16058,11474,50,1735,2803,11594,635,13132,7366,216],"class_list":["post-29732","post","type-post","status-publish","format-standard","has-post-thumbnail","hentry","category-destaque-lista","category-geral","category-infraenergia","tag-aneel","tag-copel","tag-cortes-de-energia","tag-cortes-de-geracao","tag-cortes-obrigatorios-de-energia","tag-curtailment","tag-eletrobras","tag-engie","tag-geracao-de-energia","tag-geraldo-campos-jr","tag-hidreletricas","tag-lais-carregosa","tag-marisa-wanzeller","tag-ons"],"yoast_head":"<!-- This site is optimized with the Yoast SEO Premium plugin v25.4 (Yoast SEO v26.0) - https:\/\/yoast.com\/wordpress\/plugins\/seo\/ -->\n<title>Hidrel\u00e9tricas defendem crit\u00e9rio &#039;last in, first out&#039; no curtailment - Ag\u00eancia iNFRA<\/title>\n<meta name=\"robots\" content=\"index, follow, max-snippet:-1, max-image-preview:large, max-video-preview:-1\" \/>\n<link rel=\"canonical\" href=\"https:\/\/agenciainfra.com\/blog\/hidreletricas-defendem-criterio-last-in-first-out-no-curtailment\/\" \/>\n<meta property=\"og:locale\" content=\"pt_BR\" \/>\n<meta property=\"og:type\" content=\"article\" \/>\n<meta property=\"og:title\" content=\"Hidrel\u00e9tricas defendem crit\u00e9rio &#039;last in, first out&#039; no curtailment\" \/>\n<meta property=\"og:description\" content=\"Lais Carregosa, Marisa Wanzeller e Geraldo Campos Jr., da Ag\u00eancia iNFRA Agentes de gera\u00e7\u00e3o hidrel\u00e9trica, como Eletrobras, Engie e Copel, sugeriram \u00e0 ANEEL (Ag\u00eancia Nacional de Energia El\u00e9trica) a aplica\u00e7\u00e3o do crit\u00e9rio \u201clast in, first out\u201d para a prioriza\u00e7\u00e3o dos cortes obrigat\u00f3rios de energia, o chamado curtailment. Pelo conceito, os \u00faltimos geradores conectados ao sistema [&hellip;]\" \/>\n<meta property=\"og:url\" content=\"https:\/\/agenciainfra.com\/blog\/hidreletricas-defendem-criterio-last-in-first-out-no-curtailment\/\" \/>\n<meta property=\"og:site_name\" content=\"Ag\u00eancia iNFRA\" \/>\n<meta property=\"article:publisher\" content=\"https:\/\/www.facebook.com\/ageninfra\" \/>\n<meta property=\"article:published_time\" content=\"2025-10-14T13:00:00+00:00\" \/>\n<meta property=\"article:modified_time\" content=\"2025-10-15T11:02:25+00:00\" \/>\n<meta property=\"og:image\" content=\"https:\/\/agenciainfra.com\/blog\/wp-content\/uploads\/2018\/06\/Foto-Jose-Lins-Eletrobras-Furnas-25.04.2018.jpg\" \/>\n\t<meta property=\"og:image:width\" content=\"1619\" \/>\n\t<meta property=\"og:image:height\" content=\"1080\" \/>\n\t<meta property=\"og:image:type\" content=\"image\/jpeg\" \/>\n<meta name=\"author\" content=\"Ag\u00eancia iNFRA\" \/>\n<meta name=\"twitter:card\" content=\"summary_large_image\" \/>\n<meta name=\"twitter:creator\" content=\"@agencia_infra\" \/>\n<meta name=\"twitter:site\" content=\"@agencia_infra\" \/>\n<meta name=\"twitter:label1\" content=\"Escrito por\" \/>\n\t<meta name=\"twitter:data1\" content=\"Ag\u00eancia iNFRA\" \/>\n\t<meta name=\"twitter:label2\" content=\"Est. tempo de leitura\" \/>\n\t<meta name=\"twitter:data2\" content=\"3 minutos\" \/>\n<script type=\"application\/ld+json\" class=\"yoast-schema-graph\">{\"@context\":\"https:\/\/schema.org\",\"@graph\":[{\"@type\":\"Article\",\"@id\":\"https:\/\/agenciainfra.com\/blog\/hidreletricas-defendem-criterio-last-in-first-out-no-curtailment\/#article\",\"isPartOf\":{\"@id\":\"https:\/\/agenciainfra.com\/blog\/hidreletricas-defendem-criterio-last-in-first-out-no-curtailment\/\"},\"author\":{\"name\":\"Ag\u00eancia iNFRA\",\"@id\":\"https:\/\/agenciainfra.com\/blog\/#\/schema\/person\/34af08dff6adea4cb22b06612ba7acfa\"},\"headline\":\"Hidrel\u00e9tricas defendem crit\u00e9rio &#8216;last in, first out&#8217; no curtailment\",\"datePublished\":\"2025-10-14T13:00:00+00:00\",\"dateModified\":\"2025-10-15T11:02:25+00:00\",\"mainEntityOfPage\":{\"@id\":\"https:\/\/agenciainfra.com\/blog\/hidreletricas-defendem-criterio-last-in-first-out-no-curtailment\/\"},\"wordCount\":653,\"publisher\":{\"@id\":\"https:\/\/agenciainfra.com\/blog\/#organization\"},\"image\":{\"@id\":\"https:\/\/agenciainfra.com\/blog\/hidreletricas-defendem-criterio-last-in-first-out-no-curtailment\/#primaryimage\"},\"thumbnailUrl\":\"https:\/\/agenciainfra.com\/blog\/wp-content\/uploads\/2018\/06\/Foto-Jose-Lins-Eletrobras-Furnas-25.04.2018.jpg\",\"keywords\":[\"ANEEL\",\"Copel\",\"cortes de energia\",\"cortes de gera\u00e7\u00e3o\",\"cortes obrigat\u00f3rios de energia\",\"curtailment\",\"Eletrobras\",\"Engie\",\"gera\u00e7\u00e3o de energia\",\"Geraldo Campos Jr.\",\"Hidrel\u00e9tricas\",\"Lais Carregosa\",\"Marisa Wanzeller\",\"ONS\"],\"articleSection\":[\"Destaque lista\",\"Geral\",\"iNFRAEnergia\"],\"inLanguage\":\"pt-BR\",\"copyrightYear\":\"2025\",\"copyrightHolder\":{\"@id\":\"https:\/\/agenciainfra.com\/blog\/#organization\"}},{\"@type\":\"WebPage\",\"@id\":\"https:\/\/agenciainfra.com\/blog\/hidreletricas-defendem-criterio-last-in-first-out-no-curtailment\/\",\"url\":\"https:\/\/agenciainfra.com\/blog\/hidreletricas-defendem-criterio-last-in-first-out-no-curtailment\/\",\"name\":\"Hidrel\u00e9tricas defendem crit\u00e9rio 'last in, first out' no curtailment - Ag\u00eancia iNFRA\",\"isPartOf\":{\"@id\":\"https:\/\/agenciainfra.com\/blog\/#website\"},\"primaryImageOfPage\":{\"@id\":\"https:\/\/agenciainfra.com\/blog\/hidreletricas-defendem-criterio-last-in-first-out-no-curtailment\/#primaryimage\"},\"image\":{\"@id\":\"https:\/\/agenciainfra.com\/blog\/hidreletricas-defendem-criterio-last-in-first-out-no-curtailment\/#primaryimage\"},\"thumbnailUrl\":\"https:\/\/agenciainfra.com\/blog\/wp-content\/uploads\/2018\/06\/Foto-Jose-Lins-Eletrobras-Furnas-25.04.2018.jpg\",\"datePublished\":\"2025-10-14T13:00:00+00:00\",\"dateModified\":\"2025-10-15T11:02:25+00:00\",\"breadcrumb\":{\"@id\":\"https:\/\/agenciainfra.com\/blog\/hidreletricas-defendem-criterio-last-in-first-out-no-curtailment\/#breadcrumb\"},\"inLanguage\":\"pt-BR\",\"potentialAction\":[{\"@type\":\"ReadAction\",\"target\":[\"https:\/\/agenciainfra.com\/blog\/hidreletricas-defendem-criterio-last-in-first-out-no-curtailment\/\"]}]},{\"@type\":\"ImageObject\",\"inLanguage\":\"pt-BR\",\"@id\":\"https:\/\/agenciainfra.com\/blog\/hidreletricas-defendem-criterio-last-in-first-out-no-curtailment\/#primaryimage\",\"url\":\"https:\/\/agenciainfra.com\/blog\/wp-content\/uploads\/2018\/06\/Foto-Jose-Lins-Eletrobras-Furnas-25.04.2018.jpg\",\"contentUrl\":\"https:\/\/agenciainfra.com\/blog\/wp-content\/uploads\/2018\/06\/Foto-Jose-Lins-Eletrobras-Furnas-25.04.2018.jpg\",\"width\":1619,\"height\":1080,\"caption\":\"Foto: Eletrobras\"},{\"@type\":\"BreadcrumbList\",\"@id\":\"https:\/\/agenciainfra.com\/blog\/hidreletricas-defendem-criterio-last-in-first-out-no-curtailment\/#breadcrumb\",\"itemListElement\":[{\"@type\":\"ListItem\",\"position\":1,\"name\":\"In\u00edcio\",\"item\":\"https:\/\/agenciainfra.com\/blog\/\"},{\"@type\":\"ListItem\",\"position\":2,\"name\":\"Hidrel\u00e9tricas defendem crit\u00e9rio &#8216;last in, first out&#8217; no curtailment\"}]},{\"@type\":\"WebSite\",\"@id\":\"https:\/\/agenciainfra.com\/blog\/#website\",\"url\":\"https:\/\/agenciainfra.com\/blog\/\",\"name\":\"Ag\u00eancia iNFRA\",\"description\":\"Multiplataforma de informa\u00e7\u00e3o jornal\u00edstica refer\u00eancia na \u00e1rea de infraestrutura no Brasil!\",\"publisher\":{\"@id\":\"https:\/\/agenciainfra.com\/blog\/#organization\"},\"potentialAction\":[{\"@type\":\"SearchAction\",\"target\":{\"@type\":\"EntryPoint\",\"urlTemplate\":\"https:\/\/agenciainfra.com\/blog\/?s={search_term_string}\"},\"query-input\":{\"@type\":\"PropertyValueSpecification\",\"valueRequired\":true,\"valueName\":\"search_term_string\"}}],\"inLanguage\":\"pt-BR\"},{\"@type\":\"Organization\",\"@id\":\"https:\/\/agenciainfra.com\/blog\/#organization\",\"name\":\"Ag\u00eancia iNFRA\",\"url\":\"https:\/\/agenciainfra.com\/blog\/\",\"logo\":{\"@type\":\"ImageObject\",\"inLanguage\":\"pt-BR\",\"@id\":\"https:\/\/agenciainfra.com\/blog\/#\/schema\/logo\/image\/\",\"url\":\"https:\/\/agenciainfra.com\/blog\/wp-content\/uploads\/2023\/09\/iNFRA_5-e1761735885940.png\",\"contentUrl\":\"https:\/\/agenciainfra.com\/blog\/wp-content\/uploads\/2023\/09\/iNFRA_5-e1761735885940.png\",\"width\":1672,\"height\":454,\"caption\":\"Ag\u00eancia iNFRA\"},\"image\":{\"@id\":\"https:\/\/agenciainfra.com\/blog\/#\/schema\/logo\/image\/\"},\"sameAs\":[\"https:\/\/www.facebook.com\/ageninfra\",\"https:\/\/x.com\/agencia_infra\",\"https:\/\/www.linkedin.com\/company\/ag\u00eanciainfra\/\",\"https:\/\/www.instagram.com\/agenciainfra\/\"]},{\"@type\":\"Person\",\"@id\":\"https:\/\/agenciainfra.com\/blog\/#\/schema\/person\/34af08dff6adea4cb22b06612ba7acfa\",\"name\":\"Ag\u00eancia iNFRA\",\"image\":{\"@type\":\"ImageObject\",\"inLanguage\":\"pt-BR\",\"@id\":\"https:\/\/agenciainfra.com\/blog\/#\/schema\/person\/image\/\",\"url\":\"https:\/\/secure.gravatar.com\/avatar\/d189e01678f06d8eb84d4e01f08eb848b3fffe3f8443818d3c356c66892f5be8?s=96&d=mm&r=g\",\"contentUrl\":\"https:\/\/secure.gravatar.com\/avatar\/d189e01678f06d8eb84d4e01f08eb848b3fffe3f8443818d3c356c66892f5be8?s=96&d=mm&r=g\",\"caption\":\"Ag\u00eancia iNFRA\"},\"url\":\"https:\/\/agenciainfra.com\/blog\/author\/admin\/\"}]}<\/script>\n<!-- \/ Yoast SEO Premium plugin. -->","yoast_head_json":{"title":"Hidrel\u00e9tricas defendem crit\u00e9rio 'last in, first out' no curtailment - Ag\u00eancia iNFRA","robots":{"index":"index","follow":"follow","max-snippet":"max-snippet:-1","max-image-preview":"max-image-preview:large","max-video-preview":"max-video-preview:-1"},"canonical":"https:\/\/agenciainfra.com\/blog\/hidreletricas-defendem-criterio-last-in-first-out-no-curtailment\/","og_locale":"pt_BR","og_type":"article","og_title":"Hidrel\u00e9tricas defendem crit\u00e9rio 'last in, first out' no curtailment","og_description":"Lais Carregosa, Marisa Wanzeller e Geraldo Campos Jr., da Ag\u00eancia iNFRA Agentes de gera\u00e7\u00e3o hidrel\u00e9trica, como Eletrobras, Engie e Copel, sugeriram \u00e0 ANEEL (Ag\u00eancia Nacional de Energia El\u00e9trica) a aplica\u00e7\u00e3o do crit\u00e9rio \u201clast in, first out\u201d para a prioriza\u00e7\u00e3o dos cortes obrigat\u00f3rios de energia, o chamado curtailment. Pelo conceito, os \u00faltimos geradores conectados ao sistema [&hellip;]","og_url":"https:\/\/agenciainfra.com\/blog\/hidreletricas-defendem-criterio-last-in-first-out-no-curtailment\/","og_site_name":"Ag\u00eancia iNFRA","article_publisher":"https:\/\/www.facebook.com\/ageninfra","article_published_time":"2025-10-14T13:00:00+00:00","article_modified_time":"2025-10-15T11:02:25+00:00","og_image":[{"width":1619,"height":1080,"url":"https:\/\/agenciainfra.com\/blog\/wp-content\/uploads\/2018\/06\/Foto-Jose-Lins-Eletrobras-Furnas-25.04.2018.jpg","type":"image\/jpeg"}],"author":"Ag\u00eancia iNFRA","twitter_card":"summary_large_image","twitter_creator":"@agencia_infra","twitter_site":"@agencia_infra","twitter_misc":{"Escrito por":"Ag\u00eancia iNFRA","Est. tempo de leitura":"3 minutos"},"schema":{"@context":"https:\/\/schema.org","@graph":[{"@type":"Article","@id":"https:\/\/agenciainfra.com\/blog\/hidreletricas-defendem-criterio-last-in-first-out-no-curtailment\/#article","isPartOf":{"@id":"https:\/\/agenciainfra.com\/blog\/hidreletricas-defendem-criterio-last-in-first-out-no-curtailment\/"},"author":{"name":"Ag\u00eancia iNFRA","@id":"https:\/\/agenciainfra.com\/blog\/#\/schema\/person\/34af08dff6adea4cb22b06612ba7acfa"},"headline":"Hidrel\u00e9tricas defendem crit\u00e9rio &#8216;last in, first out&#8217; no curtailment","datePublished":"2025-10-14T13:00:00+00:00","dateModified":"2025-10-15T11:02:25+00:00","mainEntityOfPage":{"@id":"https:\/\/agenciainfra.com\/blog\/hidreletricas-defendem-criterio-last-in-first-out-no-curtailment\/"},"wordCount":653,"publisher":{"@id":"https:\/\/agenciainfra.com\/blog\/#organization"},"image":{"@id":"https:\/\/agenciainfra.com\/blog\/hidreletricas-defendem-criterio-last-in-first-out-no-curtailment\/#primaryimage"},"thumbnailUrl":"https:\/\/agenciainfra.com\/blog\/wp-content\/uploads\/2018\/06\/Foto-Jose-Lins-Eletrobras-Furnas-25.04.2018.jpg","keywords":["ANEEL","Copel","cortes de energia","cortes de gera\u00e7\u00e3o","cortes obrigat\u00f3rios de energia","curtailment","Eletrobras","Engie","gera\u00e7\u00e3o de energia","Geraldo Campos Jr.","Hidrel\u00e9tricas","Lais Carregosa","Marisa Wanzeller","ONS"],"articleSection":["Destaque lista","Geral","iNFRAEnergia"],"inLanguage":"pt-BR","copyrightYear":"2025","copyrightHolder":{"@id":"https:\/\/agenciainfra.com\/blog\/#organization"}},{"@type":"WebPage","@id":"https:\/\/agenciainfra.com\/blog\/hidreletricas-defendem-criterio-last-in-first-out-no-curtailment\/","url":"https:\/\/agenciainfra.com\/blog\/hidreletricas-defendem-criterio-last-in-first-out-no-curtailment\/","name":"Hidrel\u00e9tricas defendem crit\u00e9rio 'last in, first out' no curtailment - Ag\u00eancia iNFRA","isPartOf":{"@id":"https:\/\/agenciainfra.com\/blog\/#website"},"primaryImageOfPage":{"@id":"https:\/\/agenciainfra.com\/blog\/hidreletricas-defendem-criterio-last-in-first-out-no-curtailment\/#primaryimage"},"image":{"@id":"https:\/\/agenciainfra.com\/blog\/hidreletricas-defendem-criterio-last-in-first-out-no-curtailment\/#primaryimage"},"thumbnailUrl":"https:\/\/agenciainfra.com\/blog\/wp-content\/uploads\/2018\/06\/Foto-Jose-Lins-Eletrobras-Furnas-25.04.2018.jpg","datePublished":"2025-10-14T13:00:00+00:00","dateModified":"2025-10-15T11:02:25+00:00","breadcrumb":{"@id":"https:\/\/agenciainfra.com\/blog\/hidreletricas-defendem-criterio-last-in-first-out-no-curtailment\/#breadcrumb"},"inLanguage":"pt-BR","potentialAction":[{"@type":"ReadAction","target":["https:\/\/agenciainfra.com\/blog\/hidreletricas-defendem-criterio-last-in-first-out-no-curtailment\/"]}]},{"@type":"ImageObject","inLanguage":"pt-BR","@id":"https:\/\/agenciainfra.com\/blog\/hidreletricas-defendem-criterio-last-in-first-out-no-curtailment\/#primaryimage","url":"https:\/\/agenciainfra.com\/blog\/wp-content\/uploads\/2018\/06\/Foto-Jose-Lins-Eletrobras-Furnas-25.04.2018.jpg","contentUrl":"https:\/\/agenciainfra.com\/blog\/wp-content\/uploads\/2018\/06\/Foto-Jose-Lins-Eletrobras-Furnas-25.04.2018.jpg","width":1619,"height":1080,"caption":"Foto: Eletrobras"},{"@type":"BreadcrumbList","@id":"https:\/\/agenciainfra.com\/blog\/hidreletricas-defendem-criterio-last-in-first-out-no-curtailment\/#breadcrumb","itemListElement":[{"@type":"ListItem","position":1,"name":"In\u00edcio","item":"https:\/\/agenciainfra.com\/blog\/"},{"@type":"ListItem","position":2,"name":"Hidrel\u00e9tricas defendem crit\u00e9rio &#8216;last in, first out&#8217; no curtailment"}]},{"@type":"WebSite","@id":"https:\/\/agenciainfra.com\/blog\/#website","url":"https:\/\/agenciainfra.com\/blog\/","name":"Ag\u00eancia iNFRA","description":"Multiplataforma de informa\u00e7\u00e3o jornal\u00edstica refer\u00eancia na \u00e1rea de infraestrutura no Brasil!","publisher":{"@id":"https:\/\/agenciainfra.com\/blog\/#organization"},"potentialAction":[{"@type":"SearchAction","target":{"@type":"EntryPoint","urlTemplate":"https:\/\/agenciainfra.com\/blog\/?s={search_term_string}"},"query-input":{"@type":"PropertyValueSpecification","valueRequired":true,"valueName":"search_term_string"}}],"inLanguage":"pt-BR"},{"@type":"Organization","@id":"https:\/\/agenciainfra.com\/blog\/#organization","name":"Ag\u00eancia iNFRA","url":"https:\/\/agenciainfra.com\/blog\/","logo":{"@type":"ImageObject","inLanguage":"pt-BR","@id":"https:\/\/agenciainfra.com\/blog\/#\/schema\/logo\/image\/","url":"https:\/\/agenciainfra.com\/blog\/wp-content\/uploads\/2023\/09\/iNFRA_5-e1761735885940.png","contentUrl":"https:\/\/agenciainfra.com\/blog\/wp-content\/uploads\/2023\/09\/iNFRA_5-e1761735885940.png","width":1672,"height":454,"caption":"Ag\u00eancia iNFRA"},"image":{"@id":"https:\/\/agenciainfra.com\/blog\/#\/schema\/logo\/image\/"},"sameAs":["https:\/\/www.facebook.com\/ageninfra","https:\/\/x.com\/agencia_infra","https:\/\/www.linkedin.com\/company\/ag\u00eanciainfra\/","https:\/\/www.instagram.com\/agenciainfra\/"]},{"@type":"Person","@id":"https:\/\/agenciainfra.com\/blog\/#\/schema\/person\/34af08dff6adea4cb22b06612ba7acfa","name":"Ag\u00eancia iNFRA","image":{"@type":"ImageObject","inLanguage":"pt-BR","@id":"https:\/\/agenciainfra.com\/blog\/#\/schema\/person\/image\/","url":"https:\/\/secure.gravatar.com\/avatar\/d189e01678f06d8eb84d4e01f08eb848b3fffe3f8443818d3c356c66892f5be8?s=96&d=mm&r=g","contentUrl":"https:\/\/secure.gravatar.com\/avatar\/d189e01678f06d8eb84d4e01f08eb848b3fffe3f8443818d3c356c66892f5be8?s=96&d=mm&r=g","caption":"Ag\u00eancia iNFRA"},"url":"https:\/\/agenciainfra.com\/blog\/author\/admin\/"}]}},"_links":{"self":[{"href":"https:\/\/agenciainfra.com\/blog\/wp-json\/wp\/v2\/posts\/29732","targetHints":{"allow":["GET"]}}],"collection":[{"href":"https:\/\/agenciainfra.com\/blog\/wp-json\/wp\/v2\/posts"}],"about":[{"href":"https:\/\/agenciainfra.com\/blog\/wp-json\/wp\/v2\/types\/post"}],"author":[{"embeddable":true,"href":"https:\/\/agenciainfra.com\/blog\/wp-json\/wp\/v2\/users\/1"}],"replies":[{"embeddable":true,"href":"https:\/\/agenciainfra.com\/blog\/wp-json\/wp\/v2\/comments?post=29732"}],"version-history":[{"count":2,"href":"https:\/\/agenciainfra.com\/blog\/wp-json\/wp\/v2\/posts\/29732\/revisions"}],"predecessor-version":[{"id":29768,"href":"https:\/\/agenciainfra.com\/blog\/wp-json\/wp\/v2\/posts\/29732\/revisions\/29768"}],"wp:featuredmedia":[{"embeddable":true,"href":"https:\/\/agenciainfra.com\/blog\/wp-json\/wp\/v2\/media\/2005"}],"wp:attachment":[{"href":"https:\/\/agenciainfra.com\/blog\/wp-json\/wp\/v2\/media?parent=29732"}],"wp:term":[{"taxonomy":"category","embeddable":true,"href":"https:\/\/agenciainfra.com\/blog\/wp-json\/wp\/v2\/categories?post=29732"},{"taxonomy":"post_tag","embeddable":true,"href":"https:\/\/agenciainfra.com\/blog\/wp-json\/wp\/v2\/tags?post=29732"}],"curies":[{"name":"wp","href":"https:\/\/api.w.org\/{rel}","templated":true}]}}