{"id":29815,"date":"2025-10-14T19:49:16","date_gmt":"2025-10-14T22:49:16","guid":{"rendered":"https:\/\/agenciainfra.com\/blog\/?p=29815"},"modified":"2025-10-15T18:13:13","modified_gmt":"2025-10-15T21:13:13","slug":"minerais-criticos-nao-podem-trazer-novo-colonialismo-diz-ibram","status":"publish","type":"post","link":"https:\/\/agenciainfra.com\/blog\/minerais-criticos-nao-podem-trazer-novo-colonialismo-diz-ibram\/","title":{"rendered":"Minerais cr\u00edticos n\u00e3o podem trazer \u2018novo colonialismo\u2019, diz Ibram"},"content":{"rendered":"\n<p class=\"has-text-align-right\"><strong>Rafael Bitencourt, da Ag\u00eancia iNFRA<\/strong><\/p>\n\n\n\n<p>O presidente do Ibram (Instituto Brasileiro de Minera\u00e7\u00e3o), Raul Jungmann, disse nesta ter\u00e7a-feira (14) que a explora\u00e7\u00e3o das reservas de minerais cr\u00edticos, demandados pela transi\u00e7\u00e3o energ\u00e9tica, n\u00e3o pode trazer um \u201cnovo colonialismo\u201d para o Brasil. Segundo ele, esse segmento da atividade mineral deve assegurar benef\u00edcios econ\u00f4micos e sociais, al\u00e9m de minimizar impactos ambientais.<\/p>\n\n\n\n<p>\u201cN\u00f3s n\u00e3o queremos um novo colonialismo\u201d, destacou Jungmann. \u201cIsso n\u00e3o pode, de forma nenhuma, significar a volta ao passado onde determinados grupos lucram efetivamente com aquilo que a minera\u00e7\u00e3o tem a dar, mas isso n\u00e3o se distribuiu de forma equitativa em ganhos para a sociedade\u201d, completou o presidente da entidade, em debate na Comiss\u00e3o Especial sobre Transi\u00e7\u00e3o Energ\u00e9tica e Produ\u00e7\u00e3o de Hidrog\u00eanio Verde, da C\u00e2mara dos Deputados.<\/p>\n\n\n\n<p>Durante a discuss\u00e3o, Jungmann elogiou diversos pontos do <a href=\"https:\/\/www.camara.leg.br\/proposicoesWeb\/fichadetramitacao?idProposicao=2447259\">PL (Projeto de Lei) 2.780\/2024<\/a>, do deputado Z\u00e9 Silva (Podemos-MG), sobre a Pol\u00edtica Nacional de Minerais Cr\u00edticos e Estrat\u00e9gicos. Ele citou o est\u00edmulo econ\u00f4mico \u00e0 explora\u00e7\u00e3o desses minerais, o apoio \u00e0 classe de empresas chamadas de \u201cjunior mining\u201d, preocupa\u00e7\u00f5es com previsibilidade para o neg\u00f3cio, cria\u00e7\u00e3o de regime especial de infraestrutura para segmento e defini\u00e7\u00e3o de 0,4% dos ganhos para investimentos em inova\u00e7\u00e3o.<\/p>\n\n\n\n<p>Como principais desafios do pa\u00eds, Jungmann mencionou o fato de apenas 27% do territ\u00f3rio nacional ter sido mapeado do ponto de vista geol\u00f3gico nos \u00faltimos 50 anos e, na regula\u00e7\u00e3o, demorar mais de cinco anos para os projetos de minera\u00e7\u00e3o entrarem na fase de explora\u00e7\u00e3o.<\/p>\n\n\n\n<p>Jungmann reconheceu que o setor convive com um \u201cd\u00e9ficit\u201d de imagem, se considerar o hist\u00f3rico de trag\u00e9dias com rompimento de barragens de rejeitos e casos de degrada\u00e7\u00e3o do meio ambiente. Ao finalizar a participa\u00e7\u00e3o na audi\u00eancia, Jungmann refor\u00e7ou a preocupa\u00e7\u00e3o de reverter esse quadro tamb\u00e9m em rela\u00e7\u00e3o aos minerais cr\u00edticos.<\/p>\n\n\n\n<p>\u201cN\u00f3s temos que ter um compromisso socioambiental. N\u00e3o podemos pensar numa transi\u00e7\u00e3o justa e equitativa que n\u00e3o seja de fato uma transi\u00e7\u00e3o que traga benef\u00edcios para todos, que tenha cuidados e preocupa\u00e7\u00e3o com a natureza\u201d, ressaltou o presidente&nbsp;do&nbsp;Ibram.<\/p>\n","protected":false},"excerpt":{"rendered":"<p>Rafael Bitencourt, da Ag\u00eancia iNFRA O presidente do Ibram (Instituto Brasileiro de Minera\u00e7\u00e3o), Raul Jungmann, disse nesta ter\u00e7a-feira (14) que a explora\u00e7\u00e3o das reservas de minerais cr\u00edticos, demandados pela transi\u00e7\u00e3o energ\u00e9tica, n\u00e3o pode trazer um \u201cnovo colonialismo\u201d para o Brasil. Segundo ele, esse segmento da atividade mineral deve assegurar benef\u00edcios econ\u00f4micos e sociais, al\u00e9m de [&hellip;]<\/p>\n","protected":false},"author":1,"featured_media":29821,"comment_status":"closed","ping_status":"closed","sticky":false,"template":"","format":"standard","meta":{"_monsterinsights_skip_tracking":false,"_monsterinsights_sitenote_active":false,"_monsterinsights_sitenote_note":"","_monsterinsights_sitenote_category":0,"footnotes":""},"categories":[13239],"tags":[14564,16098,13258,16102,839,13228,13231,16099,13813,13259,16104,2006,16100],"class_list":["post-29815","post","type-post","status-publish","format-standard","has-post-thumbnail","hentry","category-mineracao","tag-barragem-de-rejeitos","tag-comissao-especial-sobre-transicao-energetica-e-producao-de-hidrogenio-verde","tag-ibram","tag-junior-mining","tag-mineracao","tag-minerais-criticos","tag-pl-2-780-2024","tag-politica-nacional-de-minerais-criticos-e-estrategicos","tag-rafael-bitencourt","tag-raul-jungmann","tag-rompimento-de-barragem","tag-transicao-energetica","tag-ze-silva-podemos-mg"],"yoast_head":"<!-- This site is optimized with the Yoast SEO Premium plugin v25.4 (Yoast SEO v26.0) - https:\/\/yoast.com\/wordpress\/plugins\/seo\/ -->\n<title>Minerais cr\u00edticos n\u00e3o podem trazer \u2018novo colonialismo\u2019, diz Ibram - Ag\u00eancia iNFRA<\/title>\n<meta name=\"robots\" content=\"index, follow, max-snippet:-1, max-image-preview:large, max-video-preview:-1\" \/>\n<link rel=\"canonical\" href=\"https:\/\/agenciainfra.com\/blog\/minerais-criticos-nao-podem-trazer-novo-colonialismo-diz-ibram\/\" \/>\n<meta property=\"og:locale\" content=\"pt_BR\" \/>\n<meta property=\"og:type\" content=\"article\" \/>\n<meta property=\"og:title\" content=\"Minerais cr\u00edticos n\u00e3o podem trazer \u2018novo colonialismo\u2019, diz Ibram\" \/>\n<meta property=\"og:description\" content=\"Rafael Bitencourt, da Ag\u00eancia iNFRA O presidente do Ibram (Instituto Brasileiro de Minera\u00e7\u00e3o), Raul Jungmann, disse nesta ter\u00e7a-feira (14) que a explora\u00e7\u00e3o das reservas de minerais cr\u00edticos, demandados pela transi\u00e7\u00e3o energ\u00e9tica, n\u00e3o pode trazer um \u201cnovo colonialismo\u201d para o Brasil. Segundo ele, esse segmento da atividade mineral deve assegurar benef\u00edcios econ\u00f4micos e sociais, al\u00e9m de [&hellip;]\" \/>\n<meta property=\"og:url\" content=\"https:\/\/agenciainfra.com\/blog\/minerais-criticos-nao-podem-trazer-novo-colonialismo-diz-ibram\/\" \/>\n<meta property=\"og:site_name\" content=\"Ag\u00eancia iNFRA\" \/>\n<meta property=\"article:publisher\" content=\"https:\/\/www.facebook.com\/ageninfra\" \/>\n<meta property=\"article:published_time\" content=\"2025-10-14T22:49:16+00:00\" \/>\n<meta property=\"article:modified_time\" content=\"2025-10-15T21:13:13+00:00\" \/>\n<meta property=\"og:image\" content=\"https:\/\/agenciainfra.com\/blog\/wp-content\/uploads\/2025\/10\/Raul-Jugmann-Ibram-Foto-Pablo-Valadares-Camara-dos-Deputados.jpg\" \/>\n\t<meta property=\"og:image:width\" content=\"1281\" \/>\n\t<meta property=\"og:image:height\" content=\"720\" \/>\n\t<meta property=\"og:image:type\" content=\"image\/jpeg\" \/>\n<meta name=\"author\" content=\"Ag\u00eancia iNFRA\" \/>\n<meta name=\"twitter:card\" content=\"summary_large_image\" \/>\n<meta name=\"twitter:creator\" content=\"@agencia_infra\" \/>\n<meta name=\"twitter:site\" content=\"@agencia_infra\" \/>\n<meta name=\"twitter:label1\" content=\"Escrito por\" \/>\n\t<meta name=\"twitter:data1\" content=\"Ag\u00eancia iNFRA\" \/>\n\t<meta name=\"twitter:label2\" content=\"Est. tempo de leitura\" \/>\n\t<meta name=\"twitter:data2\" content=\"2 minutos\" \/>\n<script type=\"application\/ld+json\" class=\"yoast-schema-graph\">{\"@context\":\"https:\/\/schema.org\",\"@graph\":[{\"@type\":\"Article\",\"@id\":\"https:\/\/agenciainfra.com\/blog\/minerais-criticos-nao-podem-trazer-novo-colonialismo-diz-ibram\/#article\",\"isPartOf\":{\"@id\":\"https:\/\/agenciainfra.com\/blog\/minerais-criticos-nao-podem-trazer-novo-colonialismo-diz-ibram\/\"},\"author\":{\"name\":\"Ag\u00eancia iNFRA\",\"@id\":\"https:\/\/agenciainfra.com\/blog\/#\/schema\/person\/34af08dff6adea4cb22b06612ba7acfa\"},\"headline\":\"Minerais cr\u00edticos n\u00e3o podem trazer \u2018novo colonialismo\u2019, diz Ibram\",\"datePublished\":\"2025-10-14T22:49:16+00:00\",\"dateModified\":\"2025-10-15T21:13:13+00:00\",\"mainEntityOfPage\":{\"@id\":\"https:\/\/agenciainfra.com\/blog\/minerais-criticos-nao-podem-trazer-novo-colonialismo-diz-ibram\/\"},\"wordCount\":394,\"publisher\":{\"@id\":\"https:\/\/agenciainfra.com\/blog\/#organization\"},\"image\":{\"@id\":\"https:\/\/agenciainfra.com\/blog\/minerais-criticos-nao-podem-trazer-novo-colonialismo-diz-ibram\/#primaryimage\"},\"thumbnailUrl\":\"https:\/\/agenciainfra.com\/blog\/wp-content\/uploads\/2025\/10\/Raul-Jugmann-Ibram-Foto-Pablo-Valadares-Camara-dos-Deputados.jpg\",\"keywords\":[\"barragem de rejeitos\",\"Comiss\u00e3o Especial sobre Transi\u00e7\u00e3o Energ\u00e9tica e Produ\u00e7\u00e3o de Hidrog\u00eanio Verde\",\"ibram\",\"junior mining\",\"minera\u00e7\u00e3o\",\"minerais cr\u00edticos\",\"pl 2.780\/2024\",\"Pol\u00edtica Nacional de Minerais Cr\u00edticos e Estrat\u00e9gicos\",\"Rafael Bitencourt\",\"raul jungmann\",\"rompimento de barragem\",\"transi\u00e7\u00e3o energ\u00e9tica\",\"Z\u00e9 Silva (Podemos-MG)\"],\"articleSection\":[\"Minera\u00e7\u00e3o\"],\"inLanguage\":\"pt-BR\",\"copyrightYear\":\"2025\",\"copyrightHolder\":{\"@id\":\"https:\/\/agenciainfra.com\/blog\/#organization\"}},{\"@type\":\"WebPage\",\"@id\":\"https:\/\/agenciainfra.com\/blog\/minerais-criticos-nao-podem-trazer-novo-colonialismo-diz-ibram\/\",\"url\":\"https:\/\/agenciainfra.com\/blog\/minerais-criticos-nao-podem-trazer-novo-colonialismo-diz-ibram\/\",\"name\":\"Minerais cr\u00edticos n\u00e3o podem trazer \u2018novo colonialismo\u2019, diz Ibram - Ag\u00eancia iNFRA\",\"isPartOf\":{\"@id\":\"https:\/\/agenciainfra.com\/blog\/#website\"},\"primaryImageOfPage\":{\"@id\":\"https:\/\/agenciainfra.com\/blog\/minerais-criticos-nao-podem-trazer-novo-colonialismo-diz-ibram\/#primaryimage\"},\"image\":{\"@id\":\"https:\/\/agenciainfra.com\/blog\/minerais-criticos-nao-podem-trazer-novo-colonialismo-diz-ibram\/#primaryimage\"},\"thumbnailUrl\":\"https:\/\/agenciainfra.com\/blog\/wp-content\/uploads\/2025\/10\/Raul-Jugmann-Ibram-Foto-Pablo-Valadares-Camara-dos-Deputados.jpg\",\"datePublished\":\"2025-10-14T22:49:16+00:00\",\"dateModified\":\"2025-10-15T21:13:13+00:00\",\"breadcrumb\":{\"@id\":\"https:\/\/agenciainfra.com\/blog\/minerais-criticos-nao-podem-trazer-novo-colonialismo-diz-ibram\/#breadcrumb\"},\"inLanguage\":\"pt-BR\",\"potentialAction\":[{\"@type\":\"ReadAction\",\"target\":[\"https:\/\/agenciainfra.com\/blog\/minerais-criticos-nao-podem-trazer-novo-colonialismo-diz-ibram\/\"]}]},{\"@type\":\"ImageObject\",\"inLanguage\":\"pt-BR\",\"@id\":\"https:\/\/agenciainfra.com\/blog\/minerais-criticos-nao-podem-trazer-novo-colonialismo-diz-ibram\/#primaryimage\",\"url\":\"https:\/\/agenciainfra.com\/blog\/wp-content\/uploads\/2025\/10\/Raul-Jugmann-Ibram-Foto-Pablo-Valadares-Camara-dos-Deputados.jpg\",\"contentUrl\":\"https:\/\/agenciainfra.com\/blog\/wp-content\/uploads\/2025\/10\/Raul-Jugmann-Ibram-Foto-Pablo-Valadares-Camara-dos-Deputados.jpg\",\"width\":1281,\"height\":720,\"caption\":\"Foto: Pablo Valadares\/C\u00e2mara dos Deputados\"},{\"@type\":\"BreadcrumbList\",\"@id\":\"https:\/\/agenciainfra.com\/blog\/minerais-criticos-nao-podem-trazer-novo-colonialismo-diz-ibram\/#breadcrumb\",\"itemListElement\":[{\"@type\":\"ListItem\",\"position\":1,\"name\":\"In\u00edcio\",\"item\":\"https:\/\/agenciainfra.com\/blog\/\"},{\"@type\":\"ListItem\",\"position\":2,\"name\":\"Minerais cr\u00edticos n\u00e3o podem trazer \u2018novo colonialismo\u2019, diz Ibram\"}]},{\"@type\":\"WebSite\",\"@id\":\"https:\/\/agenciainfra.com\/blog\/#website\",\"url\":\"https:\/\/agenciainfra.com\/blog\/\",\"name\":\"Ag\u00eancia iNFRA\",\"description\":\"Multiplataforma de informa\u00e7\u00e3o jornal\u00edstica refer\u00eancia na \u00e1rea de infraestrutura no Brasil!\",\"publisher\":{\"@id\":\"https:\/\/agenciainfra.com\/blog\/#organization\"},\"potentialAction\":[{\"@type\":\"SearchAction\",\"target\":{\"@type\":\"EntryPoint\",\"urlTemplate\":\"https:\/\/agenciainfra.com\/blog\/?s={search_term_string}\"},\"query-input\":{\"@type\":\"PropertyValueSpecification\",\"valueRequired\":true,\"valueName\":\"search_term_string\"}}],\"inLanguage\":\"pt-BR\"},{\"@type\":\"Organization\",\"@id\":\"https:\/\/agenciainfra.com\/blog\/#organization\",\"name\":\"Ag\u00eancia iNFRA\",\"url\":\"https:\/\/agenciainfra.com\/blog\/\",\"logo\":{\"@type\":\"ImageObject\",\"inLanguage\":\"pt-BR\",\"@id\":\"https:\/\/agenciainfra.com\/blog\/#\/schema\/logo\/image\/\",\"url\":\"https:\/\/agenciainfra.com\/blog\/wp-content\/uploads\/2023\/09\/iNFRA_5-e1761735885940.png\",\"contentUrl\":\"https:\/\/agenciainfra.com\/blog\/wp-content\/uploads\/2023\/09\/iNFRA_5-e1761735885940.png\",\"width\":1672,\"height\":454,\"caption\":\"Ag\u00eancia iNFRA\"},\"image\":{\"@id\":\"https:\/\/agenciainfra.com\/blog\/#\/schema\/logo\/image\/\"},\"sameAs\":[\"https:\/\/www.facebook.com\/ageninfra\",\"https:\/\/x.com\/agencia_infra\",\"https:\/\/www.linkedin.com\/company\/ag\u00eanciainfra\/\",\"https:\/\/www.instagram.com\/agenciainfra\/\"]},{\"@type\":\"Person\",\"@id\":\"https:\/\/agenciainfra.com\/blog\/#\/schema\/person\/34af08dff6adea4cb22b06612ba7acfa\",\"name\":\"Ag\u00eancia iNFRA\",\"image\":{\"@type\":\"ImageObject\",\"inLanguage\":\"pt-BR\",\"@id\":\"https:\/\/agenciainfra.com\/blog\/#\/schema\/person\/image\/\",\"url\":\"https:\/\/secure.gravatar.com\/avatar\/d189e01678f06d8eb84d4e01f08eb848b3fffe3f8443818d3c356c66892f5be8?s=96&d=mm&r=g\",\"contentUrl\":\"https:\/\/secure.gravatar.com\/avatar\/d189e01678f06d8eb84d4e01f08eb848b3fffe3f8443818d3c356c66892f5be8?s=96&d=mm&r=g\",\"caption\":\"Ag\u00eancia iNFRA\"},\"url\":\"https:\/\/agenciainfra.com\/blog\/author\/admin\/\"}]}<\/script>\n<!-- \/ Yoast SEO Premium plugin. -->","yoast_head_json":{"title":"Minerais cr\u00edticos n\u00e3o podem trazer \u2018novo colonialismo\u2019, diz Ibram - Ag\u00eancia iNFRA","robots":{"index":"index","follow":"follow","max-snippet":"max-snippet:-1","max-image-preview":"max-image-preview:large","max-video-preview":"max-video-preview:-1"},"canonical":"https:\/\/agenciainfra.com\/blog\/minerais-criticos-nao-podem-trazer-novo-colonialismo-diz-ibram\/","og_locale":"pt_BR","og_type":"article","og_title":"Minerais cr\u00edticos n\u00e3o podem trazer \u2018novo colonialismo\u2019, diz Ibram","og_description":"Rafael Bitencourt, da Ag\u00eancia iNFRA O presidente do Ibram (Instituto Brasileiro de Minera\u00e7\u00e3o), Raul Jungmann, disse nesta ter\u00e7a-feira (14) que a explora\u00e7\u00e3o das reservas de minerais cr\u00edticos, demandados pela transi\u00e7\u00e3o energ\u00e9tica, n\u00e3o pode trazer um \u201cnovo colonialismo\u201d para o Brasil. Segundo ele, esse segmento da atividade mineral deve assegurar benef\u00edcios econ\u00f4micos e sociais, al\u00e9m de [&hellip;]","og_url":"https:\/\/agenciainfra.com\/blog\/minerais-criticos-nao-podem-trazer-novo-colonialismo-diz-ibram\/","og_site_name":"Ag\u00eancia iNFRA","article_publisher":"https:\/\/www.facebook.com\/ageninfra","article_published_time":"2025-10-14T22:49:16+00:00","article_modified_time":"2025-10-15T21:13:13+00:00","og_image":[{"width":1281,"height":720,"url":"https:\/\/agenciainfra.com\/blog\/wp-content\/uploads\/2025\/10\/Raul-Jugmann-Ibram-Foto-Pablo-Valadares-Camara-dos-Deputados.jpg","type":"image\/jpeg"}],"author":"Ag\u00eancia iNFRA","twitter_card":"summary_large_image","twitter_creator":"@agencia_infra","twitter_site":"@agencia_infra","twitter_misc":{"Escrito por":"Ag\u00eancia iNFRA","Est. tempo de leitura":"2 minutos"},"schema":{"@context":"https:\/\/schema.org","@graph":[{"@type":"Article","@id":"https:\/\/agenciainfra.com\/blog\/minerais-criticos-nao-podem-trazer-novo-colonialismo-diz-ibram\/#article","isPartOf":{"@id":"https:\/\/agenciainfra.com\/blog\/minerais-criticos-nao-podem-trazer-novo-colonialismo-diz-ibram\/"},"author":{"name":"Ag\u00eancia iNFRA","@id":"https:\/\/agenciainfra.com\/blog\/#\/schema\/person\/34af08dff6adea4cb22b06612ba7acfa"},"headline":"Minerais cr\u00edticos n\u00e3o podem trazer \u2018novo colonialismo\u2019, diz Ibram","datePublished":"2025-10-14T22:49:16+00:00","dateModified":"2025-10-15T21:13:13+00:00","mainEntityOfPage":{"@id":"https:\/\/agenciainfra.com\/blog\/minerais-criticos-nao-podem-trazer-novo-colonialismo-diz-ibram\/"},"wordCount":394,"publisher":{"@id":"https:\/\/agenciainfra.com\/blog\/#organization"},"image":{"@id":"https:\/\/agenciainfra.com\/blog\/minerais-criticos-nao-podem-trazer-novo-colonialismo-diz-ibram\/#primaryimage"},"thumbnailUrl":"https:\/\/agenciainfra.com\/blog\/wp-content\/uploads\/2025\/10\/Raul-Jugmann-Ibram-Foto-Pablo-Valadares-Camara-dos-Deputados.jpg","keywords":["barragem de rejeitos","Comiss\u00e3o Especial sobre Transi\u00e7\u00e3o Energ\u00e9tica e Produ\u00e7\u00e3o de Hidrog\u00eanio Verde","ibram","junior mining","minera\u00e7\u00e3o","minerais cr\u00edticos","pl 2.780\/2024","Pol\u00edtica Nacional de Minerais Cr\u00edticos e Estrat\u00e9gicos","Rafael Bitencourt","raul jungmann","rompimento de barragem","transi\u00e7\u00e3o energ\u00e9tica","Z\u00e9 Silva (Podemos-MG)"],"articleSection":["Minera\u00e7\u00e3o"],"inLanguage":"pt-BR","copyrightYear":"2025","copyrightHolder":{"@id":"https:\/\/agenciainfra.com\/blog\/#organization"}},{"@type":"WebPage","@id":"https:\/\/agenciainfra.com\/blog\/minerais-criticos-nao-podem-trazer-novo-colonialismo-diz-ibram\/","url":"https:\/\/agenciainfra.com\/blog\/minerais-criticos-nao-podem-trazer-novo-colonialismo-diz-ibram\/","name":"Minerais cr\u00edticos n\u00e3o podem trazer \u2018novo colonialismo\u2019, diz Ibram - Ag\u00eancia iNFRA","isPartOf":{"@id":"https:\/\/agenciainfra.com\/blog\/#website"},"primaryImageOfPage":{"@id":"https:\/\/agenciainfra.com\/blog\/minerais-criticos-nao-podem-trazer-novo-colonialismo-diz-ibram\/#primaryimage"},"image":{"@id":"https:\/\/agenciainfra.com\/blog\/minerais-criticos-nao-podem-trazer-novo-colonialismo-diz-ibram\/#primaryimage"},"thumbnailUrl":"https:\/\/agenciainfra.com\/blog\/wp-content\/uploads\/2025\/10\/Raul-Jugmann-Ibram-Foto-Pablo-Valadares-Camara-dos-Deputados.jpg","datePublished":"2025-10-14T22:49:16+00:00","dateModified":"2025-10-15T21:13:13+00:00","breadcrumb":{"@id":"https:\/\/agenciainfra.com\/blog\/minerais-criticos-nao-podem-trazer-novo-colonialismo-diz-ibram\/#breadcrumb"},"inLanguage":"pt-BR","potentialAction":[{"@type":"ReadAction","target":["https:\/\/agenciainfra.com\/blog\/minerais-criticos-nao-podem-trazer-novo-colonialismo-diz-ibram\/"]}]},{"@type":"ImageObject","inLanguage":"pt-BR","@id":"https:\/\/agenciainfra.com\/blog\/minerais-criticos-nao-podem-trazer-novo-colonialismo-diz-ibram\/#primaryimage","url":"https:\/\/agenciainfra.com\/blog\/wp-content\/uploads\/2025\/10\/Raul-Jugmann-Ibram-Foto-Pablo-Valadares-Camara-dos-Deputados.jpg","contentUrl":"https:\/\/agenciainfra.com\/blog\/wp-content\/uploads\/2025\/10\/Raul-Jugmann-Ibram-Foto-Pablo-Valadares-Camara-dos-Deputados.jpg","width":1281,"height":720,"caption":"Foto: Pablo Valadares\/C\u00e2mara dos Deputados"},{"@type":"BreadcrumbList","@id":"https:\/\/agenciainfra.com\/blog\/minerais-criticos-nao-podem-trazer-novo-colonialismo-diz-ibram\/#breadcrumb","itemListElement":[{"@type":"ListItem","position":1,"name":"In\u00edcio","item":"https:\/\/agenciainfra.com\/blog\/"},{"@type":"ListItem","position":2,"name":"Minerais cr\u00edticos n\u00e3o podem trazer \u2018novo colonialismo\u2019, diz Ibram"}]},{"@type":"WebSite","@id":"https:\/\/agenciainfra.com\/blog\/#website","url":"https:\/\/agenciainfra.com\/blog\/","name":"Ag\u00eancia iNFRA","description":"Multiplataforma de informa\u00e7\u00e3o jornal\u00edstica refer\u00eancia na \u00e1rea de infraestrutura no Brasil!","publisher":{"@id":"https:\/\/agenciainfra.com\/blog\/#organization"},"potentialAction":[{"@type":"SearchAction","target":{"@type":"EntryPoint","urlTemplate":"https:\/\/agenciainfra.com\/blog\/?s={search_term_string}"},"query-input":{"@type":"PropertyValueSpecification","valueRequired":true,"valueName":"search_term_string"}}],"inLanguage":"pt-BR"},{"@type":"Organization","@id":"https:\/\/agenciainfra.com\/blog\/#organization","name":"Ag\u00eancia iNFRA","url":"https:\/\/agenciainfra.com\/blog\/","logo":{"@type":"ImageObject","inLanguage":"pt-BR","@id":"https:\/\/agenciainfra.com\/blog\/#\/schema\/logo\/image\/","url":"https:\/\/agenciainfra.com\/blog\/wp-content\/uploads\/2023\/09\/iNFRA_5-e1761735885940.png","contentUrl":"https:\/\/agenciainfra.com\/blog\/wp-content\/uploads\/2023\/09\/iNFRA_5-e1761735885940.png","width":1672,"height":454,"caption":"Ag\u00eancia iNFRA"},"image":{"@id":"https:\/\/agenciainfra.com\/blog\/#\/schema\/logo\/image\/"},"sameAs":["https:\/\/www.facebook.com\/ageninfra","https:\/\/x.com\/agencia_infra","https:\/\/www.linkedin.com\/company\/ag\u00eanciainfra\/","https:\/\/www.instagram.com\/agenciainfra\/"]},{"@type":"Person","@id":"https:\/\/agenciainfra.com\/blog\/#\/schema\/person\/34af08dff6adea4cb22b06612ba7acfa","name":"Ag\u00eancia iNFRA","image":{"@type":"ImageObject","inLanguage":"pt-BR","@id":"https:\/\/agenciainfra.com\/blog\/#\/schema\/person\/image\/","url":"https:\/\/secure.gravatar.com\/avatar\/d189e01678f06d8eb84d4e01f08eb848b3fffe3f8443818d3c356c66892f5be8?s=96&d=mm&r=g","contentUrl":"https:\/\/secure.gravatar.com\/avatar\/d189e01678f06d8eb84d4e01f08eb848b3fffe3f8443818d3c356c66892f5be8?s=96&d=mm&r=g","caption":"Ag\u00eancia iNFRA"},"url":"https:\/\/agenciainfra.com\/blog\/author\/admin\/"}]}},"_links":{"self":[{"href":"https:\/\/agenciainfra.com\/blog\/wp-json\/wp\/v2\/posts\/29815","targetHints":{"allow":["GET"]}}],"collection":[{"href":"https:\/\/agenciainfra.com\/blog\/wp-json\/wp\/v2\/posts"}],"about":[{"href":"https:\/\/agenciainfra.com\/blog\/wp-json\/wp\/v2\/types\/post"}],"author":[{"embeddable":true,"href":"https:\/\/agenciainfra.com\/blog\/wp-json\/wp\/v2\/users\/1"}],"replies":[{"embeddable":true,"href":"https:\/\/agenciainfra.com\/blog\/wp-json\/wp\/v2\/comments?post=29815"}],"version-history":[{"count":2,"href":"https:\/\/agenciainfra.com\/blog\/wp-json\/wp\/v2\/posts\/29815\/revisions"}],"predecessor-version":[{"id":29929,"href":"https:\/\/agenciainfra.com\/blog\/wp-json\/wp\/v2\/posts\/29815\/revisions\/29929"}],"wp:featuredmedia":[{"embeddable":true,"href":"https:\/\/agenciainfra.com\/blog\/wp-json\/wp\/v2\/media\/29821"}],"wp:attachment":[{"href":"https:\/\/agenciainfra.com\/blog\/wp-json\/wp\/v2\/media?parent=29815"}],"wp:term":[{"taxonomy":"category","embeddable":true,"href":"https:\/\/agenciainfra.com\/blog\/wp-json\/wp\/v2\/categories?post=29815"},{"taxonomy":"post_tag","embeddable":true,"href":"https:\/\/agenciainfra.com\/blog\/wp-json\/wp\/v2\/tags?post=29815"}],"curies":[{"name":"wp","href":"https:\/\/api.w.org\/{rel}","templated":true}]}}