{"id":29818,"date":"2025-10-14T19:41:23","date_gmt":"2025-10-14T22:41:23","guid":{"rendered":"https:\/\/agenciainfra.com\/blog\/?p=29818"},"modified":"2025-10-15T17:57:54","modified_gmt":"2025-10-15T20:57:54","slug":"aneel-aprova-reajustes-de-energia-para-neoenergia-brasilia-e-edp-sp","status":"publish","type":"post","link":"https:\/\/agenciainfra.com\/blog\/aneel-aprova-reajustes-de-energia-para-neoenergia-brasilia-e-edp-sp\/","title":{"rendered":"ANEEL aprova reajustes de energia para Neoenergia Bras\u00edlia e EDP SP"},"content":{"rendered":"\n<p class=\"has-text-align-right\"><strong>da Ag\u00eancia iNFRA<\/strong><\/p>\n\n\n\n<p>A ANEEL (Ag\u00eancia Nacional de Energia El\u00e9trica) aprovou nesta ter\u00e7a-feira (14) os Reajustes Tarif\u00e1rios Anuais das distribuidoras Neoenergia Bras\u00edlia e EDP S\u00e3o Paulo, que entram em vigor nos pr\u00f3ximos dias. Os reajustes impactam milh\u00f5es de consumidores e refletem custos com encargos setoriais, transporte de energia e componentes financeiros apurados pelas empresas.<\/p>\n\n\n\n<p>A Neoenergia Bras\u00edlia, que atende cerca de 1,19 milh\u00e3o de unidades consumidoras, ter\u00e1 aumento m\u00e9dio de 11,93% para seus clientes. O reajuste ser\u00e1 aplicado a partir de 22 de outubro, com \u00edndices de 10,56% para consumidores residenciais, 11,01% para baixa tens\u00e3o e 14,47% para alta tens\u00e3o. Segundo a distribuidora, os principais fatores que motivaram os reajustes foram custos com encargos setoriais e componentes financeiros do processo.<\/p>\n\n\n\n<p>J\u00e1 a EDP SP, respons\u00e1vel por cerca de 2,2 milh\u00f5es de unidades consumidoras em 28 munic\u00edpios paulistas, ter\u00e1 aumento m\u00e9dio de 16,78%, v\u00e1lido a partir de 23 de outubro. Para consumidores residenciais, o reajuste ser\u00e1 de 14,67%, enquanto a m\u00e9dia de baixa tens\u00e3o ser\u00e1 de 15,44% e de alta tens\u00e3o, 19,80%. Os ajustes refletem custos com encargos setoriais, transporte de energia e componentes financeiros apurados para o per\u00edodo.<\/p>\n\n\n\n<p>Em ambos os casos, os reajustes seguem o processo tarif\u00e1rio anual, que atualiza a Parcela B pelo \u00edndice de infla\u00e7\u00e3o estabelecido em contrato (IGP-M ou IPCA) menos o fator X. A Revis\u00e3o Tarif\u00e1ria Peri\u00f3dica, realizada em anos alternados, define de forma mais complexa o custo eficiente da distribui\u00e7\u00e3o, metas de qualidade, perdas de energia e componentes do Fator X para o ciclo tarif\u00e1rio.<\/p>\n\n\n\n<p>Segundo a ANEEL, tanto o RTA quanto a RTP incluem repasses de custos com compra e transmiss\u00e3o de energia e encargos que custeiam pol\u00edticas p\u00fablicas, garantindo o equil\u00edbrio financeiro das distribuidoras sem comprometer a presta\u00e7\u00e3o de servi\u00e7os.<\/p>\n\n\n\n<p><\/p>\n","protected":false},"excerpt":{"rendered":"<p>da Ag\u00eancia iNFRA A ANEEL (Ag\u00eancia Nacional de Energia El\u00e9trica) aprovou nesta ter\u00e7a-feira (14) os Reajustes Tarif\u00e1rios Anuais das distribuidoras Neoenergia Bras\u00edlia e EDP S\u00e3o Paulo, que entram em vigor nos pr\u00f3ximos dias. Os reajustes impactam milh\u00f5es de consumidores e refletem custos com encargos setoriais, transporte de energia e componentes financeiros apurados pelas empresas. A [&hellip;]<\/p>\n","protected":false},"author":1,"featured_media":22837,"comment_status":"closed","ping_status":"closed","sticky":false,"template":"","format":"standard","meta":{"_monsterinsights_skip_tracking":false,"_monsterinsights_sitenote_active":false,"_monsterinsights_sitenote_note":"","_monsterinsights_sitenote_category":0,"footnotes":""},"categories":[13576],"tags":[1966,53,5877,756,16109,1082,16108,6297,282,1564,3571,2989,11722,3573,5161,8864,16110,8312,679,16111],"class_list":["post-29818","post","type-post","status-publish","format-standard","has-post-thumbnail","hentry","category-giro-infra","tag-alta-tensao","tag-aneel","tag-baixa-tensao","tag-brasilia","tag-consumidores-residenciais","tag-distribuicao-de-energia","tag-edp-sp","tag-encargos-setoriais","tag-energia-eletrica","tag-fator-x","tag-igp-m","tag-ipca","tag-neoenergia-brasilia","tag-parcela-b","tag-politicas-publicas","tag-reajuste-tarifario","tag-rta","tag-rtp","tag-sao-paulo","tag-transporte-de-energia"],"yoast_head":"<!-- This site is optimized with the Yoast SEO Premium plugin v25.4 (Yoast SEO v26.0) - https:\/\/yoast.com\/wordpress\/plugins\/seo\/ -->\n<title>ANEEL aprova reajustes de energia para Neoenergia Bras\u00edlia e EDP SP - Ag\u00eancia iNFRA<\/title>\n<meta name=\"robots\" content=\"index, follow, max-snippet:-1, max-image-preview:large, max-video-preview:-1\" \/>\n<link rel=\"canonical\" href=\"https:\/\/agenciainfra.com\/blog\/aneel-aprova-reajustes-de-energia-para-neoenergia-brasilia-e-edp-sp\/\" \/>\n<meta property=\"og:locale\" content=\"pt_BR\" \/>\n<meta property=\"og:type\" content=\"article\" \/>\n<meta property=\"og:title\" content=\"ANEEL aprova reajustes de energia para Neoenergia Bras\u00edlia e EDP SP\" \/>\n<meta property=\"og:description\" content=\"da Ag\u00eancia iNFRA A ANEEL (Ag\u00eancia Nacional de Energia El\u00e9trica) aprovou nesta ter\u00e7a-feira (14) os Reajustes Tarif\u00e1rios Anuais das distribuidoras Neoenergia Bras\u00edlia e EDP S\u00e3o Paulo, que entram em vigor nos pr\u00f3ximos dias. Os reajustes impactam milh\u00f5es de consumidores e refletem custos com encargos setoriais, transporte de energia e componentes financeiros apurados pelas empresas. A [&hellip;]\" \/>\n<meta property=\"og:url\" content=\"https:\/\/agenciainfra.com\/blog\/aneel-aprova-reajustes-de-energia-para-neoenergia-brasilia-e-edp-sp\/\" \/>\n<meta property=\"og:site_name\" content=\"Ag\u00eancia iNFRA\" \/>\n<meta property=\"article:publisher\" content=\"https:\/\/www.facebook.com\/ageninfra\" \/>\n<meta property=\"article:published_time\" content=\"2025-10-14T22:41:23+00:00\" \/>\n<meta property=\"article:modified_time\" content=\"2025-10-15T20:57:54+00:00\" \/>\n<meta property=\"og:image\" content=\"https:\/\/agenciainfra.com\/blog\/wp-content\/uploads\/2025\/06\/edp-foto-edp-divulgacao.jpg\" \/>\n\t<meta property=\"og:image:width\" content=\"1204\" \/>\n\t<meta property=\"og:image:height\" content=\"796\" \/>\n\t<meta property=\"og:image:type\" content=\"image\/jpeg\" \/>\n<meta name=\"author\" content=\"Ag\u00eancia iNFRA\" \/>\n<meta name=\"twitter:card\" content=\"summary_large_image\" \/>\n<meta name=\"twitter:creator\" content=\"@agencia_infra\" \/>\n<meta name=\"twitter:site\" content=\"@agencia_infra\" \/>\n<meta name=\"twitter:label1\" content=\"Escrito por\" \/>\n\t<meta name=\"twitter:data1\" content=\"Ag\u00eancia iNFRA\" \/>\n\t<meta name=\"twitter:label2\" content=\"Est. tempo de leitura\" \/>\n\t<meta name=\"twitter:data2\" content=\"2 minutos\" \/>\n<script type=\"application\/ld+json\" class=\"yoast-schema-graph\">{\"@context\":\"https:\/\/schema.org\",\"@graph\":[{\"@type\":\"Article\",\"@id\":\"https:\/\/agenciainfra.com\/blog\/aneel-aprova-reajustes-de-energia-para-neoenergia-brasilia-e-edp-sp\/#article\",\"isPartOf\":{\"@id\":\"https:\/\/agenciainfra.com\/blog\/aneel-aprova-reajustes-de-energia-para-neoenergia-brasilia-e-edp-sp\/\"},\"author\":{\"name\":\"Ag\u00eancia iNFRA\",\"@id\":\"https:\/\/agenciainfra.com\/blog\/#\/schema\/person\/34af08dff6adea4cb22b06612ba7acfa\"},\"headline\":\"ANEEL aprova reajustes de energia para Neoenergia Bras\u00edlia e EDP SP\",\"datePublished\":\"2025-10-14T22:41:23+00:00\",\"dateModified\":\"2025-10-15T20:57:54+00:00\",\"mainEntityOfPage\":{\"@id\":\"https:\/\/agenciainfra.com\/blog\/aneel-aprova-reajustes-de-energia-para-neoenergia-brasilia-e-edp-sp\/\"},\"wordCount\":322,\"publisher\":{\"@id\":\"https:\/\/agenciainfra.com\/blog\/#organization\"},\"image\":{\"@id\":\"https:\/\/agenciainfra.com\/blog\/aneel-aprova-reajustes-de-energia-para-neoenergia-brasilia-e-edp-sp\/#primaryimage\"},\"thumbnailUrl\":\"https:\/\/agenciainfra.com\/blog\/wp-content\/uploads\/2025\/06\/edp-foto-edp-divulgacao.jpg\",\"keywords\":[\"alta tens\u00e3o\",\"ANEEL\",\"baixa tens\u00e3o\",\"Bras\u00edlia\",\"consumidores residenciais\",\"distribui\u00e7\u00e3o de energia\",\"EDP SP\",\"encargos setoriais\",\"energia el\u00e9trica\",\"fator X\",\"IGP-M\",\"IPCA\",\"Neoenergia Bras\u00edlia\",\"Parcela B\",\"pol\u00edticas p\u00fablicas\",\"Reajuste tarif\u00e1rio\",\"RTA\",\"RTP\",\"S\u00e3o Paulo\",\"transporte de energia\"],\"articleSection\":[\"Giro iNFRA\"],\"inLanguage\":\"pt-BR\",\"copyrightYear\":\"2025\",\"copyrightHolder\":{\"@id\":\"https:\/\/agenciainfra.com\/blog\/#organization\"}},{\"@type\":\"WebPage\",\"@id\":\"https:\/\/agenciainfra.com\/blog\/aneel-aprova-reajustes-de-energia-para-neoenergia-brasilia-e-edp-sp\/\",\"url\":\"https:\/\/agenciainfra.com\/blog\/aneel-aprova-reajustes-de-energia-para-neoenergia-brasilia-e-edp-sp\/\",\"name\":\"ANEEL aprova reajustes de energia para Neoenergia Bras\u00edlia e EDP SP - Ag\u00eancia iNFRA\",\"isPartOf\":{\"@id\":\"https:\/\/agenciainfra.com\/blog\/#website\"},\"primaryImageOfPage\":{\"@id\":\"https:\/\/agenciainfra.com\/blog\/aneel-aprova-reajustes-de-energia-para-neoenergia-brasilia-e-edp-sp\/#primaryimage\"},\"image\":{\"@id\":\"https:\/\/agenciainfra.com\/blog\/aneel-aprova-reajustes-de-energia-para-neoenergia-brasilia-e-edp-sp\/#primaryimage\"},\"thumbnailUrl\":\"https:\/\/agenciainfra.com\/blog\/wp-content\/uploads\/2025\/06\/edp-foto-edp-divulgacao.jpg\",\"datePublished\":\"2025-10-14T22:41:23+00:00\",\"dateModified\":\"2025-10-15T20:57:54+00:00\",\"breadcrumb\":{\"@id\":\"https:\/\/agenciainfra.com\/blog\/aneel-aprova-reajustes-de-energia-para-neoenergia-brasilia-e-edp-sp\/#breadcrumb\"},\"inLanguage\":\"pt-BR\",\"potentialAction\":[{\"@type\":\"ReadAction\",\"target\":[\"https:\/\/agenciainfra.com\/blog\/aneel-aprova-reajustes-de-energia-para-neoenergia-brasilia-e-edp-sp\/\"]}]},{\"@type\":\"ImageObject\",\"inLanguage\":\"pt-BR\",\"@id\":\"https:\/\/agenciainfra.com\/blog\/aneel-aprova-reajustes-de-energia-para-neoenergia-brasilia-e-edp-sp\/#primaryimage\",\"url\":\"https:\/\/agenciainfra.com\/blog\/wp-content\/uploads\/2025\/06\/edp-foto-edp-divulgacao.jpg\",\"contentUrl\":\"https:\/\/agenciainfra.com\/blog\/wp-content\/uploads\/2025\/06\/edp-foto-edp-divulgacao.jpg\",\"width\":1204,\"height\":796,\"caption\":\"Foto: EDP\"},{\"@type\":\"BreadcrumbList\",\"@id\":\"https:\/\/agenciainfra.com\/blog\/aneel-aprova-reajustes-de-energia-para-neoenergia-brasilia-e-edp-sp\/#breadcrumb\",\"itemListElement\":[{\"@type\":\"ListItem\",\"position\":1,\"name\":\"In\u00edcio\",\"item\":\"https:\/\/agenciainfra.com\/blog\/\"},{\"@type\":\"ListItem\",\"position\":2,\"name\":\"ANEEL aprova reajustes de energia para Neoenergia Bras\u00edlia e EDP SP\"}]},{\"@type\":\"WebSite\",\"@id\":\"https:\/\/agenciainfra.com\/blog\/#website\",\"url\":\"https:\/\/agenciainfra.com\/blog\/\",\"name\":\"Ag\u00eancia iNFRA\",\"description\":\"Multiplataforma de informa\u00e7\u00e3o jornal\u00edstica refer\u00eancia na \u00e1rea de infraestrutura no Brasil!\",\"publisher\":{\"@id\":\"https:\/\/agenciainfra.com\/blog\/#organization\"},\"potentialAction\":[{\"@type\":\"SearchAction\",\"target\":{\"@type\":\"EntryPoint\",\"urlTemplate\":\"https:\/\/agenciainfra.com\/blog\/?s={search_term_string}\"},\"query-input\":{\"@type\":\"PropertyValueSpecification\",\"valueRequired\":true,\"valueName\":\"search_term_string\"}}],\"inLanguage\":\"pt-BR\"},{\"@type\":\"Organization\",\"@id\":\"https:\/\/agenciainfra.com\/blog\/#organization\",\"name\":\"Ag\u00eancia iNFRA\",\"url\":\"https:\/\/agenciainfra.com\/blog\/\",\"logo\":{\"@type\":\"ImageObject\",\"inLanguage\":\"pt-BR\",\"@id\":\"https:\/\/agenciainfra.com\/blog\/#\/schema\/logo\/image\/\",\"url\":\"https:\/\/agenciainfra.com\/blog\/wp-content\/uploads\/2023\/09\/iNFRA_5-e1761735885940.png\",\"contentUrl\":\"https:\/\/agenciainfra.com\/blog\/wp-content\/uploads\/2023\/09\/iNFRA_5-e1761735885940.png\",\"width\":1672,\"height\":454,\"caption\":\"Ag\u00eancia iNFRA\"},\"image\":{\"@id\":\"https:\/\/agenciainfra.com\/blog\/#\/schema\/logo\/image\/\"},\"sameAs\":[\"https:\/\/www.facebook.com\/ageninfra\",\"https:\/\/x.com\/agencia_infra\",\"https:\/\/www.linkedin.com\/company\/ag\u00eanciainfra\/\",\"https:\/\/www.instagram.com\/agenciainfra\/\"]},{\"@type\":\"Person\",\"@id\":\"https:\/\/agenciainfra.com\/blog\/#\/schema\/person\/34af08dff6adea4cb22b06612ba7acfa\",\"name\":\"Ag\u00eancia iNFRA\",\"image\":{\"@type\":\"ImageObject\",\"inLanguage\":\"pt-BR\",\"@id\":\"https:\/\/agenciainfra.com\/blog\/#\/schema\/person\/image\/\",\"url\":\"https:\/\/secure.gravatar.com\/avatar\/d189e01678f06d8eb84d4e01f08eb848b3fffe3f8443818d3c356c66892f5be8?s=96&d=mm&r=g\",\"contentUrl\":\"https:\/\/secure.gravatar.com\/avatar\/d189e01678f06d8eb84d4e01f08eb848b3fffe3f8443818d3c356c66892f5be8?s=96&d=mm&r=g\",\"caption\":\"Ag\u00eancia iNFRA\"},\"url\":\"https:\/\/agenciainfra.com\/blog\/author\/admin\/\"}]}<\/script>\n<!-- \/ Yoast SEO Premium plugin. -->","yoast_head_json":{"title":"ANEEL aprova reajustes de energia para Neoenergia Bras\u00edlia e EDP SP - Ag\u00eancia iNFRA","robots":{"index":"index","follow":"follow","max-snippet":"max-snippet:-1","max-image-preview":"max-image-preview:large","max-video-preview":"max-video-preview:-1"},"canonical":"https:\/\/agenciainfra.com\/blog\/aneel-aprova-reajustes-de-energia-para-neoenergia-brasilia-e-edp-sp\/","og_locale":"pt_BR","og_type":"article","og_title":"ANEEL aprova reajustes de energia para Neoenergia Bras\u00edlia e EDP SP","og_description":"da Ag\u00eancia iNFRA A ANEEL (Ag\u00eancia Nacional de Energia El\u00e9trica) aprovou nesta ter\u00e7a-feira (14) os Reajustes Tarif\u00e1rios Anuais das distribuidoras Neoenergia Bras\u00edlia e EDP S\u00e3o Paulo, que entram em vigor nos pr\u00f3ximos dias. Os reajustes impactam milh\u00f5es de consumidores e refletem custos com encargos setoriais, transporte de energia e componentes financeiros apurados pelas empresas. A [&hellip;]","og_url":"https:\/\/agenciainfra.com\/blog\/aneel-aprova-reajustes-de-energia-para-neoenergia-brasilia-e-edp-sp\/","og_site_name":"Ag\u00eancia iNFRA","article_publisher":"https:\/\/www.facebook.com\/ageninfra","article_published_time":"2025-10-14T22:41:23+00:00","article_modified_time":"2025-10-15T20:57:54+00:00","og_image":[{"width":1204,"height":796,"url":"https:\/\/agenciainfra.com\/blog\/wp-content\/uploads\/2025\/06\/edp-foto-edp-divulgacao.jpg","type":"image\/jpeg"}],"author":"Ag\u00eancia iNFRA","twitter_card":"summary_large_image","twitter_creator":"@agencia_infra","twitter_site":"@agencia_infra","twitter_misc":{"Escrito por":"Ag\u00eancia iNFRA","Est. tempo de leitura":"2 minutos"},"schema":{"@context":"https:\/\/schema.org","@graph":[{"@type":"Article","@id":"https:\/\/agenciainfra.com\/blog\/aneel-aprova-reajustes-de-energia-para-neoenergia-brasilia-e-edp-sp\/#article","isPartOf":{"@id":"https:\/\/agenciainfra.com\/blog\/aneel-aprova-reajustes-de-energia-para-neoenergia-brasilia-e-edp-sp\/"},"author":{"name":"Ag\u00eancia iNFRA","@id":"https:\/\/agenciainfra.com\/blog\/#\/schema\/person\/34af08dff6adea4cb22b06612ba7acfa"},"headline":"ANEEL aprova reajustes de energia para Neoenergia Bras\u00edlia e EDP SP","datePublished":"2025-10-14T22:41:23+00:00","dateModified":"2025-10-15T20:57:54+00:00","mainEntityOfPage":{"@id":"https:\/\/agenciainfra.com\/blog\/aneel-aprova-reajustes-de-energia-para-neoenergia-brasilia-e-edp-sp\/"},"wordCount":322,"publisher":{"@id":"https:\/\/agenciainfra.com\/blog\/#organization"},"image":{"@id":"https:\/\/agenciainfra.com\/blog\/aneel-aprova-reajustes-de-energia-para-neoenergia-brasilia-e-edp-sp\/#primaryimage"},"thumbnailUrl":"https:\/\/agenciainfra.com\/blog\/wp-content\/uploads\/2025\/06\/edp-foto-edp-divulgacao.jpg","keywords":["alta tens\u00e3o","ANEEL","baixa tens\u00e3o","Bras\u00edlia","consumidores residenciais","distribui\u00e7\u00e3o de energia","EDP SP","encargos setoriais","energia el\u00e9trica","fator X","IGP-M","IPCA","Neoenergia Bras\u00edlia","Parcela B","pol\u00edticas p\u00fablicas","Reajuste tarif\u00e1rio","RTA","RTP","S\u00e3o Paulo","transporte de energia"],"articleSection":["Giro iNFRA"],"inLanguage":"pt-BR","copyrightYear":"2025","copyrightHolder":{"@id":"https:\/\/agenciainfra.com\/blog\/#organization"}},{"@type":"WebPage","@id":"https:\/\/agenciainfra.com\/blog\/aneel-aprova-reajustes-de-energia-para-neoenergia-brasilia-e-edp-sp\/","url":"https:\/\/agenciainfra.com\/blog\/aneel-aprova-reajustes-de-energia-para-neoenergia-brasilia-e-edp-sp\/","name":"ANEEL aprova reajustes de energia para Neoenergia Bras\u00edlia e EDP SP - Ag\u00eancia iNFRA","isPartOf":{"@id":"https:\/\/agenciainfra.com\/blog\/#website"},"primaryImageOfPage":{"@id":"https:\/\/agenciainfra.com\/blog\/aneel-aprova-reajustes-de-energia-para-neoenergia-brasilia-e-edp-sp\/#primaryimage"},"image":{"@id":"https:\/\/agenciainfra.com\/blog\/aneel-aprova-reajustes-de-energia-para-neoenergia-brasilia-e-edp-sp\/#primaryimage"},"thumbnailUrl":"https:\/\/agenciainfra.com\/blog\/wp-content\/uploads\/2025\/06\/edp-foto-edp-divulgacao.jpg","datePublished":"2025-10-14T22:41:23+00:00","dateModified":"2025-10-15T20:57:54+00:00","breadcrumb":{"@id":"https:\/\/agenciainfra.com\/blog\/aneel-aprova-reajustes-de-energia-para-neoenergia-brasilia-e-edp-sp\/#breadcrumb"},"inLanguage":"pt-BR","potentialAction":[{"@type":"ReadAction","target":["https:\/\/agenciainfra.com\/blog\/aneel-aprova-reajustes-de-energia-para-neoenergia-brasilia-e-edp-sp\/"]}]},{"@type":"ImageObject","inLanguage":"pt-BR","@id":"https:\/\/agenciainfra.com\/blog\/aneel-aprova-reajustes-de-energia-para-neoenergia-brasilia-e-edp-sp\/#primaryimage","url":"https:\/\/agenciainfra.com\/blog\/wp-content\/uploads\/2025\/06\/edp-foto-edp-divulgacao.jpg","contentUrl":"https:\/\/agenciainfra.com\/blog\/wp-content\/uploads\/2025\/06\/edp-foto-edp-divulgacao.jpg","width":1204,"height":796,"caption":"Foto: EDP"},{"@type":"BreadcrumbList","@id":"https:\/\/agenciainfra.com\/blog\/aneel-aprova-reajustes-de-energia-para-neoenergia-brasilia-e-edp-sp\/#breadcrumb","itemListElement":[{"@type":"ListItem","position":1,"name":"In\u00edcio","item":"https:\/\/agenciainfra.com\/blog\/"},{"@type":"ListItem","position":2,"name":"ANEEL aprova reajustes de energia para Neoenergia Bras\u00edlia e EDP SP"}]},{"@type":"WebSite","@id":"https:\/\/agenciainfra.com\/blog\/#website","url":"https:\/\/agenciainfra.com\/blog\/","name":"Ag\u00eancia iNFRA","description":"Multiplataforma de informa\u00e7\u00e3o jornal\u00edstica refer\u00eancia na \u00e1rea de infraestrutura no Brasil!","publisher":{"@id":"https:\/\/agenciainfra.com\/blog\/#organization"},"potentialAction":[{"@type":"SearchAction","target":{"@type":"EntryPoint","urlTemplate":"https:\/\/agenciainfra.com\/blog\/?s={search_term_string}"},"query-input":{"@type":"PropertyValueSpecification","valueRequired":true,"valueName":"search_term_string"}}],"inLanguage":"pt-BR"},{"@type":"Organization","@id":"https:\/\/agenciainfra.com\/blog\/#organization","name":"Ag\u00eancia iNFRA","url":"https:\/\/agenciainfra.com\/blog\/","logo":{"@type":"ImageObject","inLanguage":"pt-BR","@id":"https:\/\/agenciainfra.com\/blog\/#\/schema\/logo\/image\/","url":"https:\/\/agenciainfra.com\/blog\/wp-content\/uploads\/2023\/09\/iNFRA_5-e1761735885940.png","contentUrl":"https:\/\/agenciainfra.com\/blog\/wp-content\/uploads\/2023\/09\/iNFRA_5-e1761735885940.png","width":1672,"height":454,"caption":"Ag\u00eancia iNFRA"},"image":{"@id":"https:\/\/agenciainfra.com\/blog\/#\/schema\/logo\/image\/"},"sameAs":["https:\/\/www.facebook.com\/ageninfra","https:\/\/x.com\/agencia_infra","https:\/\/www.linkedin.com\/company\/ag\u00eanciainfra\/","https:\/\/www.instagram.com\/agenciainfra\/"]},{"@type":"Person","@id":"https:\/\/agenciainfra.com\/blog\/#\/schema\/person\/34af08dff6adea4cb22b06612ba7acfa","name":"Ag\u00eancia iNFRA","image":{"@type":"ImageObject","inLanguage":"pt-BR","@id":"https:\/\/agenciainfra.com\/blog\/#\/schema\/person\/image\/","url":"https:\/\/secure.gravatar.com\/avatar\/d189e01678f06d8eb84d4e01f08eb848b3fffe3f8443818d3c356c66892f5be8?s=96&d=mm&r=g","contentUrl":"https:\/\/secure.gravatar.com\/avatar\/d189e01678f06d8eb84d4e01f08eb848b3fffe3f8443818d3c356c66892f5be8?s=96&d=mm&r=g","caption":"Ag\u00eancia iNFRA"},"url":"https:\/\/agenciainfra.com\/blog\/author\/admin\/"}]}},"_links":{"self":[{"href":"https:\/\/agenciainfra.com\/blog\/wp-json\/wp\/v2\/posts\/29818","targetHints":{"allow":["GET"]}}],"collection":[{"href":"https:\/\/agenciainfra.com\/blog\/wp-json\/wp\/v2\/posts"}],"about":[{"href":"https:\/\/agenciainfra.com\/blog\/wp-json\/wp\/v2\/types\/post"}],"author":[{"embeddable":true,"href":"https:\/\/agenciainfra.com\/blog\/wp-json\/wp\/v2\/users\/1"}],"replies":[{"embeddable":true,"href":"https:\/\/agenciainfra.com\/blog\/wp-json\/wp\/v2\/comments?post=29818"}],"version-history":[{"count":1,"href":"https:\/\/agenciainfra.com\/blog\/wp-json\/wp\/v2\/posts\/29818\/revisions"}],"predecessor-version":[{"id":29819,"href":"https:\/\/agenciainfra.com\/blog\/wp-json\/wp\/v2\/posts\/29818\/revisions\/29819"}],"wp:featuredmedia":[{"embeddable":true,"href":"https:\/\/agenciainfra.com\/blog\/wp-json\/wp\/v2\/media\/22837"}],"wp:attachment":[{"href":"https:\/\/agenciainfra.com\/blog\/wp-json\/wp\/v2\/media?parent=29818"}],"wp:term":[{"taxonomy":"category","embeddable":true,"href":"https:\/\/agenciainfra.com\/blog\/wp-json\/wp\/v2\/categories?post=29818"},{"taxonomy":"post_tag","embeddable":true,"href":"https:\/\/agenciainfra.com\/blog\/wp-json\/wp\/v2\/tags?post=29818"}],"curies":[{"name":"wp","href":"https:\/\/api.w.org\/{rel}","templated":true}]}}