{"id":2982,"date":"2019-03-16T04:00:21","date_gmt":"2019-03-16T07:00:21","guid":{"rendered":"http:\/\/www.agenciainfra.com\/blog\/?p=2982"},"modified":"2019-03-14T21:51:44","modified_gmt":"2019-03-15T00:51:44","slug":"ministerio-decide-que-pampulha-permanece-com-operacao-apenas-com-voos-regionais","status":"publish","type":"post","link":"https:\/\/agenciainfra.com\/blog\/ministerio-decide-que-pampulha-permanece-com-operacao-apenas-com-voos-regionais\/","title":{"rendered":"Minist\u00e9rio decide que Pampulha permanece com opera\u00e7\u00e3o apenas de voos regionais"},"content":{"rendered":"<div>\n<h5 style=\"text-align: right;\"><strong>da Ag\u00eancia iNFRA<\/strong><\/h5>\n<p>Ap\u00f3s um ano e tr\u00eas meses, o TCU (Tribunal de Contas da Uni\u00e3o) decidiu revogar uma decis\u00e3o liminar do ministro Bruno Dantas que suspendia os efeitos de uma portaria do governo que liberou voos comerciais entre estados no Aeroporto da Pampulha (MG). A decis\u00e3o est\u00e1\u00a0<a href=\"https:\/\/agenciainfra.us14.list-manage.com\/track\/click?u=d460dd1bcf9ba0ae040e1fc0f&amp;id=3fd270437b&amp;e=c099169394\" target=\"_blank\" rel=\"noopener\" data-saferedirecturl=\"https:\/\/www.google.com\/url?q=https:\/\/agenciainfra.us14.list-manage.com\/track\/click?u%3Dd460dd1bcf9ba0ae040e1fc0f%26id%3D3fd270437b%26e%3Dc099169394&amp;source=gmail&amp;ust=1552696022179000&amp;usg=AFQjCNGgvwsGtN7wKV3TsoPQOcXLJOmS2Q\">neste link<\/a>.<\/p>\n<p>Mas isso n\u00e3o significa que a unidade voltar\u00e1 a receber voos de companhias a\u00e9reas de grande porte: o governo decidiu que a unidade da Infraero permanecer\u00e1 operando como est\u00e1 at\u00e9 que os estudos para a concess\u00e3o dela estejam conclu\u00eddos, o que s\u00f3 deve ocorrer em 2021.<\/p>\n<p>A decis\u00e3o de reabrir a Pampulha foi marcada por pol\u00eamica. Ela foi atribu\u00edda \u00e0 press\u00e3o do PR (Partido da Rep\u00fablica) para apoiar o presidente Michel Temer na vota\u00e7\u00e3o de uma das\u00a0den\u00fancias de que foi alvo, em 2017.<\/p>\n<p>A decis\u00e3o sofreu duras cr\u00edticas dos s\u00f3cios da BH Airport, a CCR e a Zurich Airports, que alegaram que teriam preju\u00edzos na opera\u00e7\u00e3o do Aeroporto de Confins (MG), o principal do estado, e que tem como s\u00f3cia a pr\u00f3pria Infraero.<\/p>\n<p>A alega\u00e7\u00e3o \u00e9 que a Infraero perderia mais com a redu\u00e7\u00e3o das receitas em Confins do que com a reabertura da Pampulha, al\u00e9m de ilegalidades espec\u00edficas.<\/p>\n<p>A \u00e1rea t\u00e9cnica do TCU, no entanto, n\u00e3o apontou ilegalidades na reabertura da Pampulha, posi\u00e7\u00e3o que se alinha \u00e0 da ANAC (Ag\u00eancia Nacional de Avia\u00e7\u00e3o Civil), que n\u00e3o v\u00ea restri\u00e7\u00f5es a esta opera\u00e7\u00e3o.<\/p>\n<p>Mas o TCU apontou que a decis\u00e3o para a reabertura precisaria, de fato, de estudos adequados, o que n\u00e3o ocorreu. Entre as recomenda\u00e7\u00f5es da decis\u00e3o da \u00faltima quarta-feira (13), est\u00e1 a de que o minist\u00e9rio aprimore as an\u00e1lises antes da tomada de decis\u00e3o.<\/p>\n<p>Ap\u00f3s a libera\u00e7\u00e3o pelo TCU, o minist\u00e9rio informou que a pasta revogar\u00e1 as portarias anteriores e manter\u00e1 a unidade operando exclusivamente &#8220;avia\u00e7\u00e3o regional e geral, at\u00e9 que sejam conclu\u00eddos os Estudos de Viabilidade T\u00e9cnica, Econ\u00f4mica e Ambiental (EVTEA) e definida a modelagem para a concess\u00e3o do terminal&#8221;.<\/p>\n<p>O aeroporto far\u00e1 parte da 7\u00aa rodada de concess\u00f5es aeroportu\u00e1rias. Estudos devem ser iniciados em 2020 e a concess\u00e3o est\u00e1 prevista para 2021. A decis\u00e3o de revogar as portarias anteriores e fazer os estudos foi informada ao TCU em fevereiro pelo secret\u00e1rio de Avia\u00e7\u00e3o Civil, Ronei Glanzmann.<\/p>\n<p>Em nota t\u00e9cnica enviada ao \u00f3rg\u00e3o, ele aponta que houve uma mudan\u00e7a nas inten\u00e7\u00f5es do governo em rela\u00e7\u00e3o \u00e0 unidade e que h\u00e1 necessidade de dar maior seguran\u00e7a jur\u00eddica aos poss\u00edveis interessados na concess\u00e3o.<\/p>\n<p><strong>Determina\u00e7\u00f5es ao BNDES<\/strong><br \/>\nEm outra decis\u00e3o do TCU, o ministro Vital do R\u00eago apresentou seu relat\u00f3rio da auditoria para apurar a efetividade das a\u00e7\u00f5es do BNDES (processo\u00a0025.075\/2017-9).<strong>\u00a0<\/strong><\/p>\n<p>De acordo com relat\u00f3rio do ministro<strong>,\u00a0<\/strong>inexistem &#8220;a\u00e7\u00f5es espec\u00edficas voltadas ao alcance das metas previstas no PPA, na LDO e ao acompanhamento e \u00e0 avalia\u00e7\u00e3o das a\u00e7\u00f5es realizadas e dos resultados alcan\u00e7ados&#8221; no banco, entre outros achados que podem ser lidos na decis\u00e3o, dispon\u00edvel\u00a0<a href=\"https:\/\/agenciainfra.us14.list-manage.com\/track\/click?u=d460dd1bcf9ba0ae040e1fc0f&amp;id=d066bf614f&amp;e=c099169394\" target=\"_blank\" rel=\"noopener\" data-saferedirecturl=\"https:\/\/www.google.com\/url?q=https:\/\/agenciainfra.us14.list-manage.com\/track\/click?u%3Dd460dd1bcf9ba0ae040e1fc0f%26id%3Dd066bf614f%26e%3Dc099169394&amp;source=gmail&amp;ust=1552696022179000&amp;usg=AFQjCNENf0ZLGfLQgtyuhdcMKiTBLoo52g\">neste link<\/a>.<\/p>\n<p>Houve determina\u00e7\u00f5es espec\u00edficas para melhoria da divulga\u00e7\u00e3o de informa\u00e7\u00f5es do banco e mais de uma dezena de recomenda\u00e7\u00f5es \u00e0 diretoria do \u00f3rg\u00e3o.<\/p>\n<\/div>\n","protected":false},"excerpt":{"rendered":"<p>da Ag\u00eancia iNFRA Ap\u00f3s um ano e tr\u00eas meses, o TCU (Tribunal de Contas da Uni\u00e3o) decidiu revogar uma decis\u00e3o liminar do ministro Bruno Dantas que suspendia os efeitos de uma portaria do governo que liberou voos comerciais entre estados no Aeroporto da Pampulha (MG). A decis\u00e3o est\u00e1\u00a0neste link. Mas isso n\u00e3o significa que a [&hellip;]<\/p>\n","protected":false},"author":9,"featured_media":2986,"comment_status":"closed","ping_status":"open","sticky":false,"template":"","format":"standard","meta":{"_monsterinsights_skip_tracking":false,"_monsterinsights_sitenote_active":false,"_monsterinsights_sitenote_note":"","_monsterinsights_sitenote_category":0,"footnotes":""},"categories":[7],"tags":[859,242,103,396,61,18,860],"class_list":["post-2982","post","type-post","status-publish","format-standard","has-post-thumbnail","hentry","category-infratransporte","tag-aeroporto-da-pampulha","tag-anac","tag-bndes","tag-bruno-dantas","tag-infraero","tag-tcu","tag-vital-do-rego"],"yoast_head":"<!-- This site is optimized with the Yoast SEO Premium plugin v25.4 (Yoast SEO v26.0) - https:\/\/yoast.com\/wordpress\/plugins\/seo\/ -->\n<title>Minist\u00e9rio decide que Pampulha permanece com opera\u00e7\u00e3o apenas de voos regionais - Ag\u00eancia iNFRA<\/title>\n<meta name=\"robots\" content=\"index, follow, max-snippet:-1, max-image-preview:large, max-video-preview:-1\" \/>\n<link rel=\"canonical\" href=\"https:\/\/agenciainfra.com\/blog\/ministerio-decide-que-pampulha-permanece-com-operacao-apenas-com-voos-regionais\/\" \/>\n<meta property=\"og:locale\" content=\"pt_BR\" \/>\n<meta property=\"og:type\" content=\"article\" \/>\n<meta property=\"og:title\" content=\"Minist\u00e9rio decide que Pampulha permanece com opera\u00e7\u00e3o apenas de voos regionais\" \/>\n<meta property=\"og:description\" content=\"da Ag\u00eancia iNFRA Ap\u00f3s um ano e tr\u00eas meses, o TCU (Tribunal de Contas da Uni\u00e3o) decidiu revogar uma decis\u00e3o liminar do ministro Bruno Dantas que suspendia os efeitos de uma portaria do governo que liberou voos comerciais entre estados no Aeroporto da Pampulha (MG). A decis\u00e3o est\u00e1\u00a0neste link. Mas isso n\u00e3o significa que a [&hellip;]\" \/>\n<meta property=\"og:url\" content=\"https:\/\/agenciainfra.com\/blog\/ministerio-decide-que-pampulha-permanece-com-operacao-apenas-com-voos-regionais\/\" \/>\n<meta property=\"og:site_name\" content=\"Ag\u00eancia iNFRA\" \/>\n<meta property=\"article:publisher\" content=\"https:\/\/www.facebook.com\/ageninfra\" \/>\n<meta property=\"article:published_time\" content=\"2019-03-16T07:00:21+00:00\" \/>\n<meta property=\"og:image\" content=\"https:\/\/agenciainfra.com\/blog\/wp-content\/uploads\/2019\/03\/aeroporto-pampulha-rodrigo-lima-ministerio-dos-esportes.jpg\" \/>\n\t<meta property=\"og:image:width\" content=\"2000\" \/>\n\t<meta property=\"og:image:height\" content=\"1334\" \/>\n\t<meta property=\"og:image:type\" content=\"image\/jpeg\" \/>\n<meta name=\"author\" content=\"Rodrigo Zuquim\" \/>\n<meta name=\"twitter:card\" content=\"summary_large_image\" \/>\n<meta name=\"twitter:creator\" content=\"@agencia_infra\" \/>\n<meta name=\"twitter:site\" content=\"@agencia_infra\" \/>\n<meta name=\"twitter:label1\" content=\"Escrito por\" \/>\n\t<meta name=\"twitter:data1\" content=\"Rodrigo Zuquim\" \/>\n\t<meta name=\"twitter:label2\" content=\"Est. tempo de leitura\" \/>\n\t<meta name=\"twitter:data2\" content=\"3 minutos\" \/>\n<script type=\"application\/ld+json\" class=\"yoast-schema-graph\">{\"@context\":\"https:\/\/schema.org\",\"@graph\":[{\"@type\":\"Article\",\"@id\":\"https:\/\/agenciainfra.com\/blog\/ministerio-decide-que-pampulha-permanece-com-operacao-apenas-com-voos-regionais\/#article\",\"isPartOf\":{\"@id\":\"https:\/\/agenciainfra.com\/blog\/ministerio-decide-que-pampulha-permanece-com-operacao-apenas-com-voos-regionais\/\"},\"author\":{\"name\":\"Rodrigo Zuquim\",\"@id\":\"https:\/\/agenciainfra.com\/blog\/#\/schema\/person\/04dbb79bd6d8951f063da71f3e4c1eb1\"},\"headline\":\"Minist\u00e9rio decide que Pampulha permanece com opera\u00e7\u00e3o apenas de voos regionais\",\"datePublished\":\"2019-03-16T07:00:21+00:00\",\"mainEntityOfPage\":{\"@id\":\"https:\/\/agenciainfra.com\/blog\/ministerio-decide-que-pampulha-permanece-com-operacao-apenas-com-voos-regionais\/\"},\"wordCount\":586,\"publisher\":{\"@id\":\"https:\/\/agenciainfra.com\/blog\/#organization\"},\"image\":{\"@id\":\"https:\/\/agenciainfra.com\/blog\/ministerio-decide-que-pampulha-permanece-com-operacao-apenas-com-voos-regionais\/#primaryimage\"},\"thumbnailUrl\":\"https:\/\/agenciainfra.com\/blog\/wp-content\/uploads\/2019\/03\/aeroporto-pampulha-rodrigo-lima-ministerio-dos-esportes.jpg\",\"keywords\":[\"Aeroporto da Pampulha\",\"ANAC\",\"BNDES\",\"Bruno Dantas\",\"Infraero\",\"TCU\",\"Vital do R\u00eago\"],\"articleSection\":[\"iNFRATransporte\"],\"inLanguage\":\"pt-BR\",\"copyrightYear\":\"2019\",\"copyrightHolder\":{\"@id\":\"https:\/\/agenciainfra.com\/blog\/#organization\"}},{\"@type\":\"WebPage\",\"@id\":\"https:\/\/agenciainfra.com\/blog\/ministerio-decide-que-pampulha-permanece-com-operacao-apenas-com-voos-regionais\/\",\"url\":\"https:\/\/agenciainfra.com\/blog\/ministerio-decide-que-pampulha-permanece-com-operacao-apenas-com-voos-regionais\/\",\"name\":\"Minist\u00e9rio decide que Pampulha permanece com opera\u00e7\u00e3o apenas de voos regionais - Ag\u00eancia iNFRA\",\"isPartOf\":{\"@id\":\"https:\/\/agenciainfra.com\/blog\/#website\"},\"primaryImageOfPage\":{\"@id\":\"https:\/\/agenciainfra.com\/blog\/ministerio-decide-que-pampulha-permanece-com-operacao-apenas-com-voos-regionais\/#primaryimage\"},\"image\":{\"@id\":\"https:\/\/agenciainfra.com\/blog\/ministerio-decide-que-pampulha-permanece-com-operacao-apenas-com-voos-regionais\/#primaryimage\"},\"thumbnailUrl\":\"https:\/\/agenciainfra.com\/blog\/wp-content\/uploads\/2019\/03\/aeroporto-pampulha-rodrigo-lima-ministerio-dos-esportes.jpg\",\"datePublished\":\"2019-03-16T07:00:21+00:00\",\"breadcrumb\":{\"@id\":\"https:\/\/agenciainfra.com\/blog\/ministerio-decide-que-pampulha-permanece-com-operacao-apenas-com-voos-regionais\/#breadcrumb\"},\"inLanguage\":\"pt-BR\",\"potentialAction\":[{\"@type\":\"ReadAction\",\"target\":[\"https:\/\/agenciainfra.com\/blog\/ministerio-decide-que-pampulha-permanece-com-operacao-apenas-com-voos-regionais\/\"]}]},{\"@type\":\"ImageObject\",\"inLanguage\":\"pt-BR\",\"@id\":\"https:\/\/agenciainfra.com\/blog\/ministerio-decide-que-pampulha-permanece-com-operacao-apenas-com-voos-regionais\/#primaryimage\",\"url\":\"https:\/\/agenciainfra.com\/blog\/wp-content\/uploads\/2019\/03\/aeroporto-pampulha-rodrigo-lima-ministerio-dos-esportes.jpg\",\"contentUrl\":\"https:\/\/agenciainfra.com\/blog\/wp-content\/uploads\/2019\/03\/aeroporto-pampulha-rodrigo-lima-ministerio-dos-esportes.jpg\",\"width\":2000,\"height\":1334},{\"@type\":\"BreadcrumbList\",\"@id\":\"https:\/\/agenciainfra.com\/blog\/ministerio-decide-que-pampulha-permanece-com-operacao-apenas-com-voos-regionais\/#breadcrumb\",\"itemListElement\":[{\"@type\":\"ListItem\",\"position\":1,\"name\":\"In\u00edcio\",\"item\":\"https:\/\/agenciainfra.com\/blog\/\"},{\"@type\":\"ListItem\",\"position\":2,\"name\":\"Minist\u00e9rio decide que Pampulha permanece com opera\u00e7\u00e3o apenas de voos regionais\"}]},{\"@type\":\"WebSite\",\"@id\":\"https:\/\/agenciainfra.com\/blog\/#website\",\"url\":\"https:\/\/agenciainfra.com\/blog\/\",\"name\":\"Ag\u00eancia iNFRA\",\"description\":\"Multiplataforma de informa\u00e7\u00e3o jornal\u00edstica refer\u00eancia na \u00e1rea de infraestrutura no Brasil!\",\"publisher\":{\"@id\":\"https:\/\/agenciainfra.com\/blog\/#organization\"},\"potentialAction\":[{\"@type\":\"SearchAction\",\"target\":{\"@type\":\"EntryPoint\",\"urlTemplate\":\"https:\/\/agenciainfra.com\/blog\/?s={search_term_string}\"},\"query-input\":{\"@type\":\"PropertyValueSpecification\",\"valueRequired\":true,\"valueName\":\"search_term_string\"}}],\"inLanguage\":\"pt-BR\"},{\"@type\":\"Organization\",\"@id\":\"https:\/\/agenciainfra.com\/blog\/#organization\",\"name\":\"Ag\u00eancia iNFRA\",\"url\":\"https:\/\/agenciainfra.com\/blog\/\",\"logo\":{\"@type\":\"ImageObject\",\"inLanguage\":\"pt-BR\",\"@id\":\"https:\/\/agenciainfra.com\/blog\/#\/schema\/logo\/image\/\",\"url\":\"https:\/\/agenciainfra.com\/blog\/wp-content\/uploads\/2023\/09\/iNFRA_5-e1761735885940.png\",\"contentUrl\":\"https:\/\/agenciainfra.com\/blog\/wp-content\/uploads\/2023\/09\/iNFRA_5-e1761735885940.png\",\"width\":1672,\"height\":454,\"caption\":\"Ag\u00eancia iNFRA\"},\"image\":{\"@id\":\"https:\/\/agenciainfra.com\/blog\/#\/schema\/logo\/image\/\"},\"sameAs\":[\"https:\/\/www.facebook.com\/ageninfra\",\"https:\/\/x.com\/agencia_infra\",\"https:\/\/www.linkedin.com\/company\/ag\u00eanciainfra\/\",\"https:\/\/www.instagram.com\/agenciainfra\/\"]},{\"@type\":\"Person\",\"@id\":\"https:\/\/agenciainfra.com\/blog\/#\/schema\/person\/04dbb79bd6d8951f063da71f3e4c1eb1\",\"name\":\"Rodrigo Zuquim\",\"image\":{\"@type\":\"ImageObject\",\"inLanguage\":\"pt-BR\",\"@id\":\"https:\/\/agenciainfra.com\/blog\/#\/schema\/person\/image\/\",\"url\":\"https:\/\/secure.gravatar.com\/avatar\/594abfe82761d620726242ff34ca472a705a4b97f16c790053a6b4c4035274d0?s=96&d=mm&r=g\",\"contentUrl\":\"https:\/\/secure.gravatar.com\/avatar\/594abfe82761d620726242ff34ca472a705a4b97f16c790053a6b4c4035274d0?s=96&d=mm&r=g\",\"caption\":\"Rodrigo Zuquim\"},\"url\":\"https:\/\/agenciainfra.com\/blog\/author\/rodrigo-zuquim\/\"}]}<\/script>\n<!-- \/ Yoast SEO Premium plugin. -->","yoast_head_json":{"title":"Minist\u00e9rio decide que Pampulha permanece com opera\u00e7\u00e3o apenas de voos regionais - Ag\u00eancia iNFRA","robots":{"index":"index","follow":"follow","max-snippet":"max-snippet:-1","max-image-preview":"max-image-preview:large","max-video-preview":"max-video-preview:-1"},"canonical":"https:\/\/agenciainfra.com\/blog\/ministerio-decide-que-pampulha-permanece-com-operacao-apenas-com-voos-regionais\/","og_locale":"pt_BR","og_type":"article","og_title":"Minist\u00e9rio decide que Pampulha permanece com opera\u00e7\u00e3o apenas de voos regionais","og_description":"da Ag\u00eancia iNFRA Ap\u00f3s um ano e tr\u00eas meses, o TCU (Tribunal de Contas da Uni\u00e3o) decidiu revogar uma decis\u00e3o liminar do ministro Bruno Dantas que suspendia os efeitos de uma portaria do governo que liberou voos comerciais entre estados no Aeroporto da Pampulha (MG). A decis\u00e3o est\u00e1\u00a0neste link. Mas isso n\u00e3o significa que a [&hellip;]","og_url":"https:\/\/agenciainfra.com\/blog\/ministerio-decide-que-pampulha-permanece-com-operacao-apenas-com-voos-regionais\/","og_site_name":"Ag\u00eancia iNFRA","article_publisher":"https:\/\/www.facebook.com\/ageninfra","article_published_time":"2019-03-16T07:00:21+00:00","og_image":[{"width":2000,"height":1334,"url":"https:\/\/agenciainfra.com\/blog\/wp-content\/uploads\/2019\/03\/aeroporto-pampulha-rodrigo-lima-ministerio-dos-esportes.jpg","type":"image\/jpeg"}],"author":"Rodrigo Zuquim","twitter_card":"summary_large_image","twitter_creator":"@agencia_infra","twitter_site":"@agencia_infra","twitter_misc":{"Escrito por":"Rodrigo Zuquim","Est. tempo de leitura":"3 minutos"},"schema":{"@context":"https:\/\/schema.org","@graph":[{"@type":"Article","@id":"https:\/\/agenciainfra.com\/blog\/ministerio-decide-que-pampulha-permanece-com-operacao-apenas-com-voos-regionais\/#article","isPartOf":{"@id":"https:\/\/agenciainfra.com\/blog\/ministerio-decide-que-pampulha-permanece-com-operacao-apenas-com-voos-regionais\/"},"author":{"name":"Rodrigo Zuquim","@id":"https:\/\/agenciainfra.com\/blog\/#\/schema\/person\/04dbb79bd6d8951f063da71f3e4c1eb1"},"headline":"Minist\u00e9rio decide que Pampulha permanece com opera\u00e7\u00e3o apenas de voos regionais","datePublished":"2019-03-16T07:00:21+00:00","mainEntityOfPage":{"@id":"https:\/\/agenciainfra.com\/blog\/ministerio-decide-que-pampulha-permanece-com-operacao-apenas-com-voos-regionais\/"},"wordCount":586,"publisher":{"@id":"https:\/\/agenciainfra.com\/blog\/#organization"},"image":{"@id":"https:\/\/agenciainfra.com\/blog\/ministerio-decide-que-pampulha-permanece-com-operacao-apenas-com-voos-regionais\/#primaryimage"},"thumbnailUrl":"https:\/\/agenciainfra.com\/blog\/wp-content\/uploads\/2019\/03\/aeroporto-pampulha-rodrigo-lima-ministerio-dos-esportes.jpg","keywords":["Aeroporto da Pampulha","ANAC","BNDES","Bruno Dantas","Infraero","TCU","Vital do R\u00eago"],"articleSection":["iNFRATransporte"],"inLanguage":"pt-BR","copyrightYear":"2019","copyrightHolder":{"@id":"https:\/\/agenciainfra.com\/blog\/#organization"}},{"@type":"WebPage","@id":"https:\/\/agenciainfra.com\/blog\/ministerio-decide-que-pampulha-permanece-com-operacao-apenas-com-voos-regionais\/","url":"https:\/\/agenciainfra.com\/blog\/ministerio-decide-que-pampulha-permanece-com-operacao-apenas-com-voos-regionais\/","name":"Minist\u00e9rio decide que Pampulha permanece com opera\u00e7\u00e3o apenas de voos regionais - Ag\u00eancia iNFRA","isPartOf":{"@id":"https:\/\/agenciainfra.com\/blog\/#website"},"primaryImageOfPage":{"@id":"https:\/\/agenciainfra.com\/blog\/ministerio-decide-que-pampulha-permanece-com-operacao-apenas-com-voos-regionais\/#primaryimage"},"image":{"@id":"https:\/\/agenciainfra.com\/blog\/ministerio-decide-que-pampulha-permanece-com-operacao-apenas-com-voos-regionais\/#primaryimage"},"thumbnailUrl":"https:\/\/agenciainfra.com\/blog\/wp-content\/uploads\/2019\/03\/aeroporto-pampulha-rodrigo-lima-ministerio-dos-esportes.jpg","datePublished":"2019-03-16T07:00:21+00:00","breadcrumb":{"@id":"https:\/\/agenciainfra.com\/blog\/ministerio-decide-que-pampulha-permanece-com-operacao-apenas-com-voos-regionais\/#breadcrumb"},"inLanguage":"pt-BR","potentialAction":[{"@type":"ReadAction","target":["https:\/\/agenciainfra.com\/blog\/ministerio-decide-que-pampulha-permanece-com-operacao-apenas-com-voos-regionais\/"]}]},{"@type":"ImageObject","inLanguage":"pt-BR","@id":"https:\/\/agenciainfra.com\/blog\/ministerio-decide-que-pampulha-permanece-com-operacao-apenas-com-voos-regionais\/#primaryimage","url":"https:\/\/agenciainfra.com\/blog\/wp-content\/uploads\/2019\/03\/aeroporto-pampulha-rodrigo-lima-ministerio-dos-esportes.jpg","contentUrl":"https:\/\/agenciainfra.com\/blog\/wp-content\/uploads\/2019\/03\/aeroporto-pampulha-rodrigo-lima-ministerio-dos-esportes.jpg","width":2000,"height":1334},{"@type":"BreadcrumbList","@id":"https:\/\/agenciainfra.com\/blog\/ministerio-decide-que-pampulha-permanece-com-operacao-apenas-com-voos-regionais\/#breadcrumb","itemListElement":[{"@type":"ListItem","position":1,"name":"In\u00edcio","item":"https:\/\/agenciainfra.com\/blog\/"},{"@type":"ListItem","position":2,"name":"Minist\u00e9rio decide que Pampulha permanece com opera\u00e7\u00e3o apenas de voos regionais"}]},{"@type":"WebSite","@id":"https:\/\/agenciainfra.com\/blog\/#website","url":"https:\/\/agenciainfra.com\/blog\/","name":"Ag\u00eancia iNFRA","description":"Multiplataforma de informa\u00e7\u00e3o jornal\u00edstica refer\u00eancia na \u00e1rea de infraestrutura no Brasil!","publisher":{"@id":"https:\/\/agenciainfra.com\/blog\/#organization"},"potentialAction":[{"@type":"SearchAction","target":{"@type":"EntryPoint","urlTemplate":"https:\/\/agenciainfra.com\/blog\/?s={search_term_string}"},"query-input":{"@type":"PropertyValueSpecification","valueRequired":true,"valueName":"search_term_string"}}],"inLanguage":"pt-BR"},{"@type":"Organization","@id":"https:\/\/agenciainfra.com\/blog\/#organization","name":"Ag\u00eancia iNFRA","url":"https:\/\/agenciainfra.com\/blog\/","logo":{"@type":"ImageObject","inLanguage":"pt-BR","@id":"https:\/\/agenciainfra.com\/blog\/#\/schema\/logo\/image\/","url":"https:\/\/agenciainfra.com\/blog\/wp-content\/uploads\/2023\/09\/iNFRA_5-e1761735885940.png","contentUrl":"https:\/\/agenciainfra.com\/blog\/wp-content\/uploads\/2023\/09\/iNFRA_5-e1761735885940.png","width":1672,"height":454,"caption":"Ag\u00eancia iNFRA"},"image":{"@id":"https:\/\/agenciainfra.com\/blog\/#\/schema\/logo\/image\/"},"sameAs":["https:\/\/www.facebook.com\/ageninfra","https:\/\/x.com\/agencia_infra","https:\/\/www.linkedin.com\/company\/ag\u00eanciainfra\/","https:\/\/www.instagram.com\/agenciainfra\/"]},{"@type":"Person","@id":"https:\/\/agenciainfra.com\/blog\/#\/schema\/person\/04dbb79bd6d8951f063da71f3e4c1eb1","name":"Rodrigo Zuquim","image":{"@type":"ImageObject","inLanguage":"pt-BR","@id":"https:\/\/agenciainfra.com\/blog\/#\/schema\/person\/image\/","url":"https:\/\/secure.gravatar.com\/avatar\/594abfe82761d620726242ff34ca472a705a4b97f16c790053a6b4c4035274d0?s=96&d=mm&r=g","contentUrl":"https:\/\/secure.gravatar.com\/avatar\/594abfe82761d620726242ff34ca472a705a4b97f16c790053a6b4c4035274d0?s=96&d=mm&r=g","caption":"Rodrigo Zuquim"},"url":"https:\/\/agenciainfra.com\/blog\/author\/rodrigo-zuquim\/"}]}},"_links":{"self":[{"href":"https:\/\/agenciainfra.com\/blog\/wp-json\/wp\/v2\/posts\/2982","targetHints":{"allow":["GET"]}}],"collection":[{"href":"https:\/\/agenciainfra.com\/blog\/wp-json\/wp\/v2\/posts"}],"about":[{"href":"https:\/\/agenciainfra.com\/blog\/wp-json\/wp\/v2\/types\/post"}],"author":[{"embeddable":true,"href":"https:\/\/agenciainfra.com\/blog\/wp-json\/wp\/v2\/users\/9"}],"replies":[{"embeddable":true,"href":"https:\/\/agenciainfra.com\/blog\/wp-json\/wp\/v2\/comments?post=2982"}],"version-history":[{"count":0,"href":"https:\/\/agenciainfra.com\/blog\/wp-json\/wp\/v2\/posts\/2982\/revisions"}],"wp:featuredmedia":[{"embeddable":true,"href":"https:\/\/agenciainfra.com\/blog\/wp-json\/wp\/v2\/media\/2986"}],"wp:attachment":[{"href":"https:\/\/agenciainfra.com\/blog\/wp-json\/wp\/v2\/media?parent=2982"}],"wp:term":[{"taxonomy":"category","embeddable":true,"href":"https:\/\/agenciainfra.com\/blog\/wp-json\/wp\/v2\/categories?post=2982"},{"taxonomy":"post_tag","embeddable":true,"href":"https:\/\/agenciainfra.com\/blog\/wp-json\/wp\/v2\/tags?post=2982"}],"curies":[{"name":"wp","href":"https:\/\/api.w.org\/{rel}","templated":true}]}}