{"id":29838,"date":"2025-10-15T09:00:00","date_gmt":"2025-10-15T12:00:00","guid":{"rendered":"https:\/\/agenciainfra.com\/blog\/?p=29838"},"modified":"2025-10-16T07:57:25","modified_gmt":"2025-10-16T10:57:25","slug":"incendio-em-reator-sera-foco-das-investigacoes-sobre-apagao-diz-ons","status":"publish","type":"post","link":"https:\/\/agenciainfra.com\/blog\/incendio-em-reator-sera-foco-das-investigacoes-sobre-apagao-diz-ons\/","title":{"rendered":"Inc\u00eandio em reator ser\u00e1 foco das investiga\u00e7\u00f5es sobre apag\u00e3o, diz ONS"},"content":{"rendered":"\n<p class=\"has-text-align-right\"><strong>Geraldo Campos Jr., Lais Carregosa e Marisa Wanzeller, da Ag\u00eancia iNFRA<\/strong><\/p>\n\n\n\n<p>O diretor-geral do ONS (Operador Nacional do Sistema El\u00e9trico), M\u00e1rcio Rea, afirmou \u00e0\u00a0<strong>Ag\u00eancia iNFRA<\/strong>\u00a0que as investiga\u00e7\u00f5es sobre a interrup\u00e7\u00e3o no fornecimento de energia na <a href=\"https:\/\/agenciainfra.com\/blog\/incendio-em-subestacao-provoca-apagao-em-estados-nesta-madrugada\/\">madrugada de ter\u00e7a-feira (14)<\/a> ter\u00e3o como foco apurar as causas do inc\u00eandio em um reator de propriedade da Eletrobras na subesta\u00e7\u00e3o Bateias, operada pela Copel, no Paran\u00e1. Ap\u00f3s o inc\u00eandio, uma sequ\u00eancia de eventos levou ao blecaute que afetou todos os estados do pa\u00eds.\u00a0<br><br>\u201cN\u00e3o sabemos ainda o que causou o fogo, ser\u00e1 feita uma per\u00edcia no reator\u201d, afirmou. Rea destacou que o epis\u00f3dio foi um evento isolado e que o \u201cplano de emerg\u00eancia funcionou bem, conseguindo reverter [a interrup\u00e7\u00e3o] em quest\u00e3o de uma hora a uma hora e meia, e religar a energia nos estados\u201d. De acordo com ele, o trabalho de elabora\u00e7\u00e3o do RAP (Relat\u00f3rio de An\u00e1lise de Perturba\u00e7\u00e3o), para investigar o ocorrido, ter\u00e1 in\u00edcio na pr\u00f3xima sexta-feira (17), com dura\u00e7\u00e3o de at\u00e9 30 dias.<br><br>O inc\u00eandio foi registrado \u00e0s 0h32 de ter\u00e7a (14) no reator do circuito 2 da linha de transmiss\u00e3o Ibi\u00fana-Bateias. O fogo provocou o desligamento total da subesta\u00e7\u00e3o da Copel. Com isso, houve a desconex\u00e3o da interliga\u00e7\u00e3o entre as regi\u00f5es Sul e Sudeste\/Centro-Oeste. Neste momento, a regi\u00e3o Sul estava exportando cerca de 5 GW (gigawatts) para o Sudeste\/Centro-Oeste.<br><br>De acordo com o ONS, a partir do evento o restante do SIN (Sistema Interligado Nacional) deixou de receber a energia do Sul e da usina de Itaipu, \u201ccausando um desequil\u00edbrio entre a demanda e a oferta de energia, fazendo com que o esquema de prote\u00e7\u00e3o do sistema Erac [Esquema Regional de Al\u00edvio de Carga] atuasse corretamente no Sudeste\/Centro-Oeste, Nordeste e Norte do pa\u00eds\u201d. Isso provocou a suspens\u00e3o de cerca de 9,7 GW de carga, cerca de 12% da carga de energia do pa\u00eds naquele momento.<br><br><strong>Sequ\u00eancia de fatos<\/strong><br>Segundo o diretor de Opera\u00e7\u00e3o do ONS, Christiano Vieira, a perda do reator levou \u00e0 queda da subesta\u00e7\u00e3o, que em sequ\u00eancia atingiu todo o subsistema. \u201cAli \u00e9 o foco das investiga\u00e7\u00f5es porque foi justamente nesse ponto, nesse momento em que houve a perda desse reator de linha, nessa subesta\u00e7\u00e3o [Bateias], que na sequ\u00eancia houve uma perda de toda a subesta\u00e7\u00e3o\u201d, disse \u00e0\u00a0<strong>Ag\u00eancia iNFRA<\/strong>.<br><br>Christiano afirmou que o RAP tamb\u00e9m vai avaliar a sequ\u00eancia de eventos ap\u00f3s o inc\u00eandio. \u201cJ\u00e1 pedimos as oscilografias para ter a sequ\u00eancia de cada evento dos equipamentos dos agentes no per\u00edmetro da ocorr\u00eancia para identificar qual \u00e9 a causa raiz.\u201d Ele citou a hip\u00f3tese, por exemplo, do fogo ter afetado equipamentos pr\u00f3ximos ou ter ocorrido algum \u201cacionamento indevido de [sistema de] prote\u00e7\u00e3o em fun\u00e7\u00e3o do inc\u00eandio\u201d.<br><br><strong>Estados atingidos<\/strong><br>A interrup\u00e7\u00e3o afetou todos os estados, com maior impacto em S\u00e3o Paulo, onde houve corte de 2,6 GW. \u00c0\u00a0<strong>Ag\u00eancia iNFRA<\/strong>, fontes relataram uma lista de dez estados mais afetados pela interrup\u00e7\u00e3o, que concentram 7,6 GW de toda a carga cortada no SIN.\u00a0<br><br>Al\u00e9m de S\u00e3o Paulo, a lista inclui Minas Gerais (1,2 GW), Rio de Janeiro (0,9 GW), Paran\u00e1 (0,9 GW), Goi\u00e1s (0,4 GW), Par\u00e1 (0,4 GW), Bahia (0,4 GW), Pernambuco (0,3 GW), Rio Grande do Sul (0,3 GW) e Santa Catarina (0,2 GW).\u00a0<\/p>\n","protected":false},"excerpt":{"rendered":"<p>Geraldo Campos Jr., Lais Carregosa e Marisa Wanzeller, da Ag\u00eancia iNFRA O diretor-geral do ONS (Operador Nacional do Sistema El\u00e9trico), M\u00e1rcio Rea, afirmou \u00e0\u00a0Ag\u00eancia iNFRA\u00a0que as investiga\u00e7\u00f5es sobre a interrup\u00e7\u00e3o no fornecimento de energia na madrugada de ter\u00e7a-feira (14) ter\u00e3o como foco apurar as causas do inc\u00eandio em um reator de propriedade da Eletrobras na [&hellip;]<\/p>\n","protected":false},"author":1,"featured_media":8379,"comment_status":"closed","ping_status":"closed","sticky":false,"template":"","format":"standard","meta":{"_monsterinsights_skip_tracking":false,"_monsterinsights_sitenote_active":false,"_monsterinsights_sitenote_note":"","_monsterinsights_sitenote_category":0,"footnotes":""},"categories":[7250,1,10],"tags":[53,3002,11594,16055,16126,13132,9635,7366,96,71,216,14845,16054],"class_list":["post-29838","post","type-post","status-publish","format-standard","has-post-thumbnail","hentry","category-destaque-lista","category-geral","category-infraenergia","tag-aneel","tag-apagao","tag-geraldo-campos-jr","tag-incendio-em-subestacao","tag-lais-carregoa","tag-lais-carregosa","tag-marcio-rea","tag-marisa-wanzeller","tag-ministerio-de-minas-e-energia","tag-mme","tag-ons","tag-subestacao","tag-subestacao-de-bateias"],"yoast_head":"<!-- This site is optimized with the Yoast SEO Premium plugin v25.4 (Yoast SEO v26.0) - https:\/\/yoast.com\/wordpress\/plugins\/seo\/ -->\n<title>Inc\u00eandio em reator ser\u00e1 foco das investiga\u00e7\u00f5es sobre apag\u00e3o, diz ONS - Ag\u00eancia iNFRA<\/title>\n<meta name=\"robots\" content=\"index, follow, max-snippet:-1, max-image-preview:large, max-video-preview:-1\" \/>\n<link rel=\"canonical\" href=\"https:\/\/agenciainfra.com\/blog\/incendio-em-reator-sera-foco-das-investigacoes-sobre-apagao-diz-ons\/\" \/>\n<meta property=\"og:locale\" content=\"pt_BR\" \/>\n<meta property=\"og:type\" content=\"article\" \/>\n<meta property=\"og:title\" content=\"Inc\u00eandio em reator ser\u00e1 foco das investiga\u00e7\u00f5es sobre apag\u00e3o, diz ONS\" \/>\n<meta property=\"og:description\" content=\"Geraldo Campos Jr., Lais Carregosa e Marisa Wanzeller, da Ag\u00eancia iNFRA O diretor-geral do ONS (Operador Nacional do Sistema El\u00e9trico), M\u00e1rcio Rea, afirmou \u00e0\u00a0Ag\u00eancia iNFRA\u00a0que as investiga\u00e7\u00f5es sobre a interrup\u00e7\u00e3o no fornecimento de energia na madrugada de ter\u00e7a-feira (14) ter\u00e3o como foco apurar as causas do inc\u00eandio em um reator de propriedade da Eletrobras na [&hellip;]\" \/>\n<meta property=\"og:url\" content=\"https:\/\/agenciainfra.com\/blog\/incendio-em-reator-sera-foco-das-investigacoes-sobre-apagao-diz-ons\/\" \/>\n<meta property=\"og:site_name\" content=\"Ag\u00eancia iNFRA\" \/>\n<meta property=\"article:publisher\" content=\"https:\/\/www.facebook.com\/ageninfra\" \/>\n<meta property=\"article:published_time\" content=\"2025-10-15T12:00:00+00:00\" \/>\n<meta property=\"article:modified_time\" content=\"2025-10-16T10:57:25+00:00\" \/>\n<meta property=\"og:image\" content=\"https:\/\/agenciainfra.com\/blog\/wp-content\/uploads\/2021\/09\/ONS-foto-ONS.jpeg\" \/>\n\t<meta property=\"og:image:width\" content=\"1280\" \/>\n\t<meta property=\"og:image:height\" content=\"853\" \/>\n\t<meta property=\"og:image:type\" content=\"image\/jpeg\" \/>\n<meta name=\"author\" content=\"Ag\u00eancia iNFRA\" \/>\n<meta name=\"twitter:card\" content=\"summary_large_image\" \/>\n<meta name=\"twitter:creator\" content=\"@agencia_infra\" \/>\n<meta name=\"twitter:site\" content=\"@agencia_infra\" \/>\n<meta name=\"twitter:label1\" content=\"Escrito por\" \/>\n\t<meta name=\"twitter:data1\" content=\"Ag\u00eancia iNFRA\" \/>\n\t<meta name=\"twitter:label2\" content=\"Est. tempo de leitura\" \/>\n\t<meta name=\"twitter:data2\" content=\"3 minutos\" \/>\n<script type=\"application\/ld+json\" class=\"yoast-schema-graph\">{\"@context\":\"https:\/\/schema.org\",\"@graph\":[{\"@type\":\"Article\",\"@id\":\"https:\/\/agenciainfra.com\/blog\/incendio-em-reator-sera-foco-das-investigacoes-sobre-apagao-diz-ons\/#article\",\"isPartOf\":{\"@id\":\"https:\/\/agenciainfra.com\/blog\/incendio-em-reator-sera-foco-das-investigacoes-sobre-apagao-diz-ons\/\"},\"author\":{\"name\":\"Ag\u00eancia iNFRA\",\"@id\":\"https:\/\/agenciainfra.com\/blog\/#\/schema\/person\/34af08dff6adea4cb22b06612ba7acfa\"},\"headline\":\"Inc\u00eandio em reator ser\u00e1 foco das investiga\u00e7\u00f5es sobre apag\u00e3o, diz ONS\",\"datePublished\":\"2025-10-15T12:00:00+00:00\",\"dateModified\":\"2025-10-16T10:57:25+00:00\",\"mainEntityOfPage\":{\"@id\":\"https:\/\/agenciainfra.com\/blog\/incendio-em-reator-sera-foco-das-investigacoes-sobre-apagao-diz-ons\/\"},\"wordCount\":590,\"publisher\":{\"@id\":\"https:\/\/agenciainfra.com\/blog\/#organization\"},\"image\":{\"@id\":\"https:\/\/agenciainfra.com\/blog\/incendio-em-reator-sera-foco-das-investigacoes-sobre-apagao-diz-ons\/#primaryimage\"},\"thumbnailUrl\":\"https:\/\/agenciainfra.com\/blog\/wp-content\/uploads\/2021\/09\/ONS-foto-ONS.jpeg\",\"keywords\":[\"ANEEL\",\"apag\u00e3o\",\"Geraldo Campos Jr.\",\"inc\u00eandio em subesta\u00e7\u00e3o\",\"Lais Carregoa\",\"Lais Carregosa\",\"M\u00e1rcio Rea\",\"Marisa Wanzeller\",\"Minist\u00e9rio de Minas e Energia\",\"MME\",\"ONS\",\"subesta\u00e7\u00e3o\",\"subesta\u00e7\u00e3o de bateias\"],\"articleSection\":[\"Destaque lista\",\"Geral\",\"iNFRAEnergia\"],\"inLanguage\":\"pt-BR\",\"copyrightYear\":\"2025\",\"copyrightHolder\":{\"@id\":\"https:\/\/agenciainfra.com\/blog\/#organization\"}},{\"@type\":\"WebPage\",\"@id\":\"https:\/\/agenciainfra.com\/blog\/incendio-em-reator-sera-foco-das-investigacoes-sobre-apagao-diz-ons\/\",\"url\":\"https:\/\/agenciainfra.com\/blog\/incendio-em-reator-sera-foco-das-investigacoes-sobre-apagao-diz-ons\/\",\"name\":\"Inc\u00eandio em reator ser\u00e1 foco das investiga\u00e7\u00f5es sobre apag\u00e3o, diz ONS - Ag\u00eancia iNFRA\",\"isPartOf\":{\"@id\":\"https:\/\/agenciainfra.com\/blog\/#website\"},\"primaryImageOfPage\":{\"@id\":\"https:\/\/agenciainfra.com\/blog\/incendio-em-reator-sera-foco-das-investigacoes-sobre-apagao-diz-ons\/#primaryimage\"},\"image\":{\"@id\":\"https:\/\/agenciainfra.com\/blog\/incendio-em-reator-sera-foco-das-investigacoes-sobre-apagao-diz-ons\/#primaryimage\"},\"thumbnailUrl\":\"https:\/\/agenciainfra.com\/blog\/wp-content\/uploads\/2021\/09\/ONS-foto-ONS.jpeg\",\"datePublished\":\"2025-10-15T12:00:00+00:00\",\"dateModified\":\"2025-10-16T10:57:25+00:00\",\"breadcrumb\":{\"@id\":\"https:\/\/agenciainfra.com\/blog\/incendio-em-reator-sera-foco-das-investigacoes-sobre-apagao-diz-ons\/#breadcrumb\"},\"inLanguage\":\"pt-BR\",\"potentialAction\":[{\"@type\":\"ReadAction\",\"target\":[\"https:\/\/agenciainfra.com\/blog\/incendio-em-reator-sera-foco-das-investigacoes-sobre-apagao-diz-ons\/\"]}]},{\"@type\":\"ImageObject\",\"inLanguage\":\"pt-BR\",\"@id\":\"https:\/\/agenciainfra.com\/blog\/incendio-em-reator-sera-foco-das-investigacoes-sobre-apagao-diz-ons\/#primaryimage\",\"url\":\"https:\/\/agenciainfra.com\/blog\/wp-content\/uploads\/2021\/09\/ONS-foto-ONS.jpeg\",\"contentUrl\":\"https:\/\/agenciainfra.com\/blog\/wp-content\/uploads\/2021\/09\/ONS-foto-ONS.jpeg\",\"width\":1280,\"height\":853,\"caption\":\"Foto: ONS\"},{\"@type\":\"BreadcrumbList\",\"@id\":\"https:\/\/agenciainfra.com\/blog\/incendio-em-reator-sera-foco-das-investigacoes-sobre-apagao-diz-ons\/#breadcrumb\",\"itemListElement\":[{\"@type\":\"ListItem\",\"position\":1,\"name\":\"In\u00edcio\",\"item\":\"https:\/\/agenciainfra.com\/blog\/\"},{\"@type\":\"ListItem\",\"position\":2,\"name\":\"Inc\u00eandio em reator ser\u00e1 foco das investiga\u00e7\u00f5es sobre apag\u00e3o, diz ONS\"}]},{\"@type\":\"WebSite\",\"@id\":\"https:\/\/agenciainfra.com\/blog\/#website\",\"url\":\"https:\/\/agenciainfra.com\/blog\/\",\"name\":\"Ag\u00eancia iNFRA\",\"description\":\"Multiplataforma de informa\u00e7\u00e3o jornal\u00edstica refer\u00eancia na \u00e1rea de infraestrutura no Brasil!\",\"publisher\":{\"@id\":\"https:\/\/agenciainfra.com\/blog\/#organization\"},\"potentialAction\":[{\"@type\":\"SearchAction\",\"target\":{\"@type\":\"EntryPoint\",\"urlTemplate\":\"https:\/\/agenciainfra.com\/blog\/?s={search_term_string}\"},\"query-input\":{\"@type\":\"PropertyValueSpecification\",\"valueRequired\":true,\"valueName\":\"search_term_string\"}}],\"inLanguage\":\"pt-BR\"},{\"@type\":\"Organization\",\"@id\":\"https:\/\/agenciainfra.com\/blog\/#organization\",\"name\":\"Ag\u00eancia iNFRA\",\"url\":\"https:\/\/agenciainfra.com\/blog\/\",\"logo\":{\"@type\":\"ImageObject\",\"inLanguage\":\"pt-BR\",\"@id\":\"https:\/\/agenciainfra.com\/blog\/#\/schema\/logo\/image\/\",\"url\":\"https:\/\/agenciainfra.com\/blog\/wp-content\/uploads\/2023\/09\/iNFRA_5-e1761735885940.png\",\"contentUrl\":\"https:\/\/agenciainfra.com\/blog\/wp-content\/uploads\/2023\/09\/iNFRA_5-e1761735885940.png\",\"width\":1672,\"height\":454,\"caption\":\"Ag\u00eancia iNFRA\"},\"image\":{\"@id\":\"https:\/\/agenciainfra.com\/blog\/#\/schema\/logo\/image\/\"},\"sameAs\":[\"https:\/\/www.facebook.com\/ageninfra\",\"https:\/\/x.com\/agencia_infra\",\"https:\/\/www.linkedin.com\/company\/ag\u00eanciainfra\/\",\"https:\/\/www.instagram.com\/agenciainfra\/\"]},{\"@type\":\"Person\",\"@id\":\"https:\/\/agenciainfra.com\/blog\/#\/schema\/person\/34af08dff6adea4cb22b06612ba7acfa\",\"name\":\"Ag\u00eancia iNFRA\",\"image\":{\"@type\":\"ImageObject\",\"inLanguage\":\"pt-BR\",\"@id\":\"https:\/\/agenciainfra.com\/blog\/#\/schema\/person\/image\/\",\"url\":\"https:\/\/secure.gravatar.com\/avatar\/d189e01678f06d8eb84d4e01f08eb848b3fffe3f8443818d3c356c66892f5be8?s=96&d=mm&r=g\",\"contentUrl\":\"https:\/\/secure.gravatar.com\/avatar\/d189e01678f06d8eb84d4e01f08eb848b3fffe3f8443818d3c356c66892f5be8?s=96&d=mm&r=g\",\"caption\":\"Ag\u00eancia iNFRA\"},\"url\":\"https:\/\/agenciainfra.com\/blog\/author\/admin\/\"}]}<\/script>\n<!-- \/ Yoast SEO Premium plugin. -->","yoast_head_json":{"title":"Inc\u00eandio em reator ser\u00e1 foco das investiga\u00e7\u00f5es sobre apag\u00e3o, diz ONS - Ag\u00eancia iNFRA","robots":{"index":"index","follow":"follow","max-snippet":"max-snippet:-1","max-image-preview":"max-image-preview:large","max-video-preview":"max-video-preview:-1"},"canonical":"https:\/\/agenciainfra.com\/blog\/incendio-em-reator-sera-foco-das-investigacoes-sobre-apagao-diz-ons\/","og_locale":"pt_BR","og_type":"article","og_title":"Inc\u00eandio em reator ser\u00e1 foco das investiga\u00e7\u00f5es sobre apag\u00e3o, diz ONS","og_description":"Geraldo Campos Jr., Lais Carregosa e Marisa Wanzeller, da Ag\u00eancia iNFRA O diretor-geral do ONS (Operador Nacional do Sistema El\u00e9trico), M\u00e1rcio Rea, afirmou \u00e0\u00a0Ag\u00eancia iNFRA\u00a0que as investiga\u00e7\u00f5es sobre a interrup\u00e7\u00e3o no fornecimento de energia na madrugada de ter\u00e7a-feira (14) ter\u00e3o como foco apurar as causas do inc\u00eandio em um reator de propriedade da Eletrobras na [&hellip;]","og_url":"https:\/\/agenciainfra.com\/blog\/incendio-em-reator-sera-foco-das-investigacoes-sobre-apagao-diz-ons\/","og_site_name":"Ag\u00eancia iNFRA","article_publisher":"https:\/\/www.facebook.com\/ageninfra","article_published_time":"2025-10-15T12:00:00+00:00","article_modified_time":"2025-10-16T10:57:25+00:00","og_image":[{"width":1280,"height":853,"url":"https:\/\/agenciainfra.com\/blog\/wp-content\/uploads\/2021\/09\/ONS-foto-ONS.jpeg","type":"image\/jpeg"}],"author":"Ag\u00eancia iNFRA","twitter_card":"summary_large_image","twitter_creator":"@agencia_infra","twitter_site":"@agencia_infra","twitter_misc":{"Escrito por":"Ag\u00eancia iNFRA","Est. tempo de leitura":"3 minutos"},"schema":{"@context":"https:\/\/schema.org","@graph":[{"@type":"Article","@id":"https:\/\/agenciainfra.com\/blog\/incendio-em-reator-sera-foco-das-investigacoes-sobre-apagao-diz-ons\/#article","isPartOf":{"@id":"https:\/\/agenciainfra.com\/blog\/incendio-em-reator-sera-foco-das-investigacoes-sobre-apagao-diz-ons\/"},"author":{"name":"Ag\u00eancia iNFRA","@id":"https:\/\/agenciainfra.com\/blog\/#\/schema\/person\/34af08dff6adea4cb22b06612ba7acfa"},"headline":"Inc\u00eandio em reator ser\u00e1 foco das investiga\u00e7\u00f5es sobre apag\u00e3o, diz ONS","datePublished":"2025-10-15T12:00:00+00:00","dateModified":"2025-10-16T10:57:25+00:00","mainEntityOfPage":{"@id":"https:\/\/agenciainfra.com\/blog\/incendio-em-reator-sera-foco-das-investigacoes-sobre-apagao-diz-ons\/"},"wordCount":590,"publisher":{"@id":"https:\/\/agenciainfra.com\/blog\/#organization"},"image":{"@id":"https:\/\/agenciainfra.com\/blog\/incendio-em-reator-sera-foco-das-investigacoes-sobre-apagao-diz-ons\/#primaryimage"},"thumbnailUrl":"https:\/\/agenciainfra.com\/blog\/wp-content\/uploads\/2021\/09\/ONS-foto-ONS.jpeg","keywords":["ANEEL","apag\u00e3o","Geraldo Campos Jr.","inc\u00eandio em subesta\u00e7\u00e3o","Lais Carregoa","Lais Carregosa","M\u00e1rcio Rea","Marisa Wanzeller","Minist\u00e9rio de Minas e Energia","MME","ONS","subesta\u00e7\u00e3o","subesta\u00e7\u00e3o de bateias"],"articleSection":["Destaque lista","Geral","iNFRAEnergia"],"inLanguage":"pt-BR","copyrightYear":"2025","copyrightHolder":{"@id":"https:\/\/agenciainfra.com\/blog\/#organization"}},{"@type":"WebPage","@id":"https:\/\/agenciainfra.com\/blog\/incendio-em-reator-sera-foco-das-investigacoes-sobre-apagao-diz-ons\/","url":"https:\/\/agenciainfra.com\/blog\/incendio-em-reator-sera-foco-das-investigacoes-sobre-apagao-diz-ons\/","name":"Inc\u00eandio em reator ser\u00e1 foco das investiga\u00e7\u00f5es sobre apag\u00e3o, diz ONS - Ag\u00eancia iNFRA","isPartOf":{"@id":"https:\/\/agenciainfra.com\/blog\/#website"},"primaryImageOfPage":{"@id":"https:\/\/agenciainfra.com\/blog\/incendio-em-reator-sera-foco-das-investigacoes-sobre-apagao-diz-ons\/#primaryimage"},"image":{"@id":"https:\/\/agenciainfra.com\/blog\/incendio-em-reator-sera-foco-das-investigacoes-sobre-apagao-diz-ons\/#primaryimage"},"thumbnailUrl":"https:\/\/agenciainfra.com\/blog\/wp-content\/uploads\/2021\/09\/ONS-foto-ONS.jpeg","datePublished":"2025-10-15T12:00:00+00:00","dateModified":"2025-10-16T10:57:25+00:00","breadcrumb":{"@id":"https:\/\/agenciainfra.com\/blog\/incendio-em-reator-sera-foco-das-investigacoes-sobre-apagao-diz-ons\/#breadcrumb"},"inLanguage":"pt-BR","potentialAction":[{"@type":"ReadAction","target":["https:\/\/agenciainfra.com\/blog\/incendio-em-reator-sera-foco-das-investigacoes-sobre-apagao-diz-ons\/"]}]},{"@type":"ImageObject","inLanguage":"pt-BR","@id":"https:\/\/agenciainfra.com\/blog\/incendio-em-reator-sera-foco-das-investigacoes-sobre-apagao-diz-ons\/#primaryimage","url":"https:\/\/agenciainfra.com\/blog\/wp-content\/uploads\/2021\/09\/ONS-foto-ONS.jpeg","contentUrl":"https:\/\/agenciainfra.com\/blog\/wp-content\/uploads\/2021\/09\/ONS-foto-ONS.jpeg","width":1280,"height":853,"caption":"Foto: ONS"},{"@type":"BreadcrumbList","@id":"https:\/\/agenciainfra.com\/blog\/incendio-em-reator-sera-foco-das-investigacoes-sobre-apagao-diz-ons\/#breadcrumb","itemListElement":[{"@type":"ListItem","position":1,"name":"In\u00edcio","item":"https:\/\/agenciainfra.com\/blog\/"},{"@type":"ListItem","position":2,"name":"Inc\u00eandio em reator ser\u00e1 foco das investiga\u00e7\u00f5es sobre apag\u00e3o, diz ONS"}]},{"@type":"WebSite","@id":"https:\/\/agenciainfra.com\/blog\/#website","url":"https:\/\/agenciainfra.com\/blog\/","name":"Ag\u00eancia iNFRA","description":"Multiplataforma de informa\u00e7\u00e3o jornal\u00edstica refer\u00eancia na \u00e1rea de infraestrutura no Brasil!","publisher":{"@id":"https:\/\/agenciainfra.com\/blog\/#organization"},"potentialAction":[{"@type":"SearchAction","target":{"@type":"EntryPoint","urlTemplate":"https:\/\/agenciainfra.com\/blog\/?s={search_term_string}"},"query-input":{"@type":"PropertyValueSpecification","valueRequired":true,"valueName":"search_term_string"}}],"inLanguage":"pt-BR"},{"@type":"Organization","@id":"https:\/\/agenciainfra.com\/blog\/#organization","name":"Ag\u00eancia iNFRA","url":"https:\/\/agenciainfra.com\/blog\/","logo":{"@type":"ImageObject","inLanguage":"pt-BR","@id":"https:\/\/agenciainfra.com\/blog\/#\/schema\/logo\/image\/","url":"https:\/\/agenciainfra.com\/blog\/wp-content\/uploads\/2023\/09\/iNFRA_5-e1761735885940.png","contentUrl":"https:\/\/agenciainfra.com\/blog\/wp-content\/uploads\/2023\/09\/iNFRA_5-e1761735885940.png","width":1672,"height":454,"caption":"Ag\u00eancia iNFRA"},"image":{"@id":"https:\/\/agenciainfra.com\/blog\/#\/schema\/logo\/image\/"},"sameAs":["https:\/\/www.facebook.com\/ageninfra","https:\/\/x.com\/agencia_infra","https:\/\/www.linkedin.com\/company\/ag\u00eanciainfra\/","https:\/\/www.instagram.com\/agenciainfra\/"]},{"@type":"Person","@id":"https:\/\/agenciainfra.com\/blog\/#\/schema\/person\/34af08dff6adea4cb22b06612ba7acfa","name":"Ag\u00eancia iNFRA","image":{"@type":"ImageObject","inLanguage":"pt-BR","@id":"https:\/\/agenciainfra.com\/blog\/#\/schema\/person\/image\/","url":"https:\/\/secure.gravatar.com\/avatar\/d189e01678f06d8eb84d4e01f08eb848b3fffe3f8443818d3c356c66892f5be8?s=96&d=mm&r=g","contentUrl":"https:\/\/secure.gravatar.com\/avatar\/d189e01678f06d8eb84d4e01f08eb848b3fffe3f8443818d3c356c66892f5be8?s=96&d=mm&r=g","caption":"Ag\u00eancia iNFRA"},"url":"https:\/\/agenciainfra.com\/blog\/author\/admin\/"}]}},"_links":{"self":[{"href":"https:\/\/agenciainfra.com\/blog\/wp-json\/wp\/v2\/posts\/29838","targetHints":{"allow":["GET"]}}],"collection":[{"href":"https:\/\/agenciainfra.com\/blog\/wp-json\/wp\/v2\/posts"}],"about":[{"href":"https:\/\/agenciainfra.com\/blog\/wp-json\/wp\/v2\/types\/post"}],"author":[{"embeddable":true,"href":"https:\/\/agenciainfra.com\/blog\/wp-json\/wp\/v2\/users\/1"}],"replies":[{"embeddable":true,"href":"https:\/\/agenciainfra.com\/blog\/wp-json\/wp\/v2\/comments?post=29838"}],"version-history":[{"count":1,"href":"https:\/\/agenciainfra.com\/blog\/wp-json\/wp\/v2\/posts\/29838\/revisions"}],"predecessor-version":[{"id":29839,"href":"https:\/\/agenciainfra.com\/blog\/wp-json\/wp\/v2\/posts\/29838\/revisions\/29839"}],"wp:featuredmedia":[{"embeddable":true,"href":"https:\/\/agenciainfra.com\/blog\/wp-json\/wp\/v2\/media\/8379"}],"wp:attachment":[{"href":"https:\/\/agenciainfra.com\/blog\/wp-json\/wp\/v2\/media?parent=29838"}],"wp:term":[{"taxonomy":"category","embeddable":true,"href":"https:\/\/agenciainfra.com\/blog\/wp-json\/wp\/v2\/categories?post=29838"},{"taxonomy":"post_tag","embeddable":true,"href":"https:\/\/agenciainfra.com\/blog\/wp-json\/wp\/v2\/tags?post=29838"}],"curies":[{"name":"wp","href":"https:\/\/api.w.org\/{rel}","templated":true}]}}