{"id":29845,"date":"2025-10-16T08:00:00","date_gmt":"2025-10-16T11:00:00","guid":{"rendered":"https:\/\/agenciainfra.com\/blog\/?p=29845"},"modified":"2025-10-16T18:34:45","modified_gmt":"2025-10-16T21:34:45","slug":"ministerio-dos-transportes-quer-conceder-corredor-leste-oeste-com-fiol-1","status":"publish","type":"post","link":"https:\/\/agenciainfra.com\/blog\/ministerio-dos-transportes-quer-conceder-corredor-leste-oeste-com-fiol-1\/","title":{"rendered":"Minist\u00e9rio dos Transportes quer conceder Corredor Leste-Oeste com Fiol 1"},"content":{"rendered":"\n<p class=\"has-text-align-right\"><strong>Amanda Pupo e Dimmi Amora, da Ag\u00eancia iNFRA<\/strong><\/p>\n\n\n\n<p>O Minist\u00e9rio dos Transportes planeja agora licitar todo o corredor ferrovi\u00e1rio Leste-Oeste numa \u00fanica concess\u00e3o, incluindo a Fiol 1 (Ferrovia de Integra\u00e7\u00e3o Oeste-Leste), hoje sob administra\u00e7\u00e3o da Bamin, tamb\u00e9m respons\u00e1vel pelo projeto do Porto Sul, localizado em Ilh\u00e9us (BA). Nesse desenho, o plano \u00e9 que a empresa cazaque saia do contrato levado em 2021, que prev\u00ea\u00a0um tra\u00e7ado de\u00a0Ilh\u00e9us a Caetit\u00e9 (BA).\u00a0<br><br>Assim, o projeto portu\u00e1rio tamb\u00e9m entraria na nova concess\u00e3o como obriga\u00e7\u00e3o de fazer do futuro operador. Segundo apurou a\u00a0<strong>Ag\u00eancia iNFRA<\/strong>, a estrutura\u00e7\u00e3o exigir\u00e1 aporte do poder p\u00fablico, seja por obra p\u00fablica ou por recurso financeiro. A estimativa \u00e9 de que a ferrovia custe em toda sua extens\u00e3o em torno de R$ 60 bilh\u00f5es em investimentos.<br><br>O projeto de concess\u00e3o desse corredor que foi \u00e0 consulta p\u00fablica no in\u00edcio deste ano n\u00e3o previa a Fiol 1, cujas obras pela Bamin est\u00e3o paralisadas, e seria uma concess\u00e3o pura, com a entrega de obras p\u00fablicas j\u00e1 previstas (Fiol 2 e Fico 1, essa executada pela Vale). A entrada do porto na modelagem estudada neste momento refor\u00e7ou a necessidade de recursos federais, embora o plano anterior j\u00e1 fosse considerado desafiador financeiramente.\u00a0<br><br>Pelo modelo exposto em fevereiro, os investimentos previstos no caderno de obriga\u00e7\u00f5es somariam R$ 14 bilh\u00f5es, entre obras e aquisi\u00e7\u00e3o de equipamentos. O principal deles \u00e9 a obra de constru\u00e7\u00e3o do trecho de 838 quil\u00f4metros da Fiol 3, entre Correntina (BA) e Mara Rosa (GO).\u00a0<br><br>Um fator que n\u00e3o mudou com o novo projeto de concess\u00e3o integral do corredor \u00e9 a previs\u00e3o de que a constru\u00e7\u00e3o da perna entre \u00c1gua Boa (MT) e Lucas do Rio Verde (MT), cora\u00e7\u00e3o agr\u00edcola do estado, seja determinada pelo governo posteriormente via reequil\u00edbrio do contrato.\u00a0<br><br>De acordo com o secret\u00e1rio-executivo do Minist\u00e9rio dos Transportes, George Santoro, at\u00e9 dezembro a modelagem deve chegar na ANTT (Ag\u00eancia Nacional de Transportes Terrestres) e no in\u00edcio do pr\u00f3ximo ano o projeto deve ser encaminhado para a avalia\u00e7\u00e3o do TCU (Tribunal de Contas da Uni\u00e3o), abrindo caminho para o edital ser publicado no primeiro semestre de 2026 \u2013 \u00faltimo do atual mandato do presidente Luiz In\u00e1cio Lula da Silva (PT).\u00a0<br><br>O tra\u00e7ado cruza os estados da Bahia, Goi\u00e1s e Mato Grosso e, totalmente operacional, daria condi\u00e7\u00f5es para as cargas transportadas chegassem a pelo menos cinco portos existentes, Itaqui (MA), Aratu (BA), Vit\u00f3ria (ES), Rio de Janeiro (RJ) e Santos (SP) \u2013 seja pela conex\u00e3o com a FCA (Ferrovia Centro-Atl\u00e2ntica) ou com a FNS (Ferrovia Norte-Sul) \u2013, al\u00e9m do porto projetado para Ilh\u00e9us.\u00a0<br><br><strong>Valores<\/strong><br>Parte do corredor j\u00e1 est\u00e1 sendo executado como obra p\u00fablica pela Infra SA. \u00c9 o caso da Fiol 2, entre Caetit\u00e9 e Barreiras (BA). Al\u00e9m disso, na renova\u00e7\u00e3o das concess\u00f5es da Vale fechada\u00a0em 2020, a mineradora ficou respons\u00e1vel pela constru\u00e7\u00e3o da Fico 1, entre Mara Rosa (GO) e a \u00c1gua Boa. No caso da Fiol 1, as obras come\u00e7aram a ser executadas pela Bamin, que agora est\u00e1 inadimplente. Considerando\u00a0Fiol 1 e Fiol 2, cerca de 70% dos trechos est\u00e3o conclu\u00eddos, e o tra\u00e7ado restante demandaria mais aproximadamente R$ 7 bilh\u00f5es.\u00a0<br><br>\u201cE no caso da Fiol 3, \u00e9 um trecho bem mais substancial. E a\u00ed a gente pode colocar a\u00ed um valor bastante significativo, mais de R$ 20 bilh\u00f5es, para concluir (\u2026) Ent\u00e3o, n\u00f3s estamos falando de um corredor que vai custar no m\u00ednimo R$ 60 bilh\u00f5es ao longo do tempo. \u00c9 um investimento consider\u00e1vel para o Nordeste\u201d, disse Santoro nesta ter\u00e7a-feira (14) durante participa\u00e7\u00e3o no evento \u201cLog\u00edstica no Brasil\u201d, promovido pelo governo federal, desta vez em Fortaleza (CE). Segundo ele, o corredor teria capacidade de transportar mais de 50 milh\u00f5es de toneladas de gr\u00e3os, fora min\u00e9rio e demais cargas.\u00a0<br><br>O secret\u00e1rio ainda comentou sobre a import\u00e2ncia da financiabilidade dessa e outras obras ferrovi\u00e1rias que est\u00e3o no pipeline da pasta. A agenda do minist\u00e9rio ontem ainda incluiria uma reuni\u00e3o com o Banco do Nordeste para tratar do assunto. \u201cOs financiamentos s\u00e3o importantes, ter taxas e condi\u00e7\u00f5es mais atrativas para projetos de tamanha envergadura s\u00e3o fundamentais para tir\u00e1-los do papel\u201d, comentou o n\u00famero 2 de Renan Filho.<br><br><strong>Negocia\u00e7\u00f5es e pipeline de projetos<\/strong><br>A decis\u00e3o de incluir a Fiol 1 na nova concess\u00e3o integral do corredor Leste-Oeste foi sedimentada ap\u00f3s o governo ter negociado para que a Vale assumisse o projeto entre Caetit\u00e9 e Ilh\u00e9us, sem sucesso. As conversas aconteciam em paralelo \u00e0s tratativas de repactua\u00e7\u00e3o dos contratos de ferrovias da mineradora no \u00e2mbito do TCU, que terminaram\u00a0<a href=\"https:\/\/agenciainfra.com\/blog\/divergencias-entre-governo-e-vale-brecam-acordo-sobre-ferrovias\/\" target=\"_blank\" rel=\"noreferrer noopener\">sem acordo<\/a>. Uma das ideias que chegou a ser estudada, como\u00a0<a href=\"https:\/\/agenciainfra.com\/blog\/governo-e-vale-buscam-operadora-para-porto-sul-em-tratativas-da-fiol-1\/\" target=\"_blank\" rel=\"noreferrer noopener\">mostrou<\/a>\u00a0a\u00a0<strong>Ag\u00eancia iNFRA<\/strong>, era a Vale prever uma cl\u00e1usula de \u2018take or pay\u2019 para o porto Sul, j\u00e1 que, embora cogitasse assumir a Fiol 1 herdada da Bamin, a Vale n\u00e3o queria operar o porto.\u00a0<br><br>Caso haja alguma decis\u00e3o de governo diferente da ideia do Minist\u00e9rio dos Transportes de licitar a Fiol 1 dentro da concess\u00e3o que j\u00e1 vinha sendo estudada, a pasta voltar\u00e1 para a modelagem que considerava duas operadoras para todo o corredor.\u00a0<br><br>A conex\u00e3o da Fiol 1 ao restante do tra\u00e7ado \u00e9 relevante para que o porto tenha viabilidade econ\u00f4mica. A \u00e1rea foi planejada em 2014, antes mesmo de a ferrovia ter sido concedida \u00e0 iniciativa privada e quando as obras eram tocadas com recursos p\u00fablicos.<br><br><strong>Quest\u00e3o portu\u00e1ria<\/strong><br>Dois TUPs (Terminais de Uso Privado) comp\u00f5em o projeto deste complexo portu\u00e1rio em Ilh\u00e9us: o da Bamin e um segundo com a participa\u00e7\u00e3o do estado da Bahia. A opera\u00e7\u00e3o dos terminais, por sua vez, \u00e9 complementar, j\u00e1 que o TUP com parte p\u00fablica foi previsto para n\u00e3o deixar que a ferrovia fosse ligada somente a um empreendimento privado. Por isso, no desenho que vigora at\u00e9 hoje, a estrutura mar\u00edtima do terminal da Bamin dever\u00e1 ser compartilhada com este segundo TUP.<br><br>Outra complexidade do projeto \u00e9 a constru\u00e7\u00e3o da Fiol 3 e seus quase 900 quil\u00f4metros entre Correntina\u00a0e Mara Rosa. Quando o projeto inicial foi \u00e0 audi\u00eancia p\u00fablica no in\u00edcio do ano com valor estimado de R$ 12 bilh\u00f5es, representantes do setor argumentaram que a proje\u00e7\u00e3o\u00a0estava subavaliada. Agora, o governo fala em mais de R$ 20 bilh\u00f5es.<br><br>O corredor Fico-Fiol \u00e9 um dos principais projetos ferrovi\u00e1rios de carga que o governo Lula ainda tenta entregar estruturado. Outros da lista s\u00e3o, por exemplo, a EF (Estrada de Ferro) 118, entre Rio de Janeiro e Esp\u00edrito Santo; a Ferrogr\u00e3o, a Malha Centro-Leste (operada hoje pela FCA\/VLI, em processo de renova\u00e7\u00e3o); al\u00e9m da Malha Oeste \u2013 que ser\u00e1 novamente licitada com o fim do contrato da Rumo \u2013; e o ramal A\u00e7ail\u00e2ndia-Barcarena.<br><br>Uma das estrat\u00e9gias para preencher o gap de viabilidade financeira desses projetos \u00e9 usar o investimento cruzado, com dinheiro gerado de\u00a0repactua\u00e7\u00f5es de concess\u00f5es em vigor.\u00a0Recentemente, o Executivo teve o aval do TCU para remodelar o contrato da MRS, que depositar\u00e1 R$ 2,8 bilh\u00f5es numa conta banc\u00e1ria, e cujos recursos poder\u00e3o ser direcionados a futuras concess\u00f5es. Importante parcela do dinheiro que o governo previa para estruturar esse programa, contudo, acabou frustrada com a aus\u00eancia de acordo na repactua\u00e7\u00e3o dos contratos da Vale.\u00a0<\/p>\n","protected":false},"excerpt":{"rendered":"<p>Amanda Pupo e Dimmi Amora, da Ag\u00eancia iNFRA O Minist\u00e9rio dos Transportes planeja agora licitar todo o corredor ferrovi\u00e1rio Leste-Oeste numa \u00fanica concess\u00e3o, incluindo a Fiol 1 (Ferrovia de Integra\u00e7\u00e3o Oeste-Leste), hoje sob administra\u00e7\u00e3o da Bamin, tamb\u00e9m respons\u00e1vel pelo projeto do Porto Sul, localizado em Ilh\u00e9us (BA). Nesse desenho, o plano \u00e9 que a empresa [&hellip;]<\/p>\n","protected":false},"author":1,"featured_media":6250,"comment_status":"closed","ping_status":"closed","sticky":false,"template":"","format":"standard","meta":{"_monsterinsights_skip_tracking":false,"_monsterinsights_sitenote_active":false,"_monsterinsights_sitenote_note":"","_monsterinsights_sitenote_category":0,"footnotes":""},"categories":[7],"tags":[13354,2904,9263,3624,16129,1299,120,156,12405,1033],"class_list":["post-29845","post","type-post","status-publish","format-standard","has-post-thumbnail","hentry","category-infratransporte","tag-amanda-pupo","tag-bamin","tag-concessao-de-ferrovias","tag-corredor-ferroviario","tag-corredor-leste-oeste","tag-dimmi-amora","tag-ferrovias","tag-fiol","tag-fiol-1","tag-transporte-ferroviario"],"yoast_head":"<!-- This site is optimized with the Yoast SEO Premium plugin v25.4 (Yoast SEO v26.0) - https:\/\/yoast.com\/wordpress\/plugins\/seo\/ -->\n<title>Minist\u00e9rio dos Transportes quer conceder Corredor Leste-Oeste com Fiol 1 - Ag\u00eancia iNFRA<\/title>\n<meta name=\"robots\" content=\"index, follow, max-snippet:-1, max-image-preview:large, max-video-preview:-1\" \/>\n<link rel=\"canonical\" href=\"https:\/\/agenciainfra.com\/blog\/ministerio-dos-transportes-quer-conceder-corredor-leste-oeste-com-fiol-1\/\" \/>\n<meta property=\"og:locale\" content=\"pt_BR\" \/>\n<meta property=\"og:type\" content=\"article\" \/>\n<meta property=\"og:title\" content=\"Minist\u00e9rio dos Transportes quer conceder Corredor Leste-Oeste com Fiol 1\" \/>\n<meta property=\"og:description\" content=\"Amanda Pupo e Dimmi Amora, da Ag\u00eancia iNFRA O Minist\u00e9rio dos Transportes planeja agora licitar todo o corredor ferrovi\u00e1rio Leste-Oeste numa \u00fanica concess\u00e3o, incluindo a Fiol 1 (Ferrovia de Integra\u00e7\u00e3o Oeste-Leste), hoje sob administra\u00e7\u00e3o da Bamin, tamb\u00e9m respons\u00e1vel pelo projeto do Porto Sul, localizado em Ilh\u00e9us (BA). Nesse desenho, o plano \u00e9 que a empresa [&hellip;]\" \/>\n<meta property=\"og:url\" content=\"https:\/\/agenciainfra.com\/blog\/ministerio-dos-transportes-quer-conceder-corredor-leste-oeste-com-fiol-1\/\" \/>\n<meta property=\"og:site_name\" content=\"Ag\u00eancia iNFRA\" \/>\n<meta property=\"article:publisher\" content=\"https:\/\/www.facebook.com\/ageninfra\" \/>\n<meta property=\"article:published_time\" content=\"2025-10-16T11:00:00+00:00\" \/>\n<meta property=\"article:modified_time\" content=\"2025-10-16T21:34:45+00:00\" \/>\n<meta property=\"og:image\" content=\"https:\/\/agenciainfra.com\/blog\/wp-content\/uploads\/2020\/10\/fiol-foto-govba-e1751454093104.jpeg\" \/>\n\t<meta property=\"og:image:width\" content=\"1280\" \/>\n\t<meta property=\"og:image:height\" content=\"755\" \/>\n\t<meta property=\"og:image:type\" content=\"image\/jpeg\" \/>\n<meta name=\"author\" content=\"Ag\u00eancia iNFRA\" \/>\n<meta name=\"twitter:card\" content=\"summary_large_image\" \/>\n<meta name=\"twitter:creator\" content=\"@agencia_infra\" \/>\n<meta name=\"twitter:site\" content=\"@agencia_infra\" \/>\n<meta name=\"twitter:label1\" content=\"Escrito por\" \/>\n\t<meta name=\"twitter:data1\" content=\"Ag\u00eancia iNFRA\" \/>\n\t<meta name=\"twitter:label2\" content=\"Est. tempo de leitura\" \/>\n\t<meta name=\"twitter:data2\" content=\"6 minutos\" \/>\n<script type=\"application\/ld+json\" class=\"yoast-schema-graph\">{\"@context\":\"https:\/\/schema.org\",\"@graph\":[{\"@type\":\"Article\",\"@id\":\"https:\/\/agenciainfra.com\/blog\/ministerio-dos-transportes-quer-conceder-corredor-leste-oeste-com-fiol-1\/#article\",\"isPartOf\":{\"@id\":\"https:\/\/agenciainfra.com\/blog\/ministerio-dos-transportes-quer-conceder-corredor-leste-oeste-com-fiol-1\/\"},\"author\":{\"name\":\"Ag\u00eancia iNFRA\",\"@id\":\"https:\/\/agenciainfra.com\/blog\/#\/schema\/person\/34af08dff6adea4cb22b06612ba7acfa\"},\"headline\":\"Minist\u00e9rio dos Transportes quer conceder Corredor Leste-Oeste com Fiol 1\",\"datePublished\":\"2025-10-16T11:00:00+00:00\",\"dateModified\":\"2025-10-16T21:34:45+00:00\",\"mainEntityOfPage\":{\"@id\":\"https:\/\/agenciainfra.com\/blog\/ministerio-dos-transportes-quer-conceder-corredor-leste-oeste-com-fiol-1\/\"},\"wordCount\":1263,\"publisher\":{\"@id\":\"https:\/\/agenciainfra.com\/blog\/#organization\"},\"image\":{\"@id\":\"https:\/\/agenciainfra.com\/blog\/ministerio-dos-transportes-quer-conceder-corredor-leste-oeste-com-fiol-1\/#primaryimage\"},\"thumbnailUrl\":\"https:\/\/agenciainfra.com\/blog\/wp-content\/uploads\/2020\/10\/fiol-foto-govba-e1751454093104.jpeg\",\"keywords\":[\"Amanda Pupo\",\"Bamin\",\"Concess\u00e3o de Ferrovias\",\"corredor ferrovi\u00e1rio\",\"corredor leste-oeste\",\"Dimmi Amora\",\"Ferrovias\",\"FIOL\",\"Fiol 1\",\"transporte ferrovi\u00e1rio\"],\"articleSection\":[\"iNFRATransporte\"],\"inLanguage\":\"pt-BR\",\"copyrightYear\":\"2025\",\"copyrightHolder\":{\"@id\":\"https:\/\/agenciainfra.com\/blog\/#organization\"}},{\"@type\":\"WebPage\",\"@id\":\"https:\/\/agenciainfra.com\/blog\/ministerio-dos-transportes-quer-conceder-corredor-leste-oeste-com-fiol-1\/\",\"url\":\"https:\/\/agenciainfra.com\/blog\/ministerio-dos-transportes-quer-conceder-corredor-leste-oeste-com-fiol-1\/\",\"name\":\"Minist\u00e9rio dos Transportes quer conceder Corredor Leste-Oeste com Fiol 1 - Ag\u00eancia iNFRA\",\"isPartOf\":{\"@id\":\"https:\/\/agenciainfra.com\/blog\/#website\"},\"primaryImageOfPage\":{\"@id\":\"https:\/\/agenciainfra.com\/blog\/ministerio-dos-transportes-quer-conceder-corredor-leste-oeste-com-fiol-1\/#primaryimage\"},\"image\":{\"@id\":\"https:\/\/agenciainfra.com\/blog\/ministerio-dos-transportes-quer-conceder-corredor-leste-oeste-com-fiol-1\/#primaryimage\"},\"thumbnailUrl\":\"https:\/\/agenciainfra.com\/blog\/wp-content\/uploads\/2020\/10\/fiol-foto-govba-e1751454093104.jpeg\",\"datePublished\":\"2025-10-16T11:00:00+00:00\",\"dateModified\":\"2025-10-16T21:34:45+00:00\",\"breadcrumb\":{\"@id\":\"https:\/\/agenciainfra.com\/blog\/ministerio-dos-transportes-quer-conceder-corredor-leste-oeste-com-fiol-1\/#breadcrumb\"},\"inLanguage\":\"pt-BR\",\"potentialAction\":[{\"@type\":\"ReadAction\",\"target\":[\"https:\/\/agenciainfra.com\/blog\/ministerio-dos-transportes-quer-conceder-corredor-leste-oeste-com-fiol-1\/\"]}]},{\"@type\":\"ImageObject\",\"inLanguage\":\"pt-BR\",\"@id\":\"https:\/\/agenciainfra.com\/blog\/ministerio-dos-transportes-quer-conceder-corredor-leste-oeste-com-fiol-1\/#primaryimage\",\"url\":\"https:\/\/agenciainfra.com\/blog\/wp-content\/uploads\/2020\/10\/fiol-foto-govba-e1751454093104.jpeg\",\"contentUrl\":\"https:\/\/agenciainfra.com\/blog\/wp-content\/uploads\/2020\/10\/fiol-foto-govba-e1751454093104.jpeg\",\"width\":1280,\"height\":755,\"caption\":\"Foto: El\u00f3i Correa\/Governo do Estado da Bahia\"},{\"@type\":\"BreadcrumbList\",\"@id\":\"https:\/\/agenciainfra.com\/blog\/ministerio-dos-transportes-quer-conceder-corredor-leste-oeste-com-fiol-1\/#breadcrumb\",\"itemListElement\":[{\"@type\":\"ListItem\",\"position\":1,\"name\":\"In\u00edcio\",\"item\":\"https:\/\/agenciainfra.com\/blog\/\"},{\"@type\":\"ListItem\",\"position\":2,\"name\":\"Minist\u00e9rio dos Transportes quer conceder Corredor Leste-Oeste com Fiol 1\"}]},{\"@type\":\"WebSite\",\"@id\":\"https:\/\/agenciainfra.com\/blog\/#website\",\"url\":\"https:\/\/agenciainfra.com\/blog\/\",\"name\":\"Ag\u00eancia iNFRA\",\"description\":\"Multiplataforma de informa\u00e7\u00e3o jornal\u00edstica refer\u00eancia na \u00e1rea de infraestrutura no Brasil!\",\"publisher\":{\"@id\":\"https:\/\/agenciainfra.com\/blog\/#organization\"},\"potentialAction\":[{\"@type\":\"SearchAction\",\"target\":{\"@type\":\"EntryPoint\",\"urlTemplate\":\"https:\/\/agenciainfra.com\/blog\/?s={search_term_string}\"},\"query-input\":{\"@type\":\"PropertyValueSpecification\",\"valueRequired\":true,\"valueName\":\"search_term_string\"}}],\"inLanguage\":\"pt-BR\"},{\"@type\":\"Organization\",\"@id\":\"https:\/\/agenciainfra.com\/blog\/#organization\",\"name\":\"Ag\u00eancia iNFRA\",\"url\":\"https:\/\/agenciainfra.com\/blog\/\",\"logo\":{\"@type\":\"ImageObject\",\"inLanguage\":\"pt-BR\",\"@id\":\"https:\/\/agenciainfra.com\/blog\/#\/schema\/logo\/image\/\",\"url\":\"https:\/\/agenciainfra.com\/blog\/wp-content\/uploads\/2023\/09\/iNFRA_5-e1761735885940.png\",\"contentUrl\":\"https:\/\/agenciainfra.com\/blog\/wp-content\/uploads\/2023\/09\/iNFRA_5-e1761735885940.png\",\"width\":1672,\"height\":454,\"caption\":\"Ag\u00eancia iNFRA\"},\"image\":{\"@id\":\"https:\/\/agenciainfra.com\/blog\/#\/schema\/logo\/image\/\"},\"sameAs\":[\"https:\/\/www.facebook.com\/ageninfra\",\"https:\/\/x.com\/agencia_infra\",\"https:\/\/www.linkedin.com\/company\/ag\u00eanciainfra\/\",\"https:\/\/www.instagram.com\/agenciainfra\/\"]},{\"@type\":\"Person\",\"@id\":\"https:\/\/agenciainfra.com\/blog\/#\/schema\/person\/34af08dff6adea4cb22b06612ba7acfa\",\"name\":\"Ag\u00eancia iNFRA\",\"image\":{\"@type\":\"ImageObject\",\"inLanguage\":\"pt-BR\",\"@id\":\"https:\/\/agenciainfra.com\/blog\/#\/schema\/person\/image\/\",\"url\":\"https:\/\/secure.gravatar.com\/avatar\/d189e01678f06d8eb84d4e01f08eb848b3fffe3f8443818d3c356c66892f5be8?s=96&d=mm&r=g\",\"contentUrl\":\"https:\/\/secure.gravatar.com\/avatar\/d189e01678f06d8eb84d4e01f08eb848b3fffe3f8443818d3c356c66892f5be8?s=96&d=mm&r=g\",\"caption\":\"Ag\u00eancia iNFRA\"},\"url\":\"https:\/\/agenciainfra.com\/blog\/author\/admin\/\"}]}<\/script>\n<!-- \/ Yoast SEO Premium plugin. -->","yoast_head_json":{"title":"Minist\u00e9rio dos Transportes quer conceder Corredor Leste-Oeste com Fiol 1 - Ag\u00eancia iNFRA","robots":{"index":"index","follow":"follow","max-snippet":"max-snippet:-1","max-image-preview":"max-image-preview:large","max-video-preview":"max-video-preview:-1"},"canonical":"https:\/\/agenciainfra.com\/blog\/ministerio-dos-transportes-quer-conceder-corredor-leste-oeste-com-fiol-1\/","og_locale":"pt_BR","og_type":"article","og_title":"Minist\u00e9rio dos Transportes quer conceder Corredor Leste-Oeste com Fiol 1","og_description":"Amanda Pupo e Dimmi Amora, da Ag\u00eancia iNFRA O Minist\u00e9rio dos Transportes planeja agora licitar todo o corredor ferrovi\u00e1rio Leste-Oeste numa \u00fanica concess\u00e3o, incluindo a Fiol 1 (Ferrovia de Integra\u00e7\u00e3o Oeste-Leste), hoje sob administra\u00e7\u00e3o da Bamin, tamb\u00e9m respons\u00e1vel pelo projeto do Porto Sul, localizado em Ilh\u00e9us (BA). Nesse desenho, o plano \u00e9 que a empresa [&hellip;]","og_url":"https:\/\/agenciainfra.com\/blog\/ministerio-dos-transportes-quer-conceder-corredor-leste-oeste-com-fiol-1\/","og_site_name":"Ag\u00eancia iNFRA","article_publisher":"https:\/\/www.facebook.com\/ageninfra","article_published_time":"2025-10-16T11:00:00+00:00","article_modified_time":"2025-10-16T21:34:45+00:00","og_image":[{"width":1280,"height":755,"url":"https:\/\/agenciainfra.com\/blog\/wp-content\/uploads\/2020\/10\/fiol-foto-govba-e1751454093104.jpeg","type":"image\/jpeg"}],"author":"Ag\u00eancia iNFRA","twitter_card":"summary_large_image","twitter_creator":"@agencia_infra","twitter_site":"@agencia_infra","twitter_misc":{"Escrito por":"Ag\u00eancia iNFRA","Est. tempo de leitura":"6 minutos"},"schema":{"@context":"https:\/\/schema.org","@graph":[{"@type":"Article","@id":"https:\/\/agenciainfra.com\/blog\/ministerio-dos-transportes-quer-conceder-corredor-leste-oeste-com-fiol-1\/#article","isPartOf":{"@id":"https:\/\/agenciainfra.com\/blog\/ministerio-dos-transportes-quer-conceder-corredor-leste-oeste-com-fiol-1\/"},"author":{"name":"Ag\u00eancia iNFRA","@id":"https:\/\/agenciainfra.com\/blog\/#\/schema\/person\/34af08dff6adea4cb22b06612ba7acfa"},"headline":"Minist\u00e9rio dos Transportes quer conceder Corredor Leste-Oeste com Fiol 1","datePublished":"2025-10-16T11:00:00+00:00","dateModified":"2025-10-16T21:34:45+00:00","mainEntityOfPage":{"@id":"https:\/\/agenciainfra.com\/blog\/ministerio-dos-transportes-quer-conceder-corredor-leste-oeste-com-fiol-1\/"},"wordCount":1263,"publisher":{"@id":"https:\/\/agenciainfra.com\/blog\/#organization"},"image":{"@id":"https:\/\/agenciainfra.com\/blog\/ministerio-dos-transportes-quer-conceder-corredor-leste-oeste-com-fiol-1\/#primaryimage"},"thumbnailUrl":"https:\/\/agenciainfra.com\/blog\/wp-content\/uploads\/2020\/10\/fiol-foto-govba-e1751454093104.jpeg","keywords":["Amanda Pupo","Bamin","Concess\u00e3o de Ferrovias","corredor ferrovi\u00e1rio","corredor leste-oeste","Dimmi Amora","Ferrovias","FIOL","Fiol 1","transporte ferrovi\u00e1rio"],"articleSection":["iNFRATransporte"],"inLanguage":"pt-BR","copyrightYear":"2025","copyrightHolder":{"@id":"https:\/\/agenciainfra.com\/blog\/#organization"}},{"@type":"WebPage","@id":"https:\/\/agenciainfra.com\/blog\/ministerio-dos-transportes-quer-conceder-corredor-leste-oeste-com-fiol-1\/","url":"https:\/\/agenciainfra.com\/blog\/ministerio-dos-transportes-quer-conceder-corredor-leste-oeste-com-fiol-1\/","name":"Minist\u00e9rio dos Transportes quer conceder Corredor Leste-Oeste com Fiol 1 - Ag\u00eancia iNFRA","isPartOf":{"@id":"https:\/\/agenciainfra.com\/blog\/#website"},"primaryImageOfPage":{"@id":"https:\/\/agenciainfra.com\/blog\/ministerio-dos-transportes-quer-conceder-corredor-leste-oeste-com-fiol-1\/#primaryimage"},"image":{"@id":"https:\/\/agenciainfra.com\/blog\/ministerio-dos-transportes-quer-conceder-corredor-leste-oeste-com-fiol-1\/#primaryimage"},"thumbnailUrl":"https:\/\/agenciainfra.com\/blog\/wp-content\/uploads\/2020\/10\/fiol-foto-govba-e1751454093104.jpeg","datePublished":"2025-10-16T11:00:00+00:00","dateModified":"2025-10-16T21:34:45+00:00","breadcrumb":{"@id":"https:\/\/agenciainfra.com\/blog\/ministerio-dos-transportes-quer-conceder-corredor-leste-oeste-com-fiol-1\/#breadcrumb"},"inLanguage":"pt-BR","potentialAction":[{"@type":"ReadAction","target":["https:\/\/agenciainfra.com\/blog\/ministerio-dos-transportes-quer-conceder-corredor-leste-oeste-com-fiol-1\/"]}]},{"@type":"ImageObject","inLanguage":"pt-BR","@id":"https:\/\/agenciainfra.com\/blog\/ministerio-dos-transportes-quer-conceder-corredor-leste-oeste-com-fiol-1\/#primaryimage","url":"https:\/\/agenciainfra.com\/blog\/wp-content\/uploads\/2020\/10\/fiol-foto-govba-e1751454093104.jpeg","contentUrl":"https:\/\/agenciainfra.com\/blog\/wp-content\/uploads\/2020\/10\/fiol-foto-govba-e1751454093104.jpeg","width":1280,"height":755,"caption":"Foto: El\u00f3i Correa\/Governo do Estado da Bahia"},{"@type":"BreadcrumbList","@id":"https:\/\/agenciainfra.com\/blog\/ministerio-dos-transportes-quer-conceder-corredor-leste-oeste-com-fiol-1\/#breadcrumb","itemListElement":[{"@type":"ListItem","position":1,"name":"In\u00edcio","item":"https:\/\/agenciainfra.com\/blog\/"},{"@type":"ListItem","position":2,"name":"Minist\u00e9rio dos Transportes quer conceder Corredor Leste-Oeste com Fiol 1"}]},{"@type":"WebSite","@id":"https:\/\/agenciainfra.com\/blog\/#website","url":"https:\/\/agenciainfra.com\/blog\/","name":"Ag\u00eancia iNFRA","description":"Multiplataforma de informa\u00e7\u00e3o jornal\u00edstica refer\u00eancia na \u00e1rea de infraestrutura no Brasil!","publisher":{"@id":"https:\/\/agenciainfra.com\/blog\/#organization"},"potentialAction":[{"@type":"SearchAction","target":{"@type":"EntryPoint","urlTemplate":"https:\/\/agenciainfra.com\/blog\/?s={search_term_string}"},"query-input":{"@type":"PropertyValueSpecification","valueRequired":true,"valueName":"search_term_string"}}],"inLanguage":"pt-BR"},{"@type":"Organization","@id":"https:\/\/agenciainfra.com\/blog\/#organization","name":"Ag\u00eancia iNFRA","url":"https:\/\/agenciainfra.com\/blog\/","logo":{"@type":"ImageObject","inLanguage":"pt-BR","@id":"https:\/\/agenciainfra.com\/blog\/#\/schema\/logo\/image\/","url":"https:\/\/agenciainfra.com\/blog\/wp-content\/uploads\/2023\/09\/iNFRA_5-e1761735885940.png","contentUrl":"https:\/\/agenciainfra.com\/blog\/wp-content\/uploads\/2023\/09\/iNFRA_5-e1761735885940.png","width":1672,"height":454,"caption":"Ag\u00eancia iNFRA"},"image":{"@id":"https:\/\/agenciainfra.com\/blog\/#\/schema\/logo\/image\/"},"sameAs":["https:\/\/www.facebook.com\/ageninfra","https:\/\/x.com\/agencia_infra","https:\/\/www.linkedin.com\/company\/ag\u00eanciainfra\/","https:\/\/www.instagram.com\/agenciainfra\/"]},{"@type":"Person","@id":"https:\/\/agenciainfra.com\/blog\/#\/schema\/person\/34af08dff6adea4cb22b06612ba7acfa","name":"Ag\u00eancia iNFRA","image":{"@type":"ImageObject","inLanguage":"pt-BR","@id":"https:\/\/agenciainfra.com\/blog\/#\/schema\/person\/image\/","url":"https:\/\/secure.gravatar.com\/avatar\/d189e01678f06d8eb84d4e01f08eb848b3fffe3f8443818d3c356c66892f5be8?s=96&d=mm&r=g","contentUrl":"https:\/\/secure.gravatar.com\/avatar\/d189e01678f06d8eb84d4e01f08eb848b3fffe3f8443818d3c356c66892f5be8?s=96&d=mm&r=g","caption":"Ag\u00eancia iNFRA"},"url":"https:\/\/agenciainfra.com\/blog\/author\/admin\/"}]}},"_links":{"self":[{"href":"https:\/\/agenciainfra.com\/blog\/wp-json\/wp\/v2\/posts\/29845","targetHints":{"allow":["GET"]}}],"collection":[{"href":"https:\/\/agenciainfra.com\/blog\/wp-json\/wp\/v2\/posts"}],"about":[{"href":"https:\/\/agenciainfra.com\/blog\/wp-json\/wp\/v2\/types\/post"}],"author":[{"embeddable":true,"href":"https:\/\/agenciainfra.com\/blog\/wp-json\/wp\/v2\/users\/1"}],"replies":[{"embeddable":true,"href":"https:\/\/agenciainfra.com\/blog\/wp-json\/wp\/v2\/comments?post=29845"}],"version-history":[{"count":1,"href":"https:\/\/agenciainfra.com\/blog\/wp-json\/wp\/v2\/posts\/29845\/revisions"}],"predecessor-version":[{"id":29846,"href":"https:\/\/agenciainfra.com\/blog\/wp-json\/wp\/v2\/posts\/29845\/revisions\/29846"}],"wp:featuredmedia":[{"embeddable":true,"href":"https:\/\/agenciainfra.com\/blog\/wp-json\/wp\/v2\/media\/6250"}],"wp:attachment":[{"href":"https:\/\/agenciainfra.com\/blog\/wp-json\/wp\/v2\/media?parent=29845"}],"wp:term":[{"taxonomy":"category","embeddable":true,"href":"https:\/\/agenciainfra.com\/blog\/wp-json\/wp\/v2\/categories?post=29845"},{"taxonomy":"post_tag","embeddable":true,"href":"https:\/\/agenciainfra.com\/blog\/wp-json\/wp\/v2\/tags?post=29845"}],"curies":[{"name":"wp","href":"https:\/\/api.w.org\/{rel}","templated":true}]}}